{"id":58178,"date":"2024-02-02T18:31:22","date_gmt":"2024-02-02T18:31:22","guid":{"rendered":"https:\/\/www.africa-press.net\/niger\/politique\/remise-de-514-motos-au-ministere-de-la-sante-publique-de-la-population-et-des-affaires-sociales-renforcement-des-capacites-operationnelles-pour-ameliorer-lacces-au-service-de-vaccination"},"modified":"2024-02-02T19:55:30","modified_gmt":"2024-02-02T19:55:30","slug":"remise-de-514-motos-au-ministere-de-la-sante-publique-de-la-population-et-des-affaires-sociales-renforcement-des-capacites-operationnelles-pour-ameliorer-lacces-au-service-de-vaccination","status":"publish","type":"post","link":"https:\/\/www.africa-press.net\/niger\/toutes-les-actualites\/remise-de-514-motos-au-ministere-de-la-sante-publique-de-la-population-et-des-affaires-sociales-renforcement-des-capacites-operationnelles-pour-ameliorer-lacces-au-service-de-vaccination","title":{"rendered":"Remise de 514 motos au Minist\u00e8re de la Sant\u00e9 Publique, de la Population et des Affaires Sociales : Renforcement des capacit\u00e9s op\u00e9rationnelles pour am\u00e9liorer l\u2019acc\u00e8s au service de vaccination"},"content":{"rendered":"<p><span style=\"color: #ff6600\"><strong>Africa-Press &#8211; Niger. <\/strong><\/span><b>Le Ministre de la Sante\u0301 Publique, de la Population et des Affaires Sociales, le me\u0301decin Colonel Major Garba Hakimi a re\u0301ceptionne\u0301 hier matin a\u0300 Niamey, un don de 514 motos dont 498 offerts par l\u2019UNICEF. La ce\u0301re\u0301monie s\u2019est de\u0301roule\u0301e en pre\u0301sence du repre\u0301sentant de l\u2019Organisation Mondiale de la Sante\u0301 (OMS), des cadres du Ministe\u0300re, ainsi que de plusieurs invite\u0301s.<\/b><\/p>\n<p>Ce mate\u0301riel roulant d\u2019une valeur de 662.432.856 FCFA s\u2019inscrit dans le cadre du renforcement du syste\u0300me de sante\u0301, particulie\u0300rement dans l\u2019ame\u0301lioration de l\u2019acce\u0300s au service de vaccination au Niger.<\/p>\n<p>En re\u0301ceptionnant cet appui, le Ministre de la Sante\u0301 Publique, de la Population et des Affaires Sociales a exprime\u0301 sa gratitude a\u0300 l\u2019ensemble des partenaires qui accompagnent les efforts du gouvernement pour le de\u0301veloppement socio-e\u0301conomique. \u00ab Cet important investissement s\u2019inscrit dans le cadre des multiples efforts consentis par le gouvernement afin d\u2019ame\u0301liorer la sante\u0301 de nos vaillantes populations \u00bb, a-t-il souligne\u0301.<\/p>\n<p>Par ailleurs, le Me\u0301decin Colonel Major Garba Hakimi a releve\u0301 qu\u2019avec cet appui, les capacite\u0301s logistiques du Programme e\u0301largi de vaccination (PEV) qui couvre l\u2019ensemble du territoire national sont ainsi renforce\u0301es avec potentiellement des be\u0301ne\u0301fices imme\u0301diats qui sont le rehaussement de la couverture vaccinale et la baisse de la morbidite\u0301 et de la mortalite\u0301 lie\u0301es aux maladies e\u0301vitables par la vaccination.<\/p>\n<p>Pour sa part, le repre\u0301sentant de l\u2019UNICEF, M. Aboubacry Tall a indique\u0301 que ces motos ne sont pas simplement des moyens de transport, ce sont des instruments de changement, des outils qui permettent d\u2019atteindre les coins les plus recule\u0301s de nos communaute\u0301s. \u00ab Nous les remettons avec l\u2019espoir qu\u2019elles contribueront a\u0300 renforcer notre syste\u0300me de sante\u0301 et a\u0300 offrir une protection essentielle a\u0300 nos enfants \u00bb, a-t-il explique\u0301.<\/p>\n<p>M. Aboubacry Tall a ajoute\u0301 que ces motos symbolisent l\u2019engagement de l\u2019UNICEF a\u0300 surmonter les barrie\u0300res et a\u0300 atteindre chaque enfant avec les services de vaccination dont il a besoin pour une vie saine. \u00ab C\u2019est pourquoi, nous recommandons vivement que ces ressources soient utilise\u0301es de manie\u0300re strate\u0301gique, en re\u0301pondant aux besoins urgents et en mettant l\u2019accent sur une couverture maximale la\u0300 ou\u0300 elle est le plus ne\u0301cessaire. Cela implique une planification minutieuse des itine\u0301raires, une coordination efficace entre les e\u0301quipes et une utilisation judicieuse des ressources pour garantir une porte\u0301e optimale \u00bb, a-t-il souligne\u0301.<\/p>\n<p>Notons que cette dotation en mate\u0301riel roulant de l\u2019Unicef concerne 498 centres de sante\u0301 inte\u0301gre\u0301s dans six (6) re\u0301gions du Niger, a\u0300 savoir Niamey, Agadez, Dosso, Maradi, Tahoua et Zinder.<\/p>\n<p><b>Yacine Hassane (ONEP)<\/b><\/p>\n<p><strong>Pour plus d&rsquo;informations et d&rsquo;analyses sur la <a href=\"https:\/\/www.africa-press.net\/niger\">Niger<\/a>, suivez <a href=\"https:\/\/www.africa-press.net\/\">Africa-Press<\/a><\/strong><\/p>\n","protected":false},"excerpt":{"rendered":"<p>Africa-Press &#8211; Niger. Le Ministre de la Sante\u0301 Publique, de la Population et des Affaires Sociales, le me\u0301decin Colonel Major Garba Hakimi a re\u0301ceptionne\u0301 hier matin a\u0300 Niamey, un don de 514 motos dont 498 offerts par l\u2019UNICEF. La ce\u0301re\u0301monie s\u2019est de\u0301roule\u0301e en pre\u0301sence du repre\u0301sentant de l\u2019Organisation Mondiale de la Sante\u0301 (OMS), des cadres [&hellip;]<\/p>\n","protected":false},"author":82,"featured_media":58177,"comment_status":"open","ping_status":"closed","sticky":false,"template":"","format":"standard","meta":{"footnotes":""},"categories":[21,10],"tags":[55,60,29],"class_list":["post-58178","post","type-post","status-publish","format-standard","has-post-thumbnail","hentry","category-communaute","category-toutes-les-actualites","tag-africa-press","tag-africa-press-niger","tag-niger"],"yoast_head":"<!-- This site is optimized with the Yoast SEO Premium plugin v26.1 (Yoast SEO v27.0) - https:\/\/yoast.com\/product\/yoast-seo-premium-wordpress\/ -->\n<title>Remise de 514 motos au Minist\u00e8re de la Sant\u00e9 Publique, de la Population et des Affaires Sociales : Renforcement des capacit\u00e9s op\u00e9rationnelles pour am\u00e9liorer l\u2019acc\u00e8s au service de vaccination - niger<\/title>\n<meta name=\"description\" content=\"Le Ministre de la Sante\u0301 Publique, de la Population et des Affaires Sociales, le me\u0301decin Colonel Major Garba Hakimi ...\" \/>\n<meta name=\"robots\" content=\"index, follow, max-snippet:-1, max-image-preview:large, max-video-preview:-1\" \/>\n<link rel=\"canonical\" href=\"https:\/\/www.africa-press.net\/niger\/toutes-les-actualites\/remise-de-514-motos-au-ministere-de-la-sante-publique-de-la-population-et-des-affaires-sociales-renforcement-des-capacites-operationnelles-pour-ameliorer-lacces-au-service-de-vaccination\" \/>\n<meta property=\"og:locale\" content=\"fr_FR\" \/>\n<meta property=\"og:type\" content=\"article\" \/>\n<meta property=\"og:title\" content=\"Remise de 514 motos au Minist\u00e8re de la Sant\u00e9 Publique, de la Population et des Affaires Sociales : Renforcement des capacit\u00e9s op\u00e9rationnelles pour am\u00e9liorer l\u2019acc\u00e8s au service de vaccination\" \/>\n<meta property=\"og:description\" content=\"Le Ministre de la Sante\u0301 Publique, de la Population et des Affaires Sociales, le me\u0301decin Colonel Major Garba Hakimi ...\" \/>\n<meta property=\"og:url\" content=\"https:\/\/www.africa-press.net\/niger\/toutes-les-actualites\/remise-de-514-motos-au-ministere-de-la-sante-publique-de-la-population-et-des-affaires-sociales-renforcement-des-capacites-operationnelles-pour-ameliorer-lacces-au-service-de-vaccination\" \/>\n<meta property=\"og:site_name\" content=\"niger\" \/>\n<meta property=\"article:published_time\" content=\"2024-02-02T18:31:22+00:00\" \/>\n<meta property=\"article:modified_time\" content=\"2024-02-02T19:55:30+00:00\" \/>\n<meta property=\"og:image\" content=\"https:\/\/static.africa-press.net\/niger\/sites\/40\/2024\/02\/sm_1706888110.511471.jpg\" \/>\n\t<meta property=\"og:image:width\" content=\"1024\" \/>\n\t<meta property=\"og:image:height\" content=\"683\" \/>\n\t<meta property=\"og:image:type\" content=\"image\/jpeg\" \/>\n<meta name=\"author\" content=\"cfeditorfr\" \/>\n<meta name=\"twitter:card\" content=\"summary_large_image\" \/>\n<meta name=\"twitter:label1\" content=\"\u00c9crit par\" \/>\n\t<meta name=\"twitter:data1\" content=\"cfeditorfr\" \/>\n\t<meta name=\"twitter:label2\" content=\"Dur\u00e9e de lecture estim\u00e9e\" \/>\n\t<meta name=\"twitter:data2\" content=\"2 minutes\" \/>\n<script type=\"application\/ld+json\" class=\"yoast-schema-graph\">{\"@context\":\"https:\/\/schema.org\",\"@graph\":[{\"@type\":\"Article\",\"@id\":\"https:\/\/www.africa-press.net\/niger\/toutes-les-actualites\/remise-de-514-motos-au-ministere-de-la-sante-publique-de-la-population-et-des-affaires-sociales-renforcement-des-capacites-operationnelles-pour-ameliorer-lacces-au-service-de-vaccination#article\",\"isPartOf\":{\"@id\":\"https:\/\/www.africa-press.net\/niger\/toutes-les-actualites\/remise-de-514-motos-au-ministere-de-la-sante-publique-de-la-population-et-des-affaires-sociales-renforcement-des-capacites-operationnelles-pour-ameliorer-lacces-au-service-de-vaccination\"},\"author\":{\"name\":\"cfeditorfr\",\"@id\":\"https:\/\/www.africa-press.net\/niger\/#\/schema\/person\/2b1cf3cd81a31e3cd26889ca66d677f1\"},\"headline\":\"Remise de 514 motos au Minist\u00e8re de la Sant\u00e9 Publique, de la Population et des Affaires Sociales : Renforcement des capacit\u00e9s op\u00e9rationnelles pour am\u00e9liorer l\u2019acc\u00e8s au service de vaccination\",\"datePublished\":\"2024-02-02T18:31:22+00:00\",\"dateModified\":\"2024-02-02T19:55:30+00:00\",\"mainEntityOfPage\":{\"@id\":\"https:\/\/www.africa-press.net\/niger\/toutes-les-actualites\/remise-de-514-motos-au-ministere-de-la-sante-publique-de-la-population-et-des-affaires-sociales-renforcement-des-capacites-operationnelles-pour-ameliorer-lacces-au-service-de-vaccination\"},\"wordCount\":509,\"commentCount\":0,\"image\":{\"@id\":\"https:\/\/www.africa-press.net\/niger\/toutes-les-actualites\/remise-de-514-motos-au-ministere-de-la-sante-publique-de-la-population-et-des-affaires-sociales-renforcement-des-capacites-operationnelles-pour-ameliorer-lacces-au-service-de-vaccination#primaryimage\"},\"thumbnailUrl\":\"https:\/\/static.africa-press.net\/niger\/sites\/40\/2024\/02\/sm_1706888110.511471.jpg\",\"keywords\":[\"Africa Press\",\"Africa Press-Niger\",\"Niger\"],\"articleSection\":[\"Communaut\u00e9\",\"Toutes les actualit\u00e9s\"],\"inLanguage\":\"fr-FR\",\"potentialAction\":[{\"@type\":\"CommentAction\",\"name\":\"Comment\",\"target\":[\"https:\/\/www.africa-press.net\/niger\/toutes-les-actualites\/remise-de-514-motos-au-ministere-de-la-sante-publique-de-la-population-et-des-affaires-sociales-renforcement-des-capacites-operationnelles-pour-ameliorer-lacces-au-service-de-vaccination#respond\"]}]},{\"@type\":\"WebPage\",\"@id\":\"https:\/\/www.africa-press.net\/niger\/toutes-les-actualites\/remise-de-514-motos-au-ministere-de-la-sante-publique-de-la-population-et-des-affaires-sociales-renforcement-des-capacites-operationnelles-pour-ameliorer-lacces-au-service-de-vaccination\",\"url\":\"https:\/\/www.africa-press.net\/niger\/toutes-les-actualites\/remise-de-514-motos-au-ministere-de-la-sante-publique-de-la-population-et-des-affaires-sociales-renforcement-des-capacites-operationnelles-pour-ameliorer-lacces-au-service-de-vaccination\",\"name\":\"Remise de 514 motos au Minist\u00e8re de la Sant\u00e9 Publique, de la Population et des Affaires Sociales : Renforcement des capacit\u00e9s op\u00e9rationnelles pour am\u00e9liorer l\u2019acc\u00e8s au service de vaccination - niger\",\"isPartOf\":{\"@id\":\"https:\/\/www.africa-press.net\/niger\/#website\"},\"primaryImageOfPage\":{\"@id\":\"https:\/\/www.africa-press.net\/niger\/toutes-les-actualites\/remise-de-514-motos-au-ministere-de-la-sante-publique-de-la-population-et-des-affaires-sociales-renforcement-des-capacites-operationnelles-pour-ameliorer-lacces-au-service-de-vaccination#primaryimage\"},\"image\":{\"@id\":\"https:\/\/www.africa-press.net\/niger\/toutes-les-actualites\/remise-de-514-motos-au-ministere-de-la-sante-publique-de-la-population-et-des-affaires-sociales-renforcement-des-capacites-operationnelles-pour-ameliorer-lacces-au-service-de-vaccination#primaryimage\"},\"thumbnailUrl\":\"https:\/\/static.africa-press.net\/niger\/sites\/40\/2024\/02\/sm_1706888110.511471.jpg\",\"datePublished\":\"2024-02-02T18:31:22+00:00\",\"dateModified\":\"2024-02-02T19:55:30+00:00\",\"author\":{\"@id\":\"https:\/\/www.africa-press.net\/niger\/#\/schema\/person\/2b1cf3cd81a31e3cd26889ca66d677f1\"},\"description\":\"Le Ministre de la Sante\u0301 Publique, de la Population et des Affaires Sociales, le me\u0301decin Colonel Major Garba Hakimi ...\",\"breadcrumb\":{\"@id\":\"https:\/\/www.africa-press.net\/niger\/toutes-les-actualites\/remise-de-514-motos-au-ministere-de-la-sante-publique-de-la-population-et-des-affaires-sociales-renforcement-des-capacites-operationnelles-pour-ameliorer-lacces-au-service-de-vaccination#breadcrumb\"},\"inLanguage\":\"fr-FR\",\"potentialAction\":[{\"@type\":\"ReadAction\",\"target\":[\"https:\/\/www.africa-press.net\/niger\/toutes-les-actualites\/remise-de-514-motos-au-ministere-de-la-sante-publique-de-la-population-et-des-affaires-sociales-renforcement-des-capacites-operationnelles-pour-ameliorer-lacces-au-service-de-vaccination\"]}]},{\"@type\":\"ImageObject\",\"inLanguage\":\"fr-FR\",\"@id\":\"https:\/\/www.africa-press.net\/niger\/toutes-les-actualites\/remise-de-514-motos-au-ministere-de-la-sante-publique-de-la-population-et-des-affaires-sociales-renforcement-des-capacites-operationnelles-pour-ameliorer-lacces-au-service-de-vaccination#primaryimage\",\"url\":\"https:\/\/static.africa-press.net\/niger\/sites\/40\/2024\/02\/sm_1706888110.511471.jpg\",\"contentUrl\":\"https:\/\/static.africa-press.net\/niger\/sites\/40\/2024\/02\/sm_1706888110.511471.jpg\",\"width\":1024,\"height\":683,\"caption\":\"Remise de 514 motos au Minist\u00e8re de la Sant\u00e9 Publique, de la Population et des Affaires Sociales : Renforcement des capacit\u00e9s op\u00e9rationnelles pour am\u00e9liorer l\u2019acc\u00e8s au service de vaccination\"},{\"@type\":\"BreadcrumbList\",\"@id\":\"https:\/\/www.africa-press.net\/niger\/toutes-les-actualites\/remise-de-514-motos-au-ministere-de-la-sante-publique-de-la-population-et-des-affaires-sociales-renforcement-des-capacites-operationnelles-pour-ameliorer-lacces-au-service-de-vaccination#breadcrumb\",\"itemListElement\":[{\"@type\":\"ListItem\",\"position\":1,\"name\":\"Accueil\",\"item\":\"https:\/\/www.africa-press.net\/niger\/\"},{\"@type\":\"ListItem\",\"position\":2,\"name\":\"Remise de 514 motos au Minist\u00e8re de la Sant\u00e9 Publique, de la Population et des Affaires Sociales : Renforcement des capacit\u00e9s op\u00e9rationnelles pour am\u00e9liorer l\u2019acc\u00e8s au service de vaccination\"}]},{\"@type\":\"WebSite\",\"@id\":\"https:\/\/www.africa-press.net\/niger\/#website\",\"url\":\"https:\/\/www.africa-press.net\/niger\/\",\"name\":\"niger\",\"description\":\"Just another Africa News Agency Sites site\",\"potentialAction\":[{\"@type\":\"SearchAction\",\"target\":{\"@type\":\"EntryPoint\",\"urlTemplate\":\"https:\/\/www.africa-press.net\/niger\/?s={search_term_string}\"},\"query-input\":{\"@type\":\"PropertyValueSpecification\",\"valueRequired\":true,\"valueName\":\"search_term_string\"}}],\"inLanguage\":\"fr-FR\"},{\"@type\":\"Person\",\"@id\":\"https:\/\/www.africa-press.net\/niger\/#\/schema\/person\/2b1cf3cd81a31e3cd26889ca66d677f1\",\"name\":\"cfeditorfr\"}]}<\/script>\n<!-- \/ Yoast SEO Premium plugin. -->","yoast_head_json":{"title":"Remise de 514 motos au Minist\u00e8re de la Sant\u00e9 Publique, de la Population et des Affaires Sociales : Renforcement des capacit\u00e9s op\u00e9rationnelles pour am\u00e9liorer l\u2019acc\u00e8s au service de vaccination - niger","description":"Le Ministre de la Sante\u0301 Publique, de la Population et des Affaires Sociales, le me\u0301decin Colonel Major Garba Hakimi ...","robots":{"index":"index","follow":"follow","max-snippet":"max-snippet:-1","max-image-preview":"max-image-preview:large","max-video-preview":"max-video-preview:-1"},"canonical":"https:\/\/www.africa-press.net\/niger\/toutes-les-actualites\/remise-de-514-motos-au-ministere-de-la-sante-publique-de-la-population-et-des-affaires-sociales-renforcement-des-capacites-operationnelles-pour-ameliorer-lacces-au-service-de-vaccination","og_locale":"fr_FR","og_type":"article","og_title":"Remise de 514 motos au Minist\u00e8re de la Sant\u00e9 Publique, de la Population et des Affaires Sociales : Renforcement des capacit\u00e9s op\u00e9rationnelles pour am\u00e9liorer l\u2019acc\u00e8s au service de vaccination","og_description":"Le Ministre de la Sante\u0301 Publique, de la Population et des Affaires Sociales, le me\u0301decin Colonel Major Garba Hakimi ...","og_url":"https:\/\/www.africa-press.net\/niger\/toutes-les-actualites\/remise-de-514-motos-au-ministere-de-la-sante-publique-de-la-population-et-des-affaires-sociales-renforcement-des-capacites-operationnelles-pour-ameliorer-lacces-au-service-de-vaccination","og_site_name":"niger","article_published_time":"2024-02-02T18:31:22+00:00","article_modified_time":"2024-02-02T19:55:30+00:00","og_image":[{"width":1024,"height":683,"url":"https:\/\/static.africa-press.net\/niger\/sites\/40\/2024\/02\/sm_1706888110.511471.jpg","type":"image\/jpeg"}],"author":"cfeditorfr","twitter_card":"summary_large_image","twitter_misc":{"\u00c9crit par":"cfeditorfr","Dur\u00e9e de lecture estim\u00e9e":"2 minutes"},"schema":{"@context":"https:\/\/schema.org","@graph":[{"@type":"Article","@id":"https:\/\/www.africa-press.net\/niger\/toutes-les-actualites\/remise-de-514-motos-au-ministere-de-la-sante-publique-de-la-population-et-des-affaires-sociales-renforcement-des-capacites-operationnelles-pour-ameliorer-lacces-au-service-de-vaccination#article","isPartOf":{"@id":"https:\/\/www.africa-press.net\/niger\/toutes-les-actualites\/remise-de-514-motos-au-ministere-de-la-sante-publique-de-la-population-et-des-affaires-sociales-renforcement-des-capacites-operationnelles-pour-ameliorer-lacces-au-service-de-vaccination"},"author":{"name":"cfeditorfr","@id":"https:\/\/www.africa-press.net\/niger\/#\/schema\/person\/2b1cf3cd81a31e3cd26889ca66d677f1"},"headline":"Remise de 514 motos au Minist\u00e8re de la Sant\u00e9 Publique, de la Population et des Affaires Sociales : Renforcement des capacit\u00e9s op\u00e9rationnelles pour am\u00e9liorer l\u2019acc\u00e8s au service de vaccination","datePublished":"2024-02-02T18:31:22+00:00","dateModified":"2024-02-02T19:55:30+00:00","mainEntityOfPage":{"@id":"https:\/\/www.africa-press.net\/niger\/toutes-les-actualites\/remise-de-514-motos-au-ministere-de-la-sante-publique-de-la-population-et-des-affaires-sociales-renforcement-des-capacites-operationnelles-pour-ameliorer-lacces-au-service-de-vaccination"},"wordCount":509,"commentCount":0,"image":{"@id":"https:\/\/www.africa-press.net\/niger\/toutes-les-actualites\/remise-de-514-motos-au-ministere-de-la-sante-publique-de-la-population-et-des-affaires-sociales-renforcement-des-capacites-operationnelles-pour-ameliorer-lacces-au-service-de-vaccination#primaryimage"},"thumbnailUrl":"https:\/\/static.africa-press.net\/niger\/sites\/40\/2024\/02\/sm_1706888110.511471.jpg","keywords":["Africa Press","Africa Press-Niger","Niger"],"articleSection":["Communaut\u00e9","Toutes les actualit\u00e9s"],"inLanguage":"fr-FR","potentialAction":[{"@type":"CommentAction","name":"Comment","target":["https:\/\/www.africa-press.net\/niger\/toutes-les-actualites\/remise-de-514-motos-au-ministere-de-la-sante-publique-de-la-population-et-des-affaires-sociales-renforcement-des-capacites-operationnelles-pour-ameliorer-lacces-au-service-de-vaccination#respond"]}]},{"@type":"WebPage","@id":"https:\/\/www.africa-press.net\/niger\/toutes-les-actualites\/remise-de-514-motos-au-ministere-de-la-sante-publique-de-la-population-et-des-affaires-sociales-renforcement-des-capacites-operationnelles-pour-ameliorer-lacces-au-service-de-vaccination","url":"https:\/\/www.africa-press.net\/niger\/toutes-les-actualites\/remise-de-514-motos-au-ministere-de-la-sante-publique-de-la-population-et-des-affaires-sociales-renforcement-des-capacites-operationnelles-pour-ameliorer-lacces-au-service-de-vaccination","name":"Remise de 514 motos au Minist\u00e8re de la Sant\u00e9 Publique, de la Population et des Affaires Sociales : Renforcement des capacit\u00e9s op\u00e9rationnelles pour am\u00e9liorer l\u2019acc\u00e8s au service de vaccination - niger","isPartOf":{"@id":"https:\/\/www.africa-press.net\/niger\/#website"},"primaryImageOfPage":{"@id":"https:\/\/www.africa-press.net\/niger\/toutes-les-actualites\/remise-de-514-motos-au-ministere-de-la-sante-publique-de-la-population-et-des-affaires-sociales-renforcement-des-capacites-operationnelles-pour-ameliorer-lacces-au-service-de-vaccination#primaryimage"},"image":{"@id":"https:\/\/www.africa-press.net\/niger\/toutes-les-actualites\/remise-de-514-motos-au-ministere-de-la-sante-publique-de-la-population-et-des-affaires-sociales-renforcement-des-capacites-operationnelles-pour-ameliorer-lacces-au-service-de-vaccination#primaryimage"},"thumbnailUrl":"https:\/\/static.africa-press.net\/niger\/sites\/40\/2024\/02\/sm_1706888110.511471.jpg","datePublished":"2024-02-02T18:31:22+00:00","dateModified":"2024-02-02T19:55:30+00:00","author":{"@id":"https:\/\/www.africa-press.net\/niger\/#\/schema\/person\/2b1cf3cd81a31e3cd26889ca66d677f1"},"description":"Le Ministre de la Sante\u0301 Publique, de la Population et des Affaires Sociales, le me\u0301decin Colonel Major Garba Hakimi ...","breadcrumb":{"@id":"https:\/\/www.africa-press.net\/niger\/toutes-les-actualites\/remise-de-514-motos-au-ministere-de-la-sante-publique-de-la-population-et-des-affaires-sociales-renforcement-des-capacites-operationnelles-pour-ameliorer-lacces-au-service-de-vaccination#breadcrumb"},"inLanguage":"fr-FR","potentialAction":[{"@type":"ReadAction","target":["https:\/\/www.africa-press.net\/niger\/toutes-les-actualites\/remise-de-514-motos-au-ministere-de-la-sante-publique-de-la-population-et-des-affaires-sociales-renforcement-des-capacites-operationnelles-pour-ameliorer-lacces-au-service-de-vaccination"]}]},{"@type":"ImageObject","inLanguage":"fr-FR","@id":"https:\/\/www.africa-press.net\/niger\/toutes-les-actualites\/remise-de-514-motos-au-ministere-de-la-sante-publique-de-la-population-et-des-affaires-sociales-renforcement-des-capacites-operationnelles-pour-ameliorer-lacces-au-service-de-vaccination#primaryimage","url":"https:\/\/static.africa-press.net\/niger\/sites\/40\/2024\/02\/sm_1706888110.511471.jpg","contentUrl":"https:\/\/static.africa-press.net\/niger\/sites\/40\/2024\/02\/sm_1706888110.511471.jpg","width":1024,"height":683,"caption":"Remise de 514 motos au Minist\u00e8re de la Sant\u00e9 Publique, de la Population et des Affaires Sociales : Renforcement des capacit\u00e9s op\u00e9rationnelles pour am\u00e9liorer l\u2019acc\u00e8s au service de vaccination"},{"@type":"BreadcrumbList","@id":"https:\/\/www.africa-press.net\/niger\/toutes-les-actualites\/remise-de-514-motos-au-ministere-de-la-sante-publique-de-la-population-et-des-affaires-sociales-renforcement-des-capacites-operationnelles-pour-ameliorer-lacces-au-service-de-vaccination#breadcrumb","itemListElement":[{"@type":"ListItem","position":1,"name":"Accueil","item":"https:\/\/www.africa-press.net\/niger\/"},{"@type":"ListItem","position":2,"name":"Remise de 514 motos au Minist\u00e8re de la Sant\u00e9 Publique, de la Population et des Affaires Sociales : Renforcement des capacit\u00e9s op\u00e9rationnelles pour am\u00e9liorer l\u2019acc\u00e8s au service de vaccination"}]},{"@type":"WebSite","@id":"https:\/\/www.africa-press.net\/niger\/#website","url":"https:\/\/www.africa-press.net\/niger\/","name":"niger","description":"Just another Africa News Agency Sites site","potentialAction":[{"@type":"SearchAction","target":{"@type":"EntryPoint","urlTemplate":"https:\/\/www.africa-press.net\/niger\/?s={search_term_string}"},"query-input":{"@type":"PropertyValueSpecification","valueRequired":true,"valueName":"search_term_string"}}],"inLanguage":"fr-FR"},{"@type":"Person","@id":"https:\/\/www.africa-press.net\/niger\/#\/schema\/person\/2b1cf3cd81a31e3cd26889ca66d677f1","name":"cfeditorfr"}]}},"_links":{"self":[{"href":"https:\/\/www.africa-press.net\/niger\/wp-json\/wp\/v2\/posts\/58178","targetHints":{"allow":["GET"]}}],"collection":[{"href":"https:\/\/www.africa-press.net\/niger\/wp-json\/wp\/v2\/posts"}],"about":[{"href":"https:\/\/www.africa-press.net\/niger\/wp-json\/wp\/v2\/types\/post"}],"author":[{"embeddable":true,"href":"https:\/\/www.africa-press.net\/niger\/wp-json\/wp\/v2\/users\/82"}],"replies":[{"embeddable":true,"href":"https:\/\/www.africa-press.net\/niger\/wp-json\/wp\/v2\/comments?post=58178"}],"version-history":[{"count":0,"href":"https:\/\/www.africa-press.net\/niger\/wp-json\/wp\/v2\/posts\/58178\/revisions"}],"wp:featuredmedia":[{"embeddable":true,"href":"https:\/\/www.africa-press.net\/niger\/wp-json\/wp\/v2\/media\/58177"}],"wp:attachment":[{"href":"https:\/\/www.africa-press.net\/niger\/wp-json\/wp\/v2\/media?parent=58178"}],"wp:term":[{"taxonomy":"category","embeddable":true,"href":"https:\/\/www.africa-press.net\/niger\/wp-json\/wp\/v2\/categories?post=58178"},{"taxonomy":"post_tag","embeddable":true,"href":"https:\/\/www.africa-press.net\/niger\/wp-json\/wp\/v2\/tags?post=58178"}],"curies":[{"name":"wp","href":"https:\/\/api.w.org\/{rel}","templated":true}]}}