{"id":58180,"date":"2024-02-02T18:31:52","date_gmt":"2024-02-02T18:31:52","guid":{"rendered":"https:\/\/www.africa-press.net\/niger\/politique\/sante-le-gouverneur-de-niamey-satisfait-de-letat-des-ambulances-receptionnees"},"modified":"2024-02-02T19:55:45","modified_gmt":"2024-02-02T19:55:45","slug":"sante-le-gouverneur-de-niamey-satisfait-de-letat-des-ambulances-receptionnees","status":"publish","type":"post","link":"https:\/\/www.africa-press.net\/niger\/toutes-les-actualites\/sante-le-gouverneur-de-niamey-satisfait-de-letat-des-ambulances-receptionnees","title":{"rendered":"Sant\u00e9 : Le Gouverneur de Niamey satisfait de l\u2019\u00e9tat des ambulances r\u00e9ceptionn\u00e9es"},"content":{"rendered":"<p><span style=\"color: #ff6600\"><strong>Africa-Press &#8211; Niger. <\/strong><\/span><b>Le Gouverneur de la re\u0301gion de Niamey, le Ge\u0301ne\u0301ral de Brigade Assoumane Abdou Harouna a proce\u0301de\u0301, hier mercredi 31 janvier 2024, a\u0300 la ve\u0301rification de l\u2019e\u0301tat des cinq ambulances mises a\u0300 la disposition de la re\u0301gion de Niamey depuis le 22 de\u0301cembre 2023. Il s\u2019agit de s\u2019enque\u0301rir du fonctionnement des ambulances, des pre\u0301occupations des chauffeurs, et de leur prodiguer des conseils d\u2019usage. La ce\u0301re\u0301monie qui s\u2019est de\u0301roule\u0301e dans l\u2019enceinte du Gouvernorat, a enregistre\u0301 la participation du Vice-pre\u0301sident du Conseil municipal de la Ville de Niamey, des maires d\u2019arrondissements communaux de Niamey et des cadres du Ministe\u0300re de la Sante\u0301.<\/b><\/p>\n<p>La Ville de Niamey a e\u0301te\u0301 dote\u0301e de cinq nouvelles ambulances qui sont au niveau de plusieurs structures de sante\u0301 depuis le 22 de\u0301cembre 2023 afin de renforcer les capacite\u0301s du syste\u0300me de sante\u0301. Acquises sur fonds propres de l\u2019Etat, ces ambulances ont e\u0301te\u0301 re\u0301parties dans cinq structures a\u0300 savoir le Centre Hospitalier Re\u0301gional (CHR), le Centre National de Lutte contre le Cancer (CNLC), le district sanitaire Niamey I, le district sanitaire Niamey III et le district sanitaire Niamey V. Ces ambulances sont fonctionnelles depuis quarante (40) jours.<\/p>\n<p>Le gouverneur de la re\u0301gion de Niamey s\u2019est rendu sur les lieux pour ve\u0301rifier l\u2019e\u0301tat de leur fonctionnement. \u00ab Il est important de ve\u0301rifier l\u2019e\u0301tat de ces ambulances afin de savoir comment les utilisateurs en prennent soin. Il est important de savoir si aujourd\u2019hui, chaque ambulance de\u0301marre, si les caisses sont en bon e\u0301tat, si le mate\u0301riel ne\u0301cessaire a\u0300 leur entretien est disponible, et de connaitre l\u2019avis des chauffeurs sur leur utilisation quotidienne \u00bb, a-t-il pre\u0301cise\u0301.<\/p>\n<p>A\u0300 cet effet, le Ge\u0301ne\u0301ral de Brigade Assoumane Abdou Harouna a rassure\u0301 la Directrice Re\u0301gionale de la Sante\u0301 Publique, de la Population et des Affaires Sociales, Dr Alambeye Aminatou, que toutes les dispositions seront prises pour re\u0301soudre les proble\u0300mes rencontre\u0301s avant de prodiguer des conseils d\u2019usage aux me\u0301decins, aux maires et aux utilisateurs. \u00ab Les ambulances sont dans leur e\u0301tat initial. Il faut toujours laisser le moteur se refroidir et assurez-vous que le carburant soit suffisant. L\u2019entretien de ces ve\u0301hicules est la cle\u0301 pour garantir leur utilisation a\u0300 long terme. Prenez-en soin comme si c\u2019e\u0301tait les vo\u0302tres \u00bb, a-t-il ajoute\u0301.<\/p>\n<p>Pour sa part, la Directrice Re\u0301gionale de la Sante\u0301 Publique, de la Population et des Affaires Sociales a souligne\u0301 l\u2019importance de ces ambulances pour les populations de la pe\u0301riphe\u0301rie avant de rassurer que ces dernie\u0300res seront utilise\u0301es aux fins pre\u0301de\u0301finies. \u00ab Nous remercions le gouvernement et nous veillerons a\u0300 l\u2019entretien et l\u2019utilisation efficace et efficiente de ces ve\u0301hicules \u00bb, a conclu Dr Alambeye Aminatou.<\/p>\n<p><b>Massaouda Abdou Ibrahim (ONEP)<\/b><\/p>\n<p><strong>Pour plus d&rsquo;informations et d&rsquo;analyses sur la <a href=\"https:\/\/www.africa-press.net\/niger\">Niger<\/a>, suivez <a href=\"https:\/\/www.africa-press.net\/\">Africa-Press<\/a><\/strong><\/p>\n","protected":false},"excerpt":{"rendered":"<p>Africa-Press &#8211; Niger. Le Gouverneur de la re\u0301gion de Niamey, le Ge\u0301ne\u0301ral de Brigade Assoumane Abdou Harouna a proce\u0301de\u0301, hier mercredi 31 janvier 2024, a\u0300 la ve\u0301rification de l\u2019e\u0301tat des cinq ambulances mises a\u0300 la disposition de la re\u0301gion de Niamey depuis le 22 de\u0301cembre 2023. Il s\u2019agit de s\u2019enque\u0301rir du fonctionnement des ambulances, des [&hellip;]<\/p>\n","protected":false},"author":82,"featured_media":58179,"comment_status":"open","ping_status":"closed","sticky":false,"template":"","format":"standard","meta":{"footnotes":""},"categories":[21,10],"tags":[55,60,29],"class_list":["post-58180","post","type-post","status-publish","format-standard","has-post-thumbnail","hentry","category-communaute","category-toutes-les-actualites","tag-africa-press","tag-africa-press-niger","tag-niger"],"yoast_head":"<!-- This site is optimized with the Yoast SEO Premium plugin v26.1 (Yoast SEO v27.0) - https:\/\/yoast.com\/product\/yoast-seo-premium-wordpress\/ -->\n<title>Sant\u00e9 : Le Gouverneur de Niamey satisfait de l\u2019\u00e9tat des ambulances r\u00e9ceptionn\u00e9es - niger<\/title>\n<meta name=\"description\" content=\"Le Gouverneur de la re\u0301gion de Niamey, le Ge\u0301ne\u0301ral de Brigade Assoumane Abdou Harouna a proce\u0301de\u0301, hier mercredi 31 ...\" \/>\n<meta name=\"robots\" content=\"index, follow, max-snippet:-1, max-image-preview:large, max-video-preview:-1\" \/>\n<link rel=\"canonical\" href=\"https:\/\/www.africa-press.net\/niger\/toutes-les-actualites\/sante-le-gouverneur-de-niamey-satisfait-de-letat-des-ambulances-receptionnees\" \/>\n<meta property=\"og:locale\" content=\"fr_FR\" \/>\n<meta property=\"og:type\" content=\"article\" \/>\n<meta property=\"og:title\" content=\"Sant\u00e9 : Le Gouverneur de Niamey satisfait de l\u2019\u00e9tat des ambulances r\u00e9ceptionn\u00e9es\" \/>\n<meta property=\"og:description\" content=\"Le Gouverneur de la re\u0301gion de Niamey, le Ge\u0301ne\u0301ral de Brigade Assoumane Abdou Harouna a proce\u0301de\u0301, hier mercredi 31 ...\" \/>\n<meta property=\"og:url\" content=\"https:\/\/www.africa-press.net\/niger\/toutes-les-actualites\/sante-le-gouverneur-de-niamey-satisfait-de-letat-des-ambulances-receptionnees\" \/>\n<meta property=\"og:site_name\" content=\"niger\" \/>\n<meta property=\"article:published_time\" content=\"2024-02-02T18:31:52+00:00\" \/>\n<meta property=\"article:modified_time\" content=\"2024-02-02T19:55:45+00:00\" \/>\n<meta property=\"og:image\" content=\"https:\/\/static.africa-press.net\/niger\/sites\/40\/2024\/02\/sm_1706888132.206959.jpg\" \/>\n\t<meta property=\"og:image:width\" content=\"800\" \/>\n\t<meta property=\"og:image:height\" content=\"533\" \/>\n\t<meta property=\"og:image:type\" content=\"image\/jpeg\" \/>\n<meta name=\"author\" content=\"cfeditorfr\" \/>\n<meta name=\"twitter:card\" content=\"summary_large_image\" \/>\n<meta name=\"twitter:label1\" content=\"\u00c9crit par\" \/>\n\t<meta name=\"twitter:data1\" content=\"cfeditorfr\" \/>\n\t<meta name=\"twitter:label2\" content=\"Dur\u00e9e de lecture estim\u00e9e\" \/>\n\t<meta name=\"twitter:data2\" content=\"3 minutes\" \/>\n<script type=\"application\/ld+json\" class=\"yoast-schema-graph\">{\"@context\":\"https:\/\/schema.org\",\"@graph\":[{\"@type\":\"Article\",\"@id\":\"https:\/\/www.africa-press.net\/niger\/toutes-les-actualites\/sante-le-gouverneur-de-niamey-satisfait-de-letat-des-ambulances-receptionnees#article\",\"isPartOf\":{\"@id\":\"https:\/\/www.africa-press.net\/niger\/toutes-les-actualites\/sante-le-gouverneur-de-niamey-satisfait-de-letat-des-ambulances-receptionnees\"},\"author\":{\"name\":\"cfeditorfr\",\"@id\":\"https:\/\/www.africa-press.net\/niger\/#\/schema\/person\/2b1cf3cd81a31e3cd26889ca66d677f1\"},\"headline\":\"Sant\u00e9 : Le Gouverneur de Niamey satisfait de l\u2019\u00e9tat des ambulances r\u00e9ceptionn\u00e9es\",\"datePublished\":\"2024-02-02T18:31:52+00:00\",\"dateModified\":\"2024-02-02T19:55:45+00:00\",\"mainEntityOfPage\":{\"@id\":\"https:\/\/www.africa-press.net\/niger\/toutes-les-actualites\/sante-le-gouverneur-de-niamey-satisfait-de-letat-des-ambulances-receptionnees\"},\"wordCount\":519,\"commentCount\":0,\"image\":{\"@id\":\"https:\/\/www.africa-press.net\/niger\/toutes-les-actualites\/sante-le-gouverneur-de-niamey-satisfait-de-letat-des-ambulances-receptionnees#primaryimage\"},\"thumbnailUrl\":\"https:\/\/static.africa-press.net\/niger\/sites\/40\/2024\/02\/sm_1706888132.206959.jpg\",\"keywords\":[\"Africa Press\",\"Africa Press-Niger\",\"Niger\"],\"articleSection\":[\"Communaut\u00e9\",\"Toutes les actualit\u00e9s\"],\"inLanguage\":\"fr-FR\",\"potentialAction\":[{\"@type\":\"CommentAction\",\"name\":\"Comment\",\"target\":[\"https:\/\/www.africa-press.net\/niger\/toutes-les-actualites\/sante-le-gouverneur-de-niamey-satisfait-de-letat-des-ambulances-receptionnees#respond\"]}]},{\"@type\":\"WebPage\",\"@id\":\"https:\/\/www.africa-press.net\/niger\/toutes-les-actualites\/sante-le-gouverneur-de-niamey-satisfait-de-letat-des-ambulances-receptionnees\",\"url\":\"https:\/\/www.africa-press.net\/niger\/toutes-les-actualites\/sante-le-gouverneur-de-niamey-satisfait-de-letat-des-ambulances-receptionnees\",\"name\":\"Sant\u00e9 : Le Gouverneur de Niamey satisfait de l\u2019\u00e9tat des ambulances r\u00e9ceptionn\u00e9es - niger\",\"isPartOf\":{\"@id\":\"https:\/\/www.africa-press.net\/niger\/#website\"},\"primaryImageOfPage\":{\"@id\":\"https:\/\/www.africa-press.net\/niger\/toutes-les-actualites\/sante-le-gouverneur-de-niamey-satisfait-de-letat-des-ambulances-receptionnees#primaryimage\"},\"image\":{\"@id\":\"https:\/\/www.africa-press.net\/niger\/toutes-les-actualites\/sante-le-gouverneur-de-niamey-satisfait-de-letat-des-ambulances-receptionnees#primaryimage\"},\"thumbnailUrl\":\"https:\/\/static.africa-press.net\/niger\/sites\/40\/2024\/02\/sm_1706888132.206959.jpg\",\"datePublished\":\"2024-02-02T18:31:52+00:00\",\"dateModified\":\"2024-02-02T19:55:45+00:00\",\"author\":{\"@id\":\"https:\/\/www.africa-press.net\/niger\/#\/schema\/person\/2b1cf3cd81a31e3cd26889ca66d677f1\"},\"description\":\"Le Gouverneur de la re\u0301gion de Niamey, le Ge\u0301ne\u0301ral de Brigade Assoumane Abdou Harouna a proce\u0301de\u0301, hier mercredi 31 ...\",\"breadcrumb\":{\"@id\":\"https:\/\/www.africa-press.net\/niger\/toutes-les-actualites\/sante-le-gouverneur-de-niamey-satisfait-de-letat-des-ambulances-receptionnees#breadcrumb\"},\"inLanguage\":\"fr-FR\",\"potentialAction\":[{\"@type\":\"ReadAction\",\"target\":[\"https:\/\/www.africa-press.net\/niger\/toutes-les-actualites\/sante-le-gouverneur-de-niamey-satisfait-de-letat-des-ambulances-receptionnees\"]}]},{\"@type\":\"ImageObject\",\"inLanguage\":\"fr-FR\",\"@id\":\"https:\/\/www.africa-press.net\/niger\/toutes-les-actualites\/sante-le-gouverneur-de-niamey-satisfait-de-letat-des-ambulances-receptionnees#primaryimage\",\"url\":\"https:\/\/static.africa-press.net\/niger\/sites\/40\/2024\/02\/sm_1706888132.206959.jpg\",\"contentUrl\":\"https:\/\/static.africa-press.net\/niger\/sites\/40\/2024\/02\/sm_1706888132.206959.jpg\",\"width\":800,\"height\":533,\"caption\":\"Sant\u00e9 : Le Gouverneur de Niamey satisfait de l\u2019\u00e9tat des ambulances r\u00e9ceptionn\u00e9es\"},{\"@type\":\"BreadcrumbList\",\"@id\":\"https:\/\/www.africa-press.net\/niger\/toutes-les-actualites\/sante-le-gouverneur-de-niamey-satisfait-de-letat-des-ambulances-receptionnees#breadcrumb\",\"itemListElement\":[{\"@type\":\"ListItem\",\"position\":1,\"name\":\"Accueil\",\"item\":\"https:\/\/www.africa-press.net\/niger\/\"},{\"@type\":\"ListItem\",\"position\":2,\"name\":\"Sant\u00e9 : Le Gouverneur de Niamey satisfait de l\u2019\u00e9tat des ambulances r\u00e9ceptionn\u00e9es\"}]},{\"@type\":\"WebSite\",\"@id\":\"https:\/\/www.africa-press.net\/niger\/#website\",\"url\":\"https:\/\/www.africa-press.net\/niger\/\",\"name\":\"niger\",\"description\":\"Just another Africa News Agency Sites site\",\"potentialAction\":[{\"@type\":\"SearchAction\",\"target\":{\"@type\":\"EntryPoint\",\"urlTemplate\":\"https:\/\/www.africa-press.net\/niger\/?s={search_term_string}\"},\"query-input\":{\"@type\":\"PropertyValueSpecification\",\"valueRequired\":true,\"valueName\":\"search_term_string\"}}],\"inLanguage\":\"fr-FR\"},{\"@type\":\"Person\",\"@id\":\"https:\/\/www.africa-press.net\/niger\/#\/schema\/person\/2b1cf3cd81a31e3cd26889ca66d677f1\",\"name\":\"cfeditorfr\"}]}<\/script>\n<!-- \/ Yoast SEO Premium plugin. -->","yoast_head_json":{"title":"Sant\u00e9 : Le Gouverneur de Niamey satisfait de l\u2019\u00e9tat des ambulances r\u00e9ceptionn\u00e9es - niger","description":"Le Gouverneur de la re\u0301gion de Niamey, le Ge\u0301ne\u0301ral de Brigade Assoumane Abdou Harouna a proce\u0301de\u0301, hier mercredi 31 ...","robots":{"index":"index","follow":"follow","max-snippet":"max-snippet:-1","max-image-preview":"max-image-preview:large","max-video-preview":"max-video-preview:-1"},"canonical":"https:\/\/www.africa-press.net\/niger\/toutes-les-actualites\/sante-le-gouverneur-de-niamey-satisfait-de-letat-des-ambulances-receptionnees","og_locale":"fr_FR","og_type":"article","og_title":"Sant\u00e9 : Le Gouverneur de Niamey satisfait de l\u2019\u00e9tat des ambulances r\u00e9ceptionn\u00e9es","og_description":"Le Gouverneur de la re\u0301gion de Niamey, le Ge\u0301ne\u0301ral de Brigade Assoumane Abdou Harouna a proce\u0301de\u0301, hier mercredi 31 ...","og_url":"https:\/\/www.africa-press.net\/niger\/toutes-les-actualites\/sante-le-gouverneur-de-niamey-satisfait-de-letat-des-ambulances-receptionnees","og_site_name":"niger","article_published_time":"2024-02-02T18:31:52+00:00","article_modified_time":"2024-02-02T19:55:45+00:00","og_image":[{"width":800,"height":533,"url":"https:\/\/static.africa-press.net\/niger\/sites\/40\/2024\/02\/sm_1706888132.206959.jpg","type":"image\/jpeg"}],"author":"cfeditorfr","twitter_card":"summary_large_image","twitter_misc":{"\u00c9crit par":"cfeditorfr","Dur\u00e9e de lecture estim\u00e9e":"3 minutes"},"schema":{"@context":"https:\/\/schema.org","@graph":[{"@type":"Article","@id":"https:\/\/www.africa-press.net\/niger\/toutes-les-actualites\/sante-le-gouverneur-de-niamey-satisfait-de-letat-des-ambulances-receptionnees#article","isPartOf":{"@id":"https:\/\/www.africa-press.net\/niger\/toutes-les-actualites\/sante-le-gouverneur-de-niamey-satisfait-de-letat-des-ambulances-receptionnees"},"author":{"name":"cfeditorfr","@id":"https:\/\/www.africa-press.net\/niger\/#\/schema\/person\/2b1cf3cd81a31e3cd26889ca66d677f1"},"headline":"Sant\u00e9 : Le Gouverneur de Niamey satisfait de l\u2019\u00e9tat des ambulances r\u00e9ceptionn\u00e9es","datePublished":"2024-02-02T18:31:52+00:00","dateModified":"2024-02-02T19:55:45+00:00","mainEntityOfPage":{"@id":"https:\/\/www.africa-press.net\/niger\/toutes-les-actualites\/sante-le-gouverneur-de-niamey-satisfait-de-letat-des-ambulances-receptionnees"},"wordCount":519,"commentCount":0,"image":{"@id":"https:\/\/www.africa-press.net\/niger\/toutes-les-actualites\/sante-le-gouverneur-de-niamey-satisfait-de-letat-des-ambulances-receptionnees#primaryimage"},"thumbnailUrl":"https:\/\/static.africa-press.net\/niger\/sites\/40\/2024\/02\/sm_1706888132.206959.jpg","keywords":["Africa Press","Africa Press-Niger","Niger"],"articleSection":["Communaut\u00e9","Toutes les actualit\u00e9s"],"inLanguage":"fr-FR","potentialAction":[{"@type":"CommentAction","name":"Comment","target":["https:\/\/www.africa-press.net\/niger\/toutes-les-actualites\/sante-le-gouverneur-de-niamey-satisfait-de-letat-des-ambulances-receptionnees#respond"]}]},{"@type":"WebPage","@id":"https:\/\/www.africa-press.net\/niger\/toutes-les-actualites\/sante-le-gouverneur-de-niamey-satisfait-de-letat-des-ambulances-receptionnees","url":"https:\/\/www.africa-press.net\/niger\/toutes-les-actualites\/sante-le-gouverneur-de-niamey-satisfait-de-letat-des-ambulances-receptionnees","name":"Sant\u00e9 : Le Gouverneur de Niamey satisfait de l\u2019\u00e9tat des ambulances r\u00e9ceptionn\u00e9es - niger","isPartOf":{"@id":"https:\/\/www.africa-press.net\/niger\/#website"},"primaryImageOfPage":{"@id":"https:\/\/www.africa-press.net\/niger\/toutes-les-actualites\/sante-le-gouverneur-de-niamey-satisfait-de-letat-des-ambulances-receptionnees#primaryimage"},"image":{"@id":"https:\/\/www.africa-press.net\/niger\/toutes-les-actualites\/sante-le-gouverneur-de-niamey-satisfait-de-letat-des-ambulances-receptionnees#primaryimage"},"thumbnailUrl":"https:\/\/static.africa-press.net\/niger\/sites\/40\/2024\/02\/sm_1706888132.206959.jpg","datePublished":"2024-02-02T18:31:52+00:00","dateModified":"2024-02-02T19:55:45+00:00","author":{"@id":"https:\/\/www.africa-press.net\/niger\/#\/schema\/person\/2b1cf3cd81a31e3cd26889ca66d677f1"},"description":"Le Gouverneur de la re\u0301gion de Niamey, le Ge\u0301ne\u0301ral de Brigade Assoumane Abdou Harouna a proce\u0301de\u0301, hier mercredi 31 ...","breadcrumb":{"@id":"https:\/\/www.africa-press.net\/niger\/toutes-les-actualites\/sante-le-gouverneur-de-niamey-satisfait-de-letat-des-ambulances-receptionnees#breadcrumb"},"inLanguage":"fr-FR","potentialAction":[{"@type":"ReadAction","target":["https:\/\/www.africa-press.net\/niger\/toutes-les-actualites\/sante-le-gouverneur-de-niamey-satisfait-de-letat-des-ambulances-receptionnees"]}]},{"@type":"ImageObject","inLanguage":"fr-FR","@id":"https:\/\/www.africa-press.net\/niger\/toutes-les-actualites\/sante-le-gouverneur-de-niamey-satisfait-de-letat-des-ambulances-receptionnees#primaryimage","url":"https:\/\/static.africa-press.net\/niger\/sites\/40\/2024\/02\/sm_1706888132.206959.jpg","contentUrl":"https:\/\/static.africa-press.net\/niger\/sites\/40\/2024\/02\/sm_1706888132.206959.jpg","width":800,"height":533,"caption":"Sant\u00e9 : Le Gouverneur de Niamey satisfait de l\u2019\u00e9tat des ambulances r\u00e9ceptionn\u00e9es"},{"@type":"BreadcrumbList","@id":"https:\/\/www.africa-press.net\/niger\/toutes-les-actualites\/sante-le-gouverneur-de-niamey-satisfait-de-letat-des-ambulances-receptionnees#breadcrumb","itemListElement":[{"@type":"ListItem","position":1,"name":"Accueil","item":"https:\/\/www.africa-press.net\/niger\/"},{"@type":"ListItem","position":2,"name":"Sant\u00e9 : Le Gouverneur de Niamey satisfait de l\u2019\u00e9tat des ambulances r\u00e9ceptionn\u00e9es"}]},{"@type":"WebSite","@id":"https:\/\/www.africa-press.net\/niger\/#website","url":"https:\/\/www.africa-press.net\/niger\/","name":"niger","description":"Just another Africa News Agency Sites site","potentialAction":[{"@type":"SearchAction","target":{"@type":"EntryPoint","urlTemplate":"https:\/\/www.africa-press.net\/niger\/?s={search_term_string}"},"query-input":{"@type":"PropertyValueSpecification","valueRequired":true,"valueName":"search_term_string"}}],"inLanguage":"fr-FR"},{"@type":"Person","@id":"https:\/\/www.africa-press.net\/niger\/#\/schema\/person\/2b1cf3cd81a31e3cd26889ca66d677f1","name":"cfeditorfr"}]}},"_links":{"self":[{"href":"https:\/\/www.africa-press.net\/niger\/wp-json\/wp\/v2\/posts\/58180","targetHints":{"allow":["GET"]}}],"collection":[{"href":"https:\/\/www.africa-press.net\/niger\/wp-json\/wp\/v2\/posts"}],"about":[{"href":"https:\/\/www.africa-press.net\/niger\/wp-json\/wp\/v2\/types\/post"}],"author":[{"embeddable":true,"href":"https:\/\/www.africa-press.net\/niger\/wp-json\/wp\/v2\/users\/82"}],"replies":[{"embeddable":true,"href":"https:\/\/www.africa-press.net\/niger\/wp-json\/wp\/v2\/comments?post=58180"}],"version-history":[{"count":0,"href":"https:\/\/www.africa-press.net\/niger\/wp-json\/wp\/v2\/posts\/58180\/revisions"}],"wp:featuredmedia":[{"embeddable":true,"href":"https:\/\/www.africa-press.net\/niger\/wp-json\/wp\/v2\/media\/58179"}],"wp:attachment":[{"href":"https:\/\/www.africa-press.net\/niger\/wp-json\/wp\/v2\/media?parent=58180"}],"wp:term":[{"taxonomy":"category","embeddable":true,"href":"https:\/\/www.africa-press.net\/niger\/wp-json\/wp\/v2\/categories?post=58180"},{"taxonomy":"post_tag","embeddable":true,"href":"https:\/\/www.africa-press.net\/niger\/wp-json\/wp\/v2\/tags?post=58180"}],"curies":[{"name":"wp","href":"https:\/\/api.w.org\/{rel}","templated":true}]}}