{"id":58214,"date":"2024-02-03T15:42:18","date_gmt":"2024-02-03T15:42:18","guid":{"rendered":"https:\/\/www.africa-press.net\/niger\/politique\/2eme-bataillon-de-la-reserve-militaire-operationnelle-lancement-du-recrutement-unique-delements-des-forces-armees-nigeriennes-et-de-la-gendarmerie-nationale-partis-a-la-retraite-en-2022-fi"},"modified":"2024-02-03T16:59:05","modified_gmt":"2024-02-03T16:59:05","slug":"2eme-bataillon-de-la-reserve-militaire-operationnelle-lancement-du-recrutement-unique-delements-des-forces-armees-nigeriennes-et-de-la-gendarmerie-nationale-partis-a-la-retraite-en-2022-fi","status":"publish","type":"post","link":"https:\/\/www.africa-press.net\/niger\/politique\/2eme-bataillon-de-la-reserve-militaire-operationnelle-lancement-du-recrutement-unique-delements-des-forces-armees-nigeriennes-et-de-la-gendarmerie-nationale-partis-a-la-retraite-en-2022-fi","title":{"rendered":"2\u00e8me bataillon de la R\u00e9serve militaire op\u00e9rationnelle : Lancement du recrutement unique d\u2019\u00e9l\u00e9ments des Forces Arm\u00e9es Nig\u00e9riennes et de la Gendarmerie Nationale partis \u00e0 la retraite en 2022- fin 2023"},"content":{"rendered":"<p><span style=\"color: #ff6600\"><strong>Africa-Press &#8211; Niger. <\/strong><\/span>Le Secre\u0301taire ge\u0301ne\u0301ral du Ministe\u0300re de la De\u0301fense Nationale, le ge\u0301ne\u0301ral de brigade Sani Kache\u0301, a proce\u0301de\u0301 hier, 1er fe\u0301vrier 2024 au niveau de l\u2019Office National des Anciens Combattants, Anciens Militaires et Victimes de Guerre et des Conflits arme\u0301s du Niger (ONACAM\/VG\/CAN), au lancement du recrutement du deuxie\u0300me bataillon de la re\u0301serve militaire ope\u0301rationnelle. Ce recrutement a pour objectif de se\u0301curiser les projets de de\u0301veloppement et de soulager les forces de de\u0301fense et de se\u0301curite\u0301 en activite\u0301 compte tenu de la situation se\u0301curitaire actuelle du pays.<\/p>\n<p>Cette ce\u0301re\u0301monie a enregistre\u0301 la pre\u0301sence du Directeur de l\u2019ONACAM\/VG\/CAN, le Colonel-major Abdoulaye Mounkaila, du commandant de la commission de mobilisation de la re\u0301serve militaire, le Colonel-major Noma Dari et les membres de ladite commission.<\/p>\n<p>Au cours de cette ce\u0301re\u0301monie, le Secre\u0301taire ge\u0301ne\u0301ral du Ministe\u0300re de la De\u0301fense Nationale a explique\u0301 que la re\u0301serve militaire ope\u0301rationnelle est un syste\u0300me de re\u0301servoir de forces qui est susceptible de renforcer les capacite\u0301s militaires des forces arme\u0301es actives en temps de paix ou en situation de conflit ou de crise. \u00ab Elle peut aussi, a\u0300 compe\u0301tence e\u0301gale, remplir les me\u0302mes missions que l\u2019arme\u0301e active puisse qu\u2019il s\u2019agit bien d\u2019anciens militaires et anciens gendarmes qui ont de\u0301ja\u0300 de l\u2019expe\u0301rience \u00bb, a indique\u0301 le ge\u0301ne\u0301ral de brigade Sani Kache\u0301.<\/p>\n<p>Le Secre\u0301taire ge\u0301ne\u0301ral du Ministe\u0300re de la De\u0301fense Nationale a, par ailleurs, pre\u0301cise\u0301 que l\u2019objectif de cette re\u0301serve est de soulager les unite\u0301s actives en prenant en comptes certaines missions telles que la protection et la se\u0301curisation de certains points sensibles des missions de ravitaillement, de de\u0301pannage et bien d\u2019autres expertises dont disposent les e\u0301le\u0301ments.<\/p>\n<p>C\u2019est ainsi qu\u2019il a rappele\u0301 que le premier bataillon a e\u0301te\u0301 mis a\u0300 la disposition de certains services des Forces Arme\u0301es Nige\u0301riennes (FAN) et de la Gendarmerie Nationale notamment au niveau de la sante\u0301, de l\u2019intendance et bien d\u2019autres domaines. \u00ab Donc dans cette situation ou\u0300 les personnels en activite\u0301 sont tre\u0300s sollicite\u0301s surtout dans notre contexte actuel, vous voyez que cette re\u0301serve vient a\u0300 point nomme\u0301. Ce recrutement va se passer pendant quelques jours et vous avez vu dehors de\u0301ja\u0300 l\u2019engouement et nous espe\u0301rons que d\u2019autres vont venir, aussi bien de Niamey que de l\u2019inte\u0301rieur du pays \u00bb, a dit le ge\u0301ne\u0301ral de brigade Sani Kache\u0301.<\/p>\n<p>Il faut noter que la terminologie militaire, un bataillon est une unite\u0301 militaire commande\u0301e par un officier supe\u0301rieur et regroupant plusieurs compagnies, soit de 300 a\u0300 1 200 hommes.<\/p>\n<p>&nbsp;<\/p>\n<p><strong>Pour plus d&rsquo;informations et d&rsquo;analyses sur la <a href=\"https:\/\/www.africa-press.net\/niger\">Niger<\/a>, suivez <a href=\"https:\/\/www.africa-press.net\/\">Africa-Press<\/a><\/strong><\/p>\n","protected":false},"excerpt":{"rendered":"<p>Africa-Press &#8211; Niger. Le Secre\u0301taire ge\u0301ne\u0301ral du Ministe\u0300re de la De\u0301fense Nationale, le ge\u0301ne\u0301ral de brigade Sani Kache\u0301, a proce\u0301de\u0301 hier, 1er fe\u0301vrier 2024 au niveau de l\u2019Office National des Anciens Combattants, Anciens Militaires et Victimes de Guerre et des Conflits arme\u0301s du Niger (ONACAM\/VG\/CAN), au lancement du recrutement du deuxie\u0300me bataillon de la re\u0301serve [&hellip;]<\/p>\n","protected":false},"author":82,"featured_media":58213,"comment_status":"open","ping_status":"closed","sticky":false,"template":"","format":"standard","meta":{"footnotes":""},"categories":[2,10],"tags":[55,60,29],"class_list":["post-58214","post","type-post","status-publish","format-standard","has-post-thumbnail","hentry","category-politique","category-toutes-les-actualites","tag-africa-press","tag-africa-press-niger","tag-niger"],"yoast_head":"<!-- This site is optimized with the Yoast SEO Premium plugin v26.1 (Yoast SEO v27.0) - https:\/\/yoast.com\/product\/yoast-seo-premium-wordpress\/ -->\n<title>2\u00e8me bataillon de la R\u00e9serve militaire op\u00e9rationnelle : Lancement du recrutement unique d\u2019\u00e9l\u00e9ments des Forces Arm\u00e9es Nig\u00e9riennes et de la Gendarmerie Nationale partis \u00e0 la retraite en 2022- fin 2023 - niger<\/title>\n<meta name=\"description\" content=\"Le Secre\u0301taire ge\u0301ne\u0301ral du Ministe\u0300re de la De\u0301fense Nationale, le ge\u0301ne\u0301ral de brigade Sani Kache\u0301, a proce\u0301de\u0301 hier, ...\" \/>\n<meta name=\"robots\" content=\"index, follow, max-snippet:-1, max-image-preview:large, max-video-preview:-1\" \/>\n<link rel=\"canonical\" href=\"https:\/\/www.africa-press.net\/niger\/politique\/2eme-bataillon-de-la-reserve-militaire-operationnelle-lancement-du-recrutement-unique-delements-des-forces-armees-nigeriennes-et-de-la-gendarmerie-nationale-partis-a-la-retraite-en-2022-fi\" \/>\n<meta property=\"og:locale\" content=\"fr_FR\" \/>\n<meta property=\"og:type\" content=\"article\" \/>\n<meta property=\"og:title\" content=\"2\u00e8me bataillon de la R\u00e9serve militaire op\u00e9rationnelle : Lancement du recrutement unique d\u2019\u00e9l\u00e9ments des Forces Arm\u00e9es Nig\u00e9riennes et de la Gendarmerie Nationale partis \u00e0 la retraite en 2022- fin 2023\" \/>\n<meta property=\"og:description\" content=\"Le Secre\u0301taire ge\u0301ne\u0301ral du Ministe\u0300re de la De\u0301fense Nationale, le ge\u0301ne\u0301ral de brigade Sani Kache\u0301, a proce\u0301de\u0301 hier, ...\" \/>\n<meta property=\"og:url\" content=\"https:\/\/www.africa-press.net\/niger\/politique\/2eme-bataillon-de-la-reserve-militaire-operationnelle-lancement-du-recrutement-unique-delements-des-forces-armees-nigeriennes-et-de-la-gendarmerie-nationale-partis-a-la-retraite-en-2022-fi\" \/>\n<meta property=\"og:site_name\" content=\"niger\" \/>\n<meta property=\"article:published_time\" content=\"2024-02-03T15:42:18+00:00\" \/>\n<meta property=\"article:modified_time\" content=\"2024-02-03T16:59:05+00:00\" \/>\n<meta property=\"og:image\" content=\"https:\/\/static.africa-press.net\/niger\/sites\/40\/2024\/02\/sm_1706966905.097843.jpg\" \/>\n\t<meta property=\"og:image:width\" content=\"720\" \/>\n\t<meta property=\"og:image:height\" content=\"480\" \/>\n\t<meta property=\"og:image:type\" content=\"image\/jpeg\" \/>\n<meta name=\"author\" content=\"cfeditorfr\" \/>\n<meta name=\"twitter:card\" content=\"summary_large_image\" \/>\n<meta name=\"twitter:label1\" content=\"\u00c9crit par\" \/>\n\t<meta name=\"twitter:data1\" content=\"cfeditorfr\" \/>\n\t<meta name=\"twitter:label2\" content=\"Dur\u00e9e de lecture estim\u00e9e\" \/>\n\t<meta name=\"twitter:data2\" content=\"2 minutes\" \/>\n<script type=\"application\/ld+json\" class=\"yoast-schema-graph\">{\"@context\":\"https:\/\/schema.org\",\"@graph\":[{\"@type\":\"Article\",\"@id\":\"https:\/\/www.africa-press.net\/niger\/politique\/2eme-bataillon-de-la-reserve-militaire-operationnelle-lancement-du-recrutement-unique-delements-des-forces-armees-nigeriennes-et-de-la-gendarmerie-nationale-partis-a-la-retraite-en-2022-fi#article\",\"isPartOf\":{\"@id\":\"https:\/\/www.africa-press.net\/niger\/politique\/2eme-bataillon-de-la-reserve-militaire-operationnelle-lancement-du-recrutement-unique-delements-des-forces-armees-nigeriennes-et-de-la-gendarmerie-nationale-partis-a-la-retraite-en-2022-fi\"},\"author\":{\"name\":\"cfeditorfr\",\"@id\":\"https:\/\/www.africa-press.net\/niger\/#\/schema\/person\/2b1cf3cd81a31e3cd26889ca66d677f1\"},\"headline\":\"2\u00e8me bataillon de la R\u00e9serve militaire op\u00e9rationnelle : Lancement du recrutement unique d\u2019\u00e9l\u00e9ments des Forces Arm\u00e9es Nig\u00e9riennes et de la Gendarmerie Nationale partis \u00e0 la retraite en 2022- fin 2023\",\"datePublished\":\"2024-02-03T15:42:18+00:00\",\"dateModified\":\"2024-02-03T16:59:05+00:00\",\"mainEntityOfPage\":{\"@id\":\"https:\/\/www.africa-press.net\/niger\/politique\/2eme-bataillon-de-la-reserve-militaire-operationnelle-lancement-du-recrutement-unique-delements-des-forces-armees-nigeriennes-et-de-la-gendarmerie-nationale-partis-a-la-retraite-en-2022-fi\"},\"wordCount\":530,\"commentCount\":0,\"image\":{\"@id\":\"https:\/\/www.africa-press.net\/niger\/politique\/2eme-bataillon-de-la-reserve-militaire-operationnelle-lancement-du-recrutement-unique-delements-des-forces-armees-nigeriennes-et-de-la-gendarmerie-nationale-partis-a-la-retraite-en-2022-fi#primaryimage\"},\"thumbnailUrl\":\"https:\/\/static.africa-press.net\/niger\/sites\/40\/2024\/02\/sm_1706966905.097843.jpg\",\"keywords\":[\"Africa Press\",\"Africa Press-Niger\",\"Niger\"],\"articleSection\":[\"Politique\",\"Toutes les actualit\u00e9s\"],\"inLanguage\":\"fr-FR\",\"potentialAction\":[{\"@type\":\"CommentAction\",\"name\":\"Comment\",\"target\":[\"https:\/\/www.africa-press.net\/niger\/politique\/2eme-bataillon-de-la-reserve-militaire-operationnelle-lancement-du-recrutement-unique-delements-des-forces-armees-nigeriennes-et-de-la-gendarmerie-nationale-partis-a-la-retraite-en-2022-fi#respond\"]}]},{\"@type\":\"WebPage\",\"@id\":\"https:\/\/www.africa-press.net\/niger\/politique\/2eme-bataillon-de-la-reserve-militaire-operationnelle-lancement-du-recrutement-unique-delements-des-forces-armees-nigeriennes-et-de-la-gendarmerie-nationale-partis-a-la-retraite-en-2022-fi\",\"url\":\"https:\/\/www.africa-press.net\/niger\/politique\/2eme-bataillon-de-la-reserve-militaire-operationnelle-lancement-du-recrutement-unique-delements-des-forces-armees-nigeriennes-et-de-la-gendarmerie-nationale-partis-a-la-retraite-en-2022-fi\",\"name\":\"2\u00e8me bataillon de la R\u00e9serve militaire op\u00e9rationnelle : Lancement du recrutement unique d\u2019\u00e9l\u00e9ments des Forces Arm\u00e9es Nig\u00e9riennes et de la Gendarmerie Nationale partis \u00e0 la retraite en 2022- fin 2023 - niger\",\"isPartOf\":{\"@id\":\"https:\/\/www.africa-press.net\/niger\/#website\"},\"primaryImageOfPage\":{\"@id\":\"https:\/\/www.africa-press.net\/niger\/politique\/2eme-bataillon-de-la-reserve-militaire-operationnelle-lancement-du-recrutement-unique-delements-des-forces-armees-nigeriennes-et-de-la-gendarmerie-nationale-partis-a-la-retraite-en-2022-fi#primaryimage\"},\"image\":{\"@id\":\"https:\/\/www.africa-press.net\/niger\/politique\/2eme-bataillon-de-la-reserve-militaire-operationnelle-lancement-du-recrutement-unique-delements-des-forces-armees-nigeriennes-et-de-la-gendarmerie-nationale-partis-a-la-retraite-en-2022-fi#primaryimage\"},\"thumbnailUrl\":\"https:\/\/static.africa-press.net\/niger\/sites\/40\/2024\/02\/sm_1706966905.097843.jpg\",\"datePublished\":\"2024-02-03T15:42:18+00:00\",\"dateModified\":\"2024-02-03T16:59:05+00:00\",\"author\":{\"@id\":\"https:\/\/www.africa-press.net\/niger\/#\/schema\/person\/2b1cf3cd81a31e3cd26889ca66d677f1\"},\"description\":\"Le Secre\u0301taire ge\u0301ne\u0301ral du Ministe\u0300re de la De\u0301fense Nationale, le ge\u0301ne\u0301ral de brigade Sani Kache\u0301, a proce\u0301de\u0301 hier, ...\",\"breadcrumb\":{\"@id\":\"https:\/\/www.africa-press.net\/niger\/politique\/2eme-bataillon-de-la-reserve-militaire-operationnelle-lancement-du-recrutement-unique-delements-des-forces-armees-nigeriennes-et-de-la-gendarmerie-nationale-partis-a-la-retraite-en-2022-fi#breadcrumb\"},\"inLanguage\":\"fr-FR\",\"potentialAction\":[{\"@type\":\"ReadAction\",\"target\":[\"https:\/\/www.africa-press.net\/niger\/politique\/2eme-bataillon-de-la-reserve-militaire-operationnelle-lancement-du-recrutement-unique-delements-des-forces-armees-nigeriennes-et-de-la-gendarmerie-nationale-partis-a-la-retraite-en-2022-fi\"]}]},{\"@type\":\"ImageObject\",\"inLanguage\":\"fr-FR\",\"@id\":\"https:\/\/www.africa-press.net\/niger\/politique\/2eme-bataillon-de-la-reserve-militaire-operationnelle-lancement-du-recrutement-unique-delements-des-forces-armees-nigeriennes-et-de-la-gendarmerie-nationale-partis-a-la-retraite-en-2022-fi#primaryimage\",\"url\":\"https:\/\/static.africa-press.net\/niger\/sites\/40\/2024\/02\/sm_1706966905.097843.jpg\",\"contentUrl\":\"https:\/\/static.africa-press.net\/niger\/sites\/40\/2024\/02\/sm_1706966905.097843.jpg\",\"width\":720,\"height\":480,\"caption\":\"2\u00e8me bataillon de la R\u00e9serve militaire op\u00e9rationnelle : Lancement du recrutement unique d\u2019\u00e9l\u00e9ments des Forces Arm\u00e9es Nig\u00e9riennes et de la Gendarmerie Nationale partis \u00e0 la retraite en 2022- fin 2023\"},{\"@type\":\"BreadcrumbList\",\"@id\":\"https:\/\/www.africa-press.net\/niger\/politique\/2eme-bataillon-de-la-reserve-militaire-operationnelle-lancement-du-recrutement-unique-delements-des-forces-armees-nigeriennes-et-de-la-gendarmerie-nationale-partis-a-la-retraite-en-2022-fi#breadcrumb\",\"itemListElement\":[{\"@type\":\"ListItem\",\"position\":1,\"name\":\"Accueil\",\"item\":\"https:\/\/www.africa-press.net\/niger\/\"},{\"@type\":\"ListItem\",\"position\":2,\"name\":\"2\u00e8me bataillon de la R\u00e9serve militaire op\u00e9rationnelle : Lancement du recrutement unique d\u2019\u00e9l\u00e9ments des Forces Arm\u00e9es Nig\u00e9riennes et de la Gendarmerie Nationale partis \u00e0 la retraite en 2022- fin 2023\"}]},{\"@type\":\"WebSite\",\"@id\":\"https:\/\/www.africa-press.net\/niger\/#website\",\"url\":\"https:\/\/www.africa-press.net\/niger\/\",\"name\":\"niger\",\"description\":\"Just another Africa News Agency Sites site\",\"potentialAction\":[{\"@type\":\"SearchAction\",\"target\":{\"@type\":\"EntryPoint\",\"urlTemplate\":\"https:\/\/www.africa-press.net\/niger\/?s={search_term_string}\"},\"query-input\":{\"@type\":\"PropertyValueSpecification\",\"valueRequired\":true,\"valueName\":\"search_term_string\"}}],\"inLanguage\":\"fr-FR\"},{\"@type\":\"Person\",\"@id\":\"https:\/\/www.africa-press.net\/niger\/#\/schema\/person\/2b1cf3cd81a31e3cd26889ca66d677f1\",\"name\":\"cfeditorfr\"}]}<\/script>\n<!-- \/ Yoast SEO Premium plugin. -->","yoast_head_json":{"title":"2\u00e8me bataillon de la R\u00e9serve militaire op\u00e9rationnelle : Lancement du recrutement unique d\u2019\u00e9l\u00e9ments des Forces Arm\u00e9es Nig\u00e9riennes et de la Gendarmerie Nationale partis \u00e0 la retraite en 2022- fin 2023 - niger","description":"Le Secre\u0301taire ge\u0301ne\u0301ral du Ministe\u0300re de la De\u0301fense Nationale, le ge\u0301ne\u0301ral de brigade Sani Kache\u0301, a proce\u0301de\u0301 hier, ...","robots":{"index":"index","follow":"follow","max-snippet":"max-snippet:-1","max-image-preview":"max-image-preview:large","max-video-preview":"max-video-preview:-1"},"canonical":"https:\/\/www.africa-press.net\/niger\/politique\/2eme-bataillon-de-la-reserve-militaire-operationnelle-lancement-du-recrutement-unique-delements-des-forces-armees-nigeriennes-et-de-la-gendarmerie-nationale-partis-a-la-retraite-en-2022-fi","og_locale":"fr_FR","og_type":"article","og_title":"2\u00e8me bataillon de la R\u00e9serve militaire op\u00e9rationnelle : Lancement du recrutement unique d\u2019\u00e9l\u00e9ments des Forces Arm\u00e9es Nig\u00e9riennes et de la Gendarmerie Nationale partis \u00e0 la retraite en 2022- fin 2023","og_description":"Le Secre\u0301taire ge\u0301ne\u0301ral du Ministe\u0300re de la De\u0301fense Nationale, le ge\u0301ne\u0301ral de brigade Sani Kache\u0301, a proce\u0301de\u0301 hier, ...","og_url":"https:\/\/www.africa-press.net\/niger\/politique\/2eme-bataillon-de-la-reserve-militaire-operationnelle-lancement-du-recrutement-unique-delements-des-forces-armees-nigeriennes-et-de-la-gendarmerie-nationale-partis-a-la-retraite-en-2022-fi","og_site_name":"niger","article_published_time":"2024-02-03T15:42:18+00:00","article_modified_time":"2024-02-03T16:59:05+00:00","og_image":[{"width":720,"height":480,"url":"https:\/\/static.africa-press.net\/niger\/sites\/40\/2024\/02\/sm_1706966905.097843.jpg","type":"image\/jpeg"}],"author":"cfeditorfr","twitter_card":"summary_large_image","twitter_misc":{"\u00c9crit par":"cfeditorfr","Dur\u00e9e de lecture estim\u00e9e":"2 minutes"},"schema":{"@context":"https:\/\/schema.org","@graph":[{"@type":"Article","@id":"https:\/\/www.africa-press.net\/niger\/politique\/2eme-bataillon-de-la-reserve-militaire-operationnelle-lancement-du-recrutement-unique-delements-des-forces-armees-nigeriennes-et-de-la-gendarmerie-nationale-partis-a-la-retraite-en-2022-fi#article","isPartOf":{"@id":"https:\/\/www.africa-press.net\/niger\/politique\/2eme-bataillon-de-la-reserve-militaire-operationnelle-lancement-du-recrutement-unique-delements-des-forces-armees-nigeriennes-et-de-la-gendarmerie-nationale-partis-a-la-retraite-en-2022-fi"},"author":{"name":"cfeditorfr","@id":"https:\/\/www.africa-press.net\/niger\/#\/schema\/person\/2b1cf3cd81a31e3cd26889ca66d677f1"},"headline":"2\u00e8me bataillon de la R\u00e9serve militaire op\u00e9rationnelle : Lancement du recrutement unique d\u2019\u00e9l\u00e9ments des Forces Arm\u00e9es Nig\u00e9riennes et de la Gendarmerie Nationale partis \u00e0 la retraite en 2022- fin 2023","datePublished":"2024-02-03T15:42:18+00:00","dateModified":"2024-02-03T16:59:05+00:00","mainEntityOfPage":{"@id":"https:\/\/www.africa-press.net\/niger\/politique\/2eme-bataillon-de-la-reserve-militaire-operationnelle-lancement-du-recrutement-unique-delements-des-forces-armees-nigeriennes-et-de-la-gendarmerie-nationale-partis-a-la-retraite-en-2022-fi"},"wordCount":530,"commentCount":0,"image":{"@id":"https:\/\/www.africa-press.net\/niger\/politique\/2eme-bataillon-de-la-reserve-militaire-operationnelle-lancement-du-recrutement-unique-delements-des-forces-armees-nigeriennes-et-de-la-gendarmerie-nationale-partis-a-la-retraite-en-2022-fi#primaryimage"},"thumbnailUrl":"https:\/\/static.africa-press.net\/niger\/sites\/40\/2024\/02\/sm_1706966905.097843.jpg","keywords":["Africa Press","Africa Press-Niger","Niger"],"articleSection":["Politique","Toutes les actualit\u00e9s"],"inLanguage":"fr-FR","potentialAction":[{"@type":"CommentAction","name":"Comment","target":["https:\/\/www.africa-press.net\/niger\/politique\/2eme-bataillon-de-la-reserve-militaire-operationnelle-lancement-du-recrutement-unique-delements-des-forces-armees-nigeriennes-et-de-la-gendarmerie-nationale-partis-a-la-retraite-en-2022-fi#respond"]}]},{"@type":"WebPage","@id":"https:\/\/www.africa-press.net\/niger\/politique\/2eme-bataillon-de-la-reserve-militaire-operationnelle-lancement-du-recrutement-unique-delements-des-forces-armees-nigeriennes-et-de-la-gendarmerie-nationale-partis-a-la-retraite-en-2022-fi","url":"https:\/\/www.africa-press.net\/niger\/politique\/2eme-bataillon-de-la-reserve-militaire-operationnelle-lancement-du-recrutement-unique-delements-des-forces-armees-nigeriennes-et-de-la-gendarmerie-nationale-partis-a-la-retraite-en-2022-fi","name":"2\u00e8me bataillon de la R\u00e9serve militaire op\u00e9rationnelle : Lancement du recrutement unique d\u2019\u00e9l\u00e9ments des Forces Arm\u00e9es Nig\u00e9riennes et de la Gendarmerie Nationale partis \u00e0 la retraite en 2022- fin 2023 - niger","isPartOf":{"@id":"https:\/\/www.africa-press.net\/niger\/#website"},"primaryImageOfPage":{"@id":"https:\/\/www.africa-press.net\/niger\/politique\/2eme-bataillon-de-la-reserve-militaire-operationnelle-lancement-du-recrutement-unique-delements-des-forces-armees-nigeriennes-et-de-la-gendarmerie-nationale-partis-a-la-retraite-en-2022-fi#primaryimage"},"image":{"@id":"https:\/\/www.africa-press.net\/niger\/politique\/2eme-bataillon-de-la-reserve-militaire-operationnelle-lancement-du-recrutement-unique-delements-des-forces-armees-nigeriennes-et-de-la-gendarmerie-nationale-partis-a-la-retraite-en-2022-fi#primaryimage"},"thumbnailUrl":"https:\/\/static.africa-press.net\/niger\/sites\/40\/2024\/02\/sm_1706966905.097843.jpg","datePublished":"2024-02-03T15:42:18+00:00","dateModified":"2024-02-03T16:59:05+00:00","author":{"@id":"https:\/\/www.africa-press.net\/niger\/#\/schema\/person\/2b1cf3cd81a31e3cd26889ca66d677f1"},"description":"Le Secre\u0301taire ge\u0301ne\u0301ral du Ministe\u0300re de la De\u0301fense Nationale, le ge\u0301ne\u0301ral de brigade Sani Kache\u0301, a proce\u0301de\u0301 hier, ...","breadcrumb":{"@id":"https:\/\/www.africa-press.net\/niger\/politique\/2eme-bataillon-de-la-reserve-militaire-operationnelle-lancement-du-recrutement-unique-delements-des-forces-armees-nigeriennes-et-de-la-gendarmerie-nationale-partis-a-la-retraite-en-2022-fi#breadcrumb"},"inLanguage":"fr-FR","potentialAction":[{"@type":"ReadAction","target":["https:\/\/www.africa-press.net\/niger\/politique\/2eme-bataillon-de-la-reserve-militaire-operationnelle-lancement-du-recrutement-unique-delements-des-forces-armees-nigeriennes-et-de-la-gendarmerie-nationale-partis-a-la-retraite-en-2022-fi"]}]},{"@type":"ImageObject","inLanguage":"fr-FR","@id":"https:\/\/www.africa-press.net\/niger\/politique\/2eme-bataillon-de-la-reserve-militaire-operationnelle-lancement-du-recrutement-unique-delements-des-forces-armees-nigeriennes-et-de-la-gendarmerie-nationale-partis-a-la-retraite-en-2022-fi#primaryimage","url":"https:\/\/static.africa-press.net\/niger\/sites\/40\/2024\/02\/sm_1706966905.097843.jpg","contentUrl":"https:\/\/static.africa-press.net\/niger\/sites\/40\/2024\/02\/sm_1706966905.097843.jpg","width":720,"height":480,"caption":"2\u00e8me bataillon de la R\u00e9serve militaire op\u00e9rationnelle : Lancement du recrutement unique d\u2019\u00e9l\u00e9ments des Forces Arm\u00e9es Nig\u00e9riennes et de la Gendarmerie Nationale partis \u00e0 la retraite en 2022- fin 2023"},{"@type":"BreadcrumbList","@id":"https:\/\/www.africa-press.net\/niger\/politique\/2eme-bataillon-de-la-reserve-militaire-operationnelle-lancement-du-recrutement-unique-delements-des-forces-armees-nigeriennes-et-de-la-gendarmerie-nationale-partis-a-la-retraite-en-2022-fi#breadcrumb","itemListElement":[{"@type":"ListItem","position":1,"name":"Accueil","item":"https:\/\/www.africa-press.net\/niger\/"},{"@type":"ListItem","position":2,"name":"2\u00e8me bataillon de la R\u00e9serve militaire op\u00e9rationnelle : Lancement du recrutement unique d\u2019\u00e9l\u00e9ments des Forces Arm\u00e9es Nig\u00e9riennes et de la Gendarmerie Nationale partis \u00e0 la retraite en 2022- fin 2023"}]},{"@type":"WebSite","@id":"https:\/\/www.africa-press.net\/niger\/#website","url":"https:\/\/www.africa-press.net\/niger\/","name":"niger","description":"Just another Africa News Agency Sites site","potentialAction":[{"@type":"SearchAction","target":{"@type":"EntryPoint","urlTemplate":"https:\/\/www.africa-press.net\/niger\/?s={search_term_string}"},"query-input":{"@type":"PropertyValueSpecification","valueRequired":true,"valueName":"search_term_string"}}],"inLanguage":"fr-FR"},{"@type":"Person","@id":"https:\/\/www.africa-press.net\/niger\/#\/schema\/person\/2b1cf3cd81a31e3cd26889ca66d677f1","name":"cfeditorfr"}]}},"_links":{"self":[{"href":"https:\/\/www.africa-press.net\/niger\/wp-json\/wp\/v2\/posts\/58214","targetHints":{"allow":["GET"]}}],"collection":[{"href":"https:\/\/www.africa-press.net\/niger\/wp-json\/wp\/v2\/posts"}],"about":[{"href":"https:\/\/www.africa-press.net\/niger\/wp-json\/wp\/v2\/types\/post"}],"author":[{"embeddable":true,"href":"https:\/\/www.africa-press.net\/niger\/wp-json\/wp\/v2\/users\/82"}],"replies":[{"embeddable":true,"href":"https:\/\/www.africa-press.net\/niger\/wp-json\/wp\/v2\/comments?post=58214"}],"version-history":[{"count":0,"href":"https:\/\/www.africa-press.net\/niger\/wp-json\/wp\/v2\/posts\/58214\/revisions"}],"wp:featuredmedia":[{"embeddable":true,"href":"https:\/\/www.africa-press.net\/niger\/wp-json\/wp\/v2\/media\/58213"}],"wp:attachment":[{"href":"https:\/\/www.africa-press.net\/niger\/wp-json\/wp\/v2\/media?parent=58214"}],"wp:term":[{"taxonomy":"category","embeddable":true,"href":"https:\/\/www.africa-press.net\/niger\/wp-json\/wp\/v2\/categories?post=58214"},{"taxonomy":"post_tag","embeddable":true,"href":"https:\/\/www.africa-press.net\/niger\/wp-json\/wp\/v2\/tags?post=58214"}],"curies":[{"name":"wp","href":"https:\/\/api.w.org\/{rel}","templated":true}]}}