{"id":58217,"date":"2024-02-03T15:42:33","date_gmt":"2024-02-03T15:42:33","guid":{"rendered":"https:\/\/www.africa-press.net\/niger\/politique\/journee-mondiale-des-zones-humides-le-colonel-maizama-abdoulaye-releve-la-necessite-dun-changement-radical-des-modes-dexploitation-et-de-valorisation-de-ces-ecosystemes"},"modified":"2024-02-03T16:59:24","modified_gmt":"2024-02-03T16:59:24","slug":"journee-mondiale-des-zones-humides-le-colonel-maizama-abdoulaye-releve-la-necessite-dun-changement-radical-des-modes-dexploitation-et-de-valorisation-de-ces-ecosystemes","status":"publish","type":"post","link":"https:\/\/www.africa-press.net\/niger\/politique\/journee-mondiale-des-zones-humides-le-colonel-maizama-abdoulaye-releve-la-necessite-dun-changement-radical-des-modes-dexploitation-et-de-valorisation-de-ces-ecosystemes","title":{"rendered":"Journ\u00e9e mondiale des zones humides : Le Colonel Maizama Abdoulaye rel\u00e8ve la n\u00e9cessit\u00e9 d\u2019un changement radical des modes d\u2019exploitation et de valorisation de ces \u00e9cosyst\u00e8mes"},"content":{"rendered":"<p><span style=\"color: #ff6600\"><strong>Africa-Press &#8211; Niger. <\/strong><\/span>A l\u2019instar de la communaute\u0301 internationale, le Niger ce\u0301le\u0300bre, aujourd\u2019hui 2 fe\u0301vrier, la journe\u0301e mondiale des zones humides. A cette occasion, le ministre de l\u2019Hydraulique, de l\u2019Assainissement et de l\u2019Environnement, le Colonel Maizama Abdoulaye, a livre\u0301 un message dans lequel, il a rappele\u0301 que la restauration des zones humides est un impe\u0301ratif pour surmonter la crise du climat, de la biodiversite\u0301 et pour atteindre les objectifs de de\u0301veloppement durable dans l\u2019inte\u0301re\u0302t de tous.<\/p>\n<p>En livrant ce message, le Colonel Maizama Abdoulaye a indique\u0301 que, dans le cadre de la gestion durable des zones humides au profit des communaute\u0301s notamment rurales, le Niger s\u2019est dote\u0301 d\u2019une Politique Nationale sur les Zones Humides assortie d\u2019un plan d\u2019action dont la mise en \u0153uvre demeure une pre\u0301occupation pour son de\u0301partement ministe\u0301riel. \u00ab Au Niger, quatorze (14) sites sont inscrits comme sites d\u2019importance internationale ou sites Ramsar, couvrant une superficie de 7.534.289 hectares. Malheureusement, ces sites sont tous confronte\u0301s aux menaces lie\u0301es aux pressions anthropiques et aux effets du changement climatique \u00bb, a souligne\u0301 le Ministre de l\u2019Hydraulique, de l\u2019Assainissement et de l\u2019Environnement.<\/p>\n<p>Selon le Colonel Maizama Abdoulaye, ces zones humides font partie des e\u0301cosyste\u0300mes dont le de\u0301clin, la perte et la de\u0301gradation sont les plus rapides. \u00ab Cette situation est la re\u0301sultante de la perception errone\u0301e des zones humides longtemps conside\u0301re\u0301es comme des simples friches, pluto\u0302t que comme des sources fertiles d\u2019emplois, de revenus et de services e\u0301cosyste\u0301miques essentiels \u00bb, a-t-il ajoute\u0301.<\/p>\n<p>Cette anne\u0301e, a ajoute\u0301 le ministre en charge de l\u2019Environnement, le the\u0300me central retenu pour la comme\u0301moration de la Journe\u0301e mondiale des zones humides est \u2018\u2019Zones humides et bien-e\u0302tre humain\u2019\u2019. Pour le Colonel Maizama Abdoulaye, ce the\u0300me met en avant l\u2019imbrication e\u0301troite des zones humides et des humains, les populations tirant leurs moyens de subsistance, leur inspiration et leur re\u0301silience de ces e\u0301cosyste\u0300mes productifs. \u00ab Je vous invite donc, dans vos capacite\u0301s et domaines de compe\u0301tence a\u0300 devenir le gardien de nos zones humides \u00bb, a exhorte\u0301 le Ministre de l\u2019Hydraulique, de l\u2019Assainissement et de l\u2019Environnement.<\/p>\n<p>Le Colonel Maizama Abdoulaye a pre\u0301cise\u0301 que ce the\u0300me, nous rappelle, opportune\u0301ment, qu\u2019investir dans l\u2019utilisation durable des zones humides, c\u2019est investir dans l\u2019avenir de l\u2019humanite\u0301 tenant compte des avantages e\u0301conomiques, sociaux et culturels que peuvent apporter les zones humides aux villes et a\u0300 leurs habitants. \u00abNous devons donc travailler a\u0300 changer radicalement nos modes d\u2019exploitation et de valorisation de ces e\u0301cosyste\u0300mes sensibles si tant est que nous voulons, durablement, be\u0301ne\u0301ficier des multiples biens et services e\u0301cosyste\u0301miques qu\u2019ils nous procurent \u00bb, a-t-il conclu.<\/p>\n<p><b>Fatiyatou Inoussa (ONEP)<\/b><\/p>\n<p><strong>Pour plus d&rsquo;informations et d&rsquo;analyses sur la <a href=\"https:\/\/www.africa-press.net\/niger\">Niger<\/a>, suivez <a href=\"https:\/\/www.africa-press.net\/\">Africa-Press<\/a><\/strong><\/p>\n","protected":false},"excerpt":{"rendered":"<p>Africa-Press &#8211; Niger. A l\u2019instar de la communaute\u0301 internationale, le Niger ce\u0301le\u0300bre, aujourd\u2019hui 2 fe\u0301vrier, la journe\u0301e mondiale des zones humides. A cette occasion, le ministre de l\u2019Hydraulique, de l\u2019Assainissement et de l\u2019Environnement, le Colonel Maizama Abdoulaye, a livre\u0301 un message dans lequel, il a rappele\u0301 que la restauration des zones humides est un impe\u0301ratif [&hellip;]<\/p>\n","protected":false},"author":82,"featured_media":58215,"comment_status":"open","ping_status":"closed","sticky":false,"template":"","format":"standard","meta":{"footnotes":""},"categories":[2,10],"tags":[55,60,29],"class_list":["post-58217","post","type-post","status-publish","format-standard","has-post-thumbnail","hentry","category-politique","category-toutes-les-actualites","tag-africa-press","tag-africa-press-niger","tag-niger"],"yoast_head":"<!-- This site is optimized with the Yoast SEO Premium plugin v26.1 (Yoast SEO v27.0) - https:\/\/yoast.com\/product\/yoast-seo-premium-wordpress\/ -->\n<title>Journ\u00e9e mondiale des zones humides : Le Colonel Maizama Abdoulaye rel\u00e8ve la n\u00e9cessit\u00e9 d\u2019un changement radical des modes d\u2019exploitation et de valorisation de ces \u00e9cosyst\u00e8mes - niger<\/title>\n<meta name=\"description\" content=\"A l\u2019instar de la communaute\u0301 internationale, le Niger ce\u0301le\u0300bre, aujourd\u2019hui 2 fe\u0301vrier, la journe\u0301e mondiale des zones ...\" \/>\n<meta name=\"robots\" content=\"index, follow, max-snippet:-1, max-image-preview:large, max-video-preview:-1\" \/>\n<link rel=\"canonical\" href=\"https:\/\/www.africa-press.net\/niger\/politique\/journee-mondiale-des-zones-humides-le-colonel-maizama-abdoulaye-releve-la-necessite-dun-changement-radical-des-modes-dexploitation-et-de-valorisation-de-ces-ecosystemes\" \/>\n<meta property=\"og:locale\" content=\"fr_FR\" \/>\n<meta property=\"og:type\" content=\"article\" \/>\n<meta property=\"og:title\" content=\"Journ\u00e9e mondiale des zones humides : Le Colonel Maizama Abdoulaye rel\u00e8ve la n\u00e9cessit\u00e9 d\u2019un changement radical des modes d\u2019exploitation et de valorisation de ces \u00e9cosyst\u00e8mes\" \/>\n<meta property=\"og:description\" content=\"A l\u2019instar de la communaute\u0301 internationale, le Niger ce\u0301le\u0300bre, aujourd\u2019hui 2 fe\u0301vrier, la journe\u0301e mondiale des zones ...\" \/>\n<meta property=\"og:url\" content=\"https:\/\/www.africa-press.net\/niger\/politique\/journee-mondiale-des-zones-humides-le-colonel-maizama-abdoulaye-releve-la-necessite-dun-changement-radical-des-modes-dexploitation-et-de-valorisation-de-ces-ecosystemes\" \/>\n<meta property=\"og:site_name\" content=\"niger\" \/>\n<meta property=\"article:published_time\" content=\"2024-02-03T15:42:33+00:00\" \/>\n<meta property=\"article:modified_time\" content=\"2024-02-03T16:59:24+00:00\" \/>\n<meta property=\"og:image\" content=\"https:\/\/static.africa-press.net\/niger\/sites\/40\/2024\/02\/sm_1706966923.85506.jpg\" \/>\n\t<meta property=\"og:image:width\" content=\"1024\" \/>\n\t<meta property=\"og:image:height\" content=\"768\" \/>\n\t<meta property=\"og:image:type\" content=\"image\/jpeg\" \/>\n<meta name=\"author\" content=\"cfeditorfr\" \/>\n<meta name=\"twitter:card\" content=\"summary_large_image\" \/>\n<meta name=\"twitter:label1\" content=\"\u00c9crit par\" \/>\n\t<meta name=\"twitter:data1\" content=\"cfeditorfr\" \/>\n\t<meta name=\"twitter:label2\" content=\"Dur\u00e9e de lecture estim\u00e9e\" \/>\n\t<meta name=\"twitter:data2\" content=\"2 minutes\" \/>\n<script type=\"application\/ld+json\" class=\"yoast-schema-graph\">{\"@context\":\"https:\/\/schema.org\",\"@graph\":[{\"@type\":\"Article\",\"@id\":\"https:\/\/www.africa-press.net\/niger\/politique\/journee-mondiale-des-zones-humides-le-colonel-maizama-abdoulaye-releve-la-necessite-dun-changement-radical-des-modes-dexploitation-et-de-valorisation-de-ces-ecosystemes#article\",\"isPartOf\":{\"@id\":\"https:\/\/www.africa-press.net\/niger\/politique\/journee-mondiale-des-zones-humides-le-colonel-maizama-abdoulaye-releve-la-necessite-dun-changement-radical-des-modes-dexploitation-et-de-valorisation-de-ces-ecosystemes\"},\"author\":{\"name\":\"cfeditorfr\",\"@id\":\"https:\/\/www.africa-press.net\/niger\/#\/schema\/person\/2b1cf3cd81a31e3cd26889ca66d677f1\"},\"headline\":\"Journ\u00e9e mondiale des zones humides : Le Colonel Maizama Abdoulaye rel\u00e8ve la n\u00e9cessit\u00e9 d\u2019un changement radical des modes d\u2019exploitation et de valorisation de ces \u00e9cosyst\u00e8mes\",\"datePublished\":\"2024-02-03T15:42:33+00:00\",\"dateModified\":\"2024-02-03T16:59:24+00:00\",\"mainEntityOfPage\":{\"@id\":\"https:\/\/www.africa-press.net\/niger\/politique\/journee-mondiale-des-zones-humides-le-colonel-maizama-abdoulaye-releve-la-necessite-dun-changement-radical-des-modes-dexploitation-et-de-valorisation-de-ces-ecosystemes\"},\"wordCount\":528,\"commentCount\":0,\"image\":{\"@id\":\"https:\/\/www.africa-press.net\/niger\/politique\/journee-mondiale-des-zones-humides-le-colonel-maizama-abdoulaye-releve-la-necessite-dun-changement-radical-des-modes-dexploitation-et-de-valorisation-de-ces-ecosystemes#primaryimage\"},\"thumbnailUrl\":\"https:\/\/static.africa-press.net\/niger\/sites\/40\/2024\/02\/sm_1706966923.85506.jpg\",\"keywords\":[\"Africa Press\",\"Africa Press-Niger\",\"Niger\"],\"articleSection\":[\"Politique\",\"Toutes les actualit\u00e9s\"],\"inLanguage\":\"fr-FR\",\"potentialAction\":[{\"@type\":\"CommentAction\",\"name\":\"Comment\",\"target\":[\"https:\/\/www.africa-press.net\/niger\/politique\/journee-mondiale-des-zones-humides-le-colonel-maizama-abdoulaye-releve-la-necessite-dun-changement-radical-des-modes-dexploitation-et-de-valorisation-de-ces-ecosystemes#respond\"]}]},{\"@type\":\"WebPage\",\"@id\":\"https:\/\/www.africa-press.net\/niger\/politique\/journee-mondiale-des-zones-humides-le-colonel-maizama-abdoulaye-releve-la-necessite-dun-changement-radical-des-modes-dexploitation-et-de-valorisation-de-ces-ecosystemes\",\"url\":\"https:\/\/www.africa-press.net\/niger\/politique\/journee-mondiale-des-zones-humides-le-colonel-maizama-abdoulaye-releve-la-necessite-dun-changement-radical-des-modes-dexploitation-et-de-valorisation-de-ces-ecosystemes\",\"name\":\"Journ\u00e9e mondiale des zones humides : Le Colonel Maizama Abdoulaye rel\u00e8ve la n\u00e9cessit\u00e9 d\u2019un changement radical des modes d\u2019exploitation et de valorisation de ces \u00e9cosyst\u00e8mes - niger\",\"isPartOf\":{\"@id\":\"https:\/\/www.africa-press.net\/niger\/#website\"},\"primaryImageOfPage\":{\"@id\":\"https:\/\/www.africa-press.net\/niger\/politique\/journee-mondiale-des-zones-humides-le-colonel-maizama-abdoulaye-releve-la-necessite-dun-changement-radical-des-modes-dexploitation-et-de-valorisation-de-ces-ecosystemes#primaryimage\"},\"image\":{\"@id\":\"https:\/\/www.africa-press.net\/niger\/politique\/journee-mondiale-des-zones-humides-le-colonel-maizama-abdoulaye-releve-la-necessite-dun-changement-radical-des-modes-dexploitation-et-de-valorisation-de-ces-ecosystemes#primaryimage\"},\"thumbnailUrl\":\"https:\/\/static.africa-press.net\/niger\/sites\/40\/2024\/02\/sm_1706966923.85506.jpg\",\"datePublished\":\"2024-02-03T15:42:33+00:00\",\"dateModified\":\"2024-02-03T16:59:24+00:00\",\"author\":{\"@id\":\"https:\/\/www.africa-press.net\/niger\/#\/schema\/person\/2b1cf3cd81a31e3cd26889ca66d677f1\"},\"description\":\"A l\u2019instar de la communaute\u0301 internationale, le Niger ce\u0301le\u0300bre, aujourd\u2019hui 2 fe\u0301vrier, la journe\u0301e mondiale des zones ...\",\"breadcrumb\":{\"@id\":\"https:\/\/www.africa-press.net\/niger\/politique\/journee-mondiale-des-zones-humides-le-colonel-maizama-abdoulaye-releve-la-necessite-dun-changement-radical-des-modes-dexploitation-et-de-valorisation-de-ces-ecosystemes#breadcrumb\"},\"inLanguage\":\"fr-FR\",\"potentialAction\":[{\"@type\":\"ReadAction\",\"target\":[\"https:\/\/www.africa-press.net\/niger\/politique\/journee-mondiale-des-zones-humides-le-colonel-maizama-abdoulaye-releve-la-necessite-dun-changement-radical-des-modes-dexploitation-et-de-valorisation-de-ces-ecosystemes\"]}]},{\"@type\":\"ImageObject\",\"inLanguage\":\"fr-FR\",\"@id\":\"https:\/\/www.africa-press.net\/niger\/politique\/journee-mondiale-des-zones-humides-le-colonel-maizama-abdoulaye-releve-la-necessite-dun-changement-radical-des-modes-dexploitation-et-de-valorisation-de-ces-ecosystemes#primaryimage\",\"url\":\"https:\/\/static.africa-press.net\/niger\/sites\/40\/2024\/02\/sm_1706966923.85506.jpg\",\"contentUrl\":\"https:\/\/static.africa-press.net\/niger\/sites\/40\/2024\/02\/sm_1706966923.85506.jpg\",\"width\":1024,\"height\":768,\"caption\":\"Journ\u00e9e mondiale des zones humides : Le Colonel Maizama Abdoulaye rel\u00e8ve la n\u00e9cessit\u00e9 d\u2019un changement radical des modes d\u2019exploitation et de valorisation de ces \u00e9cosyst\u00e8mes\"},{\"@type\":\"BreadcrumbList\",\"@id\":\"https:\/\/www.africa-press.net\/niger\/politique\/journee-mondiale-des-zones-humides-le-colonel-maizama-abdoulaye-releve-la-necessite-dun-changement-radical-des-modes-dexploitation-et-de-valorisation-de-ces-ecosystemes#breadcrumb\",\"itemListElement\":[{\"@type\":\"ListItem\",\"position\":1,\"name\":\"Accueil\",\"item\":\"https:\/\/www.africa-press.net\/niger\/\"},{\"@type\":\"ListItem\",\"position\":2,\"name\":\"Journ\u00e9e mondiale des zones humides : Le Colonel Maizama Abdoulaye rel\u00e8ve la n\u00e9cessit\u00e9 d\u2019un changement radical des modes d\u2019exploitation et de valorisation de ces \u00e9cosyst\u00e8mes\"}]},{\"@type\":\"WebSite\",\"@id\":\"https:\/\/www.africa-press.net\/niger\/#website\",\"url\":\"https:\/\/www.africa-press.net\/niger\/\",\"name\":\"niger\",\"description\":\"Just another Africa News Agency Sites site\",\"potentialAction\":[{\"@type\":\"SearchAction\",\"target\":{\"@type\":\"EntryPoint\",\"urlTemplate\":\"https:\/\/www.africa-press.net\/niger\/?s={search_term_string}\"},\"query-input\":{\"@type\":\"PropertyValueSpecification\",\"valueRequired\":true,\"valueName\":\"search_term_string\"}}],\"inLanguage\":\"fr-FR\"},{\"@type\":\"Person\",\"@id\":\"https:\/\/www.africa-press.net\/niger\/#\/schema\/person\/2b1cf3cd81a31e3cd26889ca66d677f1\",\"name\":\"cfeditorfr\"}]}<\/script>\n<!-- \/ Yoast SEO Premium plugin. -->","yoast_head_json":{"title":"Journ\u00e9e mondiale des zones humides : Le Colonel Maizama Abdoulaye rel\u00e8ve la n\u00e9cessit\u00e9 d\u2019un changement radical des modes d\u2019exploitation et de valorisation de ces \u00e9cosyst\u00e8mes - niger","description":"A l\u2019instar de la communaute\u0301 internationale, le Niger ce\u0301le\u0300bre, aujourd\u2019hui 2 fe\u0301vrier, la journe\u0301e mondiale des zones ...","robots":{"index":"index","follow":"follow","max-snippet":"max-snippet:-1","max-image-preview":"max-image-preview:large","max-video-preview":"max-video-preview:-1"},"canonical":"https:\/\/www.africa-press.net\/niger\/politique\/journee-mondiale-des-zones-humides-le-colonel-maizama-abdoulaye-releve-la-necessite-dun-changement-radical-des-modes-dexploitation-et-de-valorisation-de-ces-ecosystemes","og_locale":"fr_FR","og_type":"article","og_title":"Journ\u00e9e mondiale des zones humides : Le Colonel Maizama Abdoulaye rel\u00e8ve la n\u00e9cessit\u00e9 d\u2019un changement radical des modes d\u2019exploitation et de valorisation de ces \u00e9cosyst\u00e8mes","og_description":"A l\u2019instar de la communaute\u0301 internationale, le Niger ce\u0301le\u0300bre, aujourd\u2019hui 2 fe\u0301vrier, la journe\u0301e mondiale des zones ...","og_url":"https:\/\/www.africa-press.net\/niger\/politique\/journee-mondiale-des-zones-humides-le-colonel-maizama-abdoulaye-releve-la-necessite-dun-changement-radical-des-modes-dexploitation-et-de-valorisation-de-ces-ecosystemes","og_site_name":"niger","article_published_time":"2024-02-03T15:42:33+00:00","article_modified_time":"2024-02-03T16:59:24+00:00","og_image":[{"width":1024,"height":768,"url":"https:\/\/static.africa-press.net\/niger\/sites\/40\/2024\/02\/sm_1706966923.85506.jpg","type":"image\/jpeg"}],"author":"cfeditorfr","twitter_card":"summary_large_image","twitter_misc":{"\u00c9crit par":"cfeditorfr","Dur\u00e9e de lecture estim\u00e9e":"2 minutes"},"schema":{"@context":"https:\/\/schema.org","@graph":[{"@type":"Article","@id":"https:\/\/www.africa-press.net\/niger\/politique\/journee-mondiale-des-zones-humides-le-colonel-maizama-abdoulaye-releve-la-necessite-dun-changement-radical-des-modes-dexploitation-et-de-valorisation-de-ces-ecosystemes#article","isPartOf":{"@id":"https:\/\/www.africa-press.net\/niger\/politique\/journee-mondiale-des-zones-humides-le-colonel-maizama-abdoulaye-releve-la-necessite-dun-changement-radical-des-modes-dexploitation-et-de-valorisation-de-ces-ecosystemes"},"author":{"name":"cfeditorfr","@id":"https:\/\/www.africa-press.net\/niger\/#\/schema\/person\/2b1cf3cd81a31e3cd26889ca66d677f1"},"headline":"Journ\u00e9e mondiale des zones humides : Le Colonel Maizama Abdoulaye rel\u00e8ve la n\u00e9cessit\u00e9 d\u2019un changement radical des modes d\u2019exploitation et de valorisation de ces \u00e9cosyst\u00e8mes","datePublished":"2024-02-03T15:42:33+00:00","dateModified":"2024-02-03T16:59:24+00:00","mainEntityOfPage":{"@id":"https:\/\/www.africa-press.net\/niger\/politique\/journee-mondiale-des-zones-humides-le-colonel-maizama-abdoulaye-releve-la-necessite-dun-changement-radical-des-modes-dexploitation-et-de-valorisation-de-ces-ecosystemes"},"wordCount":528,"commentCount":0,"image":{"@id":"https:\/\/www.africa-press.net\/niger\/politique\/journee-mondiale-des-zones-humides-le-colonel-maizama-abdoulaye-releve-la-necessite-dun-changement-radical-des-modes-dexploitation-et-de-valorisation-de-ces-ecosystemes#primaryimage"},"thumbnailUrl":"https:\/\/static.africa-press.net\/niger\/sites\/40\/2024\/02\/sm_1706966923.85506.jpg","keywords":["Africa Press","Africa Press-Niger","Niger"],"articleSection":["Politique","Toutes les actualit\u00e9s"],"inLanguage":"fr-FR","potentialAction":[{"@type":"CommentAction","name":"Comment","target":["https:\/\/www.africa-press.net\/niger\/politique\/journee-mondiale-des-zones-humides-le-colonel-maizama-abdoulaye-releve-la-necessite-dun-changement-radical-des-modes-dexploitation-et-de-valorisation-de-ces-ecosystemes#respond"]}]},{"@type":"WebPage","@id":"https:\/\/www.africa-press.net\/niger\/politique\/journee-mondiale-des-zones-humides-le-colonel-maizama-abdoulaye-releve-la-necessite-dun-changement-radical-des-modes-dexploitation-et-de-valorisation-de-ces-ecosystemes","url":"https:\/\/www.africa-press.net\/niger\/politique\/journee-mondiale-des-zones-humides-le-colonel-maizama-abdoulaye-releve-la-necessite-dun-changement-radical-des-modes-dexploitation-et-de-valorisation-de-ces-ecosystemes","name":"Journ\u00e9e mondiale des zones humides : Le Colonel Maizama Abdoulaye rel\u00e8ve la n\u00e9cessit\u00e9 d\u2019un changement radical des modes d\u2019exploitation et de valorisation de ces \u00e9cosyst\u00e8mes - niger","isPartOf":{"@id":"https:\/\/www.africa-press.net\/niger\/#website"},"primaryImageOfPage":{"@id":"https:\/\/www.africa-press.net\/niger\/politique\/journee-mondiale-des-zones-humides-le-colonel-maizama-abdoulaye-releve-la-necessite-dun-changement-radical-des-modes-dexploitation-et-de-valorisation-de-ces-ecosystemes#primaryimage"},"image":{"@id":"https:\/\/www.africa-press.net\/niger\/politique\/journee-mondiale-des-zones-humides-le-colonel-maizama-abdoulaye-releve-la-necessite-dun-changement-radical-des-modes-dexploitation-et-de-valorisation-de-ces-ecosystemes#primaryimage"},"thumbnailUrl":"https:\/\/static.africa-press.net\/niger\/sites\/40\/2024\/02\/sm_1706966923.85506.jpg","datePublished":"2024-02-03T15:42:33+00:00","dateModified":"2024-02-03T16:59:24+00:00","author":{"@id":"https:\/\/www.africa-press.net\/niger\/#\/schema\/person\/2b1cf3cd81a31e3cd26889ca66d677f1"},"description":"A l\u2019instar de la communaute\u0301 internationale, le Niger ce\u0301le\u0300bre, aujourd\u2019hui 2 fe\u0301vrier, la journe\u0301e mondiale des zones ...","breadcrumb":{"@id":"https:\/\/www.africa-press.net\/niger\/politique\/journee-mondiale-des-zones-humides-le-colonel-maizama-abdoulaye-releve-la-necessite-dun-changement-radical-des-modes-dexploitation-et-de-valorisation-de-ces-ecosystemes#breadcrumb"},"inLanguage":"fr-FR","potentialAction":[{"@type":"ReadAction","target":["https:\/\/www.africa-press.net\/niger\/politique\/journee-mondiale-des-zones-humides-le-colonel-maizama-abdoulaye-releve-la-necessite-dun-changement-radical-des-modes-dexploitation-et-de-valorisation-de-ces-ecosystemes"]}]},{"@type":"ImageObject","inLanguage":"fr-FR","@id":"https:\/\/www.africa-press.net\/niger\/politique\/journee-mondiale-des-zones-humides-le-colonel-maizama-abdoulaye-releve-la-necessite-dun-changement-radical-des-modes-dexploitation-et-de-valorisation-de-ces-ecosystemes#primaryimage","url":"https:\/\/static.africa-press.net\/niger\/sites\/40\/2024\/02\/sm_1706966923.85506.jpg","contentUrl":"https:\/\/static.africa-press.net\/niger\/sites\/40\/2024\/02\/sm_1706966923.85506.jpg","width":1024,"height":768,"caption":"Journ\u00e9e mondiale des zones humides : Le Colonel Maizama Abdoulaye rel\u00e8ve la n\u00e9cessit\u00e9 d\u2019un changement radical des modes d\u2019exploitation et de valorisation de ces \u00e9cosyst\u00e8mes"},{"@type":"BreadcrumbList","@id":"https:\/\/www.africa-press.net\/niger\/politique\/journee-mondiale-des-zones-humides-le-colonel-maizama-abdoulaye-releve-la-necessite-dun-changement-radical-des-modes-dexploitation-et-de-valorisation-de-ces-ecosystemes#breadcrumb","itemListElement":[{"@type":"ListItem","position":1,"name":"Accueil","item":"https:\/\/www.africa-press.net\/niger\/"},{"@type":"ListItem","position":2,"name":"Journ\u00e9e mondiale des zones humides : Le Colonel Maizama Abdoulaye rel\u00e8ve la n\u00e9cessit\u00e9 d\u2019un changement radical des modes d\u2019exploitation et de valorisation de ces \u00e9cosyst\u00e8mes"}]},{"@type":"WebSite","@id":"https:\/\/www.africa-press.net\/niger\/#website","url":"https:\/\/www.africa-press.net\/niger\/","name":"niger","description":"Just another Africa News Agency Sites site","potentialAction":[{"@type":"SearchAction","target":{"@type":"EntryPoint","urlTemplate":"https:\/\/www.africa-press.net\/niger\/?s={search_term_string}"},"query-input":{"@type":"PropertyValueSpecification","valueRequired":true,"valueName":"search_term_string"}}],"inLanguage":"fr-FR"},{"@type":"Person","@id":"https:\/\/www.africa-press.net\/niger\/#\/schema\/person\/2b1cf3cd81a31e3cd26889ca66d677f1","name":"cfeditorfr"}]}},"_links":{"self":[{"href":"https:\/\/www.africa-press.net\/niger\/wp-json\/wp\/v2\/posts\/58217","targetHints":{"allow":["GET"]}}],"collection":[{"href":"https:\/\/www.africa-press.net\/niger\/wp-json\/wp\/v2\/posts"}],"about":[{"href":"https:\/\/www.africa-press.net\/niger\/wp-json\/wp\/v2\/types\/post"}],"author":[{"embeddable":true,"href":"https:\/\/www.africa-press.net\/niger\/wp-json\/wp\/v2\/users\/82"}],"replies":[{"embeddable":true,"href":"https:\/\/www.africa-press.net\/niger\/wp-json\/wp\/v2\/comments?post=58217"}],"version-history":[{"count":0,"href":"https:\/\/www.africa-press.net\/niger\/wp-json\/wp\/v2\/posts\/58217\/revisions"}],"wp:featuredmedia":[{"embeddable":true,"href":"https:\/\/www.africa-press.net\/niger\/wp-json\/wp\/v2\/media\/58215"}],"wp:attachment":[{"href":"https:\/\/www.africa-press.net\/niger\/wp-json\/wp\/v2\/media?parent=58217"}],"wp:term":[{"taxonomy":"category","embeddable":true,"href":"https:\/\/www.africa-press.net\/niger\/wp-json\/wp\/v2\/categories?post=58217"},{"taxonomy":"post_tag","embeddable":true,"href":"https:\/\/www.africa-press.net\/niger\/wp-json\/wp\/v2\/tags?post=58217"}],"curies":[{"name":"wp","href":"https:\/\/api.w.org\/{rel}","templated":true}]}}