{"id":58220,"date":"2024-02-03T15:42:49","date_gmt":"2024-02-03T15:42:49","guid":{"rendered":"https:\/\/www.africa-press.net\/niger\/politique\/a-la-presidence-de-la-republique-le-chef-de-letat-recoit-le-ministre-des-affaires-etrangeres-de-la-cooperation-regionale-et-des-burkinabe-de-lexterieur"},"modified":"2024-02-03T16:59:45","modified_gmt":"2024-02-03T16:59:45","slug":"a-la-presidence-de-la-republique-le-chef-de-letat-recoit-le-ministre-des-affaires-etrangeres-de-la-cooperation-regionale-et-des-burkinabe-de-lexterieur","status":"publish","type":"post","link":"https:\/\/www.africa-press.net\/niger\/politique\/a-la-presidence-de-la-republique-le-chef-de-letat-recoit-le-ministre-des-affaires-etrangeres-de-la-cooperation-regionale-et-des-burkinabe-de-lexterieur","title":{"rendered":"\u00c0 la Pr\u00e9sidence de la R\u00e9publique : Le Chef de l\u2019\u00c9tat re\u00e7oit le ministre des Affaires \u00e9trang\u00e8res, de la coop\u00e9ration r\u00e9gionale et des Burkinab\u00e8 de l\u2019ext\u00e9rieur"},"content":{"rendered":"<p><span style=\"color: #ff6600\"><strong>Africa-Press &#8211; Niger. <\/strong><\/span>Le Pre\u0301sident du Conseil National pour la Sauvegarde de la Patrie (CNSP), Chef de l\u2019E\u0301tat, le Ge\u0301ne\u0301ral de Brigade Abdourahamane Tiani a rec\u0327u, hier soir a\u0300 son cabinet, le ministre des Affaires e\u0301trange\u0300res, de la Coope\u0301ration re\u0301gionale et des Burkinabe\u0300 de l\u2019exterieur, M Karamoko Jean Marie Traore\u0301. Cette audience s\u2019est de\u0301roule\u0301e en pre\u0301sence du ministre de la Justice et des droits de l\u2019Homme, Garde des Sceaux, M. Alio Daouda assurant l\u2019inte\u0301rim du ministre des Affaires e\u0301trange\u0300res, du ministre Directeur de Cabinet du Pre\u0301sident du CNSP, Dr Soumana Boubacar et du Secre\u0301taire Permanent du CNSP, le Colonel Sahabi Sani.<\/p>\n<p>&nbsp;<\/p>\n<p><strong>Pour plus d&rsquo;informations et d&rsquo;analyses sur la <a href=\"https:\/\/www.africa-press.net\/niger\">Niger<\/a>, suivez <a href=\"https:\/\/www.africa-press.net\/\">Africa-Press<\/a><\/strong><\/p>\n","protected":false},"excerpt":{"rendered":"<p>Africa-Press &#8211; Niger. Le Pre\u0301sident du Conseil National pour la Sauvegarde de la Patrie (CNSP), Chef de l\u2019E\u0301tat, le Ge\u0301ne\u0301ral de Brigade Abdourahamane Tiani a rec\u0327u, hier soir a\u0300 son cabinet, le ministre des Affaires e\u0301trange\u0300res, de la Coope\u0301ration re\u0301gionale et des Burkinabe\u0300 de l\u2019exterieur, M Karamoko Jean Marie Traore\u0301. Cette audience s\u2019est de\u0301roule\u0301e en [&hellip;]<\/p>\n","protected":false},"author":82,"featured_media":58218,"comment_status":"open","ping_status":"closed","sticky":false,"template":"","format":"standard","meta":{"footnotes":""},"categories":[2,20,10],"tags":[55,60,29],"class_list":["post-58220","post","type-post","status-publish","format-standard","has-post-thumbnail","hentry","category-politique","category-top-nouvelles","category-toutes-les-actualites","tag-africa-press","tag-africa-press-niger","tag-niger"],"yoast_head":"<!-- This site is optimized with the Yoast SEO Premium plugin v26.1 (Yoast SEO v27.0) - https:\/\/yoast.com\/product\/yoast-seo-premium-wordpress\/ -->\n<title>\u00c0 la Pr\u00e9sidence de la R\u00e9publique : Le Chef de l\u2019\u00c9tat re\u00e7oit le ministre des Affaires \u00e9trang\u00e8res, de la coop\u00e9ration r\u00e9gionale et des Burkinab\u00e8 de l\u2019ext\u00e9rieur - niger<\/title>\n<meta name=\"description\" content=\"Le Pre\u0301sident du Conseil National pour la Sauvegarde de la Patrie (CNSP), Chef de l\u2019E\u0301tat, le Ge\u0301ne\u0301ral de Brigade Abdou ...\" \/>\n<meta name=\"robots\" content=\"index, follow, max-snippet:-1, max-image-preview:large, max-video-preview:-1\" \/>\n<link rel=\"canonical\" href=\"https:\/\/www.africa-press.net\/niger\/politique\/a-la-presidence-de-la-republique-le-chef-de-letat-recoit-le-ministre-des-affaires-etrangeres-de-la-cooperation-regionale-et-des-burkinabe-de-lexterieur\" \/>\n<meta property=\"og:locale\" content=\"fr_FR\" \/>\n<meta property=\"og:type\" content=\"article\" \/>\n<meta property=\"og:title\" content=\"\u00c0 la Pr\u00e9sidence de la R\u00e9publique : Le Chef de l\u2019\u00c9tat re\u00e7oit le ministre des Affaires \u00e9trang\u00e8res, de la coop\u00e9ration r\u00e9gionale et des Burkinab\u00e8 de l\u2019ext\u00e9rieur\" \/>\n<meta property=\"og:description\" content=\"Le Pre\u0301sident du Conseil National pour la Sauvegarde de la Patrie (CNSP), Chef de l\u2019E\u0301tat, le Ge\u0301ne\u0301ral de Brigade Abdou ...\" \/>\n<meta property=\"og:url\" content=\"https:\/\/www.africa-press.net\/niger\/politique\/a-la-presidence-de-la-republique-le-chef-de-letat-recoit-le-ministre-des-affaires-etrangeres-de-la-cooperation-regionale-et-des-burkinabe-de-lexterieur\" \/>\n<meta property=\"og:site_name\" content=\"niger\" \/>\n<meta property=\"article:published_time\" content=\"2024-02-03T15:42:49+00:00\" \/>\n<meta property=\"article:modified_time\" content=\"2024-02-03T16:59:45+00:00\" \/>\n<meta property=\"og:image\" content=\"https:\/\/static.africa-press.net\/niger\/sites\/40\/2024\/02\/sm_1706966940.911834.jpg\" \/>\n\t<meta property=\"og:image:width\" content=\"1024\" \/>\n\t<meta property=\"og:image:height\" content=\"683\" \/>\n\t<meta property=\"og:image:type\" content=\"image\/jpeg\" \/>\n<meta name=\"author\" content=\"cfeditorfr\" \/>\n<meta name=\"twitter:card\" content=\"summary_large_image\" \/>\n<meta name=\"twitter:label1\" content=\"\u00c9crit par\" \/>\n\t<meta name=\"twitter:data1\" content=\"cfeditorfr\" \/>\n\t<meta name=\"twitter:label2\" content=\"Dur\u00e9e de lecture estim\u00e9e\" \/>\n\t<meta name=\"twitter:data2\" content=\"1 minute\" \/>\n<script type=\"application\/ld+json\" class=\"yoast-schema-graph\">{\"@context\":\"https:\/\/schema.org\",\"@graph\":[{\"@type\":\"Article\",\"@id\":\"https:\/\/www.africa-press.net\/niger\/politique\/a-la-presidence-de-la-republique-le-chef-de-letat-recoit-le-ministre-des-affaires-etrangeres-de-la-cooperation-regionale-et-des-burkinabe-de-lexterieur#article\",\"isPartOf\":{\"@id\":\"https:\/\/www.africa-press.net\/niger\/politique\/a-la-presidence-de-la-republique-le-chef-de-letat-recoit-le-ministre-des-affaires-etrangeres-de-la-cooperation-regionale-et-des-burkinabe-de-lexterieur\"},\"author\":{\"name\":\"cfeditorfr\",\"@id\":\"https:\/\/www.africa-press.net\/niger\/#\/schema\/person\/2b1cf3cd81a31e3cd26889ca66d677f1\"},\"headline\":\"\u00c0 la Pr\u00e9sidence de la R\u00e9publique : Le Chef de l\u2019\u00c9tat re\u00e7oit le ministre des Affaires \u00e9trang\u00e8res, de la coop\u00e9ration r\u00e9gionale et des Burkinab\u00e8 de l\u2019ext\u00e9rieur\",\"datePublished\":\"2024-02-03T15:42:49+00:00\",\"dateModified\":\"2024-02-03T16:59:45+00:00\",\"mainEntityOfPage\":{\"@id\":\"https:\/\/www.africa-press.net\/niger\/politique\/a-la-presidence-de-la-republique-le-chef-de-letat-recoit-le-ministre-des-affaires-etrangeres-de-la-cooperation-regionale-et-des-burkinabe-de-lexterieur\"},\"wordCount\":169,\"commentCount\":0,\"image\":{\"@id\":\"https:\/\/www.africa-press.net\/niger\/politique\/a-la-presidence-de-la-republique-le-chef-de-letat-recoit-le-ministre-des-affaires-etrangeres-de-la-cooperation-regionale-et-des-burkinabe-de-lexterieur#primaryimage\"},\"thumbnailUrl\":\"https:\/\/static.africa-press.net\/niger\/sites\/40\/2024\/02\/sm_1706966940.911834.jpg\",\"keywords\":[\"Africa Press\",\"Africa Press-Niger\",\"Niger\"],\"articleSection\":[\"Politique\",\"Top Nouvelles\",\"Toutes les actualit\u00e9s\"],\"inLanguage\":\"fr-FR\",\"potentialAction\":[{\"@type\":\"CommentAction\",\"name\":\"Comment\",\"target\":[\"https:\/\/www.africa-press.net\/niger\/politique\/a-la-presidence-de-la-republique-le-chef-de-letat-recoit-le-ministre-des-affaires-etrangeres-de-la-cooperation-regionale-et-des-burkinabe-de-lexterieur#respond\"]}]},{\"@type\":\"WebPage\",\"@id\":\"https:\/\/www.africa-press.net\/niger\/politique\/a-la-presidence-de-la-republique-le-chef-de-letat-recoit-le-ministre-des-affaires-etrangeres-de-la-cooperation-regionale-et-des-burkinabe-de-lexterieur\",\"url\":\"https:\/\/www.africa-press.net\/niger\/politique\/a-la-presidence-de-la-republique-le-chef-de-letat-recoit-le-ministre-des-affaires-etrangeres-de-la-cooperation-regionale-et-des-burkinabe-de-lexterieur\",\"name\":\"\u00c0 la Pr\u00e9sidence de la R\u00e9publique : Le Chef de l\u2019\u00c9tat re\u00e7oit le ministre des Affaires \u00e9trang\u00e8res, de la coop\u00e9ration r\u00e9gionale et des Burkinab\u00e8 de l\u2019ext\u00e9rieur - niger\",\"isPartOf\":{\"@id\":\"https:\/\/www.africa-press.net\/niger\/#website\"},\"primaryImageOfPage\":{\"@id\":\"https:\/\/www.africa-press.net\/niger\/politique\/a-la-presidence-de-la-republique-le-chef-de-letat-recoit-le-ministre-des-affaires-etrangeres-de-la-cooperation-regionale-et-des-burkinabe-de-lexterieur#primaryimage\"},\"image\":{\"@id\":\"https:\/\/www.africa-press.net\/niger\/politique\/a-la-presidence-de-la-republique-le-chef-de-letat-recoit-le-ministre-des-affaires-etrangeres-de-la-cooperation-regionale-et-des-burkinabe-de-lexterieur#primaryimage\"},\"thumbnailUrl\":\"https:\/\/static.africa-press.net\/niger\/sites\/40\/2024\/02\/sm_1706966940.911834.jpg\",\"datePublished\":\"2024-02-03T15:42:49+00:00\",\"dateModified\":\"2024-02-03T16:59:45+00:00\",\"author\":{\"@id\":\"https:\/\/www.africa-press.net\/niger\/#\/schema\/person\/2b1cf3cd81a31e3cd26889ca66d677f1\"},\"description\":\"Le Pre\u0301sident du Conseil National pour la Sauvegarde de la Patrie (CNSP), Chef de l\u2019E\u0301tat, le Ge\u0301ne\u0301ral de Brigade Abdou ...\",\"breadcrumb\":{\"@id\":\"https:\/\/www.africa-press.net\/niger\/politique\/a-la-presidence-de-la-republique-le-chef-de-letat-recoit-le-ministre-des-affaires-etrangeres-de-la-cooperation-regionale-et-des-burkinabe-de-lexterieur#breadcrumb\"},\"inLanguage\":\"fr-FR\",\"potentialAction\":[{\"@type\":\"ReadAction\",\"target\":[\"https:\/\/www.africa-press.net\/niger\/politique\/a-la-presidence-de-la-republique-le-chef-de-letat-recoit-le-ministre-des-affaires-etrangeres-de-la-cooperation-regionale-et-des-burkinabe-de-lexterieur\"]}]},{\"@type\":\"ImageObject\",\"inLanguage\":\"fr-FR\",\"@id\":\"https:\/\/www.africa-press.net\/niger\/politique\/a-la-presidence-de-la-republique-le-chef-de-letat-recoit-le-ministre-des-affaires-etrangeres-de-la-cooperation-regionale-et-des-burkinabe-de-lexterieur#primaryimage\",\"url\":\"https:\/\/static.africa-press.net\/niger\/sites\/40\/2024\/02\/sm_1706966940.911834.jpg\",\"contentUrl\":\"https:\/\/static.africa-press.net\/niger\/sites\/40\/2024\/02\/sm_1706966940.911834.jpg\",\"width\":1024,\"height\":683,\"caption\":\"\u00c0 la Pr\u00e9sidence de la R\u00e9publique : Le Chef de l\u2019\u00c9tat re\u00e7oit le ministre des Affaires \u00e9trang\u00e8res, de la coop\u00e9ration r\u00e9gionale et des Burkinab\u00e8 de l\u2019ext\u00e9rieur\"},{\"@type\":\"BreadcrumbList\",\"@id\":\"https:\/\/www.africa-press.net\/niger\/politique\/a-la-presidence-de-la-republique-le-chef-de-letat-recoit-le-ministre-des-affaires-etrangeres-de-la-cooperation-regionale-et-des-burkinabe-de-lexterieur#breadcrumb\",\"itemListElement\":[{\"@type\":\"ListItem\",\"position\":1,\"name\":\"Accueil\",\"item\":\"https:\/\/www.africa-press.net\/niger\/\"},{\"@type\":\"ListItem\",\"position\":2,\"name\":\"\u00c0 la Pr\u00e9sidence de la R\u00e9publique : Le Chef de l\u2019\u00c9tat re\u00e7oit le ministre des Affaires \u00e9trang\u00e8res, de la coop\u00e9ration r\u00e9gionale et des Burkinab\u00e8 de l\u2019ext\u00e9rieur\"}]},{\"@type\":\"WebSite\",\"@id\":\"https:\/\/www.africa-press.net\/niger\/#website\",\"url\":\"https:\/\/www.africa-press.net\/niger\/\",\"name\":\"niger\",\"description\":\"Just another Africa News Agency Sites site\",\"potentialAction\":[{\"@type\":\"SearchAction\",\"target\":{\"@type\":\"EntryPoint\",\"urlTemplate\":\"https:\/\/www.africa-press.net\/niger\/?s={search_term_string}\"},\"query-input\":{\"@type\":\"PropertyValueSpecification\",\"valueRequired\":true,\"valueName\":\"search_term_string\"}}],\"inLanguage\":\"fr-FR\"},{\"@type\":\"Person\",\"@id\":\"https:\/\/www.africa-press.net\/niger\/#\/schema\/person\/2b1cf3cd81a31e3cd26889ca66d677f1\",\"name\":\"cfeditorfr\"}]}<\/script>\n<!-- \/ Yoast SEO Premium plugin. -->","yoast_head_json":{"title":"\u00c0 la Pr\u00e9sidence de la R\u00e9publique : Le Chef de l\u2019\u00c9tat re\u00e7oit le ministre des Affaires \u00e9trang\u00e8res, de la coop\u00e9ration r\u00e9gionale et des Burkinab\u00e8 de l\u2019ext\u00e9rieur - niger","description":"Le Pre\u0301sident du Conseil National pour la Sauvegarde de la Patrie (CNSP), Chef de l\u2019E\u0301tat, le Ge\u0301ne\u0301ral de Brigade Abdou ...","robots":{"index":"index","follow":"follow","max-snippet":"max-snippet:-1","max-image-preview":"max-image-preview:large","max-video-preview":"max-video-preview:-1"},"canonical":"https:\/\/www.africa-press.net\/niger\/politique\/a-la-presidence-de-la-republique-le-chef-de-letat-recoit-le-ministre-des-affaires-etrangeres-de-la-cooperation-regionale-et-des-burkinabe-de-lexterieur","og_locale":"fr_FR","og_type":"article","og_title":"\u00c0 la Pr\u00e9sidence de la R\u00e9publique : Le Chef de l\u2019\u00c9tat re\u00e7oit le ministre des Affaires \u00e9trang\u00e8res, de la coop\u00e9ration r\u00e9gionale et des Burkinab\u00e8 de l\u2019ext\u00e9rieur","og_description":"Le Pre\u0301sident du Conseil National pour la Sauvegarde de la Patrie (CNSP), Chef de l\u2019E\u0301tat, le Ge\u0301ne\u0301ral de Brigade Abdou ...","og_url":"https:\/\/www.africa-press.net\/niger\/politique\/a-la-presidence-de-la-republique-le-chef-de-letat-recoit-le-ministre-des-affaires-etrangeres-de-la-cooperation-regionale-et-des-burkinabe-de-lexterieur","og_site_name":"niger","article_published_time":"2024-02-03T15:42:49+00:00","article_modified_time":"2024-02-03T16:59:45+00:00","og_image":[{"width":1024,"height":683,"url":"https:\/\/static.africa-press.net\/niger\/sites\/40\/2024\/02\/sm_1706966940.911834.jpg","type":"image\/jpeg"}],"author":"cfeditorfr","twitter_card":"summary_large_image","twitter_misc":{"\u00c9crit par":"cfeditorfr","Dur\u00e9e de lecture estim\u00e9e":"1 minute"},"schema":{"@context":"https:\/\/schema.org","@graph":[{"@type":"Article","@id":"https:\/\/www.africa-press.net\/niger\/politique\/a-la-presidence-de-la-republique-le-chef-de-letat-recoit-le-ministre-des-affaires-etrangeres-de-la-cooperation-regionale-et-des-burkinabe-de-lexterieur#article","isPartOf":{"@id":"https:\/\/www.africa-press.net\/niger\/politique\/a-la-presidence-de-la-republique-le-chef-de-letat-recoit-le-ministre-des-affaires-etrangeres-de-la-cooperation-regionale-et-des-burkinabe-de-lexterieur"},"author":{"name":"cfeditorfr","@id":"https:\/\/www.africa-press.net\/niger\/#\/schema\/person\/2b1cf3cd81a31e3cd26889ca66d677f1"},"headline":"\u00c0 la Pr\u00e9sidence de la R\u00e9publique : Le Chef de l\u2019\u00c9tat re\u00e7oit le ministre des Affaires \u00e9trang\u00e8res, de la coop\u00e9ration r\u00e9gionale et des Burkinab\u00e8 de l\u2019ext\u00e9rieur","datePublished":"2024-02-03T15:42:49+00:00","dateModified":"2024-02-03T16:59:45+00:00","mainEntityOfPage":{"@id":"https:\/\/www.africa-press.net\/niger\/politique\/a-la-presidence-de-la-republique-le-chef-de-letat-recoit-le-ministre-des-affaires-etrangeres-de-la-cooperation-regionale-et-des-burkinabe-de-lexterieur"},"wordCount":169,"commentCount":0,"image":{"@id":"https:\/\/www.africa-press.net\/niger\/politique\/a-la-presidence-de-la-republique-le-chef-de-letat-recoit-le-ministre-des-affaires-etrangeres-de-la-cooperation-regionale-et-des-burkinabe-de-lexterieur#primaryimage"},"thumbnailUrl":"https:\/\/static.africa-press.net\/niger\/sites\/40\/2024\/02\/sm_1706966940.911834.jpg","keywords":["Africa Press","Africa Press-Niger","Niger"],"articleSection":["Politique","Top Nouvelles","Toutes les actualit\u00e9s"],"inLanguage":"fr-FR","potentialAction":[{"@type":"CommentAction","name":"Comment","target":["https:\/\/www.africa-press.net\/niger\/politique\/a-la-presidence-de-la-republique-le-chef-de-letat-recoit-le-ministre-des-affaires-etrangeres-de-la-cooperation-regionale-et-des-burkinabe-de-lexterieur#respond"]}]},{"@type":"WebPage","@id":"https:\/\/www.africa-press.net\/niger\/politique\/a-la-presidence-de-la-republique-le-chef-de-letat-recoit-le-ministre-des-affaires-etrangeres-de-la-cooperation-regionale-et-des-burkinabe-de-lexterieur","url":"https:\/\/www.africa-press.net\/niger\/politique\/a-la-presidence-de-la-republique-le-chef-de-letat-recoit-le-ministre-des-affaires-etrangeres-de-la-cooperation-regionale-et-des-burkinabe-de-lexterieur","name":"\u00c0 la Pr\u00e9sidence de la R\u00e9publique : Le Chef de l\u2019\u00c9tat re\u00e7oit le ministre des Affaires \u00e9trang\u00e8res, de la coop\u00e9ration r\u00e9gionale et des Burkinab\u00e8 de l\u2019ext\u00e9rieur - niger","isPartOf":{"@id":"https:\/\/www.africa-press.net\/niger\/#website"},"primaryImageOfPage":{"@id":"https:\/\/www.africa-press.net\/niger\/politique\/a-la-presidence-de-la-republique-le-chef-de-letat-recoit-le-ministre-des-affaires-etrangeres-de-la-cooperation-regionale-et-des-burkinabe-de-lexterieur#primaryimage"},"image":{"@id":"https:\/\/www.africa-press.net\/niger\/politique\/a-la-presidence-de-la-republique-le-chef-de-letat-recoit-le-ministre-des-affaires-etrangeres-de-la-cooperation-regionale-et-des-burkinabe-de-lexterieur#primaryimage"},"thumbnailUrl":"https:\/\/static.africa-press.net\/niger\/sites\/40\/2024\/02\/sm_1706966940.911834.jpg","datePublished":"2024-02-03T15:42:49+00:00","dateModified":"2024-02-03T16:59:45+00:00","author":{"@id":"https:\/\/www.africa-press.net\/niger\/#\/schema\/person\/2b1cf3cd81a31e3cd26889ca66d677f1"},"description":"Le Pre\u0301sident du Conseil National pour la Sauvegarde de la Patrie (CNSP), Chef de l\u2019E\u0301tat, le Ge\u0301ne\u0301ral de Brigade Abdou ...","breadcrumb":{"@id":"https:\/\/www.africa-press.net\/niger\/politique\/a-la-presidence-de-la-republique-le-chef-de-letat-recoit-le-ministre-des-affaires-etrangeres-de-la-cooperation-regionale-et-des-burkinabe-de-lexterieur#breadcrumb"},"inLanguage":"fr-FR","potentialAction":[{"@type":"ReadAction","target":["https:\/\/www.africa-press.net\/niger\/politique\/a-la-presidence-de-la-republique-le-chef-de-letat-recoit-le-ministre-des-affaires-etrangeres-de-la-cooperation-regionale-et-des-burkinabe-de-lexterieur"]}]},{"@type":"ImageObject","inLanguage":"fr-FR","@id":"https:\/\/www.africa-press.net\/niger\/politique\/a-la-presidence-de-la-republique-le-chef-de-letat-recoit-le-ministre-des-affaires-etrangeres-de-la-cooperation-regionale-et-des-burkinabe-de-lexterieur#primaryimage","url":"https:\/\/static.africa-press.net\/niger\/sites\/40\/2024\/02\/sm_1706966940.911834.jpg","contentUrl":"https:\/\/static.africa-press.net\/niger\/sites\/40\/2024\/02\/sm_1706966940.911834.jpg","width":1024,"height":683,"caption":"\u00c0 la Pr\u00e9sidence de la R\u00e9publique : Le Chef de l\u2019\u00c9tat re\u00e7oit le ministre des Affaires \u00e9trang\u00e8res, de la coop\u00e9ration r\u00e9gionale et des Burkinab\u00e8 de l\u2019ext\u00e9rieur"},{"@type":"BreadcrumbList","@id":"https:\/\/www.africa-press.net\/niger\/politique\/a-la-presidence-de-la-republique-le-chef-de-letat-recoit-le-ministre-des-affaires-etrangeres-de-la-cooperation-regionale-et-des-burkinabe-de-lexterieur#breadcrumb","itemListElement":[{"@type":"ListItem","position":1,"name":"Accueil","item":"https:\/\/www.africa-press.net\/niger\/"},{"@type":"ListItem","position":2,"name":"\u00c0 la Pr\u00e9sidence de la R\u00e9publique : Le Chef de l\u2019\u00c9tat re\u00e7oit le ministre des Affaires \u00e9trang\u00e8res, de la coop\u00e9ration r\u00e9gionale et des Burkinab\u00e8 de l\u2019ext\u00e9rieur"}]},{"@type":"WebSite","@id":"https:\/\/www.africa-press.net\/niger\/#website","url":"https:\/\/www.africa-press.net\/niger\/","name":"niger","description":"Just another Africa News Agency Sites site","potentialAction":[{"@type":"SearchAction","target":{"@type":"EntryPoint","urlTemplate":"https:\/\/www.africa-press.net\/niger\/?s={search_term_string}"},"query-input":{"@type":"PropertyValueSpecification","valueRequired":true,"valueName":"search_term_string"}}],"inLanguage":"fr-FR"},{"@type":"Person","@id":"https:\/\/www.africa-press.net\/niger\/#\/schema\/person\/2b1cf3cd81a31e3cd26889ca66d677f1","name":"cfeditorfr"}]}},"_links":{"self":[{"href":"https:\/\/www.africa-press.net\/niger\/wp-json\/wp\/v2\/posts\/58220","targetHints":{"allow":["GET"]}}],"collection":[{"href":"https:\/\/www.africa-press.net\/niger\/wp-json\/wp\/v2\/posts"}],"about":[{"href":"https:\/\/www.africa-press.net\/niger\/wp-json\/wp\/v2\/types\/post"}],"author":[{"embeddable":true,"href":"https:\/\/www.africa-press.net\/niger\/wp-json\/wp\/v2\/users\/82"}],"replies":[{"embeddable":true,"href":"https:\/\/www.africa-press.net\/niger\/wp-json\/wp\/v2\/comments?post=58220"}],"version-history":[{"count":0,"href":"https:\/\/www.africa-press.net\/niger\/wp-json\/wp\/v2\/posts\/58220\/revisions"}],"wp:featuredmedia":[{"embeddable":true,"href":"https:\/\/www.africa-press.net\/niger\/wp-json\/wp\/v2\/media\/58218"}],"wp:attachment":[{"href":"https:\/\/www.africa-press.net\/niger\/wp-json\/wp\/v2\/media?parent=58220"}],"wp:term":[{"taxonomy":"category","embeddable":true,"href":"https:\/\/www.africa-press.net\/niger\/wp-json\/wp\/v2\/categories?post=58220"},{"taxonomy":"post_tag","embeddable":true,"href":"https:\/\/www.africa-press.net\/niger\/wp-json\/wp\/v2\/tags?post=58220"}],"curies":[{"name":"wp","href":"https:\/\/api.w.org\/{rel}","templated":true}]}}