{"id":58226,"date":"2024-02-03T15:43:36","date_gmt":"2024-02-03T15:43:36","guid":{"rendered":"https:\/\/www.africa-press.net\/niger\/politique\/afrique-de-louest-burkina-faso-mali-et-niger-se-retirent-de-la-cedeao-quelles-consequences-pour-la-sous-region"},"modified":"2024-02-03T17:01:21","modified_gmt":"2024-02-03T17:01:21","slug":"afrique-de-louest-burkina-faso-mali-et-niger-se-retirent-de-la-cedeao-quelles-consequences-pour-la-sous-region","status":"publish","type":"post","link":"https:\/\/www.africa-press.net\/niger\/politique\/afrique-de-louest-burkina-faso-mali-et-niger-se-retirent-de-la-cedeao-quelles-consequences-pour-la-sous-region","title":{"rendered":"Afrique de l&rsquo;Ouest: Burkina Faso, Mali et Niger se retirent de la CEDEAO &#8211; Quelles cons\u00e9quences pour la sous-r\u00e9gion?"},"content":{"rendered":"<p><span style=\"color: #ff6600\"><strong>Africa-Press &#8211; Niger. <\/strong><\/span>Depuis l&rsquo;ave\u0300nement des juntes militaires a\u0300 la te\u0302te du Mali, du Burkina Faso et Niger, les relations se sont de\u0301te\u0301riore\u0301es entre celles-ci et la Communaute\u0301 e\u0301conomique des E\u0301tats de l&rsquo;Afrique de l&rsquo;Ouest (Cedeao). Conforme\u0301ment a\u0300 ses principes, l&rsquo;organisation sous-re\u0301gionale a vigoureusement sanctionne\u0301 la prise du pouvoir par la force dans ces pays, entrai\u0302nant une re\u0301action belliqueuse sans pre\u0301ce\u0301dent de la part des putschistes a\u0300 la te\u0302te de ces E\u0301tats membres de l&rsquo;organisation.<\/p>\n<p>La crise a atteint son paroxysme lorsque le 28 janvier 2024, les trois E\u0301tats, qui ont cre\u0301e\u0301 depuis, l&rsquo;Alliance des E\u0301tats du Sahel (AES), ont proclame\u0301 ensemble leur retrait de la Cedeao. Me\u0302me si cette re\u0301action n&rsquo;est pas une nouveaute\u0301 dans l&rsquo;histoire de cette organisation &#8211; la Mauritanie s&rsquo;est retire\u0301e de l&rsquo;organisation en 2000 -, il est a\u0300 souligner que cette rupture, si elle devait e\u0302tre confirme\u0301e, laisse pre\u0301sager des conse\u0301quences tous azimuts pour toute l&rsquo;Afrique de l&rsquo;Ouest re\u0301pute\u0301e comme e\u0301tant une re\u0301gion plus inte\u0301gre\u0301e que d&rsquo;autres en Afrique.<\/p>\n<p>Or le Burkina Faso, le Mali et le Niger, qui forment l&rsquo;espace sahe\u0301lo-saharien de l&rsquo;Afrique de l&rsquo;Ouest, sont des E\u0301tats indispensables dans le processus d&rsquo;inte\u0301gration et surtout dans la que\u0302te de la stabilite\u0301 de la sous-re\u0301gion durement e\u0301prouve\u0301e par le terrorisme.<\/p>\n<p>Mes recherches portent, entre autres, sur les questions de libre circulation des personnes et des biens et la se\u0301curite\u0301 dans l&rsquo;espace Cedeao. Cet article analyse les conse\u0301quences de cette de\u0301cision sur la lutte contre le terrorisme et l&rsquo;inte\u0301gration e\u0301conomique re\u0301gionale.<\/p>\n<p><b>Recul dans la lutte contre le terrorisme<\/b><\/p>\n<p>L&rsquo;une des conse\u0301quences politiques majeures de la de\u0301cision de ces trois E\u0301tats re\u0301side dans la fragilisation de la coope\u0301ration en matie\u0300re de lutte contre le terrorisme. Cette coope\u0301ration, de\u0301ja\u0300 mal en point, compte tenu des relations quelque peu tendues entre certains E\u0301tats membres de l&rsquo;organisation, connai\u0302tra a\u0300 coup su\u0302r un recul au grand dam de la se\u0301curite\u0301 sous-re\u0301gionale. Cette situation est tre\u0300s paradoxale e\u0301tant donne\u0301 que c&rsquo;est le terrorisme qui est venu semer la discorde entre certains E\u0301tats membres et la Cedeao. Les militaires justifient leur interfe\u0301rence dans la vie politique de ces E\u0301tats par l&rsquo;incapacite\u0301 des autorite\u0301s civiles a\u0300 endiguer le fle\u0301au.<\/p>\n<p>Cependant, force est de constater que le terrorisme, comme un cancer, est en train de ronger inexorablement toute la sous-re\u0301gion. Finalement, la lutte contre le terrorisme, du moins dans sa dimension re\u0301gionale, reste jusqu&rsquo;a\u0300 ce jour un e\u0301chec total.<\/p>\n<p>Outre la re\u0301gression de la coope\u0301ration re\u0301gionale dans la lutte contre le terrorisme en Afrique de l&rsquo;Ouest, une autre incidence politique du retrait de ces trois E\u0301tats de la Cedeao est l&rsquo;affaiblissement des relations bilate\u0301rales entre plusieurs E\u0301tats et les trois \u00ab\u00a0se\u0301cessionnistes\u00a0\u00bb.<\/p>\n<p>Rappelons au passage que les relations toujours tendues entre la Co\u0302te d&rsquo;Ivoire et le Mali, entre le Burkina Faso et la Co\u0302te d&rsquo;Ivoire. Par ailleurs, la crise s&rsquo;est installe\u0301e entre le Be\u0301nin, le Nigeria, d&rsquo;un co\u0302te\u0301, et le Niger de l&rsquo;autre, conse\u0301cutive a\u0300 la fermeture de la frontie\u0300re entre les deux pays de la zone humide et co\u0302tie\u0300re de l&rsquo;Afrique de l&rsquo;Ouest et le Niger, d&rsquo;autre part.<\/p>\n<p>Au point de vue strate\u0301gique, le retrait de ces trois E\u0301tats plus ou moins homoge\u0300nes sur le plan ge\u0301ographique, provoquera l&rsquo;e\u0301mergence de l&rsquo;AES et une redistribution des cartes en termes de zone d&rsquo;influence. Les Occidentaux seront contraints de ce\u0301der la place aux Russes, Chinois, entre autres. Me\u0302me certains E\u0301tats du Maghreb comme le Maroc y trouveront une opportunite\u0301 pour ouvrir les portes de l&rsquo;Atlantique ou de la Me\u0301diterrane\u0301e a\u0300 ces E\u0301tats.<\/p>\n<p><b>Un coup dur a\u0300 l&rsquo;inte\u0301gration sous-re\u0301gionale<\/b><\/p>\n<p>Quelques anne\u0301es apre\u0300s sa cre\u0301ation, la Cedeao s&rsquo;est dote\u0301e d&rsquo;importants protocoles additionnels a\u0300 son Traite\u0301 relatifs a\u0300 la libre circulation des personnes et des biens et a\u0300 l&rsquo;e\u0301tablissement des personnes dans ses E\u0301tats membres. Cette initiative a e\u0301te\u0301 salutaire et be\u0301ne\u0301fique pour les populations de la communaute\u0301 qui e\u0301taient unies par des liens brise\u0301s par la colonisation. L&rsquo;adoption de ces instruments a facilite\u0301 la libre circulation des personnes et des biens ainsi que l&rsquo;e\u0301tablissement des populations partout ou\u0300 elles le souhaitent dans la sous-re\u0301gion.<\/p>\n<p>Les visas ont e\u0301te\u0301 supprime\u0301s, les cartes de se\u0301jour abandonne\u0301es, les documents de voyage simplifie\u0301s, etc. Le retrait de ces trois pays portera su\u0302rement un coup d&rsquo;arre\u0302t a\u0300 cet exemple d&rsquo;inte\u0301gration sous-re\u0301gionale. Le Burkina Faso, le Mali et le Niger ne vont plus appliquer les conventions de la Cedeao en la matie\u0300re puisque le leur de\u0301part, de facto,prive leurs populations de ces avantages. Les tracasseries vont connai\u0302tre un accroissement au niveau des frontie\u0300res septentrionales de la Cedeao aussi bien pour les personnes que pour les biens en transit.<\/p>\n<p><b>Un bouleversement e\u0301conomique<\/b><\/p>\n<p>Tout comme les protocoles additionnels relatifs a\u0300 la libre circulation des personnes et des biens, l&rsquo;espace Cedeao est re\u0301gi par plusieurs accords e\u0301conomiques dont l&rsquo;objectif est de conduire les E\u0301tats membres a\u0300 une inte\u0301gration e\u0301conomique sur la base de la solidarite\u0301 et de la comple\u0301mentarite\u0301 communautaires. Ainsi, de la libre circulation des biens de\u0301coule la fluidite\u0301 des transactions commerciales entre les E\u0301tats membres de la Cedeao.<\/p>\n<p>Suite a\u0300 ce retrait, les entreprises de ces trois pays feront face a\u0300 de grandes difficulte\u0301s pour continuer a\u0300 ope\u0301rer ou a\u0300 s&rsquo;installer dans l&rsquo;espace Cedeao. Il en est de me\u0302me pour leurs hommes d&rsquo;affaires et vice versa. Les droits de douane vont re\u0301apparai\u0302tre, rendant les transactions plus one\u0301reuses et ce au de\u0301triment des populations lesquelles vont acheter des produits de plus en plus chers. Les projets de corridor qui sont en chantier entre les pays co\u0302tiers et les trois pays de l&rsquo;hinterland ouest-africain pourraient e\u0302tre gele\u0301s.<\/p>\n<p>Le retrait du Burkina Faso, du Mali et du Niger de la Cedeoa est l&rsquo;aboutissement de la tension permanente qui s&rsquo;est installe\u0301e entre l&rsquo;organisation sou-re\u0301gionale et les juntes militaires qui se sont installe\u0301es a\u0300 la te\u0302te de ces E\u0301tats. Les militaires burkinabe\u0300, maliens et nige\u0301riens ont du mal a\u0300 supporter les sanctions de la Cedeao. De plus, ces juntes soupc\u0327onnent la main des puissances e\u0301trange\u0300res qui pousseraient la Cedeao a\u0300 aller a\u0300 des sanctions extre\u0302mes.<\/p>\n<p>Tout compte fait, les E\u0301tats du Sahel ont plus a\u0300 perdre qu&rsquo;a\u0300 gagner en se retirant de la CEDEAO. Certes, ce sont des E\u0301tats membres non ne\u0301gligeables au sein de la communaute\u0301, mais ils ne sont pas indispensables a\u0300 une inte\u0301gration, surtout au point de vue e\u0301conomique. Les poids lourds de la Communaute\u0301 e\u0301tant le Nige\u0301ria, la Co\u0302te d&rsquo;Ivoire, le Se\u0301ne\u0301gal et le Ghana, la Cedeao ne sera que ge\u0301ographiquement ampute\u0301e. Toutefois, les accords bilate\u0301raux permettront aux E\u0301tats membres de rede\u0301finir leur coope\u0301ration avec les E\u0301tats du Sahel.<\/p>\n<p><strong>Pour plus d&rsquo;informations et d&rsquo;analyses sur la <a href=\"https:\/\/www.africa-press.net\/niger\">Niger<\/a>, suivez <a href=\"https:\/\/www.africa-press.net\/\">Africa-Press<\/a><\/strong><\/p>\n","protected":false},"excerpt":{"rendered":"<p>Africa-Press &#8211; Niger. Depuis l&rsquo;ave\u0300nement des juntes militaires a\u0300 la te\u0302te du Mali, du Burkina Faso et Niger, les relations se sont de\u0301te\u0301riore\u0301es entre celles-ci et la Communaute\u0301 e\u0301conomique des E\u0301tats de l&rsquo;Afrique de l&rsquo;Ouest (Cedeao). Conforme\u0301ment a\u0300 ses principes, l&rsquo;organisation sous-re\u0301gionale a vigoureusement sanctionne\u0301 la prise du pouvoir par la force dans ces pays, [&hellip;]<\/p>\n","protected":false},"author":82,"featured_media":58225,"comment_status":"open","ping_status":"closed","sticky":false,"template":"","format":"standard","meta":{"footnotes":""},"categories":[2,10],"tags":[55,60,29],"class_list":["post-58226","post","type-post","status-publish","format-standard","has-post-thumbnail","hentry","category-politique","category-toutes-les-actualites","tag-africa-press","tag-africa-press-niger","tag-niger"],"yoast_head":"<!-- This site is optimized with the Yoast SEO Premium plugin v26.1 (Yoast SEO v27.0) - https:\/\/yoast.com\/product\/yoast-seo-premium-wordpress\/ -->\n<title>Afrique de l&#039;Ouest: Burkina Faso, Mali et Niger se retirent de la CEDEAO - Quelles cons\u00e9quences pour la sous-r\u00e9gion? - niger<\/title>\n<meta name=\"description\" content=\"Depuis l&#039;ave\u0300nement des juntes militaires a\u0300 la te\u0302te du Mali, du Burkina Faso et Niger, les relations se sont de\u0301te\u0301rio ...\" \/>\n<meta name=\"robots\" content=\"index, follow, max-snippet:-1, max-image-preview:large, max-video-preview:-1\" \/>\n<link rel=\"canonical\" href=\"https:\/\/www.africa-press.net\/niger\/politique\/afrique-de-louest-burkina-faso-mali-et-niger-se-retirent-de-la-cedeao-quelles-consequences-pour-la-sous-region\" \/>\n<meta property=\"og:locale\" content=\"fr_FR\" \/>\n<meta property=\"og:type\" content=\"article\" \/>\n<meta property=\"og:title\" content=\"Afrique de l&#039;Ouest: Burkina Faso, Mali et Niger se retirent de la CEDEAO - Quelles cons\u00e9quences pour la sous-r\u00e9gion?\" \/>\n<meta property=\"og:description\" content=\"Depuis l&#039;ave\u0300nement des juntes militaires a\u0300 la te\u0302te du Mali, du Burkina Faso et Niger, les relations se sont de\u0301te\u0301rio ...\" \/>\n<meta property=\"og:url\" content=\"https:\/\/www.africa-press.net\/niger\/politique\/afrique-de-louest-burkina-faso-mali-et-niger-se-retirent-de-la-cedeao-quelles-consequences-pour-la-sous-region\" \/>\n<meta property=\"og:site_name\" content=\"niger\" \/>\n<meta property=\"article:published_time\" content=\"2024-02-03T15:43:36+00:00\" \/>\n<meta property=\"article:modified_time\" content=\"2024-02-03T17:01:21+00:00\" \/>\n<meta property=\"og:image\" content=\"https:\/\/static.africa-press.net\/niger\/sites\/40\/2024\/02\/sm_1706966991.892482.jpg\" \/>\n\t<meta property=\"og:image:width\" content=\"1200\" \/>\n\t<meta property=\"og:image:height\" content=\"735\" \/>\n\t<meta property=\"og:image:type\" content=\"image\/jpeg\" \/>\n<meta name=\"author\" content=\"cfeditorfr\" \/>\n<meta name=\"twitter:card\" content=\"summary_large_image\" \/>\n<meta name=\"twitter:label1\" content=\"\u00c9crit par\" \/>\n\t<meta name=\"twitter:data1\" content=\"cfeditorfr\" \/>\n\t<meta name=\"twitter:label2\" content=\"Dur\u00e9e de lecture estim\u00e9e\" \/>\n\t<meta name=\"twitter:data2\" content=\"6 minutes\" \/>\n<script type=\"application\/ld+json\" class=\"yoast-schema-graph\">{\"@context\":\"https:\/\/schema.org\",\"@graph\":[{\"@type\":\"Article\",\"@id\":\"https:\/\/www.africa-press.net\/niger\/politique\/afrique-de-louest-burkina-faso-mali-et-niger-se-retirent-de-la-cedeao-quelles-consequences-pour-la-sous-region#article\",\"isPartOf\":{\"@id\":\"https:\/\/www.africa-press.net\/niger\/politique\/afrique-de-louest-burkina-faso-mali-et-niger-se-retirent-de-la-cedeao-quelles-consequences-pour-la-sous-region\"},\"author\":{\"name\":\"cfeditorfr\",\"@id\":\"https:\/\/www.africa-press.net\/niger\/#\/schema\/person\/2b1cf3cd81a31e3cd26889ca66d677f1\"},\"headline\":\"Afrique de l&rsquo;Ouest: Burkina Faso, Mali et Niger se retirent de la CEDEAO &#8211; Quelles cons\u00e9quences pour la sous-r\u00e9gion?\",\"datePublished\":\"2024-02-03T15:43:36+00:00\",\"dateModified\":\"2024-02-03T17:01:21+00:00\",\"mainEntityOfPage\":{\"@id\":\"https:\/\/www.africa-press.net\/niger\/politique\/afrique-de-louest-burkina-faso-mali-et-niger-se-retirent-de-la-cedeao-quelles-consequences-pour-la-sous-region\"},\"wordCount\":1328,\"commentCount\":0,\"image\":{\"@id\":\"https:\/\/www.africa-press.net\/niger\/politique\/afrique-de-louest-burkina-faso-mali-et-niger-se-retirent-de-la-cedeao-quelles-consequences-pour-la-sous-region#primaryimage\"},\"thumbnailUrl\":\"https:\/\/static.africa-press.net\/niger\/sites\/40\/2024\/02\/sm_1706966991.892482.jpg\",\"keywords\":[\"Africa Press\",\"Africa Press-Niger\",\"Niger\"],\"articleSection\":[\"Politique\",\"Toutes les actualit\u00e9s\"],\"inLanguage\":\"fr-FR\",\"potentialAction\":[{\"@type\":\"CommentAction\",\"name\":\"Comment\",\"target\":[\"https:\/\/www.africa-press.net\/niger\/politique\/afrique-de-louest-burkina-faso-mali-et-niger-se-retirent-de-la-cedeao-quelles-consequences-pour-la-sous-region#respond\"]}]},{\"@type\":\"WebPage\",\"@id\":\"https:\/\/www.africa-press.net\/niger\/politique\/afrique-de-louest-burkina-faso-mali-et-niger-se-retirent-de-la-cedeao-quelles-consequences-pour-la-sous-region\",\"url\":\"https:\/\/www.africa-press.net\/niger\/politique\/afrique-de-louest-burkina-faso-mali-et-niger-se-retirent-de-la-cedeao-quelles-consequences-pour-la-sous-region\",\"name\":\"Afrique de l'Ouest: Burkina Faso, Mali et Niger se retirent de la CEDEAO - Quelles cons\u00e9quences pour la sous-r\u00e9gion? - niger\",\"isPartOf\":{\"@id\":\"https:\/\/www.africa-press.net\/niger\/#website\"},\"primaryImageOfPage\":{\"@id\":\"https:\/\/www.africa-press.net\/niger\/politique\/afrique-de-louest-burkina-faso-mali-et-niger-se-retirent-de-la-cedeao-quelles-consequences-pour-la-sous-region#primaryimage\"},\"image\":{\"@id\":\"https:\/\/www.africa-press.net\/niger\/politique\/afrique-de-louest-burkina-faso-mali-et-niger-se-retirent-de-la-cedeao-quelles-consequences-pour-la-sous-region#primaryimage\"},\"thumbnailUrl\":\"https:\/\/static.africa-press.net\/niger\/sites\/40\/2024\/02\/sm_1706966991.892482.jpg\",\"datePublished\":\"2024-02-03T15:43:36+00:00\",\"dateModified\":\"2024-02-03T17:01:21+00:00\",\"author\":{\"@id\":\"https:\/\/www.africa-press.net\/niger\/#\/schema\/person\/2b1cf3cd81a31e3cd26889ca66d677f1\"},\"description\":\"Depuis l'ave\u0300nement des juntes militaires a\u0300 la te\u0302te du Mali, du Burkina Faso et Niger, les relations se sont de\u0301te\u0301rio ...\",\"breadcrumb\":{\"@id\":\"https:\/\/www.africa-press.net\/niger\/politique\/afrique-de-louest-burkina-faso-mali-et-niger-se-retirent-de-la-cedeao-quelles-consequences-pour-la-sous-region#breadcrumb\"},\"inLanguage\":\"fr-FR\",\"potentialAction\":[{\"@type\":\"ReadAction\",\"target\":[\"https:\/\/www.africa-press.net\/niger\/politique\/afrique-de-louest-burkina-faso-mali-et-niger-se-retirent-de-la-cedeao-quelles-consequences-pour-la-sous-region\"]}]},{\"@type\":\"ImageObject\",\"inLanguage\":\"fr-FR\",\"@id\":\"https:\/\/www.africa-press.net\/niger\/politique\/afrique-de-louest-burkina-faso-mali-et-niger-se-retirent-de-la-cedeao-quelles-consequences-pour-la-sous-region#primaryimage\",\"url\":\"https:\/\/static.africa-press.net\/niger\/sites\/40\/2024\/02\/sm_1706966991.892482.jpg\",\"contentUrl\":\"https:\/\/static.africa-press.net\/niger\/sites\/40\/2024\/02\/sm_1706966991.892482.jpg\",\"width\":1200,\"height\":735,\"caption\":\"Afrique de l'Ouest: Burkina Faso, Mali et Niger se retirent de la CEDEAO - Quelles cons\u00e9quences pour la sous-r\u00e9gion?\"},{\"@type\":\"BreadcrumbList\",\"@id\":\"https:\/\/www.africa-press.net\/niger\/politique\/afrique-de-louest-burkina-faso-mali-et-niger-se-retirent-de-la-cedeao-quelles-consequences-pour-la-sous-region#breadcrumb\",\"itemListElement\":[{\"@type\":\"ListItem\",\"position\":1,\"name\":\"Accueil\",\"item\":\"https:\/\/www.africa-press.net\/niger\/\"},{\"@type\":\"ListItem\",\"position\":2,\"name\":\"Afrique de l&#8217;Ouest: Burkina Faso, Mali et Niger se retirent de la CEDEAO &#8211; Quelles cons\u00e9quences pour la sous-r\u00e9gion?\"}]},{\"@type\":\"WebSite\",\"@id\":\"https:\/\/www.africa-press.net\/niger\/#website\",\"url\":\"https:\/\/www.africa-press.net\/niger\/\",\"name\":\"niger\",\"description\":\"Just another Africa News Agency Sites site\",\"potentialAction\":[{\"@type\":\"SearchAction\",\"target\":{\"@type\":\"EntryPoint\",\"urlTemplate\":\"https:\/\/www.africa-press.net\/niger\/?s={search_term_string}\"},\"query-input\":{\"@type\":\"PropertyValueSpecification\",\"valueRequired\":true,\"valueName\":\"search_term_string\"}}],\"inLanguage\":\"fr-FR\"},{\"@type\":\"Person\",\"@id\":\"https:\/\/www.africa-press.net\/niger\/#\/schema\/person\/2b1cf3cd81a31e3cd26889ca66d677f1\",\"name\":\"cfeditorfr\"}]}<\/script>\n<!-- \/ Yoast SEO Premium plugin. -->","yoast_head_json":{"title":"Afrique de l'Ouest: Burkina Faso, Mali et Niger se retirent de la CEDEAO - Quelles cons\u00e9quences pour la sous-r\u00e9gion? - niger","description":"Depuis l'ave\u0300nement des juntes militaires a\u0300 la te\u0302te du Mali, du Burkina Faso et Niger, les relations se sont de\u0301te\u0301rio ...","robots":{"index":"index","follow":"follow","max-snippet":"max-snippet:-1","max-image-preview":"max-image-preview:large","max-video-preview":"max-video-preview:-1"},"canonical":"https:\/\/www.africa-press.net\/niger\/politique\/afrique-de-louest-burkina-faso-mali-et-niger-se-retirent-de-la-cedeao-quelles-consequences-pour-la-sous-region","og_locale":"fr_FR","og_type":"article","og_title":"Afrique de l'Ouest: Burkina Faso, Mali et Niger se retirent de la CEDEAO - Quelles cons\u00e9quences pour la sous-r\u00e9gion?","og_description":"Depuis l'ave\u0300nement des juntes militaires a\u0300 la te\u0302te du Mali, du Burkina Faso et Niger, les relations se sont de\u0301te\u0301rio ...","og_url":"https:\/\/www.africa-press.net\/niger\/politique\/afrique-de-louest-burkina-faso-mali-et-niger-se-retirent-de-la-cedeao-quelles-consequences-pour-la-sous-region","og_site_name":"niger","article_published_time":"2024-02-03T15:43:36+00:00","article_modified_time":"2024-02-03T17:01:21+00:00","og_image":[{"width":1200,"height":735,"url":"https:\/\/static.africa-press.net\/niger\/sites\/40\/2024\/02\/sm_1706966991.892482.jpg","type":"image\/jpeg"}],"author":"cfeditorfr","twitter_card":"summary_large_image","twitter_misc":{"\u00c9crit par":"cfeditorfr","Dur\u00e9e de lecture estim\u00e9e":"6 minutes"},"schema":{"@context":"https:\/\/schema.org","@graph":[{"@type":"Article","@id":"https:\/\/www.africa-press.net\/niger\/politique\/afrique-de-louest-burkina-faso-mali-et-niger-se-retirent-de-la-cedeao-quelles-consequences-pour-la-sous-region#article","isPartOf":{"@id":"https:\/\/www.africa-press.net\/niger\/politique\/afrique-de-louest-burkina-faso-mali-et-niger-se-retirent-de-la-cedeao-quelles-consequences-pour-la-sous-region"},"author":{"name":"cfeditorfr","@id":"https:\/\/www.africa-press.net\/niger\/#\/schema\/person\/2b1cf3cd81a31e3cd26889ca66d677f1"},"headline":"Afrique de l&rsquo;Ouest: Burkina Faso, Mali et Niger se retirent de la CEDEAO &#8211; Quelles cons\u00e9quences pour la sous-r\u00e9gion?","datePublished":"2024-02-03T15:43:36+00:00","dateModified":"2024-02-03T17:01:21+00:00","mainEntityOfPage":{"@id":"https:\/\/www.africa-press.net\/niger\/politique\/afrique-de-louest-burkina-faso-mali-et-niger-se-retirent-de-la-cedeao-quelles-consequences-pour-la-sous-region"},"wordCount":1328,"commentCount":0,"image":{"@id":"https:\/\/www.africa-press.net\/niger\/politique\/afrique-de-louest-burkina-faso-mali-et-niger-se-retirent-de-la-cedeao-quelles-consequences-pour-la-sous-region#primaryimage"},"thumbnailUrl":"https:\/\/static.africa-press.net\/niger\/sites\/40\/2024\/02\/sm_1706966991.892482.jpg","keywords":["Africa Press","Africa Press-Niger","Niger"],"articleSection":["Politique","Toutes les actualit\u00e9s"],"inLanguage":"fr-FR","potentialAction":[{"@type":"CommentAction","name":"Comment","target":["https:\/\/www.africa-press.net\/niger\/politique\/afrique-de-louest-burkina-faso-mali-et-niger-se-retirent-de-la-cedeao-quelles-consequences-pour-la-sous-region#respond"]}]},{"@type":"WebPage","@id":"https:\/\/www.africa-press.net\/niger\/politique\/afrique-de-louest-burkina-faso-mali-et-niger-se-retirent-de-la-cedeao-quelles-consequences-pour-la-sous-region","url":"https:\/\/www.africa-press.net\/niger\/politique\/afrique-de-louest-burkina-faso-mali-et-niger-se-retirent-de-la-cedeao-quelles-consequences-pour-la-sous-region","name":"Afrique de l'Ouest: Burkina Faso, Mali et Niger se retirent de la CEDEAO - Quelles cons\u00e9quences pour la sous-r\u00e9gion? - niger","isPartOf":{"@id":"https:\/\/www.africa-press.net\/niger\/#website"},"primaryImageOfPage":{"@id":"https:\/\/www.africa-press.net\/niger\/politique\/afrique-de-louest-burkina-faso-mali-et-niger-se-retirent-de-la-cedeao-quelles-consequences-pour-la-sous-region#primaryimage"},"image":{"@id":"https:\/\/www.africa-press.net\/niger\/politique\/afrique-de-louest-burkina-faso-mali-et-niger-se-retirent-de-la-cedeao-quelles-consequences-pour-la-sous-region#primaryimage"},"thumbnailUrl":"https:\/\/static.africa-press.net\/niger\/sites\/40\/2024\/02\/sm_1706966991.892482.jpg","datePublished":"2024-02-03T15:43:36+00:00","dateModified":"2024-02-03T17:01:21+00:00","author":{"@id":"https:\/\/www.africa-press.net\/niger\/#\/schema\/person\/2b1cf3cd81a31e3cd26889ca66d677f1"},"description":"Depuis l'ave\u0300nement des juntes militaires a\u0300 la te\u0302te du Mali, du Burkina Faso et Niger, les relations se sont de\u0301te\u0301rio ...","breadcrumb":{"@id":"https:\/\/www.africa-press.net\/niger\/politique\/afrique-de-louest-burkina-faso-mali-et-niger-se-retirent-de-la-cedeao-quelles-consequences-pour-la-sous-region#breadcrumb"},"inLanguage":"fr-FR","potentialAction":[{"@type":"ReadAction","target":["https:\/\/www.africa-press.net\/niger\/politique\/afrique-de-louest-burkina-faso-mali-et-niger-se-retirent-de-la-cedeao-quelles-consequences-pour-la-sous-region"]}]},{"@type":"ImageObject","inLanguage":"fr-FR","@id":"https:\/\/www.africa-press.net\/niger\/politique\/afrique-de-louest-burkina-faso-mali-et-niger-se-retirent-de-la-cedeao-quelles-consequences-pour-la-sous-region#primaryimage","url":"https:\/\/static.africa-press.net\/niger\/sites\/40\/2024\/02\/sm_1706966991.892482.jpg","contentUrl":"https:\/\/static.africa-press.net\/niger\/sites\/40\/2024\/02\/sm_1706966991.892482.jpg","width":1200,"height":735,"caption":"Afrique de l'Ouest: Burkina Faso, Mali et Niger se retirent de la CEDEAO - Quelles cons\u00e9quences pour la sous-r\u00e9gion?"},{"@type":"BreadcrumbList","@id":"https:\/\/www.africa-press.net\/niger\/politique\/afrique-de-louest-burkina-faso-mali-et-niger-se-retirent-de-la-cedeao-quelles-consequences-pour-la-sous-region#breadcrumb","itemListElement":[{"@type":"ListItem","position":1,"name":"Accueil","item":"https:\/\/www.africa-press.net\/niger\/"},{"@type":"ListItem","position":2,"name":"Afrique de l&#8217;Ouest: Burkina Faso, Mali et Niger se retirent de la CEDEAO &#8211; Quelles cons\u00e9quences pour la sous-r\u00e9gion?"}]},{"@type":"WebSite","@id":"https:\/\/www.africa-press.net\/niger\/#website","url":"https:\/\/www.africa-press.net\/niger\/","name":"niger","description":"Just another Africa News Agency Sites site","potentialAction":[{"@type":"SearchAction","target":{"@type":"EntryPoint","urlTemplate":"https:\/\/www.africa-press.net\/niger\/?s={search_term_string}"},"query-input":{"@type":"PropertyValueSpecification","valueRequired":true,"valueName":"search_term_string"}}],"inLanguage":"fr-FR"},{"@type":"Person","@id":"https:\/\/www.africa-press.net\/niger\/#\/schema\/person\/2b1cf3cd81a31e3cd26889ca66d677f1","name":"cfeditorfr"}]}},"_links":{"self":[{"href":"https:\/\/www.africa-press.net\/niger\/wp-json\/wp\/v2\/posts\/58226","targetHints":{"allow":["GET"]}}],"collection":[{"href":"https:\/\/www.africa-press.net\/niger\/wp-json\/wp\/v2\/posts"}],"about":[{"href":"https:\/\/www.africa-press.net\/niger\/wp-json\/wp\/v2\/types\/post"}],"author":[{"embeddable":true,"href":"https:\/\/www.africa-press.net\/niger\/wp-json\/wp\/v2\/users\/82"}],"replies":[{"embeddable":true,"href":"https:\/\/www.africa-press.net\/niger\/wp-json\/wp\/v2\/comments?post=58226"}],"version-history":[{"count":0,"href":"https:\/\/www.africa-press.net\/niger\/wp-json\/wp\/v2\/posts\/58226\/revisions"}],"wp:featuredmedia":[{"embeddable":true,"href":"https:\/\/www.africa-press.net\/niger\/wp-json\/wp\/v2\/media\/58225"}],"wp:attachment":[{"href":"https:\/\/www.africa-press.net\/niger\/wp-json\/wp\/v2\/media?parent=58226"}],"wp:term":[{"taxonomy":"category","embeddable":true,"href":"https:\/\/www.africa-press.net\/niger\/wp-json\/wp\/v2\/categories?post=58226"},{"taxonomy":"post_tag","embeddable":true,"href":"https:\/\/www.africa-press.net\/niger\/wp-json\/wp\/v2\/tags?post=58226"}],"curies":[{"name":"wp","href":"https:\/\/api.w.org\/{rel}","templated":true}]}}