{"id":58230,"date":"2024-02-03T15:51:41","date_gmt":"2024-02-03T15:51:41","guid":{"rendered":"https:\/\/www.africa-press.net\/niger\/politique\/alliance-des-etats-du-sahel-une-coalition-sous-epreuves"},"modified":"2024-02-03T17:03:50","modified_gmt":"2024-02-03T17:03:50","slug":"alliance-des-etats-du-sahel-une-coalition-sous-epreuves","status":"publish","type":"post","link":"https:\/\/www.africa-press.net\/niger\/dossiers\/alliance-des-etats-du-sahel-une-coalition-sous-epreuves","title":{"rendered":"Alliance des \u00c9tats du Sahel : une coalition sous \u00e9preuves ?"},"content":{"rendered":"<p><span style=\"color: #ff6600\"><strong>Africa-Press &#8211; Niger. <\/strong><\/span>Le 16 septembre 2023 a\u0300 Bamako, le Burkina-Faso, le Mali et le Niger signent la charte du Liptako-Gourma. Celle-ci officialise la naissance de l\u2019Alliance des E\u0301tats du Sahel (AES). Cre\u0301e\u0301 dans une recherche d\u2019autonomie strate\u0301gique, ce pacte de de\u0301fense mutuelle vise a\u0300 soutenir la lutte anti-terroriste et l\u2019e\u0301mancipation des pays-membres au sein de la zone.<\/p>\n<p>D\u2019apre\u0300s l\u2019inge\u0301nieur en politique sociale et politique publique, Mohamed Maiga, l\u2019Alliance des E\u0301tats du Sahel nai\u0302t surtout en re\u0301ponse aux menaces de la Communaute\u0301 E\u0301conomique des E\u0301tats de l\u2019Afrique de l\u2019Ouest (CEDEAO). Cette ide\u0301e est conforte\u0301e par la sortie re\u0301cente des trois pays de ladite organisation, annonce\u0301e le dimanche 28 janvier. L\u2019article 91-1 du traite\u0301 de la CEDEAO re\u0301vise\u0301 stipule, cependant, qu\u2019un de\u0301lai d\u2019un an est obligatoire avant tout de\u0301part.<\/p>\n<p>L\u2019article 6 de la charte du Liptako-Gourma affirme la de\u0301cision du Burkina-Faso et du Mali d\u2019assister le Niger, en cas d\u2019ope\u0301ration arme\u0301e de la CEDEAO. Pour rappel, l\u2019institution re\u0301gionale a finalement leve\u0301 les sanctions e\u0301conomiques impose\u0301es au Mali, et accepte\u0301 les deux ans de transition au Burkina en 2022. Pour autant, depuis l\u2019e\u0301te\u0301 2023, il n\u2019exclut pas un recours a\u0300 la force pour remettre au pouvoir le pre\u0301sident de\u0301chu, Mohamed Bazoum, au Niger.<\/p>\n<p><b>Quels de\u0301fis pour l\u2019AES ?<\/b><\/p>\n<p>En plus de l\u2019agitation des relations internationales, provoque\u0301e par l\u2019e\u0301mergence d\u2019une e\u0301nie\u0300me organisation dans la zone des \u00ab trois frontie\u0300res \u00bb, l\u2019AES doit faire face a\u0300 de conse\u0301quents de\u0301fis se\u0301curitaires et financiers. De fait, l\u2019alliance voit le jour dans un contexte de violences grandissantes. Selon \u00ab l\u2019Indice Mondial du Terrorisme 2023 \u00bb, publie\u0301 par l\u2019ONG australienne Institut d\u2019E\u0301conomie et de Paix, plus de 22 000 personnes sont de\u0301ce\u0301de\u0301es dans plus de 6 400 attaques terroristes depuis 2007.<\/p>\n<p>Le Sahel est aujourd\u2019hui la re\u0301gion la plus touche\u0301e par le terrorisme au monde. Un challenge de taille, suite au retrait des forces occidentales dans la zone, ainsi qu\u2019au de\u0301part force\u0301 de celles de l\u2019ONU. Mi-novembre, le Mali se prive e\u0301galement du soutien fourni par les accords d\u2019Alger, et enterre le mince espoir de paix avec les combattants Touaregs inde\u0301pendantistes. Si les diffe\u0301rentes autorite\u0301s de cette alliance ont d\u2019ailleurs pris le pouvoir pour pallier l\u2019inse\u0301curite\u0301, elles peinent toujours a\u0300 l\u2019endiguer.<\/p>\n<p>Autre de\u0301fi d\u2019ampleur majeure, la question des moyens de l\u2019AES est largement relaye\u0301e par les spe\u0301cialistes. La question du financement est \u00ab assure\u0301e par les contributions des E\u0301tats parties \u00bb d\u2019apre\u0300s l\u2019article 10 de sa charte.<\/p>\n<p>Pour Mohamed Maiga, les doutes autour de la re\u0301ussite financie\u0300re de l\u2019AES sont bien fonde\u0301s: \u00ab Est-ce que ces E\u0301tats vont finalement pouvoir mobiliser ensemble, mutualiser leurs ressources et faire face a\u0300 la situation, pour faire en sorte que cette organisation ne meure pas, sachant que les soutiens, il n&rsquo;y en a pas beaucoup ? \u00bb<\/p>\n<p><strong>Pour plus d&rsquo;informations et d&rsquo;analyses sur la <a href=\"https:\/\/www.africa-press.net\/niger\">Niger<\/a>, suivez <a href=\"https:\/\/www.africa-press.net\/\">Africa-Press<\/a><\/strong><\/p>\n","protected":false},"excerpt":{"rendered":"<p>Africa-Press &#8211; Niger. Le 16 septembre 2023 a\u0300 Bamako, le Burkina-Faso, le Mali et le Niger signent la charte du Liptako-Gourma. Celle-ci officialise la naissance de l\u2019Alliance des E\u0301tats du Sahel (AES). Cre\u0301e\u0301 dans une recherche d\u2019autonomie strate\u0301gique, ce pacte de de\u0301fense mutuelle vise a\u0300 soutenir la lutte anti-terroriste et l\u2019e\u0301mancipation des pays-membres au sein [&hellip;]<\/p>\n","protected":false},"author":82,"featured_media":58229,"comment_status":"open","ping_status":"closed","sticky":false,"template":"","format":"standard","meta":{"footnotes":""},"categories":[7,10],"tags":[55,60,29],"class_list":["post-58230","post","type-post","status-publish","format-standard","has-post-thumbnail","hentry","category-dossiers","category-toutes-les-actualites","tag-africa-press","tag-africa-press-niger","tag-niger"],"yoast_head":"<!-- This site is optimized with the Yoast SEO Premium plugin v26.1 (Yoast SEO v27.0) - https:\/\/yoast.com\/product\/yoast-seo-premium-wordpress\/ -->\n<title>Alliance des \u00c9tats du Sahel : une coalition sous \u00e9preuves ? - niger<\/title>\n<meta name=\"description\" content=\"Le 16 septembre 2023 a\u0300 Bamako, le Burkina-Faso, le Mali et le Niger signent la charte du Liptako-Gourma. Celle-ci offic ...\" \/>\n<meta name=\"robots\" content=\"index, follow, max-snippet:-1, max-image-preview:large, max-video-preview:-1\" \/>\n<link rel=\"canonical\" href=\"https:\/\/www.africa-press.net\/niger\/dossiers\/alliance-des-etats-du-sahel-une-coalition-sous-epreuves\" \/>\n<meta property=\"og:locale\" content=\"fr_FR\" \/>\n<meta property=\"og:type\" content=\"article\" \/>\n<meta property=\"og:title\" content=\"Alliance des \u00c9tats du Sahel : une coalition sous \u00e9preuves ?\" \/>\n<meta property=\"og:description\" content=\"Le 16 septembre 2023 a\u0300 Bamako, le Burkina-Faso, le Mali et le Niger signent la charte du Liptako-Gourma. Celle-ci offic ...\" \/>\n<meta property=\"og:url\" content=\"https:\/\/www.africa-press.net\/niger\/dossiers\/alliance-des-etats-du-sahel-une-coalition-sous-epreuves\" \/>\n<meta property=\"og:site_name\" content=\"niger\" \/>\n<meta property=\"article:published_time\" content=\"2024-02-03T15:51:41+00:00\" \/>\n<meta property=\"article:modified_time\" content=\"2024-02-03T17:03:50+00:00\" \/>\n<meta property=\"og:image\" content=\"https:\/\/static.africa-press.net\/niger\/sites\/40\/2024\/02\/sm_1706967125.215107.jpg\" \/>\n\t<meta property=\"og:image:width\" content=\"1200\" \/>\n\t<meta property=\"og:image:height\" content=\"900\" \/>\n\t<meta property=\"og:image:type\" content=\"image\/jpeg\" \/>\n<meta name=\"author\" content=\"cfeditorfr\" \/>\n<meta name=\"twitter:card\" content=\"summary_large_image\" \/>\n<meta name=\"twitter:label1\" content=\"\u00c9crit par\" \/>\n\t<meta name=\"twitter:data1\" content=\"cfeditorfr\" \/>\n\t<meta name=\"twitter:label2\" content=\"Dur\u00e9e de lecture estim\u00e9e\" \/>\n\t<meta name=\"twitter:data2\" content=\"3 minutes\" \/>\n<script type=\"application\/ld+json\" class=\"yoast-schema-graph\">{\"@context\":\"https:\/\/schema.org\",\"@graph\":[{\"@type\":\"Article\",\"@id\":\"https:\/\/www.africa-press.net\/niger\/dossiers\/alliance-des-etats-du-sahel-une-coalition-sous-epreuves#article\",\"isPartOf\":{\"@id\":\"https:\/\/www.africa-press.net\/niger\/dossiers\/alliance-des-etats-du-sahel-une-coalition-sous-epreuves\"},\"author\":{\"name\":\"cfeditorfr\",\"@id\":\"https:\/\/www.africa-press.net\/niger\/#\/schema\/person\/2b1cf3cd81a31e3cd26889ca66d677f1\"},\"headline\":\"Alliance des \u00c9tats du Sahel : une coalition sous \u00e9preuves ?\",\"datePublished\":\"2024-02-03T15:51:41+00:00\",\"dateModified\":\"2024-02-03T17:03:50+00:00\",\"mainEntityOfPage\":{\"@id\":\"https:\/\/www.africa-press.net\/niger\/dossiers\/alliance-des-etats-du-sahel-une-coalition-sous-epreuves\"},\"wordCount\":551,\"commentCount\":0,\"image\":{\"@id\":\"https:\/\/www.africa-press.net\/niger\/dossiers\/alliance-des-etats-du-sahel-une-coalition-sous-epreuves#primaryimage\"},\"thumbnailUrl\":\"https:\/\/static.africa-press.net\/niger\/sites\/40\/2024\/02\/sm_1706967125.215107.jpg\",\"keywords\":[\"Africa Press\",\"Africa Press-Niger\",\"Niger\"],\"articleSection\":[\"Dossiers\",\"Toutes les actualit\u00e9s\"],\"inLanguage\":\"fr-FR\",\"potentialAction\":[{\"@type\":\"CommentAction\",\"name\":\"Comment\",\"target\":[\"https:\/\/www.africa-press.net\/niger\/dossiers\/alliance-des-etats-du-sahel-une-coalition-sous-epreuves#respond\"]}]},{\"@type\":\"WebPage\",\"@id\":\"https:\/\/www.africa-press.net\/niger\/dossiers\/alliance-des-etats-du-sahel-une-coalition-sous-epreuves\",\"url\":\"https:\/\/www.africa-press.net\/niger\/dossiers\/alliance-des-etats-du-sahel-une-coalition-sous-epreuves\",\"name\":\"Alliance des \u00c9tats du Sahel : une coalition sous \u00e9preuves ? - niger\",\"isPartOf\":{\"@id\":\"https:\/\/www.africa-press.net\/niger\/#website\"},\"primaryImageOfPage\":{\"@id\":\"https:\/\/www.africa-press.net\/niger\/dossiers\/alliance-des-etats-du-sahel-une-coalition-sous-epreuves#primaryimage\"},\"image\":{\"@id\":\"https:\/\/www.africa-press.net\/niger\/dossiers\/alliance-des-etats-du-sahel-une-coalition-sous-epreuves#primaryimage\"},\"thumbnailUrl\":\"https:\/\/static.africa-press.net\/niger\/sites\/40\/2024\/02\/sm_1706967125.215107.jpg\",\"datePublished\":\"2024-02-03T15:51:41+00:00\",\"dateModified\":\"2024-02-03T17:03:50+00:00\",\"author\":{\"@id\":\"https:\/\/www.africa-press.net\/niger\/#\/schema\/person\/2b1cf3cd81a31e3cd26889ca66d677f1\"},\"description\":\"Le 16 septembre 2023 a\u0300 Bamako, le Burkina-Faso, le Mali et le Niger signent la charte du Liptako-Gourma. Celle-ci offic ...\",\"breadcrumb\":{\"@id\":\"https:\/\/www.africa-press.net\/niger\/dossiers\/alliance-des-etats-du-sahel-une-coalition-sous-epreuves#breadcrumb\"},\"inLanguage\":\"fr-FR\",\"potentialAction\":[{\"@type\":\"ReadAction\",\"target\":[\"https:\/\/www.africa-press.net\/niger\/dossiers\/alliance-des-etats-du-sahel-une-coalition-sous-epreuves\"]}]},{\"@type\":\"ImageObject\",\"inLanguage\":\"fr-FR\",\"@id\":\"https:\/\/www.africa-press.net\/niger\/dossiers\/alliance-des-etats-du-sahel-une-coalition-sous-epreuves#primaryimage\",\"url\":\"https:\/\/static.africa-press.net\/niger\/sites\/40\/2024\/02\/sm_1706967125.215107.jpg\",\"contentUrl\":\"https:\/\/static.africa-press.net\/niger\/sites\/40\/2024\/02\/sm_1706967125.215107.jpg\",\"width\":1200,\"height\":900,\"caption\":\"Alliance des \u00c9tats du Sahel : une coalition sous \u00e9preuves ?\"},{\"@type\":\"BreadcrumbList\",\"@id\":\"https:\/\/www.africa-press.net\/niger\/dossiers\/alliance-des-etats-du-sahel-une-coalition-sous-epreuves#breadcrumb\",\"itemListElement\":[{\"@type\":\"ListItem\",\"position\":1,\"name\":\"Accueil\",\"item\":\"https:\/\/www.africa-press.net\/niger\/\"},{\"@type\":\"ListItem\",\"position\":2,\"name\":\"Alliance des \u00c9tats du Sahel : une coalition sous \u00e9preuves ?\"}]},{\"@type\":\"WebSite\",\"@id\":\"https:\/\/www.africa-press.net\/niger\/#website\",\"url\":\"https:\/\/www.africa-press.net\/niger\/\",\"name\":\"niger\",\"description\":\"Just another Africa News Agency Sites site\",\"potentialAction\":[{\"@type\":\"SearchAction\",\"target\":{\"@type\":\"EntryPoint\",\"urlTemplate\":\"https:\/\/www.africa-press.net\/niger\/?s={search_term_string}\"},\"query-input\":{\"@type\":\"PropertyValueSpecification\",\"valueRequired\":true,\"valueName\":\"search_term_string\"}}],\"inLanguage\":\"fr-FR\"},{\"@type\":\"Person\",\"@id\":\"https:\/\/www.africa-press.net\/niger\/#\/schema\/person\/2b1cf3cd81a31e3cd26889ca66d677f1\",\"name\":\"cfeditorfr\"}]}<\/script>\n<!-- \/ Yoast SEO Premium plugin. -->","yoast_head_json":{"title":"Alliance des \u00c9tats du Sahel : une coalition sous \u00e9preuves ? - niger","description":"Le 16 septembre 2023 a\u0300 Bamako, le Burkina-Faso, le Mali et le Niger signent la charte du Liptako-Gourma. Celle-ci offic ...","robots":{"index":"index","follow":"follow","max-snippet":"max-snippet:-1","max-image-preview":"max-image-preview:large","max-video-preview":"max-video-preview:-1"},"canonical":"https:\/\/www.africa-press.net\/niger\/dossiers\/alliance-des-etats-du-sahel-une-coalition-sous-epreuves","og_locale":"fr_FR","og_type":"article","og_title":"Alliance des \u00c9tats du Sahel : une coalition sous \u00e9preuves ?","og_description":"Le 16 septembre 2023 a\u0300 Bamako, le Burkina-Faso, le Mali et le Niger signent la charte du Liptako-Gourma. Celle-ci offic ...","og_url":"https:\/\/www.africa-press.net\/niger\/dossiers\/alliance-des-etats-du-sahel-une-coalition-sous-epreuves","og_site_name":"niger","article_published_time":"2024-02-03T15:51:41+00:00","article_modified_time":"2024-02-03T17:03:50+00:00","og_image":[{"width":1200,"height":900,"url":"https:\/\/static.africa-press.net\/niger\/sites\/40\/2024\/02\/sm_1706967125.215107.jpg","type":"image\/jpeg"}],"author":"cfeditorfr","twitter_card":"summary_large_image","twitter_misc":{"\u00c9crit par":"cfeditorfr","Dur\u00e9e de lecture estim\u00e9e":"3 minutes"},"schema":{"@context":"https:\/\/schema.org","@graph":[{"@type":"Article","@id":"https:\/\/www.africa-press.net\/niger\/dossiers\/alliance-des-etats-du-sahel-une-coalition-sous-epreuves#article","isPartOf":{"@id":"https:\/\/www.africa-press.net\/niger\/dossiers\/alliance-des-etats-du-sahel-une-coalition-sous-epreuves"},"author":{"name":"cfeditorfr","@id":"https:\/\/www.africa-press.net\/niger\/#\/schema\/person\/2b1cf3cd81a31e3cd26889ca66d677f1"},"headline":"Alliance des \u00c9tats du Sahel : une coalition sous \u00e9preuves ?","datePublished":"2024-02-03T15:51:41+00:00","dateModified":"2024-02-03T17:03:50+00:00","mainEntityOfPage":{"@id":"https:\/\/www.africa-press.net\/niger\/dossiers\/alliance-des-etats-du-sahel-une-coalition-sous-epreuves"},"wordCount":551,"commentCount":0,"image":{"@id":"https:\/\/www.africa-press.net\/niger\/dossiers\/alliance-des-etats-du-sahel-une-coalition-sous-epreuves#primaryimage"},"thumbnailUrl":"https:\/\/static.africa-press.net\/niger\/sites\/40\/2024\/02\/sm_1706967125.215107.jpg","keywords":["Africa Press","Africa Press-Niger","Niger"],"articleSection":["Dossiers","Toutes les actualit\u00e9s"],"inLanguage":"fr-FR","potentialAction":[{"@type":"CommentAction","name":"Comment","target":["https:\/\/www.africa-press.net\/niger\/dossiers\/alliance-des-etats-du-sahel-une-coalition-sous-epreuves#respond"]}]},{"@type":"WebPage","@id":"https:\/\/www.africa-press.net\/niger\/dossiers\/alliance-des-etats-du-sahel-une-coalition-sous-epreuves","url":"https:\/\/www.africa-press.net\/niger\/dossiers\/alliance-des-etats-du-sahel-une-coalition-sous-epreuves","name":"Alliance des \u00c9tats du Sahel : une coalition sous \u00e9preuves ? - niger","isPartOf":{"@id":"https:\/\/www.africa-press.net\/niger\/#website"},"primaryImageOfPage":{"@id":"https:\/\/www.africa-press.net\/niger\/dossiers\/alliance-des-etats-du-sahel-une-coalition-sous-epreuves#primaryimage"},"image":{"@id":"https:\/\/www.africa-press.net\/niger\/dossiers\/alliance-des-etats-du-sahel-une-coalition-sous-epreuves#primaryimage"},"thumbnailUrl":"https:\/\/static.africa-press.net\/niger\/sites\/40\/2024\/02\/sm_1706967125.215107.jpg","datePublished":"2024-02-03T15:51:41+00:00","dateModified":"2024-02-03T17:03:50+00:00","author":{"@id":"https:\/\/www.africa-press.net\/niger\/#\/schema\/person\/2b1cf3cd81a31e3cd26889ca66d677f1"},"description":"Le 16 septembre 2023 a\u0300 Bamako, le Burkina-Faso, le Mali et le Niger signent la charte du Liptako-Gourma. Celle-ci offic ...","breadcrumb":{"@id":"https:\/\/www.africa-press.net\/niger\/dossiers\/alliance-des-etats-du-sahel-une-coalition-sous-epreuves#breadcrumb"},"inLanguage":"fr-FR","potentialAction":[{"@type":"ReadAction","target":["https:\/\/www.africa-press.net\/niger\/dossiers\/alliance-des-etats-du-sahel-une-coalition-sous-epreuves"]}]},{"@type":"ImageObject","inLanguage":"fr-FR","@id":"https:\/\/www.africa-press.net\/niger\/dossiers\/alliance-des-etats-du-sahel-une-coalition-sous-epreuves#primaryimage","url":"https:\/\/static.africa-press.net\/niger\/sites\/40\/2024\/02\/sm_1706967125.215107.jpg","contentUrl":"https:\/\/static.africa-press.net\/niger\/sites\/40\/2024\/02\/sm_1706967125.215107.jpg","width":1200,"height":900,"caption":"Alliance des \u00c9tats du Sahel : une coalition sous \u00e9preuves ?"},{"@type":"BreadcrumbList","@id":"https:\/\/www.africa-press.net\/niger\/dossiers\/alliance-des-etats-du-sahel-une-coalition-sous-epreuves#breadcrumb","itemListElement":[{"@type":"ListItem","position":1,"name":"Accueil","item":"https:\/\/www.africa-press.net\/niger\/"},{"@type":"ListItem","position":2,"name":"Alliance des \u00c9tats du Sahel : une coalition sous \u00e9preuves ?"}]},{"@type":"WebSite","@id":"https:\/\/www.africa-press.net\/niger\/#website","url":"https:\/\/www.africa-press.net\/niger\/","name":"niger","description":"Just another Africa News Agency Sites site","potentialAction":[{"@type":"SearchAction","target":{"@type":"EntryPoint","urlTemplate":"https:\/\/www.africa-press.net\/niger\/?s={search_term_string}"},"query-input":{"@type":"PropertyValueSpecification","valueRequired":true,"valueName":"search_term_string"}}],"inLanguage":"fr-FR"},{"@type":"Person","@id":"https:\/\/www.africa-press.net\/niger\/#\/schema\/person\/2b1cf3cd81a31e3cd26889ca66d677f1","name":"cfeditorfr"}]}},"_links":{"self":[{"href":"https:\/\/www.africa-press.net\/niger\/wp-json\/wp\/v2\/posts\/58230","targetHints":{"allow":["GET"]}}],"collection":[{"href":"https:\/\/www.africa-press.net\/niger\/wp-json\/wp\/v2\/posts"}],"about":[{"href":"https:\/\/www.africa-press.net\/niger\/wp-json\/wp\/v2\/types\/post"}],"author":[{"embeddable":true,"href":"https:\/\/www.africa-press.net\/niger\/wp-json\/wp\/v2\/users\/82"}],"replies":[{"embeddable":true,"href":"https:\/\/www.africa-press.net\/niger\/wp-json\/wp\/v2\/comments?post=58230"}],"version-history":[{"count":0,"href":"https:\/\/www.africa-press.net\/niger\/wp-json\/wp\/v2\/posts\/58230\/revisions"}],"wp:featuredmedia":[{"embeddable":true,"href":"https:\/\/www.africa-press.net\/niger\/wp-json\/wp\/v2\/media\/58229"}],"wp:attachment":[{"href":"https:\/\/www.africa-press.net\/niger\/wp-json\/wp\/v2\/media?parent=58230"}],"wp:term":[{"taxonomy":"category","embeddable":true,"href":"https:\/\/www.africa-press.net\/niger\/wp-json\/wp\/v2\/categories?post=58230"},{"taxonomy":"post_tag","embeddable":true,"href":"https:\/\/www.africa-press.net\/niger\/wp-json\/wp\/v2\/tags?post=58230"}],"curies":[{"name":"wp","href":"https:\/\/api.w.org\/{rel}","templated":true}]}}