{"id":58250,"date":"2024-02-05T16:28:58","date_gmt":"2024-02-05T16:28:58","guid":{"rendered":"https:\/\/www.africa-press.net\/niger\/politique\/diffa-la-coordination-regionale-cosna-diffa-se-mobilise-pour-rendre-propres-les-locaux-de-la-rtn-et-anp"},"modified":"2024-02-05T17:08:15","modified_gmt":"2024-02-05T17:08:15","slug":"diffa-la-coordination-regionale-cosna-diffa-se-mobilise-pour-rendre-propres-les-locaux-de-la-rtn-et-anp","status":"publish","type":"post","link":"https:\/\/www.africa-press.net\/niger\/toutes-les-actualites\/diffa-la-coordination-regionale-cosna-diffa-se-mobilise-pour-rendre-propres-les-locaux-de-la-rtn-et-anp","title":{"rendered":"DIFFA : la coordination r\u00e9gionale Cosna-Diffa se mobilise pour rendre propres les locaux de la RTN et ANP"},"content":{"rendered":"<p><span style=\"color: #ff6600\"><strong>Africa-Press &#8211; Niger. <\/strong><\/span>La coordination re\u0301gionale de Diffa de la convergence pour la souverainete\u0301 nationale (COSNA) a proce\u0301de\u0301 ce samedi 3 fe\u0301vrier 2024, a\u0300 une se\u0301ance de salubrite\u0301 dans les locaux de la station re\u0301gionale de la radio et te\u0301le\u0301vision du Niger (RTN), local abritant e\u0301galement le bureau re\u0301gional de l\u2019Agence Nige\u0301rienne de Presse (ANP).<\/p>\n<p>Ils sont nombreux les jeunes patriotiques a\u0300 se mobiliser autour du Cosna pour rendre propre l\u2019enceinte de ces me\u0301dias de l\u2019E\u0301tat.<\/p>\n<p>Pour le Coordinateur Re\u0301gional COSNA -Diffa, M. Ousmane Grah, L\u2019objectif de cette activite\u0301 est de \u2018\u2019de\u0301montrer notre soutien a\u0300 l&rsquo;Alliance des E\u0301tats du Sahel (AES) en effectuant cette se\u0301ance de salubrite\u0301 au sein de cette maison tre\u0300s strate\u0301gique pour l\u2019E\u0301tat Nige\u0301rien et me\u0302me pour l\u2019ensemble des E\u0301tats de l\u2019Alliance\u2019\u2019.<\/p>\n<p>\u2018\u2019Nous sommes tre\u0300s contents du travail de ces hommes et femmes des me\u0301dias dans la re\u0301gion de Diffa surtout la RTN et l\u2019ANP qui ont toujours e\u0301te\u0301 a\u0300 nos co\u0302te\u0301s lors de nos activite\u0301s du soutien au CNSP qui ne cesse de surprendre le monde entier avec des actions salvatrices et de souverainete\u0301 de notre che\u0300re Patrie le Niger\u2019\u2019, a reconnu M. Ousmane Grah.<\/p>\n<p>\u2018\u2019Au nom du directeur ge\u0301ne\u0301ral de la RTN et de l\u2019ensemble du personnel, nous disons merci au Cosna-Diffa pour cette action noble de salubrite\u0301, qui est une action patriotique\u2019\u2019, de\u0301clare\u0301 M. Alio Ibrahim Responsable re\u0301gional de la RTN de Diffa, pour qui, \u2018\u2019COSNA reste et demeure l\u2019un de nos partenaires importants dans la re\u0301gion de Diffa\u2019\u2019.<\/p>\n<p>A noter que c\u2019est l\u2019ensemle du ba\u0302timent, ainsi que les bureaux qui ont e\u0301te\u0301 rendus propres par ces jeunes patriotiques du COSNA, avec un appui logistique et mate\u0301riel de la municipalite\u0301 de la ville de Diffa qui a mis a\u0300 leur disposition des brouettes et balais ainsi qu\u2019un camion pour transporter hors de la ville les de\u0301chets.<\/p>\n<p><strong>Pour plus d&rsquo;informations et d&rsquo;analyses sur la <a href=\"https:\/\/www.africa-press.net\/niger\">Niger<\/a>, suivez <a href=\"https:\/\/www.africa-press.net\/\">Africa-Press<\/a><\/strong><\/p>\n","protected":false},"excerpt":{"rendered":"<p>Africa-Press &#8211; Niger. La coordination re\u0301gionale de Diffa de la convergence pour la souverainete\u0301 nationale (COSNA) a proce\u0301de\u0301 ce samedi 3 fe\u0301vrier 2024, a\u0300 une se\u0301ance de salubrite\u0301 dans les locaux de la station re\u0301gionale de la radio et te\u0301le\u0301vision du Niger (RTN), local abritant e\u0301galement le bureau re\u0301gional de l\u2019Agence Nige\u0301rienne de Presse (ANP). [&hellip;]<\/p>\n","protected":false},"author":82,"featured_media":58248,"comment_status":"open","ping_status":"closed","sticky":false,"template":"","format":"standard","meta":{"footnotes":""},"categories":[21,10],"tags":[55,60,29],"class_list":["post-58250","post","type-post","status-publish","format-standard","has-post-thumbnail","hentry","category-communaute","category-toutes-les-actualites","tag-africa-press","tag-africa-press-niger","tag-niger"],"yoast_head":"<!-- This site is optimized with the Yoast SEO Premium plugin v26.1 (Yoast SEO v27.0) - https:\/\/yoast.com\/product\/yoast-seo-premium-wordpress\/ -->\n<title>DIFFA : la coordination r\u00e9gionale Cosna-Diffa se mobilise pour rendre propres les locaux de la RTN et ANP - niger<\/title>\n<meta name=\"description\" content=\"La coordination re\u0301gionale de Diffa de la convergence pour la souverainete\u0301 nationale (COSNA) a proce\u0301de\u0301 ce samedi 3 fe ...\" \/>\n<meta name=\"robots\" content=\"index, follow, max-snippet:-1, max-image-preview:large, max-video-preview:-1\" \/>\n<link rel=\"canonical\" href=\"https:\/\/www.africa-press.net\/niger\/toutes-les-actualites\/diffa-la-coordination-regionale-cosna-diffa-se-mobilise-pour-rendre-propres-les-locaux-de-la-rtn-et-anp\" \/>\n<meta property=\"og:locale\" content=\"fr_FR\" \/>\n<meta property=\"og:type\" content=\"article\" \/>\n<meta property=\"og:title\" content=\"DIFFA : la coordination r\u00e9gionale Cosna-Diffa se mobilise pour rendre propres les locaux de la RTN et ANP\" \/>\n<meta property=\"og:description\" content=\"La coordination re\u0301gionale de Diffa de la convergence pour la souverainete\u0301 nationale (COSNA) a proce\u0301de\u0301 ce samedi 3 fe ...\" \/>\n<meta property=\"og:url\" content=\"https:\/\/www.africa-press.net\/niger\/toutes-les-actualites\/diffa-la-coordination-regionale-cosna-diffa-se-mobilise-pour-rendre-propres-les-locaux-de-la-rtn-et-anp\" \/>\n<meta property=\"og:site_name\" content=\"niger\" \/>\n<meta property=\"article:published_time\" content=\"2024-02-05T16:28:58+00:00\" \/>\n<meta property=\"article:modified_time\" content=\"2024-02-05T17:08:15+00:00\" \/>\n<meta property=\"og:image\" content=\"https:\/\/static.africa-press.net\/niger\/sites\/40\/2024\/02\/sm_1707140176.46986.jpg\" \/>\n\t<meta property=\"og:image:width\" content=\"1080\" \/>\n\t<meta property=\"og:image:height\" content=\"637\" \/>\n\t<meta property=\"og:image:type\" content=\"image\/jpeg\" \/>\n<meta name=\"author\" content=\"cfeditorfr\" \/>\n<meta name=\"twitter:card\" content=\"summary_large_image\" \/>\n<meta name=\"twitter:label1\" content=\"\u00c9crit par\" \/>\n\t<meta name=\"twitter:data1\" content=\"cfeditorfr\" \/>\n\t<meta name=\"twitter:label2\" content=\"Dur\u00e9e de lecture estim\u00e9e\" \/>\n\t<meta name=\"twitter:data2\" content=\"2 minutes\" \/>\n<script type=\"application\/ld+json\" class=\"yoast-schema-graph\">{\"@context\":\"https:\/\/schema.org\",\"@graph\":[{\"@type\":\"Article\",\"@id\":\"https:\/\/www.africa-press.net\/niger\/toutes-les-actualites\/diffa-la-coordination-regionale-cosna-diffa-se-mobilise-pour-rendre-propres-les-locaux-de-la-rtn-et-anp#article\",\"isPartOf\":{\"@id\":\"https:\/\/www.africa-press.net\/niger\/toutes-les-actualites\/diffa-la-coordination-regionale-cosna-diffa-se-mobilise-pour-rendre-propres-les-locaux-de-la-rtn-et-anp\"},\"author\":{\"name\":\"cfeditorfr\",\"@id\":\"https:\/\/www.africa-press.net\/niger\/#\/schema\/person\/2b1cf3cd81a31e3cd26889ca66d677f1\"},\"headline\":\"DIFFA : la coordination r\u00e9gionale Cosna-Diffa se mobilise pour rendre propres les locaux de la RTN et ANP\",\"datePublished\":\"2024-02-05T16:28:58+00:00\",\"dateModified\":\"2024-02-05T17:08:15+00:00\",\"mainEntityOfPage\":{\"@id\":\"https:\/\/www.africa-press.net\/niger\/toutes-les-actualites\/diffa-la-coordination-regionale-cosna-diffa-se-mobilise-pour-rendre-propres-les-locaux-de-la-rtn-et-anp\"},\"wordCount\":383,\"commentCount\":0,\"image\":{\"@id\":\"https:\/\/www.africa-press.net\/niger\/toutes-les-actualites\/diffa-la-coordination-regionale-cosna-diffa-se-mobilise-pour-rendre-propres-les-locaux-de-la-rtn-et-anp#primaryimage\"},\"thumbnailUrl\":\"https:\/\/static.africa-press.net\/niger\/sites\/40\/2024\/02\/sm_1707140176.46986.jpg\",\"keywords\":[\"Africa Press\",\"Africa Press-Niger\",\"Niger\"],\"articleSection\":[\"Communaut\u00e9\",\"Toutes les actualit\u00e9s\"],\"inLanguage\":\"fr-FR\",\"potentialAction\":[{\"@type\":\"CommentAction\",\"name\":\"Comment\",\"target\":[\"https:\/\/www.africa-press.net\/niger\/toutes-les-actualites\/diffa-la-coordination-regionale-cosna-diffa-se-mobilise-pour-rendre-propres-les-locaux-de-la-rtn-et-anp#respond\"]}]},{\"@type\":\"WebPage\",\"@id\":\"https:\/\/www.africa-press.net\/niger\/toutes-les-actualites\/diffa-la-coordination-regionale-cosna-diffa-se-mobilise-pour-rendre-propres-les-locaux-de-la-rtn-et-anp\",\"url\":\"https:\/\/www.africa-press.net\/niger\/toutes-les-actualites\/diffa-la-coordination-regionale-cosna-diffa-se-mobilise-pour-rendre-propres-les-locaux-de-la-rtn-et-anp\",\"name\":\"DIFFA : la coordination r\u00e9gionale Cosna-Diffa se mobilise pour rendre propres les locaux de la RTN et ANP - niger\",\"isPartOf\":{\"@id\":\"https:\/\/www.africa-press.net\/niger\/#website\"},\"primaryImageOfPage\":{\"@id\":\"https:\/\/www.africa-press.net\/niger\/toutes-les-actualites\/diffa-la-coordination-regionale-cosna-diffa-se-mobilise-pour-rendre-propres-les-locaux-de-la-rtn-et-anp#primaryimage\"},\"image\":{\"@id\":\"https:\/\/www.africa-press.net\/niger\/toutes-les-actualites\/diffa-la-coordination-regionale-cosna-diffa-se-mobilise-pour-rendre-propres-les-locaux-de-la-rtn-et-anp#primaryimage\"},\"thumbnailUrl\":\"https:\/\/static.africa-press.net\/niger\/sites\/40\/2024\/02\/sm_1707140176.46986.jpg\",\"datePublished\":\"2024-02-05T16:28:58+00:00\",\"dateModified\":\"2024-02-05T17:08:15+00:00\",\"author\":{\"@id\":\"https:\/\/www.africa-press.net\/niger\/#\/schema\/person\/2b1cf3cd81a31e3cd26889ca66d677f1\"},\"description\":\"La coordination re\u0301gionale de Diffa de la convergence pour la souverainete\u0301 nationale (COSNA) a proce\u0301de\u0301 ce samedi 3 fe ...\",\"breadcrumb\":{\"@id\":\"https:\/\/www.africa-press.net\/niger\/toutes-les-actualites\/diffa-la-coordination-regionale-cosna-diffa-se-mobilise-pour-rendre-propres-les-locaux-de-la-rtn-et-anp#breadcrumb\"},\"inLanguage\":\"fr-FR\",\"potentialAction\":[{\"@type\":\"ReadAction\",\"target\":[\"https:\/\/www.africa-press.net\/niger\/toutes-les-actualites\/diffa-la-coordination-regionale-cosna-diffa-se-mobilise-pour-rendre-propres-les-locaux-de-la-rtn-et-anp\"]}]},{\"@type\":\"ImageObject\",\"inLanguage\":\"fr-FR\",\"@id\":\"https:\/\/www.africa-press.net\/niger\/toutes-les-actualites\/diffa-la-coordination-regionale-cosna-diffa-se-mobilise-pour-rendre-propres-les-locaux-de-la-rtn-et-anp#primaryimage\",\"url\":\"https:\/\/static.africa-press.net\/niger\/sites\/40\/2024\/02\/sm_1707140176.46986.jpg\",\"contentUrl\":\"https:\/\/static.africa-press.net\/niger\/sites\/40\/2024\/02\/sm_1707140176.46986.jpg\",\"width\":1080,\"height\":637,\"caption\":\"DIFFA : la coordination r\u00e9gionale Cosna-Diffa se mobilise pour rendre propres les locaux de la RTN et ANP\"},{\"@type\":\"BreadcrumbList\",\"@id\":\"https:\/\/www.africa-press.net\/niger\/toutes-les-actualites\/diffa-la-coordination-regionale-cosna-diffa-se-mobilise-pour-rendre-propres-les-locaux-de-la-rtn-et-anp#breadcrumb\",\"itemListElement\":[{\"@type\":\"ListItem\",\"position\":1,\"name\":\"Accueil\",\"item\":\"https:\/\/www.africa-press.net\/niger\/\"},{\"@type\":\"ListItem\",\"position\":2,\"name\":\"DIFFA : la coordination r\u00e9gionale Cosna-Diffa se mobilise pour rendre propres les locaux de la RTN et ANP\"}]},{\"@type\":\"WebSite\",\"@id\":\"https:\/\/www.africa-press.net\/niger\/#website\",\"url\":\"https:\/\/www.africa-press.net\/niger\/\",\"name\":\"niger\",\"description\":\"Just another Africa News Agency Sites site\",\"potentialAction\":[{\"@type\":\"SearchAction\",\"target\":{\"@type\":\"EntryPoint\",\"urlTemplate\":\"https:\/\/www.africa-press.net\/niger\/?s={search_term_string}\"},\"query-input\":{\"@type\":\"PropertyValueSpecification\",\"valueRequired\":true,\"valueName\":\"search_term_string\"}}],\"inLanguage\":\"fr-FR\"},{\"@type\":\"Person\",\"@id\":\"https:\/\/www.africa-press.net\/niger\/#\/schema\/person\/2b1cf3cd81a31e3cd26889ca66d677f1\",\"name\":\"cfeditorfr\"}]}<\/script>\n<!-- \/ Yoast SEO Premium plugin. -->","yoast_head_json":{"title":"DIFFA : la coordination r\u00e9gionale Cosna-Diffa se mobilise pour rendre propres les locaux de la RTN et ANP - niger","description":"La coordination re\u0301gionale de Diffa de la convergence pour la souverainete\u0301 nationale (COSNA) a proce\u0301de\u0301 ce samedi 3 fe ...","robots":{"index":"index","follow":"follow","max-snippet":"max-snippet:-1","max-image-preview":"max-image-preview:large","max-video-preview":"max-video-preview:-1"},"canonical":"https:\/\/www.africa-press.net\/niger\/toutes-les-actualites\/diffa-la-coordination-regionale-cosna-diffa-se-mobilise-pour-rendre-propres-les-locaux-de-la-rtn-et-anp","og_locale":"fr_FR","og_type":"article","og_title":"DIFFA : la coordination r\u00e9gionale Cosna-Diffa se mobilise pour rendre propres les locaux de la RTN et ANP","og_description":"La coordination re\u0301gionale de Diffa de la convergence pour la souverainete\u0301 nationale (COSNA) a proce\u0301de\u0301 ce samedi 3 fe ...","og_url":"https:\/\/www.africa-press.net\/niger\/toutes-les-actualites\/diffa-la-coordination-regionale-cosna-diffa-se-mobilise-pour-rendre-propres-les-locaux-de-la-rtn-et-anp","og_site_name":"niger","article_published_time":"2024-02-05T16:28:58+00:00","article_modified_time":"2024-02-05T17:08:15+00:00","og_image":[{"width":1080,"height":637,"url":"https:\/\/static.africa-press.net\/niger\/sites\/40\/2024\/02\/sm_1707140176.46986.jpg","type":"image\/jpeg"}],"author":"cfeditorfr","twitter_card":"summary_large_image","twitter_misc":{"\u00c9crit par":"cfeditorfr","Dur\u00e9e de lecture estim\u00e9e":"2 minutes"},"schema":{"@context":"https:\/\/schema.org","@graph":[{"@type":"Article","@id":"https:\/\/www.africa-press.net\/niger\/toutes-les-actualites\/diffa-la-coordination-regionale-cosna-diffa-se-mobilise-pour-rendre-propres-les-locaux-de-la-rtn-et-anp#article","isPartOf":{"@id":"https:\/\/www.africa-press.net\/niger\/toutes-les-actualites\/diffa-la-coordination-regionale-cosna-diffa-se-mobilise-pour-rendre-propres-les-locaux-de-la-rtn-et-anp"},"author":{"name":"cfeditorfr","@id":"https:\/\/www.africa-press.net\/niger\/#\/schema\/person\/2b1cf3cd81a31e3cd26889ca66d677f1"},"headline":"DIFFA : la coordination r\u00e9gionale Cosna-Diffa se mobilise pour rendre propres les locaux de la RTN et ANP","datePublished":"2024-02-05T16:28:58+00:00","dateModified":"2024-02-05T17:08:15+00:00","mainEntityOfPage":{"@id":"https:\/\/www.africa-press.net\/niger\/toutes-les-actualites\/diffa-la-coordination-regionale-cosna-diffa-se-mobilise-pour-rendre-propres-les-locaux-de-la-rtn-et-anp"},"wordCount":383,"commentCount":0,"image":{"@id":"https:\/\/www.africa-press.net\/niger\/toutes-les-actualites\/diffa-la-coordination-regionale-cosna-diffa-se-mobilise-pour-rendre-propres-les-locaux-de-la-rtn-et-anp#primaryimage"},"thumbnailUrl":"https:\/\/static.africa-press.net\/niger\/sites\/40\/2024\/02\/sm_1707140176.46986.jpg","keywords":["Africa Press","Africa Press-Niger","Niger"],"articleSection":["Communaut\u00e9","Toutes les actualit\u00e9s"],"inLanguage":"fr-FR","potentialAction":[{"@type":"CommentAction","name":"Comment","target":["https:\/\/www.africa-press.net\/niger\/toutes-les-actualites\/diffa-la-coordination-regionale-cosna-diffa-se-mobilise-pour-rendre-propres-les-locaux-de-la-rtn-et-anp#respond"]}]},{"@type":"WebPage","@id":"https:\/\/www.africa-press.net\/niger\/toutes-les-actualites\/diffa-la-coordination-regionale-cosna-diffa-se-mobilise-pour-rendre-propres-les-locaux-de-la-rtn-et-anp","url":"https:\/\/www.africa-press.net\/niger\/toutes-les-actualites\/diffa-la-coordination-regionale-cosna-diffa-se-mobilise-pour-rendre-propres-les-locaux-de-la-rtn-et-anp","name":"DIFFA : la coordination r\u00e9gionale Cosna-Diffa se mobilise pour rendre propres les locaux de la RTN et ANP - niger","isPartOf":{"@id":"https:\/\/www.africa-press.net\/niger\/#website"},"primaryImageOfPage":{"@id":"https:\/\/www.africa-press.net\/niger\/toutes-les-actualites\/diffa-la-coordination-regionale-cosna-diffa-se-mobilise-pour-rendre-propres-les-locaux-de-la-rtn-et-anp#primaryimage"},"image":{"@id":"https:\/\/www.africa-press.net\/niger\/toutes-les-actualites\/diffa-la-coordination-regionale-cosna-diffa-se-mobilise-pour-rendre-propres-les-locaux-de-la-rtn-et-anp#primaryimage"},"thumbnailUrl":"https:\/\/static.africa-press.net\/niger\/sites\/40\/2024\/02\/sm_1707140176.46986.jpg","datePublished":"2024-02-05T16:28:58+00:00","dateModified":"2024-02-05T17:08:15+00:00","author":{"@id":"https:\/\/www.africa-press.net\/niger\/#\/schema\/person\/2b1cf3cd81a31e3cd26889ca66d677f1"},"description":"La coordination re\u0301gionale de Diffa de la convergence pour la souverainete\u0301 nationale (COSNA) a proce\u0301de\u0301 ce samedi 3 fe ...","breadcrumb":{"@id":"https:\/\/www.africa-press.net\/niger\/toutes-les-actualites\/diffa-la-coordination-regionale-cosna-diffa-se-mobilise-pour-rendre-propres-les-locaux-de-la-rtn-et-anp#breadcrumb"},"inLanguage":"fr-FR","potentialAction":[{"@type":"ReadAction","target":["https:\/\/www.africa-press.net\/niger\/toutes-les-actualites\/diffa-la-coordination-regionale-cosna-diffa-se-mobilise-pour-rendre-propres-les-locaux-de-la-rtn-et-anp"]}]},{"@type":"ImageObject","inLanguage":"fr-FR","@id":"https:\/\/www.africa-press.net\/niger\/toutes-les-actualites\/diffa-la-coordination-regionale-cosna-diffa-se-mobilise-pour-rendre-propres-les-locaux-de-la-rtn-et-anp#primaryimage","url":"https:\/\/static.africa-press.net\/niger\/sites\/40\/2024\/02\/sm_1707140176.46986.jpg","contentUrl":"https:\/\/static.africa-press.net\/niger\/sites\/40\/2024\/02\/sm_1707140176.46986.jpg","width":1080,"height":637,"caption":"DIFFA : la coordination r\u00e9gionale Cosna-Diffa se mobilise pour rendre propres les locaux de la RTN et ANP"},{"@type":"BreadcrumbList","@id":"https:\/\/www.africa-press.net\/niger\/toutes-les-actualites\/diffa-la-coordination-regionale-cosna-diffa-se-mobilise-pour-rendre-propres-les-locaux-de-la-rtn-et-anp#breadcrumb","itemListElement":[{"@type":"ListItem","position":1,"name":"Accueil","item":"https:\/\/www.africa-press.net\/niger\/"},{"@type":"ListItem","position":2,"name":"DIFFA : la coordination r\u00e9gionale Cosna-Diffa se mobilise pour rendre propres les locaux de la RTN et ANP"}]},{"@type":"WebSite","@id":"https:\/\/www.africa-press.net\/niger\/#website","url":"https:\/\/www.africa-press.net\/niger\/","name":"niger","description":"Just another Africa News Agency Sites site","potentialAction":[{"@type":"SearchAction","target":{"@type":"EntryPoint","urlTemplate":"https:\/\/www.africa-press.net\/niger\/?s={search_term_string}"},"query-input":{"@type":"PropertyValueSpecification","valueRequired":true,"valueName":"search_term_string"}}],"inLanguage":"fr-FR"},{"@type":"Person","@id":"https:\/\/www.africa-press.net\/niger\/#\/schema\/person\/2b1cf3cd81a31e3cd26889ca66d677f1","name":"cfeditorfr"}]}},"_links":{"self":[{"href":"https:\/\/www.africa-press.net\/niger\/wp-json\/wp\/v2\/posts\/58250","targetHints":{"allow":["GET"]}}],"collection":[{"href":"https:\/\/www.africa-press.net\/niger\/wp-json\/wp\/v2\/posts"}],"about":[{"href":"https:\/\/www.africa-press.net\/niger\/wp-json\/wp\/v2\/types\/post"}],"author":[{"embeddable":true,"href":"https:\/\/www.africa-press.net\/niger\/wp-json\/wp\/v2\/users\/82"}],"replies":[{"embeddable":true,"href":"https:\/\/www.africa-press.net\/niger\/wp-json\/wp\/v2\/comments?post=58250"}],"version-history":[{"count":0,"href":"https:\/\/www.africa-press.net\/niger\/wp-json\/wp\/v2\/posts\/58250\/revisions"}],"wp:featuredmedia":[{"embeddable":true,"href":"https:\/\/www.africa-press.net\/niger\/wp-json\/wp\/v2\/media\/58248"}],"wp:attachment":[{"href":"https:\/\/www.africa-press.net\/niger\/wp-json\/wp\/v2\/media?parent=58250"}],"wp:term":[{"taxonomy":"category","embeddable":true,"href":"https:\/\/www.africa-press.net\/niger\/wp-json\/wp\/v2\/categories?post=58250"},{"taxonomy":"post_tag","embeddable":true,"href":"https:\/\/www.africa-press.net\/niger\/wp-json\/wp\/v2\/tags?post=58250"}],"curies":[{"name":"wp","href":"https:\/\/api.w.org\/{rel}","templated":true}]}}