{"id":58255,"date":"2024-02-05T16:29:43","date_gmt":"2024-02-05T16:29:43","guid":{"rendered":"https:\/\/www.africa-press.net\/niger\/politique\/diffa-mise-en-place-de-la-coordination-regionale-niger-uni"},"modified":"2024-02-05T17:09:50","modified_gmt":"2024-02-05T17:09:50","slug":"diffa-mise-en-place-de-la-coordination-regionale-niger-uni","status":"publish","type":"post","link":"https:\/\/www.africa-press.net\/niger\/politique\/diffa-mise-en-place-de-la-coordination-regionale-niger-uni","title":{"rendered":"Diffa : mise en place de la coordination r\u00e9gionale NIGER UNI"},"content":{"rendered":"<p><span style=\"color: #ff6600\"><strong>Africa-Press &#8211; Niger. <\/strong><\/span>L&rsquo;Assemble\u0301e ge\u0301ne\u0301rale e\u0301lective de la coordination re\u0301gionale de l\u2019association de la socie\u0301te\u0301 civile de\u0301nomme\u0301 Union des Nige\u0301riens pour la sauvegarde de la patrie (NIGER UNI) s&rsquo;est rendue ce dimanche 4 fe\u0301vrier dans la salle de re\u0301union du conseil re\u0301gional de Diffa.<\/p>\n<p>Apre\u0300s avoir chante\u0301 hymne national par l\u2019ensemble de la salle et le mot introductif du vice-pre\u0301sident du conseil re\u0301gional de Diffa, le processus de la mise en place du bureau a e\u0301te\u0301 engage\u0301 avec la lecture des postes a\u0300 pourvoir ainsi que la ve\u0301rification de la conformite\u0301 des mandants des de\u0301le\u0301gue\u0301s.<\/p>\n<p>Suite au consensus qui a pre\u0301valu, un bureau consensuel a e\u0301te\u0301 mis en place avec comme pre\u0301sident, M. Amed Crou Taimi.<\/p>\n<p>\u2018\u2019Je remercie l\u2019ensemble des de\u0301le\u0301gue\u0301s qui ont porte\u0301 leur choix et confiance en moi\u2019\u2019, s\u2019est re\u0301joui le nouveau Pre\u0301sident e\u0301lu juste apre\u0300s l\u2019e\u0301lection.<\/p>\n<p>Selon lui, \u2018\u2019Nous allons travailler avec tout le monde pour un Niger Uni et prospe\u0300re afin de gagner ce combat que nous avons engage\u0301 depuis fin juillet pour la sauvegarde de notre pays\u2019\u2019.<\/p>\n<p>Quant a\u0300 M. Amadou Beidi Ibrahim, charge\u0301 a\u0300 l\u2019organisation du Bureau national Niger Uni et Chef de la mission de supervision venu de Niamey, il a\u0300 remercier toutes les structures de la re\u0301gion de Diffa ainsi que les autorite\u0301s re\u0301gionales pour \u2018\u2019l\u2019accueil et la facilitation de notre se\u0301jour ici a\u0300 Diffa\u2019\u2019.<\/p>\n<p>Il a, par la suite indique\u0301 e\u0302tre \u2018\u2019tre\u0300s heureux de cette mise en place du bureau re\u0301gional de Diffa, surtout le consensus qui a pre\u0301valu et qui nous a me\u0302me permis de mettre en place le bureau sans passer par le vote\u2019\u2019.<\/p>\n<p>\u2018\u2019Nous sommes satisfait de la sagesse de l\u2019ensemble des pre\u0301sidents de\u0301partementaux qui nous ont facilite\u0301 cela\u2019\u2019, a-t-il reconnu, avant de confirmer que \u2018\u2019Les textes ont e\u0301te\u0301 respecte\u0301s et c\u2019est de\u0301ja\u0300 un point de gagner pour nous qui sommes venus superviser cette Assemble\u0301e Ge\u0301ne\u0301rale e\u0301lective\u2019\u2019.<\/p>\n<p>Il faut souligner que NIGER UNI fait partie des structures de la socie\u0301te\u0301 civile Nige\u0301rienne qui accompagne le conseil national pour la sauvegarde de la patrie dans le cadre du processus de la sauvegarde de la patrie engage\u0301 depuis le 26 juillet dernier.<\/p>\n<p><strong>Pour plus d&rsquo;informations et d&rsquo;analyses sur la <a href=\"https:\/\/www.africa-press.net\/niger\">Niger<\/a>, suivez <a href=\"https:\/\/www.africa-press.net\/\">Africa-Press<\/a><\/strong><\/p>\n","protected":false},"excerpt":{"rendered":"<p>Africa-Press &#8211; Niger. L&rsquo;Assemble\u0301e ge\u0301ne\u0301rale e\u0301lective de la coordination re\u0301gionale de l\u2019association de la socie\u0301te\u0301 civile de\u0301nomme\u0301 Union des Nige\u0301riens pour la sauvegarde de la patrie (NIGER UNI) s&rsquo;est rendue ce dimanche 4 fe\u0301vrier dans la salle de re\u0301union du conseil re\u0301gional de Diffa. Apre\u0300s avoir chante\u0301 hymne national par l\u2019ensemble de la salle et [&hellip;]<\/p>\n","protected":false},"author":82,"featured_media":58254,"comment_status":"open","ping_status":"closed","sticky":false,"template":"","format":"standard","meta":{"footnotes":""},"categories":[2,10],"tags":[55,60,29],"class_list":["post-58255","post","type-post","status-publish","format-standard","has-post-thumbnail","hentry","category-politique","category-toutes-les-actualites","tag-africa-press","tag-africa-press-niger","tag-niger"],"yoast_head":"<!-- This site is optimized with the Yoast SEO Premium plugin v26.1 (Yoast SEO v27.0) - https:\/\/yoast.com\/product\/yoast-seo-premium-wordpress\/ -->\n<title>Diffa : mise en place de la coordination r\u00e9gionale NIGER UNI - niger<\/title>\n<meta name=\"description\" content=\"L&#039;Assemble\u0301e ge\u0301ne\u0301rale e\u0301lective de la coordination re\u0301gionale de l\u2019association de la socie\u0301te\u0301 civile de\u0301nomme\u0301 Union ...\" \/>\n<meta name=\"robots\" content=\"index, follow, max-snippet:-1, max-image-preview:large, max-video-preview:-1\" \/>\n<link rel=\"canonical\" href=\"https:\/\/www.africa-press.net\/niger\/politique\/diffa-mise-en-place-de-la-coordination-regionale-niger-uni\" \/>\n<meta property=\"og:locale\" content=\"fr_FR\" \/>\n<meta property=\"og:type\" content=\"article\" \/>\n<meta property=\"og:title\" content=\"Diffa : mise en place de la coordination r\u00e9gionale NIGER UNI\" \/>\n<meta property=\"og:description\" content=\"L&#039;Assemble\u0301e ge\u0301ne\u0301rale e\u0301lective de la coordination re\u0301gionale de l\u2019association de la socie\u0301te\u0301 civile de\u0301nomme\u0301 Union ...\" \/>\n<meta property=\"og:url\" content=\"https:\/\/www.africa-press.net\/niger\/politique\/diffa-mise-en-place-de-la-coordination-regionale-niger-uni\" \/>\n<meta property=\"og:site_name\" content=\"niger\" \/>\n<meta property=\"article:published_time\" content=\"2024-02-05T16:29:43+00:00\" \/>\n<meta property=\"article:modified_time\" content=\"2024-02-05T17:09:50+00:00\" \/>\n<meta property=\"og:image\" content=\"https:\/\/static.africa-press.net\/niger\/sites\/40\/2024\/02\/sm_1707140221.685383.jpg\" \/>\n\t<meta property=\"og:image:width\" content=\"960\" \/>\n\t<meta property=\"og:image:height\" content=\"640\" \/>\n\t<meta property=\"og:image:type\" content=\"image\/jpeg\" \/>\n<meta name=\"author\" content=\"cfeditorfr\" \/>\n<meta name=\"twitter:card\" content=\"summary_large_image\" \/>\n<meta name=\"twitter:label1\" content=\"\u00c9crit par\" \/>\n\t<meta name=\"twitter:data1\" content=\"cfeditorfr\" \/>\n\t<meta name=\"twitter:label2\" content=\"Dur\u00e9e de lecture estim\u00e9e\" \/>\n\t<meta name=\"twitter:data2\" content=\"3 minutes\" \/>\n<script type=\"application\/ld+json\" class=\"yoast-schema-graph\">{\"@context\":\"https:\/\/schema.org\",\"@graph\":[{\"@type\":\"Article\",\"@id\":\"https:\/\/www.africa-press.net\/niger\/politique\/diffa-mise-en-place-de-la-coordination-regionale-niger-uni#article\",\"isPartOf\":{\"@id\":\"https:\/\/www.africa-press.net\/niger\/politique\/diffa-mise-en-place-de-la-coordination-regionale-niger-uni\"},\"author\":{\"name\":\"cfeditorfr\",\"@id\":\"https:\/\/www.africa-press.net\/niger\/#\/schema\/person\/2b1cf3cd81a31e3cd26889ca66d677f1\"},\"headline\":\"Diffa : mise en place de la coordination r\u00e9gionale NIGER UNI\",\"datePublished\":\"2024-02-05T16:29:43+00:00\",\"dateModified\":\"2024-02-05T17:09:50+00:00\",\"mainEntityOfPage\":{\"@id\":\"https:\/\/www.africa-press.net\/niger\/politique\/diffa-mise-en-place-de-la-coordination-regionale-niger-uni\"},\"wordCount\":435,\"commentCount\":0,\"image\":{\"@id\":\"https:\/\/www.africa-press.net\/niger\/politique\/diffa-mise-en-place-de-la-coordination-regionale-niger-uni#primaryimage\"},\"thumbnailUrl\":\"https:\/\/static.africa-press.net\/niger\/sites\/40\/2024\/02\/sm_1707140221.685383.jpg\",\"keywords\":[\"Africa Press\",\"Africa Press-Niger\",\"Niger\"],\"articleSection\":[\"Politique\",\"Toutes les actualit\u00e9s\"],\"inLanguage\":\"fr-FR\",\"potentialAction\":[{\"@type\":\"CommentAction\",\"name\":\"Comment\",\"target\":[\"https:\/\/www.africa-press.net\/niger\/politique\/diffa-mise-en-place-de-la-coordination-regionale-niger-uni#respond\"]}]},{\"@type\":\"WebPage\",\"@id\":\"https:\/\/www.africa-press.net\/niger\/politique\/diffa-mise-en-place-de-la-coordination-regionale-niger-uni\",\"url\":\"https:\/\/www.africa-press.net\/niger\/politique\/diffa-mise-en-place-de-la-coordination-regionale-niger-uni\",\"name\":\"Diffa : mise en place de la coordination r\u00e9gionale NIGER UNI - niger\",\"isPartOf\":{\"@id\":\"https:\/\/www.africa-press.net\/niger\/#website\"},\"primaryImageOfPage\":{\"@id\":\"https:\/\/www.africa-press.net\/niger\/politique\/diffa-mise-en-place-de-la-coordination-regionale-niger-uni#primaryimage\"},\"image\":{\"@id\":\"https:\/\/www.africa-press.net\/niger\/politique\/diffa-mise-en-place-de-la-coordination-regionale-niger-uni#primaryimage\"},\"thumbnailUrl\":\"https:\/\/static.africa-press.net\/niger\/sites\/40\/2024\/02\/sm_1707140221.685383.jpg\",\"datePublished\":\"2024-02-05T16:29:43+00:00\",\"dateModified\":\"2024-02-05T17:09:50+00:00\",\"author\":{\"@id\":\"https:\/\/www.africa-press.net\/niger\/#\/schema\/person\/2b1cf3cd81a31e3cd26889ca66d677f1\"},\"description\":\"L'Assemble\u0301e ge\u0301ne\u0301rale e\u0301lective de la coordination re\u0301gionale de l\u2019association de la socie\u0301te\u0301 civile de\u0301nomme\u0301 Union ...\",\"breadcrumb\":{\"@id\":\"https:\/\/www.africa-press.net\/niger\/politique\/diffa-mise-en-place-de-la-coordination-regionale-niger-uni#breadcrumb\"},\"inLanguage\":\"fr-FR\",\"potentialAction\":[{\"@type\":\"ReadAction\",\"target\":[\"https:\/\/www.africa-press.net\/niger\/politique\/diffa-mise-en-place-de-la-coordination-regionale-niger-uni\"]}]},{\"@type\":\"ImageObject\",\"inLanguage\":\"fr-FR\",\"@id\":\"https:\/\/www.africa-press.net\/niger\/politique\/diffa-mise-en-place-de-la-coordination-regionale-niger-uni#primaryimage\",\"url\":\"https:\/\/static.africa-press.net\/niger\/sites\/40\/2024\/02\/sm_1707140221.685383.jpg\",\"contentUrl\":\"https:\/\/static.africa-press.net\/niger\/sites\/40\/2024\/02\/sm_1707140221.685383.jpg\",\"width\":960,\"height\":640,\"caption\":\"Diffa : mise en place de la coordination r\u00e9gionale NIGER UNI\"},{\"@type\":\"BreadcrumbList\",\"@id\":\"https:\/\/www.africa-press.net\/niger\/politique\/diffa-mise-en-place-de-la-coordination-regionale-niger-uni#breadcrumb\",\"itemListElement\":[{\"@type\":\"ListItem\",\"position\":1,\"name\":\"Accueil\",\"item\":\"https:\/\/www.africa-press.net\/niger\/\"},{\"@type\":\"ListItem\",\"position\":2,\"name\":\"Diffa : mise en place de la coordination r\u00e9gionale NIGER UNI\"}]},{\"@type\":\"WebSite\",\"@id\":\"https:\/\/www.africa-press.net\/niger\/#website\",\"url\":\"https:\/\/www.africa-press.net\/niger\/\",\"name\":\"niger\",\"description\":\"Just another Africa News Agency Sites site\",\"potentialAction\":[{\"@type\":\"SearchAction\",\"target\":{\"@type\":\"EntryPoint\",\"urlTemplate\":\"https:\/\/www.africa-press.net\/niger\/?s={search_term_string}\"},\"query-input\":{\"@type\":\"PropertyValueSpecification\",\"valueRequired\":true,\"valueName\":\"search_term_string\"}}],\"inLanguage\":\"fr-FR\"},{\"@type\":\"Person\",\"@id\":\"https:\/\/www.africa-press.net\/niger\/#\/schema\/person\/2b1cf3cd81a31e3cd26889ca66d677f1\",\"name\":\"cfeditorfr\"}]}<\/script>\n<!-- \/ Yoast SEO Premium plugin. -->","yoast_head_json":{"title":"Diffa : mise en place de la coordination r\u00e9gionale NIGER UNI - niger","description":"L'Assemble\u0301e ge\u0301ne\u0301rale e\u0301lective de la coordination re\u0301gionale de l\u2019association de la socie\u0301te\u0301 civile de\u0301nomme\u0301 Union ...","robots":{"index":"index","follow":"follow","max-snippet":"max-snippet:-1","max-image-preview":"max-image-preview:large","max-video-preview":"max-video-preview:-1"},"canonical":"https:\/\/www.africa-press.net\/niger\/politique\/diffa-mise-en-place-de-la-coordination-regionale-niger-uni","og_locale":"fr_FR","og_type":"article","og_title":"Diffa : mise en place de la coordination r\u00e9gionale NIGER UNI","og_description":"L'Assemble\u0301e ge\u0301ne\u0301rale e\u0301lective de la coordination re\u0301gionale de l\u2019association de la socie\u0301te\u0301 civile de\u0301nomme\u0301 Union ...","og_url":"https:\/\/www.africa-press.net\/niger\/politique\/diffa-mise-en-place-de-la-coordination-regionale-niger-uni","og_site_name":"niger","article_published_time":"2024-02-05T16:29:43+00:00","article_modified_time":"2024-02-05T17:09:50+00:00","og_image":[{"width":960,"height":640,"url":"https:\/\/static.africa-press.net\/niger\/sites\/40\/2024\/02\/sm_1707140221.685383.jpg","type":"image\/jpeg"}],"author":"cfeditorfr","twitter_card":"summary_large_image","twitter_misc":{"\u00c9crit par":"cfeditorfr","Dur\u00e9e de lecture estim\u00e9e":"3 minutes"},"schema":{"@context":"https:\/\/schema.org","@graph":[{"@type":"Article","@id":"https:\/\/www.africa-press.net\/niger\/politique\/diffa-mise-en-place-de-la-coordination-regionale-niger-uni#article","isPartOf":{"@id":"https:\/\/www.africa-press.net\/niger\/politique\/diffa-mise-en-place-de-la-coordination-regionale-niger-uni"},"author":{"name":"cfeditorfr","@id":"https:\/\/www.africa-press.net\/niger\/#\/schema\/person\/2b1cf3cd81a31e3cd26889ca66d677f1"},"headline":"Diffa : mise en place de la coordination r\u00e9gionale NIGER UNI","datePublished":"2024-02-05T16:29:43+00:00","dateModified":"2024-02-05T17:09:50+00:00","mainEntityOfPage":{"@id":"https:\/\/www.africa-press.net\/niger\/politique\/diffa-mise-en-place-de-la-coordination-regionale-niger-uni"},"wordCount":435,"commentCount":0,"image":{"@id":"https:\/\/www.africa-press.net\/niger\/politique\/diffa-mise-en-place-de-la-coordination-regionale-niger-uni#primaryimage"},"thumbnailUrl":"https:\/\/static.africa-press.net\/niger\/sites\/40\/2024\/02\/sm_1707140221.685383.jpg","keywords":["Africa Press","Africa Press-Niger","Niger"],"articleSection":["Politique","Toutes les actualit\u00e9s"],"inLanguage":"fr-FR","potentialAction":[{"@type":"CommentAction","name":"Comment","target":["https:\/\/www.africa-press.net\/niger\/politique\/diffa-mise-en-place-de-la-coordination-regionale-niger-uni#respond"]}]},{"@type":"WebPage","@id":"https:\/\/www.africa-press.net\/niger\/politique\/diffa-mise-en-place-de-la-coordination-regionale-niger-uni","url":"https:\/\/www.africa-press.net\/niger\/politique\/diffa-mise-en-place-de-la-coordination-regionale-niger-uni","name":"Diffa : mise en place de la coordination r\u00e9gionale NIGER UNI - niger","isPartOf":{"@id":"https:\/\/www.africa-press.net\/niger\/#website"},"primaryImageOfPage":{"@id":"https:\/\/www.africa-press.net\/niger\/politique\/diffa-mise-en-place-de-la-coordination-regionale-niger-uni#primaryimage"},"image":{"@id":"https:\/\/www.africa-press.net\/niger\/politique\/diffa-mise-en-place-de-la-coordination-regionale-niger-uni#primaryimage"},"thumbnailUrl":"https:\/\/static.africa-press.net\/niger\/sites\/40\/2024\/02\/sm_1707140221.685383.jpg","datePublished":"2024-02-05T16:29:43+00:00","dateModified":"2024-02-05T17:09:50+00:00","author":{"@id":"https:\/\/www.africa-press.net\/niger\/#\/schema\/person\/2b1cf3cd81a31e3cd26889ca66d677f1"},"description":"L'Assemble\u0301e ge\u0301ne\u0301rale e\u0301lective de la coordination re\u0301gionale de l\u2019association de la socie\u0301te\u0301 civile de\u0301nomme\u0301 Union ...","breadcrumb":{"@id":"https:\/\/www.africa-press.net\/niger\/politique\/diffa-mise-en-place-de-la-coordination-regionale-niger-uni#breadcrumb"},"inLanguage":"fr-FR","potentialAction":[{"@type":"ReadAction","target":["https:\/\/www.africa-press.net\/niger\/politique\/diffa-mise-en-place-de-la-coordination-regionale-niger-uni"]}]},{"@type":"ImageObject","inLanguage":"fr-FR","@id":"https:\/\/www.africa-press.net\/niger\/politique\/diffa-mise-en-place-de-la-coordination-regionale-niger-uni#primaryimage","url":"https:\/\/static.africa-press.net\/niger\/sites\/40\/2024\/02\/sm_1707140221.685383.jpg","contentUrl":"https:\/\/static.africa-press.net\/niger\/sites\/40\/2024\/02\/sm_1707140221.685383.jpg","width":960,"height":640,"caption":"Diffa : mise en place de la coordination r\u00e9gionale NIGER UNI"},{"@type":"BreadcrumbList","@id":"https:\/\/www.africa-press.net\/niger\/politique\/diffa-mise-en-place-de-la-coordination-regionale-niger-uni#breadcrumb","itemListElement":[{"@type":"ListItem","position":1,"name":"Accueil","item":"https:\/\/www.africa-press.net\/niger\/"},{"@type":"ListItem","position":2,"name":"Diffa : mise en place de la coordination r\u00e9gionale NIGER UNI"}]},{"@type":"WebSite","@id":"https:\/\/www.africa-press.net\/niger\/#website","url":"https:\/\/www.africa-press.net\/niger\/","name":"niger","description":"Just another Africa News Agency Sites site","potentialAction":[{"@type":"SearchAction","target":{"@type":"EntryPoint","urlTemplate":"https:\/\/www.africa-press.net\/niger\/?s={search_term_string}"},"query-input":{"@type":"PropertyValueSpecification","valueRequired":true,"valueName":"search_term_string"}}],"inLanguage":"fr-FR"},{"@type":"Person","@id":"https:\/\/www.africa-press.net\/niger\/#\/schema\/person\/2b1cf3cd81a31e3cd26889ca66d677f1","name":"cfeditorfr"}]}},"_links":{"self":[{"href":"https:\/\/www.africa-press.net\/niger\/wp-json\/wp\/v2\/posts\/58255","targetHints":{"allow":["GET"]}}],"collection":[{"href":"https:\/\/www.africa-press.net\/niger\/wp-json\/wp\/v2\/posts"}],"about":[{"href":"https:\/\/www.africa-press.net\/niger\/wp-json\/wp\/v2\/types\/post"}],"author":[{"embeddable":true,"href":"https:\/\/www.africa-press.net\/niger\/wp-json\/wp\/v2\/users\/82"}],"replies":[{"embeddable":true,"href":"https:\/\/www.africa-press.net\/niger\/wp-json\/wp\/v2\/comments?post=58255"}],"version-history":[{"count":0,"href":"https:\/\/www.africa-press.net\/niger\/wp-json\/wp\/v2\/posts\/58255\/revisions"}],"wp:featuredmedia":[{"embeddable":true,"href":"https:\/\/www.africa-press.net\/niger\/wp-json\/wp\/v2\/media\/58254"}],"wp:attachment":[{"href":"https:\/\/www.africa-press.net\/niger\/wp-json\/wp\/v2\/media?parent=58255"}],"wp:term":[{"taxonomy":"category","embeddable":true,"href":"https:\/\/www.africa-press.net\/niger\/wp-json\/wp\/v2\/categories?post=58255"},{"taxonomy":"post_tag","embeddable":true,"href":"https:\/\/www.africa-press.net\/niger\/wp-json\/wp\/v2\/tags?post=58255"}],"curies":[{"name":"wp","href":"https:\/\/api.w.org\/{rel}","templated":true}]}}