{"id":58259,"date":"2024-02-05T16:30:17","date_gmt":"2024-02-05T16:30:17","guid":{"rendered":"https:\/\/www.africa-press.net\/niger\/politique\/afrique-economie-la-cedeao-perdra-au-moins-45-milliards-de-fcfa-par-an-avec-le-retrait-de-laes"},"modified":"2024-02-05T17:11:53","modified_gmt":"2024-02-05T17:11:53","slug":"afrique-economie-la-cedeao-perdra-au-moins-45-milliards-de-fcfa-par-an-avec-le-retrait-de-laes","status":"publish","type":"post","link":"https:\/\/www.africa-press.net\/niger\/economie\/afrique-economie-la-cedeao-perdra-au-moins-45-milliards-de-fcfa-par-an-avec-le-retrait-de-laes","title":{"rendered":"Afrique \u00e9conomie : La CEDEAO perdra au moins 45 milliards de FCFA par an avec le retrait de l\u2019AES"},"content":{"rendered":"<p><span style=\"color: #ff6600\"><strong>Africa-Press &#8211; Niger. <\/strong><\/span>Le ministre burkinabe\u0300 en charge de l\u2019Economie et des Finances, Aboubakar Nacanabo, a estime\u0301, dimanche 4 fe\u0301vrier, que la Communaute\u0301 e\u0301conomique des Etats de l\u2019Afrique de l\u2019Ouest (CEDEAO) va perdre annuellement au moins 45 milliards de FCFA de pre\u0301le\u0300vements communautaires, avec le de\u0301part groupe\u0301 du Burkina Faso, du Mali et du Niger.<\/p>\n<p>Le Burkina Faso, le Mali et le Niger ont cre\u0301e\u0301, le 16 septembre dernier, l\u2019Alliance des Etats du Sahel (AES) pour se de\u0301fendre mutuellement et promouvoir le de\u0301veloppement. Ces trois pays se sont retire\u0301s de la CEDEAO, le 28 janvier 2024.<\/p>\n<p>Le ministre Aboubakar Nacanabo qui s\u2019exprimait dans une interview accorde\u0301e a\u0300 l\u2019Agence d\u2019information du Burkina (AIB), a de\u0301clare\u0301 e\u0301galement que l\u2019organisation sous re\u0301gionale va e\u0301galement perdre \u00ables effets de synergies\u00bb.<\/p>\n<p>\u00abLa CEDEAO va aussi e\u0302tre impacte\u0301e parce que passer de 15 a\u0300 12 pays, c\u0327a fait force\u0301ment un manque a\u0300 gagner\u00bb, a ajoute\u0301 le ministre.<\/p>\n<p>Selon lui, l\u2019Alliance des Etats du Sahel concentre l\u2019essentiel des ressources naturelles de la CEDEAO.<\/p>\n<p>\u00abL\u2019essentiel des ressources naturelles de la CEDEAO se retrouve dans les pays de l\u2019AES\u00bb, a martele\u0301 le ministre burkinabe\u0300 de l\u2019Economie et des Finances.<\/p>\n<p>Parlant de son pays, M. Nacanabo a fait remarquer que le retrait du Burkina Faso de la CEDEAO aura peu d\u2019impacts au niveau de son commerce exte\u0301rieur, gra\u0302ce surtout a\u0300 la faiblesse de ses e\u0301changes avec les pays membres de la CEDEAO et hors UMOA.<\/p>\n<p>\u00abNotre sortie de la CEDEAO en termes d\u2019impact sur le commerce exte\u0301rieur, n\u2019est pas assez significative en dehors du Ghana\u00bb, a-t-il explique\u0301.<\/p>\n<p>Il a rappele\u0301 que l\u2019espace CEDEAO comptait 15 pays membres dont 8 au sein de l\u2019Union Mone\u0301taire Ouest Africaine (UMOA), y compris le Burkina Faso.<\/p>\n<p>De l\u2019avis du ministre, l\u2019application du Tarif exte\u0301rieur commun de l\u2019UMOA qui est proche de celui de la CEDEAO, contribuera a\u0300 minimiser les impacts.<\/p>\n<p>Les exportations en 2023 ont atteint 14% avec la zone CEDEAO dont moins de 3% avec les pays hors UMOA comme le Ghana, a-t-il pre\u0301cise\u0301.<\/p>\n<p><strong>Pour plus d&rsquo;informations et d&rsquo;analyses sur la <a href=\"https:\/\/www.africa-press.net\/niger\">Niger<\/a>, suivez <a href=\"https:\/\/www.africa-press.net\/\">Africa-Press<\/a><\/strong><\/p>\n","protected":false},"excerpt":{"rendered":"<p>Africa-Press &#8211; Niger. Le ministre burkinabe\u0300 en charge de l\u2019Economie et des Finances, Aboubakar Nacanabo, a estime\u0301, dimanche 4 fe\u0301vrier, que la Communaute\u0301 e\u0301conomique des Etats de l\u2019Afrique de l\u2019Ouest (CEDEAO) va perdre annuellement au moins 45 milliards de FCFA de pre\u0301le\u0300vements communautaires, avec le de\u0301part groupe\u0301 du Burkina Faso, du Mali et du Niger. [&hellip;]<\/p>\n","protected":false},"author":82,"featured_media":58257,"comment_status":"open","ping_status":"closed","sticky":false,"template":"","format":"standard","meta":{"footnotes":""},"categories":[3,10],"tags":[55,60,29],"class_list":["post-58259","post","type-post","status-publish","format-standard","has-post-thumbnail","hentry","category-economie","category-toutes-les-actualites","tag-africa-press","tag-africa-press-niger","tag-niger"],"yoast_head":"<!-- This site is optimized with the Yoast SEO Premium plugin v26.1 (Yoast SEO v27.0) - https:\/\/yoast.com\/product\/yoast-seo-premium-wordpress\/ -->\n<title>Afrique \u00e9conomie : La CEDEAO perdra au moins 45 milliards de FCFA par an avec le retrait de l\u2019AES - niger<\/title>\n<meta name=\"description\" content=\"Le ministre burkinabe\u0300 en charge de l\u2019Economie et des Finances, Aboubakar Nacanabo, a estime\u0301, dimanche 4 fe\u0301vrier, que ...\" \/>\n<meta name=\"robots\" content=\"index, follow, max-snippet:-1, max-image-preview:large, max-video-preview:-1\" \/>\n<link rel=\"canonical\" href=\"https:\/\/www.africa-press.net\/niger\/economie\/afrique-economie-la-cedeao-perdra-au-moins-45-milliards-de-fcfa-par-an-avec-le-retrait-de-laes\" \/>\n<meta property=\"og:locale\" content=\"fr_FR\" \/>\n<meta property=\"og:type\" content=\"article\" \/>\n<meta property=\"og:title\" content=\"Afrique \u00e9conomie : La CEDEAO perdra au moins 45 milliards de FCFA par an avec le retrait de l\u2019AES\" \/>\n<meta property=\"og:description\" content=\"Le ministre burkinabe\u0300 en charge de l\u2019Economie et des Finances, Aboubakar Nacanabo, a estime\u0301, dimanche 4 fe\u0301vrier, que ...\" \/>\n<meta property=\"og:url\" content=\"https:\/\/www.africa-press.net\/niger\/economie\/afrique-economie-la-cedeao-perdra-au-moins-45-milliards-de-fcfa-par-an-avec-le-retrait-de-laes\" \/>\n<meta property=\"og:site_name\" content=\"niger\" \/>\n<meta property=\"article:published_time\" content=\"2024-02-05T16:30:17+00:00\" \/>\n<meta property=\"article:modified_time\" content=\"2024-02-05T17:11:53+00:00\" \/>\n<meta property=\"og:image\" content=\"https:\/\/static.africa-press.net\/niger\/sites\/40\/2024\/02\/sm_1707140289.776337.jpg\" \/>\n\t<meta property=\"og:image:width\" content=\"800\" \/>\n\t<meta property=\"og:image:height\" content=\"450\" \/>\n\t<meta property=\"og:image:type\" content=\"image\/jpeg\" \/>\n<meta name=\"author\" content=\"cfeditorfr\" \/>\n<meta name=\"twitter:card\" content=\"summary_large_image\" \/>\n<meta name=\"twitter:label1\" content=\"\u00c9crit par\" \/>\n\t<meta name=\"twitter:data1\" content=\"cfeditorfr\" \/>\n\t<meta name=\"twitter:label2\" content=\"Dur\u00e9e de lecture estim\u00e9e\" \/>\n\t<meta name=\"twitter:data2\" content=\"2 minutes\" \/>\n<script type=\"application\/ld+json\" class=\"yoast-schema-graph\">{\"@context\":\"https:\/\/schema.org\",\"@graph\":[{\"@type\":\"Article\",\"@id\":\"https:\/\/www.africa-press.net\/niger\/economie\/afrique-economie-la-cedeao-perdra-au-moins-45-milliards-de-fcfa-par-an-avec-le-retrait-de-laes#article\",\"isPartOf\":{\"@id\":\"https:\/\/www.africa-press.net\/niger\/economie\/afrique-economie-la-cedeao-perdra-au-moins-45-milliards-de-fcfa-par-an-avec-le-retrait-de-laes\"},\"author\":{\"name\":\"cfeditorfr\",\"@id\":\"https:\/\/www.africa-press.net\/niger\/#\/schema\/person\/2b1cf3cd81a31e3cd26889ca66d677f1\"},\"headline\":\"Afrique \u00e9conomie : La CEDEAO perdra au moins 45 milliards de FCFA par an avec le retrait de l\u2019AES\",\"datePublished\":\"2024-02-05T16:30:17+00:00\",\"dateModified\":\"2024-02-05T17:11:53+00:00\",\"mainEntityOfPage\":{\"@id\":\"https:\/\/www.africa-press.net\/niger\/economie\/afrique-economie-la-cedeao-perdra-au-moins-45-milliards-de-fcfa-par-an-avec-le-retrait-de-laes\"},\"wordCount\":395,\"commentCount\":0,\"image\":{\"@id\":\"https:\/\/www.africa-press.net\/niger\/economie\/afrique-economie-la-cedeao-perdra-au-moins-45-milliards-de-fcfa-par-an-avec-le-retrait-de-laes#primaryimage\"},\"thumbnailUrl\":\"https:\/\/static.africa-press.net\/niger\/sites\/40\/2024\/02\/sm_1707140289.776337.jpg\",\"keywords\":[\"Africa Press\",\"Africa Press-Niger\",\"Niger\"],\"articleSection\":[\"\u00c9conomie\",\"Toutes les actualit\u00e9s\"],\"inLanguage\":\"fr-FR\",\"potentialAction\":[{\"@type\":\"CommentAction\",\"name\":\"Comment\",\"target\":[\"https:\/\/www.africa-press.net\/niger\/economie\/afrique-economie-la-cedeao-perdra-au-moins-45-milliards-de-fcfa-par-an-avec-le-retrait-de-laes#respond\"]}]},{\"@type\":\"WebPage\",\"@id\":\"https:\/\/www.africa-press.net\/niger\/economie\/afrique-economie-la-cedeao-perdra-au-moins-45-milliards-de-fcfa-par-an-avec-le-retrait-de-laes\",\"url\":\"https:\/\/www.africa-press.net\/niger\/economie\/afrique-economie-la-cedeao-perdra-au-moins-45-milliards-de-fcfa-par-an-avec-le-retrait-de-laes\",\"name\":\"Afrique \u00e9conomie : La CEDEAO perdra au moins 45 milliards de FCFA par an avec le retrait de l\u2019AES - niger\",\"isPartOf\":{\"@id\":\"https:\/\/www.africa-press.net\/niger\/#website\"},\"primaryImageOfPage\":{\"@id\":\"https:\/\/www.africa-press.net\/niger\/economie\/afrique-economie-la-cedeao-perdra-au-moins-45-milliards-de-fcfa-par-an-avec-le-retrait-de-laes#primaryimage\"},\"image\":{\"@id\":\"https:\/\/www.africa-press.net\/niger\/economie\/afrique-economie-la-cedeao-perdra-au-moins-45-milliards-de-fcfa-par-an-avec-le-retrait-de-laes#primaryimage\"},\"thumbnailUrl\":\"https:\/\/static.africa-press.net\/niger\/sites\/40\/2024\/02\/sm_1707140289.776337.jpg\",\"datePublished\":\"2024-02-05T16:30:17+00:00\",\"dateModified\":\"2024-02-05T17:11:53+00:00\",\"author\":{\"@id\":\"https:\/\/www.africa-press.net\/niger\/#\/schema\/person\/2b1cf3cd81a31e3cd26889ca66d677f1\"},\"description\":\"Le ministre burkinabe\u0300 en charge de l\u2019Economie et des Finances, Aboubakar Nacanabo, a estime\u0301, dimanche 4 fe\u0301vrier, que ...\",\"breadcrumb\":{\"@id\":\"https:\/\/www.africa-press.net\/niger\/economie\/afrique-economie-la-cedeao-perdra-au-moins-45-milliards-de-fcfa-par-an-avec-le-retrait-de-laes#breadcrumb\"},\"inLanguage\":\"fr-FR\",\"potentialAction\":[{\"@type\":\"ReadAction\",\"target\":[\"https:\/\/www.africa-press.net\/niger\/economie\/afrique-economie-la-cedeao-perdra-au-moins-45-milliards-de-fcfa-par-an-avec-le-retrait-de-laes\"]}]},{\"@type\":\"ImageObject\",\"inLanguage\":\"fr-FR\",\"@id\":\"https:\/\/www.africa-press.net\/niger\/economie\/afrique-economie-la-cedeao-perdra-au-moins-45-milliards-de-fcfa-par-an-avec-le-retrait-de-laes#primaryimage\",\"url\":\"https:\/\/static.africa-press.net\/niger\/sites\/40\/2024\/02\/sm_1707140289.776337.jpg\",\"contentUrl\":\"https:\/\/static.africa-press.net\/niger\/sites\/40\/2024\/02\/sm_1707140289.776337.jpg\",\"width\":800,\"height\":450,\"caption\":\"Afrique \u00e9conomie : La CEDEAO perdra au moins 45 milliards de FCFA par an avec le retrait de l\u2019AES\"},{\"@type\":\"BreadcrumbList\",\"@id\":\"https:\/\/www.africa-press.net\/niger\/economie\/afrique-economie-la-cedeao-perdra-au-moins-45-milliards-de-fcfa-par-an-avec-le-retrait-de-laes#breadcrumb\",\"itemListElement\":[{\"@type\":\"ListItem\",\"position\":1,\"name\":\"Accueil\",\"item\":\"https:\/\/www.africa-press.net\/niger\/\"},{\"@type\":\"ListItem\",\"position\":2,\"name\":\"Afrique \u00e9conomie : La CEDEAO perdra au moins 45 milliards de FCFA par an avec le retrait de l\u2019AES\"}]},{\"@type\":\"WebSite\",\"@id\":\"https:\/\/www.africa-press.net\/niger\/#website\",\"url\":\"https:\/\/www.africa-press.net\/niger\/\",\"name\":\"niger\",\"description\":\"Just another Africa News Agency Sites site\",\"potentialAction\":[{\"@type\":\"SearchAction\",\"target\":{\"@type\":\"EntryPoint\",\"urlTemplate\":\"https:\/\/www.africa-press.net\/niger\/?s={search_term_string}\"},\"query-input\":{\"@type\":\"PropertyValueSpecification\",\"valueRequired\":true,\"valueName\":\"search_term_string\"}}],\"inLanguage\":\"fr-FR\"},{\"@type\":\"Person\",\"@id\":\"https:\/\/www.africa-press.net\/niger\/#\/schema\/person\/2b1cf3cd81a31e3cd26889ca66d677f1\",\"name\":\"cfeditorfr\"}]}<\/script>\n<!-- \/ Yoast SEO Premium plugin. -->","yoast_head_json":{"title":"Afrique \u00e9conomie : La CEDEAO perdra au moins 45 milliards de FCFA par an avec le retrait de l\u2019AES - niger","description":"Le ministre burkinabe\u0300 en charge de l\u2019Economie et des Finances, Aboubakar Nacanabo, a estime\u0301, dimanche 4 fe\u0301vrier, que ...","robots":{"index":"index","follow":"follow","max-snippet":"max-snippet:-1","max-image-preview":"max-image-preview:large","max-video-preview":"max-video-preview:-1"},"canonical":"https:\/\/www.africa-press.net\/niger\/economie\/afrique-economie-la-cedeao-perdra-au-moins-45-milliards-de-fcfa-par-an-avec-le-retrait-de-laes","og_locale":"fr_FR","og_type":"article","og_title":"Afrique \u00e9conomie : La CEDEAO perdra au moins 45 milliards de FCFA par an avec le retrait de l\u2019AES","og_description":"Le ministre burkinabe\u0300 en charge de l\u2019Economie et des Finances, Aboubakar Nacanabo, a estime\u0301, dimanche 4 fe\u0301vrier, que ...","og_url":"https:\/\/www.africa-press.net\/niger\/economie\/afrique-economie-la-cedeao-perdra-au-moins-45-milliards-de-fcfa-par-an-avec-le-retrait-de-laes","og_site_name":"niger","article_published_time":"2024-02-05T16:30:17+00:00","article_modified_time":"2024-02-05T17:11:53+00:00","og_image":[{"width":800,"height":450,"url":"https:\/\/static.africa-press.net\/niger\/sites\/40\/2024\/02\/sm_1707140289.776337.jpg","type":"image\/jpeg"}],"author":"cfeditorfr","twitter_card":"summary_large_image","twitter_misc":{"\u00c9crit par":"cfeditorfr","Dur\u00e9e de lecture estim\u00e9e":"2 minutes"},"schema":{"@context":"https:\/\/schema.org","@graph":[{"@type":"Article","@id":"https:\/\/www.africa-press.net\/niger\/economie\/afrique-economie-la-cedeao-perdra-au-moins-45-milliards-de-fcfa-par-an-avec-le-retrait-de-laes#article","isPartOf":{"@id":"https:\/\/www.africa-press.net\/niger\/economie\/afrique-economie-la-cedeao-perdra-au-moins-45-milliards-de-fcfa-par-an-avec-le-retrait-de-laes"},"author":{"name":"cfeditorfr","@id":"https:\/\/www.africa-press.net\/niger\/#\/schema\/person\/2b1cf3cd81a31e3cd26889ca66d677f1"},"headline":"Afrique \u00e9conomie : La CEDEAO perdra au moins 45 milliards de FCFA par an avec le retrait de l\u2019AES","datePublished":"2024-02-05T16:30:17+00:00","dateModified":"2024-02-05T17:11:53+00:00","mainEntityOfPage":{"@id":"https:\/\/www.africa-press.net\/niger\/economie\/afrique-economie-la-cedeao-perdra-au-moins-45-milliards-de-fcfa-par-an-avec-le-retrait-de-laes"},"wordCount":395,"commentCount":0,"image":{"@id":"https:\/\/www.africa-press.net\/niger\/economie\/afrique-economie-la-cedeao-perdra-au-moins-45-milliards-de-fcfa-par-an-avec-le-retrait-de-laes#primaryimage"},"thumbnailUrl":"https:\/\/static.africa-press.net\/niger\/sites\/40\/2024\/02\/sm_1707140289.776337.jpg","keywords":["Africa Press","Africa Press-Niger","Niger"],"articleSection":["\u00c9conomie","Toutes les actualit\u00e9s"],"inLanguage":"fr-FR","potentialAction":[{"@type":"CommentAction","name":"Comment","target":["https:\/\/www.africa-press.net\/niger\/economie\/afrique-economie-la-cedeao-perdra-au-moins-45-milliards-de-fcfa-par-an-avec-le-retrait-de-laes#respond"]}]},{"@type":"WebPage","@id":"https:\/\/www.africa-press.net\/niger\/economie\/afrique-economie-la-cedeao-perdra-au-moins-45-milliards-de-fcfa-par-an-avec-le-retrait-de-laes","url":"https:\/\/www.africa-press.net\/niger\/economie\/afrique-economie-la-cedeao-perdra-au-moins-45-milliards-de-fcfa-par-an-avec-le-retrait-de-laes","name":"Afrique \u00e9conomie : La CEDEAO perdra au moins 45 milliards de FCFA par an avec le retrait de l\u2019AES - niger","isPartOf":{"@id":"https:\/\/www.africa-press.net\/niger\/#website"},"primaryImageOfPage":{"@id":"https:\/\/www.africa-press.net\/niger\/economie\/afrique-economie-la-cedeao-perdra-au-moins-45-milliards-de-fcfa-par-an-avec-le-retrait-de-laes#primaryimage"},"image":{"@id":"https:\/\/www.africa-press.net\/niger\/economie\/afrique-economie-la-cedeao-perdra-au-moins-45-milliards-de-fcfa-par-an-avec-le-retrait-de-laes#primaryimage"},"thumbnailUrl":"https:\/\/static.africa-press.net\/niger\/sites\/40\/2024\/02\/sm_1707140289.776337.jpg","datePublished":"2024-02-05T16:30:17+00:00","dateModified":"2024-02-05T17:11:53+00:00","author":{"@id":"https:\/\/www.africa-press.net\/niger\/#\/schema\/person\/2b1cf3cd81a31e3cd26889ca66d677f1"},"description":"Le ministre burkinabe\u0300 en charge de l\u2019Economie et des Finances, Aboubakar Nacanabo, a estime\u0301, dimanche 4 fe\u0301vrier, que ...","breadcrumb":{"@id":"https:\/\/www.africa-press.net\/niger\/economie\/afrique-economie-la-cedeao-perdra-au-moins-45-milliards-de-fcfa-par-an-avec-le-retrait-de-laes#breadcrumb"},"inLanguage":"fr-FR","potentialAction":[{"@type":"ReadAction","target":["https:\/\/www.africa-press.net\/niger\/economie\/afrique-economie-la-cedeao-perdra-au-moins-45-milliards-de-fcfa-par-an-avec-le-retrait-de-laes"]}]},{"@type":"ImageObject","inLanguage":"fr-FR","@id":"https:\/\/www.africa-press.net\/niger\/economie\/afrique-economie-la-cedeao-perdra-au-moins-45-milliards-de-fcfa-par-an-avec-le-retrait-de-laes#primaryimage","url":"https:\/\/static.africa-press.net\/niger\/sites\/40\/2024\/02\/sm_1707140289.776337.jpg","contentUrl":"https:\/\/static.africa-press.net\/niger\/sites\/40\/2024\/02\/sm_1707140289.776337.jpg","width":800,"height":450,"caption":"Afrique \u00e9conomie : La CEDEAO perdra au moins 45 milliards de FCFA par an avec le retrait de l\u2019AES"},{"@type":"BreadcrumbList","@id":"https:\/\/www.africa-press.net\/niger\/economie\/afrique-economie-la-cedeao-perdra-au-moins-45-milliards-de-fcfa-par-an-avec-le-retrait-de-laes#breadcrumb","itemListElement":[{"@type":"ListItem","position":1,"name":"Accueil","item":"https:\/\/www.africa-press.net\/niger\/"},{"@type":"ListItem","position":2,"name":"Afrique \u00e9conomie : La CEDEAO perdra au moins 45 milliards de FCFA par an avec le retrait de l\u2019AES"}]},{"@type":"WebSite","@id":"https:\/\/www.africa-press.net\/niger\/#website","url":"https:\/\/www.africa-press.net\/niger\/","name":"niger","description":"Just another Africa News Agency Sites site","potentialAction":[{"@type":"SearchAction","target":{"@type":"EntryPoint","urlTemplate":"https:\/\/www.africa-press.net\/niger\/?s={search_term_string}"},"query-input":{"@type":"PropertyValueSpecification","valueRequired":true,"valueName":"search_term_string"}}],"inLanguage":"fr-FR"},{"@type":"Person","@id":"https:\/\/www.africa-press.net\/niger\/#\/schema\/person\/2b1cf3cd81a31e3cd26889ca66d677f1","name":"cfeditorfr"}]}},"_links":{"self":[{"href":"https:\/\/www.africa-press.net\/niger\/wp-json\/wp\/v2\/posts\/58259","targetHints":{"allow":["GET"]}}],"collection":[{"href":"https:\/\/www.africa-press.net\/niger\/wp-json\/wp\/v2\/posts"}],"about":[{"href":"https:\/\/www.africa-press.net\/niger\/wp-json\/wp\/v2\/types\/post"}],"author":[{"embeddable":true,"href":"https:\/\/www.africa-press.net\/niger\/wp-json\/wp\/v2\/users\/82"}],"replies":[{"embeddable":true,"href":"https:\/\/www.africa-press.net\/niger\/wp-json\/wp\/v2\/comments?post=58259"}],"version-history":[{"count":0,"href":"https:\/\/www.africa-press.net\/niger\/wp-json\/wp\/v2\/posts\/58259\/revisions"}],"wp:featuredmedia":[{"embeddable":true,"href":"https:\/\/www.africa-press.net\/niger\/wp-json\/wp\/v2\/media\/58257"}],"wp:attachment":[{"href":"https:\/\/www.africa-press.net\/niger\/wp-json\/wp\/v2\/media?parent=58259"}],"wp:term":[{"taxonomy":"category","embeddable":true,"href":"https:\/\/www.africa-press.net\/niger\/wp-json\/wp\/v2\/categories?post=58259"},{"taxonomy":"post_tag","embeddable":true,"href":"https:\/\/www.africa-press.net\/niger\/wp-json\/wp\/v2\/tags?post=58259"}],"curies":[{"name":"wp","href":"https:\/\/api.w.org\/{rel}","templated":true}]}}