{"id":58279,"date":"2024-02-05T16:41:44","date_gmt":"2024-02-05T16:41:44","guid":{"rendered":"https:\/\/www.africa-press.net\/niger\/politique\/le-niger-renforce-sa-cooperation-militaire-avec-la-turquie"},"modified":"2024-02-05T17:33:20","modified_gmt":"2024-02-05T17:33:20","slug":"le-niger-renforce-sa-cooperation-militaire-avec-la-turquie","status":"publish","type":"post","link":"https:\/\/www.africa-press.net\/niger\/politique\/le-niger-renforce-sa-cooperation-militaire-avec-la-turquie","title":{"rendered":"Le Niger renforce sa coop\u00e9ration militaire avec la Turquie"},"content":{"rendered":"<p><span style=\"color: #ff6600\"><strong>Africa-Press &#8211; Niger. <\/strong><\/span>Le Premier ministre nige\u0301rien, accompagne\u0301 d\u2019une de\u0301le\u0301gation, a visite\u0301 plusieurs entreprises turques de production d&rsquo;armes, a annonce\u0301 le Conseil national pour la sauvegarde de la patrie du Niger.<\/p>\n<p>L\u2019inte\u0301re\u0302t du chef du gouvernement nige\u0301rien s\u2019est notamment porte\u0301 sur des ve\u0301hicules blinde\u0301s et des syste\u0300mes de de\u0301fense e\u0301lectronique.<\/p>\n<p>Lors de sa visite de travail, M. Ali Mahaman Lamine Zeine s\u2019est rendu dans:<\/p>\n<p>&#8211; Les sites de production d&rsquo;ASELSAN, socie\u0301te\u0301 turque qui produit des syste\u0300mes de communication et de de\u0301fense e\u0301lectronique. Des e\u0301changes ont eu lieu sur des projets en cours entre les deux pays.<\/p>\n<p>&#8211; L\u2019entreprise turque Nural Makina, engage\u0301e dans la production de ve\u0301hicules blinde\u0301s tactiques.<\/p>\n<p>Un entretien du haut responsable nige\u0301rian avec le Pre\u0301sident turc a aussi eu lieu lors de cette visite. Ils ont confirme\u0301 leur volonte\u0301 de renforcer le partenariat dans divers domaines et ont aborde\u0301 des questions re\u0301gionales et internationales.<\/p>\n<p><strong>Pour plus d&rsquo;informations et d&rsquo;analyses sur la <a href=\"https:\/\/www.africa-press.net\/niger\">Niger<\/a>, suivez <a href=\"https:\/\/www.africa-press.net\/\">Africa-Press<\/a><\/strong><\/p>\n","protected":false},"excerpt":{"rendered":"<p>Africa-Press &#8211; Niger. Le Premier ministre nige\u0301rien, accompagne\u0301 d\u2019une de\u0301le\u0301gation, a visite\u0301 plusieurs entreprises turques de production d&rsquo;armes, a annonce\u0301 le Conseil national pour la sauvegarde de la patrie du Niger. L\u2019inte\u0301re\u0302t du chef du gouvernement nige\u0301rien s\u2019est notamment porte\u0301 sur des ve\u0301hicules blinde\u0301s et des syste\u0300mes de de\u0301fense e\u0301lectronique. Lors de sa visite de [&hellip;]<\/p>\n","protected":false},"author":82,"featured_media":58278,"comment_status":"open","ping_status":"closed","sticky":false,"template":"","format":"standard","meta":{"footnotes":""},"categories":[2,73,20,10],"tags":[55,60,29],"class_list":["post-58279","post","type-post","status-publish","format-standard","has-post-thumbnail","hentry","category-politique","category-to-homepage","category-top-nouvelles","category-toutes-les-actualites","tag-africa-press","tag-africa-press-niger","tag-niger"],"yoast_head":"<!-- This site is optimized with the Yoast SEO Premium plugin v26.1 (Yoast SEO v27.0) - https:\/\/yoast.com\/product\/yoast-seo-premium-wordpress\/ -->\n<title>Le Niger renforce sa coop\u00e9ration militaire avec la Turquie - niger<\/title>\n<meta name=\"description\" content=\"Le Premier ministre nige\u0301rien, accompagne\u0301 d\u2019une de\u0301le\u0301gation, a visite\u0301 plusieurs entreprises turques de production d&#039;a ...\" \/>\n<meta name=\"robots\" content=\"index, follow, max-snippet:-1, max-image-preview:large, max-video-preview:-1\" \/>\n<link rel=\"canonical\" href=\"https:\/\/www.africa-press.net\/niger\/politique\/le-niger-renforce-sa-cooperation-militaire-avec-la-turquie\" \/>\n<meta property=\"og:locale\" content=\"fr_FR\" \/>\n<meta property=\"og:type\" content=\"article\" \/>\n<meta property=\"og:title\" content=\"Le Niger renforce sa coop\u00e9ration militaire avec la Turquie\" \/>\n<meta property=\"og:description\" content=\"Le Premier ministre nige\u0301rien, accompagne\u0301 d\u2019une de\u0301le\u0301gation, a visite\u0301 plusieurs entreprises turques de production d&#039;a ...\" \/>\n<meta property=\"og:url\" content=\"https:\/\/www.africa-press.net\/niger\/politique\/le-niger-renforce-sa-cooperation-militaire-avec-la-turquie\" \/>\n<meta property=\"og:site_name\" content=\"niger\" \/>\n<meta property=\"article:published_time\" content=\"2024-02-05T16:41:44+00:00\" \/>\n<meta property=\"article:modified_time\" content=\"2024-02-05T17:33:20+00:00\" \/>\n<meta property=\"og:image\" content=\"https:\/\/static.africa-press.net\/niger\/sites\/40\/2024\/02\/sm_1707141660.680759.jpg\" \/>\n\t<meta property=\"og:image:width\" content=\"1200\" \/>\n\t<meta property=\"og:image:height\" content=\"900\" \/>\n\t<meta property=\"og:image:type\" content=\"image\/jpeg\" \/>\n<meta name=\"author\" content=\"cfeditorfr\" \/>\n<meta name=\"twitter:card\" content=\"summary_large_image\" \/>\n<meta name=\"twitter:label1\" content=\"\u00c9crit par\" \/>\n\t<meta name=\"twitter:data1\" content=\"cfeditorfr\" \/>\n\t<meta name=\"twitter:label2\" content=\"Dur\u00e9e de lecture estim\u00e9e\" \/>\n\t<meta name=\"twitter:data2\" content=\"1 minute\" \/>\n<script type=\"application\/ld+json\" class=\"yoast-schema-graph\">{\"@context\":\"https:\/\/schema.org\",\"@graph\":[{\"@type\":\"Article\",\"@id\":\"https:\/\/www.africa-press.net\/niger\/politique\/le-niger-renforce-sa-cooperation-militaire-avec-la-turquie#article\",\"isPartOf\":{\"@id\":\"https:\/\/www.africa-press.net\/niger\/politique\/le-niger-renforce-sa-cooperation-militaire-avec-la-turquie\"},\"author\":{\"name\":\"cfeditorfr\",\"@id\":\"https:\/\/www.africa-press.net\/niger\/#\/schema\/person\/2b1cf3cd81a31e3cd26889ca66d677f1\"},\"headline\":\"Le Niger renforce sa coop\u00e9ration militaire avec la Turquie\",\"datePublished\":\"2024-02-05T16:41:44+00:00\",\"dateModified\":\"2024-02-05T17:33:20+00:00\",\"mainEntityOfPage\":{\"@id\":\"https:\/\/www.africa-press.net\/niger\/politique\/le-niger-renforce-sa-cooperation-militaire-avec-la-turquie\"},\"wordCount\":198,\"commentCount\":0,\"image\":{\"@id\":\"https:\/\/www.africa-press.net\/niger\/politique\/le-niger-renforce-sa-cooperation-militaire-avec-la-turquie#primaryimage\"},\"thumbnailUrl\":\"https:\/\/static.africa-press.net\/niger\/sites\/40\/2024\/02\/sm_1707141660.680759.jpg\",\"keywords\":[\"Africa Press\",\"Africa Press-Niger\",\"Niger\"],\"articleSection\":[\"Politique\",\"to-homepage\",\"Top Nouvelles\",\"Toutes les actualit\u00e9s\"],\"inLanguage\":\"fr-FR\",\"potentialAction\":[{\"@type\":\"CommentAction\",\"name\":\"Comment\",\"target\":[\"https:\/\/www.africa-press.net\/niger\/politique\/le-niger-renforce-sa-cooperation-militaire-avec-la-turquie#respond\"]}]},{\"@type\":\"WebPage\",\"@id\":\"https:\/\/www.africa-press.net\/niger\/politique\/le-niger-renforce-sa-cooperation-militaire-avec-la-turquie\",\"url\":\"https:\/\/www.africa-press.net\/niger\/politique\/le-niger-renforce-sa-cooperation-militaire-avec-la-turquie\",\"name\":\"Le Niger renforce sa coop\u00e9ration militaire avec la Turquie - niger\",\"isPartOf\":{\"@id\":\"https:\/\/www.africa-press.net\/niger\/#website\"},\"primaryImageOfPage\":{\"@id\":\"https:\/\/www.africa-press.net\/niger\/politique\/le-niger-renforce-sa-cooperation-militaire-avec-la-turquie#primaryimage\"},\"image\":{\"@id\":\"https:\/\/www.africa-press.net\/niger\/politique\/le-niger-renforce-sa-cooperation-militaire-avec-la-turquie#primaryimage\"},\"thumbnailUrl\":\"https:\/\/static.africa-press.net\/niger\/sites\/40\/2024\/02\/sm_1707141660.680759.jpg\",\"datePublished\":\"2024-02-05T16:41:44+00:00\",\"dateModified\":\"2024-02-05T17:33:20+00:00\",\"author\":{\"@id\":\"https:\/\/www.africa-press.net\/niger\/#\/schema\/person\/2b1cf3cd81a31e3cd26889ca66d677f1\"},\"description\":\"Le Premier ministre nige\u0301rien, accompagne\u0301 d\u2019une de\u0301le\u0301gation, a visite\u0301 plusieurs entreprises turques de production d'a ...\",\"breadcrumb\":{\"@id\":\"https:\/\/www.africa-press.net\/niger\/politique\/le-niger-renforce-sa-cooperation-militaire-avec-la-turquie#breadcrumb\"},\"inLanguage\":\"fr-FR\",\"potentialAction\":[{\"@type\":\"ReadAction\",\"target\":[\"https:\/\/www.africa-press.net\/niger\/politique\/le-niger-renforce-sa-cooperation-militaire-avec-la-turquie\"]}]},{\"@type\":\"ImageObject\",\"inLanguage\":\"fr-FR\",\"@id\":\"https:\/\/www.africa-press.net\/niger\/politique\/le-niger-renforce-sa-cooperation-militaire-avec-la-turquie#primaryimage\",\"url\":\"https:\/\/static.africa-press.net\/niger\/sites\/40\/2024\/02\/sm_1707141660.680759.jpg\",\"contentUrl\":\"https:\/\/static.africa-press.net\/niger\/sites\/40\/2024\/02\/sm_1707141660.680759.jpg\",\"width\":1200,\"height\":900,\"caption\":\"Le Niger renforce sa coop\u00e9ration militaire avec la Turquie\"},{\"@type\":\"BreadcrumbList\",\"@id\":\"https:\/\/www.africa-press.net\/niger\/politique\/le-niger-renforce-sa-cooperation-militaire-avec-la-turquie#breadcrumb\",\"itemListElement\":[{\"@type\":\"ListItem\",\"position\":1,\"name\":\"Accueil\",\"item\":\"https:\/\/www.africa-press.net\/niger\/\"},{\"@type\":\"ListItem\",\"position\":2,\"name\":\"Le Niger renforce sa coop\u00e9ration militaire avec la Turquie\"}]},{\"@type\":\"WebSite\",\"@id\":\"https:\/\/www.africa-press.net\/niger\/#website\",\"url\":\"https:\/\/www.africa-press.net\/niger\/\",\"name\":\"niger\",\"description\":\"Just another Africa News Agency Sites site\",\"potentialAction\":[{\"@type\":\"SearchAction\",\"target\":{\"@type\":\"EntryPoint\",\"urlTemplate\":\"https:\/\/www.africa-press.net\/niger\/?s={search_term_string}\"},\"query-input\":{\"@type\":\"PropertyValueSpecification\",\"valueRequired\":true,\"valueName\":\"search_term_string\"}}],\"inLanguage\":\"fr-FR\"},{\"@type\":\"Person\",\"@id\":\"https:\/\/www.africa-press.net\/niger\/#\/schema\/person\/2b1cf3cd81a31e3cd26889ca66d677f1\",\"name\":\"cfeditorfr\"}]}<\/script>\n<!-- \/ Yoast SEO Premium plugin. -->","yoast_head_json":{"title":"Le Niger renforce sa coop\u00e9ration militaire avec la Turquie - niger","description":"Le Premier ministre nige\u0301rien, accompagne\u0301 d\u2019une de\u0301le\u0301gation, a visite\u0301 plusieurs entreprises turques de production d'a ...","robots":{"index":"index","follow":"follow","max-snippet":"max-snippet:-1","max-image-preview":"max-image-preview:large","max-video-preview":"max-video-preview:-1"},"canonical":"https:\/\/www.africa-press.net\/niger\/politique\/le-niger-renforce-sa-cooperation-militaire-avec-la-turquie","og_locale":"fr_FR","og_type":"article","og_title":"Le Niger renforce sa coop\u00e9ration militaire avec la Turquie","og_description":"Le Premier ministre nige\u0301rien, accompagne\u0301 d\u2019une de\u0301le\u0301gation, a visite\u0301 plusieurs entreprises turques de production d'a ...","og_url":"https:\/\/www.africa-press.net\/niger\/politique\/le-niger-renforce-sa-cooperation-militaire-avec-la-turquie","og_site_name":"niger","article_published_time":"2024-02-05T16:41:44+00:00","article_modified_time":"2024-02-05T17:33:20+00:00","og_image":[{"width":1200,"height":900,"url":"https:\/\/static.africa-press.net\/niger\/sites\/40\/2024\/02\/sm_1707141660.680759.jpg","type":"image\/jpeg"}],"author":"cfeditorfr","twitter_card":"summary_large_image","twitter_misc":{"\u00c9crit par":"cfeditorfr","Dur\u00e9e de lecture estim\u00e9e":"1 minute"},"schema":{"@context":"https:\/\/schema.org","@graph":[{"@type":"Article","@id":"https:\/\/www.africa-press.net\/niger\/politique\/le-niger-renforce-sa-cooperation-militaire-avec-la-turquie#article","isPartOf":{"@id":"https:\/\/www.africa-press.net\/niger\/politique\/le-niger-renforce-sa-cooperation-militaire-avec-la-turquie"},"author":{"name":"cfeditorfr","@id":"https:\/\/www.africa-press.net\/niger\/#\/schema\/person\/2b1cf3cd81a31e3cd26889ca66d677f1"},"headline":"Le Niger renforce sa coop\u00e9ration militaire avec la Turquie","datePublished":"2024-02-05T16:41:44+00:00","dateModified":"2024-02-05T17:33:20+00:00","mainEntityOfPage":{"@id":"https:\/\/www.africa-press.net\/niger\/politique\/le-niger-renforce-sa-cooperation-militaire-avec-la-turquie"},"wordCount":198,"commentCount":0,"image":{"@id":"https:\/\/www.africa-press.net\/niger\/politique\/le-niger-renforce-sa-cooperation-militaire-avec-la-turquie#primaryimage"},"thumbnailUrl":"https:\/\/static.africa-press.net\/niger\/sites\/40\/2024\/02\/sm_1707141660.680759.jpg","keywords":["Africa Press","Africa Press-Niger","Niger"],"articleSection":["Politique","to-homepage","Top Nouvelles","Toutes les actualit\u00e9s"],"inLanguage":"fr-FR","potentialAction":[{"@type":"CommentAction","name":"Comment","target":["https:\/\/www.africa-press.net\/niger\/politique\/le-niger-renforce-sa-cooperation-militaire-avec-la-turquie#respond"]}]},{"@type":"WebPage","@id":"https:\/\/www.africa-press.net\/niger\/politique\/le-niger-renforce-sa-cooperation-militaire-avec-la-turquie","url":"https:\/\/www.africa-press.net\/niger\/politique\/le-niger-renforce-sa-cooperation-militaire-avec-la-turquie","name":"Le Niger renforce sa coop\u00e9ration militaire avec la Turquie - niger","isPartOf":{"@id":"https:\/\/www.africa-press.net\/niger\/#website"},"primaryImageOfPage":{"@id":"https:\/\/www.africa-press.net\/niger\/politique\/le-niger-renforce-sa-cooperation-militaire-avec-la-turquie#primaryimage"},"image":{"@id":"https:\/\/www.africa-press.net\/niger\/politique\/le-niger-renforce-sa-cooperation-militaire-avec-la-turquie#primaryimage"},"thumbnailUrl":"https:\/\/static.africa-press.net\/niger\/sites\/40\/2024\/02\/sm_1707141660.680759.jpg","datePublished":"2024-02-05T16:41:44+00:00","dateModified":"2024-02-05T17:33:20+00:00","author":{"@id":"https:\/\/www.africa-press.net\/niger\/#\/schema\/person\/2b1cf3cd81a31e3cd26889ca66d677f1"},"description":"Le Premier ministre nige\u0301rien, accompagne\u0301 d\u2019une de\u0301le\u0301gation, a visite\u0301 plusieurs entreprises turques de production d'a ...","breadcrumb":{"@id":"https:\/\/www.africa-press.net\/niger\/politique\/le-niger-renforce-sa-cooperation-militaire-avec-la-turquie#breadcrumb"},"inLanguage":"fr-FR","potentialAction":[{"@type":"ReadAction","target":["https:\/\/www.africa-press.net\/niger\/politique\/le-niger-renforce-sa-cooperation-militaire-avec-la-turquie"]}]},{"@type":"ImageObject","inLanguage":"fr-FR","@id":"https:\/\/www.africa-press.net\/niger\/politique\/le-niger-renforce-sa-cooperation-militaire-avec-la-turquie#primaryimage","url":"https:\/\/static.africa-press.net\/niger\/sites\/40\/2024\/02\/sm_1707141660.680759.jpg","contentUrl":"https:\/\/static.africa-press.net\/niger\/sites\/40\/2024\/02\/sm_1707141660.680759.jpg","width":1200,"height":900,"caption":"Le Niger renforce sa coop\u00e9ration militaire avec la Turquie"},{"@type":"BreadcrumbList","@id":"https:\/\/www.africa-press.net\/niger\/politique\/le-niger-renforce-sa-cooperation-militaire-avec-la-turquie#breadcrumb","itemListElement":[{"@type":"ListItem","position":1,"name":"Accueil","item":"https:\/\/www.africa-press.net\/niger\/"},{"@type":"ListItem","position":2,"name":"Le Niger renforce sa coop\u00e9ration militaire avec la Turquie"}]},{"@type":"WebSite","@id":"https:\/\/www.africa-press.net\/niger\/#website","url":"https:\/\/www.africa-press.net\/niger\/","name":"niger","description":"Just another Africa News Agency Sites site","potentialAction":[{"@type":"SearchAction","target":{"@type":"EntryPoint","urlTemplate":"https:\/\/www.africa-press.net\/niger\/?s={search_term_string}"},"query-input":{"@type":"PropertyValueSpecification","valueRequired":true,"valueName":"search_term_string"}}],"inLanguage":"fr-FR"},{"@type":"Person","@id":"https:\/\/www.africa-press.net\/niger\/#\/schema\/person\/2b1cf3cd81a31e3cd26889ca66d677f1","name":"cfeditorfr"}]}},"_links":{"self":[{"href":"https:\/\/www.africa-press.net\/niger\/wp-json\/wp\/v2\/posts\/58279","targetHints":{"allow":["GET"]}}],"collection":[{"href":"https:\/\/www.africa-press.net\/niger\/wp-json\/wp\/v2\/posts"}],"about":[{"href":"https:\/\/www.africa-press.net\/niger\/wp-json\/wp\/v2\/types\/post"}],"author":[{"embeddable":true,"href":"https:\/\/www.africa-press.net\/niger\/wp-json\/wp\/v2\/users\/82"}],"replies":[{"embeddable":true,"href":"https:\/\/www.africa-press.net\/niger\/wp-json\/wp\/v2\/comments?post=58279"}],"version-history":[{"count":0,"href":"https:\/\/www.africa-press.net\/niger\/wp-json\/wp\/v2\/posts\/58279\/revisions"}],"wp:featuredmedia":[{"embeddable":true,"href":"https:\/\/www.africa-press.net\/niger\/wp-json\/wp\/v2\/media\/58278"}],"wp:attachment":[{"href":"https:\/\/www.africa-press.net\/niger\/wp-json\/wp\/v2\/media?parent=58279"}],"wp:term":[{"taxonomy":"category","embeddable":true,"href":"https:\/\/www.africa-press.net\/niger\/wp-json\/wp\/v2\/categories?post=58279"},{"taxonomy":"post_tag","embeddable":true,"href":"https:\/\/www.africa-press.net\/niger\/wp-json\/wp\/v2\/tags?post=58279"}],"curies":[{"name":"wp","href":"https:\/\/api.w.org\/{rel}","templated":true}]}}