{"id":58299,"date":"2024-02-06T19:05:55","date_gmt":"2024-02-06T19:05:55","guid":{"rendered":"https:\/\/www.africa-press.net\/niger\/politique\/diffa-5eme-anniversaire-de-la-creation-de-lalliance-civilo-militaire-pour-la-paix-la-securite-et-le-developpement"},"modified":"2024-02-06T19:58:28","modified_gmt":"2024-02-06T19:58:28","slug":"diffa-5eme-anniversaire-de-la-creation-de-lalliance-civilo-militaire-pour-la-paix-la-securite-et-le-developpement","status":"publish","type":"post","link":"https:\/\/www.africa-press.net\/niger\/toutes-les-actualites\/diffa-5eme-anniversaire-de-la-creation-de-lalliance-civilo-militaire-pour-la-paix-la-securite-et-le-developpement","title":{"rendered":"Diffa : 5\u00e8me anniversaire de la cr\u00e9ation de l\u2019alliance civilo-militaire pour la paix, la s\u00e9curit\u00e9 et le d\u00e9veloppement"},"content":{"rendered":"<p><span style=\"color: #ff6600\"><strong>Africa-Press &#8211; Niger. <\/strong><\/span><b>L\u2019alliance civilo-militaire pour la paix, la se\u0301curite\u0301 et le de\u0301veloppement a ce\u0301le\u0301bre\u0301 le Vendredi 2 fe\u0301vrier 2024, le 5e\u0300me anniversaire de sa cre\u0301ation. A cette occasion plusieurs activite\u0301s ont e\u0301te\u0301 organise\u0301es a\u0300 Diffa dont un cross et une prie\u0300re collective. Ces festivite\u0301s se sont de\u0301roule\u0301es sous la pre\u0301sidence du Gouverneur de la re\u0301gion, en pre\u0301sence des autorite\u0301s administratives et coutumie\u0300res, du Commandant de la Zone de De\u0301fense N\u00b05, du Commandant du Centre des Ope\u0301rations du Secteur 4 de la FMM, du Coordonnateur national de l\u2019Alliance, des responsables en charge de la se\u0301curite\u0301, des commandants des unite\u0301s de diffe\u0301rents corps et de plusieurs invite\u0301s.<\/b><\/p>\n<p>Le cross s\u2019est de\u0301roule\u0301 dans la matine\u0301e sur une distance de 2 km et c\u2019est le Gendarme Adamou Yahaya qui a remporte\u0301 la 1e\u0300re place, suivi de Ibrahim Garba, un athle\u0300te civil. Ce cross a connu une participation massive de la jeunesse de la capitale du Manga. Il a pour objectif le renforcement des liens fraternels et relationnels entre les Forces de De\u0301fense et de Se\u0301curite\u0301 (FDS) et les civils pour asseoir une strate\u0301gie the\u0301matique de la coexistence pacifique, une franche et e\u0301troite collaboration, la culture de la paix, et le civisme.<\/p>\n<p>Au cours de la prie\u0300re collective qui s\u2019est de\u0301roule\u0301e a\u0300 la grande mosque\u0301e de vendredi sise au quartier Diffa-Koura, on notait la pre\u0301sence du Gouverneur, le Ge\u0301ne\u0301ral de Brigade Ibarhim Mahamadou Bagadoma, les Secre\u0301taires ge\u0301ne\u0301raux du Gouvernorat, le Commandant de la Zone de De\u0301fense N\u00b0 5, le Commandant du Centre des Ope\u0301rations du Secteur 4 de la FMM, l\u2019honorable chef de canton de la Koumadougou, des responsables re\u0301gionaux en charge de la se\u0301curite\u0301, des commandants de diffe\u0301rents corps de la se\u0301curite\u0301 et plusieurs fide\u0300les. Apre\u0300s l\u2019exe\u0301cution des deux rakats dirige\u0301es par l\u2019Iman de la grande mosque\u0301e, une lecture du Saint Coran a e\u0301te\u0301 dite pour implorer le Tout-Puissant Allah, le Mise\u0301cordieux, l\u2019Omnipotent afin qu\u2019il descende sa be\u0301ne\u0301diction sur notre pays, renforce la cohe\u0301sion sociale, la paix durable, la protection de notre pays et de ses dirigeants. Aussi, a\u0300 travers cette prie\u0300re collective, les fide\u0300les ont implore\u0301 Dieu dans son infinie bonte\u0301 de prote\u0301ger les e\u0301le\u0301ments de nos FDS sur le terrain et de leur accorder des victoires e\u0301clatantes face a\u0300 nos ennemis.<\/p>\n<p>Pour le Coordonnateur national de l\u2019Alliance qui a fe\u0302te\u0301 l\u2019e\u0301ve\u0300nement a\u0300 Diffa, cette journe\u0301e est consacre\u0301e au 5e\u0300me anniversaire des activite\u0301s civilo-militaires. \u00ab Nous avons aujourd\u2019hui 5 ans pendant lesquelles nous \u0153uvrons dans le sens de la consolidation de la paix, de la cohe\u0301sion sociale, de l\u2019unite\u0301 nationale et du bon vivre ensemble a\u0300 travers notre initiative. Nous avons consacre\u0301 cette journe\u0301e a\u0300 l\u2019honneur de SE le Ge\u0301ne\u0301ral Abdourahamane Tiani, Chef de l\u2019Etat, qui \u0153uvre inlassablement avec les autres membres du CNSP et du Gouvernement a\u0300 la reconque\u0302te de notre souverainete\u0301 nationale \u00bb, a conclu Idrissa Adamou.<\/p>\n<p>&nbsp;<\/p>\n<p><strong>Pour plus d&rsquo;informations et d&rsquo;analyses sur la <a href=\"https:\/\/www.africa-press.net\/niger\">Niger<\/a>, suivez <a href=\"https:\/\/www.africa-press.net\/\">Africa-Press<\/a><\/strong><\/p>\n","protected":false},"excerpt":{"rendered":"<p>Africa-Press &#8211; Niger. L\u2019alliance civilo-militaire pour la paix, la se\u0301curite\u0301 et le de\u0301veloppement a ce\u0301le\u0301bre\u0301 le Vendredi 2 fe\u0301vrier 2024, le 5e\u0300me anniversaire de sa cre\u0301ation. A cette occasion plusieurs activite\u0301s ont e\u0301te\u0301 organise\u0301es a\u0300 Diffa dont un cross et une prie\u0300re collective. Ces festivite\u0301s se sont de\u0301roule\u0301es sous la pre\u0301sidence du Gouverneur de la [&hellip;]<\/p>\n","protected":false},"author":82,"featured_media":58298,"comment_status":"open","ping_status":"closed","sticky":false,"template":"","format":"standard","meta":{"footnotes":""},"categories":[21,10],"tags":[55,60,29],"class_list":["post-58299","post","type-post","status-publish","format-standard","has-post-thumbnail","hentry","category-communaute","category-toutes-les-actualites","tag-africa-press","tag-africa-press-niger","tag-niger"],"yoast_head":"<!-- This site is optimized with the Yoast SEO Premium plugin v26.1 (Yoast SEO v27.0) - https:\/\/yoast.com\/product\/yoast-seo-premium-wordpress\/ -->\n<title>Diffa : 5\u00e8me anniversaire de la cr\u00e9ation de l\u2019alliance civilo-militaire pour la paix, la s\u00e9curit\u00e9 et le d\u00e9veloppement - niger<\/title>\n<meta name=\"description\" content=\"L\u2019alliance civilo-militaire pour la paix, la se\u0301curite\u0301 et le de\u0301veloppement a ce\u0301le\u0301bre\u0301 le Vendredi 2 fe\u0301vrier 2024 ...\" \/>\n<meta name=\"robots\" content=\"index, follow, max-snippet:-1, max-image-preview:large, max-video-preview:-1\" \/>\n<link rel=\"canonical\" href=\"https:\/\/www.africa-press.net\/niger\/toutes-les-actualites\/diffa-5eme-anniversaire-de-la-creation-de-lalliance-civilo-militaire-pour-la-paix-la-securite-et-le-developpement\" \/>\n<meta property=\"og:locale\" content=\"fr_FR\" \/>\n<meta property=\"og:type\" content=\"article\" \/>\n<meta property=\"og:title\" content=\"Diffa : 5\u00e8me anniversaire de la cr\u00e9ation de l\u2019alliance civilo-militaire pour la paix, la s\u00e9curit\u00e9 et le d\u00e9veloppement\" \/>\n<meta property=\"og:description\" content=\"L\u2019alliance civilo-militaire pour la paix, la se\u0301curite\u0301 et le de\u0301veloppement a ce\u0301le\u0301bre\u0301 le Vendredi 2 fe\u0301vrier 2024 ...\" \/>\n<meta property=\"og:url\" content=\"https:\/\/www.africa-press.net\/niger\/toutes-les-actualites\/diffa-5eme-anniversaire-de-la-creation-de-lalliance-civilo-militaire-pour-la-paix-la-securite-et-le-developpement\" \/>\n<meta property=\"og:site_name\" content=\"niger\" \/>\n<meta property=\"article:published_time\" content=\"2024-02-06T19:05:55+00:00\" \/>\n<meta property=\"article:modified_time\" content=\"2024-02-06T19:58:28+00:00\" \/>\n<meta property=\"og:image\" content=\"https:\/\/static.africa-press.net\/niger\/sites\/40\/2024\/02\/sm_1707236609.013427.jpg\" \/>\n\t<meta property=\"og:image:width\" content=\"960\" \/>\n\t<meta property=\"og:image:height\" content=\"640\" \/>\n\t<meta property=\"og:image:type\" content=\"image\/jpeg\" \/>\n<meta name=\"author\" content=\"cfeditorfr\" \/>\n<meta name=\"twitter:card\" content=\"summary_large_image\" \/>\n<meta name=\"twitter:label1\" content=\"\u00c9crit par\" \/>\n\t<meta name=\"twitter:data1\" content=\"cfeditorfr\" \/>\n\t<meta name=\"twitter:label2\" content=\"Dur\u00e9e de lecture estim\u00e9e\" \/>\n\t<meta name=\"twitter:data2\" content=\"3 minutes\" \/>\n<script type=\"application\/ld+json\" class=\"yoast-schema-graph\">{\"@context\":\"https:\/\/schema.org\",\"@graph\":[{\"@type\":\"Article\",\"@id\":\"https:\/\/www.africa-press.net\/niger\/toutes-les-actualites\/diffa-5eme-anniversaire-de-la-creation-de-lalliance-civilo-militaire-pour-la-paix-la-securite-et-le-developpement#article\",\"isPartOf\":{\"@id\":\"https:\/\/www.africa-press.net\/niger\/toutes-les-actualites\/diffa-5eme-anniversaire-de-la-creation-de-lalliance-civilo-militaire-pour-la-paix-la-securite-et-le-developpement\"},\"author\":{\"name\":\"cfeditorfr\",\"@id\":\"https:\/\/www.africa-press.net\/niger\/#\/schema\/person\/2b1cf3cd81a31e3cd26889ca66d677f1\"},\"headline\":\"Diffa : 5\u00e8me anniversaire de la cr\u00e9ation de l\u2019alliance civilo-militaire pour la paix, la s\u00e9curit\u00e9 et le d\u00e9veloppement\",\"datePublished\":\"2024-02-06T19:05:55+00:00\",\"dateModified\":\"2024-02-06T19:58:28+00:00\",\"mainEntityOfPage\":{\"@id\":\"https:\/\/www.africa-press.net\/niger\/toutes-les-actualites\/diffa-5eme-anniversaire-de-la-creation-de-lalliance-civilo-militaire-pour-la-paix-la-securite-et-le-developpement\"},\"wordCount\":586,\"commentCount\":0,\"image\":{\"@id\":\"https:\/\/www.africa-press.net\/niger\/toutes-les-actualites\/diffa-5eme-anniversaire-de-la-creation-de-lalliance-civilo-militaire-pour-la-paix-la-securite-et-le-developpement#primaryimage\"},\"thumbnailUrl\":\"https:\/\/static.africa-press.net\/niger\/sites\/40\/2024\/02\/sm_1707236609.013427.jpg\",\"keywords\":[\"Africa Press\",\"Africa Press-Niger\",\"Niger\"],\"articleSection\":[\"Communaut\u00e9\",\"Toutes les actualit\u00e9s\"],\"inLanguage\":\"fr-FR\",\"potentialAction\":[{\"@type\":\"CommentAction\",\"name\":\"Comment\",\"target\":[\"https:\/\/www.africa-press.net\/niger\/toutes-les-actualites\/diffa-5eme-anniversaire-de-la-creation-de-lalliance-civilo-militaire-pour-la-paix-la-securite-et-le-developpement#respond\"]}]},{\"@type\":\"WebPage\",\"@id\":\"https:\/\/www.africa-press.net\/niger\/toutes-les-actualites\/diffa-5eme-anniversaire-de-la-creation-de-lalliance-civilo-militaire-pour-la-paix-la-securite-et-le-developpement\",\"url\":\"https:\/\/www.africa-press.net\/niger\/toutes-les-actualites\/diffa-5eme-anniversaire-de-la-creation-de-lalliance-civilo-militaire-pour-la-paix-la-securite-et-le-developpement\",\"name\":\"Diffa : 5\u00e8me anniversaire de la cr\u00e9ation de l\u2019alliance civilo-militaire pour la paix, la s\u00e9curit\u00e9 et le d\u00e9veloppement - niger\",\"isPartOf\":{\"@id\":\"https:\/\/www.africa-press.net\/niger\/#website\"},\"primaryImageOfPage\":{\"@id\":\"https:\/\/www.africa-press.net\/niger\/toutes-les-actualites\/diffa-5eme-anniversaire-de-la-creation-de-lalliance-civilo-militaire-pour-la-paix-la-securite-et-le-developpement#primaryimage\"},\"image\":{\"@id\":\"https:\/\/www.africa-press.net\/niger\/toutes-les-actualites\/diffa-5eme-anniversaire-de-la-creation-de-lalliance-civilo-militaire-pour-la-paix-la-securite-et-le-developpement#primaryimage\"},\"thumbnailUrl\":\"https:\/\/static.africa-press.net\/niger\/sites\/40\/2024\/02\/sm_1707236609.013427.jpg\",\"datePublished\":\"2024-02-06T19:05:55+00:00\",\"dateModified\":\"2024-02-06T19:58:28+00:00\",\"author\":{\"@id\":\"https:\/\/www.africa-press.net\/niger\/#\/schema\/person\/2b1cf3cd81a31e3cd26889ca66d677f1\"},\"description\":\"L\u2019alliance civilo-militaire pour la paix, la se\u0301curite\u0301 et le de\u0301veloppement a ce\u0301le\u0301bre\u0301 le Vendredi 2 fe\u0301vrier 2024 ...\",\"breadcrumb\":{\"@id\":\"https:\/\/www.africa-press.net\/niger\/toutes-les-actualites\/diffa-5eme-anniversaire-de-la-creation-de-lalliance-civilo-militaire-pour-la-paix-la-securite-et-le-developpement#breadcrumb\"},\"inLanguage\":\"fr-FR\",\"potentialAction\":[{\"@type\":\"ReadAction\",\"target\":[\"https:\/\/www.africa-press.net\/niger\/toutes-les-actualites\/diffa-5eme-anniversaire-de-la-creation-de-lalliance-civilo-militaire-pour-la-paix-la-securite-et-le-developpement\"]}]},{\"@type\":\"ImageObject\",\"inLanguage\":\"fr-FR\",\"@id\":\"https:\/\/www.africa-press.net\/niger\/toutes-les-actualites\/diffa-5eme-anniversaire-de-la-creation-de-lalliance-civilo-militaire-pour-la-paix-la-securite-et-le-developpement#primaryimage\",\"url\":\"https:\/\/static.africa-press.net\/niger\/sites\/40\/2024\/02\/sm_1707236609.013427.jpg\",\"contentUrl\":\"https:\/\/static.africa-press.net\/niger\/sites\/40\/2024\/02\/sm_1707236609.013427.jpg\",\"width\":960,\"height\":640,\"caption\":\"Diffa : 5\u00e8me anniversaire de la cr\u00e9ation de l\u2019alliance civilo-militaire pour la paix, la s\u00e9curit\u00e9 et le d\u00e9veloppement\"},{\"@type\":\"BreadcrumbList\",\"@id\":\"https:\/\/www.africa-press.net\/niger\/toutes-les-actualites\/diffa-5eme-anniversaire-de-la-creation-de-lalliance-civilo-militaire-pour-la-paix-la-securite-et-le-developpement#breadcrumb\",\"itemListElement\":[{\"@type\":\"ListItem\",\"position\":1,\"name\":\"Accueil\",\"item\":\"https:\/\/www.africa-press.net\/niger\/\"},{\"@type\":\"ListItem\",\"position\":2,\"name\":\"Diffa : 5\u00e8me anniversaire de la cr\u00e9ation de l\u2019alliance civilo-militaire pour la paix, la s\u00e9curit\u00e9 et le d\u00e9veloppement\"}]},{\"@type\":\"WebSite\",\"@id\":\"https:\/\/www.africa-press.net\/niger\/#website\",\"url\":\"https:\/\/www.africa-press.net\/niger\/\",\"name\":\"niger\",\"description\":\"Just another Africa News Agency Sites site\",\"potentialAction\":[{\"@type\":\"SearchAction\",\"target\":{\"@type\":\"EntryPoint\",\"urlTemplate\":\"https:\/\/www.africa-press.net\/niger\/?s={search_term_string}\"},\"query-input\":{\"@type\":\"PropertyValueSpecification\",\"valueRequired\":true,\"valueName\":\"search_term_string\"}}],\"inLanguage\":\"fr-FR\"},{\"@type\":\"Person\",\"@id\":\"https:\/\/www.africa-press.net\/niger\/#\/schema\/person\/2b1cf3cd81a31e3cd26889ca66d677f1\",\"name\":\"cfeditorfr\"}]}<\/script>\n<!-- \/ Yoast SEO Premium plugin. -->","yoast_head_json":{"title":"Diffa : 5\u00e8me anniversaire de la cr\u00e9ation de l\u2019alliance civilo-militaire pour la paix, la s\u00e9curit\u00e9 et le d\u00e9veloppement - niger","description":"L\u2019alliance civilo-militaire pour la paix, la se\u0301curite\u0301 et le de\u0301veloppement a ce\u0301le\u0301bre\u0301 le Vendredi 2 fe\u0301vrier 2024 ...","robots":{"index":"index","follow":"follow","max-snippet":"max-snippet:-1","max-image-preview":"max-image-preview:large","max-video-preview":"max-video-preview:-1"},"canonical":"https:\/\/www.africa-press.net\/niger\/toutes-les-actualites\/diffa-5eme-anniversaire-de-la-creation-de-lalliance-civilo-militaire-pour-la-paix-la-securite-et-le-developpement","og_locale":"fr_FR","og_type":"article","og_title":"Diffa : 5\u00e8me anniversaire de la cr\u00e9ation de l\u2019alliance civilo-militaire pour la paix, la s\u00e9curit\u00e9 et le d\u00e9veloppement","og_description":"L\u2019alliance civilo-militaire pour la paix, la se\u0301curite\u0301 et le de\u0301veloppement a ce\u0301le\u0301bre\u0301 le Vendredi 2 fe\u0301vrier 2024 ...","og_url":"https:\/\/www.africa-press.net\/niger\/toutes-les-actualites\/diffa-5eme-anniversaire-de-la-creation-de-lalliance-civilo-militaire-pour-la-paix-la-securite-et-le-developpement","og_site_name":"niger","article_published_time":"2024-02-06T19:05:55+00:00","article_modified_time":"2024-02-06T19:58:28+00:00","og_image":[{"width":960,"height":640,"url":"https:\/\/static.africa-press.net\/niger\/sites\/40\/2024\/02\/sm_1707236609.013427.jpg","type":"image\/jpeg"}],"author":"cfeditorfr","twitter_card":"summary_large_image","twitter_misc":{"\u00c9crit par":"cfeditorfr","Dur\u00e9e de lecture estim\u00e9e":"3 minutes"},"schema":{"@context":"https:\/\/schema.org","@graph":[{"@type":"Article","@id":"https:\/\/www.africa-press.net\/niger\/toutes-les-actualites\/diffa-5eme-anniversaire-de-la-creation-de-lalliance-civilo-militaire-pour-la-paix-la-securite-et-le-developpement#article","isPartOf":{"@id":"https:\/\/www.africa-press.net\/niger\/toutes-les-actualites\/diffa-5eme-anniversaire-de-la-creation-de-lalliance-civilo-militaire-pour-la-paix-la-securite-et-le-developpement"},"author":{"name":"cfeditorfr","@id":"https:\/\/www.africa-press.net\/niger\/#\/schema\/person\/2b1cf3cd81a31e3cd26889ca66d677f1"},"headline":"Diffa : 5\u00e8me anniversaire de la cr\u00e9ation de l\u2019alliance civilo-militaire pour la paix, la s\u00e9curit\u00e9 et le d\u00e9veloppement","datePublished":"2024-02-06T19:05:55+00:00","dateModified":"2024-02-06T19:58:28+00:00","mainEntityOfPage":{"@id":"https:\/\/www.africa-press.net\/niger\/toutes-les-actualites\/diffa-5eme-anniversaire-de-la-creation-de-lalliance-civilo-militaire-pour-la-paix-la-securite-et-le-developpement"},"wordCount":586,"commentCount":0,"image":{"@id":"https:\/\/www.africa-press.net\/niger\/toutes-les-actualites\/diffa-5eme-anniversaire-de-la-creation-de-lalliance-civilo-militaire-pour-la-paix-la-securite-et-le-developpement#primaryimage"},"thumbnailUrl":"https:\/\/static.africa-press.net\/niger\/sites\/40\/2024\/02\/sm_1707236609.013427.jpg","keywords":["Africa Press","Africa Press-Niger","Niger"],"articleSection":["Communaut\u00e9","Toutes les actualit\u00e9s"],"inLanguage":"fr-FR","potentialAction":[{"@type":"CommentAction","name":"Comment","target":["https:\/\/www.africa-press.net\/niger\/toutes-les-actualites\/diffa-5eme-anniversaire-de-la-creation-de-lalliance-civilo-militaire-pour-la-paix-la-securite-et-le-developpement#respond"]}]},{"@type":"WebPage","@id":"https:\/\/www.africa-press.net\/niger\/toutes-les-actualites\/diffa-5eme-anniversaire-de-la-creation-de-lalliance-civilo-militaire-pour-la-paix-la-securite-et-le-developpement","url":"https:\/\/www.africa-press.net\/niger\/toutes-les-actualites\/diffa-5eme-anniversaire-de-la-creation-de-lalliance-civilo-militaire-pour-la-paix-la-securite-et-le-developpement","name":"Diffa : 5\u00e8me anniversaire de la cr\u00e9ation de l\u2019alliance civilo-militaire pour la paix, la s\u00e9curit\u00e9 et le d\u00e9veloppement - niger","isPartOf":{"@id":"https:\/\/www.africa-press.net\/niger\/#website"},"primaryImageOfPage":{"@id":"https:\/\/www.africa-press.net\/niger\/toutes-les-actualites\/diffa-5eme-anniversaire-de-la-creation-de-lalliance-civilo-militaire-pour-la-paix-la-securite-et-le-developpement#primaryimage"},"image":{"@id":"https:\/\/www.africa-press.net\/niger\/toutes-les-actualites\/diffa-5eme-anniversaire-de-la-creation-de-lalliance-civilo-militaire-pour-la-paix-la-securite-et-le-developpement#primaryimage"},"thumbnailUrl":"https:\/\/static.africa-press.net\/niger\/sites\/40\/2024\/02\/sm_1707236609.013427.jpg","datePublished":"2024-02-06T19:05:55+00:00","dateModified":"2024-02-06T19:58:28+00:00","author":{"@id":"https:\/\/www.africa-press.net\/niger\/#\/schema\/person\/2b1cf3cd81a31e3cd26889ca66d677f1"},"description":"L\u2019alliance civilo-militaire pour la paix, la se\u0301curite\u0301 et le de\u0301veloppement a ce\u0301le\u0301bre\u0301 le Vendredi 2 fe\u0301vrier 2024 ...","breadcrumb":{"@id":"https:\/\/www.africa-press.net\/niger\/toutes-les-actualites\/diffa-5eme-anniversaire-de-la-creation-de-lalliance-civilo-militaire-pour-la-paix-la-securite-et-le-developpement#breadcrumb"},"inLanguage":"fr-FR","potentialAction":[{"@type":"ReadAction","target":["https:\/\/www.africa-press.net\/niger\/toutes-les-actualites\/diffa-5eme-anniversaire-de-la-creation-de-lalliance-civilo-militaire-pour-la-paix-la-securite-et-le-developpement"]}]},{"@type":"ImageObject","inLanguage":"fr-FR","@id":"https:\/\/www.africa-press.net\/niger\/toutes-les-actualites\/diffa-5eme-anniversaire-de-la-creation-de-lalliance-civilo-militaire-pour-la-paix-la-securite-et-le-developpement#primaryimage","url":"https:\/\/static.africa-press.net\/niger\/sites\/40\/2024\/02\/sm_1707236609.013427.jpg","contentUrl":"https:\/\/static.africa-press.net\/niger\/sites\/40\/2024\/02\/sm_1707236609.013427.jpg","width":960,"height":640,"caption":"Diffa : 5\u00e8me anniversaire de la cr\u00e9ation de l\u2019alliance civilo-militaire pour la paix, la s\u00e9curit\u00e9 et le d\u00e9veloppement"},{"@type":"BreadcrumbList","@id":"https:\/\/www.africa-press.net\/niger\/toutes-les-actualites\/diffa-5eme-anniversaire-de-la-creation-de-lalliance-civilo-militaire-pour-la-paix-la-securite-et-le-developpement#breadcrumb","itemListElement":[{"@type":"ListItem","position":1,"name":"Accueil","item":"https:\/\/www.africa-press.net\/niger\/"},{"@type":"ListItem","position":2,"name":"Diffa : 5\u00e8me anniversaire de la cr\u00e9ation de l\u2019alliance civilo-militaire pour la paix, la s\u00e9curit\u00e9 et le d\u00e9veloppement"}]},{"@type":"WebSite","@id":"https:\/\/www.africa-press.net\/niger\/#website","url":"https:\/\/www.africa-press.net\/niger\/","name":"niger","description":"Just another Africa News Agency Sites site","potentialAction":[{"@type":"SearchAction","target":{"@type":"EntryPoint","urlTemplate":"https:\/\/www.africa-press.net\/niger\/?s={search_term_string}"},"query-input":{"@type":"PropertyValueSpecification","valueRequired":true,"valueName":"search_term_string"}}],"inLanguage":"fr-FR"},{"@type":"Person","@id":"https:\/\/www.africa-press.net\/niger\/#\/schema\/person\/2b1cf3cd81a31e3cd26889ca66d677f1","name":"cfeditorfr"}]}},"_links":{"self":[{"href":"https:\/\/www.africa-press.net\/niger\/wp-json\/wp\/v2\/posts\/58299","targetHints":{"allow":["GET"]}}],"collection":[{"href":"https:\/\/www.africa-press.net\/niger\/wp-json\/wp\/v2\/posts"}],"about":[{"href":"https:\/\/www.africa-press.net\/niger\/wp-json\/wp\/v2\/types\/post"}],"author":[{"embeddable":true,"href":"https:\/\/www.africa-press.net\/niger\/wp-json\/wp\/v2\/users\/82"}],"replies":[{"embeddable":true,"href":"https:\/\/www.africa-press.net\/niger\/wp-json\/wp\/v2\/comments?post=58299"}],"version-history":[{"count":0,"href":"https:\/\/www.africa-press.net\/niger\/wp-json\/wp\/v2\/posts\/58299\/revisions"}],"wp:featuredmedia":[{"embeddable":true,"href":"https:\/\/www.africa-press.net\/niger\/wp-json\/wp\/v2\/media\/58298"}],"wp:attachment":[{"href":"https:\/\/www.africa-press.net\/niger\/wp-json\/wp\/v2\/media?parent=58299"}],"wp:term":[{"taxonomy":"category","embeddable":true,"href":"https:\/\/www.africa-press.net\/niger\/wp-json\/wp\/v2\/categories?post=58299"},{"taxonomy":"post_tag","embeddable":true,"href":"https:\/\/www.africa-press.net\/niger\/wp-json\/wp\/v2\/tags?post=58299"}],"curies":[{"name":"wp","href":"https:\/\/api.w.org\/{rel}","templated":true}]}}