{"id":58303,"date":"2024-02-06T19:06:35","date_gmt":"2024-02-06T19:06:35","guid":{"rendered":"https:\/\/www.africa-press.net\/niger\/politique\/message-du-ministre-de-la-sante-publique-de-la-population-et-des-affaires-sociales-appel-a-des-actions-coordonnees-en-vue-de-lutter-efficacement-contre-le-cancer"},"modified":"2024-02-06T19:59:24","modified_gmt":"2024-02-06T19:59:24","slug":"message-du-ministre-de-la-sante-publique-de-la-population-et-des-affaires-sociales-appel-a-des-actions-coordonnees-en-vue-de-lutter-efficacement-contre-le-cancer","status":"publish","type":"post","link":"https:\/\/www.africa-press.net\/niger\/politique\/message-du-ministre-de-la-sante-publique-de-la-population-et-des-affaires-sociales-appel-a-des-actions-coordonnees-en-vue-de-lutter-efficacement-contre-le-cancer","title":{"rendered":"Message du ministre de la Sant\u00e9 publique, de la Population et des Affaires sociales : Appel \u00e0 des actions coordonn\u00e9es en vue de lutter efficacement contre le cancer"},"content":{"rendered":"<p><span style=\"color: #ff6600\"><strong>Africa-Press &#8211; Niger. <\/strong><\/span><b>Le Niger, a\u0300 l\u2019instar de la communaute\u0301 internationale, a ce\u0301le\u0301bre\u0301 hier dimanche 4 fe\u0301vrier 2024, la journe\u0301e mondiale de lutte contre le cancer. Un e\u0301ve\u0301nement annuel, lance\u0301 par l\u2019Union Internationale Contre le Cancer en collaboration avec l\u2019Organisation Mondiale de la Sante\u0301 (OMS), qui invite les citoyens du monde, les organisations et les institutions internationales ainsi que les gouvernements a\u0300 unir leurs efforts pour lutter contre ce fle\u0301au qu\u2019est le cancer. Le the\u0300me retenu cette anne\u0301e est \u00ab Pour des soins plus justes \u00bb. A\u0300 la veille de cette journe\u0301e, le ministre de la Sante\u0301 Publique, de la Population et des Affaires Sociales, le Me\u0301decin Colonel-major Garba Hakimi a livre\u0301 un message.<\/b><\/p>\n<p>A l\u2019entame de ce message comme\u0301moratif, le Me\u0301decin Colonel-major Garba Hakimi a indique\u0301 que la ce\u0301le\u0301bration de cette journe\u0301e est un appel a\u0300 tous les acteurs en vue d\u2019une collaboration coordonne\u0301e des actions, qui permet a\u0300 un plus grand nombre de personnes de demander et de recevoir les soins ne\u0301cessaires auxquels elles ont droit. \u00ab Il est ne\u0301cessaire de mettre, avant tout, l\u2019accent sur la pre\u0301vention en de\u0301pistant pre\u0301cocement les cas de cancer. Le fardeau du cancer continue de s\u2019alourdir a\u0300 l\u2019e\u0301chelle mondiale, exerc\u0327ant une e\u0301norme pression physique, e\u0301motionnelle et financie\u0300re sur les personnes, les familles, les communaute\u0301s et les syste\u0300mes de sante\u0301 \u00bb, a-t-il souligne\u0301.<\/p>\n<p>Citant les donne\u0301es de l\u2019OMS, le ministre de la Sante\u0301 Publique, de la Population et des Affaires Sociales a dit que le cancer est a\u0300 l\u2019origine de pre\u0300s de 10 millions de de\u0301ce\u0300s en 2020, soit presque un de\u0301ce\u0300s sur six, faisant du cancer l\u2019une des principales causes de mortalite\u0301 dans le monde. \u00ab Environ un tiers des cancers a\u0300 travers le monde sont dus aux cinq principaux facteurs de risque comportementaux et alimentaires, a\u0300 savoir le tabagisme, la consommation d\u2019alcool, la faible consommation des fruits et le\u0301gumes, l\u2019obe\u0301site\u0301, la se\u0301dentarite\u0301 et la non pratique de l\u2019activite\u0301 physique \u00bb, a-t-il de\u0301clare\u0301.<\/p>\n<p>Selon le ministre en charge de la Sante\u0301, dans les pays a\u0300 revenu faible ou interme\u0301diaire, environ 30% des cas de cancer sont imputables a\u0300 des infections telles que l\u2019he\u0301patite et l\u2019infection par le papillomavirus humain. \u00ab Le cancer touche tout le monde: hommes, femmes, adolescents et enfants. Concernant les adolescents et les enfants, chaque anne\u0301e 400.000 cas de cancer sont diagnostique\u0301s. Les formes les plus fre\u0301quentes dans ce groupe d\u2019a\u0302ge sont la leuce\u0301mie, les cancers du cerveau, les lymphomes, le ne\u0301phroblastome, le neuroblastome et le re\u0301tinoblastome. A cet effet, la journe\u0301e du 5 fe\u0301vrier de chaque anne\u0301e est consacre\u0301e a\u0300 la lutte contre les cancers de l\u2019enfant a\u0300 l\u2019e\u0301chelle mondiale \u00bb, a pre\u0301cise\u0301 le Me\u0301decin Colonel-major Garba Hakimi.<\/p>\n<p>Citant le registre du cancer du Niger, le ministre de la Sante\u0301 Publique, de la Population et des Affaires Sociales a releve\u0301 que 13.776 cas de cancer ont e\u0301te\u0301 recense\u0301s de 1992 a\u0300 2019 sur l\u2019ensemble du territoire. \u00ab Pour soulager les patients atteints de cette maladie, l\u2019Etat du Niger a cre\u0301e\u0301 un Centre National de Lutte contre le Cancer. Ce centre fournit actuellement des soins pre\u0301ventifs tels que le de\u0301pistage du cancer du sein et du col de l\u2019ute\u0301rus, et des soins curatifs (la chimiothe\u0301rapie anti cance\u0301reuse, la radiothe\u0301rapie). De son ouverture en octobre 2017 a\u0300 ce jour 3.854 patients atteints de cancers ont e\u0301te\u0301 pris en charge dont 299 enfants. Parmi ces patients, 276 ont be\u0301ne\u0301ficie\u0301 de la radiothe\u0301rapie \u00bb, a-t-il explique\u0301.<\/p>\n<p>D\u2019apre\u0300s le ministre en charge de la Sante\u0301, pour lutter efficacement contre le cancer, le Niger et ses partenaires ont de\u0301cide\u0301 de mettre l\u2019accent sur la pre\u0301vention en luttant contre le tabagisme, la consommation d\u2019alcool, la se\u0301dentarisation, en promouvant la pratique des activite\u0301s physiques, la vaccination contre l\u2019he\u0301patite B et le papillomavirus humain.<\/p>\n<p>Notons que, dans le cadre de la comme\u0301moration de cette journe\u0301e, une randonne\u0301e pe\u0301destre a e\u0301te\u0301 organise\u0301e le 4 fe\u0301vrier 2024 a\u0300 la Place de la concertation (Niamey) pour soutenir la lutte contre le cancer au Niger.<\/p>\n<p><b>Mamane Abdoulaye (ONEP)<\/b><\/p>\n<p><strong>Pour plus d&rsquo;informations et d&rsquo;analyses sur la <a href=\"https:\/\/www.africa-press.net\/niger\">Niger<\/a>, suivez <a href=\"https:\/\/www.africa-press.net\/\">Africa-Press<\/a><\/strong><\/p>\n","protected":false},"excerpt":{"rendered":"<p>Africa-Press &#8211; Niger. Le Niger, a\u0300 l\u2019instar de la communaute\u0301 internationale, a ce\u0301le\u0301bre\u0301 hier dimanche 4 fe\u0301vrier 2024, la journe\u0301e mondiale de lutte contre le cancer. Un e\u0301ve\u0301nement annuel, lance\u0301 par l\u2019Union Internationale Contre le Cancer en collaboration avec l\u2019Organisation Mondiale de la Sante\u0301 (OMS), qui invite les citoyens du monde, les organisations et les [&hellip;]<\/p>\n","protected":false},"author":82,"featured_media":58302,"comment_status":"open","ping_status":"closed","sticky":false,"template":"","format":"standard","meta":{"footnotes":""},"categories":[2,10],"tags":[55,60,29],"class_list":["post-58303","post","type-post","status-publish","format-standard","has-post-thumbnail","hentry","category-politique","category-toutes-les-actualites","tag-africa-press","tag-africa-press-niger","tag-niger"],"yoast_head":"<!-- This site is optimized with the Yoast SEO Premium plugin v26.1 (Yoast SEO v27.0) - https:\/\/yoast.com\/product\/yoast-seo-premium-wordpress\/ -->\n<title>Message du ministre de la Sant\u00e9 publique, de la Population et des Affaires sociales : Appel \u00e0 des actions coordonn\u00e9es en vue de lutter efficacement contre le cancer - niger<\/title>\n<meta name=\"description\" content=\"Le Niger, a\u0300 l\u2019instar de la communaute\u0301 internationale, a ce\u0301le\u0301bre\u0301 hier dimanche 4 fe\u0301vrier 2024, la journe\u0301e mondi ...\" \/>\n<meta name=\"robots\" content=\"index, follow, max-snippet:-1, max-image-preview:large, max-video-preview:-1\" \/>\n<link rel=\"canonical\" href=\"https:\/\/www.africa-press.net\/niger\/politique\/message-du-ministre-de-la-sante-publique-de-la-population-et-des-affaires-sociales-appel-a-des-actions-coordonnees-en-vue-de-lutter-efficacement-contre-le-cancer\" \/>\n<meta property=\"og:locale\" content=\"fr_FR\" \/>\n<meta property=\"og:type\" content=\"article\" \/>\n<meta property=\"og:title\" content=\"Message du ministre de la Sant\u00e9 publique, de la Population et des Affaires sociales : Appel \u00e0 des actions coordonn\u00e9es en vue de lutter efficacement contre le cancer\" \/>\n<meta property=\"og:description\" content=\"Le Niger, a\u0300 l\u2019instar de la communaute\u0301 internationale, a ce\u0301le\u0301bre\u0301 hier dimanche 4 fe\u0301vrier 2024, la journe\u0301e mondi ...\" \/>\n<meta property=\"og:url\" content=\"https:\/\/www.africa-press.net\/niger\/politique\/message-du-ministre-de-la-sante-publique-de-la-population-et-des-affaires-sociales-appel-a-des-actions-coordonnees-en-vue-de-lutter-efficacement-contre-le-cancer\" \/>\n<meta property=\"og:site_name\" content=\"niger\" \/>\n<meta property=\"article:published_time\" content=\"2024-02-06T19:06:35+00:00\" \/>\n<meta property=\"article:modified_time\" content=\"2024-02-06T19:59:24+00:00\" \/>\n<meta property=\"og:image\" content=\"https:\/\/static.africa-press.net\/niger\/sites\/40\/2024\/02\/sm_1707236655.55783.jpg\" \/>\n\t<meta property=\"og:image:width\" content=\"800\" \/>\n\t<meta property=\"og:image:height\" content=\"533\" \/>\n\t<meta property=\"og:image:type\" content=\"image\/jpeg\" \/>\n<meta name=\"author\" content=\"cfeditorfr\" \/>\n<meta name=\"twitter:card\" content=\"summary_large_image\" \/>\n<meta name=\"twitter:label1\" content=\"\u00c9crit par\" \/>\n\t<meta name=\"twitter:data1\" content=\"cfeditorfr\" \/>\n\t<meta name=\"twitter:label2\" content=\"Dur\u00e9e de lecture estim\u00e9e\" \/>\n\t<meta name=\"twitter:data2\" content=\"4 minutes\" \/>\n<script type=\"application\/ld+json\" class=\"yoast-schema-graph\">{\"@context\":\"https:\/\/schema.org\",\"@graph\":[{\"@type\":\"Article\",\"@id\":\"https:\/\/www.africa-press.net\/niger\/politique\/message-du-ministre-de-la-sante-publique-de-la-population-et-des-affaires-sociales-appel-a-des-actions-coordonnees-en-vue-de-lutter-efficacement-contre-le-cancer#article\",\"isPartOf\":{\"@id\":\"https:\/\/www.africa-press.net\/niger\/politique\/message-du-ministre-de-la-sante-publique-de-la-population-et-des-affaires-sociales-appel-a-des-actions-coordonnees-en-vue-de-lutter-efficacement-contre-le-cancer\"},\"author\":{\"name\":\"cfeditorfr\",\"@id\":\"https:\/\/www.africa-press.net\/niger\/#\/schema\/person\/2b1cf3cd81a31e3cd26889ca66d677f1\"},\"headline\":\"Message du ministre de la Sant\u00e9 publique, de la Population et des Affaires sociales : Appel \u00e0 des actions coordonn\u00e9es en vue de lutter efficacement contre le cancer\",\"datePublished\":\"2024-02-06T19:06:35+00:00\",\"dateModified\":\"2024-02-06T19:59:24+00:00\",\"mainEntityOfPage\":{\"@id\":\"https:\/\/www.africa-press.net\/niger\/politique\/message-du-ministre-de-la-sante-publique-de-la-population-et-des-affaires-sociales-appel-a-des-actions-coordonnees-en-vue-de-lutter-efficacement-contre-le-cancer\"},\"wordCount\":778,\"commentCount\":0,\"image\":{\"@id\":\"https:\/\/www.africa-press.net\/niger\/politique\/message-du-ministre-de-la-sante-publique-de-la-population-et-des-affaires-sociales-appel-a-des-actions-coordonnees-en-vue-de-lutter-efficacement-contre-le-cancer#primaryimage\"},\"thumbnailUrl\":\"https:\/\/static.africa-press.net\/niger\/sites\/40\/2024\/02\/sm_1707236655.55783.jpg\",\"keywords\":[\"Africa Press\",\"Africa Press-Niger\",\"Niger\"],\"articleSection\":[\"Politique\",\"Toutes les actualit\u00e9s\"],\"inLanguage\":\"fr-FR\",\"potentialAction\":[{\"@type\":\"CommentAction\",\"name\":\"Comment\",\"target\":[\"https:\/\/www.africa-press.net\/niger\/politique\/message-du-ministre-de-la-sante-publique-de-la-population-et-des-affaires-sociales-appel-a-des-actions-coordonnees-en-vue-de-lutter-efficacement-contre-le-cancer#respond\"]}]},{\"@type\":\"WebPage\",\"@id\":\"https:\/\/www.africa-press.net\/niger\/politique\/message-du-ministre-de-la-sante-publique-de-la-population-et-des-affaires-sociales-appel-a-des-actions-coordonnees-en-vue-de-lutter-efficacement-contre-le-cancer\",\"url\":\"https:\/\/www.africa-press.net\/niger\/politique\/message-du-ministre-de-la-sante-publique-de-la-population-et-des-affaires-sociales-appel-a-des-actions-coordonnees-en-vue-de-lutter-efficacement-contre-le-cancer\",\"name\":\"Message du ministre de la Sant\u00e9 publique, de la Population et des Affaires sociales : Appel \u00e0 des actions coordonn\u00e9es en vue de lutter efficacement contre le cancer - niger\",\"isPartOf\":{\"@id\":\"https:\/\/www.africa-press.net\/niger\/#website\"},\"primaryImageOfPage\":{\"@id\":\"https:\/\/www.africa-press.net\/niger\/politique\/message-du-ministre-de-la-sante-publique-de-la-population-et-des-affaires-sociales-appel-a-des-actions-coordonnees-en-vue-de-lutter-efficacement-contre-le-cancer#primaryimage\"},\"image\":{\"@id\":\"https:\/\/www.africa-press.net\/niger\/politique\/message-du-ministre-de-la-sante-publique-de-la-population-et-des-affaires-sociales-appel-a-des-actions-coordonnees-en-vue-de-lutter-efficacement-contre-le-cancer#primaryimage\"},\"thumbnailUrl\":\"https:\/\/static.africa-press.net\/niger\/sites\/40\/2024\/02\/sm_1707236655.55783.jpg\",\"datePublished\":\"2024-02-06T19:06:35+00:00\",\"dateModified\":\"2024-02-06T19:59:24+00:00\",\"author\":{\"@id\":\"https:\/\/www.africa-press.net\/niger\/#\/schema\/person\/2b1cf3cd81a31e3cd26889ca66d677f1\"},\"description\":\"Le Niger, a\u0300 l\u2019instar de la communaute\u0301 internationale, a ce\u0301le\u0301bre\u0301 hier dimanche 4 fe\u0301vrier 2024, la journe\u0301e mondi ...\",\"breadcrumb\":{\"@id\":\"https:\/\/www.africa-press.net\/niger\/politique\/message-du-ministre-de-la-sante-publique-de-la-population-et-des-affaires-sociales-appel-a-des-actions-coordonnees-en-vue-de-lutter-efficacement-contre-le-cancer#breadcrumb\"},\"inLanguage\":\"fr-FR\",\"potentialAction\":[{\"@type\":\"ReadAction\",\"target\":[\"https:\/\/www.africa-press.net\/niger\/politique\/message-du-ministre-de-la-sante-publique-de-la-population-et-des-affaires-sociales-appel-a-des-actions-coordonnees-en-vue-de-lutter-efficacement-contre-le-cancer\"]}]},{\"@type\":\"ImageObject\",\"inLanguage\":\"fr-FR\",\"@id\":\"https:\/\/www.africa-press.net\/niger\/politique\/message-du-ministre-de-la-sante-publique-de-la-population-et-des-affaires-sociales-appel-a-des-actions-coordonnees-en-vue-de-lutter-efficacement-contre-le-cancer#primaryimage\",\"url\":\"https:\/\/static.africa-press.net\/niger\/sites\/40\/2024\/02\/sm_1707236655.55783.jpg\",\"contentUrl\":\"https:\/\/static.africa-press.net\/niger\/sites\/40\/2024\/02\/sm_1707236655.55783.jpg\",\"width\":800,\"height\":533,\"caption\":\"Message du ministre de la Sant\u00e9 publique, de la Population et des Affaires sociales : Appel \u00e0 des actions coordonn\u00e9es en vue de lutter efficacement contre le cancer\"},{\"@type\":\"BreadcrumbList\",\"@id\":\"https:\/\/www.africa-press.net\/niger\/politique\/message-du-ministre-de-la-sante-publique-de-la-population-et-des-affaires-sociales-appel-a-des-actions-coordonnees-en-vue-de-lutter-efficacement-contre-le-cancer#breadcrumb\",\"itemListElement\":[{\"@type\":\"ListItem\",\"position\":1,\"name\":\"Accueil\",\"item\":\"https:\/\/www.africa-press.net\/niger\/\"},{\"@type\":\"ListItem\",\"position\":2,\"name\":\"Message du ministre de la Sant\u00e9 publique, de la Population et des Affaires sociales : Appel \u00e0 des actions coordonn\u00e9es en vue de lutter efficacement contre le cancer\"}]},{\"@type\":\"WebSite\",\"@id\":\"https:\/\/www.africa-press.net\/niger\/#website\",\"url\":\"https:\/\/www.africa-press.net\/niger\/\",\"name\":\"niger\",\"description\":\"Just another Africa News Agency Sites site\",\"potentialAction\":[{\"@type\":\"SearchAction\",\"target\":{\"@type\":\"EntryPoint\",\"urlTemplate\":\"https:\/\/www.africa-press.net\/niger\/?s={search_term_string}\"},\"query-input\":{\"@type\":\"PropertyValueSpecification\",\"valueRequired\":true,\"valueName\":\"search_term_string\"}}],\"inLanguage\":\"fr-FR\"},{\"@type\":\"Person\",\"@id\":\"https:\/\/www.africa-press.net\/niger\/#\/schema\/person\/2b1cf3cd81a31e3cd26889ca66d677f1\",\"name\":\"cfeditorfr\"}]}<\/script>\n<!-- \/ Yoast SEO Premium plugin. -->","yoast_head_json":{"title":"Message du ministre de la Sant\u00e9 publique, de la Population et des Affaires sociales : Appel \u00e0 des actions coordonn\u00e9es en vue de lutter efficacement contre le cancer - niger","description":"Le Niger, a\u0300 l\u2019instar de la communaute\u0301 internationale, a ce\u0301le\u0301bre\u0301 hier dimanche 4 fe\u0301vrier 2024, la journe\u0301e mondi ...","robots":{"index":"index","follow":"follow","max-snippet":"max-snippet:-1","max-image-preview":"max-image-preview:large","max-video-preview":"max-video-preview:-1"},"canonical":"https:\/\/www.africa-press.net\/niger\/politique\/message-du-ministre-de-la-sante-publique-de-la-population-et-des-affaires-sociales-appel-a-des-actions-coordonnees-en-vue-de-lutter-efficacement-contre-le-cancer","og_locale":"fr_FR","og_type":"article","og_title":"Message du ministre de la Sant\u00e9 publique, de la Population et des Affaires sociales : Appel \u00e0 des actions coordonn\u00e9es en vue de lutter efficacement contre le cancer","og_description":"Le Niger, a\u0300 l\u2019instar de la communaute\u0301 internationale, a ce\u0301le\u0301bre\u0301 hier dimanche 4 fe\u0301vrier 2024, la journe\u0301e mondi ...","og_url":"https:\/\/www.africa-press.net\/niger\/politique\/message-du-ministre-de-la-sante-publique-de-la-population-et-des-affaires-sociales-appel-a-des-actions-coordonnees-en-vue-de-lutter-efficacement-contre-le-cancer","og_site_name":"niger","article_published_time":"2024-02-06T19:06:35+00:00","article_modified_time":"2024-02-06T19:59:24+00:00","og_image":[{"width":800,"height":533,"url":"https:\/\/static.africa-press.net\/niger\/sites\/40\/2024\/02\/sm_1707236655.55783.jpg","type":"image\/jpeg"}],"author":"cfeditorfr","twitter_card":"summary_large_image","twitter_misc":{"\u00c9crit par":"cfeditorfr","Dur\u00e9e de lecture estim\u00e9e":"4 minutes"},"schema":{"@context":"https:\/\/schema.org","@graph":[{"@type":"Article","@id":"https:\/\/www.africa-press.net\/niger\/politique\/message-du-ministre-de-la-sante-publique-de-la-population-et-des-affaires-sociales-appel-a-des-actions-coordonnees-en-vue-de-lutter-efficacement-contre-le-cancer#article","isPartOf":{"@id":"https:\/\/www.africa-press.net\/niger\/politique\/message-du-ministre-de-la-sante-publique-de-la-population-et-des-affaires-sociales-appel-a-des-actions-coordonnees-en-vue-de-lutter-efficacement-contre-le-cancer"},"author":{"name":"cfeditorfr","@id":"https:\/\/www.africa-press.net\/niger\/#\/schema\/person\/2b1cf3cd81a31e3cd26889ca66d677f1"},"headline":"Message du ministre de la Sant\u00e9 publique, de la Population et des Affaires sociales : Appel \u00e0 des actions coordonn\u00e9es en vue de lutter efficacement contre le cancer","datePublished":"2024-02-06T19:06:35+00:00","dateModified":"2024-02-06T19:59:24+00:00","mainEntityOfPage":{"@id":"https:\/\/www.africa-press.net\/niger\/politique\/message-du-ministre-de-la-sante-publique-de-la-population-et-des-affaires-sociales-appel-a-des-actions-coordonnees-en-vue-de-lutter-efficacement-contre-le-cancer"},"wordCount":778,"commentCount":0,"image":{"@id":"https:\/\/www.africa-press.net\/niger\/politique\/message-du-ministre-de-la-sante-publique-de-la-population-et-des-affaires-sociales-appel-a-des-actions-coordonnees-en-vue-de-lutter-efficacement-contre-le-cancer#primaryimage"},"thumbnailUrl":"https:\/\/static.africa-press.net\/niger\/sites\/40\/2024\/02\/sm_1707236655.55783.jpg","keywords":["Africa Press","Africa Press-Niger","Niger"],"articleSection":["Politique","Toutes les actualit\u00e9s"],"inLanguage":"fr-FR","potentialAction":[{"@type":"CommentAction","name":"Comment","target":["https:\/\/www.africa-press.net\/niger\/politique\/message-du-ministre-de-la-sante-publique-de-la-population-et-des-affaires-sociales-appel-a-des-actions-coordonnees-en-vue-de-lutter-efficacement-contre-le-cancer#respond"]}]},{"@type":"WebPage","@id":"https:\/\/www.africa-press.net\/niger\/politique\/message-du-ministre-de-la-sante-publique-de-la-population-et-des-affaires-sociales-appel-a-des-actions-coordonnees-en-vue-de-lutter-efficacement-contre-le-cancer","url":"https:\/\/www.africa-press.net\/niger\/politique\/message-du-ministre-de-la-sante-publique-de-la-population-et-des-affaires-sociales-appel-a-des-actions-coordonnees-en-vue-de-lutter-efficacement-contre-le-cancer","name":"Message du ministre de la Sant\u00e9 publique, de la Population et des Affaires sociales : Appel \u00e0 des actions coordonn\u00e9es en vue de lutter efficacement contre le cancer - niger","isPartOf":{"@id":"https:\/\/www.africa-press.net\/niger\/#website"},"primaryImageOfPage":{"@id":"https:\/\/www.africa-press.net\/niger\/politique\/message-du-ministre-de-la-sante-publique-de-la-population-et-des-affaires-sociales-appel-a-des-actions-coordonnees-en-vue-de-lutter-efficacement-contre-le-cancer#primaryimage"},"image":{"@id":"https:\/\/www.africa-press.net\/niger\/politique\/message-du-ministre-de-la-sante-publique-de-la-population-et-des-affaires-sociales-appel-a-des-actions-coordonnees-en-vue-de-lutter-efficacement-contre-le-cancer#primaryimage"},"thumbnailUrl":"https:\/\/static.africa-press.net\/niger\/sites\/40\/2024\/02\/sm_1707236655.55783.jpg","datePublished":"2024-02-06T19:06:35+00:00","dateModified":"2024-02-06T19:59:24+00:00","author":{"@id":"https:\/\/www.africa-press.net\/niger\/#\/schema\/person\/2b1cf3cd81a31e3cd26889ca66d677f1"},"description":"Le Niger, a\u0300 l\u2019instar de la communaute\u0301 internationale, a ce\u0301le\u0301bre\u0301 hier dimanche 4 fe\u0301vrier 2024, la journe\u0301e mondi ...","breadcrumb":{"@id":"https:\/\/www.africa-press.net\/niger\/politique\/message-du-ministre-de-la-sante-publique-de-la-population-et-des-affaires-sociales-appel-a-des-actions-coordonnees-en-vue-de-lutter-efficacement-contre-le-cancer#breadcrumb"},"inLanguage":"fr-FR","potentialAction":[{"@type":"ReadAction","target":["https:\/\/www.africa-press.net\/niger\/politique\/message-du-ministre-de-la-sante-publique-de-la-population-et-des-affaires-sociales-appel-a-des-actions-coordonnees-en-vue-de-lutter-efficacement-contre-le-cancer"]}]},{"@type":"ImageObject","inLanguage":"fr-FR","@id":"https:\/\/www.africa-press.net\/niger\/politique\/message-du-ministre-de-la-sante-publique-de-la-population-et-des-affaires-sociales-appel-a-des-actions-coordonnees-en-vue-de-lutter-efficacement-contre-le-cancer#primaryimage","url":"https:\/\/static.africa-press.net\/niger\/sites\/40\/2024\/02\/sm_1707236655.55783.jpg","contentUrl":"https:\/\/static.africa-press.net\/niger\/sites\/40\/2024\/02\/sm_1707236655.55783.jpg","width":800,"height":533,"caption":"Message du ministre de la Sant\u00e9 publique, de la Population et des Affaires sociales : Appel \u00e0 des actions coordonn\u00e9es en vue de lutter efficacement contre le cancer"},{"@type":"BreadcrumbList","@id":"https:\/\/www.africa-press.net\/niger\/politique\/message-du-ministre-de-la-sante-publique-de-la-population-et-des-affaires-sociales-appel-a-des-actions-coordonnees-en-vue-de-lutter-efficacement-contre-le-cancer#breadcrumb","itemListElement":[{"@type":"ListItem","position":1,"name":"Accueil","item":"https:\/\/www.africa-press.net\/niger\/"},{"@type":"ListItem","position":2,"name":"Message du ministre de la Sant\u00e9 publique, de la Population et des Affaires sociales : Appel \u00e0 des actions coordonn\u00e9es en vue de lutter efficacement contre le cancer"}]},{"@type":"WebSite","@id":"https:\/\/www.africa-press.net\/niger\/#website","url":"https:\/\/www.africa-press.net\/niger\/","name":"niger","description":"Just another Africa News Agency Sites site","potentialAction":[{"@type":"SearchAction","target":{"@type":"EntryPoint","urlTemplate":"https:\/\/www.africa-press.net\/niger\/?s={search_term_string}"},"query-input":{"@type":"PropertyValueSpecification","valueRequired":true,"valueName":"search_term_string"}}],"inLanguage":"fr-FR"},{"@type":"Person","@id":"https:\/\/www.africa-press.net\/niger\/#\/schema\/person\/2b1cf3cd81a31e3cd26889ca66d677f1","name":"cfeditorfr"}]}},"_links":{"self":[{"href":"https:\/\/www.africa-press.net\/niger\/wp-json\/wp\/v2\/posts\/58303","targetHints":{"allow":["GET"]}}],"collection":[{"href":"https:\/\/www.africa-press.net\/niger\/wp-json\/wp\/v2\/posts"}],"about":[{"href":"https:\/\/www.africa-press.net\/niger\/wp-json\/wp\/v2\/types\/post"}],"author":[{"embeddable":true,"href":"https:\/\/www.africa-press.net\/niger\/wp-json\/wp\/v2\/users\/82"}],"replies":[{"embeddable":true,"href":"https:\/\/www.africa-press.net\/niger\/wp-json\/wp\/v2\/comments?post=58303"}],"version-history":[{"count":0,"href":"https:\/\/www.africa-press.net\/niger\/wp-json\/wp\/v2\/posts\/58303\/revisions"}],"wp:featuredmedia":[{"embeddable":true,"href":"https:\/\/www.africa-press.net\/niger\/wp-json\/wp\/v2\/media\/58302"}],"wp:attachment":[{"href":"https:\/\/www.africa-press.net\/niger\/wp-json\/wp\/v2\/media?parent=58303"}],"wp:term":[{"taxonomy":"category","embeddable":true,"href":"https:\/\/www.africa-press.net\/niger\/wp-json\/wp\/v2\/categories?post=58303"},{"taxonomy":"post_tag","embeddable":true,"href":"https:\/\/www.africa-press.net\/niger\/wp-json\/wp\/v2\/tags?post=58303"}],"curies":[{"name":"wp","href":"https:\/\/api.w.org\/{rel}","templated":true}]}}