{"id":58305,"date":"2024-02-06T19:08:15","date_gmt":"2024-02-06T19:08:15","guid":{"rendered":"https:\/\/www.africa-press.net\/niger\/politique\/declaration-de-soutien-la-synergie-des-mouvements-salue-la-decision-de-retrait-des-3-pays-de-laes-de-la-cedeao"},"modified":"2024-02-06T19:59:53","modified_gmt":"2024-02-06T19:59:53","slug":"declaration-de-soutien-la-synergie-des-mouvements-salue-la-decision-de-retrait-des-3-pays-de-laes-de-la-cedeao","status":"publish","type":"post","link":"https:\/\/www.africa-press.net\/niger\/politique\/declaration-de-soutien-la-synergie-des-mouvements-salue-la-decision-de-retrait-des-3-pays-de-laes-de-la-cedeao","title":{"rendered":"D\u00e9claration de soutien : La Synergie des Mouvements salue la d\u00e9cision de retrait des 3 pays de l\u2019AES de la CEDEAO"},"content":{"rendered":"<p><span style=\"color: #ff6600\"><strong>Africa-Press &#8211; Niger. <\/strong><\/span><b>La Synergie des Mouvements MONDE KOURCIA, MONFEDEN, MCP, SP, GENERATION SOUVERAINETE et les SENTINELLES DE LA PATRIE a rendu publique, le vendredi 02 fe\u0301vrier 2024 dans l\u2019enceinte de la MJC Djado Sekou, une de\u0301claration de soutien. Au cours de cette de\u0301claration, la Synergie des Mouvements a salue\u0301 la de\u0301cision prise par les Etats de l\u2019AES de se retirer de la CEDEAO.<\/b><\/p>\n<p>Dans la de\u0301claration lue par la pre\u0301sidente du MONFEDEN Mme Kader Habibata, la Synergie des mouvements a indique\u0301 que le monde entier a assiste\u0301 avec surprise, au retrait des pays membres de l\u2019Alliance des Etats du Sahel, notamment le Burkina Faso, le Mali et le Niger de la CEDEAO le dimanche 28 Janvier 2024, une de\u0301cision historique et salutaire. En de\u0301cidant de quitter le navire CEDEAO, les vaillants dirigeants visionnaires ont anticipe\u0301 sur un complot que certains pays membres de la CEDEAO, en connivence avec des puissances e\u0301trange\u0300res, ont voulu mettre sordidement en exe\u0301cution.<\/p>\n<p>\u00ab Selon des informations fiables en notre possession, le complot qui viserait nos He\u0301ros serait mis en exe\u0301cution le 30 janvier dernier. Il s\u2019agissait en fait de proce\u0301der a\u0300 la pre\u0301paration d\u2019actions cible\u0301es contre les dirigeants de l\u2019AES en se basant sur la CEDEAO. Mais ,gra\u0302ce a\u0300 la vigilance et au patriotisme de ces trois soldats providentiels, le complot ourdi a vite e\u0301te\u0301 de\u0301joue\u0301. Les trois He\u0301ros ont pris le devant en prenant toutes leurs responsabilite\u0301s re\u0301pondant aux attentes, pre\u0301occupations et aspirations de leurs populations en de\u0301cidant en toute souverainete\u0301 du retrait sans de\u0301lai de leurs pays de la Communaute\u0301 E\u0301conomique des Etats de l\u2019Afrique de l\u2019Ouest \u00bb, souligne la de\u0301claration.<\/p>\n<p>La Synergie des mouvements a par ailleurs souligne\u0301 qu\u2019apre\u0300s 49 ans d\u2019existence, les vaillants peuples du Burkina, du Mali et du Niger ont constate\u0301, avec beaucoup de regrets, d\u2019amertume et une grande de\u0301ception, que leur Organisation s\u2019est e\u0301loigne\u0301e des ide\u0301aux de ses pe\u0300res fondateurs et du panafricanisme et qu\u2019elle n\u2019a pas daigne\u0301 porter assistance aux trois Etats dans le cadre de leur lutte existentielle contre le terrorisme, l\u2019inse\u0301curite\u0301 et les autres crises et catastrophes. \u00ab Lorsque nos E\u0301tats ont de\u0301cide\u0301 de prendre leur destin en mains, elle a adopte\u0301 une attitude de\u0301sinte\u0301resse\u0301e et inadmissible en imposant des sanctions ille\u0301gales, ille\u0301gitimes, inhumaines et irresponsables en violation de ses propres textes, toutes choses qui ont davantage fragilise\u0301 les populations de\u0301ja\u0300 meurtries par des anne\u0301es de violence impose\u0301e par des hordes de criminels, de malfrats, de trafiquants et de terroristes instrumentalise\u0301es et te\u0301le\u0301commande\u0301es a\u0300 dessein \u00bb, souligne la de\u0301claration. La synergie des mouvements pre\u0301cise cependant que tout cet espoir ne doit pas dissimuler la vigilance en restant les bras croise\u0301s et attendre tout du ciel. \u00ab C\u2019est le moment de se retrousser les manches et de redoubler d\u2019efforts et de vigilance accrue \u00bb, a-t-elle conclu.<\/p>\n<p>Le pre\u0301sident du S.P, M. Mohamed Elnas, a affirme\u0301 quant a\u0300 lui, que la CEDEAO n\u2019avait jamais apporte\u0301 de bienfaits aux E\u0301tats du Sahel. Il a ensuite exhorte\u0301 les peuples des E\u0301tats du Sahel a\u0300 s\u2019unir, a\u0300 soutenir les trois dirigeants qui luttent ardemment pour la pre\u0301servation de leurs pays, et a\u0300 prier intense\u0301ment jusqu\u2019a\u0300 la fin de cette bataille. Pour sa part, le pre\u0301sident du M.C.P., M. Soumaila Ali Hamani a lui explique\u0301 que la de\u0301mocratie n\u2019a rien re\u0301solu et que sortir de la CEDEAO est la meilleure chose qui soit arrive\u0301e aux Etats de l\u2019AES. Il a aussi attire\u0301 l\u2019attention sur la propagation des fausses informations que certains prennent pour authentifier et transmettre a\u0300 travers les re\u0301seaux sociaux.<\/p>\n<p><b>Assad Hamadou (ONEP)<\/b><\/p>\n<p><strong>Pour plus d&rsquo;informations et d&rsquo;analyses sur la <a href=\"https:\/\/www.africa-press.net\/niger\">Niger<\/a>, suivez <a href=\"https:\/\/www.africa-press.net\/\">Africa-Press<\/a><\/strong><\/p>\n","protected":false},"excerpt":{"rendered":"<p>Africa-Press &#8211; Niger. La Synergie des Mouvements MONDE KOURCIA, MONFEDEN, MCP, SP, GENERATION SOUVERAINETE et les SENTINELLES DE LA PATRIE a rendu publique, le vendredi 02 fe\u0301vrier 2024 dans l\u2019enceinte de la MJC Djado Sekou, une de\u0301claration de soutien. Au cours de cette de\u0301claration, la Synergie des Mouvements a salue\u0301 la de\u0301cision prise par les [&hellip;]<\/p>\n","protected":false},"author":82,"featured_media":58304,"comment_status":"open","ping_status":"closed","sticky":false,"template":"","format":"standard","meta":{"footnotes":""},"categories":[2,10],"tags":[55,60,29],"class_list":["post-58305","post","type-post","status-publish","format-standard","has-post-thumbnail","hentry","category-politique","category-toutes-les-actualites","tag-africa-press","tag-africa-press-niger","tag-niger"],"yoast_head":"<!-- This site is optimized with the Yoast SEO Premium plugin v26.1 (Yoast SEO v27.0) - https:\/\/yoast.com\/product\/yoast-seo-premium-wordpress\/ -->\n<title>D\u00e9claration de soutien : La Synergie des Mouvements salue la d\u00e9cision de retrait des 3 pays de l\u2019AES de la CEDEAO - niger<\/title>\n<meta name=\"description\" content=\"La Synergie des Mouvements MONDE KOURCIA, MONFEDEN, MCP, SP, GENERATION SOUVERAINETE et les SENTINELLES DE LA PATRIE ...\" \/>\n<meta name=\"robots\" content=\"index, follow, max-snippet:-1, max-image-preview:large, max-video-preview:-1\" \/>\n<link rel=\"canonical\" href=\"https:\/\/www.africa-press.net\/niger\/politique\/declaration-de-soutien-la-synergie-des-mouvements-salue-la-decision-de-retrait-des-3-pays-de-laes-de-la-cedeao\" \/>\n<meta property=\"og:locale\" content=\"fr_FR\" \/>\n<meta property=\"og:type\" content=\"article\" \/>\n<meta property=\"og:title\" content=\"D\u00e9claration de soutien : La Synergie des Mouvements salue la d\u00e9cision de retrait des 3 pays de l\u2019AES de la CEDEAO\" \/>\n<meta property=\"og:description\" content=\"La Synergie des Mouvements MONDE KOURCIA, MONFEDEN, MCP, SP, GENERATION SOUVERAINETE et les SENTINELLES DE LA PATRIE ...\" \/>\n<meta property=\"og:url\" content=\"https:\/\/www.africa-press.net\/niger\/politique\/declaration-de-soutien-la-synergie-des-mouvements-salue-la-decision-de-retrait-des-3-pays-de-laes-de-la-cedeao\" \/>\n<meta property=\"og:site_name\" content=\"niger\" \/>\n<meta property=\"article:published_time\" content=\"2024-02-06T19:08:15+00:00\" \/>\n<meta property=\"article:modified_time\" content=\"2024-02-06T19:59:53+00:00\" \/>\n<meta property=\"og:image\" content=\"https:\/\/static.africa-press.net\/niger\/sites\/40\/2024\/02\/sm_1707236711.643265.jpg\" \/>\n\t<meta property=\"og:image:width\" content=\"800\" \/>\n\t<meta property=\"og:image:height\" content=\"449\" \/>\n\t<meta property=\"og:image:type\" content=\"image\/jpeg\" \/>\n<meta name=\"author\" content=\"cfeditorfr\" \/>\n<meta name=\"twitter:card\" content=\"summary_large_image\" \/>\n<meta name=\"twitter:label1\" content=\"\u00c9crit par\" \/>\n\t<meta name=\"twitter:data1\" content=\"cfeditorfr\" \/>\n\t<meta name=\"twitter:label2\" content=\"Dur\u00e9e de lecture estim\u00e9e\" \/>\n\t<meta name=\"twitter:data2\" content=\"3 minutes\" \/>\n<script type=\"application\/ld+json\" class=\"yoast-schema-graph\">{\"@context\":\"https:\/\/schema.org\",\"@graph\":[{\"@type\":\"Article\",\"@id\":\"https:\/\/www.africa-press.net\/niger\/politique\/declaration-de-soutien-la-synergie-des-mouvements-salue-la-decision-de-retrait-des-3-pays-de-laes-de-la-cedeao#article\",\"isPartOf\":{\"@id\":\"https:\/\/www.africa-press.net\/niger\/politique\/declaration-de-soutien-la-synergie-des-mouvements-salue-la-decision-de-retrait-des-3-pays-de-laes-de-la-cedeao\"},\"author\":{\"name\":\"cfeditorfr\",\"@id\":\"https:\/\/www.africa-press.net\/niger\/#\/schema\/person\/2b1cf3cd81a31e3cd26889ca66d677f1\"},\"headline\":\"D\u00e9claration de soutien : La Synergie des Mouvements salue la d\u00e9cision de retrait des 3 pays de l\u2019AES de la CEDEAO\",\"datePublished\":\"2024-02-06T19:08:15+00:00\",\"dateModified\":\"2024-02-06T19:59:53+00:00\",\"mainEntityOfPage\":{\"@id\":\"https:\/\/www.africa-press.net\/niger\/politique\/declaration-de-soutien-la-synergie-des-mouvements-salue-la-decision-de-retrait-des-3-pays-de-laes-de-la-cedeao\"},\"wordCount\":693,\"commentCount\":0,\"image\":{\"@id\":\"https:\/\/www.africa-press.net\/niger\/politique\/declaration-de-soutien-la-synergie-des-mouvements-salue-la-decision-de-retrait-des-3-pays-de-laes-de-la-cedeao#primaryimage\"},\"thumbnailUrl\":\"https:\/\/static.africa-press.net\/niger\/sites\/40\/2024\/02\/sm_1707236711.643265.jpg\",\"keywords\":[\"Africa Press\",\"Africa Press-Niger\",\"Niger\"],\"articleSection\":[\"Politique\",\"Toutes les actualit\u00e9s\"],\"inLanguage\":\"fr-FR\",\"potentialAction\":[{\"@type\":\"CommentAction\",\"name\":\"Comment\",\"target\":[\"https:\/\/www.africa-press.net\/niger\/politique\/declaration-de-soutien-la-synergie-des-mouvements-salue-la-decision-de-retrait-des-3-pays-de-laes-de-la-cedeao#respond\"]}]},{\"@type\":\"WebPage\",\"@id\":\"https:\/\/www.africa-press.net\/niger\/politique\/declaration-de-soutien-la-synergie-des-mouvements-salue-la-decision-de-retrait-des-3-pays-de-laes-de-la-cedeao\",\"url\":\"https:\/\/www.africa-press.net\/niger\/politique\/declaration-de-soutien-la-synergie-des-mouvements-salue-la-decision-de-retrait-des-3-pays-de-laes-de-la-cedeao\",\"name\":\"D\u00e9claration de soutien : La Synergie des Mouvements salue la d\u00e9cision de retrait des 3 pays de l\u2019AES de la CEDEAO - niger\",\"isPartOf\":{\"@id\":\"https:\/\/www.africa-press.net\/niger\/#website\"},\"primaryImageOfPage\":{\"@id\":\"https:\/\/www.africa-press.net\/niger\/politique\/declaration-de-soutien-la-synergie-des-mouvements-salue-la-decision-de-retrait-des-3-pays-de-laes-de-la-cedeao#primaryimage\"},\"image\":{\"@id\":\"https:\/\/www.africa-press.net\/niger\/politique\/declaration-de-soutien-la-synergie-des-mouvements-salue-la-decision-de-retrait-des-3-pays-de-laes-de-la-cedeao#primaryimage\"},\"thumbnailUrl\":\"https:\/\/static.africa-press.net\/niger\/sites\/40\/2024\/02\/sm_1707236711.643265.jpg\",\"datePublished\":\"2024-02-06T19:08:15+00:00\",\"dateModified\":\"2024-02-06T19:59:53+00:00\",\"author\":{\"@id\":\"https:\/\/www.africa-press.net\/niger\/#\/schema\/person\/2b1cf3cd81a31e3cd26889ca66d677f1\"},\"description\":\"La Synergie des Mouvements MONDE KOURCIA, MONFEDEN, MCP, SP, GENERATION SOUVERAINETE et les SENTINELLES DE LA PATRIE ...\",\"breadcrumb\":{\"@id\":\"https:\/\/www.africa-press.net\/niger\/politique\/declaration-de-soutien-la-synergie-des-mouvements-salue-la-decision-de-retrait-des-3-pays-de-laes-de-la-cedeao#breadcrumb\"},\"inLanguage\":\"fr-FR\",\"potentialAction\":[{\"@type\":\"ReadAction\",\"target\":[\"https:\/\/www.africa-press.net\/niger\/politique\/declaration-de-soutien-la-synergie-des-mouvements-salue-la-decision-de-retrait-des-3-pays-de-laes-de-la-cedeao\"]}]},{\"@type\":\"ImageObject\",\"inLanguage\":\"fr-FR\",\"@id\":\"https:\/\/www.africa-press.net\/niger\/politique\/declaration-de-soutien-la-synergie-des-mouvements-salue-la-decision-de-retrait-des-3-pays-de-laes-de-la-cedeao#primaryimage\",\"url\":\"https:\/\/static.africa-press.net\/niger\/sites\/40\/2024\/02\/sm_1707236711.643265.jpg\",\"contentUrl\":\"https:\/\/static.africa-press.net\/niger\/sites\/40\/2024\/02\/sm_1707236711.643265.jpg\",\"width\":800,\"height\":449,\"caption\":\"D\u00e9claration de soutien : La Synergie des Mouvements salue la d\u00e9cision de retrait des 3 pays de l\u2019AES de la CEDEAO\"},{\"@type\":\"BreadcrumbList\",\"@id\":\"https:\/\/www.africa-press.net\/niger\/politique\/declaration-de-soutien-la-synergie-des-mouvements-salue-la-decision-de-retrait-des-3-pays-de-laes-de-la-cedeao#breadcrumb\",\"itemListElement\":[{\"@type\":\"ListItem\",\"position\":1,\"name\":\"Accueil\",\"item\":\"https:\/\/www.africa-press.net\/niger\/\"},{\"@type\":\"ListItem\",\"position\":2,\"name\":\"D\u00e9claration de soutien : La Synergie des Mouvements salue la d\u00e9cision de retrait des 3 pays de l\u2019AES de la CEDEAO\"}]},{\"@type\":\"WebSite\",\"@id\":\"https:\/\/www.africa-press.net\/niger\/#website\",\"url\":\"https:\/\/www.africa-press.net\/niger\/\",\"name\":\"niger\",\"description\":\"Just another Africa News Agency Sites site\",\"potentialAction\":[{\"@type\":\"SearchAction\",\"target\":{\"@type\":\"EntryPoint\",\"urlTemplate\":\"https:\/\/www.africa-press.net\/niger\/?s={search_term_string}\"},\"query-input\":{\"@type\":\"PropertyValueSpecification\",\"valueRequired\":true,\"valueName\":\"search_term_string\"}}],\"inLanguage\":\"fr-FR\"},{\"@type\":\"Person\",\"@id\":\"https:\/\/www.africa-press.net\/niger\/#\/schema\/person\/2b1cf3cd81a31e3cd26889ca66d677f1\",\"name\":\"cfeditorfr\"}]}<\/script>\n<!-- \/ Yoast SEO Premium plugin. -->","yoast_head_json":{"title":"D\u00e9claration de soutien : La Synergie des Mouvements salue la d\u00e9cision de retrait des 3 pays de l\u2019AES de la CEDEAO - niger","description":"La Synergie des Mouvements MONDE KOURCIA, MONFEDEN, MCP, SP, GENERATION SOUVERAINETE et les SENTINELLES DE LA PATRIE ...","robots":{"index":"index","follow":"follow","max-snippet":"max-snippet:-1","max-image-preview":"max-image-preview:large","max-video-preview":"max-video-preview:-1"},"canonical":"https:\/\/www.africa-press.net\/niger\/politique\/declaration-de-soutien-la-synergie-des-mouvements-salue-la-decision-de-retrait-des-3-pays-de-laes-de-la-cedeao","og_locale":"fr_FR","og_type":"article","og_title":"D\u00e9claration de soutien : La Synergie des Mouvements salue la d\u00e9cision de retrait des 3 pays de l\u2019AES de la CEDEAO","og_description":"La Synergie des Mouvements MONDE KOURCIA, MONFEDEN, MCP, SP, GENERATION SOUVERAINETE et les SENTINELLES DE LA PATRIE ...","og_url":"https:\/\/www.africa-press.net\/niger\/politique\/declaration-de-soutien-la-synergie-des-mouvements-salue-la-decision-de-retrait-des-3-pays-de-laes-de-la-cedeao","og_site_name":"niger","article_published_time":"2024-02-06T19:08:15+00:00","article_modified_time":"2024-02-06T19:59:53+00:00","og_image":[{"width":800,"height":449,"url":"https:\/\/static.africa-press.net\/niger\/sites\/40\/2024\/02\/sm_1707236711.643265.jpg","type":"image\/jpeg"}],"author":"cfeditorfr","twitter_card":"summary_large_image","twitter_misc":{"\u00c9crit par":"cfeditorfr","Dur\u00e9e de lecture estim\u00e9e":"3 minutes"},"schema":{"@context":"https:\/\/schema.org","@graph":[{"@type":"Article","@id":"https:\/\/www.africa-press.net\/niger\/politique\/declaration-de-soutien-la-synergie-des-mouvements-salue-la-decision-de-retrait-des-3-pays-de-laes-de-la-cedeao#article","isPartOf":{"@id":"https:\/\/www.africa-press.net\/niger\/politique\/declaration-de-soutien-la-synergie-des-mouvements-salue-la-decision-de-retrait-des-3-pays-de-laes-de-la-cedeao"},"author":{"name":"cfeditorfr","@id":"https:\/\/www.africa-press.net\/niger\/#\/schema\/person\/2b1cf3cd81a31e3cd26889ca66d677f1"},"headline":"D\u00e9claration de soutien : La Synergie des Mouvements salue la d\u00e9cision de retrait des 3 pays de l\u2019AES de la CEDEAO","datePublished":"2024-02-06T19:08:15+00:00","dateModified":"2024-02-06T19:59:53+00:00","mainEntityOfPage":{"@id":"https:\/\/www.africa-press.net\/niger\/politique\/declaration-de-soutien-la-synergie-des-mouvements-salue-la-decision-de-retrait-des-3-pays-de-laes-de-la-cedeao"},"wordCount":693,"commentCount":0,"image":{"@id":"https:\/\/www.africa-press.net\/niger\/politique\/declaration-de-soutien-la-synergie-des-mouvements-salue-la-decision-de-retrait-des-3-pays-de-laes-de-la-cedeao#primaryimage"},"thumbnailUrl":"https:\/\/static.africa-press.net\/niger\/sites\/40\/2024\/02\/sm_1707236711.643265.jpg","keywords":["Africa Press","Africa Press-Niger","Niger"],"articleSection":["Politique","Toutes les actualit\u00e9s"],"inLanguage":"fr-FR","potentialAction":[{"@type":"CommentAction","name":"Comment","target":["https:\/\/www.africa-press.net\/niger\/politique\/declaration-de-soutien-la-synergie-des-mouvements-salue-la-decision-de-retrait-des-3-pays-de-laes-de-la-cedeao#respond"]}]},{"@type":"WebPage","@id":"https:\/\/www.africa-press.net\/niger\/politique\/declaration-de-soutien-la-synergie-des-mouvements-salue-la-decision-de-retrait-des-3-pays-de-laes-de-la-cedeao","url":"https:\/\/www.africa-press.net\/niger\/politique\/declaration-de-soutien-la-synergie-des-mouvements-salue-la-decision-de-retrait-des-3-pays-de-laes-de-la-cedeao","name":"D\u00e9claration de soutien : La Synergie des Mouvements salue la d\u00e9cision de retrait des 3 pays de l\u2019AES de la CEDEAO - niger","isPartOf":{"@id":"https:\/\/www.africa-press.net\/niger\/#website"},"primaryImageOfPage":{"@id":"https:\/\/www.africa-press.net\/niger\/politique\/declaration-de-soutien-la-synergie-des-mouvements-salue-la-decision-de-retrait-des-3-pays-de-laes-de-la-cedeao#primaryimage"},"image":{"@id":"https:\/\/www.africa-press.net\/niger\/politique\/declaration-de-soutien-la-synergie-des-mouvements-salue-la-decision-de-retrait-des-3-pays-de-laes-de-la-cedeao#primaryimage"},"thumbnailUrl":"https:\/\/static.africa-press.net\/niger\/sites\/40\/2024\/02\/sm_1707236711.643265.jpg","datePublished":"2024-02-06T19:08:15+00:00","dateModified":"2024-02-06T19:59:53+00:00","author":{"@id":"https:\/\/www.africa-press.net\/niger\/#\/schema\/person\/2b1cf3cd81a31e3cd26889ca66d677f1"},"description":"La Synergie des Mouvements MONDE KOURCIA, MONFEDEN, MCP, SP, GENERATION SOUVERAINETE et les SENTINELLES DE LA PATRIE ...","breadcrumb":{"@id":"https:\/\/www.africa-press.net\/niger\/politique\/declaration-de-soutien-la-synergie-des-mouvements-salue-la-decision-de-retrait-des-3-pays-de-laes-de-la-cedeao#breadcrumb"},"inLanguage":"fr-FR","potentialAction":[{"@type":"ReadAction","target":["https:\/\/www.africa-press.net\/niger\/politique\/declaration-de-soutien-la-synergie-des-mouvements-salue-la-decision-de-retrait-des-3-pays-de-laes-de-la-cedeao"]}]},{"@type":"ImageObject","inLanguage":"fr-FR","@id":"https:\/\/www.africa-press.net\/niger\/politique\/declaration-de-soutien-la-synergie-des-mouvements-salue-la-decision-de-retrait-des-3-pays-de-laes-de-la-cedeao#primaryimage","url":"https:\/\/static.africa-press.net\/niger\/sites\/40\/2024\/02\/sm_1707236711.643265.jpg","contentUrl":"https:\/\/static.africa-press.net\/niger\/sites\/40\/2024\/02\/sm_1707236711.643265.jpg","width":800,"height":449,"caption":"D\u00e9claration de soutien : La Synergie des Mouvements salue la d\u00e9cision de retrait des 3 pays de l\u2019AES de la CEDEAO"},{"@type":"BreadcrumbList","@id":"https:\/\/www.africa-press.net\/niger\/politique\/declaration-de-soutien-la-synergie-des-mouvements-salue-la-decision-de-retrait-des-3-pays-de-laes-de-la-cedeao#breadcrumb","itemListElement":[{"@type":"ListItem","position":1,"name":"Accueil","item":"https:\/\/www.africa-press.net\/niger\/"},{"@type":"ListItem","position":2,"name":"D\u00e9claration de soutien : La Synergie des Mouvements salue la d\u00e9cision de retrait des 3 pays de l\u2019AES de la CEDEAO"}]},{"@type":"WebSite","@id":"https:\/\/www.africa-press.net\/niger\/#website","url":"https:\/\/www.africa-press.net\/niger\/","name":"niger","description":"Just another Africa News Agency Sites site","potentialAction":[{"@type":"SearchAction","target":{"@type":"EntryPoint","urlTemplate":"https:\/\/www.africa-press.net\/niger\/?s={search_term_string}"},"query-input":{"@type":"PropertyValueSpecification","valueRequired":true,"valueName":"search_term_string"}}],"inLanguage":"fr-FR"},{"@type":"Person","@id":"https:\/\/www.africa-press.net\/niger\/#\/schema\/person\/2b1cf3cd81a31e3cd26889ca66d677f1","name":"cfeditorfr"}]}},"_links":{"self":[{"href":"https:\/\/www.africa-press.net\/niger\/wp-json\/wp\/v2\/posts\/58305","targetHints":{"allow":["GET"]}}],"collection":[{"href":"https:\/\/www.africa-press.net\/niger\/wp-json\/wp\/v2\/posts"}],"about":[{"href":"https:\/\/www.africa-press.net\/niger\/wp-json\/wp\/v2\/types\/post"}],"author":[{"embeddable":true,"href":"https:\/\/www.africa-press.net\/niger\/wp-json\/wp\/v2\/users\/82"}],"replies":[{"embeddable":true,"href":"https:\/\/www.africa-press.net\/niger\/wp-json\/wp\/v2\/comments?post=58305"}],"version-history":[{"count":0,"href":"https:\/\/www.africa-press.net\/niger\/wp-json\/wp\/v2\/posts\/58305\/revisions"}],"wp:featuredmedia":[{"embeddable":true,"href":"https:\/\/www.africa-press.net\/niger\/wp-json\/wp\/v2\/media\/58304"}],"wp:attachment":[{"href":"https:\/\/www.africa-press.net\/niger\/wp-json\/wp\/v2\/media?parent=58305"}],"wp:term":[{"taxonomy":"category","embeddable":true,"href":"https:\/\/www.africa-press.net\/niger\/wp-json\/wp\/v2\/categories?post=58305"},{"taxonomy":"post_tag","embeddable":true,"href":"https:\/\/www.africa-press.net\/niger\/wp-json\/wp\/v2\/tags?post=58305"}],"curies":[{"name":"wp","href":"https:\/\/api.w.org\/{rel}","templated":true}]}}