{"id":58318,"date":"2024-02-06T19:11:50","date_gmt":"2024-02-06T19:11:50","guid":{"rendered":"https:\/\/www.africa-press.net\/niger\/politique\/cloture-du-festival-international-du-film-sur-les-droits-de-lhomme-renforcer-les-capacites-des-acteurs-dans-la-production-de-films-de-qualite"},"modified":"2024-02-06T20:03:36","modified_gmt":"2024-02-06T20:03:36","slug":"cloture-du-festival-international-du-film-sur-les-droits-de-lhomme-renforcer-les-capacites-des-acteurs-dans-la-production-de-films-de-qualite","status":"publish","type":"post","link":"https:\/\/www.africa-press.net\/niger\/culture-et-art\/cloture-du-festival-international-du-film-sur-les-droits-de-lhomme-renforcer-les-capacites-des-acteurs-dans-la-production-de-films-de-qualite","title":{"rendered":"Cl\u00f4ture du Festival International du Film sur les Droits de l\u2019Homme : Renforcer les capacit\u00e9s des acteurs dans la production de films de qualit\u00e9"},"content":{"rendered":"<p><span style=\"color: #ff6600\"><strong>Africa-Press &#8211; Niger. <\/strong><\/span><b>La 7e\u0300me e\u0301dition du Festival International du Film sur les Droits de l\u2019Homme (FIFIDHO) a connu son e\u0301pilogue le dimanche 4 fe\u0301vrier 2024 au Centre Culturel Franco-Nige\u0301rien (CCFN). La clo\u0302ture de cette ce\u0301re\u0301monie a e\u0301te\u0301 suivie d\u2019une remise de trophe\u0301e aux laure\u0301ats et de la pre\u0301sentation du nouveau mode\u0300le de trophe\u0301e FIFIDHO. Cette activite\u0301 conjointement parraine\u0301e par le Ministe\u0300re de la Jeunesse et des Sports et le Ministe\u0300re de la Communication, des Postes et de l\u2019Economie Nume\u0301rique, a e\u0301te\u0301 co-pre\u0301side\u0301e par les Secre\u0301taires ge\u0301ne\u0301raux desdits ministe\u0300res, respectivement M. Oumarou Assoumi et M. Moustapha Tinao, en pre\u0301sence de plusieurs amateurs du cine\u0301ma.<\/b><\/p>\n<p>A la clo\u0302ture des travaux, le Secre\u0301taire ge\u0301ne\u0301ral du ministe\u0300re en charge de la Communication, M. Moustapha Tinao a rappele\u0301 l\u2019importance du choix du the\u0300me \u00ab le cine\u0301ma d\u2019aujourd\u2019hui face a\u0300 l\u2019e\u0301ducation de nos enfants \u00bb. \u00ab Six jours durant, 51 films de qualite\u0301 technico artistique exceptionnelle ont e\u0301te\u0301 projete\u0301s a\u0300 plusieurs endroits de la ville de Niamey au grand bonheur des cine\u0301philes. Du coup le de\u0301bat sur la responsabilite\u0301 morale des parents et les acteurs du cine\u0301ma en ce qui concerne le contenu de programmes de te\u0301le\u0301vision et les autres plates-formes accessibles aux enfants est ose\u0301. Ce qui e\u0301videmment nous renvoie a\u0300 notre devoir et une prise de conscience a\u0300 tous les niveaux \u00bb, a-t-il indique\u0301.<\/p>\n<p>M. Moustapha Tinao a fe\u0301licite\u0301 tous les laure\u0301ats des diffe\u0301rents pays qui ne cessent de porter sur les e\u0301crans, les re\u0301alite\u0301s et les valeurs de notre cher continent l\u2019Afrique. Il a rendu un hommage me\u0301rite\u0301 au promoteur de ce festival, M. Baydari Yacouba, pour tous les efforts qu\u2019il a de\u0301ploye\u0301s pour la promotion de la culture nige\u0301rienne et la culture africaine en ge\u0301ne\u0301ral. Il a souhaite\u0301 un tre\u0300s bon retour a\u0300 toutes et a\u0300 tous dans leur pays et foyers respectifs. \u00ab Nous fondons l\u2019espoir que ce festival va se pe\u0301renniser pour mieux jouer son ro\u0302le d\u2019information, de formation, de sensibilisation, d\u2019e\u0301ducation, et de conscientisation \u00bb, a conclu le Secre\u0301taire ge\u0301ne\u0301ral du Ministe\u0300re en charge de la Communication.<\/p>\n<p>Auparavant, le Directeur du festival M. Baydari Yacouba a remercie\u0301 tous les partenaires, sponsors et acteurs pour le grand succe\u0300s de cette 7e\u0300me e\u0301dition tout en donnant rendez-vous aux acteurs pour la prochaine e\u0301dition.<\/p>\n<p>&nbsp;<\/p>\n<p><strong>Pour plus d&rsquo;informations et d&rsquo;analyses sur la <a href=\"https:\/\/www.africa-press.net\/niger\">Niger<\/a>, suivez <a href=\"https:\/\/www.africa-press.net\/\">Africa-Press<\/a><\/strong><\/p>\n","protected":false},"excerpt":{"rendered":"<p>Africa-Press &#8211; Niger. La 7e\u0300me e\u0301dition du Festival International du Film sur les Droits de l\u2019Homme (FIFIDHO) a connu son e\u0301pilogue le dimanche 4 fe\u0301vrier 2024 au Centre Culturel Franco-Nige\u0301rien (CCFN). La clo\u0302ture de cette ce\u0301re\u0301monie a e\u0301te\u0301 suivie d\u2019une remise de trophe\u0301e aux laure\u0301ats et de la pre\u0301sentation du nouveau mode\u0300le de trophe\u0301e FIFIDHO. [&hellip;]<\/p>\n","protected":false},"author":82,"featured_media":58317,"comment_status":"open","ping_status":"closed","sticky":false,"template":"","format":"standard","meta":{"footnotes":""},"categories":[5,10],"tags":[55,60,29],"class_list":["post-58318","post","type-post","status-publish","format-standard","has-post-thumbnail","hentry","category-culture-et-art","category-toutes-les-actualites","tag-africa-press","tag-africa-press-niger","tag-niger"],"yoast_head":"<!-- This site is optimized with the Yoast SEO Premium plugin v26.1 (Yoast SEO v27.0) - https:\/\/yoast.com\/product\/yoast-seo-premium-wordpress\/ -->\n<title>Cl\u00f4ture du Festival International du Film sur les Droits de l\u2019Homme : Renforcer les capacit\u00e9s des acteurs dans la production de films de qualit\u00e9 - niger<\/title>\n<meta name=\"description\" content=\"La 7e\u0300me e\u0301dition du Festival International du Film sur les Droits de l\u2019Homme (FIFIDHO) a connu son e\u0301pilogue le dima ...\" \/>\n<meta name=\"robots\" content=\"index, follow, max-snippet:-1, max-image-preview:large, max-video-preview:-1\" \/>\n<link rel=\"canonical\" href=\"https:\/\/www.africa-press.net\/niger\/culture-et-art\/cloture-du-festival-international-du-film-sur-les-droits-de-lhomme-renforcer-les-capacites-des-acteurs-dans-la-production-de-films-de-qualite\" \/>\n<meta property=\"og:locale\" content=\"fr_FR\" \/>\n<meta property=\"og:type\" content=\"article\" \/>\n<meta property=\"og:title\" content=\"Cl\u00f4ture du Festival International du Film sur les Droits de l\u2019Homme : Renforcer les capacit\u00e9s des acteurs dans la production de films de qualit\u00e9\" \/>\n<meta property=\"og:description\" content=\"La 7e\u0300me e\u0301dition du Festival International du Film sur les Droits de l\u2019Homme (FIFIDHO) a connu son e\u0301pilogue le dima ...\" \/>\n<meta property=\"og:url\" content=\"https:\/\/www.africa-press.net\/niger\/culture-et-art\/cloture-du-festival-international-du-film-sur-les-droits-de-lhomme-renforcer-les-capacites-des-acteurs-dans-la-production-de-films-de-qualite\" \/>\n<meta property=\"og:site_name\" content=\"niger\" \/>\n<meta property=\"article:published_time\" content=\"2024-02-06T19:11:50+00:00\" \/>\n<meta property=\"article:modified_time\" content=\"2024-02-06T20:03:36+00:00\" \/>\n<meta property=\"og:image\" content=\"https:\/\/static.africa-press.net\/niger\/sites\/40\/2024\/02\/sm_1707236914.77227.jpg\" \/>\n\t<meta property=\"og:image:width\" content=\"800\" \/>\n\t<meta property=\"og:image:height\" content=\"534\" \/>\n\t<meta property=\"og:image:type\" content=\"image\/jpeg\" \/>\n<meta name=\"author\" content=\"cfeditorfr\" \/>\n<meta name=\"twitter:card\" content=\"summary_large_image\" \/>\n<meta name=\"twitter:label1\" content=\"\u00c9crit par\" \/>\n\t<meta name=\"twitter:data1\" content=\"cfeditorfr\" \/>\n\t<meta name=\"twitter:label2\" content=\"Dur\u00e9e de lecture estim\u00e9e\" \/>\n\t<meta name=\"twitter:data2\" content=\"2 minutes\" \/>\n<script type=\"application\/ld+json\" class=\"yoast-schema-graph\">{\"@context\":\"https:\/\/schema.org\",\"@graph\":[{\"@type\":\"Article\",\"@id\":\"https:\/\/www.africa-press.net\/niger\/culture-et-art\/cloture-du-festival-international-du-film-sur-les-droits-de-lhomme-renforcer-les-capacites-des-acteurs-dans-la-production-de-films-de-qualite#article\",\"isPartOf\":{\"@id\":\"https:\/\/www.africa-press.net\/niger\/culture-et-art\/cloture-du-festival-international-du-film-sur-les-droits-de-lhomme-renforcer-les-capacites-des-acteurs-dans-la-production-de-films-de-qualite\"},\"author\":{\"name\":\"cfeditorfr\",\"@id\":\"https:\/\/www.africa-press.net\/niger\/#\/schema\/person\/2b1cf3cd81a31e3cd26889ca66d677f1\"},\"headline\":\"Cl\u00f4ture du Festival International du Film sur les Droits de l\u2019Homme : Renforcer les capacit\u00e9s des acteurs dans la production de films de qualit\u00e9\",\"datePublished\":\"2024-02-06T19:11:50+00:00\",\"dateModified\":\"2024-02-06T20:03:36+00:00\",\"mainEntityOfPage\":{\"@id\":\"https:\/\/www.africa-press.net\/niger\/culture-et-art\/cloture-du-festival-international-du-film-sur-les-droits-de-lhomme-renforcer-les-capacites-des-acteurs-dans-la-production-de-films-de-qualite\"},\"wordCount\":482,\"commentCount\":0,\"image\":{\"@id\":\"https:\/\/www.africa-press.net\/niger\/culture-et-art\/cloture-du-festival-international-du-film-sur-les-droits-de-lhomme-renforcer-les-capacites-des-acteurs-dans-la-production-de-films-de-qualite#primaryimage\"},\"thumbnailUrl\":\"https:\/\/static.africa-press.net\/niger\/sites\/40\/2024\/02\/sm_1707236914.77227.jpg\",\"keywords\":[\"Africa Press\",\"Africa Press-Niger\",\"Niger\"],\"articleSection\":[\"Culture et Art\",\"Toutes les actualit\u00e9s\"],\"inLanguage\":\"fr-FR\",\"potentialAction\":[{\"@type\":\"CommentAction\",\"name\":\"Comment\",\"target\":[\"https:\/\/www.africa-press.net\/niger\/culture-et-art\/cloture-du-festival-international-du-film-sur-les-droits-de-lhomme-renforcer-les-capacites-des-acteurs-dans-la-production-de-films-de-qualite#respond\"]}]},{\"@type\":\"WebPage\",\"@id\":\"https:\/\/www.africa-press.net\/niger\/culture-et-art\/cloture-du-festival-international-du-film-sur-les-droits-de-lhomme-renforcer-les-capacites-des-acteurs-dans-la-production-de-films-de-qualite\",\"url\":\"https:\/\/www.africa-press.net\/niger\/culture-et-art\/cloture-du-festival-international-du-film-sur-les-droits-de-lhomme-renforcer-les-capacites-des-acteurs-dans-la-production-de-films-de-qualite\",\"name\":\"Cl\u00f4ture du Festival International du Film sur les Droits de l\u2019Homme : Renforcer les capacit\u00e9s des acteurs dans la production de films de qualit\u00e9 - niger\",\"isPartOf\":{\"@id\":\"https:\/\/www.africa-press.net\/niger\/#website\"},\"primaryImageOfPage\":{\"@id\":\"https:\/\/www.africa-press.net\/niger\/culture-et-art\/cloture-du-festival-international-du-film-sur-les-droits-de-lhomme-renforcer-les-capacites-des-acteurs-dans-la-production-de-films-de-qualite#primaryimage\"},\"image\":{\"@id\":\"https:\/\/www.africa-press.net\/niger\/culture-et-art\/cloture-du-festival-international-du-film-sur-les-droits-de-lhomme-renforcer-les-capacites-des-acteurs-dans-la-production-de-films-de-qualite#primaryimage\"},\"thumbnailUrl\":\"https:\/\/static.africa-press.net\/niger\/sites\/40\/2024\/02\/sm_1707236914.77227.jpg\",\"datePublished\":\"2024-02-06T19:11:50+00:00\",\"dateModified\":\"2024-02-06T20:03:36+00:00\",\"author\":{\"@id\":\"https:\/\/www.africa-press.net\/niger\/#\/schema\/person\/2b1cf3cd81a31e3cd26889ca66d677f1\"},\"description\":\"La 7e\u0300me e\u0301dition du Festival International du Film sur les Droits de l\u2019Homme (FIFIDHO) a connu son e\u0301pilogue le dima ...\",\"breadcrumb\":{\"@id\":\"https:\/\/www.africa-press.net\/niger\/culture-et-art\/cloture-du-festival-international-du-film-sur-les-droits-de-lhomme-renforcer-les-capacites-des-acteurs-dans-la-production-de-films-de-qualite#breadcrumb\"},\"inLanguage\":\"fr-FR\",\"potentialAction\":[{\"@type\":\"ReadAction\",\"target\":[\"https:\/\/www.africa-press.net\/niger\/culture-et-art\/cloture-du-festival-international-du-film-sur-les-droits-de-lhomme-renforcer-les-capacites-des-acteurs-dans-la-production-de-films-de-qualite\"]}]},{\"@type\":\"ImageObject\",\"inLanguage\":\"fr-FR\",\"@id\":\"https:\/\/www.africa-press.net\/niger\/culture-et-art\/cloture-du-festival-international-du-film-sur-les-droits-de-lhomme-renforcer-les-capacites-des-acteurs-dans-la-production-de-films-de-qualite#primaryimage\",\"url\":\"https:\/\/static.africa-press.net\/niger\/sites\/40\/2024\/02\/sm_1707236914.77227.jpg\",\"contentUrl\":\"https:\/\/static.africa-press.net\/niger\/sites\/40\/2024\/02\/sm_1707236914.77227.jpg\",\"width\":800,\"height\":534,\"caption\":\"Cl\u00f4ture du Festival International du Film sur les Droits de l\u2019Homme : Renforcer les capacit\u00e9s des acteurs dans la production de films de qualit\u00e9\"},{\"@type\":\"BreadcrumbList\",\"@id\":\"https:\/\/www.africa-press.net\/niger\/culture-et-art\/cloture-du-festival-international-du-film-sur-les-droits-de-lhomme-renforcer-les-capacites-des-acteurs-dans-la-production-de-films-de-qualite#breadcrumb\",\"itemListElement\":[{\"@type\":\"ListItem\",\"position\":1,\"name\":\"Accueil\",\"item\":\"https:\/\/www.africa-press.net\/niger\/\"},{\"@type\":\"ListItem\",\"position\":2,\"name\":\"Cl\u00f4ture du Festival International du Film sur les Droits de l\u2019Homme : Renforcer les capacit\u00e9s des acteurs dans la production de films de qualit\u00e9\"}]},{\"@type\":\"WebSite\",\"@id\":\"https:\/\/www.africa-press.net\/niger\/#website\",\"url\":\"https:\/\/www.africa-press.net\/niger\/\",\"name\":\"niger\",\"description\":\"Just another Africa News Agency Sites site\",\"potentialAction\":[{\"@type\":\"SearchAction\",\"target\":{\"@type\":\"EntryPoint\",\"urlTemplate\":\"https:\/\/www.africa-press.net\/niger\/?s={search_term_string}\"},\"query-input\":{\"@type\":\"PropertyValueSpecification\",\"valueRequired\":true,\"valueName\":\"search_term_string\"}}],\"inLanguage\":\"fr-FR\"},{\"@type\":\"Person\",\"@id\":\"https:\/\/www.africa-press.net\/niger\/#\/schema\/person\/2b1cf3cd81a31e3cd26889ca66d677f1\",\"name\":\"cfeditorfr\"}]}<\/script>\n<!-- \/ Yoast SEO Premium plugin. -->","yoast_head_json":{"title":"Cl\u00f4ture du Festival International du Film sur les Droits de l\u2019Homme : Renforcer les capacit\u00e9s des acteurs dans la production de films de qualit\u00e9 - niger","description":"La 7e\u0300me e\u0301dition du Festival International du Film sur les Droits de l\u2019Homme (FIFIDHO) a connu son e\u0301pilogue le dima ...","robots":{"index":"index","follow":"follow","max-snippet":"max-snippet:-1","max-image-preview":"max-image-preview:large","max-video-preview":"max-video-preview:-1"},"canonical":"https:\/\/www.africa-press.net\/niger\/culture-et-art\/cloture-du-festival-international-du-film-sur-les-droits-de-lhomme-renforcer-les-capacites-des-acteurs-dans-la-production-de-films-de-qualite","og_locale":"fr_FR","og_type":"article","og_title":"Cl\u00f4ture du Festival International du Film sur les Droits de l\u2019Homme : Renforcer les capacit\u00e9s des acteurs dans la production de films de qualit\u00e9","og_description":"La 7e\u0300me e\u0301dition du Festival International du Film sur les Droits de l\u2019Homme (FIFIDHO) a connu son e\u0301pilogue le dima ...","og_url":"https:\/\/www.africa-press.net\/niger\/culture-et-art\/cloture-du-festival-international-du-film-sur-les-droits-de-lhomme-renforcer-les-capacites-des-acteurs-dans-la-production-de-films-de-qualite","og_site_name":"niger","article_published_time":"2024-02-06T19:11:50+00:00","article_modified_time":"2024-02-06T20:03:36+00:00","og_image":[{"width":800,"height":534,"url":"https:\/\/static.africa-press.net\/niger\/sites\/40\/2024\/02\/sm_1707236914.77227.jpg","type":"image\/jpeg"}],"author":"cfeditorfr","twitter_card":"summary_large_image","twitter_misc":{"\u00c9crit par":"cfeditorfr","Dur\u00e9e de lecture estim\u00e9e":"2 minutes"},"schema":{"@context":"https:\/\/schema.org","@graph":[{"@type":"Article","@id":"https:\/\/www.africa-press.net\/niger\/culture-et-art\/cloture-du-festival-international-du-film-sur-les-droits-de-lhomme-renforcer-les-capacites-des-acteurs-dans-la-production-de-films-de-qualite#article","isPartOf":{"@id":"https:\/\/www.africa-press.net\/niger\/culture-et-art\/cloture-du-festival-international-du-film-sur-les-droits-de-lhomme-renforcer-les-capacites-des-acteurs-dans-la-production-de-films-de-qualite"},"author":{"name":"cfeditorfr","@id":"https:\/\/www.africa-press.net\/niger\/#\/schema\/person\/2b1cf3cd81a31e3cd26889ca66d677f1"},"headline":"Cl\u00f4ture du Festival International du Film sur les Droits de l\u2019Homme : Renforcer les capacit\u00e9s des acteurs dans la production de films de qualit\u00e9","datePublished":"2024-02-06T19:11:50+00:00","dateModified":"2024-02-06T20:03:36+00:00","mainEntityOfPage":{"@id":"https:\/\/www.africa-press.net\/niger\/culture-et-art\/cloture-du-festival-international-du-film-sur-les-droits-de-lhomme-renforcer-les-capacites-des-acteurs-dans-la-production-de-films-de-qualite"},"wordCount":482,"commentCount":0,"image":{"@id":"https:\/\/www.africa-press.net\/niger\/culture-et-art\/cloture-du-festival-international-du-film-sur-les-droits-de-lhomme-renforcer-les-capacites-des-acteurs-dans-la-production-de-films-de-qualite#primaryimage"},"thumbnailUrl":"https:\/\/static.africa-press.net\/niger\/sites\/40\/2024\/02\/sm_1707236914.77227.jpg","keywords":["Africa Press","Africa Press-Niger","Niger"],"articleSection":["Culture et Art","Toutes les actualit\u00e9s"],"inLanguage":"fr-FR","potentialAction":[{"@type":"CommentAction","name":"Comment","target":["https:\/\/www.africa-press.net\/niger\/culture-et-art\/cloture-du-festival-international-du-film-sur-les-droits-de-lhomme-renforcer-les-capacites-des-acteurs-dans-la-production-de-films-de-qualite#respond"]}]},{"@type":"WebPage","@id":"https:\/\/www.africa-press.net\/niger\/culture-et-art\/cloture-du-festival-international-du-film-sur-les-droits-de-lhomme-renforcer-les-capacites-des-acteurs-dans-la-production-de-films-de-qualite","url":"https:\/\/www.africa-press.net\/niger\/culture-et-art\/cloture-du-festival-international-du-film-sur-les-droits-de-lhomme-renforcer-les-capacites-des-acteurs-dans-la-production-de-films-de-qualite","name":"Cl\u00f4ture du Festival International du Film sur les Droits de l\u2019Homme : Renforcer les capacit\u00e9s des acteurs dans la production de films de qualit\u00e9 - niger","isPartOf":{"@id":"https:\/\/www.africa-press.net\/niger\/#website"},"primaryImageOfPage":{"@id":"https:\/\/www.africa-press.net\/niger\/culture-et-art\/cloture-du-festival-international-du-film-sur-les-droits-de-lhomme-renforcer-les-capacites-des-acteurs-dans-la-production-de-films-de-qualite#primaryimage"},"image":{"@id":"https:\/\/www.africa-press.net\/niger\/culture-et-art\/cloture-du-festival-international-du-film-sur-les-droits-de-lhomme-renforcer-les-capacites-des-acteurs-dans-la-production-de-films-de-qualite#primaryimage"},"thumbnailUrl":"https:\/\/static.africa-press.net\/niger\/sites\/40\/2024\/02\/sm_1707236914.77227.jpg","datePublished":"2024-02-06T19:11:50+00:00","dateModified":"2024-02-06T20:03:36+00:00","author":{"@id":"https:\/\/www.africa-press.net\/niger\/#\/schema\/person\/2b1cf3cd81a31e3cd26889ca66d677f1"},"description":"La 7e\u0300me e\u0301dition du Festival International du Film sur les Droits de l\u2019Homme (FIFIDHO) a connu son e\u0301pilogue le dima ...","breadcrumb":{"@id":"https:\/\/www.africa-press.net\/niger\/culture-et-art\/cloture-du-festival-international-du-film-sur-les-droits-de-lhomme-renforcer-les-capacites-des-acteurs-dans-la-production-de-films-de-qualite#breadcrumb"},"inLanguage":"fr-FR","potentialAction":[{"@type":"ReadAction","target":["https:\/\/www.africa-press.net\/niger\/culture-et-art\/cloture-du-festival-international-du-film-sur-les-droits-de-lhomme-renforcer-les-capacites-des-acteurs-dans-la-production-de-films-de-qualite"]}]},{"@type":"ImageObject","inLanguage":"fr-FR","@id":"https:\/\/www.africa-press.net\/niger\/culture-et-art\/cloture-du-festival-international-du-film-sur-les-droits-de-lhomme-renforcer-les-capacites-des-acteurs-dans-la-production-de-films-de-qualite#primaryimage","url":"https:\/\/static.africa-press.net\/niger\/sites\/40\/2024\/02\/sm_1707236914.77227.jpg","contentUrl":"https:\/\/static.africa-press.net\/niger\/sites\/40\/2024\/02\/sm_1707236914.77227.jpg","width":800,"height":534,"caption":"Cl\u00f4ture du Festival International du Film sur les Droits de l\u2019Homme : Renforcer les capacit\u00e9s des acteurs dans la production de films de qualit\u00e9"},{"@type":"BreadcrumbList","@id":"https:\/\/www.africa-press.net\/niger\/culture-et-art\/cloture-du-festival-international-du-film-sur-les-droits-de-lhomme-renforcer-les-capacites-des-acteurs-dans-la-production-de-films-de-qualite#breadcrumb","itemListElement":[{"@type":"ListItem","position":1,"name":"Accueil","item":"https:\/\/www.africa-press.net\/niger\/"},{"@type":"ListItem","position":2,"name":"Cl\u00f4ture du Festival International du Film sur les Droits de l\u2019Homme : Renforcer les capacit\u00e9s des acteurs dans la production de films de qualit\u00e9"}]},{"@type":"WebSite","@id":"https:\/\/www.africa-press.net\/niger\/#website","url":"https:\/\/www.africa-press.net\/niger\/","name":"niger","description":"Just another Africa News Agency Sites site","potentialAction":[{"@type":"SearchAction","target":{"@type":"EntryPoint","urlTemplate":"https:\/\/www.africa-press.net\/niger\/?s={search_term_string}"},"query-input":{"@type":"PropertyValueSpecification","valueRequired":true,"valueName":"search_term_string"}}],"inLanguage":"fr-FR"},{"@type":"Person","@id":"https:\/\/www.africa-press.net\/niger\/#\/schema\/person\/2b1cf3cd81a31e3cd26889ca66d677f1","name":"cfeditorfr"}]}},"_links":{"self":[{"href":"https:\/\/www.africa-press.net\/niger\/wp-json\/wp\/v2\/posts\/58318","targetHints":{"allow":["GET"]}}],"collection":[{"href":"https:\/\/www.africa-press.net\/niger\/wp-json\/wp\/v2\/posts"}],"about":[{"href":"https:\/\/www.africa-press.net\/niger\/wp-json\/wp\/v2\/types\/post"}],"author":[{"embeddable":true,"href":"https:\/\/www.africa-press.net\/niger\/wp-json\/wp\/v2\/users\/82"}],"replies":[{"embeddable":true,"href":"https:\/\/www.africa-press.net\/niger\/wp-json\/wp\/v2\/comments?post=58318"}],"version-history":[{"count":0,"href":"https:\/\/www.africa-press.net\/niger\/wp-json\/wp\/v2\/posts\/58318\/revisions"}],"wp:featuredmedia":[{"embeddable":true,"href":"https:\/\/www.africa-press.net\/niger\/wp-json\/wp\/v2\/media\/58317"}],"wp:attachment":[{"href":"https:\/\/www.africa-press.net\/niger\/wp-json\/wp\/v2\/media?parent=58318"}],"wp:term":[{"taxonomy":"category","embeddable":true,"href":"https:\/\/www.africa-press.net\/niger\/wp-json\/wp\/v2\/categories?post=58318"},{"taxonomy":"post_tag","embeddable":true,"href":"https:\/\/www.africa-press.net\/niger\/wp-json\/wp\/v2\/tags?post=58318"}],"curies":[{"name":"wp","href":"https:\/\/api.w.org\/{rel}","templated":true}]}}