{"id":58333,"date":"2024-02-07T06:35:41","date_gmt":"2024-02-07T06:35:41","guid":{"rendered":"https:\/\/www.africa-press.net\/niger\/?p=58333"},"modified":"2024-02-07T05:37:28","modified_gmt":"2024-02-07T05:37:28","slug":"poursuite-des-visites-du-ministre-de-la-communication-des-postes-et-de-leconomie-numerique-encourager-les-agents-des-medias-pour-le-travail-abattu-dans-un-contexte-difficile","status":"publish","type":"post","link":"https:\/\/www.africa-press.net\/niger\/toutes-les-actualites\/poursuite-des-visites-du-ministre-de-la-communication-des-postes-et-de-leconomie-numerique-encourager-les-agents-des-medias-pour-le-travail-abattu-dans-un-contexte-difficile","title":{"rendered":"Poursuite des visites du ministre de la Communication, des Postes et de l\u2019Economie Num\u00e9rique : Encourager les agents des m\u00e9dias pour le travail abattu dans un contexte difficile"},"content":{"rendered":"<p><span style=\"color: #ff6600\"><strong>Africa-Press &#8211; Niger. <\/strong><\/span><b>Poursuivant sa se\u0301rie de visites de prise de contact au niveau des structures relevant de son de\u0301partement ministe\u0301riel, le ministre de la Communication, des Postes et de l\u2019Economie Nume\u0301rique, M. Sidi Mohamed Raliou, accompagne\u0301 du gouverneur de la re\u0301gion de Niamey, le Ge\u0301ne\u0301ral de Brigade Assoumane Abdou Harouna, s\u2019est rendu le vendredi 2 fe\u0301vrier 2024, dans deux (2) organes de presse prive\u0301s. C\u2019est ainsi qu\u2019il a successivement visite\u0301 le groupe de presse Dounia TV et celui de la Radio et Te\u0301le\u0301vision Te\u0301ne\u0301re\u0301 (RTT).<\/b><\/p>\n<p>A travers cette visite, il s\u2019agit pour le ministre de la Communication, des Postes et de l\u2019Economie nume\u0301rique de s\u2019enque\u0301rir du fonctionnement et des conditions de travail des agents des me\u0301dias prive\u0301s. Le groupe Dounia TV, premie\u0300re e\u0301tape de la visite du ministre Sidi Mohamed Raliou est cre\u0301e\u0301 en 2007 et compte 65 agents. A ce stade, la de\u0301le\u0301gation ministe\u0301rielle a visite\u0301 la salle de la re\u0301daction, la salle de montage et de la re\u0301gie, la cabine technique et la direction ge\u0301ne\u0301rale.<\/p>\n<p>La de\u0301le\u0301gation ministe\u0301rielle s\u2019est ensuite rendue au niveau de la Radio et Te\u0301le\u0301vision Te\u0301ne\u0301re\u0301 (RTT) ou\u0300 elle a visite\u0301 la salle de re\u0301gie, le grand plateau de la te\u0301le\u0301vision, la cabine technique et le studio de la radio. La RTT a e\u0301te\u0301 cre\u0301e\u0301 en 1998 et compte 45 agents.<\/p>\n<p>Au niveau de ces deux structures, le ministre a e\u0301change\u0301 avec les responsables desdits organes. Partout ou\u0300 la de\u0301le\u0301gation est passe\u0301e, les responsables ont e\u0301voque\u0301 leurs pre\u0301occupations, notamment les arrie\u0301re\u0301s de salaire, la mise en \u0153uvre de la convention collective des me\u0301dias, le proble\u0300me de ressources et celui des annonceurs.<\/p>\n<p>Le ministre a salue\u0301 et encourage\u0301 le travail abattu par ces organes de presse, malgre\u0301 le contexte que traverse notre pays, avant de les exhorter a\u0300 redoubler d\u2019efforts dans le sens du patriotisme.<\/p>\n<p>Peu avant la visite, l\u2019Union des Journaliste et Communicateurs pour la Promotion des Postes et de l\u2019Economie Nume\u0301rique (UNJC\/PPEN) a officiellement pre\u0301sente\u0301 au ministre le bureau exe\u0301cutif national issu du congre\u0300s constitutif tenu le mercredi 17 janvier 2024 a\u0300 la maison de la presse. Le ministre en charge de la Communication a pour sa part remercie\u0301 et fe\u0301licite\u0301 les membres du bureau. \u00ab Nous sommes heureux d\u2019accueillir les hommes de me\u0301dia qui sont tre\u0300s importants dans la formation, la sensibilisation et dans l\u2019e\u0301ducation. Bien qu\u2019il soit un peu ancien, le nume\u0301rique reste encore peu connu de nos compatriotes. Nous comptons beaucoup sur vous pour sensibiliser, former, e\u0301duquer comme la formation l\u2019indique. Au co\u0302te\u0301 du gouvernement, il contribuera au de\u0301veloppement et la souverainete\u0301 de notre pays. Nous envisageons d\u2019organiser du 7 au 9 mars la toute premie\u0300re semaine nume\u0301rique au Niger qui consiste a\u0300 faire partager toutes les expe\u0301riences de tous les acteurs de l\u2019e\u0301cosyste\u0300me de nume\u0301rique, a\u0300 pre\u0301senter des solutions innovantes, des solutions pour un de\u0301veloppement durable de notre pays \u00bb, a-t-il indique\u0301.<\/p>\n<p><b>Farida Ibrahim Assoumane (ONEP)<\/b><\/p>\n<p><strong>Pour plus d&rsquo;informations et d&rsquo;analyses sur la <a href=\"https:\/\/www.africa-press.net\/niger\">Niger<\/a>, suivez <a href=\"https:\/\/www.africa-press.net\/\">Africa-Press<\/a><\/strong><\/p>\n","protected":false},"excerpt":{"rendered":"<p>Africa-Press &#8211; Niger. Poursuivant sa se\u0301rie de visites de prise de contact au niveau des structures relevant de son de\u0301partement ministe\u0301riel, le ministre de la Communication, des Postes et de l\u2019Economie Nume\u0301rique, M. Sidi Mohamed Raliou, accompagne\u0301 du gouverneur de la re\u0301gion de Niamey, le Ge\u0301ne\u0301ral de Brigade Assoumane Abdou Harouna, s\u2019est rendu le vendredi [&hellip;]<\/p>\n","protected":false},"author":82,"featured_media":58332,"comment_status":"open","ping_status":"closed","sticky":false,"template":"","format":"standard","meta":{"footnotes":""},"categories":[21,10],"tags":[55,60,29],"class_list":["post-58333","post","type-post","status-publish","format-standard","has-post-thumbnail","hentry","category-communaute","category-toutes-les-actualites","tag-africa-press","tag-africa-press-niger","tag-niger"],"yoast_head":"<!-- This site is optimized with the Yoast SEO Premium plugin v26.1 (Yoast SEO v27.0) - https:\/\/yoast.com\/product\/yoast-seo-premium-wordpress\/ -->\n<title>Poursuite des visites du ministre de la Communication, des Postes et de l\u2019Economie Num\u00e9rique : Encourager les agents des m\u00e9dias pour le travail abattu dans un contexte difficile - niger<\/title>\n<meta name=\"description\" content=\"Poursuivant sa se\u0301rie de visites de prise de contact au niveau des structures relevant de son de\u0301partement ministe\u0301ri ...\" \/>\n<meta name=\"robots\" content=\"index, follow, max-snippet:-1, max-image-preview:large, max-video-preview:-1\" \/>\n<link rel=\"canonical\" href=\"https:\/\/www.africa-press.net\/niger\/toutes-les-actualites\/poursuite-des-visites-du-ministre-de-la-communication-des-postes-et-de-leconomie-numerique-encourager-les-agents-des-medias-pour-le-travail-abattu-dans-un-contexte-difficile\" \/>\n<meta property=\"og:locale\" content=\"fr_FR\" \/>\n<meta property=\"og:type\" content=\"article\" \/>\n<meta property=\"og:title\" content=\"Poursuite des visites du ministre de la Communication, des Postes et de l\u2019Economie Num\u00e9rique : Encourager les agents des m\u00e9dias pour le travail abattu dans un contexte difficile\" \/>\n<meta property=\"og:description\" content=\"Poursuivant sa se\u0301rie de visites de prise de contact au niveau des structures relevant de son de\u0301partement ministe\u0301ri ...\" \/>\n<meta property=\"og:url\" content=\"https:\/\/www.africa-press.net\/niger\/toutes-les-actualites\/poursuite-des-visites-du-ministre-de-la-communication-des-postes-et-de-leconomie-numerique-encourager-les-agents-des-medias-pour-le-travail-abattu-dans-un-contexte-difficile\" \/>\n<meta property=\"og:site_name\" content=\"niger\" \/>\n<meta property=\"article:published_time\" content=\"2024-02-07T06:35:41+00:00\" \/>\n<meta property=\"og:image\" content=\"https:\/\/static.africa-press.net\/niger\/sites\/40\/2024\/02\/sm_1707271549.727693.jpg\" \/>\n\t<meta property=\"og:image:width\" content=\"800\" \/>\n\t<meta property=\"og:image:height\" content=\"533\" \/>\n\t<meta property=\"og:image:type\" content=\"image\/jpeg\" \/>\n<meta name=\"author\" content=\"cfeditorfr\" \/>\n<meta name=\"twitter:card\" content=\"summary_large_image\" \/>\n<meta name=\"twitter:label1\" content=\"\u00c9crit par\" \/>\n\t<meta name=\"twitter:data1\" content=\"cfeditorfr\" \/>\n\t<meta name=\"twitter:label2\" content=\"Dur\u00e9e de lecture estim\u00e9e\" \/>\n\t<meta name=\"twitter:data2\" content=\"3 minutes\" \/>\n<script type=\"application\/ld+json\" class=\"yoast-schema-graph\">{\"@context\":\"https:\/\/schema.org\",\"@graph\":[{\"@type\":\"Article\",\"@id\":\"https:\/\/www.africa-press.net\/niger\/toutes-les-actualites\/poursuite-des-visites-du-ministre-de-la-communication-des-postes-et-de-leconomie-numerique-encourager-les-agents-des-medias-pour-le-travail-abattu-dans-un-contexte-difficile#article\",\"isPartOf\":{\"@id\":\"https:\/\/www.africa-press.net\/niger\/toutes-les-actualites\/poursuite-des-visites-du-ministre-de-la-communication-des-postes-et-de-leconomie-numerique-encourager-les-agents-des-medias-pour-le-travail-abattu-dans-un-contexte-difficile\"},\"author\":{\"name\":\"cfeditorfr\",\"@id\":\"https:\/\/www.africa-press.net\/niger\/#\/schema\/person\/2b1cf3cd81a31e3cd26889ca66d677f1\"},\"headline\":\"Poursuite des visites du ministre de la Communication, des Postes et de l\u2019Economie Num\u00e9rique : Encourager les agents des m\u00e9dias pour le travail abattu dans un contexte difficile\",\"datePublished\":\"2024-02-07T06:35:41+00:00\",\"mainEntityOfPage\":{\"@id\":\"https:\/\/www.africa-press.net\/niger\/toutes-les-actualites\/poursuite-des-visites-du-ministre-de-la-communication-des-postes-et-de-leconomie-numerique-encourager-les-agents-des-medias-pour-le-travail-abattu-dans-un-contexte-difficile\"},\"wordCount\":593,\"commentCount\":0,\"image\":{\"@id\":\"https:\/\/www.africa-press.net\/niger\/toutes-les-actualites\/poursuite-des-visites-du-ministre-de-la-communication-des-postes-et-de-leconomie-numerique-encourager-les-agents-des-medias-pour-le-travail-abattu-dans-un-contexte-difficile#primaryimage\"},\"thumbnailUrl\":\"https:\/\/static.africa-press.net\/niger\/sites\/40\/2024\/02\/sm_1707271549.727693.jpg\",\"keywords\":[\"Africa Press\",\"Africa Press-Niger\",\"Niger\"],\"articleSection\":[\"Communaut\u00e9\",\"Toutes les actualit\u00e9s\"],\"inLanguage\":\"fr-FR\",\"potentialAction\":[{\"@type\":\"CommentAction\",\"name\":\"Comment\",\"target\":[\"https:\/\/www.africa-press.net\/niger\/toutes-les-actualites\/poursuite-des-visites-du-ministre-de-la-communication-des-postes-et-de-leconomie-numerique-encourager-les-agents-des-medias-pour-le-travail-abattu-dans-un-contexte-difficile#respond\"]}]},{\"@type\":\"WebPage\",\"@id\":\"https:\/\/www.africa-press.net\/niger\/toutes-les-actualites\/poursuite-des-visites-du-ministre-de-la-communication-des-postes-et-de-leconomie-numerique-encourager-les-agents-des-medias-pour-le-travail-abattu-dans-un-contexte-difficile\",\"url\":\"https:\/\/www.africa-press.net\/niger\/toutes-les-actualites\/poursuite-des-visites-du-ministre-de-la-communication-des-postes-et-de-leconomie-numerique-encourager-les-agents-des-medias-pour-le-travail-abattu-dans-un-contexte-difficile\",\"name\":\"Poursuite des visites du ministre de la Communication, des Postes et de l\u2019Economie Num\u00e9rique : Encourager les agents des m\u00e9dias pour le travail abattu dans un contexte difficile - niger\",\"isPartOf\":{\"@id\":\"https:\/\/www.africa-press.net\/niger\/#website\"},\"primaryImageOfPage\":{\"@id\":\"https:\/\/www.africa-press.net\/niger\/toutes-les-actualites\/poursuite-des-visites-du-ministre-de-la-communication-des-postes-et-de-leconomie-numerique-encourager-les-agents-des-medias-pour-le-travail-abattu-dans-un-contexte-difficile#primaryimage\"},\"image\":{\"@id\":\"https:\/\/www.africa-press.net\/niger\/toutes-les-actualites\/poursuite-des-visites-du-ministre-de-la-communication-des-postes-et-de-leconomie-numerique-encourager-les-agents-des-medias-pour-le-travail-abattu-dans-un-contexte-difficile#primaryimage\"},\"thumbnailUrl\":\"https:\/\/static.africa-press.net\/niger\/sites\/40\/2024\/02\/sm_1707271549.727693.jpg\",\"datePublished\":\"2024-02-07T06:35:41+00:00\",\"author\":{\"@id\":\"https:\/\/www.africa-press.net\/niger\/#\/schema\/person\/2b1cf3cd81a31e3cd26889ca66d677f1\"},\"description\":\"Poursuivant sa se\u0301rie de visites de prise de contact au niveau des structures relevant de son de\u0301partement ministe\u0301ri ...\",\"breadcrumb\":{\"@id\":\"https:\/\/www.africa-press.net\/niger\/toutes-les-actualites\/poursuite-des-visites-du-ministre-de-la-communication-des-postes-et-de-leconomie-numerique-encourager-les-agents-des-medias-pour-le-travail-abattu-dans-un-contexte-difficile#breadcrumb\"},\"inLanguage\":\"fr-FR\",\"potentialAction\":[{\"@type\":\"ReadAction\",\"target\":[\"https:\/\/www.africa-press.net\/niger\/toutes-les-actualites\/poursuite-des-visites-du-ministre-de-la-communication-des-postes-et-de-leconomie-numerique-encourager-les-agents-des-medias-pour-le-travail-abattu-dans-un-contexte-difficile\"]}]},{\"@type\":\"ImageObject\",\"inLanguage\":\"fr-FR\",\"@id\":\"https:\/\/www.africa-press.net\/niger\/toutes-les-actualites\/poursuite-des-visites-du-ministre-de-la-communication-des-postes-et-de-leconomie-numerique-encourager-les-agents-des-medias-pour-le-travail-abattu-dans-un-contexte-difficile#primaryimage\",\"url\":\"https:\/\/static.africa-press.net\/niger\/sites\/40\/2024\/02\/sm_1707271549.727693.jpg\",\"contentUrl\":\"https:\/\/static.africa-press.net\/niger\/sites\/40\/2024\/02\/sm_1707271549.727693.jpg\",\"width\":800,\"height\":533,\"caption\":\"Poursuite des visites du ministre de la Communication, des Postes et de l\u2019Economie Num\u00e9rique : Encourager les agents des m\u00e9dias pour le travail abattu dans un contexte difficile\"},{\"@type\":\"BreadcrumbList\",\"@id\":\"https:\/\/www.africa-press.net\/niger\/toutes-les-actualites\/poursuite-des-visites-du-ministre-de-la-communication-des-postes-et-de-leconomie-numerique-encourager-les-agents-des-medias-pour-le-travail-abattu-dans-un-contexte-difficile#breadcrumb\",\"itemListElement\":[{\"@type\":\"ListItem\",\"position\":1,\"name\":\"Accueil\",\"item\":\"https:\/\/www.africa-press.net\/niger\/\"},{\"@type\":\"ListItem\",\"position\":2,\"name\":\"Poursuite des visites du ministre de la Communication, des Postes et de l\u2019Economie Num\u00e9rique : Encourager les agents des m\u00e9dias pour le travail abattu dans un contexte difficile\"}]},{\"@type\":\"WebSite\",\"@id\":\"https:\/\/www.africa-press.net\/niger\/#website\",\"url\":\"https:\/\/www.africa-press.net\/niger\/\",\"name\":\"niger\",\"description\":\"Just another Africa News Agency Sites site\",\"potentialAction\":[{\"@type\":\"SearchAction\",\"target\":{\"@type\":\"EntryPoint\",\"urlTemplate\":\"https:\/\/www.africa-press.net\/niger\/?s={search_term_string}\"},\"query-input\":{\"@type\":\"PropertyValueSpecification\",\"valueRequired\":true,\"valueName\":\"search_term_string\"}}],\"inLanguage\":\"fr-FR\"},{\"@type\":\"Person\",\"@id\":\"https:\/\/www.africa-press.net\/niger\/#\/schema\/person\/2b1cf3cd81a31e3cd26889ca66d677f1\",\"name\":\"cfeditorfr\"}]}<\/script>\n<!-- \/ Yoast SEO Premium plugin. -->","yoast_head_json":{"title":"Poursuite des visites du ministre de la Communication, des Postes et de l\u2019Economie Num\u00e9rique : Encourager les agents des m\u00e9dias pour le travail abattu dans un contexte difficile - niger","description":"Poursuivant sa se\u0301rie de visites de prise de contact au niveau des structures relevant de son de\u0301partement ministe\u0301ri ...","robots":{"index":"index","follow":"follow","max-snippet":"max-snippet:-1","max-image-preview":"max-image-preview:large","max-video-preview":"max-video-preview:-1"},"canonical":"https:\/\/www.africa-press.net\/niger\/toutes-les-actualites\/poursuite-des-visites-du-ministre-de-la-communication-des-postes-et-de-leconomie-numerique-encourager-les-agents-des-medias-pour-le-travail-abattu-dans-un-contexte-difficile","og_locale":"fr_FR","og_type":"article","og_title":"Poursuite des visites du ministre de la Communication, des Postes et de l\u2019Economie Num\u00e9rique : Encourager les agents des m\u00e9dias pour le travail abattu dans un contexte difficile","og_description":"Poursuivant sa se\u0301rie de visites de prise de contact au niveau des structures relevant de son de\u0301partement ministe\u0301ri ...","og_url":"https:\/\/www.africa-press.net\/niger\/toutes-les-actualites\/poursuite-des-visites-du-ministre-de-la-communication-des-postes-et-de-leconomie-numerique-encourager-les-agents-des-medias-pour-le-travail-abattu-dans-un-contexte-difficile","og_site_name":"niger","article_published_time":"2024-02-07T06:35:41+00:00","og_image":[{"width":800,"height":533,"url":"https:\/\/static.africa-press.net\/niger\/sites\/40\/2024\/02\/sm_1707271549.727693.jpg","type":"image\/jpeg"}],"author":"cfeditorfr","twitter_card":"summary_large_image","twitter_misc":{"\u00c9crit par":"cfeditorfr","Dur\u00e9e de lecture estim\u00e9e":"3 minutes"},"schema":{"@context":"https:\/\/schema.org","@graph":[{"@type":"Article","@id":"https:\/\/www.africa-press.net\/niger\/toutes-les-actualites\/poursuite-des-visites-du-ministre-de-la-communication-des-postes-et-de-leconomie-numerique-encourager-les-agents-des-medias-pour-le-travail-abattu-dans-un-contexte-difficile#article","isPartOf":{"@id":"https:\/\/www.africa-press.net\/niger\/toutes-les-actualites\/poursuite-des-visites-du-ministre-de-la-communication-des-postes-et-de-leconomie-numerique-encourager-les-agents-des-medias-pour-le-travail-abattu-dans-un-contexte-difficile"},"author":{"name":"cfeditorfr","@id":"https:\/\/www.africa-press.net\/niger\/#\/schema\/person\/2b1cf3cd81a31e3cd26889ca66d677f1"},"headline":"Poursuite des visites du ministre de la Communication, des Postes et de l\u2019Economie Num\u00e9rique : Encourager les agents des m\u00e9dias pour le travail abattu dans un contexte difficile","datePublished":"2024-02-07T06:35:41+00:00","mainEntityOfPage":{"@id":"https:\/\/www.africa-press.net\/niger\/toutes-les-actualites\/poursuite-des-visites-du-ministre-de-la-communication-des-postes-et-de-leconomie-numerique-encourager-les-agents-des-medias-pour-le-travail-abattu-dans-un-contexte-difficile"},"wordCount":593,"commentCount":0,"image":{"@id":"https:\/\/www.africa-press.net\/niger\/toutes-les-actualites\/poursuite-des-visites-du-ministre-de-la-communication-des-postes-et-de-leconomie-numerique-encourager-les-agents-des-medias-pour-le-travail-abattu-dans-un-contexte-difficile#primaryimage"},"thumbnailUrl":"https:\/\/static.africa-press.net\/niger\/sites\/40\/2024\/02\/sm_1707271549.727693.jpg","keywords":["Africa Press","Africa Press-Niger","Niger"],"articleSection":["Communaut\u00e9","Toutes les actualit\u00e9s"],"inLanguage":"fr-FR","potentialAction":[{"@type":"CommentAction","name":"Comment","target":["https:\/\/www.africa-press.net\/niger\/toutes-les-actualites\/poursuite-des-visites-du-ministre-de-la-communication-des-postes-et-de-leconomie-numerique-encourager-les-agents-des-medias-pour-le-travail-abattu-dans-un-contexte-difficile#respond"]}]},{"@type":"WebPage","@id":"https:\/\/www.africa-press.net\/niger\/toutes-les-actualites\/poursuite-des-visites-du-ministre-de-la-communication-des-postes-et-de-leconomie-numerique-encourager-les-agents-des-medias-pour-le-travail-abattu-dans-un-contexte-difficile","url":"https:\/\/www.africa-press.net\/niger\/toutes-les-actualites\/poursuite-des-visites-du-ministre-de-la-communication-des-postes-et-de-leconomie-numerique-encourager-les-agents-des-medias-pour-le-travail-abattu-dans-un-contexte-difficile","name":"Poursuite des visites du ministre de la Communication, des Postes et de l\u2019Economie Num\u00e9rique : Encourager les agents des m\u00e9dias pour le travail abattu dans un contexte difficile - niger","isPartOf":{"@id":"https:\/\/www.africa-press.net\/niger\/#website"},"primaryImageOfPage":{"@id":"https:\/\/www.africa-press.net\/niger\/toutes-les-actualites\/poursuite-des-visites-du-ministre-de-la-communication-des-postes-et-de-leconomie-numerique-encourager-les-agents-des-medias-pour-le-travail-abattu-dans-un-contexte-difficile#primaryimage"},"image":{"@id":"https:\/\/www.africa-press.net\/niger\/toutes-les-actualites\/poursuite-des-visites-du-ministre-de-la-communication-des-postes-et-de-leconomie-numerique-encourager-les-agents-des-medias-pour-le-travail-abattu-dans-un-contexte-difficile#primaryimage"},"thumbnailUrl":"https:\/\/static.africa-press.net\/niger\/sites\/40\/2024\/02\/sm_1707271549.727693.jpg","datePublished":"2024-02-07T06:35:41+00:00","author":{"@id":"https:\/\/www.africa-press.net\/niger\/#\/schema\/person\/2b1cf3cd81a31e3cd26889ca66d677f1"},"description":"Poursuivant sa se\u0301rie de visites de prise de contact au niveau des structures relevant de son de\u0301partement ministe\u0301ri ...","breadcrumb":{"@id":"https:\/\/www.africa-press.net\/niger\/toutes-les-actualites\/poursuite-des-visites-du-ministre-de-la-communication-des-postes-et-de-leconomie-numerique-encourager-les-agents-des-medias-pour-le-travail-abattu-dans-un-contexte-difficile#breadcrumb"},"inLanguage":"fr-FR","potentialAction":[{"@type":"ReadAction","target":["https:\/\/www.africa-press.net\/niger\/toutes-les-actualites\/poursuite-des-visites-du-ministre-de-la-communication-des-postes-et-de-leconomie-numerique-encourager-les-agents-des-medias-pour-le-travail-abattu-dans-un-contexte-difficile"]}]},{"@type":"ImageObject","inLanguage":"fr-FR","@id":"https:\/\/www.africa-press.net\/niger\/toutes-les-actualites\/poursuite-des-visites-du-ministre-de-la-communication-des-postes-et-de-leconomie-numerique-encourager-les-agents-des-medias-pour-le-travail-abattu-dans-un-contexte-difficile#primaryimage","url":"https:\/\/static.africa-press.net\/niger\/sites\/40\/2024\/02\/sm_1707271549.727693.jpg","contentUrl":"https:\/\/static.africa-press.net\/niger\/sites\/40\/2024\/02\/sm_1707271549.727693.jpg","width":800,"height":533,"caption":"Poursuite des visites du ministre de la Communication, des Postes et de l\u2019Economie Num\u00e9rique : Encourager les agents des m\u00e9dias pour le travail abattu dans un contexte difficile"},{"@type":"BreadcrumbList","@id":"https:\/\/www.africa-press.net\/niger\/toutes-les-actualites\/poursuite-des-visites-du-ministre-de-la-communication-des-postes-et-de-leconomie-numerique-encourager-les-agents-des-medias-pour-le-travail-abattu-dans-un-contexte-difficile#breadcrumb","itemListElement":[{"@type":"ListItem","position":1,"name":"Accueil","item":"https:\/\/www.africa-press.net\/niger\/"},{"@type":"ListItem","position":2,"name":"Poursuite des visites du ministre de la Communication, des Postes et de l\u2019Economie Num\u00e9rique : Encourager les agents des m\u00e9dias pour le travail abattu dans un contexte difficile"}]},{"@type":"WebSite","@id":"https:\/\/www.africa-press.net\/niger\/#website","url":"https:\/\/www.africa-press.net\/niger\/","name":"niger","description":"Just another Africa News Agency Sites site","potentialAction":[{"@type":"SearchAction","target":{"@type":"EntryPoint","urlTemplate":"https:\/\/www.africa-press.net\/niger\/?s={search_term_string}"},"query-input":{"@type":"PropertyValueSpecification","valueRequired":true,"valueName":"search_term_string"}}],"inLanguage":"fr-FR"},{"@type":"Person","@id":"https:\/\/www.africa-press.net\/niger\/#\/schema\/person\/2b1cf3cd81a31e3cd26889ca66d677f1","name":"cfeditorfr"}]}},"_links":{"self":[{"href":"https:\/\/www.africa-press.net\/niger\/wp-json\/wp\/v2\/posts\/58333","targetHints":{"allow":["GET"]}}],"collection":[{"href":"https:\/\/www.africa-press.net\/niger\/wp-json\/wp\/v2\/posts"}],"about":[{"href":"https:\/\/www.africa-press.net\/niger\/wp-json\/wp\/v2\/types\/post"}],"author":[{"embeddable":true,"href":"https:\/\/www.africa-press.net\/niger\/wp-json\/wp\/v2\/users\/82"}],"replies":[{"embeddable":true,"href":"https:\/\/www.africa-press.net\/niger\/wp-json\/wp\/v2\/comments?post=58333"}],"version-history":[{"count":0,"href":"https:\/\/www.africa-press.net\/niger\/wp-json\/wp\/v2\/posts\/58333\/revisions"}],"wp:featuredmedia":[{"embeddable":true,"href":"https:\/\/www.africa-press.net\/niger\/wp-json\/wp\/v2\/media\/58332"}],"wp:attachment":[{"href":"https:\/\/www.africa-press.net\/niger\/wp-json\/wp\/v2\/media?parent=58333"}],"wp:term":[{"taxonomy":"category","embeddable":true,"href":"https:\/\/www.africa-press.net\/niger\/wp-json\/wp\/v2\/categories?post=58333"},{"taxonomy":"post_tag","embeddable":true,"href":"https:\/\/www.africa-press.net\/niger\/wp-json\/wp\/v2\/tags?post=58333"}],"curies":[{"name":"wp","href":"https:\/\/api.w.org\/{rel}","templated":true}]}}