{"id":58343,"date":"2024-02-07T14:44:49","date_gmt":"2024-02-07T14:44:49","guid":{"rendered":"https:\/\/www.africa-press.net\/niger\/politique\/ceremonie-de-consecration-de-la-20eme-promotion-deleves-officiers-dactives-et-de-presentation-deleves-officiers-pilotes-et-collateraux-219-stagiaires-issus-de-huit-pays-pr"},"modified":"2024-02-07T15:20:40","modified_gmt":"2024-02-07T15:20:40","slug":"ceremonie-de-consecration-de-la-20eme-promotion-deleves-officiers-dactives-et-de-presentation-deleves-officiers-pilotes-et-collateraux-219-stagiaires-issus-de-huit-pays-pr","status":"publish","type":"post","link":"https:\/\/www.africa-press.net\/niger\/politique\/ceremonie-de-consecration-de-la-20eme-promotion-deleves-officiers-dactives-et-de-presentation-deleves-officiers-pilotes-et-collateraux-219-stagiaires-issus-de-huit-pays-pr","title":{"rendered":"C\u00e9r\u00e9monie de cons\u00e9cration de la 20\u00e8me promotion d\u2019\u00e9l\u00e8ves officiers d\u2019actives et de pr\u00e9sentation d\u2019\u00e9l\u00e8ves-officiers pilotes et collat\u00e9raux : 219 stagiaires issus de huit pays pr\u00e9sent\u00e9s \u00e0 l\u2019EFOFAN"},"content":{"rendered":"<p><span style=\"color: #ff6600\"><strong>Africa-Press &#8211; Niger. <\/strong><\/span><b>Le ministre d\u2019Etat, ministre de la De\u0301fense Nationale, le Ge\u0301ne\u0301ral de Corps d\u2019Arme\u0301es Salifou Mody a pre\u0301side\u0301, hier matin a\u0300 l\u2019Ecole de Formation des Officiers des forces Arme\u0301es Nige\u0301riennes (EFOFAN), la ce\u0301re\u0301monie de conse\u0301cration et la pre\u0301sentation au drapeau de la 20e\u0300me promotion d\u2019e\u0301le\u0300ves officiers d\u2019active (EOA), et la pre\u0301sentation de la 2e\u0300me promotion d\u2019e\u0301le\u0300ves officiers collate\u0301raux ainsi que la 2e\u0300me promotion d\u2019e\u0301le\u0300ves officiers pilotes, cycle 2023-2025. Ils sont 133 Wangaris e\u0301le\u0300ves officiers d\u2019active parmi lesquels 13 fe\u0301minins dont une du Be\u0301nin, une du Burkina-Faso et une du Mali, 56 Wangaris e\u0301le\u0300ves officiers pilotes et 30 Wangaris e\u0301le\u0300ves officiers collate\u0301raux dont deux fe\u0301minins, soit un effectif global de 219 stagiaires, jeunes filles et garc\u0327ons, provenant de huit pays a\u0300 savoir le Be\u0301nin, le Burkina Faso, la Guine\u0301e, le Mali, le Se\u0301ne\u0301gal, le Tchad, le Togo et le Niger. De\u0301nomme\u0301e \u00ab Sauvegarde de la Patrie \u00bb, cette promotion a eu comme parrain, le Ge\u0301ne\u0301ral de Division a\u0300 la retraite Moumouni Boureima.<\/b><\/p>\n<p>Cette ce\u0301re\u0301monie purement militaire a de\u0301bute\u0301 par la mise en place du drapeau, l\u2019exe\u0301cution de l\u2019hymne national, le port des insignes, les salutations des e\u0301le\u0300ves au ministre de la De\u0301fense Nationale et l\u2019exe\u0301cution de l\u2019hymne de la promotion. Au bout de trois mois d\u2019initiation, gra\u0302ce a\u0300 l\u2019engagement des encadreurs et des instructeurs, ces e\u0301le\u0300ves ont pu surmonter ensemble, quelques obstacles de la vie du soldat, et acquis des re\u0301flexes militaires et des aptitudes fondamentales ne\u0301cessaires a\u0300 l\u2019exercice du me\u0301tier exigeant des armes.<\/p>\n<p>Cette ce\u0301re\u0301monie de conse\u0301cration au statut d\u2019e\u0301le\u0300ves officiers intervient au terme d\u2019une phase de formation initiale du combattant qui aura dure\u0301 trois mois. Une pe\u0301riode qui, non seulement vise a\u0300 donner a\u0300 ces jeunes les compe\u0301tences de base ne\u0301cessaires a\u0300 la vie du combattant, mais aussi a\u0300 leur faciliter une ve\u0301ritable transition de la vie civile vers une vie militaire remplie de contraintes et de privations diverses, d\u2019inconfort et e\u0301galement de ferments qui forgent l\u2019officier avec ses traditions, ses valeurs propres aux principes cardinaux et a\u0300 la grandeur du me\u0301tier des armes.<\/p>\n<p>En s\u2019adressant a\u0300 ces futurs officiers, le ministre d\u2019Etat, ministre de la De\u0301fense Nationale, le Ge\u0301ne\u0301ral de Corps d\u2019Arme\u0301es Salifou Mody leur a demande\u0301 de s\u2019inspirer des qualite\u0301s de leurs aine\u0301s. \u00ab Chers cadets ! A l\u2019instar de vos anciens des promotions pre\u0301ce\u0301dentes en activite\u0301, je vous demanderais e\u0301galement de vous inspirer constamment de l\u2019exemple de vos aine\u0301s, qui par leur bravoure, leur opinia\u0302trete\u0301, leur sens e\u0301leve\u0301 de sacrifice et de dignite\u0301 ont su triompher des e\u0301preuves sur les diffe\u0301rents the\u0301a\u0302tres d\u2019ope\u0301ration, ayant jalonne\u0301 leurs brillantes et enviables carrie\u0300res \u00bb, a-t-il dit. Pour cela, \u00ab vous devez plus que jamais en tant que futurs officiers de vos arme\u0301es respectives faire montre des qualite\u0301s mentale, psychologique, physique et intellectuelle fortes. Ces qualite\u0301s sont indispensables aux institutions de de\u0301fense et de se\u0301curite\u0301 pour faire face aux nombreux types de conflits qui assaillent nos pays individuellement pris et qui n\u2019e\u0301pargnent aucune des re\u0301gions africaines dont vous e\u0302tes issus \u00bb, a releve\u0301 le ministre d\u2019Etat, ministre de la De\u0301fense nationale.<\/p>\n<p>Le Ge\u0301ne\u0301ral de Corps d\u2019Arme\u0301es, Salifou Mody a souligne\u0301 que ces e\u0301le\u0300ves doivent savoir que l\u2019EFOFAN constitue un socle opportun de raffermissement des liens de solidarite\u0301, de fraternite\u0301 et de de\u0301veloppement d\u2019esprit de corps et de cohe\u0301sion qui sous-tendent une inte\u0301gration re\u0301gionale consolide\u0301e, indispensable face aux de\u0301fis se\u0301curitaires majeurs ambiants, notamment le terrorisme et le crime organise\u0301. \u00ab En effet, la nature cosmopolite de vos promotions respectives tant en genre qu\u2019en nombre, te\u0301moigne d\u2019une inte\u0301gration africaine re\u0301ussie \u00bb, a-t-il estime\u0301.<\/p>\n<p>Dans son mot de bienvenue, le Commandant de l\u2019EFOFAN, le Lieutenant-colonel Mahamadou Moussa Guedel a fe\u0301licite\u0301 et renouvele\u0301 sa confiance aux cadres, officiers, sous-officiers et instructeurs qui ont \u0153uvre\u0301 jour et nuit pour la transformation de ces jeunes gens provenant d\u2019horizons divers en soldats appartenant dore\u0301navant a\u0300 une me\u0302me promotion, a\u0300 une me\u0302me famille. \u00ab Ele\u0300ves officiers d\u2019active de la 20e\u0300me promotion, dans les me\u0301ditations nocturnes impose\u0301es a\u0300 vous par vos anciens, durant les trois premiers mois passe\u0301s a\u0300 l\u2019e\u0301cole, vous avez sans doute mesure\u0301 la dimension de votre engagement a\u0300 aspirer a\u0300 la carrie\u0300re d\u2019officier \u00bb, a-t-il de\u0301clare\u0301.<\/p>\n<p>Au cours de cette journe\u0301e de conse\u0301cration, les e\u0301le\u0300ves officiers ont e\u0301te\u0301 aussi e\u0301difie\u0301s du crite\u0300re qui conditionne le choix du nom de la promotion et celui de son parrain. Le choix du nom de la promotion est ge\u0301ne\u0301ralement porte\u0301 sur les personnalite\u0301s nige\u0301riennes, des officiers des Forces Arme\u0301es Nige\u0301riennes tombe\u0301es au champ d\u2019honneur, des figures historiques du Niger et ou des e\u0301ve\u0300nements marquant la vie de la nation. Quant au parrain, il est choisi parmi les personnalite\u0301s locales ou e\u0301trange\u0300res qui se sont particulie\u0300rement distingue\u0301es dans la vie de la nation ou la sous-re\u0301gion. Elles peuvent e\u0302tre civiles ou militaires.<\/p>\n<p>Peu apre\u0300s l\u2019annonce du nom de la promotion par le Ministre d\u2019Etat, ministre de la de\u0301fense nationale, ledit parrain s\u2019est pre\u0301sente\u0301 devant les e\u0301le\u0300ves officiers. Le Ge\u0301ne\u0301ral de Division a\u0300 la retraite, Moumouni Boureima est ne\u0301 le 1er avril 1952 a\u0300 Gaya. Il est devenu Ge\u0301ne\u0301ral de division en 2006. Il a entre autres e\u0301te\u0301 Commandant de la zone de de\u0301fense N\u00b0 I en 1995, Chef d\u2019Etat-major ge\u0301ne\u0301ral en 1999, Chef d\u2019e\u0301tat-major des arme\u0301es en 2003. Il fut e\u0301galement pre\u0301fet pre\u0301sident de la Communaute\u0301 urbaine de Niamey en 1997, ministre de l\u2019Inte\u0301rieur en 1999. Il a rec\u0327u plusieurs de\u0301corations dont celle de commandeur des Palmes acade\u0301miques.<\/p>\n<p><b>Mamane Abdoulaye (ONEP)<\/b><\/p>\n\r\n                <style type=\"text\/css\">\r\n                    \r\n                    #td_uid_1_69f2b2d32d03e  .td-doubleSlider-2 .td-item1 {\r\n                        background: url(https:\/\/static.africa-press.net\/niger\/sites\/40\/2024\/02\/sm_1707306536.314656-80x60.jpg) 0 0 no-repeat;\r\n                    }\r\n                    #td_uid_1_69f2b2d32d03e  .td-doubleSlider-2 .td-item2 {\r\n                        background: url(https:\/\/static.africa-press.net\/niger\/sites\/40\/2024\/02\/sm_1707306551.40753-80x60.jpg) 0 0 no-repeat;\r\n                    }\r\n                <\/style>\r\n\r\n                <div id=\"td_uid_1_69f2b2d32d03e\" class=\"td-gallery td-slide-on-2-columns\">\r\n                    <div class=\"post_td_gallery\">\r\n                        <div class=\"td-gallery-slide-top\">\r\n                           <div class=\"td-gallery-title\"><\/div>\r\n\r\n                            <div class=\"td-gallery-controls-wrapper\">\r\n                                <div class=\"td-gallery-slide-count\"><span class=\"td-gallery-slide-item-focus\">1<\/span> de 2<\/div>\r\n                                <div class=\"td-gallery-slide-prev-next-but\">\r\n                                    <i class = \"td-icon-left doubleSliderPrevButton\"><\/i>\r\n                                    <i class = \"td-icon-right doubleSliderNextButton\"><\/i>\r\n                                <\/div>\r\n                            <\/div>\r\n                        <\/div>\r\n\r\n                        <div class = \"td-doubleSlider-1 \">\r\n                            <div class = \"td-slider\">\r\n                                \r\n                    <div class = \"td-slide-item td-item1\">\r\n                        <figure class=\"td-slide-galery-figure td-slide-popup-gallery\">\r\n                            <a class=\"slide-gallery-image-link\" href=\"https:\/\/static.africa-press.net\/niger\/sites\/40\/2024\/02\/sm_1707306536.314656.jpg\" title=\"sm_1707306536.314656\"  data-caption=\"\"  data-description=\"\">\r\n                                <img decoding=\"async\" src=\"https:\/\/static.africa-press.net\/niger\/sites\/40\/2024\/02\/sm_1707306536.314656.jpg\" srcset=\"https:\/\/static.africa-press.net\/niger\/sites\/40\/2024\/02\/sm_1707306536.314656.jpg 800w, https:\/\/static.africa-press.net\/niger\/sites\/40\/2024\/02\/sm_1707306536.314656-300x200.jpg 300w, https:\/\/static.africa-press.net\/niger\/sites\/40\/2024\/02\/sm_1707306536.314656-768x512.jpg 768w\" sizes=\"(max-width: 800px) 100vw, 800px\" alt=\"\">\r\n                            <\/a>\r\n                            \r\n                        <\/figure>\r\n                    <\/div>\r\n                    <div class = \"td-slide-item td-item2\">\r\n                        <figure class=\"td-slide-galery-figure td-slide-popup-gallery\">\r\n                            <a class=\"slide-gallery-image-link\" href=\"https:\/\/static.africa-press.net\/niger\/sites\/40\/2024\/02\/sm_1707306551.40753.jpg\" title=\"sm_1707306551.40753\"  data-caption=\"\"  data-description=\"\">\r\n                                <img decoding=\"async\" src=\"https:\/\/static.africa-press.net\/niger\/sites\/40\/2024\/02\/sm_1707306551.40753.jpg\" srcset=\"https:\/\/static.africa-press.net\/niger\/sites\/40\/2024\/02\/sm_1707306551.40753.jpg 1024w, https:\/\/static.africa-press.net\/niger\/sites\/40\/2024\/02\/sm_1707306551.40753-300x200.jpg 300w, https:\/\/static.africa-press.net\/niger\/sites\/40\/2024\/02\/sm_1707306551.40753-768x512.jpg 768w\" sizes=\"(max-width: 1024px) 100vw, 1024px\" alt=\"\">\r\n                            <\/a>\r\n                            \r\n                        <\/figure>\r\n                    <\/div>\r\n                            <\/div>\r\n                        <\/div>\r\n\r\n                        <div class = \"td-doubleSlider-2\">\r\n                            <div class = \"td-slider\">\r\n                                \r\n                    <div class = \"td-button td-item1\">\r\n                        <div class = \"td-border\"><\/div>\r\n                    <\/div>\r\n                    <div class = \"td-button td-item2\">\r\n                        <div class = \"td-border\"><\/div>\r\n                    <\/div>\r\n                            <\/div>\r\n                        <\/div>\r\n\r\n                    <\/div>\r\n\r\n                <\/div>\r\n                \n<p><strong>Pour plus d&rsquo;informations et d&rsquo;analyses sur la <a href=\"https:\/\/www.africa-press.net\/niger\">Niger<\/a>, suivez <a href=\"https:\/\/www.africa-press.net\/\">Africa-Press<\/a><\/strong><\/p>\n","protected":false},"excerpt":{"rendered":"<p>Africa-Press &#8211; Niger. Le ministre d\u2019Etat, ministre de la De\u0301fense Nationale, le Ge\u0301ne\u0301ral de Corps d\u2019Arme\u0301es Salifou Mody a pre\u0301side\u0301, hier matin a\u0300 l\u2019Ecole de Formation des Officiers des forces Arme\u0301es Nige\u0301riennes (EFOFAN), la ce\u0301re\u0301monie de conse\u0301cration et la pre\u0301sentation au drapeau de la 20e\u0300me promotion d\u2019e\u0301le\u0300ves officiers d\u2019active (EOA), et la pre\u0301sentation de la [&hellip;]<\/p>\n","protected":false},"author":82,"featured_media":58341,"comment_status":"open","ping_status":"closed","sticky":false,"template":"","format":"standard","meta":{"footnotes":""},"categories":[8,2,10],"tags":[55,60,29],"class_list":["post-58343","post","type-post","status-publish","format-standard","has-post-thumbnail","hentry","category-photo","category-politique","category-toutes-les-actualites","tag-africa-press","tag-africa-press-niger","tag-niger"],"yoast_head":"<!-- This site is optimized with the Yoast SEO Premium plugin v26.1 (Yoast SEO v27.0) - https:\/\/yoast.com\/product\/yoast-seo-premium-wordpress\/ -->\n<title>C\u00e9r\u00e9monie de cons\u00e9cration de la 20\u00e8me promotion d\u2019\u00e9l\u00e8ves officiers d\u2019actives et de pr\u00e9sentation d\u2019\u00e9l\u00e8ves-officiers pilotes et collat\u00e9raux : 219 stagiaires issus de huit pays pr\u00e9sent\u00e9s \u00e0 l\u2019EFOFAN - niger<\/title>\n<meta name=\"description\" content=\"Le ministre d\u2019Etat, ministre de la De\u0301fense Nationale, le Ge\u0301ne\u0301ral de Corps d\u2019Arme\u0301es Salifou Mody a pre\u0301side\u0301, hier ...\" \/>\n<meta name=\"robots\" content=\"index, follow, max-snippet:-1, max-image-preview:large, max-video-preview:-1\" \/>\n<link rel=\"canonical\" href=\"https:\/\/www.africa-press.net\/niger\/politique\/ceremonie-de-consecration-de-la-20eme-promotion-deleves-officiers-dactives-et-de-presentation-deleves-officiers-pilotes-et-collateraux-219-stagiaires-issus-de-huit-pays-pr\" \/>\n<meta property=\"og:locale\" content=\"fr_FR\" \/>\n<meta property=\"og:type\" content=\"article\" \/>\n<meta property=\"og:title\" content=\"C\u00e9r\u00e9monie de cons\u00e9cration de la 20\u00e8me promotion d\u2019\u00e9l\u00e8ves officiers d\u2019actives et de pr\u00e9sentation d\u2019\u00e9l\u00e8ves-officiers pilotes et collat\u00e9raux : 219 stagiaires issus de huit pays pr\u00e9sent\u00e9s \u00e0 l\u2019EFOFAN\" \/>\n<meta property=\"og:description\" content=\"Le ministre d\u2019Etat, ministre de la De\u0301fense Nationale, le Ge\u0301ne\u0301ral de Corps d\u2019Arme\u0301es Salifou Mody a pre\u0301side\u0301, hier ...\" \/>\n<meta property=\"og:url\" content=\"https:\/\/www.africa-press.net\/niger\/politique\/ceremonie-de-consecration-de-la-20eme-promotion-deleves-officiers-dactives-et-de-presentation-deleves-officiers-pilotes-et-collateraux-219-stagiaires-issus-de-huit-pays-pr\" \/>\n<meta property=\"og:site_name\" content=\"niger\" \/>\n<meta property=\"article:published_time\" content=\"2024-02-07T14:44:49+00:00\" \/>\n<meta property=\"article:modified_time\" content=\"2024-02-07T15:20:40+00:00\" \/>\n<meta property=\"og:image\" content=\"https:\/\/static.africa-press.net\/niger\/sites\/40\/2024\/02\/sm_1707306567.337504.jpg\" \/>\n\t<meta property=\"og:image:width\" content=\"1024\" \/>\n\t<meta property=\"og:image:height\" content=\"683\" \/>\n\t<meta property=\"og:image:type\" content=\"image\/jpeg\" \/>\n<meta name=\"author\" content=\"cfeditorfr\" \/>\n<meta name=\"twitter:card\" content=\"summary_large_image\" \/>\n<meta name=\"twitter:label1\" content=\"\u00c9crit par\" \/>\n\t<meta name=\"twitter:data1\" content=\"cfeditorfr\" \/>\n\t<meta name=\"twitter:label2\" content=\"Dur\u00e9e de lecture estim\u00e9e\" \/>\n\t<meta name=\"twitter:data2\" content=\"5 minutes\" \/>\n<script type=\"application\/ld+json\" class=\"yoast-schema-graph\">{\"@context\":\"https:\/\/schema.org\",\"@graph\":[{\"@type\":\"Article\",\"@id\":\"https:\/\/www.africa-press.net\/niger\/politique\/ceremonie-de-consecration-de-la-20eme-promotion-deleves-officiers-dactives-et-de-presentation-deleves-officiers-pilotes-et-collateraux-219-stagiaires-issus-de-huit-pays-pr#article\",\"isPartOf\":{\"@id\":\"https:\/\/www.africa-press.net\/niger\/politique\/ceremonie-de-consecration-de-la-20eme-promotion-deleves-officiers-dactives-et-de-presentation-deleves-officiers-pilotes-et-collateraux-219-stagiaires-issus-de-huit-pays-pr\"},\"author\":{\"name\":\"cfeditorfr\",\"@id\":\"https:\/\/www.africa-press.net\/niger\/#\/schema\/person\/2b1cf3cd81a31e3cd26889ca66d677f1\"},\"headline\":\"C\u00e9r\u00e9monie de cons\u00e9cration de la 20\u00e8me promotion d\u2019\u00e9l\u00e8ves officiers d\u2019actives et de pr\u00e9sentation d\u2019\u00e9l\u00e8ves-officiers pilotes et collat\u00e9raux : 219 stagiaires issus de huit pays pr\u00e9sent\u00e9s \u00e0 l\u2019EFOFAN\",\"datePublished\":\"2024-02-07T14:44:49+00:00\",\"dateModified\":\"2024-02-07T15:20:40+00:00\",\"mainEntityOfPage\":{\"@id\":\"https:\/\/www.africa-press.net\/niger\/politique\/ceremonie-de-consecration-de-la-20eme-promotion-deleves-officiers-dactives-et-de-presentation-deleves-officiers-pilotes-et-collateraux-219-stagiaires-issus-de-huit-pays-pr\"},\"wordCount\":1139,\"commentCount\":0,\"image\":{\"@id\":\"https:\/\/www.africa-press.net\/niger\/politique\/ceremonie-de-consecration-de-la-20eme-promotion-deleves-officiers-dactives-et-de-presentation-deleves-officiers-pilotes-et-collateraux-219-stagiaires-issus-de-huit-pays-pr#primaryimage\"},\"thumbnailUrl\":\"https:\/\/static.africa-press.net\/niger\/sites\/40\/2024\/02\/sm_1707306567.337504.jpg\",\"keywords\":[\"Africa Press\",\"Africa Press-Niger\",\"Niger\"],\"articleSection\":[\"Photo\",\"Politique\",\"Toutes les actualit\u00e9s\"],\"inLanguage\":\"fr-FR\",\"potentialAction\":[{\"@type\":\"CommentAction\",\"name\":\"Comment\",\"target\":[\"https:\/\/www.africa-press.net\/niger\/politique\/ceremonie-de-consecration-de-la-20eme-promotion-deleves-officiers-dactives-et-de-presentation-deleves-officiers-pilotes-et-collateraux-219-stagiaires-issus-de-huit-pays-pr#respond\"]}]},{\"@type\":\"WebPage\",\"@id\":\"https:\/\/www.africa-press.net\/niger\/politique\/ceremonie-de-consecration-de-la-20eme-promotion-deleves-officiers-dactives-et-de-presentation-deleves-officiers-pilotes-et-collateraux-219-stagiaires-issus-de-huit-pays-pr\",\"url\":\"https:\/\/www.africa-press.net\/niger\/politique\/ceremonie-de-consecration-de-la-20eme-promotion-deleves-officiers-dactives-et-de-presentation-deleves-officiers-pilotes-et-collateraux-219-stagiaires-issus-de-huit-pays-pr\",\"name\":\"C\u00e9r\u00e9monie de cons\u00e9cration de la 20\u00e8me promotion d\u2019\u00e9l\u00e8ves officiers d\u2019actives et de pr\u00e9sentation d\u2019\u00e9l\u00e8ves-officiers pilotes et collat\u00e9raux : 219 stagiaires issus de huit pays pr\u00e9sent\u00e9s \u00e0 l\u2019EFOFAN - niger\",\"isPartOf\":{\"@id\":\"https:\/\/www.africa-press.net\/niger\/#website\"},\"primaryImageOfPage\":{\"@id\":\"https:\/\/www.africa-press.net\/niger\/politique\/ceremonie-de-consecration-de-la-20eme-promotion-deleves-officiers-dactives-et-de-presentation-deleves-officiers-pilotes-et-collateraux-219-stagiaires-issus-de-huit-pays-pr#primaryimage\"},\"image\":{\"@id\":\"https:\/\/www.africa-press.net\/niger\/politique\/ceremonie-de-consecration-de-la-20eme-promotion-deleves-officiers-dactives-et-de-presentation-deleves-officiers-pilotes-et-collateraux-219-stagiaires-issus-de-huit-pays-pr#primaryimage\"},\"thumbnailUrl\":\"https:\/\/static.africa-press.net\/niger\/sites\/40\/2024\/02\/sm_1707306567.337504.jpg\",\"datePublished\":\"2024-02-07T14:44:49+00:00\",\"dateModified\":\"2024-02-07T15:20:40+00:00\",\"author\":{\"@id\":\"https:\/\/www.africa-press.net\/niger\/#\/schema\/person\/2b1cf3cd81a31e3cd26889ca66d677f1\"},\"description\":\"Le ministre d\u2019Etat, ministre de la De\u0301fense Nationale, le Ge\u0301ne\u0301ral de Corps d\u2019Arme\u0301es Salifou Mody a pre\u0301side\u0301, hier ...\",\"breadcrumb\":{\"@id\":\"https:\/\/www.africa-press.net\/niger\/politique\/ceremonie-de-consecration-de-la-20eme-promotion-deleves-officiers-dactives-et-de-presentation-deleves-officiers-pilotes-et-collateraux-219-stagiaires-issus-de-huit-pays-pr#breadcrumb\"},\"inLanguage\":\"fr-FR\",\"potentialAction\":[{\"@type\":\"ReadAction\",\"target\":[\"https:\/\/www.africa-press.net\/niger\/politique\/ceremonie-de-consecration-de-la-20eme-promotion-deleves-officiers-dactives-et-de-presentation-deleves-officiers-pilotes-et-collateraux-219-stagiaires-issus-de-huit-pays-pr\"]}]},{\"@type\":\"ImageObject\",\"inLanguage\":\"fr-FR\",\"@id\":\"https:\/\/www.africa-press.net\/niger\/politique\/ceremonie-de-consecration-de-la-20eme-promotion-deleves-officiers-dactives-et-de-presentation-deleves-officiers-pilotes-et-collateraux-219-stagiaires-issus-de-huit-pays-pr#primaryimage\",\"url\":\"https:\/\/static.africa-press.net\/niger\/sites\/40\/2024\/02\/sm_1707306567.337504.jpg\",\"contentUrl\":\"https:\/\/static.africa-press.net\/niger\/sites\/40\/2024\/02\/sm_1707306567.337504.jpg\",\"width\":1024,\"height\":683,\"caption\":\"C\u00e9r\u00e9monie de cons\u00e9cration de la 20\u00e8me promotion d\u2019\u00e9l\u00e8ves officiers d\u2019actives et de pr\u00e9sentation d\u2019\u00e9l\u00e8ves-officiers pilotes et collat\u00e9raux : 219 stagiaires issus de huit pays pr\u00e9sent\u00e9s \u00e0 l\u2019EFOFAN\"},{\"@type\":\"BreadcrumbList\",\"@id\":\"https:\/\/www.africa-press.net\/niger\/politique\/ceremonie-de-consecration-de-la-20eme-promotion-deleves-officiers-dactives-et-de-presentation-deleves-officiers-pilotes-et-collateraux-219-stagiaires-issus-de-huit-pays-pr#breadcrumb\",\"itemListElement\":[{\"@type\":\"ListItem\",\"position\":1,\"name\":\"Accueil\",\"item\":\"https:\/\/www.africa-press.net\/niger\/\"},{\"@type\":\"ListItem\",\"position\":2,\"name\":\"C\u00e9r\u00e9monie de cons\u00e9cration de la 20\u00e8me promotion d\u2019\u00e9l\u00e8ves officiers d\u2019actives et de pr\u00e9sentation d\u2019\u00e9l\u00e8ves-officiers pilotes et collat\u00e9raux : 219 stagiaires issus de huit pays pr\u00e9sent\u00e9s \u00e0 l\u2019EFOFAN\"}]},{\"@type\":\"WebSite\",\"@id\":\"https:\/\/www.africa-press.net\/niger\/#website\",\"url\":\"https:\/\/www.africa-press.net\/niger\/\",\"name\":\"niger\",\"description\":\"Just another Africa News Agency Sites site\",\"potentialAction\":[{\"@type\":\"SearchAction\",\"target\":{\"@type\":\"EntryPoint\",\"urlTemplate\":\"https:\/\/www.africa-press.net\/niger\/?s={search_term_string}\"},\"query-input\":{\"@type\":\"PropertyValueSpecification\",\"valueRequired\":true,\"valueName\":\"search_term_string\"}}],\"inLanguage\":\"fr-FR\"},{\"@type\":\"Person\",\"@id\":\"https:\/\/www.africa-press.net\/niger\/#\/schema\/person\/2b1cf3cd81a31e3cd26889ca66d677f1\",\"name\":\"cfeditorfr\"}]}<\/script>\n<!-- \/ Yoast SEO Premium plugin. -->","yoast_head_json":{"title":"C\u00e9r\u00e9monie de cons\u00e9cration de la 20\u00e8me promotion d\u2019\u00e9l\u00e8ves officiers d\u2019actives et de pr\u00e9sentation d\u2019\u00e9l\u00e8ves-officiers pilotes et collat\u00e9raux : 219 stagiaires issus de huit pays pr\u00e9sent\u00e9s \u00e0 l\u2019EFOFAN - niger","description":"Le ministre d\u2019Etat, ministre de la De\u0301fense Nationale, le Ge\u0301ne\u0301ral de Corps d\u2019Arme\u0301es Salifou Mody a pre\u0301side\u0301, hier ...","robots":{"index":"index","follow":"follow","max-snippet":"max-snippet:-1","max-image-preview":"max-image-preview:large","max-video-preview":"max-video-preview:-1"},"canonical":"https:\/\/www.africa-press.net\/niger\/politique\/ceremonie-de-consecration-de-la-20eme-promotion-deleves-officiers-dactives-et-de-presentation-deleves-officiers-pilotes-et-collateraux-219-stagiaires-issus-de-huit-pays-pr","og_locale":"fr_FR","og_type":"article","og_title":"C\u00e9r\u00e9monie de cons\u00e9cration de la 20\u00e8me promotion d\u2019\u00e9l\u00e8ves officiers d\u2019actives et de pr\u00e9sentation d\u2019\u00e9l\u00e8ves-officiers pilotes et collat\u00e9raux : 219 stagiaires issus de huit pays pr\u00e9sent\u00e9s \u00e0 l\u2019EFOFAN","og_description":"Le ministre d\u2019Etat, ministre de la De\u0301fense Nationale, le Ge\u0301ne\u0301ral de Corps d\u2019Arme\u0301es Salifou Mody a pre\u0301side\u0301, hier ...","og_url":"https:\/\/www.africa-press.net\/niger\/politique\/ceremonie-de-consecration-de-la-20eme-promotion-deleves-officiers-dactives-et-de-presentation-deleves-officiers-pilotes-et-collateraux-219-stagiaires-issus-de-huit-pays-pr","og_site_name":"niger","article_published_time":"2024-02-07T14:44:49+00:00","article_modified_time":"2024-02-07T15:20:40+00:00","og_image":[{"width":1024,"height":683,"url":"https:\/\/static.africa-press.net\/niger\/sites\/40\/2024\/02\/sm_1707306567.337504.jpg","type":"image\/jpeg"}],"author":"cfeditorfr","twitter_card":"summary_large_image","twitter_misc":{"\u00c9crit par":"cfeditorfr","Dur\u00e9e de lecture estim\u00e9e":"5 minutes"},"schema":{"@context":"https:\/\/schema.org","@graph":[{"@type":"Article","@id":"https:\/\/www.africa-press.net\/niger\/politique\/ceremonie-de-consecration-de-la-20eme-promotion-deleves-officiers-dactives-et-de-presentation-deleves-officiers-pilotes-et-collateraux-219-stagiaires-issus-de-huit-pays-pr#article","isPartOf":{"@id":"https:\/\/www.africa-press.net\/niger\/politique\/ceremonie-de-consecration-de-la-20eme-promotion-deleves-officiers-dactives-et-de-presentation-deleves-officiers-pilotes-et-collateraux-219-stagiaires-issus-de-huit-pays-pr"},"author":{"name":"cfeditorfr","@id":"https:\/\/www.africa-press.net\/niger\/#\/schema\/person\/2b1cf3cd81a31e3cd26889ca66d677f1"},"headline":"C\u00e9r\u00e9monie de cons\u00e9cration de la 20\u00e8me promotion d\u2019\u00e9l\u00e8ves officiers d\u2019actives et de pr\u00e9sentation d\u2019\u00e9l\u00e8ves-officiers pilotes et collat\u00e9raux : 219 stagiaires issus de huit pays pr\u00e9sent\u00e9s \u00e0 l\u2019EFOFAN","datePublished":"2024-02-07T14:44:49+00:00","dateModified":"2024-02-07T15:20:40+00:00","mainEntityOfPage":{"@id":"https:\/\/www.africa-press.net\/niger\/politique\/ceremonie-de-consecration-de-la-20eme-promotion-deleves-officiers-dactives-et-de-presentation-deleves-officiers-pilotes-et-collateraux-219-stagiaires-issus-de-huit-pays-pr"},"wordCount":1139,"commentCount":0,"image":{"@id":"https:\/\/www.africa-press.net\/niger\/politique\/ceremonie-de-consecration-de-la-20eme-promotion-deleves-officiers-dactives-et-de-presentation-deleves-officiers-pilotes-et-collateraux-219-stagiaires-issus-de-huit-pays-pr#primaryimage"},"thumbnailUrl":"https:\/\/static.africa-press.net\/niger\/sites\/40\/2024\/02\/sm_1707306567.337504.jpg","keywords":["Africa Press","Africa Press-Niger","Niger"],"articleSection":["Photo","Politique","Toutes les actualit\u00e9s"],"inLanguage":"fr-FR","potentialAction":[{"@type":"CommentAction","name":"Comment","target":["https:\/\/www.africa-press.net\/niger\/politique\/ceremonie-de-consecration-de-la-20eme-promotion-deleves-officiers-dactives-et-de-presentation-deleves-officiers-pilotes-et-collateraux-219-stagiaires-issus-de-huit-pays-pr#respond"]}]},{"@type":"WebPage","@id":"https:\/\/www.africa-press.net\/niger\/politique\/ceremonie-de-consecration-de-la-20eme-promotion-deleves-officiers-dactives-et-de-presentation-deleves-officiers-pilotes-et-collateraux-219-stagiaires-issus-de-huit-pays-pr","url":"https:\/\/www.africa-press.net\/niger\/politique\/ceremonie-de-consecration-de-la-20eme-promotion-deleves-officiers-dactives-et-de-presentation-deleves-officiers-pilotes-et-collateraux-219-stagiaires-issus-de-huit-pays-pr","name":"C\u00e9r\u00e9monie de cons\u00e9cration de la 20\u00e8me promotion d\u2019\u00e9l\u00e8ves officiers d\u2019actives et de pr\u00e9sentation d\u2019\u00e9l\u00e8ves-officiers pilotes et collat\u00e9raux : 219 stagiaires issus de huit pays pr\u00e9sent\u00e9s \u00e0 l\u2019EFOFAN - niger","isPartOf":{"@id":"https:\/\/www.africa-press.net\/niger\/#website"},"primaryImageOfPage":{"@id":"https:\/\/www.africa-press.net\/niger\/politique\/ceremonie-de-consecration-de-la-20eme-promotion-deleves-officiers-dactives-et-de-presentation-deleves-officiers-pilotes-et-collateraux-219-stagiaires-issus-de-huit-pays-pr#primaryimage"},"image":{"@id":"https:\/\/www.africa-press.net\/niger\/politique\/ceremonie-de-consecration-de-la-20eme-promotion-deleves-officiers-dactives-et-de-presentation-deleves-officiers-pilotes-et-collateraux-219-stagiaires-issus-de-huit-pays-pr#primaryimage"},"thumbnailUrl":"https:\/\/static.africa-press.net\/niger\/sites\/40\/2024\/02\/sm_1707306567.337504.jpg","datePublished":"2024-02-07T14:44:49+00:00","dateModified":"2024-02-07T15:20:40+00:00","author":{"@id":"https:\/\/www.africa-press.net\/niger\/#\/schema\/person\/2b1cf3cd81a31e3cd26889ca66d677f1"},"description":"Le ministre d\u2019Etat, ministre de la De\u0301fense Nationale, le Ge\u0301ne\u0301ral de Corps d\u2019Arme\u0301es Salifou Mody a pre\u0301side\u0301, hier ...","breadcrumb":{"@id":"https:\/\/www.africa-press.net\/niger\/politique\/ceremonie-de-consecration-de-la-20eme-promotion-deleves-officiers-dactives-et-de-presentation-deleves-officiers-pilotes-et-collateraux-219-stagiaires-issus-de-huit-pays-pr#breadcrumb"},"inLanguage":"fr-FR","potentialAction":[{"@type":"ReadAction","target":["https:\/\/www.africa-press.net\/niger\/politique\/ceremonie-de-consecration-de-la-20eme-promotion-deleves-officiers-dactives-et-de-presentation-deleves-officiers-pilotes-et-collateraux-219-stagiaires-issus-de-huit-pays-pr"]}]},{"@type":"ImageObject","inLanguage":"fr-FR","@id":"https:\/\/www.africa-press.net\/niger\/politique\/ceremonie-de-consecration-de-la-20eme-promotion-deleves-officiers-dactives-et-de-presentation-deleves-officiers-pilotes-et-collateraux-219-stagiaires-issus-de-huit-pays-pr#primaryimage","url":"https:\/\/static.africa-press.net\/niger\/sites\/40\/2024\/02\/sm_1707306567.337504.jpg","contentUrl":"https:\/\/static.africa-press.net\/niger\/sites\/40\/2024\/02\/sm_1707306567.337504.jpg","width":1024,"height":683,"caption":"C\u00e9r\u00e9monie de cons\u00e9cration de la 20\u00e8me promotion d\u2019\u00e9l\u00e8ves officiers d\u2019actives et de pr\u00e9sentation d\u2019\u00e9l\u00e8ves-officiers pilotes et collat\u00e9raux : 219 stagiaires issus de huit pays pr\u00e9sent\u00e9s \u00e0 l\u2019EFOFAN"},{"@type":"BreadcrumbList","@id":"https:\/\/www.africa-press.net\/niger\/politique\/ceremonie-de-consecration-de-la-20eme-promotion-deleves-officiers-dactives-et-de-presentation-deleves-officiers-pilotes-et-collateraux-219-stagiaires-issus-de-huit-pays-pr#breadcrumb","itemListElement":[{"@type":"ListItem","position":1,"name":"Accueil","item":"https:\/\/www.africa-press.net\/niger\/"},{"@type":"ListItem","position":2,"name":"C\u00e9r\u00e9monie de cons\u00e9cration de la 20\u00e8me promotion d\u2019\u00e9l\u00e8ves officiers d\u2019actives et de pr\u00e9sentation d\u2019\u00e9l\u00e8ves-officiers pilotes et collat\u00e9raux : 219 stagiaires issus de huit pays pr\u00e9sent\u00e9s \u00e0 l\u2019EFOFAN"}]},{"@type":"WebSite","@id":"https:\/\/www.africa-press.net\/niger\/#website","url":"https:\/\/www.africa-press.net\/niger\/","name":"niger","description":"Just another Africa News Agency Sites site","potentialAction":[{"@type":"SearchAction","target":{"@type":"EntryPoint","urlTemplate":"https:\/\/www.africa-press.net\/niger\/?s={search_term_string}"},"query-input":{"@type":"PropertyValueSpecification","valueRequired":true,"valueName":"search_term_string"}}],"inLanguage":"fr-FR"},{"@type":"Person","@id":"https:\/\/www.africa-press.net\/niger\/#\/schema\/person\/2b1cf3cd81a31e3cd26889ca66d677f1","name":"cfeditorfr"}]}},"_links":{"self":[{"href":"https:\/\/www.africa-press.net\/niger\/wp-json\/wp\/v2\/posts\/58343","targetHints":{"allow":["GET"]}}],"collection":[{"href":"https:\/\/www.africa-press.net\/niger\/wp-json\/wp\/v2\/posts"}],"about":[{"href":"https:\/\/www.africa-press.net\/niger\/wp-json\/wp\/v2\/types\/post"}],"author":[{"embeddable":true,"href":"https:\/\/www.africa-press.net\/niger\/wp-json\/wp\/v2\/users\/82"}],"replies":[{"embeddable":true,"href":"https:\/\/www.africa-press.net\/niger\/wp-json\/wp\/v2\/comments?post=58343"}],"version-history":[{"count":0,"href":"https:\/\/www.africa-press.net\/niger\/wp-json\/wp\/v2\/posts\/58343\/revisions"}],"wp:featuredmedia":[{"embeddable":true,"href":"https:\/\/www.africa-press.net\/niger\/wp-json\/wp\/v2\/media\/58341"}],"wp:attachment":[{"href":"https:\/\/www.africa-press.net\/niger\/wp-json\/wp\/v2\/media?parent=58343"}],"wp:term":[{"taxonomy":"category","embeddable":true,"href":"https:\/\/www.africa-press.net\/niger\/wp-json\/wp\/v2\/categories?post=58343"},{"taxonomy":"post_tag","embeddable":true,"href":"https:\/\/www.africa-press.net\/niger\/wp-json\/wp\/v2\/tags?post=58343"}],"curies":[{"name":"wp","href":"https:\/\/api.w.org\/{rel}","templated":true}]}}