{"id":58355,"date":"2024-02-07T14:45:49","date_gmt":"2024-02-07T14:45:49","guid":{"rendered":"https:\/\/www.africa-press.net\/niger\/politique\/mini-foire-artisanale-en-marge-de-la-44eme-edition-du-sabre-national-de-lutte-traditionnelle-a-agadez-des-objets-et-articles-dart-de-qualite-exposes-pour-la-vente"},"modified":"2024-02-07T15:23:46","modified_gmt":"2024-02-07T15:23:46","slug":"mini-foire-artisanale-en-marge-de-la-44eme-edition-du-sabre-national-de-lutte-traditionnelle-a-agadez-des-objets-et-articles-dart-de-qualite-exposes-pour-la-vente","status":"publish","type":"post","link":"https:\/\/www.africa-press.net\/niger\/culture-et-art\/mini-foire-artisanale-en-marge-de-la-44eme-edition-du-sabre-national-de-lutte-traditionnelle-a-agadez-des-objets-et-articles-dart-de-qualite-exposes-pour-la-vente","title":{"rendered":"Mini-foire artisanale en marge de la 44\u00e8me \u00e9dition du Sabre National de lutte traditionnelle \u00e0 Agadez : Des objets et articles d\u2019art de  qualit\u00e9 expos\u00e9s pour la vente"},"content":{"rendered":"<p><span style=\"color: #ff6600\"><strong>Africa-Press &#8211; Niger. <\/strong><\/span><b>La Chambre des Me\u0301tiers de l\u2019Artisanat du Niger (CMANI) a organise\u0301 une exposition artisanale lors de la 44e\u0300me e\u0301dition du Sabre National de lutte traditionnelle a\u0300 Agadez. Cette exposition s\u2019est de\u0301roule\u0301e du 22 au 31 de\u0301cembre 2023 devant l\u2019are\u0300ne de lutte Aboubacar Djibo d\u2019Agadez ou\u0300 des femmes, des hommes, des enfants et des personnes handicape\u0301es ont pre\u0301sente\u0301 une varie\u0301te\u0301 de produits provenant de diverses re\u0301gions du Niger. Le porte-parole du pre\u0301sident du village artisanal d\u2019Agadez, M. Hami Hamza, a souligne\u0301 que ce type de foire n\u2019est pas une nouveaute\u0301 dans le cadre des e\u0301ve\u0301nements nationaux et internationaux. Il a e\u0301galement mentionne\u0301 que les Nige\u0301riens sont fiers de leur pays et ont fait des achats au-dela\u0300 de ses attentes. Hommes et femmes circulent et font des achats, selon leurs centres d\u2019inte\u0301re\u0302t. Certains ache\u0300tent non seulement pour eux-me\u0302mes, mais aussi pour leurs conjoints et leurs enfants.<\/b><\/p>\n<p>Au stand que surveille M. Hami Hamza, on trouve une varie\u0301te\u0301 d\u2019objets de\u0301coratifs et de bijoux, ainsi que des grandes et petites e\u0301pe\u0301es, des selles de chameau et des croix de diffe\u0301rentes tailles. Les prix des articles vont de 500f a\u0300 100.000f, avec la possibilite\u0301 de commander des articles jusqu\u2019a\u0300 1 million. M. Hamza souligne que le travail artisanal rele\u0300ve presque de la magie car, certains artisans peuvent cre\u0301er des produits d\u2019une valeur de 100 F, tandis que d\u2019autres peuvent fabriquer des articles valant jusqu\u2019a\u0300 un million. Il a e\u0301galement mentionne\u0301 que la fabrication des articles en cuir est ge\u0301ne\u0301ralement effectue\u0301e par des femmes, tandis que les hommes s\u2019occupent de la fabrication des articles en me\u0301tal.<\/p>\n<p>En tant que responsable du stand, il affirme n\u2019avoir jamais re\u0301alise\u0301 autant de ventes que lors de cette mini-foire. Il dit avoir enregistre\u0301 de grosses ventes de produits artisanaux. De plus, il souligne qu\u2019aucune plainte ni proble\u0300me n\u2019a e\u0301te\u0301 enregistre\u0301 du de\u0301but a\u0300 la fin de la foire car, tout le monde travaille dans le calme et le respect.<\/p>\n<p>\u00ab Nous sommes des artisans touaregs traditionnels reconnus a\u0300 l\u2019e\u0301chelle nationale et internationale. Autrefois, nous travaillions a\u0300 domicile, mais a\u0300 pre\u0301sent, nous disposons de notre propre local construit par le gouvernement du Niger, appele\u0301 le village artisanal d\u2019Agadez. Il s\u2019agit d\u2019une coope\u0301rative regroupant des femmes et des hommes qui ont uni leurs efforts pour travailler ensemble. Chaque cre\u0301ation pre\u0301sente dans ce stand a e\u0301te\u0301 re\u0301alise\u0301e par les membres hommes, femmes et me\u0302me enfants du village artisanal d\u2019Agadez \u00bb a-t-il de\u0301clare\u0301.<\/p>\n<p>Il encourage tous les citoyens du Niger a\u0300 manifester un fort patriotisme a\u0300 la fois dans leurs paroles et dans leurs actions. Il a explique\u0301 l\u2019importance pour les Nige\u0301riens de faire preuve de patience et de continuer a\u0300 espe\u0301rer jusqu\u2019a\u0300 ce que la souverainete\u0301 du Niger soit e\u0301tablie. De plus, il les a exhorte\u0301s a\u0300 soutenir les artisans en se rendant non seulement dans les diverses foires, mais aussi en achetant des produits artisanaux. M. Hami Hamza a exprime\u0301 le souhait que les autorite\u0301s continuent de soutenir et d\u2019encourager l\u2019artisanat en mettant en valeur la culture de la re\u0301gion d\u2019Agadez et ses produits artisanaux. Il propose d\u2019organiser de grandes foires internationales et de lancer une vaste campagne de sensibilisation a\u0300 l\u2019e\u0301chelle internationale pour promouvoir ces produits artisanaux locaux.<\/p>\n<p><b>Transformation des le\u0301gumes et des ce\u0301re\u0301ales<\/b><\/p>\n<p>La pre\u0301sidente de Scoot Eman-Kayan d\u2019Agadez, Zeinabou Ahamed Lamine figure parmi les principaux exposants de cette Mini-foire. Elle a mis en valeur une gamme de produits, de\u0301montrant ainsi son expertise dans la transformation des le\u0301gumes et des ce\u0301re\u0301ales.<\/p>\n<p>Zeinabou Ahamed Lamine propose une varie\u0301te\u0301 de le\u0301gumes se\u0301che\u0301s, notamment des tomates, de la pomme de terre, des carottes, de l\u2019ail, des poivrons et de la betterave. Co\u0302te\u0301 ce\u0301re\u0301ales, elle fait de la transformation du mil, du mai\u0308s, du sorgho et du ble\u0301 pour en faire du couscous de semoule, du couscous de ble\u0301, du degue\u0301, des boules a\u0300 base de fromage et de datte, des boules de me\u0301dicaments, ainsi que du \u2018\u2018Sabaya,\u2019\u2019 pre\u0301pare\u0301 a\u0300 partir d\u2019un me\u0301lange varie\u0301 de ce\u0301re\u0301ales. Elle propose e\u0301galement des reme\u0300des traditionnels, des produits particulie\u0300rement be\u0301ne\u0301fiques pour les enfants et les femmes enceintes.<\/p>\n<p>\u00ab Nous produisons nos propres articles a\u0300 Agadez, dans notre e\u0301tablissement situe\u0301 dans le quartier Dagmanett 2 a\u0300 proximite\u0301 de la Makaranta Foulani. Nos tarifs sont tre\u0300s compe\u0301titifs: des couscous a\u0300 2 000 FCFA, le demi-kilo de couscous a\u0300 1 500 FCFA, \u00abtoukoubouss\u00bb a\u0300 2 000 et 2 500 FCFA. Nous proposons e\u0301galement des me\u0301dicaments a\u0300 base de boules a\u0300 3 000 et 2 500 FCFA, des feuilles du corchorus commune\u0301ment appele\u0301 en langue Zarma \u00ab Fakou \u00bb en boi\u0302te a\u0300 1 500 FCFA, des biscuits a\u0300 2 500 FCFA, du sucre personnalise\u0301 a\u0300 1 500 et 1 000 FCFA, ainsi que d\u2019autres articles \u00bb a-t-elle dit.<\/p>\n<p>Elle a affirme\u0301 que la vente s\u2019e\u0301tait bien passe\u0301e en raison de certaines conditions favorables. Elle arrive a\u0300 e\u0301couler quelques produits de temps en temps, mais la plupart du temps, les acheteurs se prome\u0300nent entre les stands et promettent de revenir acheter sans jamais le faire. En fait, au cours de la 44e\u0300me e\u0301dition, elle n\u2019a me\u0302me pas re\u0301ussi a\u0300 vendre le quart de ses produits.<\/p>\n<p>\u00ab Nous avons rencontre\u0301 quelques difficulte\u0301s lors de cette mini-foire. Tout d\u2019abord, elle manquait de visibilite\u0301. Bien qu\u2019elle soit installe\u0301e devant l\u2019are\u0300ne, son stand a e\u0301te\u0301 place\u0301 a\u0300 l\u2019entre\u0301e principale ou\u0300 passent les autorite\u0301s. L\u2019endroit est difficile d\u2019acce\u0300s et nos stands ne sont me\u0302me pas visibles depuis la route. La population n\u2019a pas eu vent de cette foire. De plus, les e\u0301trangers venus pour l\u2019e\u0301ve\u0301nement de la lutte ne peuvent pas nous apercevoir car ils sont a\u0300 l\u2019inte\u0301rieur alors que nos stands sont a\u0300 l\u2019exte\u0301rieur. Si nos stands avaient e\u0301te\u0301 installe\u0301s a\u0300 l\u2019inte\u0301rieur, nous aurions re\u0301alise\u0301 beaucoup plus de ventes \u00bb a-t-elle deplore\u0301.<\/p>\n<p>Zeinabou Ahamed Lamine a encourage\u0301 les organisateurs de la foire a\u0300 accorder une attention particulie\u0300re a\u0300 la visibilite\u0301 des stands, en les plac\u0327ant de manie\u0300re a\u0300 e\u0302tre facilement visibles pour tous car, selon elle, la foire fait dos a\u0300 la porte principale de l\u2019are\u0300ne, et certaines personnes les appellent parfois a\u0300 des fins d\u2019orientation.<\/p>\n<p>\u00ab Des individus ont tente\u0301 de me dissuader, mais je les ai ignore\u0301s car je pre\u0301fe\u0300re gagner ma vie de manie\u0300re inte\u0300gre. J\u2019encourage toutes les femmes a\u0300 chercher un emploi et a\u0300 subvenir a\u0300 leurs besoins de fac\u0327on honorable. Il n\u2019y a aucune honte a\u0300 gagner sa vie de fac\u0327on le\u0301gale et digne. J\u2019appre\u0301cie ce que je fais et je le fais avec re\u0301ussite. Lorsqu\u2019une femme prend son travail au se\u0301rieux, elle acquiert son inde\u0301pendance. Les femmes peuvent e\u0301galement soutenir leurs conjoints si elles ont un emploi. Qu\u2019elles soient marie\u0301es ou ce\u0301libataires, les femmes devraient aspirer a\u0300 un emploi pour contribuer au soutien de leurs familles \u00bb a-t-elle dit.<\/p>\n<p><b>Assad Hamadou (ONEP)<\/b><\/p>\n<p><strong>Pour plus d&rsquo;informations et d&rsquo;analyses sur la <a href=\"https:\/\/www.africa-press.net\/niger\">Niger<\/a>, suivez <a href=\"https:\/\/www.africa-press.net\/\">Africa-Press<\/a><\/strong><\/p>\n","protected":false},"excerpt":{"rendered":"<p>Africa-Press &#8211; Niger. La Chambre des Me\u0301tiers de l\u2019Artisanat du Niger (CMANI) a organise\u0301 une exposition artisanale lors de la 44e\u0300me e\u0301dition du Sabre National de lutte traditionnelle a\u0300 Agadez. Cette exposition s\u2019est de\u0301roule\u0301e du 22 au 31 de\u0301cembre 2023 devant l\u2019are\u0300ne de lutte Aboubacar Djibo d\u2019Agadez ou\u0300 des femmes, des hommes, des enfants et [&hellip;]<\/p>\n","protected":false},"author":82,"featured_media":58353,"comment_status":"open","ping_status":"closed","sticky":false,"template":"","format":"standard","meta":{"footnotes":""},"categories":[5,10],"tags":[55,60,29],"class_list":["post-58355","post","type-post","status-publish","format-standard","has-post-thumbnail","hentry","category-culture-et-art","category-toutes-les-actualites","tag-africa-press","tag-africa-press-niger","tag-niger"],"yoast_head":"<!-- This site is optimized with the Yoast SEO Premium plugin v26.1 (Yoast SEO v27.0) - https:\/\/yoast.com\/product\/yoast-seo-premium-wordpress\/ -->\n<title>Mini-foire artisanale en marge de la 44\u00e8me \u00e9dition du Sabre National de lutte traditionnelle \u00e0 Agadez : Des objets et articles d\u2019art de qualit\u00e9 expos\u00e9s pour la vente - niger<\/title>\n<meta name=\"description\" content=\"La Chambre des Me\u0301tiers de l\u2019Artisanat du Niger (CMANI) a organise\u0301 une exposition artisanale lors de la 44e\u0300me e\u0301dit ...\" \/>\n<meta name=\"robots\" content=\"index, follow, max-snippet:-1, max-image-preview:large, max-video-preview:-1\" \/>\n<link rel=\"canonical\" href=\"https:\/\/www.africa-press.net\/niger\/culture-et-art\/mini-foire-artisanale-en-marge-de-la-44eme-edition-du-sabre-national-de-lutte-traditionnelle-a-agadez-des-objets-et-articles-dart-de-qualite-exposes-pour-la-vente\" \/>\n<meta property=\"og:locale\" content=\"fr_FR\" \/>\n<meta property=\"og:type\" content=\"article\" \/>\n<meta property=\"og:title\" content=\"Mini-foire artisanale en marge de la 44\u00e8me \u00e9dition du Sabre National de lutte traditionnelle \u00e0 Agadez : Des objets et articles d\u2019art de qualit\u00e9 expos\u00e9s pour la vente\" \/>\n<meta property=\"og:description\" content=\"La Chambre des Me\u0301tiers de l\u2019Artisanat du Niger (CMANI) a organise\u0301 une exposition artisanale lors de la 44e\u0300me e\u0301dit ...\" \/>\n<meta property=\"og:url\" content=\"https:\/\/www.africa-press.net\/niger\/culture-et-art\/mini-foire-artisanale-en-marge-de-la-44eme-edition-du-sabre-national-de-lutte-traditionnelle-a-agadez-des-objets-et-articles-dart-de-qualite-exposes-pour-la-vente\" \/>\n<meta property=\"og:site_name\" content=\"niger\" \/>\n<meta property=\"article:published_time\" content=\"2024-02-07T14:45:49+00:00\" \/>\n<meta property=\"article:modified_time\" content=\"2024-02-07T15:23:46+00:00\" \/>\n<meta property=\"og:image\" content=\"https:\/\/static.africa-press.net\/niger\/sites\/40\/2024\/02\/sm_1707306700.856447.jpg\" \/>\n\t<meta property=\"og:image:width\" content=\"800\" \/>\n\t<meta property=\"og:image:height\" content=\"533\" \/>\n\t<meta property=\"og:image:type\" content=\"image\/jpeg\" \/>\n<meta name=\"author\" content=\"cfeditorfr\" \/>\n<meta name=\"twitter:card\" content=\"summary_large_image\" \/>\n<meta name=\"twitter:label1\" content=\"\u00c9crit par\" \/>\n\t<meta name=\"twitter:data1\" content=\"cfeditorfr\" \/>\n\t<meta name=\"twitter:label2\" content=\"Dur\u00e9e de lecture estim\u00e9e\" \/>\n\t<meta name=\"twitter:data2\" content=\"6 minutes\" \/>\n<script type=\"application\/ld+json\" class=\"yoast-schema-graph\">{\"@context\":\"https:\/\/schema.org\",\"@graph\":[{\"@type\":\"Article\",\"@id\":\"https:\/\/www.africa-press.net\/niger\/culture-et-art\/mini-foire-artisanale-en-marge-de-la-44eme-edition-du-sabre-national-de-lutte-traditionnelle-a-agadez-des-objets-et-articles-dart-de-qualite-exposes-pour-la-vente#article\",\"isPartOf\":{\"@id\":\"https:\/\/www.africa-press.net\/niger\/culture-et-art\/mini-foire-artisanale-en-marge-de-la-44eme-edition-du-sabre-national-de-lutte-traditionnelle-a-agadez-des-objets-et-articles-dart-de-qualite-exposes-pour-la-vente\"},\"author\":{\"name\":\"cfeditorfr\",\"@id\":\"https:\/\/www.africa-press.net\/niger\/#\/schema\/person\/2b1cf3cd81a31e3cd26889ca66d677f1\"},\"headline\":\"Mini-foire artisanale en marge de la 44\u00e8me \u00e9dition du Sabre National de lutte traditionnelle \u00e0 Agadez : Des objets et articles d\u2019art de qualit\u00e9 expos\u00e9s pour la vente\",\"datePublished\":\"2024-02-07T14:45:49+00:00\",\"dateModified\":\"2024-02-07T15:23:46+00:00\",\"mainEntityOfPage\":{\"@id\":\"https:\/\/www.africa-press.net\/niger\/culture-et-art\/mini-foire-artisanale-en-marge-de-la-44eme-edition-du-sabre-national-de-lutte-traditionnelle-a-agadez-des-objets-et-articles-dart-de-qualite-exposes-pour-la-vente\"},\"wordCount\":1301,\"commentCount\":0,\"image\":{\"@id\":\"https:\/\/www.africa-press.net\/niger\/culture-et-art\/mini-foire-artisanale-en-marge-de-la-44eme-edition-du-sabre-national-de-lutte-traditionnelle-a-agadez-des-objets-et-articles-dart-de-qualite-exposes-pour-la-vente#primaryimage\"},\"thumbnailUrl\":\"https:\/\/static.africa-press.net\/niger\/sites\/40\/2024\/02\/sm_1707306700.856447.jpg\",\"keywords\":[\"Africa Press\",\"Africa Press-Niger\",\"Niger\"],\"articleSection\":[\"Culture et Art\",\"Toutes les actualit\u00e9s\"],\"inLanguage\":\"fr-FR\",\"potentialAction\":[{\"@type\":\"CommentAction\",\"name\":\"Comment\",\"target\":[\"https:\/\/www.africa-press.net\/niger\/culture-et-art\/mini-foire-artisanale-en-marge-de-la-44eme-edition-du-sabre-national-de-lutte-traditionnelle-a-agadez-des-objets-et-articles-dart-de-qualite-exposes-pour-la-vente#respond\"]}]},{\"@type\":\"WebPage\",\"@id\":\"https:\/\/www.africa-press.net\/niger\/culture-et-art\/mini-foire-artisanale-en-marge-de-la-44eme-edition-du-sabre-national-de-lutte-traditionnelle-a-agadez-des-objets-et-articles-dart-de-qualite-exposes-pour-la-vente\",\"url\":\"https:\/\/www.africa-press.net\/niger\/culture-et-art\/mini-foire-artisanale-en-marge-de-la-44eme-edition-du-sabre-national-de-lutte-traditionnelle-a-agadez-des-objets-et-articles-dart-de-qualite-exposes-pour-la-vente\",\"name\":\"Mini-foire artisanale en marge de la 44\u00e8me \u00e9dition du Sabre National de lutte traditionnelle \u00e0 Agadez : Des objets et articles d\u2019art de qualit\u00e9 expos\u00e9s pour la vente - niger\",\"isPartOf\":{\"@id\":\"https:\/\/www.africa-press.net\/niger\/#website\"},\"primaryImageOfPage\":{\"@id\":\"https:\/\/www.africa-press.net\/niger\/culture-et-art\/mini-foire-artisanale-en-marge-de-la-44eme-edition-du-sabre-national-de-lutte-traditionnelle-a-agadez-des-objets-et-articles-dart-de-qualite-exposes-pour-la-vente#primaryimage\"},\"image\":{\"@id\":\"https:\/\/www.africa-press.net\/niger\/culture-et-art\/mini-foire-artisanale-en-marge-de-la-44eme-edition-du-sabre-national-de-lutte-traditionnelle-a-agadez-des-objets-et-articles-dart-de-qualite-exposes-pour-la-vente#primaryimage\"},\"thumbnailUrl\":\"https:\/\/static.africa-press.net\/niger\/sites\/40\/2024\/02\/sm_1707306700.856447.jpg\",\"datePublished\":\"2024-02-07T14:45:49+00:00\",\"dateModified\":\"2024-02-07T15:23:46+00:00\",\"author\":{\"@id\":\"https:\/\/www.africa-press.net\/niger\/#\/schema\/person\/2b1cf3cd81a31e3cd26889ca66d677f1\"},\"description\":\"La Chambre des Me\u0301tiers de l\u2019Artisanat du Niger (CMANI) a organise\u0301 une exposition artisanale lors de la 44e\u0300me e\u0301dit ...\",\"breadcrumb\":{\"@id\":\"https:\/\/www.africa-press.net\/niger\/culture-et-art\/mini-foire-artisanale-en-marge-de-la-44eme-edition-du-sabre-national-de-lutte-traditionnelle-a-agadez-des-objets-et-articles-dart-de-qualite-exposes-pour-la-vente#breadcrumb\"},\"inLanguage\":\"fr-FR\",\"potentialAction\":[{\"@type\":\"ReadAction\",\"target\":[\"https:\/\/www.africa-press.net\/niger\/culture-et-art\/mini-foire-artisanale-en-marge-de-la-44eme-edition-du-sabre-national-de-lutte-traditionnelle-a-agadez-des-objets-et-articles-dart-de-qualite-exposes-pour-la-vente\"]}]},{\"@type\":\"ImageObject\",\"inLanguage\":\"fr-FR\",\"@id\":\"https:\/\/www.africa-press.net\/niger\/culture-et-art\/mini-foire-artisanale-en-marge-de-la-44eme-edition-du-sabre-national-de-lutte-traditionnelle-a-agadez-des-objets-et-articles-dart-de-qualite-exposes-pour-la-vente#primaryimage\",\"url\":\"https:\/\/static.africa-press.net\/niger\/sites\/40\/2024\/02\/sm_1707306700.856447.jpg\",\"contentUrl\":\"https:\/\/static.africa-press.net\/niger\/sites\/40\/2024\/02\/sm_1707306700.856447.jpg\",\"width\":800,\"height\":533,\"caption\":\"Mini-foire artisanale en marge de la 44\u00e8me \u00e9dition du Sabre National de lutte traditionnelle \u00e0 Agadez : Des objets et articles d\u2019art de qualit\u00e9 expos\u00e9s pour la vente\"},{\"@type\":\"BreadcrumbList\",\"@id\":\"https:\/\/www.africa-press.net\/niger\/culture-et-art\/mini-foire-artisanale-en-marge-de-la-44eme-edition-du-sabre-national-de-lutte-traditionnelle-a-agadez-des-objets-et-articles-dart-de-qualite-exposes-pour-la-vente#breadcrumb\",\"itemListElement\":[{\"@type\":\"ListItem\",\"position\":1,\"name\":\"Accueil\",\"item\":\"https:\/\/www.africa-press.net\/niger\/\"},{\"@type\":\"ListItem\",\"position\":2,\"name\":\"Mini-foire artisanale en marge de la 44\u00e8me \u00e9dition du Sabre National de lutte traditionnelle \u00e0 Agadez : Des objets et articles d\u2019art de qualit\u00e9 expos\u00e9s pour la vente\"}]},{\"@type\":\"WebSite\",\"@id\":\"https:\/\/www.africa-press.net\/niger\/#website\",\"url\":\"https:\/\/www.africa-press.net\/niger\/\",\"name\":\"niger\",\"description\":\"Just another Africa News Agency Sites site\",\"potentialAction\":[{\"@type\":\"SearchAction\",\"target\":{\"@type\":\"EntryPoint\",\"urlTemplate\":\"https:\/\/www.africa-press.net\/niger\/?s={search_term_string}\"},\"query-input\":{\"@type\":\"PropertyValueSpecification\",\"valueRequired\":true,\"valueName\":\"search_term_string\"}}],\"inLanguage\":\"fr-FR\"},{\"@type\":\"Person\",\"@id\":\"https:\/\/www.africa-press.net\/niger\/#\/schema\/person\/2b1cf3cd81a31e3cd26889ca66d677f1\",\"name\":\"cfeditorfr\"}]}<\/script>\n<!-- \/ Yoast SEO Premium plugin. -->","yoast_head_json":{"title":"Mini-foire artisanale en marge de la 44\u00e8me \u00e9dition du Sabre National de lutte traditionnelle \u00e0 Agadez : Des objets et articles d\u2019art de qualit\u00e9 expos\u00e9s pour la vente - niger","description":"La Chambre des Me\u0301tiers de l\u2019Artisanat du Niger (CMANI) a organise\u0301 une exposition artisanale lors de la 44e\u0300me e\u0301dit ...","robots":{"index":"index","follow":"follow","max-snippet":"max-snippet:-1","max-image-preview":"max-image-preview:large","max-video-preview":"max-video-preview:-1"},"canonical":"https:\/\/www.africa-press.net\/niger\/culture-et-art\/mini-foire-artisanale-en-marge-de-la-44eme-edition-du-sabre-national-de-lutte-traditionnelle-a-agadez-des-objets-et-articles-dart-de-qualite-exposes-pour-la-vente","og_locale":"fr_FR","og_type":"article","og_title":"Mini-foire artisanale en marge de la 44\u00e8me \u00e9dition du Sabre National de lutte traditionnelle \u00e0 Agadez : Des objets et articles d\u2019art de qualit\u00e9 expos\u00e9s pour la vente","og_description":"La Chambre des Me\u0301tiers de l\u2019Artisanat du Niger (CMANI) a organise\u0301 une exposition artisanale lors de la 44e\u0300me e\u0301dit ...","og_url":"https:\/\/www.africa-press.net\/niger\/culture-et-art\/mini-foire-artisanale-en-marge-de-la-44eme-edition-du-sabre-national-de-lutte-traditionnelle-a-agadez-des-objets-et-articles-dart-de-qualite-exposes-pour-la-vente","og_site_name":"niger","article_published_time":"2024-02-07T14:45:49+00:00","article_modified_time":"2024-02-07T15:23:46+00:00","og_image":[{"width":800,"height":533,"url":"https:\/\/static.africa-press.net\/niger\/sites\/40\/2024\/02\/sm_1707306700.856447.jpg","type":"image\/jpeg"}],"author":"cfeditorfr","twitter_card":"summary_large_image","twitter_misc":{"\u00c9crit par":"cfeditorfr","Dur\u00e9e de lecture estim\u00e9e":"6 minutes"},"schema":{"@context":"https:\/\/schema.org","@graph":[{"@type":"Article","@id":"https:\/\/www.africa-press.net\/niger\/culture-et-art\/mini-foire-artisanale-en-marge-de-la-44eme-edition-du-sabre-national-de-lutte-traditionnelle-a-agadez-des-objets-et-articles-dart-de-qualite-exposes-pour-la-vente#article","isPartOf":{"@id":"https:\/\/www.africa-press.net\/niger\/culture-et-art\/mini-foire-artisanale-en-marge-de-la-44eme-edition-du-sabre-national-de-lutte-traditionnelle-a-agadez-des-objets-et-articles-dart-de-qualite-exposes-pour-la-vente"},"author":{"name":"cfeditorfr","@id":"https:\/\/www.africa-press.net\/niger\/#\/schema\/person\/2b1cf3cd81a31e3cd26889ca66d677f1"},"headline":"Mini-foire artisanale en marge de la 44\u00e8me \u00e9dition du Sabre National de lutte traditionnelle \u00e0 Agadez : Des objets et articles d\u2019art de qualit\u00e9 expos\u00e9s pour la vente","datePublished":"2024-02-07T14:45:49+00:00","dateModified":"2024-02-07T15:23:46+00:00","mainEntityOfPage":{"@id":"https:\/\/www.africa-press.net\/niger\/culture-et-art\/mini-foire-artisanale-en-marge-de-la-44eme-edition-du-sabre-national-de-lutte-traditionnelle-a-agadez-des-objets-et-articles-dart-de-qualite-exposes-pour-la-vente"},"wordCount":1301,"commentCount":0,"image":{"@id":"https:\/\/www.africa-press.net\/niger\/culture-et-art\/mini-foire-artisanale-en-marge-de-la-44eme-edition-du-sabre-national-de-lutte-traditionnelle-a-agadez-des-objets-et-articles-dart-de-qualite-exposes-pour-la-vente#primaryimage"},"thumbnailUrl":"https:\/\/static.africa-press.net\/niger\/sites\/40\/2024\/02\/sm_1707306700.856447.jpg","keywords":["Africa Press","Africa Press-Niger","Niger"],"articleSection":["Culture et Art","Toutes les actualit\u00e9s"],"inLanguage":"fr-FR","potentialAction":[{"@type":"CommentAction","name":"Comment","target":["https:\/\/www.africa-press.net\/niger\/culture-et-art\/mini-foire-artisanale-en-marge-de-la-44eme-edition-du-sabre-national-de-lutte-traditionnelle-a-agadez-des-objets-et-articles-dart-de-qualite-exposes-pour-la-vente#respond"]}]},{"@type":"WebPage","@id":"https:\/\/www.africa-press.net\/niger\/culture-et-art\/mini-foire-artisanale-en-marge-de-la-44eme-edition-du-sabre-national-de-lutte-traditionnelle-a-agadez-des-objets-et-articles-dart-de-qualite-exposes-pour-la-vente","url":"https:\/\/www.africa-press.net\/niger\/culture-et-art\/mini-foire-artisanale-en-marge-de-la-44eme-edition-du-sabre-national-de-lutte-traditionnelle-a-agadez-des-objets-et-articles-dart-de-qualite-exposes-pour-la-vente","name":"Mini-foire artisanale en marge de la 44\u00e8me \u00e9dition du Sabre National de lutte traditionnelle \u00e0 Agadez : Des objets et articles d\u2019art de qualit\u00e9 expos\u00e9s pour la vente - niger","isPartOf":{"@id":"https:\/\/www.africa-press.net\/niger\/#website"},"primaryImageOfPage":{"@id":"https:\/\/www.africa-press.net\/niger\/culture-et-art\/mini-foire-artisanale-en-marge-de-la-44eme-edition-du-sabre-national-de-lutte-traditionnelle-a-agadez-des-objets-et-articles-dart-de-qualite-exposes-pour-la-vente#primaryimage"},"image":{"@id":"https:\/\/www.africa-press.net\/niger\/culture-et-art\/mini-foire-artisanale-en-marge-de-la-44eme-edition-du-sabre-national-de-lutte-traditionnelle-a-agadez-des-objets-et-articles-dart-de-qualite-exposes-pour-la-vente#primaryimage"},"thumbnailUrl":"https:\/\/static.africa-press.net\/niger\/sites\/40\/2024\/02\/sm_1707306700.856447.jpg","datePublished":"2024-02-07T14:45:49+00:00","dateModified":"2024-02-07T15:23:46+00:00","author":{"@id":"https:\/\/www.africa-press.net\/niger\/#\/schema\/person\/2b1cf3cd81a31e3cd26889ca66d677f1"},"description":"La Chambre des Me\u0301tiers de l\u2019Artisanat du Niger (CMANI) a organise\u0301 une exposition artisanale lors de la 44e\u0300me e\u0301dit ...","breadcrumb":{"@id":"https:\/\/www.africa-press.net\/niger\/culture-et-art\/mini-foire-artisanale-en-marge-de-la-44eme-edition-du-sabre-national-de-lutte-traditionnelle-a-agadez-des-objets-et-articles-dart-de-qualite-exposes-pour-la-vente#breadcrumb"},"inLanguage":"fr-FR","potentialAction":[{"@type":"ReadAction","target":["https:\/\/www.africa-press.net\/niger\/culture-et-art\/mini-foire-artisanale-en-marge-de-la-44eme-edition-du-sabre-national-de-lutte-traditionnelle-a-agadez-des-objets-et-articles-dart-de-qualite-exposes-pour-la-vente"]}]},{"@type":"ImageObject","inLanguage":"fr-FR","@id":"https:\/\/www.africa-press.net\/niger\/culture-et-art\/mini-foire-artisanale-en-marge-de-la-44eme-edition-du-sabre-national-de-lutte-traditionnelle-a-agadez-des-objets-et-articles-dart-de-qualite-exposes-pour-la-vente#primaryimage","url":"https:\/\/static.africa-press.net\/niger\/sites\/40\/2024\/02\/sm_1707306700.856447.jpg","contentUrl":"https:\/\/static.africa-press.net\/niger\/sites\/40\/2024\/02\/sm_1707306700.856447.jpg","width":800,"height":533,"caption":"Mini-foire artisanale en marge de la 44\u00e8me \u00e9dition du Sabre National de lutte traditionnelle \u00e0 Agadez : Des objets et articles d\u2019art de qualit\u00e9 expos\u00e9s pour la vente"},{"@type":"BreadcrumbList","@id":"https:\/\/www.africa-press.net\/niger\/culture-et-art\/mini-foire-artisanale-en-marge-de-la-44eme-edition-du-sabre-national-de-lutte-traditionnelle-a-agadez-des-objets-et-articles-dart-de-qualite-exposes-pour-la-vente#breadcrumb","itemListElement":[{"@type":"ListItem","position":1,"name":"Accueil","item":"https:\/\/www.africa-press.net\/niger\/"},{"@type":"ListItem","position":2,"name":"Mini-foire artisanale en marge de la 44\u00e8me \u00e9dition du Sabre National de lutte traditionnelle \u00e0 Agadez : Des objets et articles d\u2019art de qualit\u00e9 expos\u00e9s pour la vente"}]},{"@type":"WebSite","@id":"https:\/\/www.africa-press.net\/niger\/#website","url":"https:\/\/www.africa-press.net\/niger\/","name":"niger","description":"Just another Africa News Agency Sites site","potentialAction":[{"@type":"SearchAction","target":{"@type":"EntryPoint","urlTemplate":"https:\/\/www.africa-press.net\/niger\/?s={search_term_string}"},"query-input":{"@type":"PropertyValueSpecification","valueRequired":true,"valueName":"search_term_string"}}],"inLanguage":"fr-FR"},{"@type":"Person","@id":"https:\/\/www.africa-press.net\/niger\/#\/schema\/person\/2b1cf3cd81a31e3cd26889ca66d677f1","name":"cfeditorfr"}]}},"_links":{"self":[{"href":"https:\/\/www.africa-press.net\/niger\/wp-json\/wp\/v2\/posts\/58355","targetHints":{"allow":["GET"]}}],"collection":[{"href":"https:\/\/www.africa-press.net\/niger\/wp-json\/wp\/v2\/posts"}],"about":[{"href":"https:\/\/www.africa-press.net\/niger\/wp-json\/wp\/v2\/types\/post"}],"author":[{"embeddable":true,"href":"https:\/\/www.africa-press.net\/niger\/wp-json\/wp\/v2\/users\/82"}],"replies":[{"embeddable":true,"href":"https:\/\/www.africa-press.net\/niger\/wp-json\/wp\/v2\/comments?post=58355"}],"version-history":[{"count":0,"href":"https:\/\/www.africa-press.net\/niger\/wp-json\/wp\/v2\/posts\/58355\/revisions"}],"wp:featuredmedia":[{"embeddable":true,"href":"https:\/\/www.africa-press.net\/niger\/wp-json\/wp\/v2\/media\/58353"}],"wp:attachment":[{"href":"https:\/\/www.africa-press.net\/niger\/wp-json\/wp\/v2\/media?parent=58355"}],"wp:term":[{"taxonomy":"category","embeddable":true,"href":"https:\/\/www.africa-press.net\/niger\/wp-json\/wp\/v2\/categories?post=58355"},{"taxonomy":"post_tag","embeddable":true,"href":"https:\/\/www.africa-press.net\/niger\/wp-json\/wp\/v2\/tags?post=58355"}],"curies":[{"name":"wp","href":"https:\/\/api.w.org\/{rel}","templated":true}]}}