{"id":58357,"date":"2024-02-07T14:46:04","date_gmt":"2024-02-07T14:46:04","guid":{"rendered":"https:\/\/www.africa-press.net\/niger\/politique\/visite-du-ministre-de-la-sante-publique-de-la-population-et-des-affaires-sociales-a-lhopital-cure-senquerir-de-la-qualite-des-soins-et-de-la-prise-en-charge-des-patients"},"modified":"2024-02-07T15:24:29","modified_gmt":"2024-02-07T15:24:29","slug":"visite-du-ministre-de-la-sante-publique-de-la-population-et-des-affaires-sociales-a-lhopital-cure-senquerir-de-la-qualite-des-soins-et-de-la-prise-en-charge-des-patients","status":"publish","type":"post","link":"https:\/\/www.africa-press.net\/niger\/toutes-les-actualites\/visite-du-ministre-de-la-sante-publique-de-la-population-et-des-affaires-sociales-a-lhopital-cure-senquerir-de-la-qualite-des-soins-et-de-la-prise-en-charge-des-patients","title":{"rendered":"Visite du Ministre de la Sant\u00e9 publique, de la Population et des Affaires sociales \u00e0 l\u2019H\u00f4pital Cure : S\u2019enqu\u00e9rir de la qualit\u00e9 des soins et de la prise en charge des patients"},"content":{"rendered":"<p><span style=\"color: #ff6600\"><strong>Africa-Press &#8211; Niger. <\/strong><\/span><b>Le ministre de la Sante\u0301 Publique de la Population et des Affaires Sociales, le Me\u0301decin Colonel-major Garba Hakimi, a effectue\u0301 hier matin une visite a\u0300 l\u2019ho\u0302pital Cure, sis au quartier Lazaret. A travers cette sortie, il s\u2019agissait pour le ministre et sa de\u0301le\u0301gation de prendre contact avec les agents, de s\u2019enque\u0301rir de leurs conditions de travail et de les encourager. A\u0300 l\u2019issue de la visite, le ministre s\u2019est dit satisfait de la qualite\u0301 des soins et de la prise en charge des patients.<\/b><\/p>\n<p>A son arrive\u0301e a\u0300 l\u2019ho\u0302pital, le ministre et sa de\u0301le\u0301gation ont visite\u0301 plusieurs services dont le laboratoire, la salle de consultation, la salle de physiothe\u0301rapie, la salle des pansements, le pavillon pe\u0301diatrique, le bloc ope\u0301ratoire, le chantier du nouveau bloc, l\u2019espace de jeux, la salle art the\u0301rapie, l\u2019espace Activite\u0301s Ge\u0301ne\u0301ratrices de Revenus, la case de passage, la buanderie, le magasin central et la cuisine. Selon les explications du directeur exe\u0301cutif de l\u2019Ho\u0302pital Cure Niger, M. George Gavrus, Cure international dispose de 8 ho\u0302pitaux en Afrique et un en Afrique de l\u2019Ouest qui est situe\u0301 au Niger. Il a ajoute\u0301 que l\u2019ho\u0302pital Cure du Niger est le seul spe\u0301cialise\u0301 en orthope\u0301die.<\/p>\n<p>A l\u2019issue de cette visite, le ministre en charge de la Sante\u0301 a salue\u0301 les efforts fournis par le personnel de l\u2019ho\u0302pital pour redonner le sourire a\u0300 ces enfants vulne\u0301rables. Cet ho\u0302pital pe\u0301diatrique offre des soins aux enfants vulne\u0301rables qui vivent avec des handicaps traitables. \u00ab Cette sortie a pour objectif de prendre contact avec les agents, les encourager et s\u2019enque\u0301rir de leurs conditions de travail \u00bb, a-t-il explique\u0301.<\/p>\n<p>Par ailleurs, le me\u0301decin Colonel-major Garba Hakimi a re\u0301ite\u0301re\u0301 ses encouragements a\u0300 l\u2019ensemble du personnel de l\u2019ho\u0302pital Cure. \u00ab Nous avons rencontre\u0301 des cadres compe\u0301tents, tre\u0300s engage\u0301s qui sont pre\u0302ts a\u0300 accomplir la mission qui leur est assigne\u0301e. Nous avons vu aussi que l\u2019administration de ce centre a pris des pre\u0301cautions ne\u0301cessaires pour que le centre soit propre. Nous saluons e\u0301galement le fait que l\u2019administration du centre a pris des dispositions pour l\u2019extension de cet ho\u0302pital \u00bb, s\u2019est\u2013il re\u0301joui.<\/p>\n<p>Le Ministre de la Sante\u0301 publique, de la Population et des Affaires sociales a, enfin, remercie\u0301 les responsables pour le travail abattu dans la prise en charge des soins aux enfants vulne\u0301rables. \u00ab Nous avons appris que l\u2019ho\u0302pital traite non seulement les handicaps conge\u0301nitaux mais aussi les handicaps acquis \u00bb, a-t-il conclu.<\/p>\n<p>Cure international est une organisation chre\u0301tienne a\u0300 but non lucratif qui ge\u0300re un re\u0301seau mondial d\u2019ho\u0302pitaux pe\u0301diatriques. L\u2019ho\u0302pital Cure fournit des soins chirurgicaux et un soutien spirituel aux enfants handicape\u0301s ainsi qu\u2019a\u0300 leurs familles. Il a ouvert ses portes en 2010 au Niger, et est depuis lors devenu un lieu d\u2019espoir et de gue\u0301rison pour les enfants vulne\u0301rables vivant avec un handicap traitable.<\/p>\n<p><b>Fatiyatou Inoussa (ONEP)<\/b><\/p>\n<p><strong>Pour plus d&rsquo;informations et d&rsquo;analyses sur la <a href=\"https:\/\/www.africa-press.net\/niger\">Niger<\/a>, suivez <a href=\"https:\/\/www.africa-press.net\/\">Africa-Press<\/a><\/strong><\/p>\n","protected":false},"excerpt":{"rendered":"<p>Africa-Press &#8211; Niger. Le ministre de la Sante\u0301 Publique de la Population et des Affaires Sociales, le Me\u0301decin Colonel-major Garba Hakimi, a effectue\u0301 hier matin une visite a\u0300 l\u2019ho\u0302pital Cure, sis au quartier Lazaret. A travers cette sortie, il s\u2019agissait pour le ministre et sa de\u0301le\u0301gation de prendre contact avec les agents, de s\u2019enque\u0301rir de [&hellip;]<\/p>\n","protected":false},"author":82,"featured_media":58356,"comment_status":"open","ping_status":"closed","sticky":false,"template":"","format":"standard","meta":{"footnotes":""},"categories":[21,10],"tags":[55,60,29],"class_list":["post-58357","post","type-post","status-publish","format-standard","has-post-thumbnail","hentry","category-communaute","category-toutes-les-actualites","tag-africa-press","tag-africa-press-niger","tag-niger"],"yoast_head":"<!-- This site is optimized with the Yoast SEO Premium plugin v26.1 (Yoast SEO v27.0) - https:\/\/yoast.com\/product\/yoast-seo-premium-wordpress\/ -->\n<title>Visite du Ministre de la Sant\u00e9 publique, de la Population et des Affaires sociales \u00e0 l\u2019H\u00f4pital Cure : S\u2019enqu\u00e9rir de la qualit\u00e9 des soins et de la prise en charge des patients - niger<\/title>\n<meta name=\"description\" content=\"Le ministre de la Sante\u0301 Publique de la Population et des Affaires Sociales, le Me\u0301decin Colonel-major Garba Hakimi, ...\" \/>\n<meta name=\"robots\" content=\"index, follow, max-snippet:-1, max-image-preview:large, max-video-preview:-1\" \/>\n<link rel=\"canonical\" href=\"https:\/\/www.africa-press.net\/niger\/toutes-les-actualites\/visite-du-ministre-de-la-sante-publique-de-la-population-et-des-affaires-sociales-a-lhopital-cure-senquerir-de-la-qualite-des-soins-et-de-la-prise-en-charge-des-patients\" \/>\n<meta property=\"og:locale\" content=\"fr_FR\" \/>\n<meta property=\"og:type\" content=\"article\" \/>\n<meta property=\"og:title\" content=\"Visite du Ministre de la Sant\u00e9 publique, de la Population et des Affaires sociales \u00e0 l\u2019H\u00f4pital Cure : S\u2019enqu\u00e9rir de la qualit\u00e9 des soins et de la prise en charge des patients\" \/>\n<meta property=\"og:description\" content=\"Le ministre de la Sante\u0301 Publique de la Population et des Affaires Sociales, le Me\u0301decin Colonel-major Garba Hakimi, ...\" \/>\n<meta property=\"og:url\" content=\"https:\/\/www.africa-press.net\/niger\/toutes-les-actualites\/visite-du-ministre-de-la-sante-publique-de-la-population-et-des-affaires-sociales-a-lhopital-cure-senquerir-de-la-qualite-des-soins-et-de-la-prise-en-charge-des-patients\" \/>\n<meta property=\"og:site_name\" content=\"niger\" \/>\n<meta property=\"article:published_time\" content=\"2024-02-07T14:46:04+00:00\" \/>\n<meta property=\"article:modified_time\" content=\"2024-02-07T15:24:29+00:00\" \/>\n<meta property=\"og:image\" content=\"https:\/\/static.africa-press.net\/niger\/sites\/40\/2024\/02\/sm_1707306743.861846.jpg\" \/>\n\t<meta property=\"og:image:width\" content=\"800\" \/>\n\t<meta property=\"og:image:height\" content=\"579\" \/>\n\t<meta property=\"og:image:type\" content=\"image\/jpeg\" \/>\n<meta name=\"author\" content=\"cfeditorfr\" \/>\n<meta name=\"twitter:card\" content=\"summary_large_image\" \/>\n<meta name=\"twitter:label1\" content=\"\u00c9crit par\" \/>\n\t<meta name=\"twitter:data1\" content=\"cfeditorfr\" \/>\n\t<meta name=\"twitter:label2\" content=\"Dur\u00e9e de lecture estim\u00e9e\" \/>\n\t<meta name=\"twitter:data2\" content=\"3 minutes\" \/>\n<script type=\"application\/ld+json\" class=\"yoast-schema-graph\">{\"@context\":\"https:\/\/schema.org\",\"@graph\":[{\"@type\":\"Article\",\"@id\":\"https:\/\/www.africa-press.net\/niger\/toutes-les-actualites\/visite-du-ministre-de-la-sante-publique-de-la-population-et-des-affaires-sociales-a-lhopital-cure-senquerir-de-la-qualite-des-soins-et-de-la-prise-en-charge-des-patients#article\",\"isPartOf\":{\"@id\":\"https:\/\/www.africa-press.net\/niger\/toutes-les-actualites\/visite-du-ministre-de-la-sante-publique-de-la-population-et-des-affaires-sociales-a-lhopital-cure-senquerir-de-la-qualite-des-soins-et-de-la-prise-en-charge-des-patients\"},\"author\":{\"name\":\"cfeditorfr\",\"@id\":\"https:\/\/www.africa-press.net\/niger\/#\/schema\/person\/2b1cf3cd81a31e3cd26889ca66d677f1\"},\"headline\":\"Visite du Ministre de la Sant\u00e9 publique, de la Population et des Affaires sociales \u00e0 l\u2019H\u00f4pital Cure : S\u2019enqu\u00e9rir de la qualit\u00e9 des soins et de la prise en charge des patients\",\"datePublished\":\"2024-02-07T14:46:04+00:00\",\"dateModified\":\"2024-02-07T15:24:29+00:00\",\"mainEntityOfPage\":{\"@id\":\"https:\/\/www.africa-press.net\/niger\/toutes-les-actualites\/visite-du-ministre-de-la-sante-publique-de-la-population-et-des-affaires-sociales-a-lhopital-cure-senquerir-de-la-qualite-des-soins-et-de-la-prise-en-charge-des-patients\"},\"wordCount\":580,\"commentCount\":0,\"image\":{\"@id\":\"https:\/\/www.africa-press.net\/niger\/toutes-les-actualites\/visite-du-ministre-de-la-sante-publique-de-la-population-et-des-affaires-sociales-a-lhopital-cure-senquerir-de-la-qualite-des-soins-et-de-la-prise-en-charge-des-patients#primaryimage\"},\"thumbnailUrl\":\"https:\/\/static.africa-press.net\/niger\/sites\/40\/2024\/02\/sm_1707306743.861846.jpg\",\"keywords\":[\"Africa Press\",\"Africa Press-Niger\",\"Niger\"],\"articleSection\":[\"Communaut\u00e9\",\"Toutes les actualit\u00e9s\"],\"inLanguage\":\"fr-FR\",\"potentialAction\":[{\"@type\":\"CommentAction\",\"name\":\"Comment\",\"target\":[\"https:\/\/www.africa-press.net\/niger\/toutes-les-actualites\/visite-du-ministre-de-la-sante-publique-de-la-population-et-des-affaires-sociales-a-lhopital-cure-senquerir-de-la-qualite-des-soins-et-de-la-prise-en-charge-des-patients#respond\"]}]},{\"@type\":\"WebPage\",\"@id\":\"https:\/\/www.africa-press.net\/niger\/toutes-les-actualites\/visite-du-ministre-de-la-sante-publique-de-la-population-et-des-affaires-sociales-a-lhopital-cure-senquerir-de-la-qualite-des-soins-et-de-la-prise-en-charge-des-patients\",\"url\":\"https:\/\/www.africa-press.net\/niger\/toutes-les-actualites\/visite-du-ministre-de-la-sante-publique-de-la-population-et-des-affaires-sociales-a-lhopital-cure-senquerir-de-la-qualite-des-soins-et-de-la-prise-en-charge-des-patients\",\"name\":\"Visite du Ministre de la Sant\u00e9 publique, de la Population et des Affaires sociales \u00e0 l\u2019H\u00f4pital Cure : S\u2019enqu\u00e9rir de la qualit\u00e9 des soins et de la prise en charge des patients - niger\",\"isPartOf\":{\"@id\":\"https:\/\/www.africa-press.net\/niger\/#website\"},\"primaryImageOfPage\":{\"@id\":\"https:\/\/www.africa-press.net\/niger\/toutes-les-actualites\/visite-du-ministre-de-la-sante-publique-de-la-population-et-des-affaires-sociales-a-lhopital-cure-senquerir-de-la-qualite-des-soins-et-de-la-prise-en-charge-des-patients#primaryimage\"},\"image\":{\"@id\":\"https:\/\/www.africa-press.net\/niger\/toutes-les-actualites\/visite-du-ministre-de-la-sante-publique-de-la-population-et-des-affaires-sociales-a-lhopital-cure-senquerir-de-la-qualite-des-soins-et-de-la-prise-en-charge-des-patients#primaryimage\"},\"thumbnailUrl\":\"https:\/\/static.africa-press.net\/niger\/sites\/40\/2024\/02\/sm_1707306743.861846.jpg\",\"datePublished\":\"2024-02-07T14:46:04+00:00\",\"dateModified\":\"2024-02-07T15:24:29+00:00\",\"author\":{\"@id\":\"https:\/\/www.africa-press.net\/niger\/#\/schema\/person\/2b1cf3cd81a31e3cd26889ca66d677f1\"},\"description\":\"Le ministre de la Sante\u0301 Publique de la Population et des Affaires Sociales, le Me\u0301decin Colonel-major Garba Hakimi, ...\",\"breadcrumb\":{\"@id\":\"https:\/\/www.africa-press.net\/niger\/toutes-les-actualites\/visite-du-ministre-de-la-sante-publique-de-la-population-et-des-affaires-sociales-a-lhopital-cure-senquerir-de-la-qualite-des-soins-et-de-la-prise-en-charge-des-patients#breadcrumb\"},\"inLanguage\":\"fr-FR\",\"potentialAction\":[{\"@type\":\"ReadAction\",\"target\":[\"https:\/\/www.africa-press.net\/niger\/toutes-les-actualites\/visite-du-ministre-de-la-sante-publique-de-la-population-et-des-affaires-sociales-a-lhopital-cure-senquerir-de-la-qualite-des-soins-et-de-la-prise-en-charge-des-patients\"]}]},{\"@type\":\"ImageObject\",\"inLanguage\":\"fr-FR\",\"@id\":\"https:\/\/www.africa-press.net\/niger\/toutes-les-actualites\/visite-du-ministre-de-la-sante-publique-de-la-population-et-des-affaires-sociales-a-lhopital-cure-senquerir-de-la-qualite-des-soins-et-de-la-prise-en-charge-des-patients#primaryimage\",\"url\":\"https:\/\/static.africa-press.net\/niger\/sites\/40\/2024\/02\/sm_1707306743.861846.jpg\",\"contentUrl\":\"https:\/\/static.africa-press.net\/niger\/sites\/40\/2024\/02\/sm_1707306743.861846.jpg\",\"width\":800,\"height\":579,\"caption\":\"Visite du Ministre de la Sant\u00e9 publique, de la Population et des Affaires sociales \u00e0 l\u2019H\u00f4pital Cure : S\u2019enqu\u00e9rir de la qualit\u00e9 des soins et de la prise en charge des patients\"},{\"@type\":\"BreadcrumbList\",\"@id\":\"https:\/\/www.africa-press.net\/niger\/toutes-les-actualites\/visite-du-ministre-de-la-sante-publique-de-la-population-et-des-affaires-sociales-a-lhopital-cure-senquerir-de-la-qualite-des-soins-et-de-la-prise-en-charge-des-patients#breadcrumb\",\"itemListElement\":[{\"@type\":\"ListItem\",\"position\":1,\"name\":\"Accueil\",\"item\":\"https:\/\/www.africa-press.net\/niger\/\"},{\"@type\":\"ListItem\",\"position\":2,\"name\":\"Visite du Ministre de la Sant\u00e9 publique, de la Population et des Affaires sociales \u00e0 l\u2019H\u00f4pital Cure : S\u2019enqu\u00e9rir de la qualit\u00e9 des soins et de la prise en charge des patients\"}]},{\"@type\":\"WebSite\",\"@id\":\"https:\/\/www.africa-press.net\/niger\/#website\",\"url\":\"https:\/\/www.africa-press.net\/niger\/\",\"name\":\"niger\",\"description\":\"Just another Africa News Agency Sites site\",\"potentialAction\":[{\"@type\":\"SearchAction\",\"target\":{\"@type\":\"EntryPoint\",\"urlTemplate\":\"https:\/\/www.africa-press.net\/niger\/?s={search_term_string}\"},\"query-input\":{\"@type\":\"PropertyValueSpecification\",\"valueRequired\":true,\"valueName\":\"search_term_string\"}}],\"inLanguage\":\"fr-FR\"},{\"@type\":\"Person\",\"@id\":\"https:\/\/www.africa-press.net\/niger\/#\/schema\/person\/2b1cf3cd81a31e3cd26889ca66d677f1\",\"name\":\"cfeditorfr\"}]}<\/script>\n<!-- \/ Yoast SEO Premium plugin. -->","yoast_head_json":{"title":"Visite du Ministre de la Sant\u00e9 publique, de la Population et des Affaires sociales \u00e0 l\u2019H\u00f4pital Cure : S\u2019enqu\u00e9rir de la qualit\u00e9 des soins et de la prise en charge des patients - niger","description":"Le ministre de la Sante\u0301 Publique de la Population et des Affaires Sociales, le Me\u0301decin Colonel-major Garba Hakimi, ...","robots":{"index":"index","follow":"follow","max-snippet":"max-snippet:-1","max-image-preview":"max-image-preview:large","max-video-preview":"max-video-preview:-1"},"canonical":"https:\/\/www.africa-press.net\/niger\/toutes-les-actualites\/visite-du-ministre-de-la-sante-publique-de-la-population-et-des-affaires-sociales-a-lhopital-cure-senquerir-de-la-qualite-des-soins-et-de-la-prise-en-charge-des-patients","og_locale":"fr_FR","og_type":"article","og_title":"Visite du Ministre de la Sant\u00e9 publique, de la Population et des Affaires sociales \u00e0 l\u2019H\u00f4pital Cure : S\u2019enqu\u00e9rir de la qualit\u00e9 des soins et de la prise en charge des patients","og_description":"Le ministre de la Sante\u0301 Publique de la Population et des Affaires Sociales, le Me\u0301decin Colonel-major Garba Hakimi, ...","og_url":"https:\/\/www.africa-press.net\/niger\/toutes-les-actualites\/visite-du-ministre-de-la-sante-publique-de-la-population-et-des-affaires-sociales-a-lhopital-cure-senquerir-de-la-qualite-des-soins-et-de-la-prise-en-charge-des-patients","og_site_name":"niger","article_published_time":"2024-02-07T14:46:04+00:00","article_modified_time":"2024-02-07T15:24:29+00:00","og_image":[{"width":800,"height":579,"url":"https:\/\/static.africa-press.net\/niger\/sites\/40\/2024\/02\/sm_1707306743.861846.jpg","type":"image\/jpeg"}],"author":"cfeditorfr","twitter_card":"summary_large_image","twitter_misc":{"\u00c9crit par":"cfeditorfr","Dur\u00e9e de lecture estim\u00e9e":"3 minutes"},"schema":{"@context":"https:\/\/schema.org","@graph":[{"@type":"Article","@id":"https:\/\/www.africa-press.net\/niger\/toutes-les-actualites\/visite-du-ministre-de-la-sante-publique-de-la-population-et-des-affaires-sociales-a-lhopital-cure-senquerir-de-la-qualite-des-soins-et-de-la-prise-en-charge-des-patients#article","isPartOf":{"@id":"https:\/\/www.africa-press.net\/niger\/toutes-les-actualites\/visite-du-ministre-de-la-sante-publique-de-la-population-et-des-affaires-sociales-a-lhopital-cure-senquerir-de-la-qualite-des-soins-et-de-la-prise-en-charge-des-patients"},"author":{"name":"cfeditorfr","@id":"https:\/\/www.africa-press.net\/niger\/#\/schema\/person\/2b1cf3cd81a31e3cd26889ca66d677f1"},"headline":"Visite du Ministre de la Sant\u00e9 publique, de la Population et des Affaires sociales \u00e0 l\u2019H\u00f4pital Cure : S\u2019enqu\u00e9rir de la qualit\u00e9 des soins et de la prise en charge des patients","datePublished":"2024-02-07T14:46:04+00:00","dateModified":"2024-02-07T15:24:29+00:00","mainEntityOfPage":{"@id":"https:\/\/www.africa-press.net\/niger\/toutes-les-actualites\/visite-du-ministre-de-la-sante-publique-de-la-population-et-des-affaires-sociales-a-lhopital-cure-senquerir-de-la-qualite-des-soins-et-de-la-prise-en-charge-des-patients"},"wordCount":580,"commentCount":0,"image":{"@id":"https:\/\/www.africa-press.net\/niger\/toutes-les-actualites\/visite-du-ministre-de-la-sante-publique-de-la-population-et-des-affaires-sociales-a-lhopital-cure-senquerir-de-la-qualite-des-soins-et-de-la-prise-en-charge-des-patients#primaryimage"},"thumbnailUrl":"https:\/\/static.africa-press.net\/niger\/sites\/40\/2024\/02\/sm_1707306743.861846.jpg","keywords":["Africa Press","Africa Press-Niger","Niger"],"articleSection":["Communaut\u00e9","Toutes les actualit\u00e9s"],"inLanguage":"fr-FR","potentialAction":[{"@type":"CommentAction","name":"Comment","target":["https:\/\/www.africa-press.net\/niger\/toutes-les-actualites\/visite-du-ministre-de-la-sante-publique-de-la-population-et-des-affaires-sociales-a-lhopital-cure-senquerir-de-la-qualite-des-soins-et-de-la-prise-en-charge-des-patients#respond"]}]},{"@type":"WebPage","@id":"https:\/\/www.africa-press.net\/niger\/toutes-les-actualites\/visite-du-ministre-de-la-sante-publique-de-la-population-et-des-affaires-sociales-a-lhopital-cure-senquerir-de-la-qualite-des-soins-et-de-la-prise-en-charge-des-patients","url":"https:\/\/www.africa-press.net\/niger\/toutes-les-actualites\/visite-du-ministre-de-la-sante-publique-de-la-population-et-des-affaires-sociales-a-lhopital-cure-senquerir-de-la-qualite-des-soins-et-de-la-prise-en-charge-des-patients","name":"Visite du Ministre de la Sant\u00e9 publique, de la Population et des Affaires sociales \u00e0 l\u2019H\u00f4pital Cure : S\u2019enqu\u00e9rir de la qualit\u00e9 des soins et de la prise en charge des patients - niger","isPartOf":{"@id":"https:\/\/www.africa-press.net\/niger\/#website"},"primaryImageOfPage":{"@id":"https:\/\/www.africa-press.net\/niger\/toutes-les-actualites\/visite-du-ministre-de-la-sante-publique-de-la-population-et-des-affaires-sociales-a-lhopital-cure-senquerir-de-la-qualite-des-soins-et-de-la-prise-en-charge-des-patients#primaryimage"},"image":{"@id":"https:\/\/www.africa-press.net\/niger\/toutes-les-actualites\/visite-du-ministre-de-la-sante-publique-de-la-population-et-des-affaires-sociales-a-lhopital-cure-senquerir-de-la-qualite-des-soins-et-de-la-prise-en-charge-des-patients#primaryimage"},"thumbnailUrl":"https:\/\/static.africa-press.net\/niger\/sites\/40\/2024\/02\/sm_1707306743.861846.jpg","datePublished":"2024-02-07T14:46:04+00:00","dateModified":"2024-02-07T15:24:29+00:00","author":{"@id":"https:\/\/www.africa-press.net\/niger\/#\/schema\/person\/2b1cf3cd81a31e3cd26889ca66d677f1"},"description":"Le ministre de la Sante\u0301 Publique de la Population et des Affaires Sociales, le Me\u0301decin Colonel-major Garba Hakimi, ...","breadcrumb":{"@id":"https:\/\/www.africa-press.net\/niger\/toutes-les-actualites\/visite-du-ministre-de-la-sante-publique-de-la-population-et-des-affaires-sociales-a-lhopital-cure-senquerir-de-la-qualite-des-soins-et-de-la-prise-en-charge-des-patients#breadcrumb"},"inLanguage":"fr-FR","potentialAction":[{"@type":"ReadAction","target":["https:\/\/www.africa-press.net\/niger\/toutes-les-actualites\/visite-du-ministre-de-la-sante-publique-de-la-population-et-des-affaires-sociales-a-lhopital-cure-senquerir-de-la-qualite-des-soins-et-de-la-prise-en-charge-des-patients"]}]},{"@type":"ImageObject","inLanguage":"fr-FR","@id":"https:\/\/www.africa-press.net\/niger\/toutes-les-actualites\/visite-du-ministre-de-la-sante-publique-de-la-population-et-des-affaires-sociales-a-lhopital-cure-senquerir-de-la-qualite-des-soins-et-de-la-prise-en-charge-des-patients#primaryimage","url":"https:\/\/static.africa-press.net\/niger\/sites\/40\/2024\/02\/sm_1707306743.861846.jpg","contentUrl":"https:\/\/static.africa-press.net\/niger\/sites\/40\/2024\/02\/sm_1707306743.861846.jpg","width":800,"height":579,"caption":"Visite du Ministre de la Sant\u00e9 publique, de la Population et des Affaires sociales \u00e0 l\u2019H\u00f4pital Cure : S\u2019enqu\u00e9rir de la qualit\u00e9 des soins et de la prise en charge des patients"},{"@type":"BreadcrumbList","@id":"https:\/\/www.africa-press.net\/niger\/toutes-les-actualites\/visite-du-ministre-de-la-sante-publique-de-la-population-et-des-affaires-sociales-a-lhopital-cure-senquerir-de-la-qualite-des-soins-et-de-la-prise-en-charge-des-patients#breadcrumb","itemListElement":[{"@type":"ListItem","position":1,"name":"Accueil","item":"https:\/\/www.africa-press.net\/niger\/"},{"@type":"ListItem","position":2,"name":"Visite du Ministre de la Sant\u00e9 publique, de la Population et des Affaires sociales \u00e0 l\u2019H\u00f4pital Cure : S\u2019enqu\u00e9rir de la qualit\u00e9 des soins et de la prise en charge des patients"}]},{"@type":"WebSite","@id":"https:\/\/www.africa-press.net\/niger\/#website","url":"https:\/\/www.africa-press.net\/niger\/","name":"niger","description":"Just another Africa News Agency Sites site","potentialAction":[{"@type":"SearchAction","target":{"@type":"EntryPoint","urlTemplate":"https:\/\/www.africa-press.net\/niger\/?s={search_term_string}"},"query-input":{"@type":"PropertyValueSpecification","valueRequired":true,"valueName":"search_term_string"}}],"inLanguage":"fr-FR"},{"@type":"Person","@id":"https:\/\/www.africa-press.net\/niger\/#\/schema\/person\/2b1cf3cd81a31e3cd26889ca66d677f1","name":"cfeditorfr"}]}},"_links":{"self":[{"href":"https:\/\/www.africa-press.net\/niger\/wp-json\/wp\/v2\/posts\/58357","targetHints":{"allow":["GET"]}}],"collection":[{"href":"https:\/\/www.africa-press.net\/niger\/wp-json\/wp\/v2\/posts"}],"about":[{"href":"https:\/\/www.africa-press.net\/niger\/wp-json\/wp\/v2\/types\/post"}],"author":[{"embeddable":true,"href":"https:\/\/www.africa-press.net\/niger\/wp-json\/wp\/v2\/users\/82"}],"replies":[{"embeddable":true,"href":"https:\/\/www.africa-press.net\/niger\/wp-json\/wp\/v2\/comments?post=58357"}],"version-history":[{"count":0,"href":"https:\/\/www.africa-press.net\/niger\/wp-json\/wp\/v2\/posts\/58357\/revisions"}],"wp:featuredmedia":[{"embeddable":true,"href":"https:\/\/www.africa-press.net\/niger\/wp-json\/wp\/v2\/media\/58356"}],"wp:attachment":[{"href":"https:\/\/www.africa-press.net\/niger\/wp-json\/wp\/v2\/media?parent=58357"}],"wp:term":[{"taxonomy":"category","embeddable":true,"href":"https:\/\/www.africa-press.net\/niger\/wp-json\/wp\/v2\/categories?post=58357"},{"taxonomy":"post_tag","embeddable":true,"href":"https:\/\/www.africa-press.net\/niger\/wp-json\/wp\/v2\/tags?post=58357"}],"curies":[{"name":"wp","href":"https:\/\/api.w.org\/{rel}","templated":true}]}}