{"id":58388,"date":"2024-02-08T12:08:27","date_gmt":"2024-02-08T12:08:27","guid":{"rendered":"https:\/\/www.africa-press.net\/niger\/politique\/agadez-le-gouverneur-preside-la-reunion-du-conseil-regional-de-securite-3"},"modified":"2024-02-08T13:12:10","modified_gmt":"2024-02-08T13:12:10","slug":"agadez-le-gouverneur-preside-la-reunion-du-conseil-regional-de-securite-3","status":"publish","type":"post","link":"https:\/\/www.africa-press.net\/niger\/politique\/agadez-le-gouverneur-preside-la-reunion-du-conseil-regional-de-securite-3","title":{"rendered":"Agadez : Le Gouverneur pr\u00e9side la r\u00e9union du Conseil R\u00e9gional de S\u00e9curit\u00e9"},"content":{"rendered":"<p><span style=\"color: #ff6600\"><strong>Africa-Press &#8211; Niger. <\/strong><\/span>Le Gouverneur de la Re\u0301gion d\u2019Agadez, le Ge\u0301ne\u0301ral de Brigade Ibra Boulama Issa a pre\u0301side\u0301, hier mercredi 7 fe\u0301vrier 2024, la re\u0301union hebdomadaire du Conseil Re\u0301gional de Se\u0301curite\u0301 (CRS), dans la salle dudit conseil sis au gouvernorat. Cette re\u0301union du CRS dont l\u2019objectif est d\u2019appre\u0301cier la situation se\u0301curitaire globale de la re\u0301gion et de manie\u0300re particulie\u0300re la se\u0301curite\u0301 des personnes et des biens, s\u2019est de\u0301roule\u0301e en pre\u0301sence de ses membres. Elle constitue un outil efficace d\u2019orientation qui permet de formuler des recommandations pour aider a\u0300 la prise de de\u0301cisions efficaces. Pour la re\u0301union de ce mercredi, on note la pre\u0301sence du Secre\u0301taire Ge\u0301ne\u0301ral de la Re\u0301gion, l\u2019ensemble des responsables des Forces de De\u0301fense et de Se\u0301curite\u0301, le Procureur de la Re\u0301publique pre\u0300s le Tribunal de Grande Instance d\u2019Agadez et la Tre\u0301sorie\u0300re Re\u0301gionale.<\/p>\n<p>&nbsp;<\/p>\n<p><strong>Pour plus d&rsquo;informations et d&rsquo;analyses sur la <a href=\"https:\/\/www.africa-press.net\/niger\">Niger<\/a>, suivez <a href=\"https:\/\/www.africa-press.net\/\">Africa-Press<\/a><\/strong><\/p>\n","protected":false},"excerpt":{"rendered":"<p>Africa-Press &#8211; Niger. Le Gouverneur de la Re\u0301gion d\u2019Agadez, le Ge\u0301ne\u0301ral de Brigade Ibra Boulama Issa a pre\u0301side\u0301, hier mercredi 7 fe\u0301vrier 2024, la re\u0301union hebdomadaire du Conseil Re\u0301gional de Se\u0301curite\u0301 (CRS), dans la salle dudit conseil sis au gouvernorat. Cette re\u0301union du CRS dont l\u2019objectif est d\u2019appre\u0301cier la situation se\u0301curitaire globale de la re\u0301gion [&hellip;]<\/p>\n","protected":false},"author":82,"featured_media":58387,"comment_status":"open","ping_status":"closed","sticky":false,"template":"","format":"standard","meta":{"footnotes":""},"categories":[2,10],"tags":[55,60,29],"class_list":["post-58388","post","type-post","status-publish","format-standard","has-post-thumbnail","hentry","category-politique","category-toutes-les-actualites","tag-africa-press","tag-africa-press-niger","tag-niger"],"yoast_head":"<!-- This site is optimized with the Yoast SEO Premium plugin v26.1 (Yoast SEO v27.0) - https:\/\/yoast.com\/product\/yoast-seo-premium-wordpress\/ -->\n<title>Agadez : Le Gouverneur pr\u00e9side la r\u00e9union du Conseil R\u00e9gional de S\u00e9curit\u00e9 - niger<\/title>\n<meta name=\"description\" content=\"Le Gouverneur de la Re\u0301gion d\u2019Agadez, le Ge\u0301ne\u0301ral de Brigade Ibra Boulama Issa a pre\u0301side\u0301, hier mercredi 7 fe\u0301vrier 20 ...\" \/>\n<meta name=\"robots\" content=\"index, follow, max-snippet:-1, max-image-preview:large, max-video-preview:-1\" \/>\n<link rel=\"canonical\" href=\"https:\/\/www.africa-press.net\/niger\/politique\/agadez-le-gouverneur-preside-la-reunion-du-conseil-regional-de-securite-3\" \/>\n<meta property=\"og:locale\" content=\"fr_FR\" \/>\n<meta property=\"og:type\" content=\"article\" \/>\n<meta property=\"og:title\" content=\"Agadez : Le Gouverneur pr\u00e9side la r\u00e9union du Conseil R\u00e9gional de S\u00e9curit\u00e9\" \/>\n<meta property=\"og:description\" content=\"Le Gouverneur de la Re\u0301gion d\u2019Agadez, le Ge\u0301ne\u0301ral de Brigade Ibra Boulama Issa a pre\u0301side\u0301, hier mercredi 7 fe\u0301vrier 20 ...\" \/>\n<meta property=\"og:url\" content=\"https:\/\/www.africa-press.net\/niger\/politique\/agadez-le-gouverneur-preside-la-reunion-du-conseil-regional-de-securite-3\" \/>\n<meta property=\"og:site_name\" content=\"niger\" \/>\n<meta property=\"article:published_time\" content=\"2024-02-08T12:08:27+00:00\" \/>\n<meta property=\"article:modified_time\" content=\"2024-02-08T13:12:10+00:00\" \/>\n<meta property=\"og:image\" content=\"https:\/\/static.africa-press.net\/niger\/sites\/40\/2024\/02\/sm_1707384787.128837.jpg\" \/>\n\t<meta property=\"og:image:width\" content=\"1024\" \/>\n\t<meta property=\"og:image:height\" content=\"683\" \/>\n\t<meta property=\"og:image:type\" content=\"image\/jpeg\" \/>\n<meta name=\"author\" content=\"cfeditorfr\" \/>\n<meta name=\"twitter:card\" content=\"summary_large_image\" \/>\n<meta name=\"twitter:label1\" content=\"\u00c9crit par\" \/>\n\t<meta name=\"twitter:data1\" content=\"cfeditorfr\" \/>\n\t<meta name=\"twitter:label2\" content=\"Dur\u00e9e de lecture estim\u00e9e\" \/>\n\t<meta name=\"twitter:data2\" content=\"1 minute\" \/>\n<script type=\"application\/ld+json\" class=\"yoast-schema-graph\">{\"@context\":\"https:\/\/schema.org\",\"@graph\":[{\"@type\":\"Article\",\"@id\":\"https:\/\/www.africa-press.net\/niger\/politique\/agadez-le-gouverneur-preside-la-reunion-du-conseil-regional-de-securite-3#article\",\"isPartOf\":{\"@id\":\"https:\/\/www.africa-press.net\/niger\/politique\/agadez-le-gouverneur-preside-la-reunion-du-conseil-regional-de-securite-3\"},\"author\":{\"name\":\"cfeditorfr\",\"@id\":\"https:\/\/www.africa-press.net\/niger\/#\/schema\/person\/2b1cf3cd81a31e3cd26889ca66d677f1\"},\"headline\":\"Agadez : Le Gouverneur pr\u00e9side la r\u00e9union du Conseil R\u00e9gional de S\u00e9curit\u00e9\",\"datePublished\":\"2024-02-08T12:08:27+00:00\",\"dateModified\":\"2024-02-08T13:12:10+00:00\",\"mainEntityOfPage\":{\"@id\":\"https:\/\/www.africa-press.net\/niger\/politique\/agadez-le-gouverneur-preside-la-reunion-du-conseil-regional-de-securite-3\"},\"wordCount\":200,\"commentCount\":0,\"image\":{\"@id\":\"https:\/\/www.africa-press.net\/niger\/politique\/agadez-le-gouverneur-preside-la-reunion-du-conseil-regional-de-securite-3#primaryimage\"},\"thumbnailUrl\":\"https:\/\/static.africa-press.net\/niger\/sites\/40\/2024\/02\/sm_1707384787.128837.jpg\",\"keywords\":[\"Africa Press\",\"Africa Press-Niger\",\"Niger\"],\"articleSection\":[\"Politique\",\"Toutes les actualit\u00e9s\"],\"inLanguage\":\"fr-FR\",\"potentialAction\":[{\"@type\":\"CommentAction\",\"name\":\"Comment\",\"target\":[\"https:\/\/www.africa-press.net\/niger\/politique\/agadez-le-gouverneur-preside-la-reunion-du-conseil-regional-de-securite-3#respond\"]}]},{\"@type\":\"WebPage\",\"@id\":\"https:\/\/www.africa-press.net\/niger\/politique\/agadez-le-gouverneur-preside-la-reunion-du-conseil-regional-de-securite-3\",\"url\":\"https:\/\/www.africa-press.net\/niger\/politique\/agadez-le-gouverneur-preside-la-reunion-du-conseil-regional-de-securite-3\",\"name\":\"Agadez : Le Gouverneur pr\u00e9side la r\u00e9union du Conseil R\u00e9gional de S\u00e9curit\u00e9 - niger\",\"isPartOf\":{\"@id\":\"https:\/\/www.africa-press.net\/niger\/#website\"},\"primaryImageOfPage\":{\"@id\":\"https:\/\/www.africa-press.net\/niger\/politique\/agadez-le-gouverneur-preside-la-reunion-du-conseil-regional-de-securite-3#primaryimage\"},\"image\":{\"@id\":\"https:\/\/www.africa-press.net\/niger\/politique\/agadez-le-gouverneur-preside-la-reunion-du-conseil-regional-de-securite-3#primaryimage\"},\"thumbnailUrl\":\"https:\/\/static.africa-press.net\/niger\/sites\/40\/2024\/02\/sm_1707384787.128837.jpg\",\"datePublished\":\"2024-02-08T12:08:27+00:00\",\"dateModified\":\"2024-02-08T13:12:10+00:00\",\"author\":{\"@id\":\"https:\/\/www.africa-press.net\/niger\/#\/schema\/person\/2b1cf3cd81a31e3cd26889ca66d677f1\"},\"description\":\"Le Gouverneur de la Re\u0301gion d\u2019Agadez, le Ge\u0301ne\u0301ral de Brigade Ibra Boulama Issa a pre\u0301side\u0301, hier mercredi 7 fe\u0301vrier 20 ...\",\"breadcrumb\":{\"@id\":\"https:\/\/www.africa-press.net\/niger\/politique\/agadez-le-gouverneur-preside-la-reunion-du-conseil-regional-de-securite-3#breadcrumb\"},\"inLanguage\":\"fr-FR\",\"potentialAction\":[{\"@type\":\"ReadAction\",\"target\":[\"https:\/\/www.africa-press.net\/niger\/politique\/agadez-le-gouverneur-preside-la-reunion-du-conseil-regional-de-securite-3\"]}]},{\"@type\":\"ImageObject\",\"inLanguage\":\"fr-FR\",\"@id\":\"https:\/\/www.africa-press.net\/niger\/politique\/agadez-le-gouverneur-preside-la-reunion-du-conseil-regional-de-securite-3#primaryimage\",\"url\":\"https:\/\/static.africa-press.net\/niger\/sites\/40\/2024\/02\/sm_1707384787.128837.jpg\",\"contentUrl\":\"https:\/\/static.africa-press.net\/niger\/sites\/40\/2024\/02\/sm_1707384787.128837.jpg\",\"width\":1024,\"height\":683,\"caption\":\"Agadez : Le Gouverneur pr\u00e9side la r\u00e9union du Conseil R\u00e9gional de S\u00e9curit\u00e9\"},{\"@type\":\"BreadcrumbList\",\"@id\":\"https:\/\/www.africa-press.net\/niger\/politique\/agadez-le-gouverneur-preside-la-reunion-du-conseil-regional-de-securite-3#breadcrumb\",\"itemListElement\":[{\"@type\":\"ListItem\",\"position\":1,\"name\":\"Accueil\",\"item\":\"https:\/\/www.africa-press.net\/niger\/\"},{\"@type\":\"ListItem\",\"position\":2,\"name\":\"Agadez : Le Gouverneur pr\u00e9side la r\u00e9union du Conseil R\u00e9gional de S\u00e9curit\u00e9\"}]},{\"@type\":\"WebSite\",\"@id\":\"https:\/\/www.africa-press.net\/niger\/#website\",\"url\":\"https:\/\/www.africa-press.net\/niger\/\",\"name\":\"niger\",\"description\":\"Just another Africa News Agency Sites site\",\"potentialAction\":[{\"@type\":\"SearchAction\",\"target\":{\"@type\":\"EntryPoint\",\"urlTemplate\":\"https:\/\/www.africa-press.net\/niger\/?s={search_term_string}\"},\"query-input\":{\"@type\":\"PropertyValueSpecification\",\"valueRequired\":true,\"valueName\":\"search_term_string\"}}],\"inLanguage\":\"fr-FR\"},{\"@type\":\"Person\",\"@id\":\"https:\/\/www.africa-press.net\/niger\/#\/schema\/person\/2b1cf3cd81a31e3cd26889ca66d677f1\",\"name\":\"cfeditorfr\"}]}<\/script>\n<!-- \/ Yoast SEO Premium plugin. -->","yoast_head_json":{"title":"Agadez : Le Gouverneur pr\u00e9side la r\u00e9union du Conseil R\u00e9gional de S\u00e9curit\u00e9 - niger","description":"Le Gouverneur de la Re\u0301gion d\u2019Agadez, le Ge\u0301ne\u0301ral de Brigade Ibra Boulama Issa a pre\u0301side\u0301, hier mercredi 7 fe\u0301vrier 20 ...","robots":{"index":"index","follow":"follow","max-snippet":"max-snippet:-1","max-image-preview":"max-image-preview:large","max-video-preview":"max-video-preview:-1"},"canonical":"https:\/\/www.africa-press.net\/niger\/politique\/agadez-le-gouverneur-preside-la-reunion-du-conseil-regional-de-securite-3","og_locale":"fr_FR","og_type":"article","og_title":"Agadez : Le Gouverneur pr\u00e9side la r\u00e9union du Conseil R\u00e9gional de S\u00e9curit\u00e9","og_description":"Le Gouverneur de la Re\u0301gion d\u2019Agadez, le Ge\u0301ne\u0301ral de Brigade Ibra Boulama Issa a pre\u0301side\u0301, hier mercredi 7 fe\u0301vrier 20 ...","og_url":"https:\/\/www.africa-press.net\/niger\/politique\/agadez-le-gouverneur-preside-la-reunion-du-conseil-regional-de-securite-3","og_site_name":"niger","article_published_time":"2024-02-08T12:08:27+00:00","article_modified_time":"2024-02-08T13:12:10+00:00","og_image":[{"width":1024,"height":683,"url":"https:\/\/static.africa-press.net\/niger\/sites\/40\/2024\/02\/sm_1707384787.128837.jpg","type":"image\/jpeg"}],"author":"cfeditorfr","twitter_card":"summary_large_image","twitter_misc":{"\u00c9crit par":"cfeditorfr","Dur\u00e9e de lecture estim\u00e9e":"1 minute"},"schema":{"@context":"https:\/\/schema.org","@graph":[{"@type":"Article","@id":"https:\/\/www.africa-press.net\/niger\/politique\/agadez-le-gouverneur-preside-la-reunion-du-conseil-regional-de-securite-3#article","isPartOf":{"@id":"https:\/\/www.africa-press.net\/niger\/politique\/agadez-le-gouverneur-preside-la-reunion-du-conseil-regional-de-securite-3"},"author":{"name":"cfeditorfr","@id":"https:\/\/www.africa-press.net\/niger\/#\/schema\/person\/2b1cf3cd81a31e3cd26889ca66d677f1"},"headline":"Agadez : Le Gouverneur pr\u00e9side la r\u00e9union du Conseil R\u00e9gional de S\u00e9curit\u00e9","datePublished":"2024-02-08T12:08:27+00:00","dateModified":"2024-02-08T13:12:10+00:00","mainEntityOfPage":{"@id":"https:\/\/www.africa-press.net\/niger\/politique\/agadez-le-gouverneur-preside-la-reunion-du-conseil-regional-de-securite-3"},"wordCount":200,"commentCount":0,"image":{"@id":"https:\/\/www.africa-press.net\/niger\/politique\/agadez-le-gouverneur-preside-la-reunion-du-conseil-regional-de-securite-3#primaryimage"},"thumbnailUrl":"https:\/\/static.africa-press.net\/niger\/sites\/40\/2024\/02\/sm_1707384787.128837.jpg","keywords":["Africa Press","Africa Press-Niger","Niger"],"articleSection":["Politique","Toutes les actualit\u00e9s"],"inLanguage":"fr-FR","potentialAction":[{"@type":"CommentAction","name":"Comment","target":["https:\/\/www.africa-press.net\/niger\/politique\/agadez-le-gouverneur-preside-la-reunion-du-conseil-regional-de-securite-3#respond"]}]},{"@type":"WebPage","@id":"https:\/\/www.africa-press.net\/niger\/politique\/agadez-le-gouverneur-preside-la-reunion-du-conseil-regional-de-securite-3","url":"https:\/\/www.africa-press.net\/niger\/politique\/agadez-le-gouverneur-preside-la-reunion-du-conseil-regional-de-securite-3","name":"Agadez : Le Gouverneur pr\u00e9side la r\u00e9union du Conseil R\u00e9gional de S\u00e9curit\u00e9 - niger","isPartOf":{"@id":"https:\/\/www.africa-press.net\/niger\/#website"},"primaryImageOfPage":{"@id":"https:\/\/www.africa-press.net\/niger\/politique\/agadez-le-gouverneur-preside-la-reunion-du-conseil-regional-de-securite-3#primaryimage"},"image":{"@id":"https:\/\/www.africa-press.net\/niger\/politique\/agadez-le-gouverneur-preside-la-reunion-du-conseil-regional-de-securite-3#primaryimage"},"thumbnailUrl":"https:\/\/static.africa-press.net\/niger\/sites\/40\/2024\/02\/sm_1707384787.128837.jpg","datePublished":"2024-02-08T12:08:27+00:00","dateModified":"2024-02-08T13:12:10+00:00","author":{"@id":"https:\/\/www.africa-press.net\/niger\/#\/schema\/person\/2b1cf3cd81a31e3cd26889ca66d677f1"},"description":"Le Gouverneur de la Re\u0301gion d\u2019Agadez, le Ge\u0301ne\u0301ral de Brigade Ibra Boulama Issa a pre\u0301side\u0301, hier mercredi 7 fe\u0301vrier 20 ...","breadcrumb":{"@id":"https:\/\/www.africa-press.net\/niger\/politique\/agadez-le-gouverneur-preside-la-reunion-du-conseil-regional-de-securite-3#breadcrumb"},"inLanguage":"fr-FR","potentialAction":[{"@type":"ReadAction","target":["https:\/\/www.africa-press.net\/niger\/politique\/agadez-le-gouverneur-preside-la-reunion-du-conseil-regional-de-securite-3"]}]},{"@type":"ImageObject","inLanguage":"fr-FR","@id":"https:\/\/www.africa-press.net\/niger\/politique\/agadez-le-gouverneur-preside-la-reunion-du-conseil-regional-de-securite-3#primaryimage","url":"https:\/\/static.africa-press.net\/niger\/sites\/40\/2024\/02\/sm_1707384787.128837.jpg","contentUrl":"https:\/\/static.africa-press.net\/niger\/sites\/40\/2024\/02\/sm_1707384787.128837.jpg","width":1024,"height":683,"caption":"Agadez : Le Gouverneur pr\u00e9side la r\u00e9union du Conseil R\u00e9gional de S\u00e9curit\u00e9"},{"@type":"BreadcrumbList","@id":"https:\/\/www.africa-press.net\/niger\/politique\/agadez-le-gouverneur-preside-la-reunion-du-conseil-regional-de-securite-3#breadcrumb","itemListElement":[{"@type":"ListItem","position":1,"name":"Accueil","item":"https:\/\/www.africa-press.net\/niger\/"},{"@type":"ListItem","position":2,"name":"Agadez : Le Gouverneur pr\u00e9side la r\u00e9union du Conseil R\u00e9gional de S\u00e9curit\u00e9"}]},{"@type":"WebSite","@id":"https:\/\/www.africa-press.net\/niger\/#website","url":"https:\/\/www.africa-press.net\/niger\/","name":"niger","description":"Just another Africa News Agency Sites site","potentialAction":[{"@type":"SearchAction","target":{"@type":"EntryPoint","urlTemplate":"https:\/\/www.africa-press.net\/niger\/?s={search_term_string}"},"query-input":{"@type":"PropertyValueSpecification","valueRequired":true,"valueName":"search_term_string"}}],"inLanguage":"fr-FR"},{"@type":"Person","@id":"https:\/\/www.africa-press.net\/niger\/#\/schema\/person\/2b1cf3cd81a31e3cd26889ca66d677f1","name":"cfeditorfr"}]}},"_links":{"self":[{"href":"https:\/\/www.africa-press.net\/niger\/wp-json\/wp\/v2\/posts\/58388","targetHints":{"allow":["GET"]}}],"collection":[{"href":"https:\/\/www.africa-press.net\/niger\/wp-json\/wp\/v2\/posts"}],"about":[{"href":"https:\/\/www.africa-press.net\/niger\/wp-json\/wp\/v2\/types\/post"}],"author":[{"embeddable":true,"href":"https:\/\/www.africa-press.net\/niger\/wp-json\/wp\/v2\/users\/82"}],"replies":[{"embeddable":true,"href":"https:\/\/www.africa-press.net\/niger\/wp-json\/wp\/v2\/comments?post=58388"}],"version-history":[{"count":0,"href":"https:\/\/www.africa-press.net\/niger\/wp-json\/wp\/v2\/posts\/58388\/revisions"}],"wp:featuredmedia":[{"embeddable":true,"href":"https:\/\/www.africa-press.net\/niger\/wp-json\/wp\/v2\/media\/58387"}],"wp:attachment":[{"href":"https:\/\/www.africa-press.net\/niger\/wp-json\/wp\/v2\/media?parent=58388"}],"wp:term":[{"taxonomy":"category","embeddable":true,"href":"https:\/\/www.africa-press.net\/niger\/wp-json\/wp\/v2\/categories?post=58388"},{"taxonomy":"post_tag","embeddable":true,"href":"https:\/\/www.africa-press.net\/niger\/wp-json\/wp\/v2\/tags?post=58388"}],"curies":[{"name":"wp","href":"https:\/\/api.w.org\/{rel}","templated":true}]}}