{"id":58390,"date":"2024-02-08T12:09:05","date_gmt":"2024-02-08T12:09:05","guid":{"rendered":"https:\/\/www.africa-press.net\/niger\/politique\/journalisme-de-donnees-20-journalistes-africains-entament-une-formation-de-6-mois-organisee-par-le-jicom-de-dakar"},"modified":"2024-02-08T13:15:32","modified_gmt":"2024-02-08T13:15:32","slug":"journalisme-de-donnees-20-journalistes-africains-entament-une-formation-de-6-mois-organisee-par-le-jicom-de-dakar","status":"publish","type":"post","link":"https:\/\/www.africa-press.net\/niger\/politique\/journalisme-de-donnees-20-journalistes-africains-entament-une-formation-de-6-mois-organisee-par-le-jicom-de-dakar","title":{"rendered":"Journalisme de donn\u00e9es : 20 journalistes africains entament une formation de 6 mois organis\u00e9e par l\u2019E-jicom de Dakar"},"content":{"rendered":"<p><span style=\"color: #ff6600\"><strong>Africa-Press &#8211; Niger. <\/strong><\/span><b>La session inaugurale de la 2e\u0300me e\u0301dition du Programme de formation au journalisme de donne\u0301es de l\u2019Ecole Supe\u0301rieure de Journalisme, des Me\u0301tiers de l\u2019Internet et de la Communication (E-jicom) s\u2019est de\u0301roule\u0301e en ligne, le mercredi 7 fe\u0301vrier dernier. Durant six (6) mois, vingt journalistes se\u0301lectionne\u0301s vont suivre des cours sur l\u2019utilisation des donne\u0301es en journalisme, notamment en fact checking, investigation, Grand Reportage et Data Journalisme. Les journalistes boursiers du PJD-Ejicom 2024 sont issus du Niger, du Burkina Faso, du Congo (RDC), de la Co\u0302te d\u2019Ivoire et du Se\u0301ne\u0301gal.<\/b><\/p>\n<p>Ce programme qui vise a\u0300 promouvoir la pratique du Data Journalisme ou Journalisme de Donne\u0301es non seulement dans les cinq pays cible\u0301s, mais aussi en Afrique francophone de manie\u0300re ge\u0301ne\u0301rale, est mis en \u0153uvre par l\u2019E-jicom au profit des journalistes en activite\u0301 afin de promouvoir un journalisme de qualite\u0301 sur les questions de de\u0301veloppement. Durant la formation, et me\u0302me au-dela\u0300 gra\u0302ce a\u0300 la mise en re\u0301seaux, l\u2019Ecole Supe\u0301rieure de Journalisme, des Me\u0301tiers de l\u2019Internet et de la Communication s\u2019engage a\u0300 fournir les connaissances et les ressources devant aider les participants a\u0300 produire des contenus de qualite\u0301 dans leurs me\u0301dias respectifs. \u00ab Si nous voulons sauver notre me\u0301tier, si nous voulons faire quelque chose dans notre me\u0301tier qui nous soit spe\u0301cifique, que tout le monde ne peut pas faire, ce sont ces genres-la\u0300: fact checking, investigation, Grand Reportage, Data Journalisme. C\u2019est c\u0327a qui demande du temps et c\u2019est cela qu\u2019un professionnel bien forme\u0301, avec les bons outils, pourra faire \u00bb, a indique\u0301 le directeur de l\u2019E-jicom, M. Hamadou Tidiane SY a\u0300 la session inaugurale.<\/p>\n<p>Il a souligne\u0301 que la se\u0301lection des be\u0301ne\u0301ficiaires du PJD-Ejicom 2024 a e\u0301te\u0301 un challenge en raison du nombre e\u0301leve\u0301 de candidatures rec\u0327ues. Le responsable de l\u2019e\u0301cole dakaroise a pre\u0301venu les participants que cette formation, bien que se de\u0301roulant en ligne, ne\u0301cessite un fort engagement de leur part pour pre\u0301tendre a\u0300 l\u2019attestation de fin de formation. \u00ab Il vous faut consacrer du temps a\u0300 cela&#8230; L\u2019ide\u0301e, c\u2019est de s\u2019assurer que nous apportions quelque chose a\u0300 notre me\u0301tier, d\u2019abord, a\u0300 notre socie\u0301te\u0301, ensuite \u00bb, a-t-il dit, insistant a\u0300 plusieurs reprises sur l\u2019assiduite\u0301 des boursiers et la production d\u2019articles pour recevoir l\u2019attestation tant convoite\u0301e de fin de formation. Me\u0302me si, a poursuivi M. Hamadou Tidiane SY, la valeur ajoute\u0301e que les professionnels se\u0301lectionne\u0301s apporteront a\u0300 la formation est tout aussi importante pour lui et son e\u0301quipe de formateurs et encadreurs.<\/p>\n<p>Abondant dans le me\u0302me sens, le directeur de la re\u0301daction et des centres re\u0301gionaux de l\u2019Office National d\u2019Edition et de Presse (ONEP), be\u0301ne\u0301ficiaire de la premie\u0300re e\u0301dition de formation au journalisme de Donne\u0301es qui s\u2019est de\u0301roule\u0301e l\u2019anne\u0301e dernie\u0300re, a conseille\u0301 a\u0300 la cohorte du PJD-Ejicom 2024 d\u2019avoir la volonte\u0301 de suivre assidu\u0302ment la formation jusqu\u2019a\u0300 son terme. \u00ab Cette formation en journalisme, c\u2019est le plus qui fait la diffe\u0301rence d\u2019avec ce qu\u2019on a l\u2019habitude de faire, le journalisme traditionnel\u00bb, a de\u0301clare\u0301 M. Sanda Mamane Siradji.<\/p>\n<p>\u00ab Pour celui qui veut ame\u0301liorer ses pratiques journalistiques et e\u0302tre vraiment dans l\u2019air du temps, comme on le dit, je pense que le journalisme de donne\u0301es est une opportunite\u0301 a\u0300 saisir. Vous allez vous remettre en cause, c\u0327a c\u2019est clair ! Malgre\u0301 mes 15 ans d\u2019exercice dans le me\u0301tier, je vous dis que je me suis beaucoup remis en cause, en raison certainement de beaucoup d\u2019observations que M. Sy nous a faites relativement a\u0300 la pratique journalistique \u00bb, a pre\u0301venu cet ancien boursier du PJD-Ejicom 2023 qui s\u2019engage de\u0301sormais dans la promotion du Journalisme de Donne\u0301es.<\/p>\n<p><b>Souleymane Yahaya (ONEP)<\/b><\/p>\n<p><strong>Pour plus d&rsquo;informations et d&rsquo;analyses sur la <a href=\"https:\/\/www.africa-press.net\/niger\">Niger<\/a>, suivez <a href=\"https:\/\/www.africa-press.net\/\">Africa-Press<\/a><\/strong><\/p>\n","protected":false},"excerpt":{"rendered":"<p>Africa-Press &#8211; Niger. La session inaugurale de la 2e\u0300me e\u0301dition du Programme de formation au journalisme de donne\u0301es de l\u2019Ecole Supe\u0301rieure de Journalisme, des Me\u0301tiers de l\u2019Internet et de la Communication (E-jicom) s\u2019est de\u0301roule\u0301e en ligne, le mercredi 7 fe\u0301vrier dernier. Durant six (6) mois, vingt journalistes se\u0301lectionne\u0301s vont suivre des cours sur l\u2019utilisation des [&hellip;]<\/p>\n","protected":false},"author":82,"featured_media":58389,"comment_status":"open","ping_status":"closed","sticky":false,"template":"","format":"standard","meta":{"footnotes":""},"categories":[2,10],"tags":[55,60,29],"class_list":["post-58390","post","type-post","status-publish","format-standard","has-post-thumbnail","hentry","category-politique","category-toutes-les-actualites","tag-africa-press","tag-africa-press-niger","tag-niger"],"yoast_head":"<!-- This site is optimized with the Yoast SEO Premium plugin v26.1 (Yoast SEO v27.0) - https:\/\/yoast.com\/product\/yoast-seo-premium-wordpress\/ -->\n<title>Journalisme de donn\u00e9es : 20 journalistes africains entament une formation de 6 mois organis\u00e9e par l\u2019E-jicom de Dakar - niger<\/title>\n<meta name=\"description\" content=\"La session inaugurale de la 2e\u0300me e\u0301dition du Programme de formation au journalisme de donne\u0301es de l\u2019Ecole Supe\u0301rieur ...\" \/>\n<meta name=\"robots\" content=\"index, follow, max-snippet:-1, max-image-preview:large, max-video-preview:-1\" \/>\n<link rel=\"canonical\" href=\"https:\/\/www.africa-press.net\/niger\/politique\/journalisme-de-donnees-20-journalistes-africains-entament-une-formation-de-6-mois-organisee-par-le-jicom-de-dakar\" \/>\n<meta property=\"og:locale\" content=\"fr_FR\" \/>\n<meta property=\"og:type\" content=\"article\" \/>\n<meta property=\"og:title\" content=\"Journalisme de donn\u00e9es : 20 journalistes africains entament une formation de 6 mois organis\u00e9e par l\u2019E-jicom de Dakar\" \/>\n<meta property=\"og:description\" content=\"La session inaugurale de la 2e\u0300me e\u0301dition du Programme de formation au journalisme de donne\u0301es de l\u2019Ecole Supe\u0301rieur ...\" \/>\n<meta property=\"og:url\" content=\"https:\/\/www.africa-press.net\/niger\/politique\/journalisme-de-donnees-20-journalistes-africains-entament-une-formation-de-6-mois-organisee-par-le-jicom-de-dakar\" \/>\n<meta property=\"og:site_name\" content=\"niger\" \/>\n<meta property=\"article:published_time\" content=\"2024-02-08T12:09:05+00:00\" \/>\n<meta property=\"article:modified_time\" content=\"2024-02-08T13:15:32+00:00\" \/>\n<meta property=\"og:image\" content=\"https:\/\/static.africa-press.net\/niger\/sites\/40\/2024\/02\/sm_1707384814.400968.jpg\" \/>\n\t<meta property=\"og:image:width\" content=\"1024\" \/>\n\t<meta property=\"og:image:height\" content=\"473\" \/>\n\t<meta property=\"og:image:type\" content=\"image\/jpeg\" \/>\n<meta name=\"author\" content=\"cfeditorfr\" \/>\n<meta name=\"twitter:card\" content=\"summary_large_image\" \/>\n<meta name=\"twitter:label1\" content=\"\u00c9crit par\" \/>\n\t<meta name=\"twitter:data1\" content=\"cfeditorfr\" \/>\n\t<meta name=\"twitter:label2\" content=\"Dur\u00e9e de lecture estim\u00e9e\" \/>\n\t<meta name=\"twitter:data2\" content=\"3 minutes\" \/>\n<script type=\"application\/ld+json\" class=\"yoast-schema-graph\">{\"@context\":\"https:\/\/schema.org\",\"@graph\":[{\"@type\":\"Article\",\"@id\":\"https:\/\/www.africa-press.net\/niger\/politique\/journalisme-de-donnees-20-journalistes-africains-entament-une-formation-de-6-mois-organisee-par-le-jicom-de-dakar#article\",\"isPartOf\":{\"@id\":\"https:\/\/www.africa-press.net\/niger\/politique\/journalisme-de-donnees-20-journalistes-africains-entament-une-formation-de-6-mois-organisee-par-le-jicom-de-dakar\"},\"author\":{\"name\":\"cfeditorfr\",\"@id\":\"https:\/\/www.africa-press.net\/niger\/#\/schema\/person\/2b1cf3cd81a31e3cd26889ca66d677f1\"},\"headline\":\"Journalisme de donn\u00e9es : 20 journalistes africains entament une formation de 6 mois organis\u00e9e par l\u2019E-jicom de Dakar\",\"datePublished\":\"2024-02-08T12:09:05+00:00\",\"dateModified\":\"2024-02-08T13:15:32+00:00\",\"mainEntityOfPage\":{\"@id\":\"https:\/\/www.africa-press.net\/niger\/politique\/journalisme-de-donnees-20-journalistes-africains-entament-une-formation-de-6-mois-organisee-par-le-jicom-de-dakar\"},\"wordCount\":712,\"commentCount\":0,\"image\":{\"@id\":\"https:\/\/www.africa-press.net\/niger\/politique\/journalisme-de-donnees-20-journalistes-africains-entament-une-formation-de-6-mois-organisee-par-le-jicom-de-dakar#primaryimage\"},\"thumbnailUrl\":\"https:\/\/static.africa-press.net\/niger\/sites\/40\/2024\/02\/sm_1707384814.400968.jpg\",\"keywords\":[\"Africa Press\",\"Africa Press-Niger\",\"Niger\"],\"articleSection\":[\"Politique\",\"Toutes les actualit\u00e9s\"],\"inLanguage\":\"fr-FR\",\"potentialAction\":[{\"@type\":\"CommentAction\",\"name\":\"Comment\",\"target\":[\"https:\/\/www.africa-press.net\/niger\/politique\/journalisme-de-donnees-20-journalistes-africains-entament-une-formation-de-6-mois-organisee-par-le-jicom-de-dakar#respond\"]}]},{\"@type\":\"WebPage\",\"@id\":\"https:\/\/www.africa-press.net\/niger\/politique\/journalisme-de-donnees-20-journalistes-africains-entament-une-formation-de-6-mois-organisee-par-le-jicom-de-dakar\",\"url\":\"https:\/\/www.africa-press.net\/niger\/politique\/journalisme-de-donnees-20-journalistes-africains-entament-une-formation-de-6-mois-organisee-par-le-jicom-de-dakar\",\"name\":\"Journalisme de donn\u00e9es : 20 journalistes africains entament une formation de 6 mois organis\u00e9e par l\u2019E-jicom de Dakar - niger\",\"isPartOf\":{\"@id\":\"https:\/\/www.africa-press.net\/niger\/#website\"},\"primaryImageOfPage\":{\"@id\":\"https:\/\/www.africa-press.net\/niger\/politique\/journalisme-de-donnees-20-journalistes-africains-entament-une-formation-de-6-mois-organisee-par-le-jicom-de-dakar#primaryimage\"},\"image\":{\"@id\":\"https:\/\/www.africa-press.net\/niger\/politique\/journalisme-de-donnees-20-journalistes-africains-entament-une-formation-de-6-mois-organisee-par-le-jicom-de-dakar#primaryimage\"},\"thumbnailUrl\":\"https:\/\/static.africa-press.net\/niger\/sites\/40\/2024\/02\/sm_1707384814.400968.jpg\",\"datePublished\":\"2024-02-08T12:09:05+00:00\",\"dateModified\":\"2024-02-08T13:15:32+00:00\",\"author\":{\"@id\":\"https:\/\/www.africa-press.net\/niger\/#\/schema\/person\/2b1cf3cd81a31e3cd26889ca66d677f1\"},\"description\":\"La session inaugurale de la 2e\u0300me e\u0301dition du Programme de formation au journalisme de donne\u0301es de l\u2019Ecole Supe\u0301rieur ...\",\"breadcrumb\":{\"@id\":\"https:\/\/www.africa-press.net\/niger\/politique\/journalisme-de-donnees-20-journalistes-africains-entament-une-formation-de-6-mois-organisee-par-le-jicom-de-dakar#breadcrumb\"},\"inLanguage\":\"fr-FR\",\"potentialAction\":[{\"@type\":\"ReadAction\",\"target\":[\"https:\/\/www.africa-press.net\/niger\/politique\/journalisme-de-donnees-20-journalistes-africains-entament-une-formation-de-6-mois-organisee-par-le-jicom-de-dakar\"]}]},{\"@type\":\"ImageObject\",\"inLanguage\":\"fr-FR\",\"@id\":\"https:\/\/www.africa-press.net\/niger\/politique\/journalisme-de-donnees-20-journalistes-africains-entament-une-formation-de-6-mois-organisee-par-le-jicom-de-dakar#primaryimage\",\"url\":\"https:\/\/static.africa-press.net\/niger\/sites\/40\/2024\/02\/sm_1707384814.400968.jpg\",\"contentUrl\":\"https:\/\/static.africa-press.net\/niger\/sites\/40\/2024\/02\/sm_1707384814.400968.jpg\",\"width\":1024,\"height\":473,\"caption\":\"Journalisme de donn\u00e9es : 20 journalistes africains entament une formation de 6 mois organis\u00e9e par l\u2019E-jicom de Dakar\"},{\"@type\":\"BreadcrumbList\",\"@id\":\"https:\/\/www.africa-press.net\/niger\/politique\/journalisme-de-donnees-20-journalistes-africains-entament-une-formation-de-6-mois-organisee-par-le-jicom-de-dakar#breadcrumb\",\"itemListElement\":[{\"@type\":\"ListItem\",\"position\":1,\"name\":\"Accueil\",\"item\":\"https:\/\/www.africa-press.net\/niger\/\"},{\"@type\":\"ListItem\",\"position\":2,\"name\":\"Journalisme de donn\u00e9es : 20 journalistes africains entament une formation de 6 mois organis\u00e9e par l\u2019E-jicom de Dakar\"}]},{\"@type\":\"WebSite\",\"@id\":\"https:\/\/www.africa-press.net\/niger\/#website\",\"url\":\"https:\/\/www.africa-press.net\/niger\/\",\"name\":\"niger\",\"description\":\"Just another Africa News Agency Sites site\",\"potentialAction\":[{\"@type\":\"SearchAction\",\"target\":{\"@type\":\"EntryPoint\",\"urlTemplate\":\"https:\/\/www.africa-press.net\/niger\/?s={search_term_string}\"},\"query-input\":{\"@type\":\"PropertyValueSpecification\",\"valueRequired\":true,\"valueName\":\"search_term_string\"}}],\"inLanguage\":\"fr-FR\"},{\"@type\":\"Person\",\"@id\":\"https:\/\/www.africa-press.net\/niger\/#\/schema\/person\/2b1cf3cd81a31e3cd26889ca66d677f1\",\"name\":\"cfeditorfr\"}]}<\/script>\n<!-- \/ Yoast SEO Premium plugin. -->","yoast_head_json":{"title":"Journalisme de donn\u00e9es : 20 journalistes africains entament une formation de 6 mois organis\u00e9e par l\u2019E-jicom de Dakar - niger","description":"La session inaugurale de la 2e\u0300me e\u0301dition du Programme de formation au journalisme de donne\u0301es de l\u2019Ecole Supe\u0301rieur ...","robots":{"index":"index","follow":"follow","max-snippet":"max-snippet:-1","max-image-preview":"max-image-preview:large","max-video-preview":"max-video-preview:-1"},"canonical":"https:\/\/www.africa-press.net\/niger\/politique\/journalisme-de-donnees-20-journalistes-africains-entament-une-formation-de-6-mois-organisee-par-le-jicom-de-dakar","og_locale":"fr_FR","og_type":"article","og_title":"Journalisme de donn\u00e9es : 20 journalistes africains entament une formation de 6 mois organis\u00e9e par l\u2019E-jicom de Dakar","og_description":"La session inaugurale de la 2e\u0300me e\u0301dition du Programme de formation au journalisme de donne\u0301es de l\u2019Ecole Supe\u0301rieur ...","og_url":"https:\/\/www.africa-press.net\/niger\/politique\/journalisme-de-donnees-20-journalistes-africains-entament-une-formation-de-6-mois-organisee-par-le-jicom-de-dakar","og_site_name":"niger","article_published_time":"2024-02-08T12:09:05+00:00","article_modified_time":"2024-02-08T13:15:32+00:00","og_image":[{"width":1024,"height":473,"url":"https:\/\/static.africa-press.net\/niger\/sites\/40\/2024\/02\/sm_1707384814.400968.jpg","type":"image\/jpeg"}],"author":"cfeditorfr","twitter_card":"summary_large_image","twitter_misc":{"\u00c9crit par":"cfeditorfr","Dur\u00e9e de lecture estim\u00e9e":"3 minutes"},"schema":{"@context":"https:\/\/schema.org","@graph":[{"@type":"Article","@id":"https:\/\/www.africa-press.net\/niger\/politique\/journalisme-de-donnees-20-journalistes-africains-entament-une-formation-de-6-mois-organisee-par-le-jicom-de-dakar#article","isPartOf":{"@id":"https:\/\/www.africa-press.net\/niger\/politique\/journalisme-de-donnees-20-journalistes-africains-entament-une-formation-de-6-mois-organisee-par-le-jicom-de-dakar"},"author":{"name":"cfeditorfr","@id":"https:\/\/www.africa-press.net\/niger\/#\/schema\/person\/2b1cf3cd81a31e3cd26889ca66d677f1"},"headline":"Journalisme de donn\u00e9es : 20 journalistes africains entament une formation de 6 mois organis\u00e9e par l\u2019E-jicom de Dakar","datePublished":"2024-02-08T12:09:05+00:00","dateModified":"2024-02-08T13:15:32+00:00","mainEntityOfPage":{"@id":"https:\/\/www.africa-press.net\/niger\/politique\/journalisme-de-donnees-20-journalistes-africains-entament-une-formation-de-6-mois-organisee-par-le-jicom-de-dakar"},"wordCount":712,"commentCount":0,"image":{"@id":"https:\/\/www.africa-press.net\/niger\/politique\/journalisme-de-donnees-20-journalistes-africains-entament-une-formation-de-6-mois-organisee-par-le-jicom-de-dakar#primaryimage"},"thumbnailUrl":"https:\/\/static.africa-press.net\/niger\/sites\/40\/2024\/02\/sm_1707384814.400968.jpg","keywords":["Africa Press","Africa Press-Niger","Niger"],"articleSection":["Politique","Toutes les actualit\u00e9s"],"inLanguage":"fr-FR","potentialAction":[{"@type":"CommentAction","name":"Comment","target":["https:\/\/www.africa-press.net\/niger\/politique\/journalisme-de-donnees-20-journalistes-africains-entament-une-formation-de-6-mois-organisee-par-le-jicom-de-dakar#respond"]}]},{"@type":"WebPage","@id":"https:\/\/www.africa-press.net\/niger\/politique\/journalisme-de-donnees-20-journalistes-africains-entament-une-formation-de-6-mois-organisee-par-le-jicom-de-dakar","url":"https:\/\/www.africa-press.net\/niger\/politique\/journalisme-de-donnees-20-journalistes-africains-entament-une-formation-de-6-mois-organisee-par-le-jicom-de-dakar","name":"Journalisme de donn\u00e9es : 20 journalistes africains entament une formation de 6 mois organis\u00e9e par l\u2019E-jicom de Dakar - niger","isPartOf":{"@id":"https:\/\/www.africa-press.net\/niger\/#website"},"primaryImageOfPage":{"@id":"https:\/\/www.africa-press.net\/niger\/politique\/journalisme-de-donnees-20-journalistes-africains-entament-une-formation-de-6-mois-organisee-par-le-jicom-de-dakar#primaryimage"},"image":{"@id":"https:\/\/www.africa-press.net\/niger\/politique\/journalisme-de-donnees-20-journalistes-africains-entament-une-formation-de-6-mois-organisee-par-le-jicom-de-dakar#primaryimage"},"thumbnailUrl":"https:\/\/static.africa-press.net\/niger\/sites\/40\/2024\/02\/sm_1707384814.400968.jpg","datePublished":"2024-02-08T12:09:05+00:00","dateModified":"2024-02-08T13:15:32+00:00","author":{"@id":"https:\/\/www.africa-press.net\/niger\/#\/schema\/person\/2b1cf3cd81a31e3cd26889ca66d677f1"},"description":"La session inaugurale de la 2e\u0300me e\u0301dition du Programme de formation au journalisme de donne\u0301es de l\u2019Ecole Supe\u0301rieur ...","breadcrumb":{"@id":"https:\/\/www.africa-press.net\/niger\/politique\/journalisme-de-donnees-20-journalistes-africains-entament-une-formation-de-6-mois-organisee-par-le-jicom-de-dakar#breadcrumb"},"inLanguage":"fr-FR","potentialAction":[{"@type":"ReadAction","target":["https:\/\/www.africa-press.net\/niger\/politique\/journalisme-de-donnees-20-journalistes-africains-entament-une-formation-de-6-mois-organisee-par-le-jicom-de-dakar"]}]},{"@type":"ImageObject","inLanguage":"fr-FR","@id":"https:\/\/www.africa-press.net\/niger\/politique\/journalisme-de-donnees-20-journalistes-africains-entament-une-formation-de-6-mois-organisee-par-le-jicom-de-dakar#primaryimage","url":"https:\/\/static.africa-press.net\/niger\/sites\/40\/2024\/02\/sm_1707384814.400968.jpg","contentUrl":"https:\/\/static.africa-press.net\/niger\/sites\/40\/2024\/02\/sm_1707384814.400968.jpg","width":1024,"height":473,"caption":"Journalisme de donn\u00e9es : 20 journalistes africains entament une formation de 6 mois organis\u00e9e par l\u2019E-jicom de Dakar"},{"@type":"BreadcrumbList","@id":"https:\/\/www.africa-press.net\/niger\/politique\/journalisme-de-donnees-20-journalistes-africains-entament-une-formation-de-6-mois-organisee-par-le-jicom-de-dakar#breadcrumb","itemListElement":[{"@type":"ListItem","position":1,"name":"Accueil","item":"https:\/\/www.africa-press.net\/niger\/"},{"@type":"ListItem","position":2,"name":"Journalisme de donn\u00e9es : 20 journalistes africains entament une formation de 6 mois organis\u00e9e par l\u2019E-jicom de Dakar"}]},{"@type":"WebSite","@id":"https:\/\/www.africa-press.net\/niger\/#website","url":"https:\/\/www.africa-press.net\/niger\/","name":"niger","description":"Just another Africa News Agency Sites site","potentialAction":[{"@type":"SearchAction","target":{"@type":"EntryPoint","urlTemplate":"https:\/\/www.africa-press.net\/niger\/?s={search_term_string}"},"query-input":{"@type":"PropertyValueSpecification","valueRequired":true,"valueName":"search_term_string"}}],"inLanguage":"fr-FR"},{"@type":"Person","@id":"https:\/\/www.africa-press.net\/niger\/#\/schema\/person\/2b1cf3cd81a31e3cd26889ca66d677f1","name":"cfeditorfr"}]}},"_links":{"self":[{"href":"https:\/\/www.africa-press.net\/niger\/wp-json\/wp\/v2\/posts\/58390","targetHints":{"allow":["GET"]}}],"collection":[{"href":"https:\/\/www.africa-press.net\/niger\/wp-json\/wp\/v2\/posts"}],"about":[{"href":"https:\/\/www.africa-press.net\/niger\/wp-json\/wp\/v2\/types\/post"}],"author":[{"embeddable":true,"href":"https:\/\/www.africa-press.net\/niger\/wp-json\/wp\/v2\/users\/82"}],"replies":[{"embeddable":true,"href":"https:\/\/www.africa-press.net\/niger\/wp-json\/wp\/v2\/comments?post=58390"}],"version-history":[{"count":0,"href":"https:\/\/www.africa-press.net\/niger\/wp-json\/wp\/v2\/posts\/58390\/revisions"}],"wp:featuredmedia":[{"embeddable":true,"href":"https:\/\/www.africa-press.net\/niger\/wp-json\/wp\/v2\/media\/58389"}],"wp:attachment":[{"href":"https:\/\/www.africa-press.net\/niger\/wp-json\/wp\/v2\/media?parent=58390"}],"wp:term":[{"taxonomy":"category","embeddable":true,"href":"https:\/\/www.africa-press.net\/niger\/wp-json\/wp\/v2\/categories?post=58390"},{"taxonomy":"post_tag","embeddable":true,"href":"https:\/\/www.africa-press.net\/niger\/wp-json\/wp\/v2\/tags?post=58390"}],"curies":[{"name":"wp","href":"https:\/\/api.w.org\/{rel}","templated":true}]}}