{"id":58394,"date":"2024-02-08T12:10:05","date_gmt":"2024-02-08T12:10:05","guid":{"rendered":"https:\/\/www.africa-press.net\/niger\/politique\/visite-du-ministre-du-commerce-et-de-lindustrie-dans-des-etablissements-et-unites-industrielles-sassurer-de-la-disponibilite-des-produits-de-premiere-necessite-en-prelude-au-mois-b"},"modified":"2024-02-08T13:17:11","modified_gmt":"2024-02-08T13:17:11","slug":"visite-du-ministre-du-commerce-et-de-lindustrie-dans-des-etablissements-et-unites-industrielles-sassurer-de-la-disponibilite-des-produits-de-premiere-necessite-en-prelude-au-mois-b","status":"publish","type":"post","link":"https:\/\/www.africa-press.net\/niger\/economie\/visite-du-ministre-du-commerce-et-de-lindustrie-dans-des-etablissements-et-unites-industrielles-sassurer-de-la-disponibilite-des-produits-de-premiere-necessite-en-prelude-au-mois-b","title":{"rendered":"Visite du ministre du Commerce et de l\u2019Industrie dans des \u00e9tablissements et unit\u00e9s industrielles : S\u2019assurer de la disponibilit\u00e9 des produits de premi\u00e8re n\u00e9cessit\u00e9 en pr\u00e9lude au mois b\u00e9ni de Ramadan"},"content":{"rendered":"<p><span style=\"color: #ff6600\"><strong>Africa-Press &#8211; Niger. <\/strong><\/span><b>Le ministre du Commerce et de l\u2019Industrie, M. Seydou Asman a effectue\u0301, hier matin a\u0300 Niamey, une se\u0301rie de visites. C\u2019est ainsi qu\u2019il s\u2019est rendu au niveau de certaines unite\u0301s industrielles et grandes surfaces a\u0300 savoir Adelco BM Rice Mill et Belvie, Oriba, et a\u0300 l\u2019Etablissement Houdou Younoussa et Dan Takoussa. Le ministre du Commerce et de l\u2019Industrie a encourage\u0301 les responsables de ces entite\u0301s commerciales a\u0300 de\u0301velopper des strate\u0301gies leur permettant d\u2019e\u0301largir leur re\u0301seau de distribution. Il a e\u0301galement pre\u0301cise\u0301 que cette visite vise a\u0300 constater la disponibilite\u0301 et l\u2019accessibilite\u0301 des produits de premie\u0300re ne\u0301cessite\u0301 en cette pe\u0301riode de pre\u0301paratif de Ramadan.<\/b><\/p>\n<p>Ce de\u0301placement qui intervient a\u0300 quelques semaines du de\u0301but du mois be\u0301ni de Ramadan vise a\u0300 constater de visu non seulement la disponibilite\u0301, mais surtout l\u2019accessibilite\u0301 des produits de premie\u0300re ne\u0301cessite\u0301. Cette anne\u0301e le mois be\u0301ni interviendra dans un contexte ou\u0300 notre pays est victime de sanctions injustices et inhumaines qui ont d\u2019e\u0301normes re\u0301percussions ne\u0301gatives sur la vie de la population et surtout sur le prix des produits de premie\u0300re ne\u0301cessite\u0301.<\/p>\n<p>A Adelco BM Rice Mill, une unite\u0301 spe\u0301cialise\u0301e dans le de\u0301corticage du riz ainsi que sa vente, le ministre du Commerce et de l\u2019Industrie a encourage\u0301 le promoteur a\u0300 de\u0301velopper des strate\u0301gies lui permettant de rapprocher les clients en de\u0301veloppant un re\u0301seau de distribution car, une fois le produit connu, les clients viendront d\u2019eux-me\u0302mes. M. Seydou Asman a transmis les encouragements des plus hautes autorite\u0301s au promoteur de cette unite\u0301 pour cette initiative qui participe a\u0300 la valorisation et a\u0300 la consommation du riz local. Pour le ministre du Commerce et de l\u2019Industrie, un bon a e\u0301te\u0301 fait a\u0300 travers la cre\u0301ation de cette unite\u0301. Et le responsable d\u2019attester de la qualite\u0301 du riz transforme\u0301 de cette socie\u0301te\u0301 car, appre\u0301cie\u0301 et juge\u0301 meilleur que certains riz importe\u0301s.<\/p>\n<p>Tout comme a\u0300 Adelco, le ministre du Commerce et de l\u2019Industrie a prodigue\u0301 presque les me\u0302mes conseils aux responsables de Belvie, une unite\u0301 spe\u0301cialise\u0301e dans la production et la vente de l\u2019eau mine\u0301rale et autres boissons. Selon le responsable de la socie\u0301te\u0301, leurs produits re\u0301pondent aux normes internationales pre\u0301cisant que la production est axe\u0301e sur la qualite\u0301. Il a ajoute\u0301 que l\u2019eau qui est extraite a\u0300 77 m de profondeur est filtre\u0301e, traite\u0301e, et soumise a\u0300 des analyses rigoureuses physicochimiques et bacte\u0301riologiques. \u00ab Il faudrait redoubler d\u2019effort pour cre\u0301er un cadre qui puisse vous permettre d\u2019e\u0301largir vos champs de distribution. Nous avons un pays tre\u0300s vaste ou\u0300 le besoin est e\u0301norme. Le gouvernement est pre\u0302t a\u0300 accompagner ces initiatives \u00bb, a rassure\u0301 le ministre Seydou Asman.<\/p>\n<p>Cette visite a pris fin au niveau des e\u0301tablissements des trois principaux importateurs de riz a\u0300 savoir la Socie\u0301te\u0301 Oriba, les Etablissement Houdou Younoussa et Dan Takoussa. A\u0300 ce niveau e\u0301galement, la de\u0301le\u0301gation a e\u0301te\u0301 rassure\u0301e sur la disponibilite\u0301 de plusieurs produits de premie\u0300re ne\u0301cessite\u0301 dont le riz, l\u2019huile et le lait. Le ministre Seydou Asman a demande\u0301 a\u0300 ces importateurs de ne pas ce\u0301der a\u0300 la tentation de l\u2019inflation, et d\u2019\u0153uvrer a\u0300 la stabilite\u0301 du prix.<\/p>\n<p>A l\u2019issue de ces visites, le ministre du Commerce et de l\u2019Industrie a explique\u0301 que ce de\u0301placement est ne\u0301cessaire en ce moment pre\u0301cis ou\u0300 le Niger s\u2019appre\u0302te a\u0300 accueillir le Ramadan, un moment ou\u0300 la demande est tre\u0300s forte. M. Seydou Asman a pre\u0301cise\u0301 que le but de cette visite est d\u2019avoir une ide\u0301e claire sur ce qui se passe dans nos marche\u0301s. \u00ab C\u2019est pourquoi, nous avons juge\u0301 utile de revenir vers les importateurs afin de constater comment est ce qu\u2019ils sont en train de se pre\u0301parer pour assurer la disponibilite\u0301 et l\u2019accessibilite\u0301 des produits de premie\u0300re ne\u0301cessite\u0301. Je constate avec satisfaction, pour le moment, la disponibilite\u0301 de ces produits au niveau de ces e\u0301tablissements que nous avons visite\u0301s. Ces ope\u0301rateurs nous ont rassure\u0301 de l\u2019arrive\u0301e tre\u0300s biento\u0302t d\u2019autres produits d\u2019ici le de\u0301but du Ramadan \u00bb, a-t-il ajoute\u0301.<\/p>\n<p>Par ailleurs, le ministre du Commerce et de l\u2019Industrie a saisi cette occasion pour transmettre le message d\u2019encouragement du Pre\u0301sident du CNSP, Chef de l\u2019Etat, le Ge\u0301ne\u0301ral de Brigade Abdourahamane Tiani et celui du Premier ministre Ali Mahamane Lamine Zeine a\u0300 ces ope\u0301rateurs e\u0301conomiques pour leurs contributions a\u0300 l\u2019effort national. \u00ab Nous espe\u0301rons que nos concitoyens constateront que cette disponibilite\u0301 est re\u0301elle. Cette visite n\u2019est qu\u2019un de\u0301but de prise de contact. Nous allons poursuivre les visites dans les deux semaines a\u0300 venir afin de faire l\u2019e\u0301tat des lieux de la situation en apportant la re\u0301ponse approprie\u0301e \u00bb, a conclu le ministre Seydou Asman.<\/p>\n<p><b>Mamane Abdoulaye (ONEP)<\/b><\/p>\n<p><strong>Pour plus d&rsquo;informations et d&rsquo;analyses sur la <a href=\"https:\/\/www.africa-press.net\/niger\">Niger<\/a>, suivez <a href=\"https:\/\/www.africa-press.net\/\">Africa-Press<\/a><\/strong><\/p>\n","protected":false},"excerpt":{"rendered":"<p>Africa-Press &#8211; Niger. Le ministre du Commerce et de l\u2019Industrie, M. Seydou Asman a effectue\u0301, hier matin a\u0300 Niamey, une se\u0301rie de visites. C\u2019est ainsi qu\u2019il s\u2019est rendu au niveau de certaines unite\u0301s industrielles et grandes surfaces a\u0300 savoir Adelco BM Rice Mill et Belvie, Oriba, et a\u0300 l\u2019Etablissement Houdou Younoussa et Dan Takoussa. Le [&hellip;]<\/p>\n","protected":false},"author":82,"featured_media":58393,"comment_status":"open","ping_status":"closed","sticky":false,"template":"","format":"standard","meta":{"footnotes":""},"categories":[3,10],"tags":[55,60,29],"class_list":["post-58394","post","type-post","status-publish","format-standard","has-post-thumbnail","hentry","category-economie","category-toutes-les-actualites","tag-africa-press","tag-africa-press-niger","tag-niger"],"yoast_head":"<!-- This site is optimized with the Yoast SEO Premium plugin v26.1 (Yoast SEO v27.0) - https:\/\/yoast.com\/product\/yoast-seo-premium-wordpress\/ -->\n<title>Visite du ministre du Commerce et de l\u2019Industrie dans des \u00e9tablissements et unit\u00e9s industrielles : S\u2019assurer de la disponibilit\u00e9 des produits de premi\u00e8re n\u00e9cessit\u00e9 en pr\u00e9lude au mois b\u00e9ni de Ramadan - niger<\/title>\n<meta name=\"description\" content=\"Le ministre du Commerce et de l\u2019Industrie, M. Seydou Asman a effectue\u0301, hier matin a\u0300 Niamey, une se\u0301rie de visites. ...\" \/>\n<meta name=\"robots\" content=\"index, follow, max-snippet:-1, max-image-preview:large, max-video-preview:-1\" \/>\n<link rel=\"canonical\" href=\"https:\/\/www.africa-press.net\/niger\/economie\/visite-du-ministre-du-commerce-et-de-lindustrie-dans-des-etablissements-et-unites-industrielles-sassurer-de-la-disponibilite-des-produits-de-premiere-necessite-en-prelude-au-mois-b\" \/>\n<meta property=\"og:locale\" content=\"fr_FR\" \/>\n<meta property=\"og:type\" content=\"article\" \/>\n<meta property=\"og:title\" content=\"Visite du ministre du Commerce et de l\u2019Industrie dans des \u00e9tablissements et unit\u00e9s industrielles : S\u2019assurer de la disponibilit\u00e9 des produits de premi\u00e8re n\u00e9cessit\u00e9 en pr\u00e9lude au mois b\u00e9ni de Ramadan\" \/>\n<meta property=\"og:description\" content=\"Le ministre du Commerce et de l\u2019Industrie, M. Seydou Asman a effectue\u0301, hier matin a\u0300 Niamey, une se\u0301rie de visites. ...\" \/>\n<meta property=\"og:url\" content=\"https:\/\/www.africa-press.net\/niger\/economie\/visite-du-ministre-du-commerce-et-de-lindustrie-dans-des-etablissements-et-unites-industrielles-sassurer-de-la-disponibilite-des-produits-de-premiere-necessite-en-prelude-au-mois-b\" \/>\n<meta property=\"og:site_name\" content=\"niger\" \/>\n<meta property=\"article:published_time\" content=\"2024-02-08T12:10:05+00:00\" \/>\n<meta property=\"article:modified_time\" content=\"2024-02-08T13:17:11+00:00\" \/>\n<meta property=\"og:image\" content=\"https:\/\/static.africa-press.net\/niger\/sites\/40\/2024\/02\/sm_1707384872.072692.jpg\" \/>\n\t<meta property=\"og:image:width\" content=\"800\" \/>\n\t<meta property=\"og:image:height\" content=\"533\" \/>\n\t<meta property=\"og:image:type\" content=\"image\/jpeg\" \/>\n<meta name=\"author\" content=\"cfeditorfr\" \/>\n<meta name=\"twitter:card\" content=\"summary_large_image\" \/>\n<meta name=\"twitter:label1\" content=\"\u00c9crit par\" \/>\n\t<meta name=\"twitter:data1\" content=\"cfeditorfr\" \/>\n\t<meta name=\"twitter:label2\" content=\"Dur\u00e9e de lecture estim\u00e9e\" \/>\n\t<meta name=\"twitter:data2\" content=\"4 minutes\" \/>\n<script type=\"application\/ld+json\" class=\"yoast-schema-graph\">{\"@context\":\"https:\/\/schema.org\",\"@graph\":[{\"@type\":\"Article\",\"@id\":\"https:\/\/www.africa-press.net\/niger\/economie\/visite-du-ministre-du-commerce-et-de-lindustrie-dans-des-etablissements-et-unites-industrielles-sassurer-de-la-disponibilite-des-produits-de-premiere-necessite-en-prelude-au-mois-b#article\",\"isPartOf\":{\"@id\":\"https:\/\/www.africa-press.net\/niger\/economie\/visite-du-ministre-du-commerce-et-de-lindustrie-dans-des-etablissements-et-unites-industrielles-sassurer-de-la-disponibilite-des-produits-de-premiere-necessite-en-prelude-au-mois-b\"},\"author\":{\"name\":\"cfeditorfr\",\"@id\":\"https:\/\/www.africa-press.net\/niger\/#\/schema\/person\/2b1cf3cd81a31e3cd26889ca66d677f1\"},\"headline\":\"Visite du ministre du Commerce et de l\u2019Industrie dans des \u00e9tablissements et unit\u00e9s industrielles : S\u2019assurer de la disponibilit\u00e9 des produits de premi\u00e8re n\u00e9cessit\u00e9 en pr\u00e9lude au mois b\u00e9ni de Ramadan\",\"datePublished\":\"2024-02-08T12:10:05+00:00\",\"dateModified\":\"2024-02-08T13:17:11+00:00\",\"mainEntityOfPage\":{\"@id\":\"https:\/\/www.africa-press.net\/niger\/economie\/visite-du-ministre-du-commerce-et-de-lindustrie-dans-des-etablissements-et-unites-industrielles-sassurer-de-la-disponibilite-des-produits-de-premiere-necessite-en-prelude-au-mois-b\"},\"wordCount\":927,\"commentCount\":0,\"image\":{\"@id\":\"https:\/\/www.africa-press.net\/niger\/economie\/visite-du-ministre-du-commerce-et-de-lindustrie-dans-des-etablissements-et-unites-industrielles-sassurer-de-la-disponibilite-des-produits-de-premiere-necessite-en-prelude-au-mois-b#primaryimage\"},\"thumbnailUrl\":\"https:\/\/static.africa-press.net\/niger\/sites\/40\/2024\/02\/sm_1707384872.072692.jpg\",\"keywords\":[\"Africa Press\",\"Africa Press-Niger\",\"Niger\"],\"articleSection\":[\"\u00c9conomie\",\"Toutes les actualit\u00e9s\"],\"inLanguage\":\"fr-FR\",\"potentialAction\":[{\"@type\":\"CommentAction\",\"name\":\"Comment\",\"target\":[\"https:\/\/www.africa-press.net\/niger\/economie\/visite-du-ministre-du-commerce-et-de-lindustrie-dans-des-etablissements-et-unites-industrielles-sassurer-de-la-disponibilite-des-produits-de-premiere-necessite-en-prelude-au-mois-b#respond\"]}]},{\"@type\":\"WebPage\",\"@id\":\"https:\/\/www.africa-press.net\/niger\/economie\/visite-du-ministre-du-commerce-et-de-lindustrie-dans-des-etablissements-et-unites-industrielles-sassurer-de-la-disponibilite-des-produits-de-premiere-necessite-en-prelude-au-mois-b\",\"url\":\"https:\/\/www.africa-press.net\/niger\/economie\/visite-du-ministre-du-commerce-et-de-lindustrie-dans-des-etablissements-et-unites-industrielles-sassurer-de-la-disponibilite-des-produits-de-premiere-necessite-en-prelude-au-mois-b\",\"name\":\"Visite du ministre du Commerce et de l\u2019Industrie dans des \u00e9tablissements et unit\u00e9s industrielles : S\u2019assurer de la disponibilit\u00e9 des produits de premi\u00e8re n\u00e9cessit\u00e9 en pr\u00e9lude au mois b\u00e9ni de Ramadan - niger\",\"isPartOf\":{\"@id\":\"https:\/\/www.africa-press.net\/niger\/#website\"},\"primaryImageOfPage\":{\"@id\":\"https:\/\/www.africa-press.net\/niger\/economie\/visite-du-ministre-du-commerce-et-de-lindustrie-dans-des-etablissements-et-unites-industrielles-sassurer-de-la-disponibilite-des-produits-de-premiere-necessite-en-prelude-au-mois-b#primaryimage\"},\"image\":{\"@id\":\"https:\/\/www.africa-press.net\/niger\/economie\/visite-du-ministre-du-commerce-et-de-lindustrie-dans-des-etablissements-et-unites-industrielles-sassurer-de-la-disponibilite-des-produits-de-premiere-necessite-en-prelude-au-mois-b#primaryimage\"},\"thumbnailUrl\":\"https:\/\/static.africa-press.net\/niger\/sites\/40\/2024\/02\/sm_1707384872.072692.jpg\",\"datePublished\":\"2024-02-08T12:10:05+00:00\",\"dateModified\":\"2024-02-08T13:17:11+00:00\",\"author\":{\"@id\":\"https:\/\/www.africa-press.net\/niger\/#\/schema\/person\/2b1cf3cd81a31e3cd26889ca66d677f1\"},\"description\":\"Le ministre du Commerce et de l\u2019Industrie, M. Seydou Asman a effectue\u0301, hier matin a\u0300 Niamey, une se\u0301rie de visites. ...\",\"breadcrumb\":{\"@id\":\"https:\/\/www.africa-press.net\/niger\/economie\/visite-du-ministre-du-commerce-et-de-lindustrie-dans-des-etablissements-et-unites-industrielles-sassurer-de-la-disponibilite-des-produits-de-premiere-necessite-en-prelude-au-mois-b#breadcrumb\"},\"inLanguage\":\"fr-FR\",\"potentialAction\":[{\"@type\":\"ReadAction\",\"target\":[\"https:\/\/www.africa-press.net\/niger\/economie\/visite-du-ministre-du-commerce-et-de-lindustrie-dans-des-etablissements-et-unites-industrielles-sassurer-de-la-disponibilite-des-produits-de-premiere-necessite-en-prelude-au-mois-b\"]}]},{\"@type\":\"ImageObject\",\"inLanguage\":\"fr-FR\",\"@id\":\"https:\/\/www.africa-press.net\/niger\/economie\/visite-du-ministre-du-commerce-et-de-lindustrie-dans-des-etablissements-et-unites-industrielles-sassurer-de-la-disponibilite-des-produits-de-premiere-necessite-en-prelude-au-mois-b#primaryimage\",\"url\":\"https:\/\/static.africa-press.net\/niger\/sites\/40\/2024\/02\/sm_1707384872.072692.jpg\",\"contentUrl\":\"https:\/\/static.africa-press.net\/niger\/sites\/40\/2024\/02\/sm_1707384872.072692.jpg\",\"width\":800,\"height\":533,\"caption\":\"Visite du ministre du Commerce et de l\u2019Industrie dans des \u00e9tablissements et unit\u00e9s industrielles : S\u2019assurer de la disponibilit\u00e9 des produits de premi\u00e8re n\u00e9cessit\u00e9 en pr\u00e9lude au mois b\u00e9ni de Ramadan\"},{\"@type\":\"BreadcrumbList\",\"@id\":\"https:\/\/www.africa-press.net\/niger\/economie\/visite-du-ministre-du-commerce-et-de-lindustrie-dans-des-etablissements-et-unites-industrielles-sassurer-de-la-disponibilite-des-produits-de-premiere-necessite-en-prelude-au-mois-b#breadcrumb\",\"itemListElement\":[{\"@type\":\"ListItem\",\"position\":1,\"name\":\"Accueil\",\"item\":\"https:\/\/www.africa-press.net\/niger\/\"},{\"@type\":\"ListItem\",\"position\":2,\"name\":\"Visite du ministre du Commerce et de l\u2019Industrie dans des \u00e9tablissements et unit\u00e9s industrielles : S\u2019assurer de la disponibilit\u00e9 des produits de premi\u00e8re n\u00e9cessit\u00e9 en pr\u00e9lude au mois b\u00e9ni de Ramadan\"}]},{\"@type\":\"WebSite\",\"@id\":\"https:\/\/www.africa-press.net\/niger\/#website\",\"url\":\"https:\/\/www.africa-press.net\/niger\/\",\"name\":\"niger\",\"description\":\"Just another Africa News Agency Sites site\",\"potentialAction\":[{\"@type\":\"SearchAction\",\"target\":{\"@type\":\"EntryPoint\",\"urlTemplate\":\"https:\/\/www.africa-press.net\/niger\/?s={search_term_string}\"},\"query-input\":{\"@type\":\"PropertyValueSpecification\",\"valueRequired\":true,\"valueName\":\"search_term_string\"}}],\"inLanguage\":\"fr-FR\"},{\"@type\":\"Person\",\"@id\":\"https:\/\/www.africa-press.net\/niger\/#\/schema\/person\/2b1cf3cd81a31e3cd26889ca66d677f1\",\"name\":\"cfeditorfr\"}]}<\/script>\n<!-- \/ Yoast SEO Premium plugin. -->","yoast_head_json":{"title":"Visite du ministre du Commerce et de l\u2019Industrie dans des \u00e9tablissements et unit\u00e9s industrielles : S\u2019assurer de la disponibilit\u00e9 des produits de premi\u00e8re n\u00e9cessit\u00e9 en pr\u00e9lude au mois b\u00e9ni de Ramadan - niger","description":"Le ministre du Commerce et de l\u2019Industrie, M. Seydou Asman a effectue\u0301, hier matin a\u0300 Niamey, une se\u0301rie de visites. ...","robots":{"index":"index","follow":"follow","max-snippet":"max-snippet:-1","max-image-preview":"max-image-preview:large","max-video-preview":"max-video-preview:-1"},"canonical":"https:\/\/www.africa-press.net\/niger\/economie\/visite-du-ministre-du-commerce-et-de-lindustrie-dans-des-etablissements-et-unites-industrielles-sassurer-de-la-disponibilite-des-produits-de-premiere-necessite-en-prelude-au-mois-b","og_locale":"fr_FR","og_type":"article","og_title":"Visite du ministre du Commerce et de l\u2019Industrie dans des \u00e9tablissements et unit\u00e9s industrielles : S\u2019assurer de la disponibilit\u00e9 des produits de premi\u00e8re n\u00e9cessit\u00e9 en pr\u00e9lude au mois b\u00e9ni de Ramadan","og_description":"Le ministre du Commerce et de l\u2019Industrie, M. Seydou Asman a effectue\u0301, hier matin a\u0300 Niamey, une se\u0301rie de visites. ...","og_url":"https:\/\/www.africa-press.net\/niger\/economie\/visite-du-ministre-du-commerce-et-de-lindustrie-dans-des-etablissements-et-unites-industrielles-sassurer-de-la-disponibilite-des-produits-de-premiere-necessite-en-prelude-au-mois-b","og_site_name":"niger","article_published_time":"2024-02-08T12:10:05+00:00","article_modified_time":"2024-02-08T13:17:11+00:00","og_image":[{"width":800,"height":533,"url":"https:\/\/static.africa-press.net\/niger\/sites\/40\/2024\/02\/sm_1707384872.072692.jpg","type":"image\/jpeg"}],"author":"cfeditorfr","twitter_card":"summary_large_image","twitter_misc":{"\u00c9crit par":"cfeditorfr","Dur\u00e9e de lecture estim\u00e9e":"4 minutes"},"schema":{"@context":"https:\/\/schema.org","@graph":[{"@type":"Article","@id":"https:\/\/www.africa-press.net\/niger\/economie\/visite-du-ministre-du-commerce-et-de-lindustrie-dans-des-etablissements-et-unites-industrielles-sassurer-de-la-disponibilite-des-produits-de-premiere-necessite-en-prelude-au-mois-b#article","isPartOf":{"@id":"https:\/\/www.africa-press.net\/niger\/economie\/visite-du-ministre-du-commerce-et-de-lindustrie-dans-des-etablissements-et-unites-industrielles-sassurer-de-la-disponibilite-des-produits-de-premiere-necessite-en-prelude-au-mois-b"},"author":{"name":"cfeditorfr","@id":"https:\/\/www.africa-press.net\/niger\/#\/schema\/person\/2b1cf3cd81a31e3cd26889ca66d677f1"},"headline":"Visite du ministre du Commerce et de l\u2019Industrie dans des \u00e9tablissements et unit\u00e9s industrielles : S\u2019assurer de la disponibilit\u00e9 des produits de premi\u00e8re n\u00e9cessit\u00e9 en pr\u00e9lude au mois b\u00e9ni de Ramadan","datePublished":"2024-02-08T12:10:05+00:00","dateModified":"2024-02-08T13:17:11+00:00","mainEntityOfPage":{"@id":"https:\/\/www.africa-press.net\/niger\/economie\/visite-du-ministre-du-commerce-et-de-lindustrie-dans-des-etablissements-et-unites-industrielles-sassurer-de-la-disponibilite-des-produits-de-premiere-necessite-en-prelude-au-mois-b"},"wordCount":927,"commentCount":0,"image":{"@id":"https:\/\/www.africa-press.net\/niger\/economie\/visite-du-ministre-du-commerce-et-de-lindustrie-dans-des-etablissements-et-unites-industrielles-sassurer-de-la-disponibilite-des-produits-de-premiere-necessite-en-prelude-au-mois-b#primaryimage"},"thumbnailUrl":"https:\/\/static.africa-press.net\/niger\/sites\/40\/2024\/02\/sm_1707384872.072692.jpg","keywords":["Africa Press","Africa Press-Niger","Niger"],"articleSection":["\u00c9conomie","Toutes les actualit\u00e9s"],"inLanguage":"fr-FR","potentialAction":[{"@type":"CommentAction","name":"Comment","target":["https:\/\/www.africa-press.net\/niger\/economie\/visite-du-ministre-du-commerce-et-de-lindustrie-dans-des-etablissements-et-unites-industrielles-sassurer-de-la-disponibilite-des-produits-de-premiere-necessite-en-prelude-au-mois-b#respond"]}]},{"@type":"WebPage","@id":"https:\/\/www.africa-press.net\/niger\/economie\/visite-du-ministre-du-commerce-et-de-lindustrie-dans-des-etablissements-et-unites-industrielles-sassurer-de-la-disponibilite-des-produits-de-premiere-necessite-en-prelude-au-mois-b","url":"https:\/\/www.africa-press.net\/niger\/economie\/visite-du-ministre-du-commerce-et-de-lindustrie-dans-des-etablissements-et-unites-industrielles-sassurer-de-la-disponibilite-des-produits-de-premiere-necessite-en-prelude-au-mois-b","name":"Visite du ministre du Commerce et de l\u2019Industrie dans des \u00e9tablissements et unit\u00e9s industrielles : S\u2019assurer de la disponibilit\u00e9 des produits de premi\u00e8re n\u00e9cessit\u00e9 en pr\u00e9lude au mois b\u00e9ni de Ramadan - niger","isPartOf":{"@id":"https:\/\/www.africa-press.net\/niger\/#website"},"primaryImageOfPage":{"@id":"https:\/\/www.africa-press.net\/niger\/economie\/visite-du-ministre-du-commerce-et-de-lindustrie-dans-des-etablissements-et-unites-industrielles-sassurer-de-la-disponibilite-des-produits-de-premiere-necessite-en-prelude-au-mois-b#primaryimage"},"image":{"@id":"https:\/\/www.africa-press.net\/niger\/economie\/visite-du-ministre-du-commerce-et-de-lindustrie-dans-des-etablissements-et-unites-industrielles-sassurer-de-la-disponibilite-des-produits-de-premiere-necessite-en-prelude-au-mois-b#primaryimage"},"thumbnailUrl":"https:\/\/static.africa-press.net\/niger\/sites\/40\/2024\/02\/sm_1707384872.072692.jpg","datePublished":"2024-02-08T12:10:05+00:00","dateModified":"2024-02-08T13:17:11+00:00","author":{"@id":"https:\/\/www.africa-press.net\/niger\/#\/schema\/person\/2b1cf3cd81a31e3cd26889ca66d677f1"},"description":"Le ministre du Commerce et de l\u2019Industrie, M. Seydou Asman a effectue\u0301, hier matin a\u0300 Niamey, une se\u0301rie de visites. ...","breadcrumb":{"@id":"https:\/\/www.africa-press.net\/niger\/economie\/visite-du-ministre-du-commerce-et-de-lindustrie-dans-des-etablissements-et-unites-industrielles-sassurer-de-la-disponibilite-des-produits-de-premiere-necessite-en-prelude-au-mois-b#breadcrumb"},"inLanguage":"fr-FR","potentialAction":[{"@type":"ReadAction","target":["https:\/\/www.africa-press.net\/niger\/economie\/visite-du-ministre-du-commerce-et-de-lindustrie-dans-des-etablissements-et-unites-industrielles-sassurer-de-la-disponibilite-des-produits-de-premiere-necessite-en-prelude-au-mois-b"]}]},{"@type":"ImageObject","inLanguage":"fr-FR","@id":"https:\/\/www.africa-press.net\/niger\/economie\/visite-du-ministre-du-commerce-et-de-lindustrie-dans-des-etablissements-et-unites-industrielles-sassurer-de-la-disponibilite-des-produits-de-premiere-necessite-en-prelude-au-mois-b#primaryimage","url":"https:\/\/static.africa-press.net\/niger\/sites\/40\/2024\/02\/sm_1707384872.072692.jpg","contentUrl":"https:\/\/static.africa-press.net\/niger\/sites\/40\/2024\/02\/sm_1707384872.072692.jpg","width":800,"height":533,"caption":"Visite du ministre du Commerce et de l\u2019Industrie dans des \u00e9tablissements et unit\u00e9s industrielles : S\u2019assurer de la disponibilit\u00e9 des produits de premi\u00e8re n\u00e9cessit\u00e9 en pr\u00e9lude au mois b\u00e9ni de Ramadan"},{"@type":"BreadcrumbList","@id":"https:\/\/www.africa-press.net\/niger\/economie\/visite-du-ministre-du-commerce-et-de-lindustrie-dans-des-etablissements-et-unites-industrielles-sassurer-de-la-disponibilite-des-produits-de-premiere-necessite-en-prelude-au-mois-b#breadcrumb","itemListElement":[{"@type":"ListItem","position":1,"name":"Accueil","item":"https:\/\/www.africa-press.net\/niger\/"},{"@type":"ListItem","position":2,"name":"Visite du ministre du Commerce et de l\u2019Industrie dans des \u00e9tablissements et unit\u00e9s industrielles : S\u2019assurer de la disponibilit\u00e9 des produits de premi\u00e8re n\u00e9cessit\u00e9 en pr\u00e9lude au mois b\u00e9ni de Ramadan"}]},{"@type":"WebSite","@id":"https:\/\/www.africa-press.net\/niger\/#website","url":"https:\/\/www.africa-press.net\/niger\/","name":"niger","description":"Just another Africa News Agency Sites site","potentialAction":[{"@type":"SearchAction","target":{"@type":"EntryPoint","urlTemplate":"https:\/\/www.africa-press.net\/niger\/?s={search_term_string}"},"query-input":{"@type":"PropertyValueSpecification","valueRequired":true,"valueName":"search_term_string"}}],"inLanguage":"fr-FR"},{"@type":"Person","@id":"https:\/\/www.africa-press.net\/niger\/#\/schema\/person\/2b1cf3cd81a31e3cd26889ca66d677f1","name":"cfeditorfr"}]}},"_links":{"self":[{"href":"https:\/\/www.africa-press.net\/niger\/wp-json\/wp\/v2\/posts\/58394","targetHints":{"allow":["GET"]}}],"collection":[{"href":"https:\/\/www.africa-press.net\/niger\/wp-json\/wp\/v2\/posts"}],"about":[{"href":"https:\/\/www.africa-press.net\/niger\/wp-json\/wp\/v2\/types\/post"}],"author":[{"embeddable":true,"href":"https:\/\/www.africa-press.net\/niger\/wp-json\/wp\/v2\/users\/82"}],"replies":[{"embeddable":true,"href":"https:\/\/www.africa-press.net\/niger\/wp-json\/wp\/v2\/comments?post=58394"}],"version-history":[{"count":0,"href":"https:\/\/www.africa-press.net\/niger\/wp-json\/wp\/v2\/posts\/58394\/revisions"}],"wp:featuredmedia":[{"embeddable":true,"href":"https:\/\/www.africa-press.net\/niger\/wp-json\/wp\/v2\/media\/58393"}],"wp:attachment":[{"href":"https:\/\/www.africa-press.net\/niger\/wp-json\/wp\/v2\/media?parent=58394"}],"wp:term":[{"taxonomy":"category","embeddable":true,"href":"https:\/\/www.africa-press.net\/niger\/wp-json\/wp\/v2\/categories?post=58394"},{"taxonomy":"post_tag","embeddable":true,"href":"https:\/\/www.africa-press.net\/niger\/wp-json\/wp\/v2\/tags?post=58394"}],"curies":[{"name":"wp","href":"https:\/\/api.w.org\/{rel}","templated":true}]}}