{"id":58424,"date":"2024-02-09T17:22:38","date_gmt":"2024-02-09T17:22:38","guid":{"rendered":"https:\/\/www.africa-press.net\/niger\/politique\/reunion-du-comite-consultatif-de-la-banque-africaine-de-developpement-le-premier-ministre-ali-mahaman-lamine-zeine-participe-a-la-20eme-reunion"},"modified":"2024-02-09T18:33:59","modified_gmt":"2024-02-09T18:33:59","slug":"reunion-du-comite-consultatif-de-la-banque-africaine-de-developpement-le-premier-ministre-ali-mahaman-lamine-zeine-participe-a-la-20eme-reunion","status":"publish","type":"post","link":"https:\/\/www.africa-press.net\/niger\/politique\/reunion-du-comite-consultatif-de-la-banque-africaine-de-developpement-le-premier-ministre-ali-mahaman-lamine-zeine-participe-a-la-20eme-reunion","title":{"rendered":"R\u00e9union du comit\u00e9 consultatif de la Banque Africaine de D\u00e9veloppement : Le Premier ministre Ali Mahaman  Lamine Zeine participe \u00e0 la 20\u00e8me r\u00e9union"},"content":{"rendered":"<p><span style=\"color: #ff6600\"><strong>Africa-Press &#8211; Niger. <\/strong><\/span>Le Premier ministre, ministre de l\u2019Economie et des Finances, SE. Ali Mahaman Lamine Zeine a participe\u0301 ce vendredi 09 fe\u0301vrier 2024 par visioconfe\u0301rence aux travaux de la 20e\u0300me re\u0301union du comite\u0301 consultatif des gouverneurs de la Banque Africaine de De\u0301veloppement (BAD). Au cours de la confe\u0301rence, les e\u0301changes ont porte\u0301 sur le maintien de la notation du triple AAA (meilleure note attribue\u0301e par une agence de notation pour e\u0301valuer la capacite\u0301 d\u2019un E\u0301tat a\u0300 rembourser sa dette) de la BAD.<\/p>\n<p>A la fin de la re\u0301union, les gouverneurs ont accepte\u0301 de faire des efforts endoge\u0300nes afin de renforcer l\u2019autonomie de la BAD. Le Niger, a\u0300 l\u2019instar des autres actionnaires, a soutenu l\u2019option de l\u2019augmentation du capital de la banque en vue de be\u0301ne\u0301ficier davantage du concours de la BAD dans le financement de son e\u0301conomie.<\/p>\n<p>La Banque Africain de De\u0301veloppement est un investisseur strate\u0301gique pour le de\u0301veloppement de l\u2019Afrique accordant des pre\u0302ts a\u0300 des conditions concessionnaires a\u0300 des pays comme le Niger.<\/p>\n<p><strong>Pour plus d&rsquo;informations et d&rsquo;analyses sur la <a href=\"https:\/\/www.africa-press.net\/niger\">Niger<\/a>, suivez <a href=\"https:\/\/www.africa-press.net\/\">Africa-Press<\/a><\/strong><\/p>\n","protected":false},"excerpt":{"rendered":"<p>Africa-Press &#8211; Niger. Le Premier ministre, ministre de l\u2019Economie et des Finances, SE. Ali Mahaman Lamine Zeine a participe\u0301 ce vendredi 09 fe\u0301vrier 2024 par visioconfe\u0301rence aux travaux de la 20e\u0300me re\u0301union du comite\u0301 consultatif des gouverneurs de la Banque Africaine de De\u0301veloppement (BAD). Au cours de la confe\u0301rence, les e\u0301changes ont porte\u0301 sur le [&hellip;]<\/p>\n","protected":false},"author":82,"featured_media":58423,"comment_status":"open","ping_status":"closed","sticky":false,"template":"","format":"standard","meta":{"footnotes":""},"categories":[2,20,10],"tags":[55,60,29],"class_list":["post-58424","post","type-post","status-publish","format-standard","has-post-thumbnail","hentry","category-politique","category-top-nouvelles","category-toutes-les-actualites","tag-africa-press","tag-africa-press-niger","tag-niger"],"yoast_head":"<!-- This site is optimized with the Yoast SEO Premium plugin v26.1 (Yoast SEO v27.0) - https:\/\/yoast.com\/product\/yoast-seo-premium-wordpress\/ -->\n<title>R\u00e9union du comit\u00e9 consultatif de la Banque Africaine de D\u00e9veloppement : Le Premier ministre Ali Mahaman Lamine Zeine participe \u00e0 la 20\u00e8me r\u00e9union - niger<\/title>\n<meta name=\"description\" content=\"Le Premier ministre, ministre de l\u2019Economie et des Finances, SE. Ali Mahaman Lamine Zeine a participe\u0301 ce vendredi 09 fe ...\" \/>\n<meta name=\"robots\" content=\"index, follow, max-snippet:-1, max-image-preview:large, max-video-preview:-1\" \/>\n<link rel=\"canonical\" href=\"https:\/\/www.africa-press.net\/niger\/politique\/reunion-du-comite-consultatif-de-la-banque-africaine-de-developpement-le-premier-ministre-ali-mahaman-lamine-zeine-participe-a-la-20eme-reunion\" \/>\n<meta property=\"og:locale\" content=\"fr_FR\" \/>\n<meta property=\"og:type\" content=\"article\" \/>\n<meta property=\"og:title\" content=\"R\u00e9union du comit\u00e9 consultatif de la Banque Africaine de D\u00e9veloppement : Le Premier ministre Ali Mahaman Lamine Zeine participe \u00e0 la 20\u00e8me r\u00e9union\" \/>\n<meta property=\"og:description\" content=\"Le Premier ministre, ministre de l\u2019Economie et des Finances, SE. Ali Mahaman Lamine Zeine a participe\u0301 ce vendredi 09 fe ...\" \/>\n<meta property=\"og:url\" content=\"https:\/\/www.africa-press.net\/niger\/politique\/reunion-du-comite-consultatif-de-la-banque-africaine-de-developpement-le-premier-ministre-ali-mahaman-lamine-zeine-participe-a-la-20eme-reunion\" \/>\n<meta property=\"og:site_name\" content=\"niger\" \/>\n<meta property=\"article:published_time\" content=\"2024-02-09T17:22:38+00:00\" \/>\n<meta property=\"article:modified_time\" content=\"2024-02-09T18:33:59+00:00\" \/>\n<meta property=\"og:image\" content=\"https:\/\/static.africa-press.net\/niger\/sites\/40\/2024\/02\/sm_1707490725.175614.jpg\" \/>\n\t<meta property=\"og:image:width\" content=\"1024\" \/>\n\t<meta property=\"og:image:height\" content=\"680\" \/>\n\t<meta property=\"og:image:type\" content=\"image\/jpeg\" \/>\n<meta name=\"author\" content=\"cfeditorfr\" \/>\n<meta name=\"twitter:card\" content=\"summary_large_image\" \/>\n<meta name=\"twitter:label1\" content=\"\u00c9crit par\" \/>\n\t<meta name=\"twitter:data1\" content=\"cfeditorfr\" \/>\n\t<meta name=\"twitter:label2\" content=\"Dur\u00e9e de lecture estim\u00e9e\" \/>\n\t<meta name=\"twitter:data2\" content=\"2 minutes\" \/>\n<script type=\"application\/ld+json\" class=\"yoast-schema-graph\">{\"@context\":\"https:\/\/schema.org\",\"@graph\":[{\"@type\":\"Article\",\"@id\":\"https:\/\/www.africa-press.net\/niger\/politique\/reunion-du-comite-consultatif-de-la-banque-africaine-de-developpement-le-premier-ministre-ali-mahaman-lamine-zeine-participe-a-la-20eme-reunion#article\",\"isPartOf\":{\"@id\":\"https:\/\/www.africa-press.net\/niger\/politique\/reunion-du-comite-consultatif-de-la-banque-africaine-de-developpement-le-premier-ministre-ali-mahaman-lamine-zeine-participe-a-la-20eme-reunion\"},\"author\":{\"name\":\"cfeditorfr\",\"@id\":\"https:\/\/www.africa-press.net\/niger\/#\/schema\/person\/2b1cf3cd81a31e3cd26889ca66d677f1\"},\"headline\":\"R\u00e9union du comit\u00e9 consultatif de la Banque Africaine de D\u00e9veloppement : Le Premier ministre Ali Mahaman Lamine Zeine participe \u00e0 la 20\u00e8me r\u00e9union\",\"datePublished\":\"2024-02-09T17:22:38+00:00\",\"dateModified\":\"2024-02-09T18:33:59+00:00\",\"mainEntityOfPage\":{\"@id\":\"https:\/\/www.africa-press.net\/niger\/politique\/reunion-du-comite-consultatif-de-la-banque-africaine-de-developpement-le-premier-ministre-ali-mahaman-lamine-zeine-participe-a-la-20eme-reunion\"},\"wordCount\":225,\"commentCount\":0,\"image\":{\"@id\":\"https:\/\/www.africa-press.net\/niger\/politique\/reunion-du-comite-consultatif-de-la-banque-africaine-de-developpement-le-premier-ministre-ali-mahaman-lamine-zeine-participe-a-la-20eme-reunion#primaryimage\"},\"thumbnailUrl\":\"https:\/\/static.africa-press.net\/niger\/sites\/40\/2024\/02\/sm_1707490725.175614.jpg\",\"keywords\":[\"Africa Press\",\"Africa Press-Niger\",\"Niger\"],\"articleSection\":[\"Politique\",\"Top Nouvelles\",\"Toutes les actualit\u00e9s\"],\"inLanguage\":\"fr-FR\",\"potentialAction\":[{\"@type\":\"CommentAction\",\"name\":\"Comment\",\"target\":[\"https:\/\/www.africa-press.net\/niger\/politique\/reunion-du-comite-consultatif-de-la-banque-africaine-de-developpement-le-premier-ministre-ali-mahaman-lamine-zeine-participe-a-la-20eme-reunion#respond\"]}]},{\"@type\":\"WebPage\",\"@id\":\"https:\/\/www.africa-press.net\/niger\/politique\/reunion-du-comite-consultatif-de-la-banque-africaine-de-developpement-le-premier-ministre-ali-mahaman-lamine-zeine-participe-a-la-20eme-reunion\",\"url\":\"https:\/\/www.africa-press.net\/niger\/politique\/reunion-du-comite-consultatif-de-la-banque-africaine-de-developpement-le-premier-ministre-ali-mahaman-lamine-zeine-participe-a-la-20eme-reunion\",\"name\":\"R\u00e9union du comit\u00e9 consultatif de la Banque Africaine de D\u00e9veloppement : Le Premier ministre Ali Mahaman Lamine Zeine participe \u00e0 la 20\u00e8me r\u00e9union - niger\",\"isPartOf\":{\"@id\":\"https:\/\/www.africa-press.net\/niger\/#website\"},\"primaryImageOfPage\":{\"@id\":\"https:\/\/www.africa-press.net\/niger\/politique\/reunion-du-comite-consultatif-de-la-banque-africaine-de-developpement-le-premier-ministre-ali-mahaman-lamine-zeine-participe-a-la-20eme-reunion#primaryimage\"},\"image\":{\"@id\":\"https:\/\/www.africa-press.net\/niger\/politique\/reunion-du-comite-consultatif-de-la-banque-africaine-de-developpement-le-premier-ministre-ali-mahaman-lamine-zeine-participe-a-la-20eme-reunion#primaryimage\"},\"thumbnailUrl\":\"https:\/\/static.africa-press.net\/niger\/sites\/40\/2024\/02\/sm_1707490725.175614.jpg\",\"datePublished\":\"2024-02-09T17:22:38+00:00\",\"dateModified\":\"2024-02-09T18:33:59+00:00\",\"author\":{\"@id\":\"https:\/\/www.africa-press.net\/niger\/#\/schema\/person\/2b1cf3cd81a31e3cd26889ca66d677f1\"},\"description\":\"Le Premier ministre, ministre de l\u2019Economie et des Finances, SE. Ali Mahaman Lamine Zeine a participe\u0301 ce vendredi 09 fe ...\",\"breadcrumb\":{\"@id\":\"https:\/\/www.africa-press.net\/niger\/politique\/reunion-du-comite-consultatif-de-la-banque-africaine-de-developpement-le-premier-ministre-ali-mahaman-lamine-zeine-participe-a-la-20eme-reunion#breadcrumb\"},\"inLanguage\":\"fr-FR\",\"potentialAction\":[{\"@type\":\"ReadAction\",\"target\":[\"https:\/\/www.africa-press.net\/niger\/politique\/reunion-du-comite-consultatif-de-la-banque-africaine-de-developpement-le-premier-ministre-ali-mahaman-lamine-zeine-participe-a-la-20eme-reunion\"]}]},{\"@type\":\"ImageObject\",\"inLanguage\":\"fr-FR\",\"@id\":\"https:\/\/www.africa-press.net\/niger\/politique\/reunion-du-comite-consultatif-de-la-banque-africaine-de-developpement-le-premier-ministre-ali-mahaman-lamine-zeine-participe-a-la-20eme-reunion#primaryimage\",\"url\":\"https:\/\/static.africa-press.net\/niger\/sites\/40\/2024\/02\/sm_1707490725.175614.jpg\",\"contentUrl\":\"https:\/\/static.africa-press.net\/niger\/sites\/40\/2024\/02\/sm_1707490725.175614.jpg\",\"width\":1024,\"height\":680,\"caption\":\"R\u00e9union du comit\u00e9 consultatif de la Banque Africaine de D\u00e9veloppement : Le Premier ministre Ali Mahaman Lamine Zeine participe \u00e0 la 20\u00e8me r\u00e9union\"},{\"@type\":\"BreadcrumbList\",\"@id\":\"https:\/\/www.africa-press.net\/niger\/politique\/reunion-du-comite-consultatif-de-la-banque-africaine-de-developpement-le-premier-ministre-ali-mahaman-lamine-zeine-participe-a-la-20eme-reunion#breadcrumb\",\"itemListElement\":[{\"@type\":\"ListItem\",\"position\":1,\"name\":\"Accueil\",\"item\":\"https:\/\/www.africa-press.net\/niger\/\"},{\"@type\":\"ListItem\",\"position\":2,\"name\":\"R\u00e9union du comit\u00e9 consultatif de la Banque Africaine de D\u00e9veloppement : Le Premier ministre Ali Mahaman Lamine Zeine participe \u00e0 la 20\u00e8me r\u00e9union\"}]},{\"@type\":\"WebSite\",\"@id\":\"https:\/\/www.africa-press.net\/niger\/#website\",\"url\":\"https:\/\/www.africa-press.net\/niger\/\",\"name\":\"niger\",\"description\":\"Just another Africa News Agency Sites site\",\"potentialAction\":[{\"@type\":\"SearchAction\",\"target\":{\"@type\":\"EntryPoint\",\"urlTemplate\":\"https:\/\/www.africa-press.net\/niger\/?s={search_term_string}\"},\"query-input\":{\"@type\":\"PropertyValueSpecification\",\"valueRequired\":true,\"valueName\":\"search_term_string\"}}],\"inLanguage\":\"fr-FR\"},{\"@type\":\"Person\",\"@id\":\"https:\/\/www.africa-press.net\/niger\/#\/schema\/person\/2b1cf3cd81a31e3cd26889ca66d677f1\",\"name\":\"cfeditorfr\"}]}<\/script>\n<!-- \/ Yoast SEO Premium plugin. -->","yoast_head_json":{"title":"R\u00e9union du comit\u00e9 consultatif de la Banque Africaine de D\u00e9veloppement : Le Premier ministre Ali Mahaman Lamine Zeine participe \u00e0 la 20\u00e8me r\u00e9union - niger","description":"Le Premier ministre, ministre de l\u2019Economie et des Finances, SE. Ali Mahaman Lamine Zeine a participe\u0301 ce vendredi 09 fe ...","robots":{"index":"index","follow":"follow","max-snippet":"max-snippet:-1","max-image-preview":"max-image-preview:large","max-video-preview":"max-video-preview:-1"},"canonical":"https:\/\/www.africa-press.net\/niger\/politique\/reunion-du-comite-consultatif-de-la-banque-africaine-de-developpement-le-premier-ministre-ali-mahaman-lamine-zeine-participe-a-la-20eme-reunion","og_locale":"fr_FR","og_type":"article","og_title":"R\u00e9union du comit\u00e9 consultatif de la Banque Africaine de D\u00e9veloppement : Le Premier ministre Ali Mahaman Lamine Zeine participe \u00e0 la 20\u00e8me r\u00e9union","og_description":"Le Premier ministre, ministre de l\u2019Economie et des Finances, SE. Ali Mahaman Lamine Zeine a participe\u0301 ce vendredi 09 fe ...","og_url":"https:\/\/www.africa-press.net\/niger\/politique\/reunion-du-comite-consultatif-de-la-banque-africaine-de-developpement-le-premier-ministre-ali-mahaman-lamine-zeine-participe-a-la-20eme-reunion","og_site_name":"niger","article_published_time":"2024-02-09T17:22:38+00:00","article_modified_time":"2024-02-09T18:33:59+00:00","og_image":[{"width":1024,"height":680,"url":"https:\/\/static.africa-press.net\/niger\/sites\/40\/2024\/02\/sm_1707490725.175614.jpg","type":"image\/jpeg"}],"author":"cfeditorfr","twitter_card":"summary_large_image","twitter_misc":{"\u00c9crit par":"cfeditorfr","Dur\u00e9e de lecture estim\u00e9e":"2 minutes"},"schema":{"@context":"https:\/\/schema.org","@graph":[{"@type":"Article","@id":"https:\/\/www.africa-press.net\/niger\/politique\/reunion-du-comite-consultatif-de-la-banque-africaine-de-developpement-le-premier-ministre-ali-mahaman-lamine-zeine-participe-a-la-20eme-reunion#article","isPartOf":{"@id":"https:\/\/www.africa-press.net\/niger\/politique\/reunion-du-comite-consultatif-de-la-banque-africaine-de-developpement-le-premier-ministre-ali-mahaman-lamine-zeine-participe-a-la-20eme-reunion"},"author":{"name":"cfeditorfr","@id":"https:\/\/www.africa-press.net\/niger\/#\/schema\/person\/2b1cf3cd81a31e3cd26889ca66d677f1"},"headline":"R\u00e9union du comit\u00e9 consultatif de la Banque Africaine de D\u00e9veloppement : Le Premier ministre Ali Mahaman Lamine Zeine participe \u00e0 la 20\u00e8me r\u00e9union","datePublished":"2024-02-09T17:22:38+00:00","dateModified":"2024-02-09T18:33:59+00:00","mainEntityOfPage":{"@id":"https:\/\/www.africa-press.net\/niger\/politique\/reunion-du-comite-consultatif-de-la-banque-africaine-de-developpement-le-premier-ministre-ali-mahaman-lamine-zeine-participe-a-la-20eme-reunion"},"wordCount":225,"commentCount":0,"image":{"@id":"https:\/\/www.africa-press.net\/niger\/politique\/reunion-du-comite-consultatif-de-la-banque-africaine-de-developpement-le-premier-ministre-ali-mahaman-lamine-zeine-participe-a-la-20eme-reunion#primaryimage"},"thumbnailUrl":"https:\/\/static.africa-press.net\/niger\/sites\/40\/2024\/02\/sm_1707490725.175614.jpg","keywords":["Africa Press","Africa Press-Niger","Niger"],"articleSection":["Politique","Top Nouvelles","Toutes les actualit\u00e9s"],"inLanguage":"fr-FR","potentialAction":[{"@type":"CommentAction","name":"Comment","target":["https:\/\/www.africa-press.net\/niger\/politique\/reunion-du-comite-consultatif-de-la-banque-africaine-de-developpement-le-premier-ministre-ali-mahaman-lamine-zeine-participe-a-la-20eme-reunion#respond"]}]},{"@type":"WebPage","@id":"https:\/\/www.africa-press.net\/niger\/politique\/reunion-du-comite-consultatif-de-la-banque-africaine-de-developpement-le-premier-ministre-ali-mahaman-lamine-zeine-participe-a-la-20eme-reunion","url":"https:\/\/www.africa-press.net\/niger\/politique\/reunion-du-comite-consultatif-de-la-banque-africaine-de-developpement-le-premier-ministre-ali-mahaman-lamine-zeine-participe-a-la-20eme-reunion","name":"R\u00e9union du comit\u00e9 consultatif de la Banque Africaine de D\u00e9veloppement : Le Premier ministre Ali Mahaman Lamine Zeine participe \u00e0 la 20\u00e8me r\u00e9union - niger","isPartOf":{"@id":"https:\/\/www.africa-press.net\/niger\/#website"},"primaryImageOfPage":{"@id":"https:\/\/www.africa-press.net\/niger\/politique\/reunion-du-comite-consultatif-de-la-banque-africaine-de-developpement-le-premier-ministre-ali-mahaman-lamine-zeine-participe-a-la-20eme-reunion#primaryimage"},"image":{"@id":"https:\/\/www.africa-press.net\/niger\/politique\/reunion-du-comite-consultatif-de-la-banque-africaine-de-developpement-le-premier-ministre-ali-mahaman-lamine-zeine-participe-a-la-20eme-reunion#primaryimage"},"thumbnailUrl":"https:\/\/static.africa-press.net\/niger\/sites\/40\/2024\/02\/sm_1707490725.175614.jpg","datePublished":"2024-02-09T17:22:38+00:00","dateModified":"2024-02-09T18:33:59+00:00","author":{"@id":"https:\/\/www.africa-press.net\/niger\/#\/schema\/person\/2b1cf3cd81a31e3cd26889ca66d677f1"},"description":"Le Premier ministre, ministre de l\u2019Economie et des Finances, SE. Ali Mahaman Lamine Zeine a participe\u0301 ce vendredi 09 fe ...","breadcrumb":{"@id":"https:\/\/www.africa-press.net\/niger\/politique\/reunion-du-comite-consultatif-de-la-banque-africaine-de-developpement-le-premier-ministre-ali-mahaman-lamine-zeine-participe-a-la-20eme-reunion#breadcrumb"},"inLanguage":"fr-FR","potentialAction":[{"@type":"ReadAction","target":["https:\/\/www.africa-press.net\/niger\/politique\/reunion-du-comite-consultatif-de-la-banque-africaine-de-developpement-le-premier-ministre-ali-mahaman-lamine-zeine-participe-a-la-20eme-reunion"]}]},{"@type":"ImageObject","inLanguage":"fr-FR","@id":"https:\/\/www.africa-press.net\/niger\/politique\/reunion-du-comite-consultatif-de-la-banque-africaine-de-developpement-le-premier-ministre-ali-mahaman-lamine-zeine-participe-a-la-20eme-reunion#primaryimage","url":"https:\/\/static.africa-press.net\/niger\/sites\/40\/2024\/02\/sm_1707490725.175614.jpg","contentUrl":"https:\/\/static.africa-press.net\/niger\/sites\/40\/2024\/02\/sm_1707490725.175614.jpg","width":1024,"height":680,"caption":"R\u00e9union du comit\u00e9 consultatif de la Banque Africaine de D\u00e9veloppement : Le Premier ministre Ali Mahaman Lamine Zeine participe \u00e0 la 20\u00e8me r\u00e9union"},{"@type":"BreadcrumbList","@id":"https:\/\/www.africa-press.net\/niger\/politique\/reunion-du-comite-consultatif-de-la-banque-africaine-de-developpement-le-premier-ministre-ali-mahaman-lamine-zeine-participe-a-la-20eme-reunion#breadcrumb","itemListElement":[{"@type":"ListItem","position":1,"name":"Accueil","item":"https:\/\/www.africa-press.net\/niger\/"},{"@type":"ListItem","position":2,"name":"R\u00e9union du comit\u00e9 consultatif de la Banque Africaine de D\u00e9veloppement : Le Premier ministre Ali Mahaman Lamine Zeine participe \u00e0 la 20\u00e8me r\u00e9union"}]},{"@type":"WebSite","@id":"https:\/\/www.africa-press.net\/niger\/#website","url":"https:\/\/www.africa-press.net\/niger\/","name":"niger","description":"Just another Africa News Agency Sites site","potentialAction":[{"@type":"SearchAction","target":{"@type":"EntryPoint","urlTemplate":"https:\/\/www.africa-press.net\/niger\/?s={search_term_string}"},"query-input":{"@type":"PropertyValueSpecification","valueRequired":true,"valueName":"search_term_string"}}],"inLanguage":"fr-FR"},{"@type":"Person","@id":"https:\/\/www.africa-press.net\/niger\/#\/schema\/person\/2b1cf3cd81a31e3cd26889ca66d677f1","name":"cfeditorfr"}]}},"_links":{"self":[{"href":"https:\/\/www.africa-press.net\/niger\/wp-json\/wp\/v2\/posts\/58424","targetHints":{"allow":["GET"]}}],"collection":[{"href":"https:\/\/www.africa-press.net\/niger\/wp-json\/wp\/v2\/posts"}],"about":[{"href":"https:\/\/www.africa-press.net\/niger\/wp-json\/wp\/v2\/types\/post"}],"author":[{"embeddable":true,"href":"https:\/\/www.africa-press.net\/niger\/wp-json\/wp\/v2\/users\/82"}],"replies":[{"embeddable":true,"href":"https:\/\/www.africa-press.net\/niger\/wp-json\/wp\/v2\/comments?post=58424"}],"version-history":[{"count":0,"href":"https:\/\/www.africa-press.net\/niger\/wp-json\/wp\/v2\/posts\/58424\/revisions"}],"wp:featuredmedia":[{"embeddable":true,"href":"https:\/\/www.africa-press.net\/niger\/wp-json\/wp\/v2\/media\/58423"}],"wp:attachment":[{"href":"https:\/\/www.africa-press.net\/niger\/wp-json\/wp\/v2\/media?parent=58424"}],"wp:term":[{"taxonomy":"category","embeddable":true,"href":"https:\/\/www.africa-press.net\/niger\/wp-json\/wp\/v2\/categories?post=58424"},{"taxonomy":"post_tag","embeddable":true,"href":"https:\/\/www.africa-press.net\/niger\/wp-json\/wp\/v2\/tags?post=58424"}],"curies":[{"name":"wp","href":"https:\/\/api.w.org\/{rel}","templated":true}]}}