{"id":58430,"date":"2024-02-09T17:24:18","date_gmt":"2024-02-09T17:24:18","guid":{"rendered":"https:\/\/www.africa-press.net\/niger\/politique\/m-john-ayite-dossavi-president-du-rapec-fondateur-de-la-journee-mondiale-de-la-culture-africaine-et-afro-descendante-lhumanite-toute-entiere-doit-rendre-hommage-a-lafriqu"},"modified":"2024-02-09T18:36:05","modified_gmt":"2024-02-09T18:36:05","slug":"m-john-ayite-dossavi-president-du-rapec-fondateur-de-la-journee-mondiale-de-la-culture-africaine-et-afro-descendante-lhumanite-toute-entiere-doit-rendre-hommage-a-lafriqu","status":"publish","type":"post","link":"https:\/\/www.africa-press.net\/niger\/culture-et-art\/m-john-ayite-dossavi-president-du-rapec-fondateur-de-la-journee-mondiale-de-la-culture-africaine-et-afro-descendante-lhumanite-toute-entiere-doit-rendre-hommage-a-lafriqu","title":{"rendered":"M. John Ayit\u00e9 Dossavi, pr\u00e9sident du RAPEC, fondateur de la Journ\u00e9e Mondiale de la Culture Africaine et Afro-descendante : \u00ab L\u2019humanit\u00e9 toute enti\u00e8re doit rendre hommage \u00e0 l\u2019Afrique notre berceau commun \u00bb"},"content":{"rendered":"<p><span style=\"color: #ff6600\"><strong>Africa-Press &#8211; Niger. <\/strong><\/span>De la multitude des Journe\u0301es ce\u0301le\u0301bre\u0301es a\u0300 travers le monde, celle consacre\u0301e a\u0300 la Culture Africaine et Afro descendante est l\u2019une des plus re\u0301centes, puisque c\u2019est seulement a\u0300 partir de 2019 qu\u2019elle a e\u0301te\u0301 officiellement institue\u0301e. A\u0300 l\u2019origine de cette initiative se trouve le togolais John Ayite\u0301 DOSSAVI, pre\u0301sident du Re\u0301seau Africain des Promoteurs et Entrepreneurs Culturels (RAPEC), qui a fait le plaidoyer ayant abouti a\u0300 l\u2019adoption par l\u2019Assemble\u0301e Ge\u0301ne\u0301rale de l\u2019UNESCO de la Journe\u0301e Mondiale de la Culture Africaine et Afro descendante (JMCA) de\u0301sormais ce\u0301le\u0301bre\u0301e le 24 janvier.<\/p>\n<p>Dans cette interview, il e\u0301voque entre autres le processus ayant abouti a\u0300 l\u2019institutionnalisation de la JMCA, le sens du combat que sa structure me\u0300ne pour la valorisation du patrimoine culturel africain, mais aussi la prise en compte du secteur des arts et de la culture comme un des piliers du de\u0301veloppement durable du Continent.<\/p>\n<p><b>Monsieur le pre\u0301sident du RAPEC, n\u2019est-il pas e\u0301tonnant, voire choquant d\u2019apprendre que c\u2019est seulement a\u0300 partir de 2019 que la Journe\u0301e Mondiale de la Culture Africaine et Afro-descendante (JMCA) a e\u0301te\u0301 officiellement institue\u0301e ?<\/b><\/p>\n<p>Je voudrais dire d\u2019abord que cette question est tre\u0300s bonne, mais il faut aussi dire que cette Journe\u0301e de la Culture Africaine et Afro descendante (JMCA) vient de tre\u0300s loin. Premie\u0300rement, c\u2019est une ide\u0301e que je nourrissais depuis 1986 e\u0301tant jeune garc\u0327on, et jamais je n\u2019avais imagine\u0301 que je serai le porteur de cette vision. Deuxie\u0300mement, quand vous avez une telle ide\u0301e vous ne pouvez pas vous lever du jour au lendemain et vous dire que vous voulez rassembler tout un peuple. Comment vous allez faire ? Quels sont vos moyens ? Qui vous accompagne ? Ce sont des de\u0301marches souvent difficiles. En ge\u0301ne\u0301ral ce sont les Etats, leurs dirigeants qui se rassemblent et qui de\u0301cident d\u2019une telle vision, d\u2019un tel message a\u0300 porter a\u0300 l\u2019universalite\u0301. Et je rends vraiment gra\u0302ce au Dieu tout puissant qui m\u2019a permis de porter ce message jusqu\u2019a\u0300 ce qu\u2019il devienne un message d\u2019universalite\u0301. Je voudrais remercier le Togo qui a accueilli le premier Congre\u0300s panafricain en 2011 et qui e\u0301tait place\u0301 sous le haut patronage du Chef de l\u2019Etat togolais. C\u2019est lors de ce congre\u0300s que j\u2019ai propose\u0301 a\u0300 ce que l\u2019Afrique e\u0301tant le berceau de l\u2019humanite\u0301 se dote d\u2019une journe\u0301e pour ce\u0301le\u0301brer ses valeurs, ses traditions, ses us et coutumes. C\u2019e\u0301tait une des recommandations fortes du premier Congre\u0300s panafricain. Chemin faisant, cette recommandation a e\u0301te\u0301 promue par le rapport ge\u0301ne\u0301ral que nous avons pre\u0301sente\u0301 au sie\u0300ge des ACP a\u0300 Bruxelles. Je crois que chaque chose a son temps, il faut suffisamment de patience pour faire grandir un projet et le faire valider.<\/p>\n<p><b>Quelles sont les raisons qui justifient le choix du 24 janvier comme date de\u0301die\u0301e a\u0300 la Journe\u0301e Mondiale de la Culture Africaine et Afro-descendante ?<\/b><\/p>\n<p>J\u2019avoue vraiment qu\u2019il a e\u0301te\u0301 tre\u0300s difficile pour moi d\u2019identifier une date qui sera irre\u0301futable. Ce genre de messages, vous devez les porter sur une base solide. C\u2019est important que les gens se posent des questions pourquoi le choix du 24 janvier et pourquoi pas le 23 ou le 20 ou tout autre date. J\u2019avais au de\u0301but pense\u0301 a\u0300 un certain nombre de dates, par exemple la date de naissance de Nelson Mandela, puisqu\u2019il fait l\u2019unanimite\u0301, mais certaines personnes trouveraient que ma de\u0301marche est politique, j\u2019avais pense\u0301 a\u0300 la date de naissance d\u2019une grande artiste comme Miriam Makeba, mais d\u2019autres diraient que c\u2019est un choix porte\u0301 sur la musique, j\u2019ai pense\u0301 a\u0300 la date de naissance notre grand Paul Ayi, e\u0301minent plasticien, mais encore une fois la re\u0301ponse serait pourquoi lui. Alors dans ma prie\u0300re j\u2019ai demande\u0301 a\u0300 Dieu de m\u2019e\u0301clairer sur une date que personne ne peut re\u0301futer. A mon re\u0301veil tre\u0300s tard dans la nuit, j\u2019e\u0301tais sur internet et j\u2019ai tape\u0301 \u00ab la renaissance culturelle africaine \u00bb. Je suis tombe\u0301 sur la Charte de la renaissance culturelle africaine adopte\u0301e le 24 janvier 2006 a\u0300 Khartoum par tous les Chefs d\u2019Etat et de Gouvernement des pays membres de l\u2019Union Africaine. E\u0301tant togolais, cette date est symbolique, douloureuse dans notre pays puisqu\u2019elle rappelle l\u2019attentat de Sarakawa en 1974. Mais puisque cette date est aussi celle de l\u2019adoption de la Charte de la renaissance culturelle africaine, je me suis dit qu\u2019elle sera plus compre\u0301hensible pour tout le monde. C\u2019est extre\u0302mement important pour moi de justifier mon choix et je vous remercie d\u2019avoir pose\u0301 cette question.<\/p>\n<p><b>Quels sens avez-vous voulu donner cette anne\u0301e a\u0300 la JMCA qui a fait l\u2019objet d\u2019une grande ce\u0301re\u0301monie au sie\u0300ge de l\u2019UNESCO a\u0300 Paris sous le the\u0300me \u00ab l\u2019africanite\u0301 pour une humanite\u0301 re\u0301concilie\u0301e \u00bb ?<\/b><\/p>\n<p>Ce que je voudrais dire a\u0300 vos lecteurs, dans ma vision je veux pro\u0302ner la paix entre les peuples. Notre peuple est e\u0301parpille\u0301 partout dans le monde, a\u0300 travers la pe\u0301riode sombre de l\u2019humanite\u0301 qui e\u0301tait celle des razzias, de la de\u0301portation, de la traite ne\u0301grie\u0300re malheureusement prolonge\u0301e par la colonisation, le ne\u0301ocolonialisme. Je voulais since\u0300rement a\u0300 travers cette journe\u0301e mondiale rendre hommage a\u0300 l\u2019Afrique notre berceau. Nous tous savons que toutes les recherches convergent a\u0300 reconnai\u0302tre que l\u2019Afrique est le berceau de l\u2019humanite\u0301. A\u0300 juste titre je voulais a\u0300 travers cette manifestation, inviter l\u2019humanite\u0301 toute entie\u0300re a\u0300 rendre hommage a\u0300 l\u2019Afrique notre berceau commun, la\u0300 ou\u0300 tout a commence\u0301 pour elle. La Journe\u0301e Mondiale de la Culture Africaine et Afro-descendante a e\u0301te\u0301 promue sur ma demande, la de\u0301le\u0301gation permanente du Togo aupre\u0300s de l\u2019UNESCO a porte\u0301 ce projet de re\u0301solution aupre\u0300s de l\u2019organisation qui l\u2019a vote\u0301 par acclamation lors de sa 40e\u0300me Assemble\u0301e ge\u0301ne\u0301rale. Cinq ans plus tard, il est de notre devoir de ramener l\u2019e\u0301ve\u0301nement officiel mondial dans la maison de l\u2019UNESCO. La JMCA est ne\u0301e le 24 janvier 2014 de par le compte a\u0300 rebours qui annonc\u0327ait l\u2019e\u0301ve\u0301nement officiel au Togo en 2016. Et, faire cette manifestation cinq ans apre\u0300s sa proclamation dans la maison de l\u2019UNESCO n\u2019est que pour nous une grande opportunite\u0301 d\u2019inviter tous les E\u0301tats du monde entier qui ont vote\u0301 le projet de re\u0301solution porte\u0301 par le Togo sur la demande de notre organisation qui est le Re\u0301seau africain des promoteurs et entrepreneurs culturels (RAPEC). La the\u0301matique \u00ab l\u2019africanite\u0301 pour une humanite\u0301 re\u0301concilie\u0301e \u00bb se traduit a\u0300 travers le fait que l\u2019Afrique e\u0301tant la maman de l\u2019humanite\u0301, il est important que cette maman puisse pro\u0302ner la re\u0301conciliation de toutes ses filles et tous ses fils pour une humanite\u0301 re\u0301concilie\u0301e. Cette the\u0301matique re\u0301pond aux aspirations de l\u2019UNESCO, a\u0300 la culture de la paix que nous pro\u0302nons. C\u2019est aussi une opportunite\u0301 donne\u0301e a\u0300 notre pays d\u2019annoncer le prochain Congre\u0300s panafricain qui va se tenir au Togo.<\/p>\n<p><b>Il y a eu au 20e\u0300me sie\u0300cle des mouvements politico-culturels dont entre autres, la Ne\u0301gritude, la Renaissance de Harlem ; mais aujourd\u2019hui quels sont les objectifs que poursuit le RAPEC en mettant en avant la culture africaine et afro descendante ?<\/b><\/p>\n<p>Je veux paraphraser ici un grand homme, Frantz Fanon qui disait, \u00ab dans une relative opacite\u0301, chaque ge\u0301ne\u0301ration doit chercher sa mission, la trouver, l\u2019accomplir ou la trahir \u00bb. Il est de notre ge\u0301ne\u0301ration d\u2019e\u0302tre dans la continuite\u0301 de ces pe\u0300res de l\u2019unicite\u0301 de notre peuple, tels que Frantz Fanon, Gontran Damas, Aime\u0301 Ce\u0301saire, Le\u0301opold Cedar Senghor, Cheick Anta Diop, Bob Marley, et toutes ces grandes personnalite\u0301s, qui a\u0300 un moment donne\u0301 de l\u2019histoire ont porte\u0301 un message d\u2019unite\u0301. Nous sommes a\u0300 l\u2019ore\u0301e du 21e\u0300me sie\u0300cle, notre ge\u0301ne\u0301ration aussi veut rentrer dans l\u2019histoire en mettant en place une agora. Aujourd\u2019hui il n\u2019y aucune date qui lie notre peuple a\u0300 travers le monde entier. Je sais qu\u2019il y a la journe\u0301e de l\u2019Afrique qui est ce\u0301le\u0301bre\u0301e le 25 mai ; je sais aussi qu\u2019il y a la journe\u0301e des personnes d\u2019ascendance africaine, ce\u0301le\u0301bre\u0301e le 31 aou\u0302t. Mais la journe\u0301e Mondiale de la Culture Africaine et Afro descendante est l\u2019arbre qui sert d\u2019ombre a\u0300 toutes les filles et tous les fils issus de ce continent. Il est extre\u0302mement important d\u2019avoir un repe\u0300re. Je crois que cette journe\u0301e est la meilleure chose qui peut arriver a\u0300 notre ge\u0301ne\u0301ration. Nous avons mis en place une date symbolique qui sert de passerelle entre tous nos peuples, mais au-dela\u0300 de nos peuples, cette date permet e\u0301galement a\u0300 l\u2019humanite\u0301 toute entie\u0300re de rendre hommage a\u0300 l\u2019Afrique notre berceau commun. La de\u0301marche du RAPEC est socio-culturelle, c\u2019est une de\u0301marche de la diplomatie culturelle. En intervenant le 19 janvier dernier devant tous les ambassadeurs des pays d\u2019Ame\u0301rique Latine et des Carai\u0308bes accre\u0301dite\u0301s a\u0300 l\u2019UNESCO je ne suis pas dans la promotion de certains pans de la culture, je suis dans la promotion du rapprochement des peuples. Ce que j\u2019ai fait e\u0301galement devant tous les ambassadeurs du groupe arabe en 2019 et les ambassadeurs du groupe Afrique en 2018. Aussi, la JMCA a e\u0301te\u0301 promue par le pre\u0301sident en exercice de l\u2019Union africaine en 2022, M. Antoine Felix Tshisekedi dont j\u2019ai e\u0301te\u0301 l\u2019invite\u0301 spe\u0301cial. A juste titre le RAPEC essaie de cre\u0301er toutes les conditions afin que la culture puisse e\u0302tre reconnue comme une activite\u0301 e\u0301conomique a\u0300 part entie\u0300re. C\u2019est c\u0327a qui nous a conduit a\u0300 organiser le premier Congre\u0300s panafricain sous le the\u0300me \u00ab la Culture levier de de\u0301veloppement \u00bb avec toutes les institutions a\u0300 savoir, l\u2019UNESCO, l\u2019OIF, Cite\u0301s et Gouvernements Locaux Unis d\u2019Afrique, etc. J\u2019ai aussi voulu rappeler ici que le rapport ge\u0301ne\u0301ral de ce premier congre\u0300s panafricain sur le ro\u0302le de la culture dans le de\u0301veloppement de l\u2019Afrique a e\u0301te\u0301 pre\u0301sente\u0301 avec le Secre\u0301tariat ge\u0301ne\u0301ral des ACP au sie\u0300ge de cette Organisation. Nous voulons a\u0300 ce que la culture qui a une dimension transversale soit au c\u0153ur des pre\u0301occupations de nos E\u0301tats.<\/p>\n<p><b>Comment comptez-vous re\u0301ussir a\u0300 faire des Arts et de la Culture, un levier de de\u0301veloppement e\u0301conomique et social en Afrique alors que ce secteur est le parent pauvre des politiques publiques dans la majeure partie des pays du continent ? <\/b><\/p>\n<p>A chaque jour suffit sa peine ! Il ne faut pas oublier que le RAPEC est ne\u0301 il y a quinze ans de cela. Et si le RAPEC pro\u0302ne que l\u2019activite\u0301 culturelle soit reconnue comme une activite\u0301 e\u0301conomique a\u0300 part entie\u0300re, il faut comprendre que notre objectif c\u2019est justement de parler de la culture et de l\u2019e\u0301conomie. Depuis des anne\u0301es on fait la promotion de la Culture a\u0300 travers le monde, de la protection du patrimoine culturel africain, beaucoup d\u2019institution font cela et le troisie\u0300me chai\u0302non qui manque c\u2019est la cre\u0301ation des conditions pour que l\u2019activite\u0301 culturelle soit reconnue comme une activite\u0301 e\u0301conomique a\u0300 part entie\u0300re. C\u2019est sur cela que le RAPEC se penche. Le premier congre\u0300s panafricain a de\u0301ploye\u0301 des batteries dans ce sens et nous allons continuer dans le cadre de notre prochaine grande rencontre qui se de\u0301roulera cette anne\u0301e ou au pire des cas en 2025. Ce sera l\u2019acte 2 du premier congre\u0300s panafricain. Il y aura des the\u0301matiques avec la mise sur pied d\u2019une commission de suivi du premier et du deuxie\u0300me congre\u0300s panafricain, sous la bannie\u0300re du grand Symposium sur le ro\u0302le de la culture dans le de\u0301veloppement du continent. Nous aurons besoin de tout le monde pour nous accompagner, car l\u2019Afrique nous est che\u0300re, l\u2019Afrique est notre maison commune. Ceux qui \u0153uvrent pour promouvoir la culture africaine, ceux qui prote\u0300gent le patrimoine culturel africain doivent e\u0302tre porte\u0301s, et je veux compter sur vous. Je suis le pe\u0300re de cette Journe\u0301e Mondiale de la Culture Africaine et Afro descendante, (JMCA), mais c\u2019est un message qui nous appartient de\u0301sormais ; a\u0300 nous de faire vivre cette Journe\u0301e, de veiller a\u0300 ce qu\u2019elle soit l\u2019Agora, le rendez-vous annuel de notre peuple ou\u0300 que nous soyons sur cette plane\u0300te.<\/p>\n<p><b>Interview re\u0301alise\u0301e par Souley Moutari<\/b><\/p>\n<p><strong>Pour plus d&rsquo;informations et d&rsquo;analyses sur la <a href=\"https:\/\/www.africa-press.net\/niger\">Niger<\/a>, suivez <a href=\"https:\/\/www.africa-press.net\/\">Africa-Press<\/a><\/strong><\/p>\n","protected":false},"excerpt":{"rendered":"<p>Africa-Press &#8211; Niger. De la multitude des Journe\u0301es ce\u0301le\u0301bre\u0301es a\u0300 travers le monde, celle consacre\u0301e a\u0300 la Culture Africaine et Afro descendante est l\u2019une des plus re\u0301centes, puisque c\u2019est seulement a\u0300 partir de 2019 qu\u2019elle a e\u0301te\u0301 officiellement institue\u0301e. A\u0300 l\u2019origine de cette initiative se trouve le togolais John Ayite\u0301 DOSSAVI, pre\u0301sident du Re\u0301seau Africain [&hellip;]<\/p>\n","protected":false},"author":82,"featured_media":58429,"comment_status":"open","ping_status":"closed","sticky":false,"template":"","format":"standard","meta":{"footnotes":""},"categories":[5,10],"tags":[55,60,29],"class_list":["post-58430","post","type-post","status-publish","format-standard","has-post-thumbnail","hentry","category-culture-et-art","category-toutes-les-actualites","tag-africa-press","tag-africa-press-niger","tag-niger"],"yoast_head":"<!-- This site is optimized with the Yoast SEO Premium plugin v26.1 (Yoast SEO v27.0) - https:\/\/yoast.com\/product\/yoast-seo-premium-wordpress\/ -->\n<title>M. John Ayit\u00e9 Dossavi, pr\u00e9sident du RAPEC, fondateur de la Journ\u00e9e Mondiale de la Culture Africaine et Afro-descendante : \u00ab L\u2019humanit\u00e9 toute enti\u00e8re doit rendre hommage \u00e0 l\u2019Afrique notre berceau commun \u00bb - niger<\/title>\n<meta name=\"description\" content=\"De la multitude des Journe\u0301es ce\u0301le\u0301bre\u0301es a\u0300 travers le monde, celle consacre\u0301e a\u0300 la Culture Africaine et Afro descend ...\" \/>\n<meta name=\"robots\" content=\"index, follow, max-snippet:-1, max-image-preview:large, max-video-preview:-1\" \/>\n<link rel=\"canonical\" href=\"https:\/\/www.africa-press.net\/niger\/culture-et-art\/m-john-ayite-dossavi-president-du-rapec-fondateur-de-la-journee-mondiale-de-la-culture-africaine-et-afro-descendante-lhumanite-toute-entiere-doit-rendre-hommage-a-lafriqu\" \/>\n<meta property=\"og:locale\" content=\"fr_FR\" \/>\n<meta property=\"og:type\" content=\"article\" \/>\n<meta property=\"og:title\" content=\"M. John Ayit\u00e9 Dossavi, pr\u00e9sident du RAPEC, fondateur de la Journ\u00e9e Mondiale de la Culture Africaine et Afro-descendante : \u00ab L\u2019humanit\u00e9 toute enti\u00e8re doit rendre hommage \u00e0 l\u2019Afrique notre berceau commun \u00bb\" \/>\n<meta property=\"og:description\" content=\"De la multitude des Journe\u0301es ce\u0301le\u0301bre\u0301es a\u0300 travers le monde, celle consacre\u0301e a\u0300 la Culture Africaine et Afro descend ...\" \/>\n<meta property=\"og:url\" content=\"https:\/\/www.africa-press.net\/niger\/culture-et-art\/m-john-ayite-dossavi-president-du-rapec-fondateur-de-la-journee-mondiale-de-la-culture-africaine-et-afro-descendante-lhumanite-toute-entiere-doit-rendre-hommage-a-lafriqu\" \/>\n<meta property=\"og:site_name\" content=\"niger\" \/>\n<meta property=\"article:published_time\" content=\"2024-02-09T17:24:18+00:00\" \/>\n<meta property=\"article:modified_time\" content=\"2024-02-09T18:36:05+00:00\" \/>\n<meta property=\"og:image\" content=\"https:\/\/static.africa-press.net\/niger\/sites\/40\/2024\/02\/sm_1707490828.203706.jpg\" \/>\n\t<meta property=\"og:image:width\" content=\"1280\" \/>\n\t<meta property=\"og:image:height\" content=\"720\" \/>\n\t<meta property=\"og:image:type\" content=\"image\/jpeg\" \/>\n<meta name=\"author\" content=\"cfeditorfr\" \/>\n<meta name=\"twitter:card\" content=\"summary_large_image\" \/>\n<meta name=\"twitter:label1\" content=\"\u00c9crit par\" \/>\n\t<meta name=\"twitter:data1\" content=\"cfeditorfr\" \/>\n\t<meta name=\"twitter:label2\" content=\"Dur\u00e9e de lecture estim\u00e9e\" \/>\n\t<meta name=\"twitter:data2\" content=\"11 minutes\" \/>\n<script type=\"application\/ld+json\" class=\"yoast-schema-graph\">{\"@context\":\"https:\/\/schema.org\",\"@graph\":[{\"@type\":\"Article\",\"@id\":\"https:\/\/www.africa-press.net\/niger\/culture-et-art\/m-john-ayite-dossavi-president-du-rapec-fondateur-de-la-journee-mondiale-de-la-culture-africaine-et-afro-descendante-lhumanite-toute-entiere-doit-rendre-hommage-a-lafriqu#article\",\"isPartOf\":{\"@id\":\"https:\/\/www.africa-press.net\/niger\/culture-et-art\/m-john-ayite-dossavi-president-du-rapec-fondateur-de-la-journee-mondiale-de-la-culture-africaine-et-afro-descendante-lhumanite-toute-entiere-doit-rendre-hommage-a-lafriqu\"},\"author\":{\"name\":\"cfeditorfr\",\"@id\":\"https:\/\/www.africa-press.net\/niger\/#\/schema\/person\/2b1cf3cd81a31e3cd26889ca66d677f1\"},\"headline\":\"M. John Ayit\u00e9 Dossavi, pr\u00e9sident du RAPEC, fondateur de la Journ\u00e9e Mondiale de la Culture Africaine et Afro-descendante : \u00ab L\u2019humanit\u00e9 toute enti\u00e8re doit rendre hommage \u00e0 l\u2019Afrique notre berceau commun \u00bb\",\"datePublished\":\"2024-02-09T17:24:18+00:00\",\"dateModified\":\"2024-02-09T18:36:05+00:00\",\"mainEntityOfPage\":{\"@id\":\"https:\/\/www.africa-press.net\/niger\/culture-et-art\/m-john-ayite-dossavi-president-du-rapec-fondateur-de-la-journee-mondiale-de-la-culture-africaine-et-afro-descendante-lhumanite-toute-entiere-doit-rendre-hommage-a-lafriqu\"},\"wordCount\":2279,\"commentCount\":0,\"image\":{\"@id\":\"https:\/\/www.africa-press.net\/niger\/culture-et-art\/m-john-ayite-dossavi-president-du-rapec-fondateur-de-la-journee-mondiale-de-la-culture-africaine-et-afro-descendante-lhumanite-toute-entiere-doit-rendre-hommage-a-lafriqu#primaryimage\"},\"thumbnailUrl\":\"https:\/\/static.africa-press.net\/niger\/sites\/40\/2024\/02\/sm_1707490828.203706.jpg\",\"keywords\":[\"Africa Press\",\"Africa Press-Niger\",\"Niger\"],\"articleSection\":[\"Culture et Art\",\"Toutes les actualit\u00e9s\"],\"inLanguage\":\"fr-FR\",\"potentialAction\":[{\"@type\":\"CommentAction\",\"name\":\"Comment\",\"target\":[\"https:\/\/www.africa-press.net\/niger\/culture-et-art\/m-john-ayite-dossavi-president-du-rapec-fondateur-de-la-journee-mondiale-de-la-culture-africaine-et-afro-descendante-lhumanite-toute-entiere-doit-rendre-hommage-a-lafriqu#respond\"]}]},{\"@type\":\"WebPage\",\"@id\":\"https:\/\/www.africa-press.net\/niger\/culture-et-art\/m-john-ayite-dossavi-president-du-rapec-fondateur-de-la-journee-mondiale-de-la-culture-africaine-et-afro-descendante-lhumanite-toute-entiere-doit-rendre-hommage-a-lafriqu\",\"url\":\"https:\/\/www.africa-press.net\/niger\/culture-et-art\/m-john-ayite-dossavi-president-du-rapec-fondateur-de-la-journee-mondiale-de-la-culture-africaine-et-afro-descendante-lhumanite-toute-entiere-doit-rendre-hommage-a-lafriqu\",\"name\":\"M. John Ayit\u00e9 Dossavi, pr\u00e9sident du RAPEC, fondateur de la Journ\u00e9e Mondiale de la Culture Africaine et Afro-descendante : \u00ab L\u2019humanit\u00e9 toute enti\u00e8re doit rendre hommage \u00e0 l\u2019Afrique notre berceau commun \u00bb - niger\",\"isPartOf\":{\"@id\":\"https:\/\/www.africa-press.net\/niger\/#website\"},\"primaryImageOfPage\":{\"@id\":\"https:\/\/www.africa-press.net\/niger\/culture-et-art\/m-john-ayite-dossavi-president-du-rapec-fondateur-de-la-journee-mondiale-de-la-culture-africaine-et-afro-descendante-lhumanite-toute-entiere-doit-rendre-hommage-a-lafriqu#primaryimage\"},\"image\":{\"@id\":\"https:\/\/www.africa-press.net\/niger\/culture-et-art\/m-john-ayite-dossavi-president-du-rapec-fondateur-de-la-journee-mondiale-de-la-culture-africaine-et-afro-descendante-lhumanite-toute-entiere-doit-rendre-hommage-a-lafriqu#primaryimage\"},\"thumbnailUrl\":\"https:\/\/static.africa-press.net\/niger\/sites\/40\/2024\/02\/sm_1707490828.203706.jpg\",\"datePublished\":\"2024-02-09T17:24:18+00:00\",\"dateModified\":\"2024-02-09T18:36:05+00:00\",\"author\":{\"@id\":\"https:\/\/www.africa-press.net\/niger\/#\/schema\/person\/2b1cf3cd81a31e3cd26889ca66d677f1\"},\"description\":\"De la multitude des Journe\u0301es ce\u0301le\u0301bre\u0301es a\u0300 travers le monde, celle consacre\u0301e a\u0300 la Culture Africaine et Afro descend ...\",\"breadcrumb\":{\"@id\":\"https:\/\/www.africa-press.net\/niger\/culture-et-art\/m-john-ayite-dossavi-president-du-rapec-fondateur-de-la-journee-mondiale-de-la-culture-africaine-et-afro-descendante-lhumanite-toute-entiere-doit-rendre-hommage-a-lafriqu#breadcrumb\"},\"inLanguage\":\"fr-FR\",\"potentialAction\":[{\"@type\":\"ReadAction\",\"target\":[\"https:\/\/www.africa-press.net\/niger\/culture-et-art\/m-john-ayite-dossavi-president-du-rapec-fondateur-de-la-journee-mondiale-de-la-culture-africaine-et-afro-descendante-lhumanite-toute-entiere-doit-rendre-hommage-a-lafriqu\"]}]},{\"@type\":\"ImageObject\",\"inLanguage\":\"fr-FR\",\"@id\":\"https:\/\/www.africa-press.net\/niger\/culture-et-art\/m-john-ayite-dossavi-president-du-rapec-fondateur-de-la-journee-mondiale-de-la-culture-africaine-et-afro-descendante-lhumanite-toute-entiere-doit-rendre-hommage-a-lafriqu#primaryimage\",\"url\":\"https:\/\/static.africa-press.net\/niger\/sites\/40\/2024\/02\/sm_1707490828.203706.jpg\",\"contentUrl\":\"https:\/\/static.africa-press.net\/niger\/sites\/40\/2024\/02\/sm_1707490828.203706.jpg\",\"width\":1280,\"height\":720,\"caption\":\"M. John Ayit\u00e9 Dossavi, pr\u00e9sident du RAPEC, fondateur de la Journ\u00e9e Mondiale de la Culture Africaine et Afro-descendante : \u00ab L\u2019humanit\u00e9 toute enti\u00e8re doit rendre hommage \u00e0 l\u2019Afrique notre berceau commun \u00bb\"},{\"@type\":\"BreadcrumbList\",\"@id\":\"https:\/\/www.africa-press.net\/niger\/culture-et-art\/m-john-ayite-dossavi-president-du-rapec-fondateur-de-la-journee-mondiale-de-la-culture-africaine-et-afro-descendante-lhumanite-toute-entiere-doit-rendre-hommage-a-lafriqu#breadcrumb\",\"itemListElement\":[{\"@type\":\"ListItem\",\"position\":1,\"name\":\"Accueil\",\"item\":\"https:\/\/www.africa-press.net\/niger\/\"},{\"@type\":\"ListItem\",\"position\":2,\"name\":\"M. John Ayit\u00e9 Dossavi, pr\u00e9sident du RAPEC, fondateur de la Journ\u00e9e Mondiale de la Culture Africaine et Afro-descendante : \u00ab L\u2019humanit\u00e9 toute enti\u00e8re doit rendre hommage \u00e0 l\u2019Afrique notre berceau commun \u00bb\"}]},{\"@type\":\"WebSite\",\"@id\":\"https:\/\/www.africa-press.net\/niger\/#website\",\"url\":\"https:\/\/www.africa-press.net\/niger\/\",\"name\":\"niger\",\"description\":\"Just another Africa News Agency Sites site\",\"potentialAction\":[{\"@type\":\"SearchAction\",\"target\":{\"@type\":\"EntryPoint\",\"urlTemplate\":\"https:\/\/www.africa-press.net\/niger\/?s={search_term_string}\"},\"query-input\":{\"@type\":\"PropertyValueSpecification\",\"valueRequired\":true,\"valueName\":\"search_term_string\"}}],\"inLanguage\":\"fr-FR\"},{\"@type\":\"Person\",\"@id\":\"https:\/\/www.africa-press.net\/niger\/#\/schema\/person\/2b1cf3cd81a31e3cd26889ca66d677f1\",\"name\":\"cfeditorfr\"}]}<\/script>\n<!-- \/ Yoast SEO Premium plugin. -->","yoast_head_json":{"title":"M. John Ayit\u00e9 Dossavi, pr\u00e9sident du RAPEC, fondateur de la Journ\u00e9e Mondiale de la Culture Africaine et Afro-descendante : \u00ab L\u2019humanit\u00e9 toute enti\u00e8re doit rendre hommage \u00e0 l\u2019Afrique notre berceau commun \u00bb - niger","description":"De la multitude des Journe\u0301es ce\u0301le\u0301bre\u0301es a\u0300 travers le monde, celle consacre\u0301e a\u0300 la Culture Africaine et Afro descend ...","robots":{"index":"index","follow":"follow","max-snippet":"max-snippet:-1","max-image-preview":"max-image-preview:large","max-video-preview":"max-video-preview:-1"},"canonical":"https:\/\/www.africa-press.net\/niger\/culture-et-art\/m-john-ayite-dossavi-president-du-rapec-fondateur-de-la-journee-mondiale-de-la-culture-africaine-et-afro-descendante-lhumanite-toute-entiere-doit-rendre-hommage-a-lafriqu","og_locale":"fr_FR","og_type":"article","og_title":"M. John Ayit\u00e9 Dossavi, pr\u00e9sident du RAPEC, fondateur de la Journ\u00e9e Mondiale de la Culture Africaine et Afro-descendante : \u00ab L\u2019humanit\u00e9 toute enti\u00e8re doit rendre hommage \u00e0 l\u2019Afrique notre berceau commun \u00bb","og_description":"De la multitude des Journe\u0301es ce\u0301le\u0301bre\u0301es a\u0300 travers le monde, celle consacre\u0301e a\u0300 la Culture Africaine et Afro descend ...","og_url":"https:\/\/www.africa-press.net\/niger\/culture-et-art\/m-john-ayite-dossavi-president-du-rapec-fondateur-de-la-journee-mondiale-de-la-culture-africaine-et-afro-descendante-lhumanite-toute-entiere-doit-rendre-hommage-a-lafriqu","og_site_name":"niger","article_published_time":"2024-02-09T17:24:18+00:00","article_modified_time":"2024-02-09T18:36:05+00:00","og_image":[{"width":1280,"height":720,"url":"https:\/\/static.africa-press.net\/niger\/sites\/40\/2024\/02\/sm_1707490828.203706.jpg","type":"image\/jpeg"}],"author":"cfeditorfr","twitter_card":"summary_large_image","twitter_misc":{"\u00c9crit par":"cfeditorfr","Dur\u00e9e de lecture estim\u00e9e":"11 minutes"},"schema":{"@context":"https:\/\/schema.org","@graph":[{"@type":"Article","@id":"https:\/\/www.africa-press.net\/niger\/culture-et-art\/m-john-ayite-dossavi-president-du-rapec-fondateur-de-la-journee-mondiale-de-la-culture-africaine-et-afro-descendante-lhumanite-toute-entiere-doit-rendre-hommage-a-lafriqu#article","isPartOf":{"@id":"https:\/\/www.africa-press.net\/niger\/culture-et-art\/m-john-ayite-dossavi-president-du-rapec-fondateur-de-la-journee-mondiale-de-la-culture-africaine-et-afro-descendante-lhumanite-toute-entiere-doit-rendre-hommage-a-lafriqu"},"author":{"name":"cfeditorfr","@id":"https:\/\/www.africa-press.net\/niger\/#\/schema\/person\/2b1cf3cd81a31e3cd26889ca66d677f1"},"headline":"M. John Ayit\u00e9 Dossavi, pr\u00e9sident du RAPEC, fondateur de la Journ\u00e9e Mondiale de la Culture Africaine et Afro-descendante : \u00ab L\u2019humanit\u00e9 toute enti\u00e8re doit rendre hommage \u00e0 l\u2019Afrique notre berceau commun \u00bb","datePublished":"2024-02-09T17:24:18+00:00","dateModified":"2024-02-09T18:36:05+00:00","mainEntityOfPage":{"@id":"https:\/\/www.africa-press.net\/niger\/culture-et-art\/m-john-ayite-dossavi-president-du-rapec-fondateur-de-la-journee-mondiale-de-la-culture-africaine-et-afro-descendante-lhumanite-toute-entiere-doit-rendre-hommage-a-lafriqu"},"wordCount":2279,"commentCount":0,"image":{"@id":"https:\/\/www.africa-press.net\/niger\/culture-et-art\/m-john-ayite-dossavi-president-du-rapec-fondateur-de-la-journee-mondiale-de-la-culture-africaine-et-afro-descendante-lhumanite-toute-entiere-doit-rendre-hommage-a-lafriqu#primaryimage"},"thumbnailUrl":"https:\/\/static.africa-press.net\/niger\/sites\/40\/2024\/02\/sm_1707490828.203706.jpg","keywords":["Africa Press","Africa Press-Niger","Niger"],"articleSection":["Culture et Art","Toutes les actualit\u00e9s"],"inLanguage":"fr-FR","potentialAction":[{"@type":"CommentAction","name":"Comment","target":["https:\/\/www.africa-press.net\/niger\/culture-et-art\/m-john-ayite-dossavi-president-du-rapec-fondateur-de-la-journee-mondiale-de-la-culture-africaine-et-afro-descendante-lhumanite-toute-entiere-doit-rendre-hommage-a-lafriqu#respond"]}]},{"@type":"WebPage","@id":"https:\/\/www.africa-press.net\/niger\/culture-et-art\/m-john-ayite-dossavi-president-du-rapec-fondateur-de-la-journee-mondiale-de-la-culture-africaine-et-afro-descendante-lhumanite-toute-entiere-doit-rendre-hommage-a-lafriqu","url":"https:\/\/www.africa-press.net\/niger\/culture-et-art\/m-john-ayite-dossavi-president-du-rapec-fondateur-de-la-journee-mondiale-de-la-culture-africaine-et-afro-descendante-lhumanite-toute-entiere-doit-rendre-hommage-a-lafriqu","name":"M. John Ayit\u00e9 Dossavi, pr\u00e9sident du RAPEC, fondateur de la Journ\u00e9e Mondiale de la Culture Africaine et Afro-descendante : \u00ab L\u2019humanit\u00e9 toute enti\u00e8re doit rendre hommage \u00e0 l\u2019Afrique notre berceau commun \u00bb - niger","isPartOf":{"@id":"https:\/\/www.africa-press.net\/niger\/#website"},"primaryImageOfPage":{"@id":"https:\/\/www.africa-press.net\/niger\/culture-et-art\/m-john-ayite-dossavi-president-du-rapec-fondateur-de-la-journee-mondiale-de-la-culture-africaine-et-afro-descendante-lhumanite-toute-entiere-doit-rendre-hommage-a-lafriqu#primaryimage"},"image":{"@id":"https:\/\/www.africa-press.net\/niger\/culture-et-art\/m-john-ayite-dossavi-president-du-rapec-fondateur-de-la-journee-mondiale-de-la-culture-africaine-et-afro-descendante-lhumanite-toute-entiere-doit-rendre-hommage-a-lafriqu#primaryimage"},"thumbnailUrl":"https:\/\/static.africa-press.net\/niger\/sites\/40\/2024\/02\/sm_1707490828.203706.jpg","datePublished":"2024-02-09T17:24:18+00:00","dateModified":"2024-02-09T18:36:05+00:00","author":{"@id":"https:\/\/www.africa-press.net\/niger\/#\/schema\/person\/2b1cf3cd81a31e3cd26889ca66d677f1"},"description":"De la multitude des Journe\u0301es ce\u0301le\u0301bre\u0301es a\u0300 travers le monde, celle consacre\u0301e a\u0300 la Culture Africaine et Afro descend ...","breadcrumb":{"@id":"https:\/\/www.africa-press.net\/niger\/culture-et-art\/m-john-ayite-dossavi-president-du-rapec-fondateur-de-la-journee-mondiale-de-la-culture-africaine-et-afro-descendante-lhumanite-toute-entiere-doit-rendre-hommage-a-lafriqu#breadcrumb"},"inLanguage":"fr-FR","potentialAction":[{"@type":"ReadAction","target":["https:\/\/www.africa-press.net\/niger\/culture-et-art\/m-john-ayite-dossavi-president-du-rapec-fondateur-de-la-journee-mondiale-de-la-culture-africaine-et-afro-descendante-lhumanite-toute-entiere-doit-rendre-hommage-a-lafriqu"]}]},{"@type":"ImageObject","inLanguage":"fr-FR","@id":"https:\/\/www.africa-press.net\/niger\/culture-et-art\/m-john-ayite-dossavi-president-du-rapec-fondateur-de-la-journee-mondiale-de-la-culture-africaine-et-afro-descendante-lhumanite-toute-entiere-doit-rendre-hommage-a-lafriqu#primaryimage","url":"https:\/\/static.africa-press.net\/niger\/sites\/40\/2024\/02\/sm_1707490828.203706.jpg","contentUrl":"https:\/\/static.africa-press.net\/niger\/sites\/40\/2024\/02\/sm_1707490828.203706.jpg","width":1280,"height":720,"caption":"M. John Ayit\u00e9 Dossavi, pr\u00e9sident du RAPEC, fondateur de la Journ\u00e9e Mondiale de la Culture Africaine et Afro-descendante : \u00ab L\u2019humanit\u00e9 toute enti\u00e8re doit rendre hommage \u00e0 l\u2019Afrique notre berceau commun \u00bb"},{"@type":"BreadcrumbList","@id":"https:\/\/www.africa-press.net\/niger\/culture-et-art\/m-john-ayite-dossavi-president-du-rapec-fondateur-de-la-journee-mondiale-de-la-culture-africaine-et-afro-descendante-lhumanite-toute-entiere-doit-rendre-hommage-a-lafriqu#breadcrumb","itemListElement":[{"@type":"ListItem","position":1,"name":"Accueil","item":"https:\/\/www.africa-press.net\/niger\/"},{"@type":"ListItem","position":2,"name":"M. John Ayit\u00e9 Dossavi, pr\u00e9sident du RAPEC, fondateur de la Journ\u00e9e Mondiale de la Culture Africaine et Afro-descendante : \u00ab L\u2019humanit\u00e9 toute enti\u00e8re doit rendre hommage \u00e0 l\u2019Afrique notre berceau commun \u00bb"}]},{"@type":"WebSite","@id":"https:\/\/www.africa-press.net\/niger\/#website","url":"https:\/\/www.africa-press.net\/niger\/","name":"niger","description":"Just another Africa News Agency Sites site","potentialAction":[{"@type":"SearchAction","target":{"@type":"EntryPoint","urlTemplate":"https:\/\/www.africa-press.net\/niger\/?s={search_term_string}"},"query-input":{"@type":"PropertyValueSpecification","valueRequired":true,"valueName":"search_term_string"}}],"inLanguage":"fr-FR"},{"@type":"Person","@id":"https:\/\/www.africa-press.net\/niger\/#\/schema\/person\/2b1cf3cd81a31e3cd26889ca66d677f1","name":"cfeditorfr"}]}},"_links":{"self":[{"href":"https:\/\/www.africa-press.net\/niger\/wp-json\/wp\/v2\/posts\/58430","targetHints":{"allow":["GET"]}}],"collection":[{"href":"https:\/\/www.africa-press.net\/niger\/wp-json\/wp\/v2\/posts"}],"about":[{"href":"https:\/\/www.africa-press.net\/niger\/wp-json\/wp\/v2\/types\/post"}],"author":[{"embeddable":true,"href":"https:\/\/www.africa-press.net\/niger\/wp-json\/wp\/v2\/users\/82"}],"replies":[{"embeddable":true,"href":"https:\/\/www.africa-press.net\/niger\/wp-json\/wp\/v2\/comments?post=58430"}],"version-history":[{"count":0,"href":"https:\/\/www.africa-press.net\/niger\/wp-json\/wp\/v2\/posts\/58430\/revisions"}],"wp:featuredmedia":[{"embeddable":true,"href":"https:\/\/www.africa-press.net\/niger\/wp-json\/wp\/v2\/media\/58429"}],"wp:attachment":[{"href":"https:\/\/www.africa-press.net\/niger\/wp-json\/wp\/v2\/media?parent=58430"}],"wp:term":[{"taxonomy":"category","embeddable":true,"href":"https:\/\/www.africa-press.net\/niger\/wp-json\/wp\/v2\/categories?post=58430"},{"taxonomy":"post_tag","embeddable":true,"href":"https:\/\/www.africa-press.net\/niger\/wp-json\/wp\/v2\/tags?post=58430"}],"curies":[{"name":"wp","href":"https:\/\/api.w.org\/{rel}","templated":true}]}}