{"id":58432,"date":"2024-02-09T17:24:50","date_gmt":"2024-02-09T17:24:50","guid":{"rendered":"https:\/\/www.africa-press.net\/niger\/politique\/presentation-du-cinquieme-5eme-rapport-periodique-du-niger-sur-la-mise-en-oeuvre-de-la-cedef-le-ministre-de-la-justice-souligne-les-avancees-significatives-en-matiere-des-droits-de-lhomme"},"modified":"2024-02-09T18:36:45","modified_gmt":"2024-02-09T18:36:45","slug":"presentation-du-cinquieme-5eme-rapport-periodique-du-niger-sur-la-mise-en-oeuvre-de-la-cedef-le-ministre-de-la-justice-souligne-les-avancees-significatives-en-matiere-des-droits-de-lhomme","status":"publish","type":"post","link":"https:\/\/www.africa-press.net\/niger\/politique\/presentation-du-cinquieme-5eme-rapport-periodique-du-niger-sur-la-mise-en-oeuvre-de-la-cedef-le-ministre-de-la-justice-souligne-les-avancees-significatives-en-matiere-des-droits-de-lhomme","title":{"rendered":"Pr\u00e9sentation du cinqui\u00e8me (5\u00e8me) rapport p\u00e9riodique du Niger sur la mise en \u0153uvre de la CEDEF : Le ministre de la Justice souligne les avanc\u00e9es significatives en mati\u00e8re des droits de l\u2019Homme au Niger"},"content":{"rendered":"<p><span style=\"color: #ff6600\"><strong>Africa-Press &#8211; Niger. <\/strong><\/span>Le ministre de la Justice et des Droits de l\u2019Homme, Garde des Sceaux a participe\u0301 par vide\u0301oconfe\u0301rence aux travaux du comite\u0301 sur la convention sur l\u2019e\u0301limination de toutes les formes de discrimination a\u0300 l\u2019e\u0301gard des femmes (CEDEF) qui se sont tenus a\u0300 Gene\u0300ve en suisse le 30 janvier. M Alio Daouda s\u2019est exprime\u0301 a\u0300 la tribune a\u0300 travers un message liminaire adresse\u0301 au comite\u0301. Ledit comite\u0301 compose\u0301 de 23 membres e\u0301lus par l\u2019AG des Etats parties pour un mandat de 4 ans est en effet l\u2019un des 9 organes des traite\u0301s des Nations unies charge\u0301s de surveiller la mise en \u0153uvre par les E\u0301tats des dispositions des diffe\u0301rents instruments de promotion et de protection des droits de l\u2019homme. Outre l\u2019intervention du ministre, le Niger s\u2019est fait repre\u0301senter aux travaux du comite\u0301 par une importante de\u0301le\u0301gation. Il faut souligner que la pre\u0301sentation des rapports est une obligation conventionnelle de tout E\u0301tat partie honore\u0301e par notre pays.<\/p>\n<p>Dans le propos liminaire, le ministre en charge des droits de l\u2019Homme a rappele\u0301 que le Niger est devenu partie a\u0300 cet instrument depuis le 08 octobre 1999, sie\u0301geant ainsi aux co\u0302te\u0301s des 189 Etats membres. Le Niger a re\u0301gulie\u0300rement pre\u0301sente\u0301 ses rapports en 2007, 2017 et en 2024 en vertu de l\u2019article 18 de ladite convention. La de\u0301le\u0301gation nige\u0301rienne forte d\u2019une douzaine de membres a e\u0301change\u0301 pendant 5 heures d\u2019horloge pour apporter tous les e\u0301clairages ne\u0301cessaires et les re\u0301ponses aux questions e\u0301mises par les membres du comite\u0301 en matie\u0300re de respect des droits de l\u2019Homme. Pour le ministre de la Justice, cette re\u0301gularite\u0301 dans la pre\u0301sentation des rapports te\u0301moigne tout l\u2019inte\u0301re\u0302t que porte le Niger aux droits de l\u2019Homme et a\u0300 la noble mission de surveillance de l\u2019application de la Convention par les E\u0301tats parties. Soulignant la pleine collaboration du Niger avec ce comite\u0301, le ministre a tenu a\u0300 souligner que la de\u0301le\u0301gation nige\u0301rienne aborde cet exercice dans \u00ab un total esprit d\u2019ouverture et reste dispose\u0301e a\u0300 engager un dialogue constructif \u00bb.<\/p>\n<p>Le ministre a ensuite rappele\u0301 le changement intervenu a\u0300 la te\u0302te du Niger avec l\u2019ave\u0300nement du CNSP et du gouvernement de transition, un changement d\u2019ailleurs largement approuve\u0301 par la population, a explique\u0301 le ministre de la Justice tout en appuyant que le CNSP a tenu a\u0300 re\u0301affirmer son attachement et son engagement a\u0300 respecter les droits humains tels que de\u0301finis par les traite\u0301s et conventions auxquels notre pays a librement souscrit. M Alio Daouda a indique\u0301 que le CNSP n\u2019a pas pour objectif de confisquer le pouvoir et qu\u2019il adhe\u0300re pleinement au principe du libre choix des gouvernants par le peuple. Toutefois, \u00ab pour que cela soit, il faut ba\u0302tir un syste\u0300me transparent dans lequel la volonte\u0301 du peuple n\u2019est pas confisque\u0301e, les opposants ne sont pas inquie\u0301te\u0301s et les de\u0301fenseurs des droits de l\u2019homme peuvent librement s\u2019exprimer ou manifester \u00bb, a-t-il relve\u0301. \u00ab Telle est l\u2019ambition des plus hautes autorite\u0301s de mon pays \u00bb, a martele\u0301 le ministre en s\u2019adressant aux membres du comite\u0301 avant de notifier que l\u2019e\u0301rection du Ministe\u0300re de la Justice de\u0301sormais en Ministe\u0300re de la Justice et des Droits de l\u2019Homme, participe entre autres, de la concre\u0301tisation de cet engagement. Il a informe\u0301 le comite\u0301 de la volonte\u0301 des autorite\u0301s d\u2019organiser un dialogue national inclusif regroupant toutes les forces vives de la Nation dont l\u2019une des missions est de poser \u00ab les fondements d\u2019une nouvelle vie constitutionnelle sur des piliers profonde\u0301ment ancre\u0301s dans nos valeurs traditionnelles et re\u0301publicaines \u00bb.<\/p>\n<p>Evoquant le rapport 2017-2021, le ministre des droits de l\u2019Homme a souligne\u0301 que l\u2019e\u0301laboration du rapport a e\u0301te\u0301 faite suivant une approche inclusive et participative, conforme\u0301ment a\u0300 la me\u0301thodologie recommande\u0301e par le Comite\u0301 en associant les structures gouvernementales, l\u2019Institution Nationale des Droits de l\u2019Homme et les Organisations de la socie\u0301te\u0301 civile.<\/p>\n<p>En termes de re\u0301sultats, le ministre a indique\u0301 que des avance\u0301es ont e\u0301te\u0301 enregistre\u0301es depuis que le Niger est partie a\u0300 la CEDEF en 1999 dans les domaines de la sante\u0301 des femmes et des filles ou de l\u2019e\u0301ducation, de l\u2019acce\u0300s a\u0300 la justice ou encore sur les questions de Violences Base\u0301es sur le Genre, l\u2019e\u0301galite\u0301 des genres, la participation politique des femmes et leur repre\u0301sentativite\u0301, la traite des personnes et l\u2019esclavage. Le ministre a conclu son propos liminaire en re\u0301affirmant que le Niger \u00ab demeure re\u0301solument engage\u0301 a\u0300 ba\u0302tir un E\u0301tat de droit garantissant a\u0300 tous, l\u2019exercice des diffe\u0301rents droits collectifs et individuels conforme\u0301ment aux grandes valeurs humanistes de paix, de tole\u0301rance, de fraternite\u0301 et d\u2019unite\u0301 \u00bb.<\/p>\n<p><b>Zabeirou Moussa<\/b><\/p>\n<p><strong>Pour plus d&rsquo;informations et d&rsquo;analyses sur la <a href=\"https:\/\/www.africa-press.net\/niger\">Niger<\/a>, suivez <a href=\"https:\/\/www.africa-press.net\/\">Africa-Press<\/a><\/strong><\/p>\n","protected":false},"excerpt":{"rendered":"<p>Africa-Press &#8211; Niger. Le ministre de la Justice et des Droits de l\u2019Homme, Garde des Sceaux a participe\u0301 par vide\u0301oconfe\u0301rence aux travaux du comite\u0301 sur la convention sur l\u2019e\u0301limination de toutes les formes de discrimination a\u0300 l\u2019e\u0301gard des femmes (CEDEF) qui se sont tenus a\u0300 Gene\u0300ve en suisse le 30 janvier. M Alio Daouda s\u2019est [&hellip;]<\/p>\n","protected":false},"author":82,"featured_media":58431,"comment_status":"open","ping_status":"closed","sticky":false,"template":"","format":"standard","meta":{"footnotes":""},"categories":[2,10],"tags":[55,60,29],"class_list":["post-58432","post","type-post","status-publish","format-standard","has-post-thumbnail","hentry","category-politique","category-toutes-les-actualites","tag-africa-press","tag-africa-press-niger","tag-niger"],"yoast_head":"<!-- This site is optimized with the Yoast SEO Premium plugin v26.1 (Yoast SEO v27.0) - https:\/\/yoast.com\/product\/yoast-seo-premium-wordpress\/ -->\n<title>Pr\u00e9sentation du cinqui\u00e8me (5\u00e8me) rapport p\u00e9riodique du Niger sur la mise en \u0153uvre de la CEDEF : Le ministre de la Justice souligne les avanc\u00e9es significatives en mati\u00e8re des droits de l\u2019Homme au Niger - niger<\/title>\n<meta name=\"description\" content=\"Le ministre de la Justice et des Droits de l\u2019Homme, Garde des Sceaux a participe\u0301 par vide\u0301oconfe\u0301rence aux travaux du c ...\" \/>\n<meta name=\"robots\" content=\"index, follow, max-snippet:-1, max-image-preview:large, max-video-preview:-1\" \/>\n<link rel=\"canonical\" href=\"https:\/\/www.africa-press.net\/niger\/politique\/presentation-du-cinquieme-5eme-rapport-periodique-du-niger-sur-la-mise-en-oeuvre-de-la-cedef-le-ministre-de-la-justice-souligne-les-avancees-significatives-en-matiere-des-droits-de-lhomme\" \/>\n<meta property=\"og:locale\" content=\"fr_FR\" \/>\n<meta property=\"og:type\" content=\"article\" \/>\n<meta property=\"og:title\" content=\"Pr\u00e9sentation du cinqui\u00e8me (5\u00e8me) rapport p\u00e9riodique du Niger sur la mise en \u0153uvre de la CEDEF : Le ministre de la Justice souligne les avanc\u00e9es significatives en mati\u00e8re des droits de l\u2019Homme au Niger\" \/>\n<meta property=\"og:description\" content=\"Le ministre de la Justice et des Droits de l\u2019Homme, Garde des Sceaux a participe\u0301 par vide\u0301oconfe\u0301rence aux travaux du c ...\" \/>\n<meta property=\"og:url\" content=\"https:\/\/www.africa-press.net\/niger\/politique\/presentation-du-cinquieme-5eme-rapport-periodique-du-niger-sur-la-mise-en-oeuvre-de-la-cedef-le-ministre-de-la-justice-souligne-les-avancees-significatives-en-matiere-des-droits-de-lhomme\" \/>\n<meta property=\"og:site_name\" content=\"niger\" \/>\n<meta property=\"article:published_time\" content=\"2024-02-09T17:24:50+00:00\" \/>\n<meta property=\"article:modified_time\" content=\"2024-02-09T18:36:45+00:00\" \/>\n<meta property=\"og:image\" content=\"https:\/\/static.africa-press.net\/niger\/sites\/40\/2024\/02\/sm_1707490870.28378.jpg\" \/>\n\t<meta property=\"og:image:width\" content=\"835\" \/>\n\t<meta property=\"og:image:height\" content=\"627\" \/>\n\t<meta property=\"og:image:type\" content=\"image\/jpeg\" \/>\n<meta name=\"author\" content=\"cfeditorfr\" \/>\n<meta name=\"twitter:card\" content=\"summary_large_image\" \/>\n<meta name=\"twitter:label1\" content=\"\u00c9crit par\" \/>\n\t<meta name=\"twitter:data1\" content=\"cfeditorfr\" \/>\n\t<meta name=\"twitter:label2\" content=\"Dur\u00e9e de lecture estim\u00e9e\" \/>\n\t<meta name=\"twitter:data2\" content=\"4 minutes\" \/>\n<script type=\"application\/ld+json\" class=\"yoast-schema-graph\">{\"@context\":\"https:\/\/schema.org\",\"@graph\":[{\"@type\":\"Article\",\"@id\":\"https:\/\/www.africa-press.net\/niger\/politique\/presentation-du-cinquieme-5eme-rapport-periodique-du-niger-sur-la-mise-en-oeuvre-de-la-cedef-le-ministre-de-la-justice-souligne-les-avancees-significatives-en-matiere-des-droits-de-lhomme#article\",\"isPartOf\":{\"@id\":\"https:\/\/www.africa-press.net\/niger\/politique\/presentation-du-cinquieme-5eme-rapport-periodique-du-niger-sur-la-mise-en-oeuvre-de-la-cedef-le-ministre-de-la-justice-souligne-les-avancees-significatives-en-matiere-des-droits-de-lhomme\"},\"author\":{\"name\":\"cfeditorfr\",\"@id\":\"https:\/\/www.africa-press.net\/niger\/#\/schema\/person\/2b1cf3cd81a31e3cd26889ca66d677f1\"},\"headline\":\"Pr\u00e9sentation du cinqui\u00e8me (5\u00e8me) rapport p\u00e9riodique du Niger sur la mise en \u0153uvre de la CEDEF : Le ministre de la Justice souligne les avanc\u00e9es significatives en mati\u00e8re des droits de l\u2019Homme au Niger\",\"datePublished\":\"2024-02-09T17:24:50+00:00\",\"dateModified\":\"2024-02-09T18:36:45+00:00\",\"mainEntityOfPage\":{\"@id\":\"https:\/\/www.africa-press.net\/niger\/politique\/presentation-du-cinquieme-5eme-rapport-periodique-du-niger-sur-la-mise-en-oeuvre-de-la-cedef-le-ministre-de-la-justice-souligne-les-avancees-significatives-en-matiere-des-droits-de-lhomme\"},\"wordCount\":901,\"commentCount\":0,\"image\":{\"@id\":\"https:\/\/www.africa-press.net\/niger\/politique\/presentation-du-cinquieme-5eme-rapport-periodique-du-niger-sur-la-mise-en-oeuvre-de-la-cedef-le-ministre-de-la-justice-souligne-les-avancees-significatives-en-matiere-des-droits-de-lhomme#primaryimage\"},\"thumbnailUrl\":\"https:\/\/static.africa-press.net\/niger\/sites\/40\/2024\/02\/sm_1707490870.28378.jpg\",\"keywords\":[\"Africa Press\",\"Africa Press-Niger\",\"Niger\"],\"articleSection\":[\"Politique\",\"Toutes les actualit\u00e9s\"],\"inLanguage\":\"fr-FR\",\"potentialAction\":[{\"@type\":\"CommentAction\",\"name\":\"Comment\",\"target\":[\"https:\/\/www.africa-press.net\/niger\/politique\/presentation-du-cinquieme-5eme-rapport-periodique-du-niger-sur-la-mise-en-oeuvre-de-la-cedef-le-ministre-de-la-justice-souligne-les-avancees-significatives-en-matiere-des-droits-de-lhomme#respond\"]}]},{\"@type\":\"WebPage\",\"@id\":\"https:\/\/www.africa-press.net\/niger\/politique\/presentation-du-cinquieme-5eme-rapport-periodique-du-niger-sur-la-mise-en-oeuvre-de-la-cedef-le-ministre-de-la-justice-souligne-les-avancees-significatives-en-matiere-des-droits-de-lhomme\",\"url\":\"https:\/\/www.africa-press.net\/niger\/politique\/presentation-du-cinquieme-5eme-rapport-periodique-du-niger-sur-la-mise-en-oeuvre-de-la-cedef-le-ministre-de-la-justice-souligne-les-avancees-significatives-en-matiere-des-droits-de-lhomme\",\"name\":\"Pr\u00e9sentation du cinqui\u00e8me (5\u00e8me) rapport p\u00e9riodique du Niger sur la mise en \u0153uvre de la CEDEF : Le ministre de la Justice souligne les avanc\u00e9es significatives en mati\u00e8re des droits de l\u2019Homme au Niger - niger\",\"isPartOf\":{\"@id\":\"https:\/\/www.africa-press.net\/niger\/#website\"},\"primaryImageOfPage\":{\"@id\":\"https:\/\/www.africa-press.net\/niger\/politique\/presentation-du-cinquieme-5eme-rapport-periodique-du-niger-sur-la-mise-en-oeuvre-de-la-cedef-le-ministre-de-la-justice-souligne-les-avancees-significatives-en-matiere-des-droits-de-lhomme#primaryimage\"},\"image\":{\"@id\":\"https:\/\/www.africa-press.net\/niger\/politique\/presentation-du-cinquieme-5eme-rapport-periodique-du-niger-sur-la-mise-en-oeuvre-de-la-cedef-le-ministre-de-la-justice-souligne-les-avancees-significatives-en-matiere-des-droits-de-lhomme#primaryimage\"},\"thumbnailUrl\":\"https:\/\/static.africa-press.net\/niger\/sites\/40\/2024\/02\/sm_1707490870.28378.jpg\",\"datePublished\":\"2024-02-09T17:24:50+00:00\",\"dateModified\":\"2024-02-09T18:36:45+00:00\",\"author\":{\"@id\":\"https:\/\/www.africa-press.net\/niger\/#\/schema\/person\/2b1cf3cd81a31e3cd26889ca66d677f1\"},\"description\":\"Le ministre de la Justice et des Droits de l\u2019Homme, Garde des Sceaux a participe\u0301 par vide\u0301oconfe\u0301rence aux travaux du c ...\",\"breadcrumb\":{\"@id\":\"https:\/\/www.africa-press.net\/niger\/politique\/presentation-du-cinquieme-5eme-rapport-periodique-du-niger-sur-la-mise-en-oeuvre-de-la-cedef-le-ministre-de-la-justice-souligne-les-avancees-significatives-en-matiere-des-droits-de-lhomme#breadcrumb\"},\"inLanguage\":\"fr-FR\",\"potentialAction\":[{\"@type\":\"ReadAction\",\"target\":[\"https:\/\/www.africa-press.net\/niger\/politique\/presentation-du-cinquieme-5eme-rapport-periodique-du-niger-sur-la-mise-en-oeuvre-de-la-cedef-le-ministre-de-la-justice-souligne-les-avancees-significatives-en-matiere-des-droits-de-lhomme\"]}]},{\"@type\":\"ImageObject\",\"inLanguage\":\"fr-FR\",\"@id\":\"https:\/\/www.africa-press.net\/niger\/politique\/presentation-du-cinquieme-5eme-rapport-periodique-du-niger-sur-la-mise-en-oeuvre-de-la-cedef-le-ministre-de-la-justice-souligne-les-avancees-significatives-en-matiere-des-droits-de-lhomme#primaryimage\",\"url\":\"https:\/\/static.africa-press.net\/niger\/sites\/40\/2024\/02\/sm_1707490870.28378.jpg\",\"contentUrl\":\"https:\/\/static.africa-press.net\/niger\/sites\/40\/2024\/02\/sm_1707490870.28378.jpg\",\"width\":835,\"height\":627,\"caption\":\"Pr\u00e9sentation du cinqui\u00e8me (5\u00e8me) rapport p\u00e9riodique du Niger sur la mise en \u0153uvre de la CEDEF : Le ministre de la Justice souligne les avanc\u00e9es significatives en mati\u00e8re des droits de l\u2019Homme au Niger\"},{\"@type\":\"BreadcrumbList\",\"@id\":\"https:\/\/www.africa-press.net\/niger\/politique\/presentation-du-cinquieme-5eme-rapport-periodique-du-niger-sur-la-mise-en-oeuvre-de-la-cedef-le-ministre-de-la-justice-souligne-les-avancees-significatives-en-matiere-des-droits-de-lhomme#breadcrumb\",\"itemListElement\":[{\"@type\":\"ListItem\",\"position\":1,\"name\":\"Accueil\",\"item\":\"https:\/\/www.africa-press.net\/niger\/\"},{\"@type\":\"ListItem\",\"position\":2,\"name\":\"Pr\u00e9sentation du cinqui\u00e8me (5\u00e8me) rapport p\u00e9riodique du Niger sur la mise en \u0153uvre de la CEDEF : Le ministre de la Justice souligne les avanc\u00e9es significatives en mati\u00e8re des droits de l\u2019Homme au Niger\"}]},{\"@type\":\"WebSite\",\"@id\":\"https:\/\/www.africa-press.net\/niger\/#website\",\"url\":\"https:\/\/www.africa-press.net\/niger\/\",\"name\":\"niger\",\"description\":\"Just another Africa News Agency Sites site\",\"potentialAction\":[{\"@type\":\"SearchAction\",\"target\":{\"@type\":\"EntryPoint\",\"urlTemplate\":\"https:\/\/www.africa-press.net\/niger\/?s={search_term_string}\"},\"query-input\":{\"@type\":\"PropertyValueSpecification\",\"valueRequired\":true,\"valueName\":\"search_term_string\"}}],\"inLanguage\":\"fr-FR\"},{\"@type\":\"Person\",\"@id\":\"https:\/\/www.africa-press.net\/niger\/#\/schema\/person\/2b1cf3cd81a31e3cd26889ca66d677f1\",\"name\":\"cfeditorfr\"}]}<\/script>\n<!-- \/ Yoast SEO Premium plugin. -->","yoast_head_json":{"title":"Pr\u00e9sentation du cinqui\u00e8me (5\u00e8me) rapport p\u00e9riodique du Niger sur la mise en \u0153uvre de la CEDEF : Le ministre de la Justice souligne les avanc\u00e9es significatives en mati\u00e8re des droits de l\u2019Homme au Niger - niger","description":"Le ministre de la Justice et des Droits de l\u2019Homme, Garde des Sceaux a participe\u0301 par vide\u0301oconfe\u0301rence aux travaux du c ...","robots":{"index":"index","follow":"follow","max-snippet":"max-snippet:-1","max-image-preview":"max-image-preview:large","max-video-preview":"max-video-preview:-1"},"canonical":"https:\/\/www.africa-press.net\/niger\/politique\/presentation-du-cinquieme-5eme-rapport-periodique-du-niger-sur-la-mise-en-oeuvre-de-la-cedef-le-ministre-de-la-justice-souligne-les-avancees-significatives-en-matiere-des-droits-de-lhomme","og_locale":"fr_FR","og_type":"article","og_title":"Pr\u00e9sentation du cinqui\u00e8me (5\u00e8me) rapport p\u00e9riodique du Niger sur la mise en \u0153uvre de la CEDEF : Le ministre de la Justice souligne les avanc\u00e9es significatives en mati\u00e8re des droits de l\u2019Homme au Niger","og_description":"Le ministre de la Justice et des Droits de l\u2019Homme, Garde des Sceaux a participe\u0301 par vide\u0301oconfe\u0301rence aux travaux du c ...","og_url":"https:\/\/www.africa-press.net\/niger\/politique\/presentation-du-cinquieme-5eme-rapport-periodique-du-niger-sur-la-mise-en-oeuvre-de-la-cedef-le-ministre-de-la-justice-souligne-les-avancees-significatives-en-matiere-des-droits-de-lhomme","og_site_name":"niger","article_published_time":"2024-02-09T17:24:50+00:00","article_modified_time":"2024-02-09T18:36:45+00:00","og_image":[{"width":835,"height":627,"url":"https:\/\/static.africa-press.net\/niger\/sites\/40\/2024\/02\/sm_1707490870.28378.jpg","type":"image\/jpeg"}],"author":"cfeditorfr","twitter_card":"summary_large_image","twitter_misc":{"\u00c9crit par":"cfeditorfr","Dur\u00e9e de lecture estim\u00e9e":"4 minutes"},"schema":{"@context":"https:\/\/schema.org","@graph":[{"@type":"Article","@id":"https:\/\/www.africa-press.net\/niger\/politique\/presentation-du-cinquieme-5eme-rapport-periodique-du-niger-sur-la-mise-en-oeuvre-de-la-cedef-le-ministre-de-la-justice-souligne-les-avancees-significatives-en-matiere-des-droits-de-lhomme#article","isPartOf":{"@id":"https:\/\/www.africa-press.net\/niger\/politique\/presentation-du-cinquieme-5eme-rapport-periodique-du-niger-sur-la-mise-en-oeuvre-de-la-cedef-le-ministre-de-la-justice-souligne-les-avancees-significatives-en-matiere-des-droits-de-lhomme"},"author":{"name":"cfeditorfr","@id":"https:\/\/www.africa-press.net\/niger\/#\/schema\/person\/2b1cf3cd81a31e3cd26889ca66d677f1"},"headline":"Pr\u00e9sentation du cinqui\u00e8me (5\u00e8me) rapport p\u00e9riodique du Niger sur la mise en \u0153uvre de la CEDEF : Le ministre de la Justice souligne les avanc\u00e9es significatives en mati\u00e8re des droits de l\u2019Homme au Niger","datePublished":"2024-02-09T17:24:50+00:00","dateModified":"2024-02-09T18:36:45+00:00","mainEntityOfPage":{"@id":"https:\/\/www.africa-press.net\/niger\/politique\/presentation-du-cinquieme-5eme-rapport-periodique-du-niger-sur-la-mise-en-oeuvre-de-la-cedef-le-ministre-de-la-justice-souligne-les-avancees-significatives-en-matiere-des-droits-de-lhomme"},"wordCount":901,"commentCount":0,"image":{"@id":"https:\/\/www.africa-press.net\/niger\/politique\/presentation-du-cinquieme-5eme-rapport-periodique-du-niger-sur-la-mise-en-oeuvre-de-la-cedef-le-ministre-de-la-justice-souligne-les-avancees-significatives-en-matiere-des-droits-de-lhomme#primaryimage"},"thumbnailUrl":"https:\/\/static.africa-press.net\/niger\/sites\/40\/2024\/02\/sm_1707490870.28378.jpg","keywords":["Africa Press","Africa Press-Niger","Niger"],"articleSection":["Politique","Toutes les actualit\u00e9s"],"inLanguage":"fr-FR","potentialAction":[{"@type":"CommentAction","name":"Comment","target":["https:\/\/www.africa-press.net\/niger\/politique\/presentation-du-cinquieme-5eme-rapport-periodique-du-niger-sur-la-mise-en-oeuvre-de-la-cedef-le-ministre-de-la-justice-souligne-les-avancees-significatives-en-matiere-des-droits-de-lhomme#respond"]}]},{"@type":"WebPage","@id":"https:\/\/www.africa-press.net\/niger\/politique\/presentation-du-cinquieme-5eme-rapport-periodique-du-niger-sur-la-mise-en-oeuvre-de-la-cedef-le-ministre-de-la-justice-souligne-les-avancees-significatives-en-matiere-des-droits-de-lhomme","url":"https:\/\/www.africa-press.net\/niger\/politique\/presentation-du-cinquieme-5eme-rapport-periodique-du-niger-sur-la-mise-en-oeuvre-de-la-cedef-le-ministre-de-la-justice-souligne-les-avancees-significatives-en-matiere-des-droits-de-lhomme","name":"Pr\u00e9sentation du cinqui\u00e8me (5\u00e8me) rapport p\u00e9riodique du Niger sur la mise en \u0153uvre de la CEDEF : Le ministre de la Justice souligne les avanc\u00e9es significatives en mati\u00e8re des droits de l\u2019Homme au Niger - niger","isPartOf":{"@id":"https:\/\/www.africa-press.net\/niger\/#website"},"primaryImageOfPage":{"@id":"https:\/\/www.africa-press.net\/niger\/politique\/presentation-du-cinquieme-5eme-rapport-periodique-du-niger-sur-la-mise-en-oeuvre-de-la-cedef-le-ministre-de-la-justice-souligne-les-avancees-significatives-en-matiere-des-droits-de-lhomme#primaryimage"},"image":{"@id":"https:\/\/www.africa-press.net\/niger\/politique\/presentation-du-cinquieme-5eme-rapport-periodique-du-niger-sur-la-mise-en-oeuvre-de-la-cedef-le-ministre-de-la-justice-souligne-les-avancees-significatives-en-matiere-des-droits-de-lhomme#primaryimage"},"thumbnailUrl":"https:\/\/static.africa-press.net\/niger\/sites\/40\/2024\/02\/sm_1707490870.28378.jpg","datePublished":"2024-02-09T17:24:50+00:00","dateModified":"2024-02-09T18:36:45+00:00","author":{"@id":"https:\/\/www.africa-press.net\/niger\/#\/schema\/person\/2b1cf3cd81a31e3cd26889ca66d677f1"},"description":"Le ministre de la Justice et des Droits de l\u2019Homme, Garde des Sceaux a participe\u0301 par vide\u0301oconfe\u0301rence aux travaux du c ...","breadcrumb":{"@id":"https:\/\/www.africa-press.net\/niger\/politique\/presentation-du-cinquieme-5eme-rapport-periodique-du-niger-sur-la-mise-en-oeuvre-de-la-cedef-le-ministre-de-la-justice-souligne-les-avancees-significatives-en-matiere-des-droits-de-lhomme#breadcrumb"},"inLanguage":"fr-FR","potentialAction":[{"@type":"ReadAction","target":["https:\/\/www.africa-press.net\/niger\/politique\/presentation-du-cinquieme-5eme-rapport-periodique-du-niger-sur-la-mise-en-oeuvre-de-la-cedef-le-ministre-de-la-justice-souligne-les-avancees-significatives-en-matiere-des-droits-de-lhomme"]}]},{"@type":"ImageObject","inLanguage":"fr-FR","@id":"https:\/\/www.africa-press.net\/niger\/politique\/presentation-du-cinquieme-5eme-rapport-periodique-du-niger-sur-la-mise-en-oeuvre-de-la-cedef-le-ministre-de-la-justice-souligne-les-avancees-significatives-en-matiere-des-droits-de-lhomme#primaryimage","url":"https:\/\/static.africa-press.net\/niger\/sites\/40\/2024\/02\/sm_1707490870.28378.jpg","contentUrl":"https:\/\/static.africa-press.net\/niger\/sites\/40\/2024\/02\/sm_1707490870.28378.jpg","width":835,"height":627,"caption":"Pr\u00e9sentation du cinqui\u00e8me (5\u00e8me) rapport p\u00e9riodique du Niger sur la mise en \u0153uvre de la CEDEF : Le ministre de la Justice souligne les avanc\u00e9es significatives en mati\u00e8re des droits de l\u2019Homme au Niger"},{"@type":"BreadcrumbList","@id":"https:\/\/www.africa-press.net\/niger\/politique\/presentation-du-cinquieme-5eme-rapport-periodique-du-niger-sur-la-mise-en-oeuvre-de-la-cedef-le-ministre-de-la-justice-souligne-les-avancees-significatives-en-matiere-des-droits-de-lhomme#breadcrumb","itemListElement":[{"@type":"ListItem","position":1,"name":"Accueil","item":"https:\/\/www.africa-press.net\/niger\/"},{"@type":"ListItem","position":2,"name":"Pr\u00e9sentation du cinqui\u00e8me (5\u00e8me) rapport p\u00e9riodique du Niger sur la mise en \u0153uvre de la CEDEF : Le ministre de la Justice souligne les avanc\u00e9es significatives en mati\u00e8re des droits de l\u2019Homme au Niger"}]},{"@type":"WebSite","@id":"https:\/\/www.africa-press.net\/niger\/#website","url":"https:\/\/www.africa-press.net\/niger\/","name":"niger","description":"Just another Africa News Agency Sites site","potentialAction":[{"@type":"SearchAction","target":{"@type":"EntryPoint","urlTemplate":"https:\/\/www.africa-press.net\/niger\/?s={search_term_string}"},"query-input":{"@type":"PropertyValueSpecification","valueRequired":true,"valueName":"search_term_string"}}],"inLanguage":"fr-FR"},{"@type":"Person","@id":"https:\/\/www.africa-press.net\/niger\/#\/schema\/person\/2b1cf3cd81a31e3cd26889ca66d677f1","name":"cfeditorfr"}]}},"_links":{"self":[{"href":"https:\/\/www.africa-press.net\/niger\/wp-json\/wp\/v2\/posts\/58432","targetHints":{"allow":["GET"]}}],"collection":[{"href":"https:\/\/www.africa-press.net\/niger\/wp-json\/wp\/v2\/posts"}],"about":[{"href":"https:\/\/www.africa-press.net\/niger\/wp-json\/wp\/v2\/types\/post"}],"author":[{"embeddable":true,"href":"https:\/\/www.africa-press.net\/niger\/wp-json\/wp\/v2\/users\/82"}],"replies":[{"embeddable":true,"href":"https:\/\/www.africa-press.net\/niger\/wp-json\/wp\/v2\/comments?post=58432"}],"version-history":[{"count":0,"href":"https:\/\/www.africa-press.net\/niger\/wp-json\/wp\/v2\/posts\/58432\/revisions"}],"wp:featuredmedia":[{"embeddable":true,"href":"https:\/\/www.africa-press.net\/niger\/wp-json\/wp\/v2\/media\/58431"}],"wp:attachment":[{"href":"https:\/\/www.africa-press.net\/niger\/wp-json\/wp\/v2\/media?parent=58432"}],"wp:term":[{"taxonomy":"category","embeddable":true,"href":"https:\/\/www.africa-press.net\/niger\/wp-json\/wp\/v2\/categories?post=58432"},{"taxonomy":"post_tag","embeddable":true,"href":"https:\/\/www.africa-press.net\/niger\/wp-json\/wp\/v2\/tags?post=58432"}],"curies":[{"name":"wp","href":"https:\/\/api.w.org\/{rel}","templated":true}]}}