{"id":58434,"date":"2024-02-09T17:27:52","date_gmt":"2024-02-09T17:27:52","guid":{"rendered":"https:\/\/www.africa-press.net\/niger\/politique\/poursuite-des-visites-du-ministre-du-commerce-et-de-lindustrie-m-seydou-asman-encourage-les-unites-industrielles-a-etre-plus-competitives"},"modified":"2024-02-09T18:37:20","modified_gmt":"2024-02-09T18:37:20","slug":"poursuite-des-visites-du-ministre-du-commerce-et-de-lindustrie-m-seydou-asman-encourage-les-unites-industrielles-a-etre-plus-competitives","status":"publish","type":"post","link":"https:\/\/www.africa-press.net\/niger\/politique\/poursuite-des-visites-du-ministre-du-commerce-et-de-lindustrie-m-seydou-asman-encourage-les-unites-industrielles-a-etre-plus-competitives","title":{"rendered":"Poursuite des visites du ministre du Commerce et de l\u2019Industrie : M. Seydou Asman encourage les unit\u00e9s industrielles \u00e0 \u00eatre plus comp\u00e9titives"},"content":{"rendered":"<p><span style=\"color: #ff6600\"><strong>Africa-Press &#8211; Niger. <\/strong><\/span>Dans le cadre de la prise de contact avec les services rattache\u0301s ainsi qu\u2019avec les partenaires de son de\u0301partement ministe\u0301riel, le ministre du Commerce et de l\u2019Industrie, M. Seydou Asman a visite\u0301, hier matin, deux unite\u0301s industrielles de la place a\u0300 savoir: La Laitie\u0300re du Sahel et l\u2019Unite\u0301 Nige\u0301rienne de Savonnerie (UNIS). La premie\u0300re est spe\u0301cialise\u0301e dans l\u2019agroalimentaire notamment la production et la commercialisation des produits laitiers et la seconde dans la production du savon liquide ou en morceaux.<\/p>\n<p>L\u2019objectif de cette sortie est d\u2019encourager les promoteurs de ces unite\u0301s industrielles dans leurs actions de lutte contre le cho\u0302mage des jeunes et d\u2019inciter les Nige\u0301riens a\u0300 consommer local afin de rendre ces industries plus compe\u0301titives.<\/p>\n<p>A la Laitie\u0300re du Sahel tout comme a\u0300 l\u2019Unite\u0301 Nige\u0301rienne de Savonnerie, le ministre du Commerce et de l\u2019Industrie a rec\u0327u d\u2019amples explications sur le fonctionnement de ces unite\u0301s industrielles qui participent a\u0300 la valorisation et la consommation des produits locaux. Seydou Asman a salue\u0301 les efforts consentis par ces socie\u0301te\u0301s pour le de\u0301veloppement socio-e\u0301conomique du Niger.<\/p>\n<p>Au cours des e\u0301changes avec les responsables desdites unite\u0301s, le ministre du Commerce et de l\u2019Industrie a saisi l\u2019occasion pour leur rappeler que le Niger a signe\u0301 des accords avec d\u2019autres pays dans divers domaines dont celui de l\u2019industrie.<\/p>\n<p>\u00ab C\u2019est pourquoi, il est ne\u0301cessaire que nos industries locales soient compe\u0301titives au niveau du marche\u0301 local et celui international pour que notre pays ne soit pas un de\u0301versoir des produits fabrique\u0301s par d\u2019autres pays\u00bb, a-t-il explique\u0301.<\/p>\n<p>A propos de la concurrence de\u0301loyale et autres difficulte\u0301s lie\u0301es a\u0300 l\u2019e\u0301coulement des produits, les deux parties sont unanimes que ce sont des situations qui touchent la plupart des unite\u0301s. Toutefois, certaines arrivent a\u0300 s\u2019en sortir par rapport aux autres. Compte tenu de leurs apports inestimables dans le de\u0301veloppement socio-e\u0301conomique du pays, le ministre en charge de l\u2019Industrie a rassure\u0301 les promoteurs des unite\u0301s que le gouvernement continuera a\u0300 les accompagner a\u0300 travers l\u2019assouplissement de certaines charges mais aussi a\u0300 les aider a\u0300 e\u0302tre plus compe\u0301titive. \u00ab Il faut de\u0301velopper les partenariats qui vous permettront d\u2019e\u0301couler vos produits \u00bb, a-t-il conclu.<\/p>\n<p>&nbsp;<\/p>\n<p><strong>Pour plus d&rsquo;informations et d&rsquo;analyses sur la <a href=\"https:\/\/www.africa-press.net\/niger\">Niger<\/a>, suivez <a href=\"https:\/\/www.africa-press.net\/\">Africa-Press<\/a><\/strong><\/p>\n","protected":false},"excerpt":{"rendered":"<p>Africa-Press &#8211; Niger. Dans le cadre de la prise de contact avec les services rattache\u0301s ainsi qu\u2019avec les partenaires de son de\u0301partement ministe\u0301riel, le ministre du Commerce et de l\u2019Industrie, M. Seydou Asman a visite\u0301, hier matin, deux unite\u0301s industrielles de la place a\u0300 savoir: La Laitie\u0300re du Sahel et l\u2019Unite\u0301 Nige\u0301rienne de Savonnerie (UNIS). [&hellip;]<\/p>\n","protected":false},"author":82,"featured_media":58433,"comment_status":"open","ping_status":"closed","sticky":false,"template":"","format":"standard","meta":{"footnotes":""},"categories":[2,10],"tags":[55,60,29],"class_list":["post-58434","post","type-post","status-publish","format-standard","has-post-thumbnail","hentry","category-politique","category-toutes-les-actualites","tag-africa-press","tag-africa-press-niger","tag-niger"],"yoast_head":"<!-- This site is optimized with the Yoast SEO Premium plugin v26.1 (Yoast SEO v27.0) - https:\/\/yoast.com\/product\/yoast-seo-premium-wordpress\/ -->\n<title>Poursuite des visites du ministre du Commerce et de l\u2019Industrie : M. Seydou Asman encourage les unit\u00e9s industrielles \u00e0 \u00eatre plus comp\u00e9titives - niger<\/title>\n<meta name=\"description\" content=\"Dans le cadre de la prise de contact avec les services rattache\u0301s ainsi qu\u2019avec les partenaires de son de\u0301partement mini ...\" \/>\n<meta name=\"robots\" content=\"index, follow, max-snippet:-1, max-image-preview:large, max-video-preview:-1\" \/>\n<link rel=\"canonical\" href=\"https:\/\/www.africa-press.net\/niger\/politique\/poursuite-des-visites-du-ministre-du-commerce-et-de-lindustrie-m-seydou-asman-encourage-les-unites-industrielles-a-etre-plus-competitives\" \/>\n<meta property=\"og:locale\" content=\"fr_FR\" \/>\n<meta property=\"og:type\" content=\"article\" \/>\n<meta property=\"og:title\" content=\"Poursuite des visites du ministre du Commerce et de l\u2019Industrie : M. Seydou Asman encourage les unit\u00e9s industrielles \u00e0 \u00eatre plus comp\u00e9titives\" \/>\n<meta property=\"og:description\" content=\"Dans le cadre de la prise de contact avec les services rattache\u0301s ainsi qu\u2019avec les partenaires de son de\u0301partement mini ...\" \/>\n<meta property=\"og:url\" content=\"https:\/\/www.africa-press.net\/niger\/politique\/poursuite-des-visites-du-ministre-du-commerce-et-de-lindustrie-m-seydou-asman-encourage-les-unites-industrielles-a-etre-plus-competitives\" \/>\n<meta property=\"og:site_name\" content=\"niger\" \/>\n<meta property=\"article:published_time\" content=\"2024-02-09T17:27:52+00:00\" \/>\n<meta property=\"article:modified_time\" content=\"2024-02-09T18:37:20+00:00\" \/>\n<meta property=\"og:image\" content=\"https:\/\/static.africa-press.net\/niger\/sites\/40\/2024\/02\/sm_1707490935.699653.jpg\" \/>\n\t<meta property=\"og:image:width\" content=\"769\" \/>\n\t<meta property=\"og:image:height\" content=\"470\" \/>\n\t<meta property=\"og:image:type\" content=\"image\/jpeg\" \/>\n<meta name=\"author\" content=\"cfeditorfr\" \/>\n<meta name=\"twitter:card\" content=\"summary_large_image\" \/>\n<meta name=\"twitter:label1\" content=\"\u00c9crit par\" \/>\n\t<meta name=\"twitter:data1\" content=\"cfeditorfr\" \/>\n\t<meta name=\"twitter:label2\" content=\"Dur\u00e9e de lecture estim\u00e9e\" \/>\n\t<meta name=\"twitter:data2\" content=\"3 minutes\" \/>\n<script type=\"application\/ld+json\" class=\"yoast-schema-graph\">{\"@context\":\"https:\/\/schema.org\",\"@graph\":[{\"@type\":\"Article\",\"@id\":\"https:\/\/www.africa-press.net\/niger\/politique\/poursuite-des-visites-du-ministre-du-commerce-et-de-lindustrie-m-seydou-asman-encourage-les-unites-industrielles-a-etre-plus-competitives#article\",\"isPartOf\":{\"@id\":\"https:\/\/www.africa-press.net\/niger\/politique\/poursuite-des-visites-du-ministre-du-commerce-et-de-lindustrie-m-seydou-asman-encourage-les-unites-industrielles-a-etre-plus-competitives\"},\"author\":{\"name\":\"cfeditorfr\",\"@id\":\"https:\/\/www.africa-press.net\/niger\/#\/schema\/person\/2b1cf3cd81a31e3cd26889ca66d677f1\"},\"headline\":\"Poursuite des visites du ministre du Commerce et de l\u2019Industrie : M. Seydou Asman encourage les unit\u00e9s industrielles \u00e0 \u00eatre plus comp\u00e9titives\",\"datePublished\":\"2024-02-09T17:27:52+00:00\",\"dateModified\":\"2024-02-09T18:37:20+00:00\",\"mainEntityOfPage\":{\"@id\":\"https:\/\/www.africa-press.net\/niger\/politique\/poursuite-des-visites-du-ministre-du-commerce-et-de-lindustrie-m-seydou-asman-encourage-les-unites-industrielles-a-etre-plus-competitives\"},\"wordCount\":445,\"commentCount\":0,\"image\":{\"@id\":\"https:\/\/www.africa-press.net\/niger\/politique\/poursuite-des-visites-du-ministre-du-commerce-et-de-lindustrie-m-seydou-asman-encourage-les-unites-industrielles-a-etre-plus-competitives#primaryimage\"},\"thumbnailUrl\":\"https:\/\/static.africa-press.net\/niger\/sites\/40\/2024\/02\/sm_1707490935.699653.jpg\",\"keywords\":[\"Africa Press\",\"Africa Press-Niger\",\"Niger\"],\"articleSection\":[\"Politique\",\"Toutes les actualit\u00e9s\"],\"inLanguage\":\"fr-FR\",\"potentialAction\":[{\"@type\":\"CommentAction\",\"name\":\"Comment\",\"target\":[\"https:\/\/www.africa-press.net\/niger\/politique\/poursuite-des-visites-du-ministre-du-commerce-et-de-lindustrie-m-seydou-asman-encourage-les-unites-industrielles-a-etre-plus-competitives#respond\"]}]},{\"@type\":\"WebPage\",\"@id\":\"https:\/\/www.africa-press.net\/niger\/politique\/poursuite-des-visites-du-ministre-du-commerce-et-de-lindustrie-m-seydou-asman-encourage-les-unites-industrielles-a-etre-plus-competitives\",\"url\":\"https:\/\/www.africa-press.net\/niger\/politique\/poursuite-des-visites-du-ministre-du-commerce-et-de-lindustrie-m-seydou-asman-encourage-les-unites-industrielles-a-etre-plus-competitives\",\"name\":\"Poursuite des visites du ministre du Commerce et de l\u2019Industrie : M. Seydou Asman encourage les unit\u00e9s industrielles \u00e0 \u00eatre plus comp\u00e9titives - niger\",\"isPartOf\":{\"@id\":\"https:\/\/www.africa-press.net\/niger\/#website\"},\"primaryImageOfPage\":{\"@id\":\"https:\/\/www.africa-press.net\/niger\/politique\/poursuite-des-visites-du-ministre-du-commerce-et-de-lindustrie-m-seydou-asman-encourage-les-unites-industrielles-a-etre-plus-competitives#primaryimage\"},\"image\":{\"@id\":\"https:\/\/www.africa-press.net\/niger\/politique\/poursuite-des-visites-du-ministre-du-commerce-et-de-lindustrie-m-seydou-asman-encourage-les-unites-industrielles-a-etre-plus-competitives#primaryimage\"},\"thumbnailUrl\":\"https:\/\/static.africa-press.net\/niger\/sites\/40\/2024\/02\/sm_1707490935.699653.jpg\",\"datePublished\":\"2024-02-09T17:27:52+00:00\",\"dateModified\":\"2024-02-09T18:37:20+00:00\",\"author\":{\"@id\":\"https:\/\/www.africa-press.net\/niger\/#\/schema\/person\/2b1cf3cd81a31e3cd26889ca66d677f1\"},\"description\":\"Dans le cadre de la prise de contact avec les services rattache\u0301s ainsi qu\u2019avec les partenaires de son de\u0301partement mini ...\",\"breadcrumb\":{\"@id\":\"https:\/\/www.africa-press.net\/niger\/politique\/poursuite-des-visites-du-ministre-du-commerce-et-de-lindustrie-m-seydou-asman-encourage-les-unites-industrielles-a-etre-plus-competitives#breadcrumb\"},\"inLanguage\":\"fr-FR\",\"potentialAction\":[{\"@type\":\"ReadAction\",\"target\":[\"https:\/\/www.africa-press.net\/niger\/politique\/poursuite-des-visites-du-ministre-du-commerce-et-de-lindustrie-m-seydou-asman-encourage-les-unites-industrielles-a-etre-plus-competitives\"]}]},{\"@type\":\"ImageObject\",\"inLanguage\":\"fr-FR\",\"@id\":\"https:\/\/www.africa-press.net\/niger\/politique\/poursuite-des-visites-du-ministre-du-commerce-et-de-lindustrie-m-seydou-asman-encourage-les-unites-industrielles-a-etre-plus-competitives#primaryimage\",\"url\":\"https:\/\/static.africa-press.net\/niger\/sites\/40\/2024\/02\/sm_1707490935.699653.jpg\",\"contentUrl\":\"https:\/\/static.africa-press.net\/niger\/sites\/40\/2024\/02\/sm_1707490935.699653.jpg\",\"width\":769,\"height\":470,\"caption\":\"Poursuite des visites du ministre du Commerce et de l\u2019Industrie : M. Seydou Asman encourage les unit\u00e9s industrielles \u00e0 \u00eatre plus comp\u00e9titives\"},{\"@type\":\"BreadcrumbList\",\"@id\":\"https:\/\/www.africa-press.net\/niger\/politique\/poursuite-des-visites-du-ministre-du-commerce-et-de-lindustrie-m-seydou-asman-encourage-les-unites-industrielles-a-etre-plus-competitives#breadcrumb\",\"itemListElement\":[{\"@type\":\"ListItem\",\"position\":1,\"name\":\"Accueil\",\"item\":\"https:\/\/www.africa-press.net\/niger\/\"},{\"@type\":\"ListItem\",\"position\":2,\"name\":\"Poursuite des visites du ministre du Commerce et de l\u2019Industrie : M. Seydou Asman encourage les unit\u00e9s industrielles \u00e0 \u00eatre plus comp\u00e9titives\"}]},{\"@type\":\"WebSite\",\"@id\":\"https:\/\/www.africa-press.net\/niger\/#website\",\"url\":\"https:\/\/www.africa-press.net\/niger\/\",\"name\":\"niger\",\"description\":\"Just another Africa News Agency Sites site\",\"potentialAction\":[{\"@type\":\"SearchAction\",\"target\":{\"@type\":\"EntryPoint\",\"urlTemplate\":\"https:\/\/www.africa-press.net\/niger\/?s={search_term_string}\"},\"query-input\":{\"@type\":\"PropertyValueSpecification\",\"valueRequired\":true,\"valueName\":\"search_term_string\"}}],\"inLanguage\":\"fr-FR\"},{\"@type\":\"Person\",\"@id\":\"https:\/\/www.africa-press.net\/niger\/#\/schema\/person\/2b1cf3cd81a31e3cd26889ca66d677f1\",\"name\":\"cfeditorfr\"}]}<\/script>\n<!-- \/ Yoast SEO Premium plugin. -->","yoast_head_json":{"title":"Poursuite des visites du ministre du Commerce et de l\u2019Industrie : M. Seydou Asman encourage les unit\u00e9s industrielles \u00e0 \u00eatre plus comp\u00e9titives - niger","description":"Dans le cadre de la prise de contact avec les services rattache\u0301s ainsi qu\u2019avec les partenaires de son de\u0301partement mini ...","robots":{"index":"index","follow":"follow","max-snippet":"max-snippet:-1","max-image-preview":"max-image-preview:large","max-video-preview":"max-video-preview:-1"},"canonical":"https:\/\/www.africa-press.net\/niger\/politique\/poursuite-des-visites-du-ministre-du-commerce-et-de-lindustrie-m-seydou-asman-encourage-les-unites-industrielles-a-etre-plus-competitives","og_locale":"fr_FR","og_type":"article","og_title":"Poursuite des visites du ministre du Commerce et de l\u2019Industrie : M. Seydou Asman encourage les unit\u00e9s industrielles \u00e0 \u00eatre plus comp\u00e9titives","og_description":"Dans le cadre de la prise de contact avec les services rattache\u0301s ainsi qu\u2019avec les partenaires de son de\u0301partement mini ...","og_url":"https:\/\/www.africa-press.net\/niger\/politique\/poursuite-des-visites-du-ministre-du-commerce-et-de-lindustrie-m-seydou-asman-encourage-les-unites-industrielles-a-etre-plus-competitives","og_site_name":"niger","article_published_time":"2024-02-09T17:27:52+00:00","article_modified_time":"2024-02-09T18:37:20+00:00","og_image":[{"width":769,"height":470,"url":"https:\/\/static.africa-press.net\/niger\/sites\/40\/2024\/02\/sm_1707490935.699653.jpg","type":"image\/jpeg"}],"author":"cfeditorfr","twitter_card":"summary_large_image","twitter_misc":{"\u00c9crit par":"cfeditorfr","Dur\u00e9e de lecture estim\u00e9e":"3 minutes"},"schema":{"@context":"https:\/\/schema.org","@graph":[{"@type":"Article","@id":"https:\/\/www.africa-press.net\/niger\/politique\/poursuite-des-visites-du-ministre-du-commerce-et-de-lindustrie-m-seydou-asman-encourage-les-unites-industrielles-a-etre-plus-competitives#article","isPartOf":{"@id":"https:\/\/www.africa-press.net\/niger\/politique\/poursuite-des-visites-du-ministre-du-commerce-et-de-lindustrie-m-seydou-asman-encourage-les-unites-industrielles-a-etre-plus-competitives"},"author":{"name":"cfeditorfr","@id":"https:\/\/www.africa-press.net\/niger\/#\/schema\/person\/2b1cf3cd81a31e3cd26889ca66d677f1"},"headline":"Poursuite des visites du ministre du Commerce et de l\u2019Industrie : M. Seydou Asman encourage les unit\u00e9s industrielles \u00e0 \u00eatre plus comp\u00e9titives","datePublished":"2024-02-09T17:27:52+00:00","dateModified":"2024-02-09T18:37:20+00:00","mainEntityOfPage":{"@id":"https:\/\/www.africa-press.net\/niger\/politique\/poursuite-des-visites-du-ministre-du-commerce-et-de-lindustrie-m-seydou-asman-encourage-les-unites-industrielles-a-etre-plus-competitives"},"wordCount":445,"commentCount":0,"image":{"@id":"https:\/\/www.africa-press.net\/niger\/politique\/poursuite-des-visites-du-ministre-du-commerce-et-de-lindustrie-m-seydou-asman-encourage-les-unites-industrielles-a-etre-plus-competitives#primaryimage"},"thumbnailUrl":"https:\/\/static.africa-press.net\/niger\/sites\/40\/2024\/02\/sm_1707490935.699653.jpg","keywords":["Africa Press","Africa Press-Niger","Niger"],"articleSection":["Politique","Toutes les actualit\u00e9s"],"inLanguage":"fr-FR","potentialAction":[{"@type":"CommentAction","name":"Comment","target":["https:\/\/www.africa-press.net\/niger\/politique\/poursuite-des-visites-du-ministre-du-commerce-et-de-lindustrie-m-seydou-asman-encourage-les-unites-industrielles-a-etre-plus-competitives#respond"]}]},{"@type":"WebPage","@id":"https:\/\/www.africa-press.net\/niger\/politique\/poursuite-des-visites-du-ministre-du-commerce-et-de-lindustrie-m-seydou-asman-encourage-les-unites-industrielles-a-etre-plus-competitives","url":"https:\/\/www.africa-press.net\/niger\/politique\/poursuite-des-visites-du-ministre-du-commerce-et-de-lindustrie-m-seydou-asman-encourage-les-unites-industrielles-a-etre-plus-competitives","name":"Poursuite des visites du ministre du Commerce et de l\u2019Industrie : M. Seydou Asman encourage les unit\u00e9s industrielles \u00e0 \u00eatre plus comp\u00e9titives - niger","isPartOf":{"@id":"https:\/\/www.africa-press.net\/niger\/#website"},"primaryImageOfPage":{"@id":"https:\/\/www.africa-press.net\/niger\/politique\/poursuite-des-visites-du-ministre-du-commerce-et-de-lindustrie-m-seydou-asman-encourage-les-unites-industrielles-a-etre-plus-competitives#primaryimage"},"image":{"@id":"https:\/\/www.africa-press.net\/niger\/politique\/poursuite-des-visites-du-ministre-du-commerce-et-de-lindustrie-m-seydou-asman-encourage-les-unites-industrielles-a-etre-plus-competitives#primaryimage"},"thumbnailUrl":"https:\/\/static.africa-press.net\/niger\/sites\/40\/2024\/02\/sm_1707490935.699653.jpg","datePublished":"2024-02-09T17:27:52+00:00","dateModified":"2024-02-09T18:37:20+00:00","author":{"@id":"https:\/\/www.africa-press.net\/niger\/#\/schema\/person\/2b1cf3cd81a31e3cd26889ca66d677f1"},"description":"Dans le cadre de la prise de contact avec les services rattache\u0301s ainsi qu\u2019avec les partenaires de son de\u0301partement mini ...","breadcrumb":{"@id":"https:\/\/www.africa-press.net\/niger\/politique\/poursuite-des-visites-du-ministre-du-commerce-et-de-lindustrie-m-seydou-asman-encourage-les-unites-industrielles-a-etre-plus-competitives#breadcrumb"},"inLanguage":"fr-FR","potentialAction":[{"@type":"ReadAction","target":["https:\/\/www.africa-press.net\/niger\/politique\/poursuite-des-visites-du-ministre-du-commerce-et-de-lindustrie-m-seydou-asman-encourage-les-unites-industrielles-a-etre-plus-competitives"]}]},{"@type":"ImageObject","inLanguage":"fr-FR","@id":"https:\/\/www.africa-press.net\/niger\/politique\/poursuite-des-visites-du-ministre-du-commerce-et-de-lindustrie-m-seydou-asman-encourage-les-unites-industrielles-a-etre-plus-competitives#primaryimage","url":"https:\/\/static.africa-press.net\/niger\/sites\/40\/2024\/02\/sm_1707490935.699653.jpg","contentUrl":"https:\/\/static.africa-press.net\/niger\/sites\/40\/2024\/02\/sm_1707490935.699653.jpg","width":769,"height":470,"caption":"Poursuite des visites du ministre du Commerce et de l\u2019Industrie : M. Seydou Asman encourage les unit\u00e9s industrielles \u00e0 \u00eatre plus comp\u00e9titives"},{"@type":"BreadcrumbList","@id":"https:\/\/www.africa-press.net\/niger\/politique\/poursuite-des-visites-du-ministre-du-commerce-et-de-lindustrie-m-seydou-asman-encourage-les-unites-industrielles-a-etre-plus-competitives#breadcrumb","itemListElement":[{"@type":"ListItem","position":1,"name":"Accueil","item":"https:\/\/www.africa-press.net\/niger\/"},{"@type":"ListItem","position":2,"name":"Poursuite des visites du ministre du Commerce et de l\u2019Industrie : M. Seydou Asman encourage les unit\u00e9s industrielles \u00e0 \u00eatre plus comp\u00e9titives"}]},{"@type":"WebSite","@id":"https:\/\/www.africa-press.net\/niger\/#website","url":"https:\/\/www.africa-press.net\/niger\/","name":"niger","description":"Just another Africa News Agency Sites site","potentialAction":[{"@type":"SearchAction","target":{"@type":"EntryPoint","urlTemplate":"https:\/\/www.africa-press.net\/niger\/?s={search_term_string}"},"query-input":{"@type":"PropertyValueSpecification","valueRequired":true,"valueName":"search_term_string"}}],"inLanguage":"fr-FR"},{"@type":"Person","@id":"https:\/\/www.africa-press.net\/niger\/#\/schema\/person\/2b1cf3cd81a31e3cd26889ca66d677f1","name":"cfeditorfr"}]}},"_links":{"self":[{"href":"https:\/\/www.africa-press.net\/niger\/wp-json\/wp\/v2\/posts\/58434","targetHints":{"allow":["GET"]}}],"collection":[{"href":"https:\/\/www.africa-press.net\/niger\/wp-json\/wp\/v2\/posts"}],"about":[{"href":"https:\/\/www.africa-press.net\/niger\/wp-json\/wp\/v2\/types\/post"}],"author":[{"embeddable":true,"href":"https:\/\/www.africa-press.net\/niger\/wp-json\/wp\/v2\/users\/82"}],"replies":[{"embeddable":true,"href":"https:\/\/www.africa-press.net\/niger\/wp-json\/wp\/v2\/comments?post=58434"}],"version-history":[{"count":0,"href":"https:\/\/www.africa-press.net\/niger\/wp-json\/wp\/v2\/posts\/58434\/revisions"}],"wp:featuredmedia":[{"embeddable":true,"href":"https:\/\/www.africa-press.net\/niger\/wp-json\/wp\/v2\/media\/58433"}],"wp:attachment":[{"href":"https:\/\/www.africa-press.net\/niger\/wp-json\/wp\/v2\/media?parent=58434"}],"wp:term":[{"taxonomy":"category","embeddable":true,"href":"https:\/\/www.africa-press.net\/niger\/wp-json\/wp\/v2\/categories?post=58434"},{"taxonomy":"post_tag","embeddable":true,"href":"https:\/\/www.africa-press.net\/niger\/wp-json\/wp\/v2\/tags?post=58434"}],"curies":[{"name":"wp","href":"https:\/\/api.w.org\/{rel}","templated":true}]}}