{"id":58469,"date":"2024-02-10T18:44:00","date_gmt":"2024-02-10T18:44:00","guid":{"rendered":"https:\/\/www.africa-press.net\/niger\/politique\/niamey-incendie-au-marche-central-de-karadje"},"modified":"2024-02-10T19:27:31","modified_gmt":"2024-02-10T19:27:31","slug":"niamey-incendie-au-marche-central-de-karadje","status":"publish","type":"post","link":"https:\/\/www.africa-press.net\/niger\/toutes-les-actualites\/niamey-incendie-au-marche-central-de-karadje","title":{"rendered":"Niamey : Incendie au march\u00e9 central de Karadje"},"content":{"rendered":"<p><span style=\"color: #ff6600\"><strong>Africa-Press &#8211; Niger. <\/strong><\/span>A l\u2019aube de ce samedi 10 fevrier, un incendie gigantesque s\u2019est de\u0301clare\u0301 dans le marche\u0301 principal du 5e\u0300me arrondissement de Niamey. Devant les commerc\u0327ants de\u0301sempare\u0301s, les sapeurs pompiers pre\u0301sents sur les lieux ont du mal a\u0300 acce\u0301der au coeur du marche\u0301. Les voies sont totalement obstrue\u0301es. Les commerc\u0327ants sont en train de sauver ce qui peut l\u2019e\u0302tre. Les flammes s\u2019intensifient et se re\u0301pandent. Pour l\u2019heure, on ne connait pas l\u2019origine de l\u2019incendie qui risque de tout emporter. Des explosions sont entendues re\u0301gulie\u0300rement, des colonnes de fume\u0301es s\u2019e\u0301le\u0300vent dans le ciel. Des gros moyens doivent e\u0302tre de\u0301ploye\u0301s pour mai\u0302triser le feu.<\/p>\n<p>&nbsp;<\/p>\n<p><strong>Pour plus d&rsquo;informations et d&rsquo;analyses sur la <a href=\"https:\/\/www.africa-press.net\/niger\">Niger<\/a>, suivez <a href=\"https:\/\/www.africa-press.net\/\">Africa-Press<\/a><\/strong><\/p>\n","protected":false},"excerpt":{"rendered":"<p>Africa-Press &#8211; Niger. A l\u2019aube de ce samedi 10 fevrier, un incendie gigantesque s\u2019est de\u0301clare\u0301 dans le marche\u0301 principal du 5e\u0300me arrondissement de Niamey. Devant les commerc\u0327ants de\u0301sempare\u0301s, les sapeurs pompiers pre\u0301sents sur les lieux ont du mal a\u0300 acce\u0301der au coeur du marche\u0301. Les voies sont totalement obstrue\u0301es. Les commerc\u0327ants sont en train de [&hellip;]<\/p>\n","protected":false},"author":82,"featured_media":58468,"comment_status":"open","ping_status":"closed","sticky":false,"template":"","format":"standard","meta":{"footnotes":""},"categories":[21,20,10],"tags":[55,60,29],"class_list":["post-58469","post","type-post","status-publish","format-standard","has-post-thumbnail","hentry","category-communaute","category-top-nouvelles","category-toutes-les-actualites","tag-africa-press","tag-africa-press-niger","tag-niger"],"yoast_head":"<!-- This site is optimized with the Yoast SEO Premium plugin v26.1 (Yoast SEO v27.0) - https:\/\/yoast.com\/product\/yoast-seo-premium-wordpress\/ -->\n<title>Niamey : Incendie au march\u00e9 central de Karadje - niger<\/title>\n<meta name=\"description\" content=\"A l\u2019aube de ce samedi 10 fevrier, un incendie gigantesque s\u2019est de\u0301clare\u0301 dans le marche\u0301 principal du 5e\u0300me arrondissem ...\" \/>\n<meta name=\"robots\" content=\"index, follow, max-snippet:-1, max-image-preview:large, max-video-preview:-1\" \/>\n<link rel=\"canonical\" href=\"https:\/\/www.africa-press.net\/niger\/toutes-les-actualites\/niamey-incendie-au-marche-central-de-karadje\" \/>\n<meta property=\"og:locale\" content=\"fr_FR\" \/>\n<meta property=\"og:type\" content=\"article\" \/>\n<meta property=\"og:title\" content=\"Niamey : Incendie au march\u00e9 central de Karadje\" \/>\n<meta property=\"og:description\" content=\"A l\u2019aube de ce samedi 10 fevrier, un incendie gigantesque s\u2019est de\u0301clare\u0301 dans le marche\u0301 principal du 5e\u0300me arrondissem ...\" \/>\n<meta property=\"og:url\" content=\"https:\/\/www.africa-press.net\/niger\/toutes-les-actualites\/niamey-incendie-au-marche-central-de-karadje\" \/>\n<meta property=\"og:site_name\" content=\"niger\" \/>\n<meta property=\"article:published_time\" content=\"2024-02-10T18:44:00+00:00\" \/>\n<meta property=\"article:modified_time\" content=\"2024-02-10T19:27:31+00:00\" \/>\n<meta property=\"og:image\" content=\"https:\/\/static.africa-press.net\/niger\/sites\/40\/2024\/02\/sm_1707580582.337383.jpg\" \/>\n\t<meta property=\"og:image:width\" content=\"960\" \/>\n\t<meta property=\"og:image:height\" content=\"540\" \/>\n\t<meta property=\"og:image:type\" content=\"image\/jpeg\" \/>\n<meta name=\"author\" content=\"cfeditorfr\" \/>\n<meta name=\"twitter:card\" content=\"summary_large_image\" \/>\n<meta name=\"twitter:label1\" content=\"\u00c9crit par\" \/>\n\t<meta name=\"twitter:data1\" content=\"cfeditorfr\" \/>\n\t<meta name=\"twitter:label2\" content=\"Dur\u00e9e de lecture estim\u00e9e\" \/>\n\t<meta name=\"twitter:data2\" content=\"1 minute\" \/>\n<script type=\"application\/ld+json\" class=\"yoast-schema-graph\">{\"@context\":\"https:\/\/schema.org\",\"@graph\":[{\"@type\":\"Article\",\"@id\":\"https:\/\/www.africa-press.net\/niger\/toutes-les-actualites\/niamey-incendie-au-marche-central-de-karadje#article\",\"isPartOf\":{\"@id\":\"https:\/\/www.africa-press.net\/niger\/toutes-les-actualites\/niamey-incendie-au-marche-central-de-karadje\"},\"author\":{\"name\":\"cfeditorfr\",\"@id\":\"https:\/\/www.africa-press.net\/niger\/#\/schema\/person\/2b1cf3cd81a31e3cd26889ca66d677f1\"},\"headline\":\"Niamey : Incendie au march\u00e9 central de Karadje\",\"datePublished\":\"2024-02-10T18:44:00+00:00\",\"dateModified\":\"2024-02-10T19:27:31+00:00\",\"mainEntityOfPage\":{\"@id\":\"https:\/\/www.africa-press.net\/niger\/toutes-les-actualites\/niamey-incendie-au-marche-central-de-karadje\"},\"wordCount\":150,\"commentCount\":0,\"image\":{\"@id\":\"https:\/\/www.africa-press.net\/niger\/toutes-les-actualites\/niamey-incendie-au-marche-central-de-karadje#primaryimage\"},\"thumbnailUrl\":\"https:\/\/static.africa-press.net\/niger\/sites\/40\/2024\/02\/sm_1707580582.337383.jpg\",\"keywords\":[\"Africa Press\",\"Africa Press-Niger\",\"Niger\"],\"articleSection\":[\"Communaut\u00e9\",\"Top Nouvelles\",\"Toutes les actualit\u00e9s\"],\"inLanguage\":\"fr-FR\",\"potentialAction\":[{\"@type\":\"CommentAction\",\"name\":\"Comment\",\"target\":[\"https:\/\/www.africa-press.net\/niger\/toutes-les-actualites\/niamey-incendie-au-marche-central-de-karadje#respond\"]}]},{\"@type\":\"WebPage\",\"@id\":\"https:\/\/www.africa-press.net\/niger\/toutes-les-actualites\/niamey-incendie-au-marche-central-de-karadje\",\"url\":\"https:\/\/www.africa-press.net\/niger\/toutes-les-actualites\/niamey-incendie-au-marche-central-de-karadje\",\"name\":\"Niamey : Incendie au march\u00e9 central de Karadje - niger\",\"isPartOf\":{\"@id\":\"https:\/\/www.africa-press.net\/niger\/#website\"},\"primaryImageOfPage\":{\"@id\":\"https:\/\/www.africa-press.net\/niger\/toutes-les-actualites\/niamey-incendie-au-marche-central-de-karadje#primaryimage\"},\"image\":{\"@id\":\"https:\/\/www.africa-press.net\/niger\/toutes-les-actualites\/niamey-incendie-au-marche-central-de-karadje#primaryimage\"},\"thumbnailUrl\":\"https:\/\/static.africa-press.net\/niger\/sites\/40\/2024\/02\/sm_1707580582.337383.jpg\",\"datePublished\":\"2024-02-10T18:44:00+00:00\",\"dateModified\":\"2024-02-10T19:27:31+00:00\",\"author\":{\"@id\":\"https:\/\/www.africa-press.net\/niger\/#\/schema\/person\/2b1cf3cd81a31e3cd26889ca66d677f1\"},\"description\":\"A l\u2019aube de ce samedi 10 fevrier, un incendie gigantesque s\u2019est de\u0301clare\u0301 dans le marche\u0301 principal du 5e\u0300me arrondissem ...\",\"breadcrumb\":{\"@id\":\"https:\/\/www.africa-press.net\/niger\/toutes-les-actualites\/niamey-incendie-au-marche-central-de-karadje#breadcrumb\"},\"inLanguage\":\"fr-FR\",\"potentialAction\":[{\"@type\":\"ReadAction\",\"target\":[\"https:\/\/www.africa-press.net\/niger\/toutes-les-actualites\/niamey-incendie-au-marche-central-de-karadje\"]}]},{\"@type\":\"ImageObject\",\"inLanguage\":\"fr-FR\",\"@id\":\"https:\/\/www.africa-press.net\/niger\/toutes-les-actualites\/niamey-incendie-au-marche-central-de-karadje#primaryimage\",\"url\":\"https:\/\/static.africa-press.net\/niger\/sites\/40\/2024\/02\/sm_1707580582.337383.jpg\",\"contentUrl\":\"https:\/\/static.africa-press.net\/niger\/sites\/40\/2024\/02\/sm_1707580582.337383.jpg\",\"width\":960,\"height\":540,\"caption\":\"Niamey : Incendie au march\u00e9 central de Karadje\"},{\"@type\":\"BreadcrumbList\",\"@id\":\"https:\/\/www.africa-press.net\/niger\/toutes-les-actualites\/niamey-incendie-au-marche-central-de-karadje#breadcrumb\",\"itemListElement\":[{\"@type\":\"ListItem\",\"position\":1,\"name\":\"Accueil\",\"item\":\"https:\/\/www.africa-press.net\/niger\/\"},{\"@type\":\"ListItem\",\"position\":2,\"name\":\"Niamey : Incendie au march\u00e9 central de Karadje\"}]},{\"@type\":\"WebSite\",\"@id\":\"https:\/\/www.africa-press.net\/niger\/#website\",\"url\":\"https:\/\/www.africa-press.net\/niger\/\",\"name\":\"niger\",\"description\":\"Just another Africa News Agency Sites site\",\"potentialAction\":[{\"@type\":\"SearchAction\",\"target\":{\"@type\":\"EntryPoint\",\"urlTemplate\":\"https:\/\/www.africa-press.net\/niger\/?s={search_term_string}\"},\"query-input\":{\"@type\":\"PropertyValueSpecification\",\"valueRequired\":true,\"valueName\":\"search_term_string\"}}],\"inLanguage\":\"fr-FR\"},{\"@type\":\"Person\",\"@id\":\"https:\/\/www.africa-press.net\/niger\/#\/schema\/person\/2b1cf3cd81a31e3cd26889ca66d677f1\",\"name\":\"cfeditorfr\"}]}<\/script>\n<!-- \/ Yoast SEO Premium plugin. -->","yoast_head_json":{"title":"Niamey : Incendie au march\u00e9 central de Karadje - niger","description":"A l\u2019aube de ce samedi 10 fevrier, un incendie gigantesque s\u2019est de\u0301clare\u0301 dans le marche\u0301 principal du 5e\u0300me arrondissem ...","robots":{"index":"index","follow":"follow","max-snippet":"max-snippet:-1","max-image-preview":"max-image-preview:large","max-video-preview":"max-video-preview:-1"},"canonical":"https:\/\/www.africa-press.net\/niger\/toutes-les-actualites\/niamey-incendie-au-marche-central-de-karadje","og_locale":"fr_FR","og_type":"article","og_title":"Niamey : Incendie au march\u00e9 central de Karadje","og_description":"A l\u2019aube de ce samedi 10 fevrier, un incendie gigantesque s\u2019est de\u0301clare\u0301 dans le marche\u0301 principal du 5e\u0300me arrondissem ...","og_url":"https:\/\/www.africa-press.net\/niger\/toutes-les-actualites\/niamey-incendie-au-marche-central-de-karadje","og_site_name":"niger","article_published_time":"2024-02-10T18:44:00+00:00","article_modified_time":"2024-02-10T19:27:31+00:00","og_image":[{"width":960,"height":540,"url":"https:\/\/static.africa-press.net\/niger\/sites\/40\/2024\/02\/sm_1707580582.337383.jpg","type":"image\/jpeg"}],"author":"cfeditorfr","twitter_card":"summary_large_image","twitter_misc":{"\u00c9crit par":"cfeditorfr","Dur\u00e9e de lecture estim\u00e9e":"1 minute"},"schema":{"@context":"https:\/\/schema.org","@graph":[{"@type":"Article","@id":"https:\/\/www.africa-press.net\/niger\/toutes-les-actualites\/niamey-incendie-au-marche-central-de-karadje#article","isPartOf":{"@id":"https:\/\/www.africa-press.net\/niger\/toutes-les-actualites\/niamey-incendie-au-marche-central-de-karadje"},"author":{"name":"cfeditorfr","@id":"https:\/\/www.africa-press.net\/niger\/#\/schema\/person\/2b1cf3cd81a31e3cd26889ca66d677f1"},"headline":"Niamey : Incendie au march\u00e9 central de Karadje","datePublished":"2024-02-10T18:44:00+00:00","dateModified":"2024-02-10T19:27:31+00:00","mainEntityOfPage":{"@id":"https:\/\/www.africa-press.net\/niger\/toutes-les-actualites\/niamey-incendie-au-marche-central-de-karadje"},"wordCount":150,"commentCount":0,"image":{"@id":"https:\/\/www.africa-press.net\/niger\/toutes-les-actualites\/niamey-incendie-au-marche-central-de-karadje#primaryimage"},"thumbnailUrl":"https:\/\/static.africa-press.net\/niger\/sites\/40\/2024\/02\/sm_1707580582.337383.jpg","keywords":["Africa Press","Africa Press-Niger","Niger"],"articleSection":["Communaut\u00e9","Top Nouvelles","Toutes les actualit\u00e9s"],"inLanguage":"fr-FR","potentialAction":[{"@type":"CommentAction","name":"Comment","target":["https:\/\/www.africa-press.net\/niger\/toutes-les-actualites\/niamey-incendie-au-marche-central-de-karadje#respond"]}]},{"@type":"WebPage","@id":"https:\/\/www.africa-press.net\/niger\/toutes-les-actualites\/niamey-incendie-au-marche-central-de-karadje","url":"https:\/\/www.africa-press.net\/niger\/toutes-les-actualites\/niamey-incendie-au-marche-central-de-karadje","name":"Niamey : Incendie au march\u00e9 central de Karadje - niger","isPartOf":{"@id":"https:\/\/www.africa-press.net\/niger\/#website"},"primaryImageOfPage":{"@id":"https:\/\/www.africa-press.net\/niger\/toutes-les-actualites\/niamey-incendie-au-marche-central-de-karadje#primaryimage"},"image":{"@id":"https:\/\/www.africa-press.net\/niger\/toutes-les-actualites\/niamey-incendie-au-marche-central-de-karadje#primaryimage"},"thumbnailUrl":"https:\/\/static.africa-press.net\/niger\/sites\/40\/2024\/02\/sm_1707580582.337383.jpg","datePublished":"2024-02-10T18:44:00+00:00","dateModified":"2024-02-10T19:27:31+00:00","author":{"@id":"https:\/\/www.africa-press.net\/niger\/#\/schema\/person\/2b1cf3cd81a31e3cd26889ca66d677f1"},"description":"A l\u2019aube de ce samedi 10 fevrier, un incendie gigantesque s\u2019est de\u0301clare\u0301 dans le marche\u0301 principal du 5e\u0300me arrondissem ...","breadcrumb":{"@id":"https:\/\/www.africa-press.net\/niger\/toutes-les-actualites\/niamey-incendie-au-marche-central-de-karadje#breadcrumb"},"inLanguage":"fr-FR","potentialAction":[{"@type":"ReadAction","target":["https:\/\/www.africa-press.net\/niger\/toutes-les-actualites\/niamey-incendie-au-marche-central-de-karadje"]}]},{"@type":"ImageObject","inLanguage":"fr-FR","@id":"https:\/\/www.africa-press.net\/niger\/toutes-les-actualites\/niamey-incendie-au-marche-central-de-karadje#primaryimage","url":"https:\/\/static.africa-press.net\/niger\/sites\/40\/2024\/02\/sm_1707580582.337383.jpg","contentUrl":"https:\/\/static.africa-press.net\/niger\/sites\/40\/2024\/02\/sm_1707580582.337383.jpg","width":960,"height":540,"caption":"Niamey : Incendie au march\u00e9 central de Karadje"},{"@type":"BreadcrumbList","@id":"https:\/\/www.africa-press.net\/niger\/toutes-les-actualites\/niamey-incendie-au-marche-central-de-karadje#breadcrumb","itemListElement":[{"@type":"ListItem","position":1,"name":"Accueil","item":"https:\/\/www.africa-press.net\/niger\/"},{"@type":"ListItem","position":2,"name":"Niamey : Incendie au march\u00e9 central de Karadje"}]},{"@type":"WebSite","@id":"https:\/\/www.africa-press.net\/niger\/#website","url":"https:\/\/www.africa-press.net\/niger\/","name":"niger","description":"Just another Africa News Agency Sites site","potentialAction":[{"@type":"SearchAction","target":{"@type":"EntryPoint","urlTemplate":"https:\/\/www.africa-press.net\/niger\/?s={search_term_string}"},"query-input":{"@type":"PropertyValueSpecification","valueRequired":true,"valueName":"search_term_string"}}],"inLanguage":"fr-FR"},{"@type":"Person","@id":"https:\/\/www.africa-press.net\/niger\/#\/schema\/person\/2b1cf3cd81a31e3cd26889ca66d677f1","name":"cfeditorfr"}]}},"_links":{"self":[{"href":"https:\/\/www.africa-press.net\/niger\/wp-json\/wp\/v2\/posts\/58469","targetHints":{"allow":["GET"]}}],"collection":[{"href":"https:\/\/www.africa-press.net\/niger\/wp-json\/wp\/v2\/posts"}],"about":[{"href":"https:\/\/www.africa-press.net\/niger\/wp-json\/wp\/v2\/types\/post"}],"author":[{"embeddable":true,"href":"https:\/\/www.africa-press.net\/niger\/wp-json\/wp\/v2\/users\/82"}],"replies":[{"embeddable":true,"href":"https:\/\/www.africa-press.net\/niger\/wp-json\/wp\/v2\/comments?post=58469"}],"version-history":[{"count":0,"href":"https:\/\/www.africa-press.net\/niger\/wp-json\/wp\/v2\/posts\/58469\/revisions"}],"wp:featuredmedia":[{"embeddable":true,"href":"https:\/\/www.africa-press.net\/niger\/wp-json\/wp\/v2\/media\/58468"}],"wp:attachment":[{"href":"https:\/\/www.africa-press.net\/niger\/wp-json\/wp\/v2\/media?parent=58469"}],"wp:term":[{"taxonomy":"category","embeddable":true,"href":"https:\/\/www.africa-press.net\/niger\/wp-json\/wp\/v2\/categories?post=58469"},{"taxonomy":"post_tag","embeddable":true,"href":"https:\/\/www.africa-press.net\/niger\/wp-json\/wp\/v2\/tags?post=58469"}],"curies":[{"name":"wp","href":"https:\/\/api.w.org\/{rel}","templated":true}]}}