{"id":58509,"date":"2024-02-12T19:22:18","date_gmt":"2024-02-12T19:22:18","guid":{"rendered":"https:\/\/www.africa-press.net\/niger\/politique\/gouvernance-parler-actuellement-delections-au-burkina-au-mali-et-au-niger-cest-etre-contre-les-peuples-de-laes-kassoum-koudougou-coordination-des-osc"},"modified":"2024-02-12T20:05:13","modified_gmt":"2024-02-12T20:05:13","slug":"gouvernance-parler-actuellement-delections-au-burkina-au-mali-et-au-niger-cest-etre-contre-les-peuples-de-laes-kassoum-koudougou-coordination-des-osc","status":"publish","type":"post","link":"https:\/\/www.africa-press.net\/niger\/politique\/gouvernance-parler-actuellement-delections-au-burkina-au-mali-et-au-niger-cest-etre-contre-les-peuples-de-laes-kassoum-koudougou-coordination-des-osc","title":{"rendered":"Gouvernance : \u00ab Parler actuellement d\u2019\u00e9lections au Burkina, au Mali et au Niger, c\u2019est \u00eatre contre les peuples de l\u2019AES \u00bb (Kassoum Koudougou, coordination des OSC)"},"content":{"rendered":"<p><span style=\"color: #ff6600\"><strong>Africa-Press &#8211; Niger. <\/strong><\/span><b>Par une \u00ab de\u0301cision historique \u00bb le 28 janvier 2024, les membres de l\u2019Alliance des E\u0301tats du Sahel (AES: Burkina, Mali et Niger) ont annonce\u0301 leur retrait de la CEDEAO, a\u0300 la surprise quasi-ge\u0301ne\u0301rale. Une semaine apre\u0300s cet acte qui a, visiblement et encore, de beaux jours devant lui en termes d\u2019appre\u0301ciations, Kassoum Koudougou, membre du secre\u0301tariat de la Coordination des OSC (organisations de la socie\u0301te\u0301 civile) du Burkina Faso, une fai\u0302tie\u0300re de soutien a\u0300 la transition, se veut sans langue de bois sur le sujet. Interview !<\/b><br \/>\n<b>: Votre coalition a anime\u0301 une confe\u0301rence de presse le 31 janvier 2024, pour saluer la de\u0301cision des pays de l\u2019AES (Alliance des E\u0301tats du Sahel) de quitter la Communaute\u0301 e\u0301conomique des E\u0301tats de l\u2019Afrique de l\u2019ouest (CEDEAO). Qu\u2019est-ce qui justifie votre soutien a\u0300 cette de\u0301cision, que des citoyens de ces trois pays redoutent pourtant ?<\/b><\/p>\n<p>Kassoum Koudougou: Nous saluons vraiment cette de\u0301cision historique et courageuse de nos autorite\u0301s de l\u2019AES, c\u2019est-a\u0300-dire les pre\u0301sidents capitaine Ibrahim Traore\u0301, ge\u0301ne\u0301ral Abdourahamane Tchiani et colonel Assimi Goi\u0308ta. Ils ont vraiment e\u0301coute\u0301 le cri de c\u0153ur de leurs peuples, qui e\u0301taient re\u0301ellement dans l\u2019impasse, en ce qui concerne la situation se\u0301curitaire, depuis des anne\u0301es. Depuis ces anne\u0301es de souffrance, la CEDEAO n\u2019a pas porte\u0301 un plus dans notre combat contre le terrorisme. C\u2019est pourquoi nous avons salue\u0301 a\u0300 sa juste valeur, a\u0300 travers cette confe\u0301rence de presse du 31 janvier, cette de\u0301cision de retrait des pays de l\u2019AES de la CEDEAO.<\/p>\n<p><b>Vous attendiez-vous a\u0300 une telle de\u0301cision ?<\/b><\/p>\n<p>En tant que ve\u0301te\u0301ran de la lutte pour la souverainete\u0301 totale de nos Etats et de la lutte contre l\u2019inse\u0301curite\u0301, je peux dire que la de\u0301cision ne m\u2019a pas surpris ; parce que nous savions que to\u0302t ou tard, il fallait arriver a\u0300 une telle de\u0301cision. Ce, d\u2019autant que cette organisation, la CEDEAO, e\u0301tait un obstacle a\u0300 notre marche vers la souverainete\u0301 et notre se\u0301curite\u0301. Elle qui e\u0301tait cense\u0301e, a\u0300 sa cre\u0301ation, de\u0301fendre les inte\u0301re\u0302ts e\u0301conomiques, politiques et sociaux de nos Etats, s\u2019est laisse\u0301e guider et manipuler, travaillant a\u0300 la solde de l\u2019impe\u0301rialisme, notamment la France et certains pays de l\u2019Union europe\u0301enne.<\/p>\n<p>C\u2019est donc normal que nous ne soyons pas surpris de cette de\u0301cision, parce qu\u2019il fallait mettre fin a\u0300 notre appartenance a\u0300 cette communaute\u0301, pour pouvoir lutter convenablement pour notre souverainete\u0301. Quand vous e\u0302tes dans une communaute\u0301 telle que la CEDEAO, vous e\u0302tes lie\u0301s par des accords qui ne facilitent pas votre champ d\u2019action et votre e\u0301lan souverainiste ; il fallait donc en arriver la\u0300.<\/p>\n<p>Avec l\u2019arrive\u0301e de ces trois chefs d\u2019Etat a\u0300 la te\u0302te de ces pays, on n\u2019est vraiment pas surpris d\u2019une telle de\u0301cision. Pour nous, la de\u0301cision a me\u0302me tarde\u0301 ; non seulement ce n\u2019est pas une surprise, mais elle a me\u0302me tarde\u0301. Il fallait de\u0300s le de\u0301but faire comprendre a\u0300 la CEDEAO que si elle ne va pas se conformer a\u0300 ses missions de de\u0301part, a\u0300 un moment ou\u0300 certains de ses membres ont plus besoin d\u2019elle, c\u0327a ne sert a\u0300 rien d\u2019y rester. C\u2019est donc salutaire que des pre\u0301sidents visionnaires puissent se de\u0301marquer et prendre vraiment leurs responsabilite\u0301s face a\u0300 une marche qui ne favorise pas leurs peuples.<\/p>\n<p><b>Que re\u0301pondez-vous a\u0300 ceux qui pensent que c\u2019est parce que la CEDEAO talonne les dirigeants de ces trois pays d\u2019organiser des e\u0301lections pour mettre fin a\u0300 la transition que cette de\u0301cision de retrait a e\u0301te\u0301 prise ?<\/b><\/p>\n<p>Le dire ainsi, c\u2019est me\u0301connai\u0302tre la re\u0301alite\u0301 que vivent ces trois pays. Parler a\u0300 l\u2019e\u0301tat actuel d\u2019e\u0301lections au Burkina, au Mali et au Niger, c\u2019est vraiment e\u0302tre contre les peuples de l\u2019AES ; parce que si les e\u0301lections sont un droit, la re\u0301alite\u0301 est a\u0300 prendre en compte. A cet instant T, quel pays de l\u2019AES peut dire qu\u2019il peut organiser des e\u0301lections dans toutes les localite\u0301s de son territoire ?<\/p>\n<p>Aucun ! Nous sommes au stade de reconque\u0302te de nos territoires, pour permettre a\u0300 nos populations qui sont de\u0301place\u0301es de se re\u0301installer d\u2019abord. C\u2019est cela notre priorite\u0301. Maintenant, venir parler d\u2019e\u0301lections dans ce contexte, c\u2019est vraiment ignorer les tristes re\u0301alite\u0301s que vivent nos peuples. Et comme nos pre\u0301sidents ne sont pas inscrits dans la logique d\u2019organiser des e\u0301lections pour des e\u0301lections, ils veulent d\u2019abord sauver le premier droit e\u0301le\u0301mentaire, le droit de vie, pre\u0301server la vie de leurs peuples, des populations chasse\u0301es de leurs contre\u0301es, c\u2019est cela qui suscite cette fac\u0327on de faire pas juste de la CEDEAO vers ces pays.<\/p>\n<p>La CEDEAO e\u0301tait me\u0302me devenue un frein pour nous dans la lutte contre l\u2019inse\u0301curite\u0301. Au moment ou\u0300 nous parlons, le pre\u0301sident Macky Sall vient de repousser la date de l\u2019e\u0301lection pre\u0301sidentielle, qui e\u0301tait pre\u0301vue pour le 25 fe\u0301vrier 2024 dans son pays, alors que le Se\u0301ne\u0301gal n\u2019est pas dans une crise se\u0301curitaire qui justifie ce report, contrairement a\u0300 nous qui sommes dans une crise depuis des anne\u0301es. Mais on nous accule de tenir les e\u0301lections, a\u0300 un moment ou\u0300 nos territoires sont occupe\u0301s ; nos populations ne vivent pas chez elles.<\/p>\n<p>Pourquoi accorde-t-on un prolongement a\u0300 certains et on le refuse aux pays qui veulent d\u2019abord recouvrer l\u2019inte\u0301grite\u0301 de leur territoire ? Voyez-vous comment on peut e\u0302tre me\u0301chants les uns envers les autres, dans un me\u0302me espace ? Nous pensons donc qu\u2019a\u0300 un moment donne\u0301, il faut e\u0302tre re\u0301aliste, et comme nos pre\u0301sidents sont vraiment re\u0301alistes vis-a\u0300-vis des aspirations de leurs peuples, je pense qu\u2019on n\u2019est pas soumis a\u0300 un ordre quelconque d\u2019organiser les e\u0301lections, a\u0300 partir du moment ou\u0300 nous savons que les conditions ne sont pas re\u0301unies pour cela.<\/p>\n<p><b>Mais le pre\u0301sident a dit qu\u2019il n\u2019y a pas de portion du territoire ou\u0300 on ne peut pas mettre le pied ; et bien avant lui, le Premier ministre a parle\u0301 de plus de 65% du territoire sous contro\u0302le. Et mieux, quand ils arrivaient, les dirigeants n\u2019ont pas dit qu\u2019il faut totalement finir avec l\u2019inse\u0301curite\u0301 avant de tenir les e\u0301lections. N\u2019e\u0302tes-vous pas en contradiction avec les autorite\u0301s ? <\/b><\/p>\n<p>Je pense que ce sont ceux qui sont sur le terrain qui peuvent mesurer a\u0300 quel moment on peut tenir les e\u0301lections. Quand le pre\u0301sident dit qu\u2019aujourd\u2019hui on peut mettre pied partout au Burkina, il faut quand me\u0302me voir la re\u0301alite\u0301 de ce qu\u2019il dit ; on met pied comment ? Est-ce que mettre pied dans une localite\u0301 avec des escortes permet d\u2019y organiser des e\u0301lections ?<\/p>\n<p>Non ! Mais quand il dit cela, c\u2019est parce qu\u2019avec les pouvoirs passe\u0301s, les re\u0301gimes Damiba et Kabore\u0301, il y a des zones, me\u0302me avec escorte, on ne pouvait pas y aller. Mais aujourd\u2019hui, avec les moyens et l\u2019ardeur de nos hommes sur le terrain, on arrive a\u0300 atteindre certaines zones par escorte. C\u2019est de\u0301ja\u0300 un de\u0301fi de releve\u0301. Les gens ne doivent pas prendre aujourd\u2019hui ces propos pour dire qu\u2019il y a contradiction. On peut mettre pied, mais comment ?<\/p>\n<p>Faire un combat pour aller dans une zone nous permet-il d\u2019organiser des e\u0301lections dans cette zone ? Non ! Il ne faut pas exposer nos populations. Et aujourd\u2019hui, pour semer la terreur, un seul individu avec sa kalach peut terroriser tout un village. N\u2019eu\u0302t e\u0301te\u0301 l\u2019initiative du pre\u0301sident de doter tous les VDP de moyens pour se\u0301curiser les villages, on ne pouvait pas e\u0302tre tranquille dans certains villages aujourd\u2019hui. Donc, je pense que ceux qui tiennent de tels propos cherchent des poux sur un cra\u0302ne rase\u0301.<\/p>\n<p>Les FDS sont les seules qui peuvent nous dire avec exactitude, si on peut organiser les e\u0301lections ou pas. Il faut saluer la de\u0301termination du chef de l\u2019Etat et de son e\u0301quipe, l\u2019engagement des FDS (Forces de de\u0301fense et de se\u0301curite\u0301) et des VDP (Volontaires pour la de\u0301fense de la patrie), gra\u0302ce auxquels des villages sont aujourd\u2019hui en train d\u2019e\u0302tre re\u0301installe\u0301s. Alors qu\u2019il ne suffit me\u0302me pas de re\u0301installer, il faut passer apre\u0300s a\u0300 l\u2019e\u0301tape de la consolidation des acquis. Mais, au moment ou\u0300 nous sommes sur cette dynamique de reconque\u0301rir les localite\u0301s et de re\u0301installer nos villages, on nous demande d\u2019organiser des e\u0301lections.<\/p>\n<p>Est-ce qu\u2019on peut e\u0302tre sur deux fronts ? Me\u0302me s\u2019il n\u2019y avait pas le terrorisme, organiser des e\u0301lections demande un gros travail. Me\u0302me quand le pays e\u0301tait en paix, pour organiser les e\u0301lections, on re\u0301quisitionnait toutes les forces. Et aujourd\u2019hui, toutes nos FDS sont mobilise\u0301es au front, pour libe\u0301rer le territoire et re\u0301installer nos villages ; et au me\u0302me moment, on nous demande d\u2019utiliser ces me\u0302mes FDS-la\u0300 pour se\u0301curiser les e\u0301lections. Cela veut dire qu\u2019on laisse notre combat de libe\u0301ration et on part organiser des e\u0301lections, comme cela, quand on va finir, on retombe dans le me\u0302me proble\u0300me.<\/p>\n<p>On est tente\u0301 de dire me\u0302me que ceux qui nous disent cela sont nos ennemis, parce qu\u2019ils voient que ce qui se fait sur le terrain, c\u2019est ce qui est attendu par tout le monde, tout le peuple souverainiste. Et pour nous de\u0301vier de notre objectif, on veut nous de\u0301tourner de nos forces pour se\u0301curiser des e\u0301lections et laisser l\u2019essentiel. Et apre\u0300s, ils vont dire qu\u2019on a organise\u0301 des e\u0301lections alors que l\u2019inse\u0301curite\u0301 n\u2019est me\u0302me pas encore finie.<\/p>\n<p><b>Selon la charte, la fin de la transition, c\u2019est pour juillet 2024. Si a\u0300 cette date, les e\u0301lections ne peuvent se tenir, qu\u2019est-ce qu\u2019il faut faire ?<\/b><\/p>\n<p>Je pense que la charte a pre\u0301vu des marges de sa propre re\u0301vision, au cas ou\u0300 les objectifs de la transition ne sont pas atteints. Et on dit que le terrain commande la man\u0153uvre. Si ces me\u0302mes pays de la CEDEAO avaient facilite\u0301 l\u2019acquisition du mate\u0301riel, on allait finir la guerre en un temps record. Mais ils nous ont pluto\u0302t complique\u0301 la ta\u0302che dans l\u2019acquisition de notre mate\u0301riel militaire pour faire le combat. Comment les me\u0302mes personnes vont venir nous dire de respecter le de\u0301lai ?<\/p>\n<p>Si elles voulaient que le de\u0301lai soit tenu, elles n\u2019avaient qu\u2019a\u0300 nous faciliter l\u2019acquisition. Nous avons vu avec la crise entre la Russie et l\u2019Ukraine, les me\u0302mes qui soutiennent la CEDEAO sont ceux qui ont utilise\u0301 de gros moyens (argent, mate\u0301riel, ressource humaine) pour aider l\u2019Ukraine. Mais, on n\u2019a pas vu ce soutien envers les pays de l\u2019AES. La CEDEAO a pourtant une force en attente, qui peut venir de\u0301loger un re\u0301gime, combattre un peuple qui cherche a\u0300 sauver sa vie, mais elle n\u2019a pas cette force-la\u0300 pour nous aider a\u0300 combattre les terroristes.<\/p>\n<p>Donc, la CEDEAO ne peut plus venir nous dire d\u2019organiser des e\u0301lections parce qu\u2019elle a donne\u0301 un temps a\u0300 la transition. Oui, elle a donne\u0301 un temps, mais si c\u0327a arrive et que les objectifs de la transition ne sont pas atteints, nous sommes oblige\u0301s de demander a\u0300 ce gouvernement de la transition de reporter l\u2019e\u0301che\u0301ance pour lui donner plus de temps parce que la dynamique de la transition nous plai\u0302t et re\u0301pond a\u0300 nos aspirations.<\/p>\n<p><b>Les populations craignent que cette de\u0301cision de quitter la CEDEAO ait plus d\u2019impacts ne\u0301gatifs que de retombe\u0301es positives. Comment pouvez-vous donc rassurer tous ces citoyens que la de\u0301cision est pertinente ? <\/b><\/p>\n<p>Aujourd\u2019hui, quand les gens donnent leur avis sur la question, je cherche d\u2019abord a\u0300 savoir quel est leur camp. Quand un patriote, un vrai Burkinabe\u0300 donne son avis sur le retrait de la CEDEAO, il n\u2019a pas d\u2019inquie\u0301tude a\u0300 se faire. C\u0327a, c\u2019est d\u2019abord sur le plan psychologique ; parce que nous avons vu des pays qu\u2019on a place\u0301s sous embargo, mais qui ont travaille\u0301 a\u0300 se de\u0301velopper et sont aujourd\u2019hui convoye\u0301s. C\u2019est le cas de la Chine.<\/p>\n<p>Aussi, quand on prend l\u2019aspect e\u0301conomique de la CEDEAO, en 2023, le taux d\u2019exportations du Burkina Faso e\u0301tait de 14% dans l\u2019espace CEDEAO, et dans ce taux, quand on enle\u0300ve les huit pays de l\u2019UEMOA, il reste 3%, du\u0302 d\u2019ailleurs au taux d\u2019exportation e\u0301leve\u0301 vers le Ghana (concernant notamment le be\u0301tail). Mais le gouvernement est en train de prendre des mesures pour la transformation des produits agro-pastoraux. Donc, nous n\u2019avons pas a\u0300 nous inquie\u0301ter. Pour les importations, elles sont e\u0301value\u0301es a\u0300 26% dans l\u2019espace CEDEAO et 7% hors-CEDEAO.<\/p>\n<p>Avec l\u2019initiative pre\u0301sidentielle en matie\u0300re d\u2019agriculture et l\u2019industrialisation du pays, avec la cre\u0301ation de l\u2019APEC, les inflations vont diminuer parce que nous allons produire localement et les prix des denre\u0301es vont baisser. Prenez le cas du Mali: quand il a e\u0301te\u0301 sanctionne\u0301, ils ont dit que le pays n\u2019allait pas tenir. Mais voici le Mali aujourd\u2019hui ! Le Niger, me\u0302me les vivres, les me\u0301dicaments ont e\u0301te\u0301 coupe\u0301s, mais est-ce que le pays est mort ? Si les 70 millions d\u2019habitants que compte l\u2019AES ne peuvent pas travailler pour que notre communaute\u0301 soit prospe\u0300re et vraiment concurrente, c\u2019est que nous n\u2019avons pas eu de l\u2019intelligence ne\u0301cessaire. Mais avec nos trois dirigeants, nous voyons qu\u2019il y a de la matie\u0300re.<\/p>\n<p>Avec les projets de\u0301ja\u0300 exe\u0301cute\u0301s et les projets annonce\u0301s, dans cinq ans, notre pays sera vraiment un eldorado. Je pense donc que les Burkinabe\u0300 doivent tenir bon. Les de\u0301tracteurs vont tenir tous les discours ne\u0301cessaires, mais suivons d\u2019abord la vision de nos dirigeants, nos pre\u0301sidents et nous comprendrons qu\u2019il n\u2019y a rien en face ; c\u2019est de la peur qu\u2019on est en train de semer dans la te\u0302te des gens. On nous a dit ici que si l\u2019arme\u0301e franc\u0327aise quitte nos pays, ils ne vont pas tenir un mois ; mais nous voici, au contraire, regardez en combien de mois nous sommes en train de re\u0301installer des villages et combien de PDI sont retourne\u0301es chez elles. Mais des intellectuels, des Burkinabe\u0300 ont dit que sans la France, on ne pouvait me\u0302me pas tenir une semaine.<\/p>\n<p>Donc, que les Burkinabe\u0300 sachent raison garder et qu\u2019ils sachent que ce ne sont pas tous les intellectuels qui sont sur les plateaux qui de\u0301montrent cette inquie\u0301tude vis-a\u0300-vis de notre retrait qui travaillent pour la survie de nos Etats. Il y a des valets locaux qui sont la\u0300 et partout. Donc, le retrait, il n\u2019y a pas d\u2019inquie\u0301tude, on va y arriver ; que les Burkinabe\u0300 acceptent de souscrire aux projets communautaires, comme l\u2019APEC (Agence pour la promotion de l\u2019entrepreneuriat communautaire), soutenir les initiatives pre\u0301sidentielles et je pense que notre pays sera mieux que quand on e\u0301tait dans la CEDEAO.<\/p>\n<p><b>Quelle doit e\u0302tre de\u0301sormais la conduite a\u0300 tenir pour les peuples, quand les dirigeants ne communiquent pas sur le sujet pour donner des directives ? <\/b><\/p>\n<p>Je pense que les directives ont e\u0301te\u0301 donne\u0301es avant me\u0302me ce retrait de la CEDEAO. Il y a eu des analyses, des calculs qui ont e\u0301te\u0301 faits par nos dirigeants. Les gens pensent qu\u2019on va faire des repre\u0301sailles contre les ressortissants des pays de l\u2019AES dans les pays de la CEDEAO, mais non, on ne fait pas des repre\u0301sailles comme cela, cela pourrait jouer sur l\u2019e\u0301conomie me\u0302me de ces pays. Il y a des pays, s\u2019ils font des repre\u0301sailles contre les ressortissants de l\u2019AES, ils vont perdre plus que nous, Etats de l\u2019AES.<\/p>\n<p>Et en plus, c\u0327a va venir renforcer nos initiatives a\u0300 l\u2019interne. Nos dirigeants ont bien calcule\u0301. Toujours parlant de directives, elles sont de\u0301ja\u0300 donne\u0301es aussi avec la cre\u0301ation des initiatives pre\u0301sidentielles, de l\u2019APEC, l\u2019usine de traitement des de\u0301chets miniers, tout cela vise a\u0300 relancer notre e\u0301conomie. En plus de cela, vous avez la re\u0301organisation de l\u2019arme\u0301e et son e\u0301quipement avec du mate\u0301riel moderne, apprendre aux populations a\u0300 se de\u0301fendre elles-me\u0302mes, etc.<\/p>\n<p>Nous avons donc eu la chance d\u2019avoir des pre\u0301sidents qui sont venus nous faire comprendre qu\u2019on peut s\u2019auto-de\u0301velopper. Donc, nous, populations, devons e\u0302tre maintenant cre\u0301atrices pour accompagner la vision de nos pre\u0301sidents ; tout ne doit pas venir d\u2019eux. Les trois pre\u0301sidents ont eu le flair de cre\u0301er l\u2019esprit me\u0302me de souverainete\u0301 dans l\u2019espace AES. Il nous appartient, nous, populations de l\u2019AES, de cre\u0301er des projets et d\u2019accompagner leur vision avec de nouvelles ide\u0301es.<\/p>\n<p><b>Vous luttez pour la souverainete\u0301, alors que la monnaie est perc\u0327ue comme le domaine de la soumission. Que va e\u0302tre le sort re\u0301serve\u0301 par ces trois pays de l\u2019AES a\u0300 l\u2019UEMOA ? <\/b><\/p>\n<p>Je pense que la gouvernance de l\u2019UEMOA ne pie\u0301tine pas sur notre que\u0302te de souverainete\u0301 ; le jour ou\u0300 cela va arriver, vous verrez que nous allons quitter l\u2019UEMOA. En re\u0301alite\u0301, la question de la CEDEAO e\u0301tait plus politique qu\u2019e\u0301conomique. Alors, si nous avons pu nous affranchir de ces questions politiques a\u0300 ce niveau, ce n\u2019est pas avec l\u2019UEMOA qu\u2019on ne peut pas le faire, si elle venait a\u0300 vouloir freiner notre que\u0302te de la souverainete\u0301.<\/p>\n<p><b>A cette allure, est-ce que l\u2019AES ne va pas se vider a\u0300 son tour ; puisque le proble\u0300me de fond, c\u2019est aussi le respect des textes !<\/b><\/p>\n<p>Je pense qu\u2019aujourd\u2019hui, le peuple est souverain, il est e\u0301claire\u0301 et il suit de pre\u0300s la gouvernance de ces trois leaders. S\u2019il y a un proble\u0300me, les peuples vont alerter. Ce sont les me\u0302mes peuples qui les ont soutenus qui vont les interpeller, et je pense que nous serons toujours aux co\u0302te\u0301s de ces trois dirigeants pour que tout se passe bien.<\/p>\n<p><b>On observe qu\u2019il y a une conscience commune qui est en train de se mettre en place dans l\u2019espace AES, mais les organisations de la socie\u0301te\u0301, dans chacun des pays, essaient de porter l\u2019ide\u0301al comme elles peuvent, sans plateforme commune connue. Quelles sont vos perspectives a\u0300 ce niveau ?<\/b><\/p>\n<p>C\u2019est normal, parce que les re\u0301alite\u0301s entre les trois Etats ne sont pas les me\u0302mes ; nous avons le me\u0302me mal certes, mais les modes ope\u0301ratoires ne sont pas les me\u0302mes. Donc, effectivement, il va falloir que nous travaillions a\u0300 un rapprochement ide\u0301ologique des OSC. Le fonctionnement des OSC au Burkina n\u2019est pas le me\u0302me au Mali, au Niger. Mais avec l\u2019esprit unificateur de nos trois pre\u0301sidents, je pense que les OSC des trois Etats vont prendre le temps de travailler a\u0300 un rapprochement et a\u0300 harmoniser leur vision de combat.<\/p>\n<p>Nous avons des contacts, on e\u0301change individuellement, il faut aller a\u0300 une synergie d\u2019action re\u0301elle ; les trois pre\u0301sidents ont donne\u0301 le ton, les OSC n\u2019ont pas le choix que de suivre la me\u0302me dynamique. Du reste, dans nos meetings, nous amenons de\u0301ja\u0300 les peuples a\u0300 comprendre que la voie que notre leader, Ibrahim Traore\u0301, a prise est celle du salut du peuple.<\/p>\n<p><b>Quel message vous reste-t-il au sujet de ce retrait, pour clore cet entretien ?<\/b><\/p>\n<p>Je voudrais lancer un appel a\u0300 tous les Burkinabe\u0300 a\u0300 une mobilisation ge\u0301ne\u0301rale, particulie\u0300rement a\u0300 nos autorite\u0301s coutumie\u0300res et religieuses. Je pense que le temps est venu pour qu\u2019elles puissent davantage galvaniser nos peuples en faveur de la transition.<\/p>\n<p>Elles le faisaient de\u0301ja\u0300, mais nous souhaitons qu\u2019elles le fassent davantage, pour que les valets locaux qui sont en interne, les impe\u0301rialistes qui sont a\u0300 l\u2019exte\u0301rieur, puissent comprendre que le Burkina Faso est devenu Un. Elles sont les garants de nos religions, de nos traditions, donc leur voix porte et nous souhaitons qu\u2019elles portent encore haut leur voix pour accompagner le capitaine Ibrahim Traore\u0301 et son gouvernement, qui ne font que porter le combat qu\u2019elles menaient depuis nos grands-parents.<\/p>\n<p>Aussi, nous lanc\u0327ons un appel a\u0300 la jeunesse des trois pays de l\u2019AES, de se donner a\u0300 fond, pour soutenir les transitons, de se de\u0301partir des manipulations, des inte\u0301re\u0302ts personnels et e\u0301goi\u0308stes, parce que nos trois leaders ont \u00ab\u00a0vendu\u00a0\u00bb vraiment leur vie et nos trois gouvernements de transition se sont sacrifie\u0301s et se sacrifient jour et nuit pour la cause commune des peuples.<\/p>\n<p>Donc, il nous appartient, nous, jeunesse, surtout de l\u2019AES, de se tenir ferme derrie\u0300re ces trois transitions, pour pouvoir les amener a\u0300 re\u0301ussir leurs missions. Sinon, si elles ne re\u0301ussissent pas, les premiers perdants, c\u2019est la jeunesse. Nous avons donc obligation de les soutenir.<\/p>\n\r\n                <style type=\"text\/css\">\r\n                    \r\n                    #td_uid_1_69f263f05b0f8  .td-doubleSlider-2 .td-item1 {\r\n                        background: url(https:\/\/static.africa-press.net\/niger\/sites\/40\/2024\/02\/sm_1707755065.979545-80x60.jpg) 0 0 no-repeat;\r\n                    }\r\n                    #td_uid_1_69f263f05b0f8  .td-doubleSlider-2 .td-item2 {\r\n                        background: url(https:\/\/static.africa-press.net\/niger\/sites\/40\/2024\/02\/sm_1707755071.881797-80x60.jpg) 0 0 no-repeat;\r\n                    }\r\n                <\/style>\r\n\r\n                <div id=\"td_uid_1_69f263f05b0f8\" class=\"td-gallery td-slide-on-2-columns\">\r\n                    <div class=\"post_td_gallery\">\r\n                        <div class=\"td-gallery-slide-top\">\r\n                           <div class=\"td-gallery-title\"><\/div>\r\n\r\n                            <div class=\"td-gallery-controls-wrapper\">\r\n                                <div class=\"td-gallery-slide-count\"><span class=\"td-gallery-slide-item-focus\">1<\/span> de 2<\/div>\r\n                                <div class=\"td-gallery-slide-prev-next-but\">\r\n                                    <i class = \"td-icon-left doubleSliderPrevButton\"><\/i>\r\n                                    <i class = \"td-icon-right doubleSliderNextButton\"><\/i>\r\n                                <\/div>\r\n                            <\/div>\r\n                        <\/div>\r\n\r\n                        <div class = \"td-doubleSlider-1 \">\r\n                            <div class = \"td-slider\">\r\n                                \r\n                    <div class = \"td-slide-item td-item1\">\r\n                        <figure class=\"td-slide-galery-figure td-slide-popup-gallery\">\r\n                            <a class=\"slide-gallery-image-link\" href=\"https:\/\/static.africa-press.net\/niger\/sites\/40\/2024\/02\/sm_1707755065.979545.jpg\" title=\"sm_1707755065.979545\"  data-caption=\"\"  data-description=\"\">\r\n                                <img decoding=\"async\" src=\"https:\/\/static.africa-press.net\/niger\/sites\/40\/2024\/02\/sm_1707755065.979545.jpg\" srcset=\"https:\/\/static.africa-press.net\/niger\/sites\/40\/2024\/02\/sm_1707755065.979545.jpg 600w, https:\/\/static.africa-press.net\/niger\/sites\/40\/2024\/02\/sm_1707755065.979545-300x180.jpg 300w\" sizes=\"(max-width: 600px) 100vw, 600px\" alt=\"\">\r\n                            <\/a>\r\n                            \r\n                        <\/figure>\r\n                    <\/div>\r\n                    <div class = \"td-slide-item td-item2\">\r\n                        <figure class=\"td-slide-galery-figure td-slide-popup-gallery\">\r\n                            <a class=\"slide-gallery-image-link\" href=\"https:\/\/static.africa-press.net\/niger\/sites\/40\/2024\/02\/sm_1707755071.881797.jpg\" title=\"sm_1707755071.881797\"  data-caption=\"\"  data-description=\"\">\r\n                                <img decoding=\"async\" src=\"https:\/\/static.africa-press.net\/niger\/sites\/40\/2024\/02\/sm_1707755071.881797.jpg\" srcset=\"https:\/\/static.africa-press.net\/niger\/sites\/40\/2024\/02\/sm_1707755071.881797.jpg 600w, https:\/\/static.africa-press.net\/niger\/sites\/40\/2024\/02\/sm_1707755071.881797-300x180.jpg 300w\" sizes=\"(max-width: 600px) 100vw, 600px\" alt=\"\">\r\n                            <\/a>\r\n                            \r\n                        <\/figure>\r\n                    <\/div>\r\n                            <\/div>\r\n                        <\/div>\r\n\r\n                        <div class = \"td-doubleSlider-2\">\r\n                            <div class = \"td-slider\">\r\n                                \r\n                    <div class = \"td-button td-item1\">\r\n                        <div class = \"td-border\"><\/div>\r\n                    <\/div>\r\n                    <div class = \"td-button td-item2\">\r\n                        <div class = \"td-border\"><\/div>\r\n                    <\/div>\r\n                            <\/div>\r\n                        <\/div>\r\n\r\n                    <\/div>\r\n\r\n                <\/div>\r\n                \n<p><b>Source: lefaso<\/b><\/p>\n<p><strong>Pour plus d&rsquo;informations et d&rsquo;analyses sur la <a href=\"https:\/\/www.africa-press.net\/niger\">Niger<\/a>, suivez <a href=\"https:\/\/www.africa-press.net\/\">Africa-Press<\/a><\/strong><\/p>\n","protected":false},"excerpt":{"rendered":"<p>Africa-Press &#8211; Niger. Par une \u00ab de\u0301cision historique \u00bb le 28 janvier 2024, les membres de l\u2019Alliance des E\u0301tats du Sahel (AES: Burkina, Mali et Niger) ont annonce\u0301 leur retrait de la CEDEAO, a\u0300 la surprise quasi-ge\u0301ne\u0301rale. Une semaine apre\u0300s cet acte qui a, visiblement et encore, de beaux jours devant lui en termes d\u2019appre\u0301ciations, [&hellip;]<\/p>\n","protected":false},"author":82,"featured_media":58508,"comment_status":"open","ping_status":"closed","sticky":false,"template":"","format":"standard","meta":{"footnotes":""},"categories":[8,2,10],"tags":[55,60,29],"class_list":["post-58509","post","type-post","status-publish","format-standard","has-post-thumbnail","hentry","category-photo","category-politique","category-toutes-les-actualites","tag-africa-press","tag-africa-press-niger","tag-niger"],"yoast_head":"<!-- This site is optimized with the Yoast SEO Premium plugin v26.1 (Yoast SEO v27.0) - https:\/\/yoast.com\/product\/yoast-seo-premium-wordpress\/ -->\n<title>Gouvernance : \u00ab Parler actuellement d\u2019\u00e9lections au Burkina, au Mali et au Niger, c\u2019est \u00eatre contre les peuples de l\u2019AES \u00bb (Kassoum Koudougou, coordination des OSC) - niger<\/title>\n<meta name=\"description\" content=\"Par une \u00ab de\u0301cision historique \u00bb le 28 janvier 2024, les membres de l\u2019Alliance des E\u0301tats du Sahel (AES: Burkina, Mal ...\" \/>\n<meta name=\"robots\" content=\"index, follow, max-snippet:-1, max-image-preview:large, max-video-preview:-1\" \/>\n<link rel=\"canonical\" href=\"https:\/\/www.africa-press.net\/niger\/politique\/gouvernance-parler-actuellement-delections-au-burkina-au-mali-et-au-niger-cest-etre-contre-les-peuples-de-laes-kassoum-koudougou-coordination-des-osc\" \/>\n<meta property=\"og:locale\" content=\"fr_FR\" \/>\n<meta property=\"og:type\" content=\"article\" \/>\n<meta property=\"og:title\" content=\"Gouvernance : \u00ab Parler actuellement d\u2019\u00e9lections au Burkina, au Mali et au Niger, c\u2019est \u00eatre contre les peuples de l\u2019AES \u00bb (Kassoum Koudougou, coordination des OSC)\" \/>\n<meta property=\"og:description\" content=\"Par une \u00ab de\u0301cision historique \u00bb le 28 janvier 2024, les membres de l\u2019Alliance des E\u0301tats du Sahel (AES: Burkina, Mal ...\" \/>\n<meta property=\"og:url\" content=\"https:\/\/www.africa-press.net\/niger\/politique\/gouvernance-parler-actuellement-delections-au-burkina-au-mali-et-au-niger-cest-etre-contre-les-peuples-de-laes-kassoum-koudougou-coordination-des-osc\" \/>\n<meta property=\"og:site_name\" content=\"niger\" \/>\n<meta property=\"article:published_time\" content=\"2024-02-12T19:22:18+00:00\" \/>\n<meta property=\"article:modified_time\" content=\"2024-02-12T20:05:13+00:00\" \/>\n<meta property=\"og:image\" content=\"https:\/\/static.africa-press.net\/niger\/sites\/40\/2024\/02\/sm_1707755076.387451.jpg\" \/>\n\t<meta property=\"og:image:width\" content=\"720\" \/>\n\t<meta property=\"og:image:height\" content=\"430\" \/>\n\t<meta property=\"og:image:type\" content=\"image\/jpeg\" \/>\n<meta name=\"author\" content=\"cfeditorfr\" \/>\n<meta name=\"twitter:card\" content=\"summary_large_image\" \/>\n<meta name=\"twitter:label1\" content=\"\u00c9crit par\" \/>\n\t<meta name=\"twitter:data1\" content=\"cfeditorfr\" \/>\n\t<meta name=\"twitter:label2\" content=\"Dur\u00e9e de lecture estim\u00e9e\" \/>\n\t<meta name=\"twitter:data2\" content=\"17 minutes\" \/>\n<script type=\"application\/ld+json\" class=\"yoast-schema-graph\">{\"@context\":\"https:\/\/schema.org\",\"@graph\":[{\"@type\":\"Article\",\"@id\":\"https:\/\/www.africa-press.net\/niger\/politique\/gouvernance-parler-actuellement-delections-au-burkina-au-mali-et-au-niger-cest-etre-contre-les-peuples-de-laes-kassoum-koudougou-coordination-des-osc#article\",\"isPartOf\":{\"@id\":\"https:\/\/www.africa-press.net\/niger\/politique\/gouvernance-parler-actuellement-delections-au-burkina-au-mali-et-au-niger-cest-etre-contre-les-peuples-de-laes-kassoum-koudougou-coordination-des-osc\"},\"author\":{\"name\":\"cfeditorfr\",\"@id\":\"https:\/\/www.africa-press.net\/niger\/#\/schema\/person\/2b1cf3cd81a31e3cd26889ca66d677f1\"},\"headline\":\"Gouvernance : \u00ab Parler actuellement d\u2019\u00e9lections au Burkina, au Mali et au Niger, c\u2019est \u00eatre contre les peuples de l\u2019AES \u00bb (Kassoum Koudougou, coordination des OSC)\",\"datePublished\":\"2024-02-12T19:22:18+00:00\",\"dateModified\":\"2024-02-12T20:05:13+00:00\",\"mainEntityOfPage\":{\"@id\":\"https:\/\/www.africa-press.net\/niger\/politique\/gouvernance-parler-actuellement-delections-au-burkina-au-mali-et-au-niger-cest-etre-contre-les-peuples-de-laes-kassoum-koudougou-coordination-des-osc\"},\"wordCount\":3772,\"commentCount\":0,\"image\":{\"@id\":\"https:\/\/www.africa-press.net\/niger\/politique\/gouvernance-parler-actuellement-delections-au-burkina-au-mali-et-au-niger-cest-etre-contre-les-peuples-de-laes-kassoum-koudougou-coordination-des-osc#primaryimage\"},\"thumbnailUrl\":\"https:\/\/static.africa-press.net\/niger\/sites\/40\/2024\/02\/sm_1707755076.387451.jpg\",\"keywords\":[\"Africa Press\",\"Africa Press-Niger\",\"Niger\"],\"articleSection\":[\"Photo\",\"Politique\",\"Toutes les actualit\u00e9s\"],\"inLanguage\":\"fr-FR\",\"potentialAction\":[{\"@type\":\"CommentAction\",\"name\":\"Comment\",\"target\":[\"https:\/\/www.africa-press.net\/niger\/politique\/gouvernance-parler-actuellement-delections-au-burkina-au-mali-et-au-niger-cest-etre-contre-les-peuples-de-laes-kassoum-koudougou-coordination-des-osc#respond\"]}]},{\"@type\":\"WebPage\",\"@id\":\"https:\/\/www.africa-press.net\/niger\/politique\/gouvernance-parler-actuellement-delections-au-burkina-au-mali-et-au-niger-cest-etre-contre-les-peuples-de-laes-kassoum-koudougou-coordination-des-osc\",\"url\":\"https:\/\/www.africa-press.net\/niger\/politique\/gouvernance-parler-actuellement-delections-au-burkina-au-mali-et-au-niger-cest-etre-contre-les-peuples-de-laes-kassoum-koudougou-coordination-des-osc\",\"name\":\"Gouvernance : \u00ab Parler actuellement d\u2019\u00e9lections au Burkina, au Mali et au Niger, c\u2019est \u00eatre contre les peuples de l\u2019AES \u00bb (Kassoum Koudougou, coordination des OSC) - niger\",\"isPartOf\":{\"@id\":\"https:\/\/www.africa-press.net\/niger\/#website\"},\"primaryImageOfPage\":{\"@id\":\"https:\/\/www.africa-press.net\/niger\/politique\/gouvernance-parler-actuellement-delections-au-burkina-au-mali-et-au-niger-cest-etre-contre-les-peuples-de-laes-kassoum-koudougou-coordination-des-osc#primaryimage\"},\"image\":{\"@id\":\"https:\/\/www.africa-press.net\/niger\/politique\/gouvernance-parler-actuellement-delections-au-burkina-au-mali-et-au-niger-cest-etre-contre-les-peuples-de-laes-kassoum-koudougou-coordination-des-osc#primaryimage\"},\"thumbnailUrl\":\"https:\/\/static.africa-press.net\/niger\/sites\/40\/2024\/02\/sm_1707755076.387451.jpg\",\"datePublished\":\"2024-02-12T19:22:18+00:00\",\"dateModified\":\"2024-02-12T20:05:13+00:00\",\"author\":{\"@id\":\"https:\/\/www.africa-press.net\/niger\/#\/schema\/person\/2b1cf3cd81a31e3cd26889ca66d677f1\"},\"description\":\"Par une \u00ab de\u0301cision historique \u00bb le 28 janvier 2024, les membres de l\u2019Alliance des E\u0301tats du Sahel (AES: Burkina, Mal ...\",\"breadcrumb\":{\"@id\":\"https:\/\/www.africa-press.net\/niger\/politique\/gouvernance-parler-actuellement-delections-au-burkina-au-mali-et-au-niger-cest-etre-contre-les-peuples-de-laes-kassoum-koudougou-coordination-des-osc#breadcrumb\"},\"inLanguage\":\"fr-FR\",\"potentialAction\":[{\"@type\":\"ReadAction\",\"target\":[\"https:\/\/www.africa-press.net\/niger\/politique\/gouvernance-parler-actuellement-delections-au-burkina-au-mali-et-au-niger-cest-etre-contre-les-peuples-de-laes-kassoum-koudougou-coordination-des-osc\"]}]},{\"@type\":\"ImageObject\",\"inLanguage\":\"fr-FR\",\"@id\":\"https:\/\/www.africa-press.net\/niger\/politique\/gouvernance-parler-actuellement-delections-au-burkina-au-mali-et-au-niger-cest-etre-contre-les-peuples-de-laes-kassoum-koudougou-coordination-des-osc#primaryimage\",\"url\":\"https:\/\/static.africa-press.net\/niger\/sites\/40\/2024\/02\/sm_1707755076.387451.jpg\",\"contentUrl\":\"https:\/\/static.africa-press.net\/niger\/sites\/40\/2024\/02\/sm_1707755076.387451.jpg\",\"width\":720,\"height\":430,\"caption\":\"Gouvernance : \u00ab Parler actuellement d\u2019\u00e9lections au Burkina, au Mali et au Niger, c\u2019est \u00eatre contre les peuples de l\u2019AES \u00bb (Kassoum Koudougou, coordination des OSC)\"},{\"@type\":\"BreadcrumbList\",\"@id\":\"https:\/\/www.africa-press.net\/niger\/politique\/gouvernance-parler-actuellement-delections-au-burkina-au-mali-et-au-niger-cest-etre-contre-les-peuples-de-laes-kassoum-koudougou-coordination-des-osc#breadcrumb\",\"itemListElement\":[{\"@type\":\"ListItem\",\"position\":1,\"name\":\"Accueil\",\"item\":\"https:\/\/www.africa-press.net\/niger\/\"},{\"@type\":\"ListItem\",\"position\":2,\"name\":\"Gouvernance : \u00ab Parler actuellement d\u2019\u00e9lections au Burkina, au Mali et au Niger, c\u2019est \u00eatre contre les peuples de l\u2019AES \u00bb (Kassoum Koudougou, coordination des OSC)\"}]},{\"@type\":\"WebSite\",\"@id\":\"https:\/\/www.africa-press.net\/niger\/#website\",\"url\":\"https:\/\/www.africa-press.net\/niger\/\",\"name\":\"niger\",\"description\":\"Just another Africa News Agency Sites site\",\"potentialAction\":[{\"@type\":\"SearchAction\",\"target\":{\"@type\":\"EntryPoint\",\"urlTemplate\":\"https:\/\/www.africa-press.net\/niger\/?s={search_term_string}\"},\"query-input\":{\"@type\":\"PropertyValueSpecification\",\"valueRequired\":true,\"valueName\":\"search_term_string\"}}],\"inLanguage\":\"fr-FR\"},{\"@type\":\"Person\",\"@id\":\"https:\/\/www.africa-press.net\/niger\/#\/schema\/person\/2b1cf3cd81a31e3cd26889ca66d677f1\",\"name\":\"cfeditorfr\"}]}<\/script>\n<!-- \/ Yoast SEO Premium plugin. -->","yoast_head_json":{"title":"Gouvernance : \u00ab Parler actuellement d\u2019\u00e9lections au Burkina, au Mali et au Niger, c\u2019est \u00eatre contre les peuples de l\u2019AES \u00bb (Kassoum Koudougou, coordination des OSC) - niger","description":"Par une \u00ab de\u0301cision historique \u00bb le 28 janvier 2024, les membres de l\u2019Alliance des E\u0301tats du Sahel (AES: Burkina, Mal ...","robots":{"index":"index","follow":"follow","max-snippet":"max-snippet:-1","max-image-preview":"max-image-preview:large","max-video-preview":"max-video-preview:-1"},"canonical":"https:\/\/www.africa-press.net\/niger\/politique\/gouvernance-parler-actuellement-delections-au-burkina-au-mali-et-au-niger-cest-etre-contre-les-peuples-de-laes-kassoum-koudougou-coordination-des-osc","og_locale":"fr_FR","og_type":"article","og_title":"Gouvernance : \u00ab Parler actuellement d\u2019\u00e9lections au Burkina, au Mali et au Niger, c\u2019est \u00eatre contre les peuples de l\u2019AES \u00bb (Kassoum Koudougou, coordination des OSC)","og_description":"Par une \u00ab de\u0301cision historique \u00bb le 28 janvier 2024, les membres de l\u2019Alliance des E\u0301tats du Sahel (AES: Burkina, Mal ...","og_url":"https:\/\/www.africa-press.net\/niger\/politique\/gouvernance-parler-actuellement-delections-au-burkina-au-mali-et-au-niger-cest-etre-contre-les-peuples-de-laes-kassoum-koudougou-coordination-des-osc","og_site_name":"niger","article_published_time":"2024-02-12T19:22:18+00:00","article_modified_time":"2024-02-12T20:05:13+00:00","og_image":[{"width":720,"height":430,"url":"https:\/\/static.africa-press.net\/niger\/sites\/40\/2024\/02\/sm_1707755076.387451.jpg","type":"image\/jpeg"}],"author":"cfeditorfr","twitter_card":"summary_large_image","twitter_misc":{"\u00c9crit par":"cfeditorfr","Dur\u00e9e de lecture estim\u00e9e":"17 minutes"},"schema":{"@context":"https:\/\/schema.org","@graph":[{"@type":"Article","@id":"https:\/\/www.africa-press.net\/niger\/politique\/gouvernance-parler-actuellement-delections-au-burkina-au-mali-et-au-niger-cest-etre-contre-les-peuples-de-laes-kassoum-koudougou-coordination-des-osc#article","isPartOf":{"@id":"https:\/\/www.africa-press.net\/niger\/politique\/gouvernance-parler-actuellement-delections-au-burkina-au-mali-et-au-niger-cest-etre-contre-les-peuples-de-laes-kassoum-koudougou-coordination-des-osc"},"author":{"name":"cfeditorfr","@id":"https:\/\/www.africa-press.net\/niger\/#\/schema\/person\/2b1cf3cd81a31e3cd26889ca66d677f1"},"headline":"Gouvernance : \u00ab Parler actuellement d\u2019\u00e9lections au Burkina, au Mali et au Niger, c\u2019est \u00eatre contre les peuples de l\u2019AES \u00bb (Kassoum Koudougou, coordination des OSC)","datePublished":"2024-02-12T19:22:18+00:00","dateModified":"2024-02-12T20:05:13+00:00","mainEntityOfPage":{"@id":"https:\/\/www.africa-press.net\/niger\/politique\/gouvernance-parler-actuellement-delections-au-burkina-au-mali-et-au-niger-cest-etre-contre-les-peuples-de-laes-kassoum-koudougou-coordination-des-osc"},"wordCount":3772,"commentCount":0,"image":{"@id":"https:\/\/www.africa-press.net\/niger\/politique\/gouvernance-parler-actuellement-delections-au-burkina-au-mali-et-au-niger-cest-etre-contre-les-peuples-de-laes-kassoum-koudougou-coordination-des-osc#primaryimage"},"thumbnailUrl":"https:\/\/static.africa-press.net\/niger\/sites\/40\/2024\/02\/sm_1707755076.387451.jpg","keywords":["Africa Press","Africa Press-Niger","Niger"],"articleSection":["Photo","Politique","Toutes les actualit\u00e9s"],"inLanguage":"fr-FR","potentialAction":[{"@type":"CommentAction","name":"Comment","target":["https:\/\/www.africa-press.net\/niger\/politique\/gouvernance-parler-actuellement-delections-au-burkina-au-mali-et-au-niger-cest-etre-contre-les-peuples-de-laes-kassoum-koudougou-coordination-des-osc#respond"]}]},{"@type":"WebPage","@id":"https:\/\/www.africa-press.net\/niger\/politique\/gouvernance-parler-actuellement-delections-au-burkina-au-mali-et-au-niger-cest-etre-contre-les-peuples-de-laes-kassoum-koudougou-coordination-des-osc","url":"https:\/\/www.africa-press.net\/niger\/politique\/gouvernance-parler-actuellement-delections-au-burkina-au-mali-et-au-niger-cest-etre-contre-les-peuples-de-laes-kassoum-koudougou-coordination-des-osc","name":"Gouvernance : \u00ab Parler actuellement d\u2019\u00e9lections au Burkina, au Mali et au Niger, c\u2019est \u00eatre contre les peuples de l\u2019AES \u00bb (Kassoum Koudougou, coordination des OSC) - niger","isPartOf":{"@id":"https:\/\/www.africa-press.net\/niger\/#website"},"primaryImageOfPage":{"@id":"https:\/\/www.africa-press.net\/niger\/politique\/gouvernance-parler-actuellement-delections-au-burkina-au-mali-et-au-niger-cest-etre-contre-les-peuples-de-laes-kassoum-koudougou-coordination-des-osc#primaryimage"},"image":{"@id":"https:\/\/www.africa-press.net\/niger\/politique\/gouvernance-parler-actuellement-delections-au-burkina-au-mali-et-au-niger-cest-etre-contre-les-peuples-de-laes-kassoum-koudougou-coordination-des-osc#primaryimage"},"thumbnailUrl":"https:\/\/static.africa-press.net\/niger\/sites\/40\/2024\/02\/sm_1707755076.387451.jpg","datePublished":"2024-02-12T19:22:18+00:00","dateModified":"2024-02-12T20:05:13+00:00","author":{"@id":"https:\/\/www.africa-press.net\/niger\/#\/schema\/person\/2b1cf3cd81a31e3cd26889ca66d677f1"},"description":"Par une \u00ab de\u0301cision historique \u00bb le 28 janvier 2024, les membres de l\u2019Alliance des E\u0301tats du Sahel (AES: Burkina, Mal ...","breadcrumb":{"@id":"https:\/\/www.africa-press.net\/niger\/politique\/gouvernance-parler-actuellement-delections-au-burkina-au-mali-et-au-niger-cest-etre-contre-les-peuples-de-laes-kassoum-koudougou-coordination-des-osc#breadcrumb"},"inLanguage":"fr-FR","potentialAction":[{"@type":"ReadAction","target":["https:\/\/www.africa-press.net\/niger\/politique\/gouvernance-parler-actuellement-delections-au-burkina-au-mali-et-au-niger-cest-etre-contre-les-peuples-de-laes-kassoum-koudougou-coordination-des-osc"]}]},{"@type":"ImageObject","inLanguage":"fr-FR","@id":"https:\/\/www.africa-press.net\/niger\/politique\/gouvernance-parler-actuellement-delections-au-burkina-au-mali-et-au-niger-cest-etre-contre-les-peuples-de-laes-kassoum-koudougou-coordination-des-osc#primaryimage","url":"https:\/\/static.africa-press.net\/niger\/sites\/40\/2024\/02\/sm_1707755076.387451.jpg","contentUrl":"https:\/\/static.africa-press.net\/niger\/sites\/40\/2024\/02\/sm_1707755076.387451.jpg","width":720,"height":430,"caption":"Gouvernance : \u00ab Parler actuellement d\u2019\u00e9lections au Burkina, au Mali et au Niger, c\u2019est \u00eatre contre les peuples de l\u2019AES \u00bb (Kassoum Koudougou, coordination des OSC)"},{"@type":"BreadcrumbList","@id":"https:\/\/www.africa-press.net\/niger\/politique\/gouvernance-parler-actuellement-delections-au-burkina-au-mali-et-au-niger-cest-etre-contre-les-peuples-de-laes-kassoum-koudougou-coordination-des-osc#breadcrumb","itemListElement":[{"@type":"ListItem","position":1,"name":"Accueil","item":"https:\/\/www.africa-press.net\/niger\/"},{"@type":"ListItem","position":2,"name":"Gouvernance : \u00ab Parler actuellement d\u2019\u00e9lections au Burkina, au Mali et au Niger, c\u2019est \u00eatre contre les peuples de l\u2019AES \u00bb (Kassoum Koudougou, coordination des OSC)"}]},{"@type":"WebSite","@id":"https:\/\/www.africa-press.net\/niger\/#website","url":"https:\/\/www.africa-press.net\/niger\/","name":"niger","description":"Just another Africa News Agency Sites site","potentialAction":[{"@type":"SearchAction","target":{"@type":"EntryPoint","urlTemplate":"https:\/\/www.africa-press.net\/niger\/?s={search_term_string}"},"query-input":{"@type":"PropertyValueSpecification","valueRequired":true,"valueName":"search_term_string"}}],"inLanguage":"fr-FR"},{"@type":"Person","@id":"https:\/\/www.africa-press.net\/niger\/#\/schema\/person\/2b1cf3cd81a31e3cd26889ca66d677f1","name":"cfeditorfr"}]}},"_links":{"self":[{"href":"https:\/\/www.africa-press.net\/niger\/wp-json\/wp\/v2\/posts\/58509","targetHints":{"allow":["GET"]}}],"collection":[{"href":"https:\/\/www.africa-press.net\/niger\/wp-json\/wp\/v2\/posts"}],"about":[{"href":"https:\/\/www.africa-press.net\/niger\/wp-json\/wp\/v2\/types\/post"}],"author":[{"embeddable":true,"href":"https:\/\/www.africa-press.net\/niger\/wp-json\/wp\/v2\/users\/82"}],"replies":[{"embeddable":true,"href":"https:\/\/www.africa-press.net\/niger\/wp-json\/wp\/v2\/comments?post=58509"}],"version-history":[{"count":0,"href":"https:\/\/www.africa-press.net\/niger\/wp-json\/wp\/v2\/posts\/58509\/revisions"}],"wp:featuredmedia":[{"embeddable":true,"href":"https:\/\/www.africa-press.net\/niger\/wp-json\/wp\/v2\/media\/58508"}],"wp:attachment":[{"href":"https:\/\/www.africa-press.net\/niger\/wp-json\/wp\/v2\/media?parent=58509"}],"wp:term":[{"taxonomy":"category","embeddable":true,"href":"https:\/\/www.africa-press.net\/niger\/wp-json\/wp\/v2\/categories?post=58509"},{"taxonomy":"post_tag","embeddable":true,"href":"https:\/\/www.africa-press.net\/niger\/wp-json\/wp\/v2\/tags?post=58509"}],"curies":[{"name":"wp","href":"https:\/\/api.w.org\/{rel}","templated":true}]}}