{"id":58519,"date":"2024-02-13T13:19:45","date_gmt":"2024-02-13T13:19:45","guid":{"rendered":"https:\/\/www.africa-press.net\/niger\/politique\/le-premier-ministre-se-rend-au-maroc-pour-une-visite-damitie-et-de-travail-de-48-heures"},"modified":"2024-02-13T14:15:23","modified_gmt":"2024-02-13T14:15:23","slug":"le-premier-ministre-se-rend-au-maroc-pour-une-visite-damitie-et-de-travail-de-48-heures","status":"publish","type":"post","link":"https:\/\/www.africa-press.net\/niger\/politique\/le-premier-ministre-se-rend-au-maroc-pour-une-visite-damitie-et-de-travail-de-48-heures","title":{"rendered":"Le Premier ministre se rend au Maroc pour une visite d\u2019amiti\u00e9 et de travail de 48 heures"},"content":{"rendered":"<p><span style=\"color: #ff6600\"><strong>Africa-Press &#8211; Niger. <\/strong><\/span>Le Premier ministre, Ministre de l\u2019Economie et des Finances Ali Mahaman Lamine Zeine quitte cet apre\u0300s-midi du lundi 12 fe\u0301vrier 2024, Niamey pour Rabat au Maroc ou\u0300 il effectuera une visite d\u2019amitie\u0301 et de travail de 48 heures.<\/p>\n<p>Dans ce de\u0301placement au Royaume Che\u0301rifien, le Premier Ministre est accompagne\u0301 du Ministre d\u2019Etat, Ministre de la De\u0301fense Nationale, LE Ge\u0301ne\u0301ral de Corps d\u2019Arme\u0301e Salifou Mody, le Ministre des Affaires Etrange\u0300res, de la Coope\u0301ration et des Nige\u0301riens de l\u2019Exte\u0301rieur Bakary Yaou Sangare\u0301 et des membres des Cabinets du Premier Ministre et du Ministre d\u2019Etat, Ministre de la De\u0301fense nationale.<\/p>\n<p><strong>Pour plus d&rsquo;informations et d&rsquo;analyses sur la <a href=\"https:\/\/www.africa-press.net\/niger\">Niger<\/a>, suivez <a href=\"https:\/\/www.africa-press.net\/\">Africa-Press<\/a><\/strong><\/p>\n","protected":false},"excerpt":{"rendered":"<p>Africa-Press &#8211; Niger. Le Premier ministre, Ministre de l\u2019Economie et des Finances Ali Mahaman Lamine Zeine quitte cet apre\u0300s-midi du lundi 12 fe\u0301vrier 2024, Niamey pour Rabat au Maroc ou\u0300 il effectuera une visite d\u2019amitie\u0301 et de travail de 48 heures. Dans ce de\u0301placement au Royaume Che\u0301rifien, le Premier Ministre est accompagne\u0301 du Ministre d\u2019Etat, [&hellip;]<\/p>\n","protected":false},"author":82,"featured_media":58518,"comment_status":"open","ping_status":"closed","sticky":false,"template":"","format":"standard","meta":{"footnotes":""},"categories":[2,20,10],"tags":[55,60,29],"class_list":["post-58519","post","type-post","status-publish","format-standard","has-post-thumbnail","hentry","category-politique","category-top-nouvelles","category-toutes-les-actualites","tag-africa-press","tag-africa-press-niger","tag-niger"],"yoast_head":"<!-- This site is optimized with the Yoast SEO Premium plugin v26.1 (Yoast SEO v27.0) - https:\/\/yoast.com\/product\/yoast-seo-premium-wordpress\/ -->\n<title>Le Premier ministre se rend au Maroc pour une visite d\u2019amiti\u00e9 et de travail de 48 heures - niger<\/title>\n<meta name=\"description\" content=\"Le Premier ministre, Ministre de l\u2019Economie et des Finances Ali Mahaman Lamine Zeine quitte cet apre\u0300s-midi du lundi 12 ...\" \/>\n<meta name=\"robots\" content=\"index, follow, max-snippet:-1, max-image-preview:large, max-video-preview:-1\" \/>\n<link rel=\"canonical\" href=\"https:\/\/www.africa-press.net\/niger\/politique\/le-premier-ministre-se-rend-au-maroc-pour-une-visite-damitie-et-de-travail-de-48-heures\" \/>\n<meta property=\"og:locale\" content=\"fr_FR\" \/>\n<meta property=\"og:type\" content=\"article\" \/>\n<meta property=\"og:title\" content=\"Le Premier ministre se rend au Maroc pour une visite d\u2019amiti\u00e9 et de travail de 48 heures\" \/>\n<meta property=\"og:description\" content=\"Le Premier ministre, Ministre de l\u2019Economie et des Finances Ali Mahaman Lamine Zeine quitte cet apre\u0300s-midi du lundi 12 ...\" \/>\n<meta property=\"og:url\" content=\"https:\/\/www.africa-press.net\/niger\/politique\/le-premier-ministre-se-rend-au-maroc-pour-une-visite-damitie-et-de-travail-de-48-heures\" \/>\n<meta property=\"og:site_name\" content=\"niger\" \/>\n<meta property=\"article:published_time\" content=\"2024-02-13T13:19:45+00:00\" \/>\n<meta property=\"article:modified_time\" content=\"2024-02-13T14:15:23+00:00\" \/>\n<meta property=\"og:image\" content=\"https:\/\/static.africa-press.net\/niger\/sites\/40\/2024\/02\/sm_1707821045.56436.jpg\" \/>\n\t<meta property=\"og:image:width\" content=\"1080\" \/>\n\t<meta property=\"og:image:height\" content=\"486\" \/>\n\t<meta property=\"og:image:type\" content=\"image\/jpeg\" \/>\n<meta name=\"author\" content=\"cfeditorfr\" \/>\n<meta name=\"twitter:card\" content=\"summary_large_image\" \/>\n<meta name=\"twitter:label1\" content=\"\u00c9crit par\" \/>\n\t<meta name=\"twitter:data1\" content=\"cfeditorfr\" \/>\n\t<meta name=\"twitter:label2\" content=\"Dur\u00e9e de lecture estim\u00e9e\" \/>\n\t<meta name=\"twitter:data2\" content=\"1 minute\" \/>\n<script type=\"application\/ld+json\" class=\"yoast-schema-graph\">{\"@context\":\"https:\/\/schema.org\",\"@graph\":[{\"@type\":\"Article\",\"@id\":\"https:\/\/www.africa-press.net\/niger\/politique\/le-premier-ministre-se-rend-au-maroc-pour-une-visite-damitie-et-de-travail-de-48-heures#article\",\"isPartOf\":{\"@id\":\"https:\/\/www.africa-press.net\/niger\/politique\/le-premier-ministre-se-rend-au-maroc-pour-une-visite-damitie-et-de-travail-de-48-heures\"},\"author\":{\"name\":\"cfeditorfr\",\"@id\":\"https:\/\/www.africa-press.net\/niger\/#\/schema\/person\/2b1cf3cd81a31e3cd26889ca66d677f1\"},\"headline\":\"Le Premier ministre se rend au Maroc pour une visite d\u2019amiti\u00e9 et de travail de 48 heures\",\"datePublished\":\"2024-02-13T13:19:45+00:00\",\"dateModified\":\"2024-02-13T14:15:23+00:00\",\"mainEntityOfPage\":{\"@id\":\"https:\/\/www.africa-press.net\/niger\/politique\/le-premier-ministre-se-rend-au-maroc-pour-une-visite-damitie-et-de-travail-de-48-heures\"},\"wordCount\":145,\"commentCount\":0,\"image\":{\"@id\":\"https:\/\/www.africa-press.net\/niger\/politique\/le-premier-ministre-se-rend-au-maroc-pour-une-visite-damitie-et-de-travail-de-48-heures#primaryimage\"},\"thumbnailUrl\":\"https:\/\/static.africa-press.net\/niger\/sites\/40\/2024\/02\/sm_1707821045.56436.jpg\",\"keywords\":[\"Africa Press\",\"Africa Press-Niger\",\"Niger\"],\"articleSection\":[\"Politique\",\"Top Nouvelles\",\"Toutes les actualit\u00e9s\"],\"inLanguage\":\"fr-FR\",\"potentialAction\":[{\"@type\":\"CommentAction\",\"name\":\"Comment\",\"target\":[\"https:\/\/www.africa-press.net\/niger\/politique\/le-premier-ministre-se-rend-au-maroc-pour-une-visite-damitie-et-de-travail-de-48-heures#respond\"]}]},{\"@type\":\"WebPage\",\"@id\":\"https:\/\/www.africa-press.net\/niger\/politique\/le-premier-ministre-se-rend-au-maroc-pour-une-visite-damitie-et-de-travail-de-48-heures\",\"url\":\"https:\/\/www.africa-press.net\/niger\/politique\/le-premier-ministre-se-rend-au-maroc-pour-une-visite-damitie-et-de-travail-de-48-heures\",\"name\":\"Le Premier ministre se rend au Maroc pour une visite d\u2019amiti\u00e9 et de travail de 48 heures - niger\",\"isPartOf\":{\"@id\":\"https:\/\/www.africa-press.net\/niger\/#website\"},\"primaryImageOfPage\":{\"@id\":\"https:\/\/www.africa-press.net\/niger\/politique\/le-premier-ministre-se-rend-au-maroc-pour-une-visite-damitie-et-de-travail-de-48-heures#primaryimage\"},\"image\":{\"@id\":\"https:\/\/www.africa-press.net\/niger\/politique\/le-premier-ministre-se-rend-au-maroc-pour-une-visite-damitie-et-de-travail-de-48-heures#primaryimage\"},\"thumbnailUrl\":\"https:\/\/static.africa-press.net\/niger\/sites\/40\/2024\/02\/sm_1707821045.56436.jpg\",\"datePublished\":\"2024-02-13T13:19:45+00:00\",\"dateModified\":\"2024-02-13T14:15:23+00:00\",\"author\":{\"@id\":\"https:\/\/www.africa-press.net\/niger\/#\/schema\/person\/2b1cf3cd81a31e3cd26889ca66d677f1\"},\"description\":\"Le Premier ministre, Ministre de l\u2019Economie et des Finances Ali Mahaman Lamine Zeine quitte cet apre\u0300s-midi du lundi 12 ...\",\"breadcrumb\":{\"@id\":\"https:\/\/www.africa-press.net\/niger\/politique\/le-premier-ministre-se-rend-au-maroc-pour-une-visite-damitie-et-de-travail-de-48-heures#breadcrumb\"},\"inLanguage\":\"fr-FR\",\"potentialAction\":[{\"@type\":\"ReadAction\",\"target\":[\"https:\/\/www.africa-press.net\/niger\/politique\/le-premier-ministre-se-rend-au-maroc-pour-une-visite-damitie-et-de-travail-de-48-heures\"]}]},{\"@type\":\"ImageObject\",\"inLanguage\":\"fr-FR\",\"@id\":\"https:\/\/www.africa-press.net\/niger\/politique\/le-premier-ministre-se-rend-au-maroc-pour-une-visite-damitie-et-de-travail-de-48-heures#primaryimage\",\"url\":\"https:\/\/static.africa-press.net\/niger\/sites\/40\/2024\/02\/sm_1707821045.56436.jpg\",\"contentUrl\":\"https:\/\/static.africa-press.net\/niger\/sites\/40\/2024\/02\/sm_1707821045.56436.jpg\",\"width\":1080,\"height\":486,\"caption\":\"Le Premier ministre se rend au Maroc pour une visite d\u2019amiti\u00e9 et de travail de 48 heures\"},{\"@type\":\"BreadcrumbList\",\"@id\":\"https:\/\/www.africa-press.net\/niger\/politique\/le-premier-ministre-se-rend-au-maroc-pour-une-visite-damitie-et-de-travail-de-48-heures#breadcrumb\",\"itemListElement\":[{\"@type\":\"ListItem\",\"position\":1,\"name\":\"Accueil\",\"item\":\"https:\/\/www.africa-press.net\/niger\/\"},{\"@type\":\"ListItem\",\"position\":2,\"name\":\"Le Premier ministre se rend au Maroc pour une visite d\u2019amiti\u00e9 et de travail de 48 heures\"}]},{\"@type\":\"WebSite\",\"@id\":\"https:\/\/www.africa-press.net\/niger\/#website\",\"url\":\"https:\/\/www.africa-press.net\/niger\/\",\"name\":\"niger\",\"description\":\"Just another Africa News Agency Sites site\",\"potentialAction\":[{\"@type\":\"SearchAction\",\"target\":{\"@type\":\"EntryPoint\",\"urlTemplate\":\"https:\/\/www.africa-press.net\/niger\/?s={search_term_string}\"},\"query-input\":{\"@type\":\"PropertyValueSpecification\",\"valueRequired\":true,\"valueName\":\"search_term_string\"}}],\"inLanguage\":\"fr-FR\"},{\"@type\":\"Person\",\"@id\":\"https:\/\/www.africa-press.net\/niger\/#\/schema\/person\/2b1cf3cd81a31e3cd26889ca66d677f1\",\"name\":\"cfeditorfr\"}]}<\/script>\n<!-- \/ Yoast SEO Premium plugin. -->","yoast_head_json":{"title":"Le Premier ministre se rend au Maroc pour une visite d\u2019amiti\u00e9 et de travail de 48 heures - niger","description":"Le Premier ministre, Ministre de l\u2019Economie et des Finances Ali Mahaman Lamine Zeine quitte cet apre\u0300s-midi du lundi 12 ...","robots":{"index":"index","follow":"follow","max-snippet":"max-snippet:-1","max-image-preview":"max-image-preview:large","max-video-preview":"max-video-preview:-1"},"canonical":"https:\/\/www.africa-press.net\/niger\/politique\/le-premier-ministre-se-rend-au-maroc-pour-une-visite-damitie-et-de-travail-de-48-heures","og_locale":"fr_FR","og_type":"article","og_title":"Le Premier ministre se rend au Maroc pour une visite d\u2019amiti\u00e9 et de travail de 48 heures","og_description":"Le Premier ministre, Ministre de l\u2019Economie et des Finances Ali Mahaman Lamine Zeine quitte cet apre\u0300s-midi du lundi 12 ...","og_url":"https:\/\/www.africa-press.net\/niger\/politique\/le-premier-ministre-se-rend-au-maroc-pour-une-visite-damitie-et-de-travail-de-48-heures","og_site_name":"niger","article_published_time":"2024-02-13T13:19:45+00:00","article_modified_time":"2024-02-13T14:15:23+00:00","og_image":[{"width":1080,"height":486,"url":"https:\/\/static.africa-press.net\/niger\/sites\/40\/2024\/02\/sm_1707821045.56436.jpg","type":"image\/jpeg"}],"author":"cfeditorfr","twitter_card":"summary_large_image","twitter_misc":{"\u00c9crit par":"cfeditorfr","Dur\u00e9e de lecture estim\u00e9e":"1 minute"},"schema":{"@context":"https:\/\/schema.org","@graph":[{"@type":"Article","@id":"https:\/\/www.africa-press.net\/niger\/politique\/le-premier-ministre-se-rend-au-maroc-pour-une-visite-damitie-et-de-travail-de-48-heures#article","isPartOf":{"@id":"https:\/\/www.africa-press.net\/niger\/politique\/le-premier-ministre-se-rend-au-maroc-pour-une-visite-damitie-et-de-travail-de-48-heures"},"author":{"name":"cfeditorfr","@id":"https:\/\/www.africa-press.net\/niger\/#\/schema\/person\/2b1cf3cd81a31e3cd26889ca66d677f1"},"headline":"Le Premier ministre se rend au Maroc pour une visite d\u2019amiti\u00e9 et de travail de 48 heures","datePublished":"2024-02-13T13:19:45+00:00","dateModified":"2024-02-13T14:15:23+00:00","mainEntityOfPage":{"@id":"https:\/\/www.africa-press.net\/niger\/politique\/le-premier-ministre-se-rend-au-maroc-pour-une-visite-damitie-et-de-travail-de-48-heures"},"wordCount":145,"commentCount":0,"image":{"@id":"https:\/\/www.africa-press.net\/niger\/politique\/le-premier-ministre-se-rend-au-maroc-pour-une-visite-damitie-et-de-travail-de-48-heures#primaryimage"},"thumbnailUrl":"https:\/\/static.africa-press.net\/niger\/sites\/40\/2024\/02\/sm_1707821045.56436.jpg","keywords":["Africa Press","Africa Press-Niger","Niger"],"articleSection":["Politique","Top Nouvelles","Toutes les actualit\u00e9s"],"inLanguage":"fr-FR","potentialAction":[{"@type":"CommentAction","name":"Comment","target":["https:\/\/www.africa-press.net\/niger\/politique\/le-premier-ministre-se-rend-au-maroc-pour-une-visite-damitie-et-de-travail-de-48-heures#respond"]}]},{"@type":"WebPage","@id":"https:\/\/www.africa-press.net\/niger\/politique\/le-premier-ministre-se-rend-au-maroc-pour-une-visite-damitie-et-de-travail-de-48-heures","url":"https:\/\/www.africa-press.net\/niger\/politique\/le-premier-ministre-se-rend-au-maroc-pour-une-visite-damitie-et-de-travail-de-48-heures","name":"Le Premier ministre se rend au Maroc pour une visite d\u2019amiti\u00e9 et de travail de 48 heures - niger","isPartOf":{"@id":"https:\/\/www.africa-press.net\/niger\/#website"},"primaryImageOfPage":{"@id":"https:\/\/www.africa-press.net\/niger\/politique\/le-premier-ministre-se-rend-au-maroc-pour-une-visite-damitie-et-de-travail-de-48-heures#primaryimage"},"image":{"@id":"https:\/\/www.africa-press.net\/niger\/politique\/le-premier-ministre-se-rend-au-maroc-pour-une-visite-damitie-et-de-travail-de-48-heures#primaryimage"},"thumbnailUrl":"https:\/\/static.africa-press.net\/niger\/sites\/40\/2024\/02\/sm_1707821045.56436.jpg","datePublished":"2024-02-13T13:19:45+00:00","dateModified":"2024-02-13T14:15:23+00:00","author":{"@id":"https:\/\/www.africa-press.net\/niger\/#\/schema\/person\/2b1cf3cd81a31e3cd26889ca66d677f1"},"description":"Le Premier ministre, Ministre de l\u2019Economie et des Finances Ali Mahaman Lamine Zeine quitte cet apre\u0300s-midi du lundi 12 ...","breadcrumb":{"@id":"https:\/\/www.africa-press.net\/niger\/politique\/le-premier-ministre-se-rend-au-maroc-pour-une-visite-damitie-et-de-travail-de-48-heures#breadcrumb"},"inLanguage":"fr-FR","potentialAction":[{"@type":"ReadAction","target":["https:\/\/www.africa-press.net\/niger\/politique\/le-premier-ministre-se-rend-au-maroc-pour-une-visite-damitie-et-de-travail-de-48-heures"]}]},{"@type":"ImageObject","inLanguage":"fr-FR","@id":"https:\/\/www.africa-press.net\/niger\/politique\/le-premier-ministre-se-rend-au-maroc-pour-une-visite-damitie-et-de-travail-de-48-heures#primaryimage","url":"https:\/\/static.africa-press.net\/niger\/sites\/40\/2024\/02\/sm_1707821045.56436.jpg","contentUrl":"https:\/\/static.africa-press.net\/niger\/sites\/40\/2024\/02\/sm_1707821045.56436.jpg","width":1080,"height":486,"caption":"Le Premier ministre se rend au Maroc pour une visite d\u2019amiti\u00e9 et de travail de 48 heures"},{"@type":"BreadcrumbList","@id":"https:\/\/www.africa-press.net\/niger\/politique\/le-premier-ministre-se-rend-au-maroc-pour-une-visite-damitie-et-de-travail-de-48-heures#breadcrumb","itemListElement":[{"@type":"ListItem","position":1,"name":"Accueil","item":"https:\/\/www.africa-press.net\/niger\/"},{"@type":"ListItem","position":2,"name":"Le Premier ministre se rend au Maroc pour une visite d\u2019amiti\u00e9 et de travail de 48 heures"}]},{"@type":"WebSite","@id":"https:\/\/www.africa-press.net\/niger\/#website","url":"https:\/\/www.africa-press.net\/niger\/","name":"niger","description":"Just another Africa News Agency Sites site","potentialAction":[{"@type":"SearchAction","target":{"@type":"EntryPoint","urlTemplate":"https:\/\/www.africa-press.net\/niger\/?s={search_term_string}"},"query-input":{"@type":"PropertyValueSpecification","valueRequired":true,"valueName":"search_term_string"}}],"inLanguage":"fr-FR"},{"@type":"Person","@id":"https:\/\/www.africa-press.net\/niger\/#\/schema\/person\/2b1cf3cd81a31e3cd26889ca66d677f1","name":"cfeditorfr"}]}},"_links":{"self":[{"href":"https:\/\/www.africa-press.net\/niger\/wp-json\/wp\/v2\/posts\/58519","targetHints":{"allow":["GET"]}}],"collection":[{"href":"https:\/\/www.africa-press.net\/niger\/wp-json\/wp\/v2\/posts"}],"about":[{"href":"https:\/\/www.africa-press.net\/niger\/wp-json\/wp\/v2\/types\/post"}],"author":[{"embeddable":true,"href":"https:\/\/www.africa-press.net\/niger\/wp-json\/wp\/v2\/users\/82"}],"replies":[{"embeddable":true,"href":"https:\/\/www.africa-press.net\/niger\/wp-json\/wp\/v2\/comments?post=58519"}],"version-history":[{"count":0,"href":"https:\/\/www.africa-press.net\/niger\/wp-json\/wp\/v2\/posts\/58519\/revisions"}],"wp:featuredmedia":[{"embeddable":true,"href":"https:\/\/www.africa-press.net\/niger\/wp-json\/wp\/v2\/media\/58518"}],"wp:attachment":[{"href":"https:\/\/www.africa-press.net\/niger\/wp-json\/wp\/v2\/media?parent=58519"}],"wp:term":[{"taxonomy":"category","embeddable":true,"href":"https:\/\/www.africa-press.net\/niger\/wp-json\/wp\/v2\/categories?post=58519"},{"taxonomy":"post_tag","embeddable":true,"href":"https:\/\/www.africa-press.net\/niger\/wp-json\/wp\/v2\/tags?post=58519"}],"curies":[{"name":"wp","href":"https:\/\/api.w.org\/{rel}","templated":true}]}}