{"id":58524,"date":"2024-02-13T13:20:35","date_gmt":"2024-02-13T13:20:35","guid":{"rendered":"https:\/\/www.africa-press.net\/niger\/politique\/notre-retrait-de-la-cedeao-nest-oriente-contre-aucune-institution-ni-contre-aucun-etat-premier-ministre-burkinabe"},"modified":"2024-02-13T14:17:05","modified_gmt":"2024-02-13T14:17:05","slug":"notre-retrait-de-la-cedeao-nest-oriente-contre-aucune-institution-ni-contre-aucun-etat-premier-ministre-burkinabe","status":"publish","type":"post","link":"https:\/\/www.africa-press.net\/niger\/politique\/notre-retrait-de-la-cedeao-nest-oriente-contre-aucune-institution-ni-contre-aucun-etat-premier-ministre-burkinabe","title":{"rendered":"\u00ab\u00a0Notre retrait de la CEDEAO, n\u2019est orient\u00e9 contre aucune institution ni contre aucun Etat\u00a0\u00bb, Premier ministre burkinab\u00e8"},"content":{"rendered":"<p><span style=\"color: #ff6600\"><strong>Africa-Press &#8211; Niger. <\/strong><\/span>Le Premier burkinabe\u0300, Appolinaire kyelem de Tambela, a indique\u0301 lundi 12 fe\u0301vrier a\u0300 Ouagadougou, que le retrait des Etats de l\u2019Alliance des Etats du Sahel de la CEDEAO, n\u2019est oriente\u0301 ni contre aucune institution ni contre aucun Etat, mais vise a\u0300 assurer la souverainete\u0301 et la se\u0301curite\u0301 des populations.<\/p>\n<p>\u00ab Notre retrait de la Communaute\u0301 e\u0301conomique des Etats de l\u2019Afrique de l\u2019Ouest (CEDEAO) n\u2019est oriente\u0301 ni contre personne ni contre aucune institution ni contre aucun Etat \u00bb.<\/p>\n<p>Le premier ministre burkinabe\u0300, Appolinaire kyelem de Tambela, e\u0301changeait lundi avec les acteurs du secteur prive\u0301.<\/p>\n<p>Pour lui, ce retrait vise a\u0300 assurer \u00ab notre souverainete\u0301 et a assure\u0301 la se\u0301curite\u0301 et la prospe\u0301rite\u0301 des populations de notre espace \u00bb.<\/p>\n<p>Toutefois, a-t-il mis en garde, \u00ab\u00a0nous serons re\u0301pondre aux provocations d\u2019ou\u0300 qu\u2019elles viennent.<\/p>\n<p>Le 28 janvier 2024 le Burkina Faso, le Mali et le Niger se sont retire\u0301s \u00ab sans de\u0301lai \u00bb de la Communaute\u0301 e\u0301conomique des Etats de l\u2019Afrique de l\u2019Ouest (CEDEAO).<\/p>\n<p>Les trois Etats ont cre\u0301e\u0301 en septembre 2023, l\u2019Alliance des Etats du Sahel(AES) en vue de mutualiser leurs forces pour faire face au terrorisme.<\/p>\n<p>Selon lui, ni l\u2019union africaine ni la CEDEAO n\u2019ont vole\u0301 au secours de ces pays dont les concitoyens \u00ab tombaient affreusement \u00bb sous les balles des terroristes.<\/p>\n<p>\u00ab Elles n\u2019ont verse\u0301 aucune larme de compassion \u00bb, a-t-il insiste\u0301.<\/p>\n<p>Pour lui, la seule pre\u0301occupation de ces organisations e\u0301tait de savoir la date fixe\u0301e pour l\u2019organisation des e\u0301lections.<\/p>\n<p>\u00ab Ce, sans aucun souci pour les populations martyrise\u0301es par le terrorisme, ni sur les moyens a\u0300 mettre en \u0153uvre pour lutter contre le terrorisme \u00bb.<\/p>\n<p>Face a\u0300 cette attitude, Me Kyelem de Tambela, avait donc de\u0301cide\u0301 de ne plus rencontre\u0301 de de\u0301le\u0301gation de l\u2019Union africaine et de la CEDEAO.<\/p>\n<p><strong>Pour plus d&rsquo;informations et d&rsquo;analyses sur la <a href=\"https:\/\/www.africa-press.net\/niger\">Niger<\/a>, suivez <a href=\"https:\/\/www.africa-press.net\/\">Africa-Press<\/a><\/strong><\/p>\n","protected":false},"excerpt":{"rendered":"<p>Africa-Press &#8211; Niger. Le Premier burkinabe\u0300, Appolinaire kyelem de Tambela, a indique\u0301 lundi 12 fe\u0301vrier a\u0300 Ouagadougou, que le retrait des Etats de l\u2019Alliance des Etats du Sahel de la CEDEAO, n\u2019est oriente\u0301 ni contre aucune institution ni contre aucun Etat, mais vise a\u0300 assurer la souverainete\u0301 et la se\u0301curite\u0301 des populations. \u00ab Notre retrait [&hellip;]<\/p>\n","protected":false},"author":82,"featured_media":58523,"comment_status":"open","ping_status":"closed","sticky":false,"template":"","format":"standard","meta":{"footnotes":""},"categories":[2,10],"tags":[55,60,29],"class_list":["post-58524","post","type-post","status-publish","format-standard","has-post-thumbnail","hentry","category-politique","category-toutes-les-actualites","tag-africa-press","tag-africa-press-niger","tag-niger"],"yoast_head":"<!-- This site is optimized with the Yoast SEO Premium plugin v26.1 (Yoast SEO v27.0) - https:\/\/yoast.com\/product\/yoast-seo-premium-wordpress\/ -->\n<title>&quot;Notre retrait de la CEDEAO, n\u2019est orient\u00e9 contre aucune institution ni contre aucun Etat&quot;, Premier ministre burkinab\u00e8 - niger<\/title>\n<meta name=\"description\" content=\"Le Premier burkinabe\u0300, Appolinaire kyelem de Tambela, a indique\u0301 lundi 12 fe\u0301vrier a\u0300 Ouagadougou, que le retrait des Et ...\" \/>\n<meta name=\"robots\" content=\"index, follow, max-snippet:-1, max-image-preview:large, max-video-preview:-1\" \/>\n<link rel=\"canonical\" href=\"https:\/\/www.africa-press.net\/niger\/politique\/notre-retrait-de-la-cedeao-nest-oriente-contre-aucune-institution-ni-contre-aucun-etat-premier-ministre-burkinabe\" \/>\n<meta property=\"og:locale\" content=\"fr_FR\" \/>\n<meta property=\"og:type\" content=\"article\" \/>\n<meta property=\"og:title\" content=\"&quot;Notre retrait de la CEDEAO, n\u2019est orient\u00e9 contre aucune institution ni contre aucun Etat&quot;, Premier ministre burkinab\u00e8\" \/>\n<meta property=\"og:description\" content=\"Le Premier burkinabe\u0300, Appolinaire kyelem de Tambela, a indique\u0301 lundi 12 fe\u0301vrier a\u0300 Ouagadougou, que le retrait des Et ...\" \/>\n<meta property=\"og:url\" content=\"https:\/\/www.africa-press.net\/niger\/politique\/notre-retrait-de-la-cedeao-nest-oriente-contre-aucune-institution-ni-contre-aucun-etat-premier-ministre-burkinabe\" \/>\n<meta property=\"og:site_name\" content=\"niger\" \/>\n<meta property=\"article:published_time\" content=\"2024-02-13T13:20:35+00:00\" \/>\n<meta property=\"article:modified_time\" content=\"2024-02-13T14:17:05+00:00\" \/>\n<meta property=\"og:image\" content=\"https:\/\/static.africa-press.net\/niger\/sites\/40\/2024\/02\/sm_1707821135.709941.jpg\" \/>\n\t<meta property=\"og:image:width\" content=\"1280\" \/>\n\t<meta property=\"og:image:height\" content=\"796\" \/>\n\t<meta property=\"og:image:type\" content=\"image\/jpeg\" \/>\n<meta name=\"author\" content=\"cfeditorfr\" \/>\n<meta name=\"twitter:card\" content=\"summary_large_image\" \/>\n<meta name=\"twitter:label1\" content=\"\u00c9crit par\" \/>\n\t<meta name=\"twitter:data1\" content=\"cfeditorfr\" \/>\n\t<meta name=\"twitter:label2\" content=\"Dur\u00e9e de lecture estim\u00e9e\" \/>\n\t<meta name=\"twitter:data2\" content=\"2 minutes\" \/>\n<script type=\"application\/ld+json\" class=\"yoast-schema-graph\">{\"@context\":\"https:\/\/schema.org\",\"@graph\":[{\"@type\":\"Article\",\"@id\":\"https:\/\/www.africa-press.net\/niger\/politique\/notre-retrait-de-la-cedeao-nest-oriente-contre-aucune-institution-ni-contre-aucun-etat-premier-ministre-burkinabe#article\",\"isPartOf\":{\"@id\":\"https:\/\/www.africa-press.net\/niger\/politique\/notre-retrait-de-la-cedeao-nest-oriente-contre-aucune-institution-ni-contre-aucun-etat-premier-ministre-burkinabe\"},\"author\":{\"name\":\"cfeditorfr\",\"@id\":\"https:\/\/www.africa-press.net\/niger\/#\/schema\/person\/2b1cf3cd81a31e3cd26889ca66d677f1\"},\"headline\":\"\u00ab\u00a0Notre retrait de la CEDEAO, n\u2019est orient\u00e9 contre aucune institution ni contre aucun Etat\u00a0\u00bb, Premier ministre burkinab\u00e8\",\"datePublished\":\"2024-02-13T13:20:35+00:00\",\"dateModified\":\"2024-02-13T14:17:05+00:00\",\"mainEntityOfPage\":{\"@id\":\"https:\/\/www.africa-press.net\/niger\/politique\/notre-retrait-de-la-cedeao-nest-oriente-contre-aucune-institution-ni-contre-aucun-etat-premier-ministre-burkinabe\"},\"wordCount\":342,\"commentCount\":0,\"image\":{\"@id\":\"https:\/\/www.africa-press.net\/niger\/politique\/notre-retrait-de-la-cedeao-nest-oriente-contre-aucune-institution-ni-contre-aucun-etat-premier-ministre-burkinabe#primaryimage\"},\"thumbnailUrl\":\"https:\/\/static.africa-press.net\/niger\/sites\/40\/2024\/02\/sm_1707821135.709941.jpg\",\"keywords\":[\"Africa Press\",\"Africa Press-Niger\",\"Niger\"],\"articleSection\":[\"Politique\",\"Toutes les actualit\u00e9s\"],\"inLanguage\":\"fr-FR\",\"potentialAction\":[{\"@type\":\"CommentAction\",\"name\":\"Comment\",\"target\":[\"https:\/\/www.africa-press.net\/niger\/politique\/notre-retrait-de-la-cedeao-nest-oriente-contre-aucune-institution-ni-contre-aucun-etat-premier-ministre-burkinabe#respond\"]}]},{\"@type\":\"WebPage\",\"@id\":\"https:\/\/www.africa-press.net\/niger\/politique\/notre-retrait-de-la-cedeao-nest-oriente-contre-aucune-institution-ni-contre-aucun-etat-premier-ministre-burkinabe\",\"url\":\"https:\/\/www.africa-press.net\/niger\/politique\/notre-retrait-de-la-cedeao-nest-oriente-contre-aucune-institution-ni-contre-aucun-etat-premier-ministre-burkinabe\",\"name\":\"\\\"Notre retrait de la CEDEAO, n\u2019est orient\u00e9 contre aucune institution ni contre aucun Etat\\\", Premier ministre burkinab\u00e8 - niger\",\"isPartOf\":{\"@id\":\"https:\/\/www.africa-press.net\/niger\/#website\"},\"primaryImageOfPage\":{\"@id\":\"https:\/\/www.africa-press.net\/niger\/politique\/notre-retrait-de-la-cedeao-nest-oriente-contre-aucune-institution-ni-contre-aucun-etat-premier-ministre-burkinabe#primaryimage\"},\"image\":{\"@id\":\"https:\/\/www.africa-press.net\/niger\/politique\/notre-retrait-de-la-cedeao-nest-oriente-contre-aucune-institution-ni-contre-aucun-etat-premier-ministre-burkinabe#primaryimage\"},\"thumbnailUrl\":\"https:\/\/static.africa-press.net\/niger\/sites\/40\/2024\/02\/sm_1707821135.709941.jpg\",\"datePublished\":\"2024-02-13T13:20:35+00:00\",\"dateModified\":\"2024-02-13T14:17:05+00:00\",\"author\":{\"@id\":\"https:\/\/www.africa-press.net\/niger\/#\/schema\/person\/2b1cf3cd81a31e3cd26889ca66d677f1\"},\"description\":\"Le Premier burkinabe\u0300, Appolinaire kyelem de Tambela, a indique\u0301 lundi 12 fe\u0301vrier a\u0300 Ouagadougou, que le retrait des Et ...\",\"breadcrumb\":{\"@id\":\"https:\/\/www.africa-press.net\/niger\/politique\/notre-retrait-de-la-cedeao-nest-oriente-contre-aucune-institution-ni-contre-aucun-etat-premier-ministre-burkinabe#breadcrumb\"},\"inLanguage\":\"fr-FR\",\"potentialAction\":[{\"@type\":\"ReadAction\",\"target\":[\"https:\/\/www.africa-press.net\/niger\/politique\/notre-retrait-de-la-cedeao-nest-oriente-contre-aucune-institution-ni-contre-aucun-etat-premier-ministre-burkinabe\"]}]},{\"@type\":\"ImageObject\",\"inLanguage\":\"fr-FR\",\"@id\":\"https:\/\/www.africa-press.net\/niger\/politique\/notre-retrait-de-la-cedeao-nest-oriente-contre-aucune-institution-ni-contre-aucun-etat-premier-ministre-burkinabe#primaryimage\",\"url\":\"https:\/\/static.africa-press.net\/niger\/sites\/40\/2024\/02\/sm_1707821135.709941.jpg\",\"contentUrl\":\"https:\/\/static.africa-press.net\/niger\/sites\/40\/2024\/02\/sm_1707821135.709941.jpg\",\"width\":1280,\"height\":796,\"caption\":\"\\\"Notre retrait de la CEDEAO, n\u2019est orient\u00e9 contre aucune institution ni contre aucun Etat\\\", Premier ministre burkinab\u00e8\"},{\"@type\":\"BreadcrumbList\",\"@id\":\"https:\/\/www.africa-press.net\/niger\/politique\/notre-retrait-de-la-cedeao-nest-oriente-contre-aucune-institution-ni-contre-aucun-etat-premier-ministre-burkinabe#breadcrumb\",\"itemListElement\":[{\"@type\":\"ListItem\",\"position\":1,\"name\":\"Accueil\",\"item\":\"https:\/\/www.africa-press.net\/niger\/\"},{\"@type\":\"ListItem\",\"position\":2,\"name\":\"&#8220;Notre retrait de la CEDEAO, n\u2019est orient\u00e9 contre aucune institution ni contre aucun Etat&#8221;, Premier ministre burkinab\u00e8\"}]},{\"@type\":\"WebSite\",\"@id\":\"https:\/\/www.africa-press.net\/niger\/#website\",\"url\":\"https:\/\/www.africa-press.net\/niger\/\",\"name\":\"niger\",\"description\":\"Just another Africa News Agency Sites site\",\"potentialAction\":[{\"@type\":\"SearchAction\",\"target\":{\"@type\":\"EntryPoint\",\"urlTemplate\":\"https:\/\/www.africa-press.net\/niger\/?s={search_term_string}\"},\"query-input\":{\"@type\":\"PropertyValueSpecification\",\"valueRequired\":true,\"valueName\":\"search_term_string\"}}],\"inLanguage\":\"fr-FR\"},{\"@type\":\"Person\",\"@id\":\"https:\/\/www.africa-press.net\/niger\/#\/schema\/person\/2b1cf3cd81a31e3cd26889ca66d677f1\",\"name\":\"cfeditorfr\"}]}<\/script>\n<!-- \/ Yoast SEO Premium plugin. -->","yoast_head_json":{"title":"\"Notre retrait de la CEDEAO, n\u2019est orient\u00e9 contre aucune institution ni contre aucun Etat\", Premier ministre burkinab\u00e8 - niger","description":"Le Premier burkinabe\u0300, Appolinaire kyelem de Tambela, a indique\u0301 lundi 12 fe\u0301vrier a\u0300 Ouagadougou, que le retrait des Et ...","robots":{"index":"index","follow":"follow","max-snippet":"max-snippet:-1","max-image-preview":"max-image-preview:large","max-video-preview":"max-video-preview:-1"},"canonical":"https:\/\/www.africa-press.net\/niger\/politique\/notre-retrait-de-la-cedeao-nest-oriente-contre-aucune-institution-ni-contre-aucun-etat-premier-ministre-burkinabe","og_locale":"fr_FR","og_type":"article","og_title":"\"Notre retrait de la CEDEAO, n\u2019est orient\u00e9 contre aucune institution ni contre aucun Etat\", Premier ministre burkinab\u00e8","og_description":"Le Premier burkinabe\u0300, Appolinaire kyelem de Tambela, a indique\u0301 lundi 12 fe\u0301vrier a\u0300 Ouagadougou, que le retrait des Et ...","og_url":"https:\/\/www.africa-press.net\/niger\/politique\/notre-retrait-de-la-cedeao-nest-oriente-contre-aucune-institution-ni-contre-aucun-etat-premier-ministre-burkinabe","og_site_name":"niger","article_published_time":"2024-02-13T13:20:35+00:00","article_modified_time":"2024-02-13T14:17:05+00:00","og_image":[{"width":1280,"height":796,"url":"https:\/\/static.africa-press.net\/niger\/sites\/40\/2024\/02\/sm_1707821135.709941.jpg","type":"image\/jpeg"}],"author":"cfeditorfr","twitter_card":"summary_large_image","twitter_misc":{"\u00c9crit par":"cfeditorfr","Dur\u00e9e de lecture estim\u00e9e":"2 minutes"},"schema":{"@context":"https:\/\/schema.org","@graph":[{"@type":"Article","@id":"https:\/\/www.africa-press.net\/niger\/politique\/notre-retrait-de-la-cedeao-nest-oriente-contre-aucune-institution-ni-contre-aucun-etat-premier-ministre-burkinabe#article","isPartOf":{"@id":"https:\/\/www.africa-press.net\/niger\/politique\/notre-retrait-de-la-cedeao-nest-oriente-contre-aucune-institution-ni-contre-aucun-etat-premier-ministre-burkinabe"},"author":{"name":"cfeditorfr","@id":"https:\/\/www.africa-press.net\/niger\/#\/schema\/person\/2b1cf3cd81a31e3cd26889ca66d677f1"},"headline":"\u00ab\u00a0Notre retrait de la CEDEAO, n\u2019est orient\u00e9 contre aucune institution ni contre aucun Etat\u00a0\u00bb, Premier ministre burkinab\u00e8","datePublished":"2024-02-13T13:20:35+00:00","dateModified":"2024-02-13T14:17:05+00:00","mainEntityOfPage":{"@id":"https:\/\/www.africa-press.net\/niger\/politique\/notre-retrait-de-la-cedeao-nest-oriente-contre-aucune-institution-ni-contre-aucun-etat-premier-ministre-burkinabe"},"wordCount":342,"commentCount":0,"image":{"@id":"https:\/\/www.africa-press.net\/niger\/politique\/notre-retrait-de-la-cedeao-nest-oriente-contre-aucune-institution-ni-contre-aucun-etat-premier-ministre-burkinabe#primaryimage"},"thumbnailUrl":"https:\/\/static.africa-press.net\/niger\/sites\/40\/2024\/02\/sm_1707821135.709941.jpg","keywords":["Africa Press","Africa Press-Niger","Niger"],"articleSection":["Politique","Toutes les actualit\u00e9s"],"inLanguage":"fr-FR","potentialAction":[{"@type":"CommentAction","name":"Comment","target":["https:\/\/www.africa-press.net\/niger\/politique\/notre-retrait-de-la-cedeao-nest-oriente-contre-aucune-institution-ni-contre-aucun-etat-premier-ministre-burkinabe#respond"]}]},{"@type":"WebPage","@id":"https:\/\/www.africa-press.net\/niger\/politique\/notre-retrait-de-la-cedeao-nest-oriente-contre-aucune-institution-ni-contre-aucun-etat-premier-ministre-burkinabe","url":"https:\/\/www.africa-press.net\/niger\/politique\/notre-retrait-de-la-cedeao-nest-oriente-contre-aucune-institution-ni-contre-aucun-etat-premier-ministre-burkinabe","name":"\"Notre retrait de la CEDEAO, n\u2019est orient\u00e9 contre aucune institution ni contre aucun Etat\", Premier ministre burkinab\u00e8 - niger","isPartOf":{"@id":"https:\/\/www.africa-press.net\/niger\/#website"},"primaryImageOfPage":{"@id":"https:\/\/www.africa-press.net\/niger\/politique\/notre-retrait-de-la-cedeao-nest-oriente-contre-aucune-institution-ni-contre-aucun-etat-premier-ministre-burkinabe#primaryimage"},"image":{"@id":"https:\/\/www.africa-press.net\/niger\/politique\/notre-retrait-de-la-cedeao-nest-oriente-contre-aucune-institution-ni-contre-aucun-etat-premier-ministre-burkinabe#primaryimage"},"thumbnailUrl":"https:\/\/static.africa-press.net\/niger\/sites\/40\/2024\/02\/sm_1707821135.709941.jpg","datePublished":"2024-02-13T13:20:35+00:00","dateModified":"2024-02-13T14:17:05+00:00","author":{"@id":"https:\/\/www.africa-press.net\/niger\/#\/schema\/person\/2b1cf3cd81a31e3cd26889ca66d677f1"},"description":"Le Premier burkinabe\u0300, Appolinaire kyelem de Tambela, a indique\u0301 lundi 12 fe\u0301vrier a\u0300 Ouagadougou, que le retrait des Et ...","breadcrumb":{"@id":"https:\/\/www.africa-press.net\/niger\/politique\/notre-retrait-de-la-cedeao-nest-oriente-contre-aucune-institution-ni-contre-aucun-etat-premier-ministre-burkinabe#breadcrumb"},"inLanguage":"fr-FR","potentialAction":[{"@type":"ReadAction","target":["https:\/\/www.africa-press.net\/niger\/politique\/notre-retrait-de-la-cedeao-nest-oriente-contre-aucune-institution-ni-contre-aucun-etat-premier-ministre-burkinabe"]}]},{"@type":"ImageObject","inLanguage":"fr-FR","@id":"https:\/\/www.africa-press.net\/niger\/politique\/notre-retrait-de-la-cedeao-nest-oriente-contre-aucune-institution-ni-contre-aucun-etat-premier-ministre-burkinabe#primaryimage","url":"https:\/\/static.africa-press.net\/niger\/sites\/40\/2024\/02\/sm_1707821135.709941.jpg","contentUrl":"https:\/\/static.africa-press.net\/niger\/sites\/40\/2024\/02\/sm_1707821135.709941.jpg","width":1280,"height":796,"caption":"\"Notre retrait de la CEDEAO, n\u2019est orient\u00e9 contre aucune institution ni contre aucun Etat\", Premier ministre burkinab\u00e8"},{"@type":"BreadcrumbList","@id":"https:\/\/www.africa-press.net\/niger\/politique\/notre-retrait-de-la-cedeao-nest-oriente-contre-aucune-institution-ni-contre-aucun-etat-premier-ministre-burkinabe#breadcrumb","itemListElement":[{"@type":"ListItem","position":1,"name":"Accueil","item":"https:\/\/www.africa-press.net\/niger\/"},{"@type":"ListItem","position":2,"name":"&#8220;Notre retrait de la CEDEAO, n\u2019est orient\u00e9 contre aucune institution ni contre aucun Etat&#8221;, Premier ministre burkinab\u00e8"}]},{"@type":"WebSite","@id":"https:\/\/www.africa-press.net\/niger\/#website","url":"https:\/\/www.africa-press.net\/niger\/","name":"niger","description":"Just another Africa News Agency Sites site","potentialAction":[{"@type":"SearchAction","target":{"@type":"EntryPoint","urlTemplate":"https:\/\/www.africa-press.net\/niger\/?s={search_term_string}"},"query-input":{"@type":"PropertyValueSpecification","valueRequired":true,"valueName":"search_term_string"}}],"inLanguage":"fr-FR"},{"@type":"Person","@id":"https:\/\/www.africa-press.net\/niger\/#\/schema\/person\/2b1cf3cd81a31e3cd26889ca66d677f1","name":"cfeditorfr"}]}},"_links":{"self":[{"href":"https:\/\/www.africa-press.net\/niger\/wp-json\/wp\/v2\/posts\/58524","targetHints":{"allow":["GET"]}}],"collection":[{"href":"https:\/\/www.africa-press.net\/niger\/wp-json\/wp\/v2\/posts"}],"about":[{"href":"https:\/\/www.africa-press.net\/niger\/wp-json\/wp\/v2\/types\/post"}],"author":[{"embeddable":true,"href":"https:\/\/www.africa-press.net\/niger\/wp-json\/wp\/v2\/users\/82"}],"replies":[{"embeddable":true,"href":"https:\/\/www.africa-press.net\/niger\/wp-json\/wp\/v2\/comments?post=58524"}],"version-history":[{"count":0,"href":"https:\/\/www.africa-press.net\/niger\/wp-json\/wp\/v2\/posts\/58524\/revisions"}],"wp:featuredmedia":[{"embeddable":true,"href":"https:\/\/www.africa-press.net\/niger\/wp-json\/wp\/v2\/media\/58523"}],"wp:attachment":[{"href":"https:\/\/www.africa-press.net\/niger\/wp-json\/wp\/v2\/media?parent=58524"}],"wp:term":[{"taxonomy":"category","embeddable":true,"href":"https:\/\/www.africa-press.net\/niger\/wp-json\/wp\/v2\/categories?post=58524"},{"taxonomy":"post_tag","embeddable":true,"href":"https:\/\/www.africa-press.net\/niger\/wp-json\/wp\/v2\/tags?post=58524"}],"curies":[{"name":"wp","href":"https:\/\/api.w.org\/{rel}","templated":true}]}}