{"id":58529,"date":"2024-02-13T13:21:32","date_gmt":"2024-02-13T13:21:32","guid":{"rendered":"https:\/\/www.africa-press.net\/niger\/politique\/moussa-madougou-dakao-elu-chef-de-canton-de-sokorbe"},"modified":"2024-02-13T14:18:00","modified_gmt":"2024-02-13T14:18:00","slug":"moussa-madougou-dakao-elu-chef-de-canton-de-sokorbe","status":"publish","type":"post","link":"https:\/\/www.africa-press.net\/niger\/politique\/moussa-madougou-dakao-elu-chef-de-canton-de-sokorbe","title":{"rendered":"Moussa Madougou Dakao \u00e9lu chef de canton de Sokorb\u00e9"},"content":{"rendered":"<p><span style=\"color: #ff6600\"><strong>Africa-Press &#8211; Niger. <\/strong><\/span>Le canton de Sokorbe\u0301 dans le de\u0301partement de Loga, re\u0301gion de Dosso a depuis le samedi 10 fe\u0301vrier un nouveau chef en la personne de M. Moussa Madougou Dakao. Il succe\u0300de ainsi a\u0300 feu Amadou Garba.<\/p>\n<p>Les ope\u0301rations de vote se sont de\u0301roule\u0301es sous la supervision du gouverneur de la re\u0301gion de Dosso le ge\u0301ne\u0301ral de brigade Iro Oumarou en pre\u0301sence de plusieurs autorite\u0301s administratives et coutumie\u0300res. Ils e\u0301taient quatre candidats a\u0300 briguer ce poste dont les ope\u0301rations de vote se sont de\u0301roule\u0301es dans la transparence a\u0300 bulletins secrets.<\/p>\n<p>Ainsi, sur 21 chefs de villages qui composent le colle\u0300ge e\u0301lectoral, Moussa Madougou Dakao a obtenu 17 voix sur les 21 dont un bulletin nul faisant de lui le nouveau chef de canton de Soborbe\u0301. Militaire a\u0300 la retraite, Moussa Madougou Dakao est marie\u0301 a\u0300 deux femmes et pe\u0300re de neufs enfants. Home populaire dans la contre\u0301e, le nouveau chef de canton de Sokorbe\u0301 jouit de l\u2019estime des populations de Sokorbe\u0301. C\u2019est pourquoi le public venu de toutes les contre\u0301es du pays et me\u0302me de l\u2019exte\u0301rieur pour manifester leur soutien a\u0300 leur nouveau chef est venu nombreux a\u0300 la ce\u0301re\u0301monie.<\/p>\n<p>A l\u2019issue des e\u0301lections, le Gouverneur de la re\u0301gion de Dosso a pris la parole pour fe\u0301liciter le nouveau chef de canton a\u0300 qui il a demande\u0301 d\u2019e\u0302tre un chef rassembleur pour la prospe\u0301rite\u0301 et le bonheur des populations qui l\u2019ont porte\u0301 a\u0300 la te\u0302te de leur entite\u0301 administrative. Le chef de canton de Falwel a au nom de l\u2019association des chefs traditionnels prodigue\u0301 de sages conseils a\u0300 Moussa Madougou Dakao.<\/p>\n<p>Prenant a\u0300 son tour la parole, le nouveau chef de canton de Sokorbe\u0301 a remercie\u0301 tous ceux qui ont effectue\u0301 le de\u0301placement et surtout pour la confiance place\u0301e en lui. Il a invite\u0301 les candidats malheureux et toute la populaion de Sokorbe\u0301 a\u0300 l\u2019aider dans la conduite de sa mission surtout dans la re\u0301solution des proble\u0300mes que vivent les femmes, les hommes et les jeunes de la localite\u0301.<\/p>\n<p><strong>Pour plus d&rsquo;informations et d&rsquo;analyses sur la <a href=\"https:\/\/www.africa-press.net\/niger\">Niger<\/a>, suivez <a href=\"https:\/\/www.africa-press.net\/\">Africa-Press<\/a><\/strong><\/p>\n","protected":false},"excerpt":{"rendered":"<p>Africa-Press &#8211; Niger. Le canton de Sokorbe\u0301 dans le de\u0301partement de Loga, re\u0301gion de Dosso a depuis le samedi 10 fe\u0301vrier un nouveau chef en la personne de M. Moussa Madougou Dakao. Il succe\u0300de ainsi a\u0300 feu Amadou Garba. Les ope\u0301rations de vote se sont de\u0301roule\u0301es sous la supervision du gouverneur de la re\u0301gion de [&hellip;]<\/p>\n","protected":false},"author":82,"featured_media":58528,"comment_status":"open","ping_status":"closed","sticky":false,"template":"","format":"standard","meta":{"footnotes":""},"categories":[2,10],"tags":[55,60,29],"class_list":["post-58529","post","type-post","status-publish","format-standard","has-post-thumbnail","hentry","category-politique","category-toutes-les-actualites","tag-africa-press","tag-africa-press-niger","tag-niger"],"yoast_head":"<!-- This site is optimized with the Yoast SEO Premium plugin v26.1 (Yoast SEO v27.0) - https:\/\/yoast.com\/product\/yoast-seo-premium-wordpress\/ -->\n<title>Moussa Madougou Dakao \u00e9lu chef de canton de Sokorb\u00e9 - niger<\/title>\n<meta name=\"description\" content=\"Le canton de Sokorbe\u0301 dans le de\u0301partement de Loga, re\u0301gion de Dosso a depuis le samedi 10 fe\u0301vrier un nouveau chef en l ...\" \/>\n<meta name=\"robots\" content=\"index, follow, max-snippet:-1, max-image-preview:large, max-video-preview:-1\" \/>\n<link rel=\"canonical\" href=\"https:\/\/www.africa-press.net\/niger\/politique\/moussa-madougou-dakao-elu-chef-de-canton-de-sokorbe\" \/>\n<meta property=\"og:locale\" content=\"fr_FR\" \/>\n<meta property=\"og:type\" content=\"article\" \/>\n<meta property=\"og:title\" content=\"Moussa Madougou Dakao \u00e9lu chef de canton de Sokorb\u00e9\" \/>\n<meta property=\"og:description\" content=\"Le canton de Sokorbe\u0301 dans le de\u0301partement de Loga, re\u0301gion de Dosso a depuis le samedi 10 fe\u0301vrier un nouveau chef en l ...\" \/>\n<meta property=\"og:url\" content=\"https:\/\/www.africa-press.net\/niger\/politique\/moussa-madougou-dakao-elu-chef-de-canton-de-sokorbe\" \/>\n<meta property=\"og:site_name\" content=\"niger\" \/>\n<meta property=\"article:published_time\" content=\"2024-02-13T13:21:32+00:00\" \/>\n<meta property=\"article:modified_time\" content=\"2024-02-13T14:18:00+00:00\" \/>\n<meta property=\"og:image\" content=\"https:\/\/static.africa-press.net\/niger\/sites\/40\/2024\/02\/sm_1707821189.833087.jpg\" \/>\n\t<meta property=\"og:image:width\" content=\"1050\" \/>\n\t<meta property=\"og:image:height\" content=\"700\" \/>\n\t<meta property=\"og:image:type\" content=\"image\/jpeg\" \/>\n<meta name=\"author\" content=\"cfeditorfr\" \/>\n<meta name=\"twitter:card\" content=\"summary_large_image\" \/>\n<meta name=\"twitter:label1\" content=\"\u00c9crit par\" \/>\n\t<meta name=\"twitter:data1\" content=\"cfeditorfr\" \/>\n\t<meta name=\"twitter:label2\" content=\"Dur\u00e9e de lecture estim\u00e9e\" \/>\n\t<meta name=\"twitter:data2\" content=\"2 minutes\" \/>\n<script type=\"application\/ld+json\" class=\"yoast-schema-graph\">{\"@context\":\"https:\/\/schema.org\",\"@graph\":[{\"@type\":\"Article\",\"@id\":\"https:\/\/www.africa-press.net\/niger\/politique\/moussa-madougou-dakao-elu-chef-de-canton-de-sokorbe#article\",\"isPartOf\":{\"@id\":\"https:\/\/www.africa-press.net\/niger\/politique\/moussa-madougou-dakao-elu-chef-de-canton-de-sokorbe\"},\"author\":{\"name\":\"cfeditorfr\",\"@id\":\"https:\/\/www.africa-press.net\/niger\/#\/schema\/person\/2b1cf3cd81a31e3cd26889ca66d677f1\"},\"headline\":\"Moussa Madougou Dakao \u00e9lu chef de canton de Sokorb\u00e9\",\"datePublished\":\"2024-02-13T13:21:32+00:00\",\"dateModified\":\"2024-02-13T14:18:00+00:00\",\"mainEntityOfPage\":{\"@id\":\"https:\/\/www.africa-press.net\/niger\/politique\/moussa-madougou-dakao-elu-chef-de-canton-de-sokorbe\"},\"wordCount\":392,\"commentCount\":0,\"image\":{\"@id\":\"https:\/\/www.africa-press.net\/niger\/politique\/moussa-madougou-dakao-elu-chef-de-canton-de-sokorbe#primaryimage\"},\"thumbnailUrl\":\"https:\/\/static.africa-press.net\/niger\/sites\/40\/2024\/02\/sm_1707821189.833087.jpg\",\"keywords\":[\"Africa Press\",\"Africa Press-Niger\",\"Niger\"],\"articleSection\":[\"Politique\",\"Toutes les actualit\u00e9s\"],\"inLanguage\":\"fr-FR\",\"potentialAction\":[{\"@type\":\"CommentAction\",\"name\":\"Comment\",\"target\":[\"https:\/\/www.africa-press.net\/niger\/politique\/moussa-madougou-dakao-elu-chef-de-canton-de-sokorbe#respond\"]}]},{\"@type\":\"WebPage\",\"@id\":\"https:\/\/www.africa-press.net\/niger\/politique\/moussa-madougou-dakao-elu-chef-de-canton-de-sokorbe\",\"url\":\"https:\/\/www.africa-press.net\/niger\/politique\/moussa-madougou-dakao-elu-chef-de-canton-de-sokorbe\",\"name\":\"Moussa Madougou Dakao \u00e9lu chef de canton de Sokorb\u00e9 - niger\",\"isPartOf\":{\"@id\":\"https:\/\/www.africa-press.net\/niger\/#website\"},\"primaryImageOfPage\":{\"@id\":\"https:\/\/www.africa-press.net\/niger\/politique\/moussa-madougou-dakao-elu-chef-de-canton-de-sokorbe#primaryimage\"},\"image\":{\"@id\":\"https:\/\/www.africa-press.net\/niger\/politique\/moussa-madougou-dakao-elu-chef-de-canton-de-sokorbe#primaryimage\"},\"thumbnailUrl\":\"https:\/\/static.africa-press.net\/niger\/sites\/40\/2024\/02\/sm_1707821189.833087.jpg\",\"datePublished\":\"2024-02-13T13:21:32+00:00\",\"dateModified\":\"2024-02-13T14:18:00+00:00\",\"author\":{\"@id\":\"https:\/\/www.africa-press.net\/niger\/#\/schema\/person\/2b1cf3cd81a31e3cd26889ca66d677f1\"},\"description\":\"Le canton de Sokorbe\u0301 dans le de\u0301partement de Loga, re\u0301gion de Dosso a depuis le samedi 10 fe\u0301vrier un nouveau chef en l ...\",\"breadcrumb\":{\"@id\":\"https:\/\/www.africa-press.net\/niger\/politique\/moussa-madougou-dakao-elu-chef-de-canton-de-sokorbe#breadcrumb\"},\"inLanguage\":\"fr-FR\",\"potentialAction\":[{\"@type\":\"ReadAction\",\"target\":[\"https:\/\/www.africa-press.net\/niger\/politique\/moussa-madougou-dakao-elu-chef-de-canton-de-sokorbe\"]}]},{\"@type\":\"ImageObject\",\"inLanguage\":\"fr-FR\",\"@id\":\"https:\/\/www.africa-press.net\/niger\/politique\/moussa-madougou-dakao-elu-chef-de-canton-de-sokorbe#primaryimage\",\"url\":\"https:\/\/static.africa-press.net\/niger\/sites\/40\/2024\/02\/sm_1707821189.833087.jpg\",\"contentUrl\":\"https:\/\/static.africa-press.net\/niger\/sites\/40\/2024\/02\/sm_1707821189.833087.jpg\",\"width\":1050,\"height\":700,\"caption\":\"Moussa Madougou Dakao \u00e9lu chef de canton de Sokorb\u00e9\"},{\"@type\":\"BreadcrumbList\",\"@id\":\"https:\/\/www.africa-press.net\/niger\/politique\/moussa-madougou-dakao-elu-chef-de-canton-de-sokorbe#breadcrumb\",\"itemListElement\":[{\"@type\":\"ListItem\",\"position\":1,\"name\":\"Accueil\",\"item\":\"https:\/\/www.africa-press.net\/niger\/\"},{\"@type\":\"ListItem\",\"position\":2,\"name\":\"Moussa Madougou Dakao \u00e9lu chef de canton de Sokorb\u00e9\"}]},{\"@type\":\"WebSite\",\"@id\":\"https:\/\/www.africa-press.net\/niger\/#website\",\"url\":\"https:\/\/www.africa-press.net\/niger\/\",\"name\":\"niger\",\"description\":\"Just another Africa News Agency Sites site\",\"potentialAction\":[{\"@type\":\"SearchAction\",\"target\":{\"@type\":\"EntryPoint\",\"urlTemplate\":\"https:\/\/www.africa-press.net\/niger\/?s={search_term_string}\"},\"query-input\":{\"@type\":\"PropertyValueSpecification\",\"valueRequired\":true,\"valueName\":\"search_term_string\"}}],\"inLanguage\":\"fr-FR\"},{\"@type\":\"Person\",\"@id\":\"https:\/\/www.africa-press.net\/niger\/#\/schema\/person\/2b1cf3cd81a31e3cd26889ca66d677f1\",\"name\":\"cfeditorfr\"}]}<\/script>\n<!-- \/ Yoast SEO Premium plugin. -->","yoast_head_json":{"title":"Moussa Madougou Dakao \u00e9lu chef de canton de Sokorb\u00e9 - niger","description":"Le canton de Sokorbe\u0301 dans le de\u0301partement de Loga, re\u0301gion de Dosso a depuis le samedi 10 fe\u0301vrier un nouveau chef en l ...","robots":{"index":"index","follow":"follow","max-snippet":"max-snippet:-1","max-image-preview":"max-image-preview:large","max-video-preview":"max-video-preview:-1"},"canonical":"https:\/\/www.africa-press.net\/niger\/politique\/moussa-madougou-dakao-elu-chef-de-canton-de-sokorbe","og_locale":"fr_FR","og_type":"article","og_title":"Moussa Madougou Dakao \u00e9lu chef de canton de Sokorb\u00e9","og_description":"Le canton de Sokorbe\u0301 dans le de\u0301partement de Loga, re\u0301gion de Dosso a depuis le samedi 10 fe\u0301vrier un nouveau chef en l ...","og_url":"https:\/\/www.africa-press.net\/niger\/politique\/moussa-madougou-dakao-elu-chef-de-canton-de-sokorbe","og_site_name":"niger","article_published_time":"2024-02-13T13:21:32+00:00","article_modified_time":"2024-02-13T14:18:00+00:00","og_image":[{"width":1050,"height":700,"url":"https:\/\/static.africa-press.net\/niger\/sites\/40\/2024\/02\/sm_1707821189.833087.jpg","type":"image\/jpeg"}],"author":"cfeditorfr","twitter_card":"summary_large_image","twitter_misc":{"\u00c9crit par":"cfeditorfr","Dur\u00e9e de lecture estim\u00e9e":"2 minutes"},"schema":{"@context":"https:\/\/schema.org","@graph":[{"@type":"Article","@id":"https:\/\/www.africa-press.net\/niger\/politique\/moussa-madougou-dakao-elu-chef-de-canton-de-sokorbe#article","isPartOf":{"@id":"https:\/\/www.africa-press.net\/niger\/politique\/moussa-madougou-dakao-elu-chef-de-canton-de-sokorbe"},"author":{"name":"cfeditorfr","@id":"https:\/\/www.africa-press.net\/niger\/#\/schema\/person\/2b1cf3cd81a31e3cd26889ca66d677f1"},"headline":"Moussa Madougou Dakao \u00e9lu chef de canton de Sokorb\u00e9","datePublished":"2024-02-13T13:21:32+00:00","dateModified":"2024-02-13T14:18:00+00:00","mainEntityOfPage":{"@id":"https:\/\/www.africa-press.net\/niger\/politique\/moussa-madougou-dakao-elu-chef-de-canton-de-sokorbe"},"wordCount":392,"commentCount":0,"image":{"@id":"https:\/\/www.africa-press.net\/niger\/politique\/moussa-madougou-dakao-elu-chef-de-canton-de-sokorbe#primaryimage"},"thumbnailUrl":"https:\/\/static.africa-press.net\/niger\/sites\/40\/2024\/02\/sm_1707821189.833087.jpg","keywords":["Africa Press","Africa Press-Niger","Niger"],"articleSection":["Politique","Toutes les actualit\u00e9s"],"inLanguage":"fr-FR","potentialAction":[{"@type":"CommentAction","name":"Comment","target":["https:\/\/www.africa-press.net\/niger\/politique\/moussa-madougou-dakao-elu-chef-de-canton-de-sokorbe#respond"]}]},{"@type":"WebPage","@id":"https:\/\/www.africa-press.net\/niger\/politique\/moussa-madougou-dakao-elu-chef-de-canton-de-sokorbe","url":"https:\/\/www.africa-press.net\/niger\/politique\/moussa-madougou-dakao-elu-chef-de-canton-de-sokorbe","name":"Moussa Madougou Dakao \u00e9lu chef de canton de Sokorb\u00e9 - niger","isPartOf":{"@id":"https:\/\/www.africa-press.net\/niger\/#website"},"primaryImageOfPage":{"@id":"https:\/\/www.africa-press.net\/niger\/politique\/moussa-madougou-dakao-elu-chef-de-canton-de-sokorbe#primaryimage"},"image":{"@id":"https:\/\/www.africa-press.net\/niger\/politique\/moussa-madougou-dakao-elu-chef-de-canton-de-sokorbe#primaryimage"},"thumbnailUrl":"https:\/\/static.africa-press.net\/niger\/sites\/40\/2024\/02\/sm_1707821189.833087.jpg","datePublished":"2024-02-13T13:21:32+00:00","dateModified":"2024-02-13T14:18:00+00:00","author":{"@id":"https:\/\/www.africa-press.net\/niger\/#\/schema\/person\/2b1cf3cd81a31e3cd26889ca66d677f1"},"description":"Le canton de Sokorbe\u0301 dans le de\u0301partement de Loga, re\u0301gion de Dosso a depuis le samedi 10 fe\u0301vrier un nouveau chef en l ...","breadcrumb":{"@id":"https:\/\/www.africa-press.net\/niger\/politique\/moussa-madougou-dakao-elu-chef-de-canton-de-sokorbe#breadcrumb"},"inLanguage":"fr-FR","potentialAction":[{"@type":"ReadAction","target":["https:\/\/www.africa-press.net\/niger\/politique\/moussa-madougou-dakao-elu-chef-de-canton-de-sokorbe"]}]},{"@type":"ImageObject","inLanguage":"fr-FR","@id":"https:\/\/www.africa-press.net\/niger\/politique\/moussa-madougou-dakao-elu-chef-de-canton-de-sokorbe#primaryimage","url":"https:\/\/static.africa-press.net\/niger\/sites\/40\/2024\/02\/sm_1707821189.833087.jpg","contentUrl":"https:\/\/static.africa-press.net\/niger\/sites\/40\/2024\/02\/sm_1707821189.833087.jpg","width":1050,"height":700,"caption":"Moussa Madougou Dakao \u00e9lu chef de canton de Sokorb\u00e9"},{"@type":"BreadcrumbList","@id":"https:\/\/www.africa-press.net\/niger\/politique\/moussa-madougou-dakao-elu-chef-de-canton-de-sokorbe#breadcrumb","itemListElement":[{"@type":"ListItem","position":1,"name":"Accueil","item":"https:\/\/www.africa-press.net\/niger\/"},{"@type":"ListItem","position":2,"name":"Moussa Madougou Dakao \u00e9lu chef de canton de Sokorb\u00e9"}]},{"@type":"WebSite","@id":"https:\/\/www.africa-press.net\/niger\/#website","url":"https:\/\/www.africa-press.net\/niger\/","name":"niger","description":"Just another Africa News Agency Sites site","potentialAction":[{"@type":"SearchAction","target":{"@type":"EntryPoint","urlTemplate":"https:\/\/www.africa-press.net\/niger\/?s={search_term_string}"},"query-input":{"@type":"PropertyValueSpecification","valueRequired":true,"valueName":"search_term_string"}}],"inLanguage":"fr-FR"},{"@type":"Person","@id":"https:\/\/www.africa-press.net\/niger\/#\/schema\/person\/2b1cf3cd81a31e3cd26889ca66d677f1","name":"cfeditorfr"}]}},"_links":{"self":[{"href":"https:\/\/www.africa-press.net\/niger\/wp-json\/wp\/v2\/posts\/58529","targetHints":{"allow":["GET"]}}],"collection":[{"href":"https:\/\/www.africa-press.net\/niger\/wp-json\/wp\/v2\/posts"}],"about":[{"href":"https:\/\/www.africa-press.net\/niger\/wp-json\/wp\/v2\/types\/post"}],"author":[{"embeddable":true,"href":"https:\/\/www.africa-press.net\/niger\/wp-json\/wp\/v2\/users\/82"}],"replies":[{"embeddable":true,"href":"https:\/\/www.africa-press.net\/niger\/wp-json\/wp\/v2\/comments?post=58529"}],"version-history":[{"count":0,"href":"https:\/\/www.africa-press.net\/niger\/wp-json\/wp\/v2\/posts\/58529\/revisions"}],"wp:featuredmedia":[{"embeddable":true,"href":"https:\/\/www.africa-press.net\/niger\/wp-json\/wp\/v2\/media\/58528"}],"wp:attachment":[{"href":"https:\/\/www.africa-press.net\/niger\/wp-json\/wp\/v2\/media?parent=58529"}],"wp:term":[{"taxonomy":"category","embeddable":true,"href":"https:\/\/www.africa-press.net\/niger\/wp-json\/wp\/v2\/categories?post=58529"},{"taxonomy":"post_tag","embeddable":true,"href":"https:\/\/www.africa-press.net\/niger\/wp-json\/wp\/v2\/tags?post=58529"}],"curies":[{"name":"wp","href":"https:\/\/api.w.org\/{rel}","templated":true}]}}