{"id":58531,"date":"2024-02-13T13:21:40","date_gmt":"2024-02-13T13:21:40","guid":{"rendered":"https:\/\/www.africa-press.net\/niger\/politique\/diffa-le-gouverneur-de-la-region-preside-une-reunion-du-conseil-regional-de-securite-crs"},"modified":"2024-02-13T14:18:29","modified_gmt":"2024-02-13T14:18:29","slug":"diffa-le-gouverneur-de-la-region-preside-une-reunion-du-conseil-regional-de-securite-crs","status":"publish","type":"post","link":"https:\/\/www.africa-press.net\/niger\/politique\/diffa-le-gouverneur-de-la-region-preside-une-reunion-du-conseil-regional-de-securite-crs","title":{"rendered":"Diffa : le Gouverneur de la r\u00e9gion pr\u00e9side une r\u00e9union du conseil r\u00e9gional de s\u00e9curit\u00e9 (CRS)"},"content":{"rendered":"<p><span style=\"color: #ff6600\"><strong>Africa-Press &#8211; Niger. <\/strong><\/span>Le Gouverneur de la re\u0301gion de Diffa, Ge\u0301ne\u0301ral Mahamadou Ibrahim Bagadoma a pre\u0301side\u0301 ce Mardi 13 fe\u0301vrier 2024 en de\u0301but de la matine\u0301e dans son cabinet, une re\u0301union du conseil re\u0301gional de se\u0301curite\u0301 (CRS).<\/p>\n<p>Cette rencontre officielle a pour but d\u2019examiner toutes les questions se\u0301curitaires au niveau re\u0301gional, telle que la de\u0301fense de l\u2019inte\u0301grite\u0301 territoriale re\u0301gionale, ainsi que la protection des personnes et de leurs biens.<\/p>\n<p>E\u0301taient pre\u0301sents a\u0300 cette re\u0301union du conseil re\u0301gional de se\u0301curite\u0301 (CRS), l\u2019ensemble des membres du Conseil.<\/p>\n<p><strong>Pour plus d&rsquo;informations et d&rsquo;analyses sur la <a href=\"https:\/\/www.africa-press.net\/niger\">Niger<\/a>, suivez <a href=\"https:\/\/www.africa-press.net\/\">Africa-Press<\/a><\/strong><\/p>\n","protected":false},"excerpt":{"rendered":"<p>Africa-Press &#8211; Niger. Le Gouverneur de la re\u0301gion de Diffa, Ge\u0301ne\u0301ral Mahamadou Ibrahim Bagadoma a pre\u0301side\u0301 ce Mardi 13 fe\u0301vrier 2024 en de\u0301but de la matine\u0301e dans son cabinet, une re\u0301union du conseil re\u0301gional de se\u0301curite\u0301 (CRS). Cette rencontre officielle a pour but d\u2019examiner toutes les questions se\u0301curitaires au niveau re\u0301gional, telle que la de\u0301fense [&hellip;]<\/p>\n","protected":false},"author":82,"featured_media":58530,"comment_status":"open","ping_status":"closed","sticky":false,"template":"","format":"standard","meta":{"footnotes":""},"categories":[2,10],"tags":[55,60,29],"class_list":["post-58531","post","type-post","status-publish","format-standard","has-post-thumbnail","hentry","category-politique","category-toutes-les-actualites","tag-africa-press","tag-africa-press-niger","tag-niger"],"yoast_head":"<!-- This site is optimized with the Yoast SEO Premium plugin v26.1 (Yoast SEO v27.0) - https:\/\/yoast.com\/product\/yoast-seo-premium-wordpress\/ -->\n<title>Diffa : le Gouverneur de la r\u00e9gion pr\u00e9side une r\u00e9union du conseil r\u00e9gional de s\u00e9curit\u00e9 (CRS) - niger<\/title>\n<meta name=\"description\" content=\"Le Gouverneur de la re\u0301gion de Diffa, Ge\u0301ne\u0301ral Mahamadou Ibrahim Bagadoma a pre\u0301side\u0301 ce Mardi 13 fe\u0301vrier 2024 en de\u0301b ...\" \/>\n<meta name=\"robots\" content=\"index, follow, max-snippet:-1, max-image-preview:large, max-video-preview:-1\" \/>\n<link rel=\"canonical\" href=\"https:\/\/www.africa-press.net\/niger\/politique\/diffa-le-gouverneur-de-la-region-preside-une-reunion-du-conseil-regional-de-securite-crs\" \/>\n<meta property=\"og:locale\" content=\"fr_FR\" \/>\n<meta property=\"og:type\" content=\"article\" \/>\n<meta property=\"og:title\" content=\"Diffa : le Gouverneur de la r\u00e9gion pr\u00e9side une r\u00e9union du conseil r\u00e9gional de s\u00e9curit\u00e9 (CRS)\" \/>\n<meta property=\"og:description\" content=\"Le Gouverneur de la re\u0301gion de Diffa, Ge\u0301ne\u0301ral Mahamadou Ibrahim Bagadoma a pre\u0301side\u0301 ce Mardi 13 fe\u0301vrier 2024 en de\u0301b ...\" \/>\n<meta property=\"og:url\" content=\"https:\/\/www.africa-press.net\/niger\/politique\/diffa-le-gouverneur-de-la-region-preside-une-reunion-du-conseil-regional-de-securite-crs\" \/>\n<meta property=\"og:site_name\" content=\"niger\" \/>\n<meta property=\"article:published_time\" content=\"2024-02-13T13:21:40+00:00\" \/>\n<meta property=\"article:modified_time\" content=\"2024-02-13T14:18:29+00:00\" \/>\n<meta property=\"og:image\" content=\"https:\/\/static.africa-press.net\/niger\/sites\/40\/2024\/02\/sm_1707821211.765043.jpg\" \/>\n\t<meta property=\"og:image:width\" content=\"960\" \/>\n\t<meta property=\"og:image:height\" content=\"540\" \/>\n\t<meta property=\"og:image:type\" content=\"image\/jpeg\" \/>\n<meta name=\"author\" content=\"cfeditorfr\" \/>\n<meta name=\"twitter:card\" content=\"summary_large_image\" \/>\n<meta name=\"twitter:label1\" content=\"\u00c9crit par\" \/>\n\t<meta name=\"twitter:data1\" content=\"cfeditorfr\" \/>\n\t<meta name=\"twitter:label2\" content=\"Dur\u00e9e de lecture estim\u00e9e\" \/>\n\t<meta name=\"twitter:data2\" content=\"1 minute\" \/>\n<script type=\"application\/ld+json\" class=\"yoast-schema-graph\">{\"@context\":\"https:\/\/schema.org\",\"@graph\":[{\"@type\":\"Article\",\"@id\":\"https:\/\/www.africa-press.net\/niger\/politique\/diffa-le-gouverneur-de-la-region-preside-une-reunion-du-conseil-regional-de-securite-crs#article\",\"isPartOf\":{\"@id\":\"https:\/\/www.africa-press.net\/niger\/politique\/diffa-le-gouverneur-de-la-region-preside-une-reunion-du-conseil-regional-de-securite-crs\"},\"author\":{\"name\":\"cfeditorfr\",\"@id\":\"https:\/\/www.africa-press.net\/niger\/#\/schema\/person\/2b1cf3cd81a31e3cd26889ca66d677f1\"},\"headline\":\"Diffa : le Gouverneur de la r\u00e9gion pr\u00e9side une r\u00e9union du conseil r\u00e9gional de s\u00e9curit\u00e9 (CRS)\",\"datePublished\":\"2024-02-13T13:21:40+00:00\",\"dateModified\":\"2024-02-13T14:18:29+00:00\",\"mainEntityOfPage\":{\"@id\":\"https:\/\/www.africa-press.net\/niger\/politique\/diffa-le-gouverneur-de-la-region-preside-une-reunion-du-conseil-regional-de-securite-crs\"},\"wordCount\":138,\"commentCount\":0,\"image\":{\"@id\":\"https:\/\/www.africa-press.net\/niger\/politique\/diffa-le-gouverneur-de-la-region-preside-une-reunion-du-conseil-regional-de-securite-crs#primaryimage\"},\"thumbnailUrl\":\"https:\/\/static.africa-press.net\/niger\/sites\/40\/2024\/02\/sm_1707821211.765043.jpg\",\"keywords\":[\"Africa Press\",\"Africa Press-Niger\",\"Niger\"],\"articleSection\":[\"Politique\",\"Toutes les actualit\u00e9s\"],\"inLanguage\":\"fr-FR\",\"potentialAction\":[{\"@type\":\"CommentAction\",\"name\":\"Comment\",\"target\":[\"https:\/\/www.africa-press.net\/niger\/politique\/diffa-le-gouverneur-de-la-region-preside-une-reunion-du-conseil-regional-de-securite-crs#respond\"]}]},{\"@type\":\"WebPage\",\"@id\":\"https:\/\/www.africa-press.net\/niger\/politique\/diffa-le-gouverneur-de-la-region-preside-une-reunion-du-conseil-regional-de-securite-crs\",\"url\":\"https:\/\/www.africa-press.net\/niger\/politique\/diffa-le-gouverneur-de-la-region-preside-une-reunion-du-conseil-regional-de-securite-crs\",\"name\":\"Diffa : le Gouverneur de la r\u00e9gion pr\u00e9side une r\u00e9union du conseil r\u00e9gional de s\u00e9curit\u00e9 (CRS) - niger\",\"isPartOf\":{\"@id\":\"https:\/\/www.africa-press.net\/niger\/#website\"},\"primaryImageOfPage\":{\"@id\":\"https:\/\/www.africa-press.net\/niger\/politique\/diffa-le-gouverneur-de-la-region-preside-une-reunion-du-conseil-regional-de-securite-crs#primaryimage\"},\"image\":{\"@id\":\"https:\/\/www.africa-press.net\/niger\/politique\/diffa-le-gouverneur-de-la-region-preside-une-reunion-du-conseil-regional-de-securite-crs#primaryimage\"},\"thumbnailUrl\":\"https:\/\/static.africa-press.net\/niger\/sites\/40\/2024\/02\/sm_1707821211.765043.jpg\",\"datePublished\":\"2024-02-13T13:21:40+00:00\",\"dateModified\":\"2024-02-13T14:18:29+00:00\",\"author\":{\"@id\":\"https:\/\/www.africa-press.net\/niger\/#\/schema\/person\/2b1cf3cd81a31e3cd26889ca66d677f1\"},\"description\":\"Le Gouverneur de la re\u0301gion de Diffa, Ge\u0301ne\u0301ral Mahamadou Ibrahim Bagadoma a pre\u0301side\u0301 ce Mardi 13 fe\u0301vrier 2024 en de\u0301b ...\",\"breadcrumb\":{\"@id\":\"https:\/\/www.africa-press.net\/niger\/politique\/diffa-le-gouverneur-de-la-region-preside-une-reunion-du-conseil-regional-de-securite-crs#breadcrumb\"},\"inLanguage\":\"fr-FR\",\"potentialAction\":[{\"@type\":\"ReadAction\",\"target\":[\"https:\/\/www.africa-press.net\/niger\/politique\/diffa-le-gouverneur-de-la-region-preside-une-reunion-du-conseil-regional-de-securite-crs\"]}]},{\"@type\":\"ImageObject\",\"inLanguage\":\"fr-FR\",\"@id\":\"https:\/\/www.africa-press.net\/niger\/politique\/diffa-le-gouverneur-de-la-region-preside-une-reunion-du-conseil-regional-de-securite-crs#primaryimage\",\"url\":\"https:\/\/static.africa-press.net\/niger\/sites\/40\/2024\/02\/sm_1707821211.765043.jpg\",\"contentUrl\":\"https:\/\/static.africa-press.net\/niger\/sites\/40\/2024\/02\/sm_1707821211.765043.jpg\",\"width\":960,\"height\":540,\"caption\":\"Diffa : le Gouverneur de la r\u00e9gion pr\u00e9side une r\u00e9union du conseil r\u00e9gional de s\u00e9curit\u00e9 (CRS)\"},{\"@type\":\"BreadcrumbList\",\"@id\":\"https:\/\/www.africa-press.net\/niger\/politique\/diffa-le-gouverneur-de-la-region-preside-une-reunion-du-conseil-regional-de-securite-crs#breadcrumb\",\"itemListElement\":[{\"@type\":\"ListItem\",\"position\":1,\"name\":\"Accueil\",\"item\":\"https:\/\/www.africa-press.net\/niger\/\"},{\"@type\":\"ListItem\",\"position\":2,\"name\":\"Diffa : le Gouverneur de la r\u00e9gion pr\u00e9side une r\u00e9union du conseil r\u00e9gional de s\u00e9curit\u00e9 (CRS)\"}]},{\"@type\":\"WebSite\",\"@id\":\"https:\/\/www.africa-press.net\/niger\/#website\",\"url\":\"https:\/\/www.africa-press.net\/niger\/\",\"name\":\"niger\",\"description\":\"Just another Africa News Agency Sites site\",\"potentialAction\":[{\"@type\":\"SearchAction\",\"target\":{\"@type\":\"EntryPoint\",\"urlTemplate\":\"https:\/\/www.africa-press.net\/niger\/?s={search_term_string}\"},\"query-input\":{\"@type\":\"PropertyValueSpecification\",\"valueRequired\":true,\"valueName\":\"search_term_string\"}}],\"inLanguage\":\"fr-FR\"},{\"@type\":\"Person\",\"@id\":\"https:\/\/www.africa-press.net\/niger\/#\/schema\/person\/2b1cf3cd81a31e3cd26889ca66d677f1\",\"name\":\"cfeditorfr\"}]}<\/script>\n<!-- \/ Yoast SEO Premium plugin. -->","yoast_head_json":{"title":"Diffa : le Gouverneur de la r\u00e9gion pr\u00e9side une r\u00e9union du conseil r\u00e9gional de s\u00e9curit\u00e9 (CRS) - niger","description":"Le Gouverneur de la re\u0301gion de Diffa, Ge\u0301ne\u0301ral Mahamadou Ibrahim Bagadoma a pre\u0301side\u0301 ce Mardi 13 fe\u0301vrier 2024 en de\u0301b ...","robots":{"index":"index","follow":"follow","max-snippet":"max-snippet:-1","max-image-preview":"max-image-preview:large","max-video-preview":"max-video-preview:-1"},"canonical":"https:\/\/www.africa-press.net\/niger\/politique\/diffa-le-gouverneur-de-la-region-preside-une-reunion-du-conseil-regional-de-securite-crs","og_locale":"fr_FR","og_type":"article","og_title":"Diffa : le Gouverneur de la r\u00e9gion pr\u00e9side une r\u00e9union du conseil r\u00e9gional de s\u00e9curit\u00e9 (CRS)","og_description":"Le Gouverneur de la re\u0301gion de Diffa, Ge\u0301ne\u0301ral Mahamadou Ibrahim Bagadoma a pre\u0301side\u0301 ce Mardi 13 fe\u0301vrier 2024 en de\u0301b ...","og_url":"https:\/\/www.africa-press.net\/niger\/politique\/diffa-le-gouverneur-de-la-region-preside-une-reunion-du-conseil-regional-de-securite-crs","og_site_name":"niger","article_published_time":"2024-02-13T13:21:40+00:00","article_modified_time":"2024-02-13T14:18:29+00:00","og_image":[{"width":960,"height":540,"url":"https:\/\/static.africa-press.net\/niger\/sites\/40\/2024\/02\/sm_1707821211.765043.jpg","type":"image\/jpeg"}],"author":"cfeditorfr","twitter_card":"summary_large_image","twitter_misc":{"\u00c9crit par":"cfeditorfr","Dur\u00e9e de lecture estim\u00e9e":"1 minute"},"schema":{"@context":"https:\/\/schema.org","@graph":[{"@type":"Article","@id":"https:\/\/www.africa-press.net\/niger\/politique\/diffa-le-gouverneur-de-la-region-preside-une-reunion-du-conseil-regional-de-securite-crs#article","isPartOf":{"@id":"https:\/\/www.africa-press.net\/niger\/politique\/diffa-le-gouverneur-de-la-region-preside-une-reunion-du-conseil-regional-de-securite-crs"},"author":{"name":"cfeditorfr","@id":"https:\/\/www.africa-press.net\/niger\/#\/schema\/person\/2b1cf3cd81a31e3cd26889ca66d677f1"},"headline":"Diffa : le Gouverneur de la r\u00e9gion pr\u00e9side une r\u00e9union du conseil r\u00e9gional de s\u00e9curit\u00e9 (CRS)","datePublished":"2024-02-13T13:21:40+00:00","dateModified":"2024-02-13T14:18:29+00:00","mainEntityOfPage":{"@id":"https:\/\/www.africa-press.net\/niger\/politique\/diffa-le-gouverneur-de-la-region-preside-une-reunion-du-conseil-regional-de-securite-crs"},"wordCount":138,"commentCount":0,"image":{"@id":"https:\/\/www.africa-press.net\/niger\/politique\/diffa-le-gouverneur-de-la-region-preside-une-reunion-du-conseil-regional-de-securite-crs#primaryimage"},"thumbnailUrl":"https:\/\/static.africa-press.net\/niger\/sites\/40\/2024\/02\/sm_1707821211.765043.jpg","keywords":["Africa Press","Africa Press-Niger","Niger"],"articleSection":["Politique","Toutes les actualit\u00e9s"],"inLanguage":"fr-FR","potentialAction":[{"@type":"CommentAction","name":"Comment","target":["https:\/\/www.africa-press.net\/niger\/politique\/diffa-le-gouverneur-de-la-region-preside-une-reunion-du-conseil-regional-de-securite-crs#respond"]}]},{"@type":"WebPage","@id":"https:\/\/www.africa-press.net\/niger\/politique\/diffa-le-gouverneur-de-la-region-preside-une-reunion-du-conseil-regional-de-securite-crs","url":"https:\/\/www.africa-press.net\/niger\/politique\/diffa-le-gouverneur-de-la-region-preside-une-reunion-du-conseil-regional-de-securite-crs","name":"Diffa : le Gouverneur de la r\u00e9gion pr\u00e9side une r\u00e9union du conseil r\u00e9gional de s\u00e9curit\u00e9 (CRS) - niger","isPartOf":{"@id":"https:\/\/www.africa-press.net\/niger\/#website"},"primaryImageOfPage":{"@id":"https:\/\/www.africa-press.net\/niger\/politique\/diffa-le-gouverneur-de-la-region-preside-une-reunion-du-conseil-regional-de-securite-crs#primaryimage"},"image":{"@id":"https:\/\/www.africa-press.net\/niger\/politique\/diffa-le-gouverneur-de-la-region-preside-une-reunion-du-conseil-regional-de-securite-crs#primaryimage"},"thumbnailUrl":"https:\/\/static.africa-press.net\/niger\/sites\/40\/2024\/02\/sm_1707821211.765043.jpg","datePublished":"2024-02-13T13:21:40+00:00","dateModified":"2024-02-13T14:18:29+00:00","author":{"@id":"https:\/\/www.africa-press.net\/niger\/#\/schema\/person\/2b1cf3cd81a31e3cd26889ca66d677f1"},"description":"Le Gouverneur de la re\u0301gion de Diffa, Ge\u0301ne\u0301ral Mahamadou Ibrahim Bagadoma a pre\u0301side\u0301 ce Mardi 13 fe\u0301vrier 2024 en de\u0301b ...","breadcrumb":{"@id":"https:\/\/www.africa-press.net\/niger\/politique\/diffa-le-gouverneur-de-la-region-preside-une-reunion-du-conseil-regional-de-securite-crs#breadcrumb"},"inLanguage":"fr-FR","potentialAction":[{"@type":"ReadAction","target":["https:\/\/www.africa-press.net\/niger\/politique\/diffa-le-gouverneur-de-la-region-preside-une-reunion-du-conseil-regional-de-securite-crs"]}]},{"@type":"ImageObject","inLanguage":"fr-FR","@id":"https:\/\/www.africa-press.net\/niger\/politique\/diffa-le-gouverneur-de-la-region-preside-une-reunion-du-conseil-regional-de-securite-crs#primaryimage","url":"https:\/\/static.africa-press.net\/niger\/sites\/40\/2024\/02\/sm_1707821211.765043.jpg","contentUrl":"https:\/\/static.africa-press.net\/niger\/sites\/40\/2024\/02\/sm_1707821211.765043.jpg","width":960,"height":540,"caption":"Diffa : le Gouverneur de la r\u00e9gion pr\u00e9side une r\u00e9union du conseil r\u00e9gional de s\u00e9curit\u00e9 (CRS)"},{"@type":"BreadcrumbList","@id":"https:\/\/www.africa-press.net\/niger\/politique\/diffa-le-gouverneur-de-la-region-preside-une-reunion-du-conseil-regional-de-securite-crs#breadcrumb","itemListElement":[{"@type":"ListItem","position":1,"name":"Accueil","item":"https:\/\/www.africa-press.net\/niger\/"},{"@type":"ListItem","position":2,"name":"Diffa : le Gouverneur de la r\u00e9gion pr\u00e9side une r\u00e9union du conseil r\u00e9gional de s\u00e9curit\u00e9 (CRS)"}]},{"@type":"WebSite","@id":"https:\/\/www.africa-press.net\/niger\/#website","url":"https:\/\/www.africa-press.net\/niger\/","name":"niger","description":"Just another Africa News Agency Sites site","potentialAction":[{"@type":"SearchAction","target":{"@type":"EntryPoint","urlTemplate":"https:\/\/www.africa-press.net\/niger\/?s={search_term_string}"},"query-input":{"@type":"PropertyValueSpecification","valueRequired":true,"valueName":"search_term_string"}}],"inLanguage":"fr-FR"},{"@type":"Person","@id":"https:\/\/www.africa-press.net\/niger\/#\/schema\/person\/2b1cf3cd81a31e3cd26889ca66d677f1","name":"cfeditorfr"}]}},"_links":{"self":[{"href":"https:\/\/www.africa-press.net\/niger\/wp-json\/wp\/v2\/posts\/58531","targetHints":{"allow":["GET"]}}],"collection":[{"href":"https:\/\/www.africa-press.net\/niger\/wp-json\/wp\/v2\/posts"}],"about":[{"href":"https:\/\/www.africa-press.net\/niger\/wp-json\/wp\/v2\/types\/post"}],"author":[{"embeddable":true,"href":"https:\/\/www.africa-press.net\/niger\/wp-json\/wp\/v2\/users\/82"}],"replies":[{"embeddable":true,"href":"https:\/\/www.africa-press.net\/niger\/wp-json\/wp\/v2\/comments?post=58531"}],"version-history":[{"count":0,"href":"https:\/\/www.africa-press.net\/niger\/wp-json\/wp\/v2\/posts\/58531\/revisions"}],"wp:featuredmedia":[{"embeddable":true,"href":"https:\/\/www.africa-press.net\/niger\/wp-json\/wp\/v2\/media\/58530"}],"wp:attachment":[{"href":"https:\/\/www.africa-press.net\/niger\/wp-json\/wp\/v2\/media?parent=58531"}],"wp:term":[{"taxonomy":"category","embeddable":true,"href":"https:\/\/www.africa-press.net\/niger\/wp-json\/wp\/v2\/categories?post=58531"},{"taxonomy":"post_tag","embeddable":true,"href":"https:\/\/www.africa-press.net\/niger\/wp-json\/wp\/v2\/tags?post=58531"}],"curies":[{"name":"wp","href":"https:\/\/api.w.org\/{rel}","templated":true}]}}