{"id":58534,"date":"2024-02-13T13:21:55","date_gmt":"2024-02-13T13:21:55","guid":{"rendered":"https:\/\/www.africa-press.net\/niger\/politique\/diffa-9e-edition-du-camp-de-la-cataracte-plus-de-5000-patients-seront-pris-en-charge"},"modified":"2024-02-13T14:18:57","modified_gmt":"2024-02-13T14:18:57","slug":"diffa-9e-edition-du-camp-de-la-cataracte-plus-de-5000-patients-seront-pris-en-charge","status":"publish","type":"post","link":"https:\/\/www.africa-press.net\/niger\/toutes-les-actualites\/diffa-9e-edition-du-camp-de-la-cataracte-plus-de-5000-patients-seront-pris-en-charge","title":{"rendered":"Diffa, 9e \u00e9dition du camp de la cataracte : plus de 5000 patients seront pris en charge"},"content":{"rendered":"<p><span style=\"color: #ff6600\"><strong>Africa-Press &#8211; Niger. <\/strong><\/span>C\u2019est plus de 5000 patients atteints par la cataracte qui seront pris en charge lors de la 9e e\u0301dition du camp de cataracte qu\u2019organise l\u2019ONG Abwaboul-Khair en collaboration avec son partenaire I\u2019ONG AL-BASAR INTERNATIONAL, qui a e\u0301te\u0301 officiellement lance\u0301e mardi 13 fe\u0301vrier 2024, a\u0300 la Maison des Jeunes et de la Culture (MJC) de Diffa par le gouverneur de la re\u0301gion, le Ge\u0301ne\u0301ral Ibrahim Mahamadou Bagadoma.<\/p>\n<p>Apre\u0300s avoir officiellement lance\u0301 cette ope\u0301ration au niveau du centre de diagnostic et d\u2019administration des produits pour les cas ne ne\u0301cessitant pas une intervention loge\u0301 a\u0300 la maison des jeunes et de la culture de Diffa, le gouverneur Ibrahim Bagadoma s\u2019est transporte\u0301 au centre hospitalier re\u0301gional de Diffa ou\u0300 se de\u0301roulent les ope\u0301rations des patients.<\/p>\n<p>\u2018\u2019 L\u2019anne\u0301e commence de\u0301ja\u0300 bien dans la re\u0301gion de Diffa pour nous, avec cette premie\u0300re campagne de lutte contre la cataracte pour 2024, qui est la 9e du genre dans notre re\u0301gion\u2019\u2019, a de\u0301clare\u0301 le ge\u0301ne\u0301ral Bagadoma a\u0300 l\u2019issu de sa visite au Centre Hospitalier Re\u0301gional (CHR).<\/p>\n<p>Il a par la suite, adresse\u0301 ses mots encouragements et de remerciement des plus hautes autorite\u0301s du Niger, a\u0300 cette ONG et ses partenaires qui sont en train de \u2018\u2019nous appuyer sur le bien-e\u0302tre de nos populations \u2018\u2019.<\/p>\n<p>\u2018\u2019 Nous sommes tre\u0300s satisfaits de ce que nous avons vu ici et du travail qu\u2019ils sont en train de faire\u2019\u2019, a enfin reconnu le Gouverneur Ibrahim Bagadoma.<\/p>\n<p>Selon le Pre\u0301sident de l\u2019ONG Abwaboul-Khair, Malam Salissou Garba Abdou, ladite campagne de lutte contre la cataracte qui se tiendra du 12 au 17 fe\u0301vrier 2024, a pour objectif de lutter \u2018\u2019efficacement contre la ce\u0301cite\u0301 dans la re\u0301gion de Diffa dans le but de contribuer a\u0300 l\u2019ame\u0301lioration de la sante\u0301 de nos populations\u2019\u2019.<\/p>\n<p>A\u0300 la date d\u2019aujourd\u2019hui, plus de 8000 patients ont e\u0301te\u0301 examine\u0301s pour un objectif de 5000 patients a\u0300 prendre en charge.<\/p>\n<p><strong>Pour plus d&rsquo;informations et d&rsquo;analyses sur la <a href=\"https:\/\/www.africa-press.net\/niger\">Niger<\/a>, suivez <a href=\"https:\/\/www.africa-press.net\/\">Africa-Press<\/a><\/strong><\/p>\n","protected":false},"excerpt":{"rendered":"<p>Africa-Press &#8211; Niger. C\u2019est plus de 5000 patients atteints par la cataracte qui seront pris en charge lors de la 9e e\u0301dition du camp de cataracte qu\u2019organise l\u2019ONG Abwaboul-Khair en collaboration avec son partenaire I\u2019ONG AL-BASAR INTERNATIONAL, qui a e\u0301te\u0301 officiellement lance\u0301e mardi 13 fe\u0301vrier 2024, a\u0300 la Maison des Jeunes et de la Culture [&hellip;]<\/p>\n","protected":false},"author":82,"featured_media":58533,"comment_status":"open","ping_status":"closed","sticky":false,"template":"","format":"standard","meta":{"footnotes":""},"categories":[21,10],"tags":[55,60,29],"class_list":["post-58534","post","type-post","status-publish","format-standard","has-post-thumbnail","hentry","category-communaute","category-toutes-les-actualites","tag-africa-press","tag-africa-press-niger","tag-niger"],"yoast_head":"<!-- This site is optimized with the Yoast SEO Premium plugin v26.1 (Yoast SEO v27.0) - https:\/\/yoast.com\/product\/yoast-seo-premium-wordpress\/ -->\n<title>Diffa, 9e \u00e9dition du camp de la cataracte : plus de 5000 patients seront pris en charge - niger<\/title>\n<meta name=\"description\" content=\"C\u2019est plus de 5000 patients atteints par la cataracte qui seront pris en charge lors de la 9e e\u0301dition du camp de catara ...\" \/>\n<meta name=\"robots\" content=\"index, follow, max-snippet:-1, max-image-preview:large, max-video-preview:-1\" \/>\n<link rel=\"canonical\" href=\"https:\/\/www.africa-press.net\/niger\/toutes-les-actualites\/diffa-9e-edition-du-camp-de-la-cataracte-plus-de-5000-patients-seront-pris-en-charge\" \/>\n<meta property=\"og:locale\" content=\"fr_FR\" \/>\n<meta property=\"og:type\" content=\"article\" \/>\n<meta property=\"og:title\" content=\"Diffa, 9e \u00e9dition du camp de la cataracte : plus de 5000 patients seront pris en charge\" \/>\n<meta property=\"og:description\" content=\"C\u2019est plus de 5000 patients atteints par la cataracte qui seront pris en charge lors de la 9e e\u0301dition du camp de catara ...\" \/>\n<meta property=\"og:url\" content=\"https:\/\/www.africa-press.net\/niger\/toutes-les-actualites\/diffa-9e-edition-du-camp-de-la-cataracte-plus-de-5000-patients-seront-pris-en-charge\" \/>\n<meta property=\"og:site_name\" content=\"niger\" \/>\n<meta property=\"article:published_time\" content=\"2024-02-13T13:21:55+00:00\" \/>\n<meta property=\"article:modified_time\" content=\"2024-02-13T14:18:57+00:00\" \/>\n<meta property=\"og:image\" content=\"https:\/\/static.africa-press.net\/niger\/sites\/40\/2024\/02\/sm_1707821236.900301.jpg\" \/>\n\t<meta property=\"og:image:width\" content=\"960\" \/>\n\t<meta property=\"og:image:height\" content=\"640\" \/>\n\t<meta property=\"og:image:type\" content=\"image\/jpeg\" \/>\n<meta name=\"author\" content=\"cfeditorfr\" \/>\n<meta name=\"twitter:card\" content=\"summary_large_image\" \/>\n<meta name=\"twitter:label1\" content=\"\u00c9crit par\" \/>\n\t<meta name=\"twitter:data1\" content=\"cfeditorfr\" \/>\n\t<meta name=\"twitter:label2\" content=\"Dur\u00e9e de lecture estim\u00e9e\" \/>\n\t<meta name=\"twitter:data2\" content=\"2 minutes\" \/>\n<script type=\"application\/ld+json\" class=\"yoast-schema-graph\">{\"@context\":\"https:\/\/schema.org\",\"@graph\":[{\"@type\":\"Article\",\"@id\":\"https:\/\/www.africa-press.net\/niger\/toutes-les-actualites\/diffa-9e-edition-du-camp-de-la-cataracte-plus-de-5000-patients-seront-pris-en-charge#article\",\"isPartOf\":{\"@id\":\"https:\/\/www.africa-press.net\/niger\/toutes-les-actualites\/diffa-9e-edition-du-camp-de-la-cataracte-plus-de-5000-patients-seront-pris-en-charge\"},\"author\":{\"name\":\"cfeditorfr\",\"@id\":\"https:\/\/www.africa-press.net\/niger\/#\/schema\/person\/2b1cf3cd81a31e3cd26889ca66d677f1\"},\"headline\":\"Diffa, 9e \u00e9dition du camp de la cataracte : plus de 5000 patients seront pris en charge\",\"datePublished\":\"2024-02-13T13:21:55+00:00\",\"dateModified\":\"2024-02-13T14:18:57+00:00\",\"mainEntityOfPage\":{\"@id\":\"https:\/\/www.africa-press.net\/niger\/toutes-les-actualites\/diffa-9e-edition-du-camp-de-la-cataracte-plus-de-5000-patients-seront-pris-en-charge\"},\"wordCount\":371,\"commentCount\":0,\"image\":{\"@id\":\"https:\/\/www.africa-press.net\/niger\/toutes-les-actualites\/diffa-9e-edition-du-camp-de-la-cataracte-plus-de-5000-patients-seront-pris-en-charge#primaryimage\"},\"thumbnailUrl\":\"https:\/\/static.africa-press.net\/niger\/sites\/40\/2024\/02\/sm_1707821236.900301.jpg\",\"keywords\":[\"Africa Press\",\"Africa Press-Niger\",\"Niger\"],\"articleSection\":[\"Communaut\u00e9\",\"Toutes les actualit\u00e9s\"],\"inLanguage\":\"fr-FR\",\"potentialAction\":[{\"@type\":\"CommentAction\",\"name\":\"Comment\",\"target\":[\"https:\/\/www.africa-press.net\/niger\/toutes-les-actualites\/diffa-9e-edition-du-camp-de-la-cataracte-plus-de-5000-patients-seront-pris-en-charge#respond\"]}]},{\"@type\":\"WebPage\",\"@id\":\"https:\/\/www.africa-press.net\/niger\/toutes-les-actualites\/diffa-9e-edition-du-camp-de-la-cataracte-plus-de-5000-patients-seront-pris-en-charge\",\"url\":\"https:\/\/www.africa-press.net\/niger\/toutes-les-actualites\/diffa-9e-edition-du-camp-de-la-cataracte-plus-de-5000-patients-seront-pris-en-charge\",\"name\":\"Diffa, 9e \u00e9dition du camp de la cataracte : plus de 5000 patients seront pris en charge - niger\",\"isPartOf\":{\"@id\":\"https:\/\/www.africa-press.net\/niger\/#website\"},\"primaryImageOfPage\":{\"@id\":\"https:\/\/www.africa-press.net\/niger\/toutes-les-actualites\/diffa-9e-edition-du-camp-de-la-cataracte-plus-de-5000-patients-seront-pris-en-charge#primaryimage\"},\"image\":{\"@id\":\"https:\/\/www.africa-press.net\/niger\/toutes-les-actualites\/diffa-9e-edition-du-camp-de-la-cataracte-plus-de-5000-patients-seront-pris-en-charge#primaryimage\"},\"thumbnailUrl\":\"https:\/\/static.africa-press.net\/niger\/sites\/40\/2024\/02\/sm_1707821236.900301.jpg\",\"datePublished\":\"2024-02-13T13:21:55+00:00\",\"dateModified\":\"2024-02-13T14:18:57+00:00\",\"author\":{\"@id\":\"https:\/\/www.africa-press.net\/niger\/#\/schema\/person\/2b1cf3cd81a31e3cd26889ca66d677f1\"},\"description\":\"C\u2019est plus de 5000 patients atteints par la cataracte qui seront pris en charge lors de la 9e e\u0301dition du camp de catara ...\",\"breadcrumb\":{\"@id\":\"https:\/\/www.africa-press.net\/niger\/toutes-les-actualites\/diffa-9e-edition-du-camp-de-la-cataracte-plus-de-5000-patients-seront-pris-en-charge#breadcrumb\"},\"inLanguage\":\"fr-FR\",\"potentialAction\":[{\"@type\":\"ReadAction\",\"target\":[\"https:\/\/www.africa-press.net\/niger\/toutes-les-actualites\/diffa-9e-edition-du-camp-de-la-cataracte-plus-de-5000-patients-seront-pris-en-charge\"]}]},{\"@type\":\"ImageObject\",\"inLanguage\":\"fr-FR\",\"@id\":\"https:\/\/www.africa-press.net\/niger\/toutes-les-actualites\/diffa-9e-edition-du-camp-de-la-cataracte-plus-de-5000-patients-seront-pris-en-charge#primaryimage\",\"url\":\"https:\/\/static.africa-press.net\/niger\/sites\/40\/2024\/02\/sm_1707821236.900301.jpg\",\"contentUrl\":\"https:\/\/static.africa-press.net\/niger\/sites\/40\/2024\/02\/sm_1707821236.900301.jpg\",\"width\":960,\"height\":640,\"caption\":\"Diffa, 9e \u00e9dition du camp de la cataracte : plus de 5000 patients seront pris en charge\"},{\"@type\":\"BreadcrumbList\",\"@id\":\"https:\/\/www.africa-press.net\/niger\/toutes-les-actualites\/diffa-9e-edition-du-camp-de-la-cataracte-plus-de-5000-patients-seront-pris-en-charge#breadcrumb\",\"itemListElement\":[{\"@type\":\"ListItem\",\"position\":1,\"name\":\"Accueil\",\"item\":\"https:\/\/www.africa-press.net\/niger\/\"},{\"@type\":\"ListItem\",\"position\":2,\"name\":\"Diffa, 9e \u00e9dition du camp de la cataracte : plus de 5000 patients seront pris en charge\"}]},{\"@type\":\"WebSite\",\"@id\":\"https:\/\/www.africa-press.net\/niger\/#website\",\"url\":\"https:\/\/www.africa-press.net\/niger\/\",\"name\":\"niger\",\"description\":\"Just another Africa News Agency Sites site\",\"potentialAction\":[{\"@type\":\"SearchAction\",\"target\":{\"@type\":\"EntryPoint\",\"urlTemplate\":\"https:\/\/www.africa-press.net\/niger\/?s={search_term_string}\"},\"query-input\":{\"@type\":\"PropertyValueSpecification\",\"valueRequired\":true,\"valueName\":\"search_term_string\"}}],\"inLanguage\":\"fr-FR\"},{\"@type\":\"Person\",\"@id\":\"https:\/\/www.africa-press.net\/niger\/#\/schema\/person\/2b1cf3cd81a31e3cd26889ca66d677f1\",\"name\":\"cfeditorfr\"}]}<\/script>\n<!-- \/ Yoast SEO Premium plugin. -->","yoast_head_json":{"title":"Diffa, 9e \u00e9dition du camp de la cataracte : plus de 5000 patients seront pris en charge - niger","description":"C\u2019est plus de 5000 patients atteints par la cataracte qui seront pris en charge lors de la 9e e\u0301dition du camp de catara ...","robots":{"index":"index","follow":"follow","max-snippet":"max-snippet:-1","max-image-preview":"max-image-preview:large","max-video-preview":"max-video-preview:-1"},"canonical":"https:\/\/www.africa-press.net\/niger\/toutes-les-actualites\/diffa-9e-edition-du-camp-de-la-cataracte-plus-de-5000-patients-seront-pris-en-charge","og_locale":"fr_FR","og_type":"article","og_title":"Diffa, 9e \u00e9dition du camp de la cataracte : plus de 5000 patients seront pris en charge","og_description":"C\u2019est plus de 5000 patients atteints par la cataracte qui seront pris en charge lors de la 9e e\u0301dition du camp de catara ...","og_url":"https:\/\/www.africa-press.net\/niger\/toutes-les-actualites\/diffa-9e-edition-du-camp-de-la-cataracte-plus-de-5000-patients-seront-pris-en-charge","og_site_name":"niger","article_published_time":"2024-02-13T13:21:55+00:00","article_modified_time":"2024-02-13T14:18:57+00:00","og_image":[{"width":960,"height":640,"url":"https:\/\/static.africa-press.net\/niger\/sites\/40\/2024\/02\/sm_1707821236.900301.jpg","type":"image\/jpeg"}],"author":"cfeditorfr","twitter_card":"summary_large_image","twitter_misc":{"\u00c9crit par":"cfeditorfr","Dur\u00e9e de lecture estim\u00e9e":"2 minutes"},"schema":{"@context":"https:\/\/schema.org","@graph":[{"@type":"Article","@id":"https:\/\/www.africa-press.net\/niger\/toutes-les-actualites\/diffa-9e-edition-du-camp-de-la-cataracte-plus-de-5000-patients-seront-pris-en-charge#article","isPartOf":{"@id":"https:\/\/www.africa-press.net\/niger\/toutes-les-actualites\/diffa-9e-edition-du-camp-de-la-cataracte-plus-de-5000-patients-seront-pris-en-charge"},"author":{"name":"cfeditorfr","@id":"https:\/\/www.africa-press.net\/niger\/#\/schema\/person\/2b1cf3cd81a31e3cd26889ca66d677f1"},"headline":"Diffa, 9e \u00e9dition du camp de la cataracte : plus de 5000 patients seront pris en charge","datePublished":"2024-02-13T13:21:55+00:00","dateModified":"2024-02-13T14:18:57+00:00","mainEntityOfPage":{"@id":"https:\/\/www.africa-press.net\/niger\/toutes-les-actualites\/diffa-9e-edition-du-camp-de-la-cataracte-plus-de-5000-patients-seront-pris-en-charge"},"wordCount":371,"commentCount":0,"image":{"@id":"https:\/\/www.africa-press.net\/niger\/toutes-les-actualites\/diffa-9e-edition-du-camp-de-la-cataracte-plus-de-5000-patients-seront-pris-en-charge#primaryimage"},"thumbnailUrl":"https:\/\/static.africa-press.net\/niger\/sites\/40\/2024\/02\/sm_1707821236.900301.jpg","keywords":["Africa Press","Africa Press-Niger","Niger"],"articleSection":["Communaut\u00e9","Toutes les actualit\u00e9s"],"inLanguage":"fr-FR","potentialAction":[{"@type":"CommentAction","name":"Comment","target":["https:\/\/www.africa-press.net\/niger\/toutes-les-actualites\/diffa-9e-edition-du-camp-de-la-cataracte-plus-de-5000-patients-seront-pris-en-charge#respond"]}]},{"@type":"WebPage","@id":"https:\/\/www.africa-press.net\/niger\/toutes-les-actualites\/diffa-9e-edition-du-camp-de-la-cataracte-plus-de-5000-patients-seront-pris-en-charge","url":"https:\/\/www.africa-press.net\/niger\/toutes-les-actualites\/diffa-9e-edition-du-camp-de-la-cataracte-plus-de-5000-patients-seront-pris-en-charge","name":"Diffa, 9e \u00e9dition du camp de la cataracte : plus de 5000 patients seront pris en charge - niger","isPartOf":{"@id":"https:\/\/www.africa-press.net\/niger\/#website"},"primaryImageOfPage":{"@id":"https:\/\/www.africa-press.net\/niger\/toutes-les-actualites\/diffa-9e-edition-du-camp-de-la-cataracte-plus-de-5000-patients-seront-pris-en-charge#primaryimage"},"image":{"@id":"https:\/\/www.africa-press.net\/niger\/toutes-les-actualites\/diffa-9e-edition-du-camp-de-la-cataracte-plus-de-5000-patients-seront-pris-en-charge#primaryimage"},"thumbnailUrl":"https:\/\/static.africa-press.net\/niger\/sites\/40\/2024\/02\/sm_1707821236.900301.jpg","datePublished":"2024-02-13T13:21:55+00:00","dateModified":"2024-02-13T14:18:57+00:00","author":{"@id":"https:\/\/www.africa-press.net\/niger\/#\/schema\/person\/2b1cf3cd81a31e3cd26889ca66d677f1"},"description":"C\u2019est plus de 5000 patients atteints par la cataracte qui seront pris en charge lors de la 9e e\u0301dition du camp de catara ...","breadcrumb":{"@id":"https:\/\/www.africa-press.net\/niger\/toutes-les-actualites\/diffa-9e-edition-du-camp-de-la-cataracte-plus-de-5000-patients-seront-pris-en-charge#breadcrumb"},"inLanguage":"fr-FR","potentialAction":[{"@type":"ReadAction","target":["https:\/\/www.africa-press.net\/niger\/toutes-les-actualites\/diffa-9e-edition-du-camp-de-la-cataracte-plus-de-5000-patients-seront-pris-en-charge"]}]},{"@type":"ImageObject","inLanguage":"fr-FR","@id":"https:\/\/www.africa-press.net\/niger\/toutes-les-actualites\/diffa-9e-edition-du-camp-de-la-cataracte-plus-de-5000-patients-seront-pris-en-charge#primaryimage","url":"https:\/\/static.africa-press.net\/niger\/sites\/40\/2024\/02\/sm_1707821236.900301.jpg","contentUrl":"https:\/\/static.africa-press.net\/niger\/sites\/40\/2024\/02\/sm_1707821236.900301.jpg","width":960,"height":640,"caption":"Diffa, 9e \u00e9dition du camp de la cataracte : plus de 5000 patients seront pris en charge"},{"@type":"BreadcrumbList","@id":"https:\/\/www.africa-press.net\/niger\/toutes-les-actualites\/diffa-9e-edition-du-camp-de-la-cataracte-plus-de-5000-patients-seront-pris-en-charge#breadcrumb","itemListElement":[{"@type":"ListItem","position":1,"name":"Accueil","item":"https:\/\/www.africa-press.net\/niger\/"},{"@type":"ListItem","position":2,"name":"Diffa, 9e \u00e9dition du camp de la cataracte : plus de 5000 patients seront pris en charge"}]},{"@type":"WebSite","@id":"https:\/\/www.africa-press.net\/niger\/#website","url":"https:\/\/www.africa-press.net\/niger\/","name":"niger","description":"Just another Africa News Agency Sites site","potentialAction":[{"@type":"SearchAction","target":{"@type":"EntryPoint","urlTemplate":"https:\/\/www.africa-press.net\/niger\/?s={search_term_string}"},"query-input":{"@type":"PropertyValueSpecification","valueRequired":true,"valueName":"search_term_string"}}],"inLanguage":"fr-FR"},{"@type":"Person","@id":"https:\/\/www.africa-press.net\/niger\/#\/schema\/person\/2b1cf3cd81a31e3cd26889ca66d677f1","name":"cfeditorfr"}]}},"_links":{"self":[{"href":"https:\/\/www.africa-press.net\/niger\/wp-json\/wp\/v2\/posts\/58534","targetHints":{"allow":["GET"]}}],"collection":[{"href":"https:\/\/www.africa-press.net\/niger\/wp-json\/wp\/v2\/posts"}],"about":[{"href":"https:\/\/www.africa-press.net\/niger\/wp-json\/wp\/v2\/types\/post"}],"author":[{"embeddable":true,"href":"https:\/\/www.africa-press.net\/niger\/wp-json\/wp\/v2\/users\/82"}],"replies":[{"embeddable":true,"href":"https:\/\/www.africa-press.net\/niger\/wp-json\/wp\/v2\/comments?post=58534"}],"version-history":[{"count":0,"href":"https:\/\/www.africa-press.net\/niger\/wp-json\/wp\/v2\/posts\/58534\/revisions"}],"wp:featuredmedia":[{"embeddable":true,"href":"https:\/\/www.africa-press.net\/niger\/wp-json\/wp\/v2\/media\/58533"}],"wp:attachment":[{"href":"https:\/\/www.africa-press.net\/niger\/wp-json\/wp\/v2\/media?parent=58534"}],"wp:term":[{"taxonomy":"category","embeddable":true,"href":"https:\/\/www.africa-press.net\/niger\/wp-json\/wp\/v2\/categories?post=58534"},{"taxonomy":"post_tag","embeddable":true,"href":"https:\/\/www.africa-press.net\/niger\/wp-json\/wp\/v2\/tags?post=58534"}],"curies":[{"name":"wp","href":"https:\/\/api.w.org\/{rel}","templated":true}]}}