{"id":58542,"date":"2024-02-13T13:31:16","date_gmt":"2024-02-13T13:31:16","guid":{"rendered":"https:\/\/www.africa-press.net\/niger\/politique\/message-du-ministre-de-la-sante-publique-de-la-population-et-des-affaires-sociales-sensibiliser-la-population-afin-de-briser-les-tabous-sur-la-maladie"},"modified":"2024-02-13T14:20:54","modified_gmt":"2024-02-13T14:20:54","slug":"message-du-ministre-de-la-sante-publique-de-la-population-et-des-affaires-sociales-sensibiliser-la-population-afin-de-briser-les-tabous-sur-la-maladie","status":"publish","type":"post","link":"https:\/\/www.africa-press.net\/niger\/toutes-les-actualites\/message-du-ministre-de-la-sante-publique-de-la-population-et-des-affaires-sociales-sensibiliser-la-population-afin-de-briser-les-tabous-sur-la-maladie","title":{"rendered":"Message du ministre de la Sant\u00e9 Publique, de la Population et des Affaires Sociales : Sensibiliser la population afin de briser les tabous sur la maladie"},"content":{"rendered":"<p><span style=\"color: #ff6600\"><strong>Africa-Press &#8211; Niger. <\/strong><\/span><b>Aujourd\u2019hui lundi 12 fe\u0301vrier 2024, le Niger se joint a\u0300 la communaute\u0301 internationale pour ce\u0301le\u0301brer la journe\u0301e internationale de l\u2019e\u0301pilepsie, e\u0301dition 2024. A cette occasion, le ministre de la Sante\u0301 publique, de la population et des affaires sociales, le Me\u0301decin Colonel Major Garba Hakimi a livre\u0301 un message comme\u0301moratif dans lequel il a rappele\u0301 que cette journe\u0301e est ce\u0301le\u0301bre\u0301e chaque anne\u0301e dans plus de 140 pays a\u0300 travers le monde. Elle a pour objectif de sensibiliser le public a\u0300 cette maladie neurologique insuffisamment connue. Elle permettra de reconnaitre et mettre en e\u0301vidence les proble\u0300mes rencontre\u0301s par les personnes souffrant d\u2019e\u0301pilepsie, leurs proches et leurs soignants. Le the\u0300me de cette anne\u0301e est \u00ab Ensemble, changeons le regard sur l\u2019e\u0301pilepsie ! \u00bb.<\/b><\/p>\n<p>Pour le ministre de la Sante\u0301 publique, de la population et des affaires sociales, le the\u0300me de cette anne\u0301e est retenu en vue d\u2019informer et sensibiliser sur cette maladie et la mettre en lumie\u0300re, de combattre la me\u0301connaissance et les pre\u0301juge\u0301s qui l\u2019entourent. \u00ab C\u2019est en unissant nos efforts, en changeant les mentalite\u0301s et les e\u0301tats d\u2019esprit qu\u2019on peut y parvenir. L\u2019e\u0301pilepsie reste une maladie encore mal connue. C\u2019est pourquoi, malades et me\u0301decins ont de\u0301cide\u0301 de sortir l\u2019e\u0301pilepsie de l\u2019ombre en organisant, cette journe\u0301e nationale qui lui est de\u0301die\u0301e. La plupart d\u2019entre nous confondent l\u2019e\u0301pilepsie avec sa manifestation la plus spectaculaire, la crise tonico-clonique ou ge\u0301ne\u0301ralise\u0301e et seulement 20 % savent qu\u2019elle traduit un dysfonctionnement du cerveau \u00bb, a-t-il releve\u0301.<\/p>\n<p>L\u2019e\u0301pilepsie, a-t-il poursuivi, est une maladie neurologique chronique caracte\u0301rise\u0301e par la survenue de crises (dont les formes sont varie\u0301es) qui correspondent a\u0300 un de\u0301re\u0300glement soudain et transitoire de l\u2019activite\u0301 e\u0301lectrique du cerveau. \u00ab En raison de leurs aspects multiples et varie\u0301s, on parle pluto\u0302t des e\u0301pilepsies \u00bb, a pre\u0301cise\u0301 le Me\u0301decin Colonel Major Garba Hakimi. Le ministre en charge de la Sante\u0301 publique a ajoute\u0301 que ces e\u0301pilepsies touchent toutes les tranches d\u2019a\u0302ge, dans tous les milieux, et peuvent provenir de le\u0301sions du cerveau faisant suite a\u0300 un traumatisme cra\u0302nien, une malformation ce\u0301re\u0301brale, un AVC, une infection (ence\u0301phalite, me\u0301ningite), une tumeur. Elles peuvent e\u0301galement avoir une origine ge\u0301ne\u0301tique ou n\u2019avoir aucune cause connue (e\u0301pilepsie idiopathique). Aussi, a-t-il ajoute\u0301, ce n\u2019est ni une maladie contagieuse, ni une maladie mentale.<\/p>\n<p>D\u2019apre\u0300s le ministre de la Sante\u0301 publique, les pre\u0301juge\u0301s autour de l\u2019e\u0301pilepsie pe\u0301nalisent les personnes concerne\u0301es. Elles sont amene\u0301es a\u0300 cacher leur maladie par peur d\u2019e\u0302tre stigmatise\u0301es ou mises a\u0300 l\u2019e\u0301cart. L\u2019e\u0301pilepsie reste encore taboue. De nombreuses ide\u0301es rec\u0327ues circulent toujours, principalement par me\u0301connaissance du public. Un des buts de cette journe\u0301e est d\u2019informer le public sur les bons gestes devant une personne en crise. En particulier, il est inutile de mettre un objet dans la bouche, ou de l\u2019empe\u0302cher de se de\u0301battre. La meilleure attitude est de la placer en position late\u0301rale de se\u0301curite\u0301 et de la prote\u0301ger des regards curieux ou effraye\u0301s. Le Me\u0301decin Colonel Major Garba Hakimi a assure\u0301 qu\u2019a\u0300 l\u2019occasion de cette journe\u0301e, des e\u0301pileptologues (me\u0301decins neurologues spe\u0301cialistes de l\u2019e\u0301pilepsie, des psychiatres et des techniciens de sante\u0301 mentale) mettront leurs efforts pour organiser des cliniques mobiles dans la communaute\u0301 urbaine de Niamey afin d\u2019offrir des soins gratuits aux personnes souffrants de cette maladie.<\/p>\n<p>Aujourd\u2019hui, a indique\u0301 le ministre 70% des cas d\u2019e\u0301pilepsie peuvent e\u0302tre soigne\u0301s avec succe\u0300s. \u00ab Apre\u0300s 2 a\u0300 5 ans sans nouvelle crise, environ 70 % des enfants et 60 % des adultes pourront suspendre, sous contro\u0302le me\u0301dical, le traitement sans risque de rechute. Au Niger, de 2017 a\u0300 2022, environ 11.000 cas d\u2019e\u0301pilepsies ont e\u0301te\u0301 pris en charge \u00bb, a-t-il conclu.<\/p>\n<p>&nbsp;<\/p>\n<p><strong>Pour plus d&rsquo;informations et d&rsquo;analyses sur la <a href=\"https:\/\/www.africa-press.net\/niger\">Niger<\/a>, suivez <a href=\"https:\/\/www.africa-press.net\/\">Africa-Press<\/a><\/strong><\/p>\n","protected":false},"excerpt":{"rendered":"<p>Africa-Press &#8211; Niger. Aujourd\u2019hui lundi 12 fe\u0301vrier 2024, le Niger se joint a\u0300 la communaute\u0301 internationale pour ce\u0301le\u0301brer la journe\u0301e internationale de l\u2019e\u0301pilepsie, e\u0301dition 2024. A cette occasion, le ministre de la Sante\u0301 publique, de la population et des affaires sociales, le Me\u0301decin Colonel Major Garba Hakimi a livre\u0301 un message comme\u0301moratif dans lequel il [&hellip;]<\/p>\n","protected":false},"author":82,"featured_media":58541,"comment_status":"open","ping_status":"closed","sticky":false,"template":"","format":"standard","meta":{"footnotes":""},"categories":[21,10],"tags":[55,60,29],"class_list":["post-58542","post","type-post","status-publish","format-standard","has-post-thumbnail","hentry","category-communaute","category-toutes-les-actualites","tag-africa-press","tag-africa-press-niger","tag-niger"],"yoast_head":"<!-- This site is optimized with the Yoast SEO Premium plugin v26.1 (Yoast SEO v27.0) - https:\/\/yoast.com\/product\/yoast-seo-premium-wordpress\/ -->\n<title>Message du ministre de la Sant\u00e9 Publique, de la Population et des Affaires Sociales : Sensibiliser la population afin de briser les tabous sur la maladie - niger<\/title>\n<meta name=\"description\" content=\"Aujourd\u2019hui lundi 12 fe\u0301vrier 2024, le Niger se joint a\u0300 la communaute\u0301 internationale pour ce\u0301le\u0301brer la journe\u0301e in ...\" \/>\n<meta name=\"robots\" content=\"index, follow, max-snippet:-1, max-image-preview:large, max-video-preview:-1\" \/>\n<link rel=\"canonical\" href=\"https:\/\/www.africa-press.net\/niger\/toutes-les-actualites\/message-du-ministre-de-la-sante-publique-de-la-population-et-des-affaires-sociales-sensibiliser-la-population-afin-de-briser-les-tabous-sur-la-maladie\" \/>\n<meta property=\"og:locale\" content=\"fr_FR\" \/>\n<meta property=\"og:type\" content=\"article\" \/>\n<meta property=\"og:title\" content=\"Message du ministre de la Sant\u00e9 Publique, de la Population et des Affaires Sociales : Sensibiliser la population afin de briser les tabous sur la maladie\" \/>\n<meta property=\"og:description\" content=\"Aujourd\u2019hui lundi 12 fe\u0301vrier 2024, le Niger se joint a\u0300 la communaute\u0301 internationale pour ce\u0301le\u0301brer la journe\u0301e in ...\" \/>\n<meta property=\"og:url\" content=\"https:\/\/www.africa-press.net\/niger\/toutes-les-actualites\/message-du-ministre-de-la-sante-publique-de-la-population-et-des-affaires-sociales-sensibiliser-la-population-afin-de-briser-les-tabous-sur-la-maladie\" \/>\n<meta property=\"og:site_name\" content=\"niger\" \/>\n<meta property=\"article:published_time\" content=\"2024-02-13T13:31:16+00:00\" \/>\n<meta property=\"article:modified_time\" content=\"2024-02-13T14:20:54+00:00\" \/>\n<meta property=\"og:image\" content=\"https:\/\/static.africa-press.net\/niger\/sites\/40\/2024\/02\/sm_1707821372.601123.jpg\" \/>\n\t<meta property=\"og:image:width\" content=\"800\" \/>\n\t<meta property=\"og:image:height\" content=\"533\" \/>\n\t<meta property=\"og:image:type\" content=\"image\/jpeg\" \/>\n<meta name=\"author\" content=\"cfeditorfr\" \/>\n<meta name=\"twitter:card\" content=\"summary_large_image\" \/>\n<meta name=\"twitter:label1\" content=\"\u00c9crit par\" \/>\n\t<meta name=\"twitter:data1\" content=\"cfeditorfr\" \/>\n\t<meta name=\"twitter:label2\" content=\"Dur\u00e9e de lecture estim\u00e9e\" \/>\n\t<meta name=\"twitter:data2\" content=\"4 minutes\" \/>\n<script type=\"application\/ld+json\" class=\"yoast-schema-graph\">{\"@context\":\"https:\/\/schema.org\",\"@graph\":[{\"@type\":\"Article\",\"@id\":\"https:\/\/www.africa-press.net\/niger\/toutes-les-actualites\/message-du-ministre-de-la-sante-publique-de-la-population-et-des-affaires-sociales-sensibiliser-la-population-afin-de-briser-les-tabous-sur-la-maladie#article\",\"isPartOf\":{\"@id\":\"https:\/\/www.africa-press.net\/niger\/toutes-les-actualites\/message-du-ministre-de-la-sante-publique-de-la-population-et-des-affaires-sociales-sensibiliser-la-population-afin-de-briser-les-tabous-sur-la-maladie\"},\"author\":{\"name\":\"cfeditorfr\",\"@id\":\"https:\/\/www.africa-press.net\/niger\/#\/schema\/person\/2b1cf3cd81a31e3cd26889ca66d677f1\"},\"headline\":\"Message du ministre de la Sant\u00e9 Publique, de la Population et des Affaires Sociales : Sensibiliser la population afin de briser les tabous sur la maladie\",\"datePublished\":\"2024-02-13T13:31:16+00:00\",\"dateModified\":\"2024-02-13T14:20:54+00:00\",\"mainEntityOfPage\":{\"@id\":\"https:\/\/www.africa-press.net\/niger\/toutes-les-actualites\/message-du-ministre-de-la-sante-publique-de-la-population-et-des-affaires-sociales-sensibiliser-la-population-afin-de-briser-les-tabous-sur-la-maladie\"},\"wordCount\":737,\"commentCount\":0,\"image\":{\"@id\":\"https:\/\/www.africa-press.net\/niger\/toutes-les-actualites\/message-du-ministre-de-la-sante-publique-de-la-population-et-des-affaires-sociales-sensibiliser-la-population-afin-de-briser-les-tabous-sur-la-maladie#primaryimage\"},\"thumbnailUrl\":\"https:\/\/static.africa-press.net\/niger\/sites\/40\/2024\/02\/sm_1707821372.601123.jpg\",\"keywords\":[\"Africa Press\",\"Africa Press-Niger\",\"Niger\"],\"articleSection\":[\"Communaut\u00e9\",\"Toutes les actualit\u00e9s\"],\"inLanguage\":\"fr-FR\",\"potentialAction\":[{\"@type\":\"CommentAction\",\"name\":\"Comment\",\"target\":[\"https:\/\/www.africa-press.net\/niger\/toutes-les-actualites\/message-du-ministre-de-la-sante-publique-de-la-population-et-des-affaires-sociales-sensibiliser-la-population-afin-de-briser-les-tabous-sur-la-maladie#respond\"]}]},{\"@type\":\"WebPage\",\"@id\":\"https:\/\/www.africa-press.net\/niger\/toutes-les-actualites\/message-du-ministre-de-la-sante-publique-de-la-population-et-des-affaires-sociales-sensibiliser-la-population-afin-de-briser-les-tabous-sur-la-maladie\",\"url\":\"https:\/\/www.africa-press.net\/niger\/toutes-les-actualites\/message-du-ministre-de-la-sante-publique-de-la-population-et-des-affaires-sociales-sensibiliser-la-population-afin-de-briser-les-tabous-sur-la-maladie\",\"name\":\"Message du ministre de la Sant\u00e9 Publique, de la Population et des Affaires Sociales : Sensibiliser la population afin de briser les tabous sur la maladie - niger\",\"isPartOf\":{\"@id\":\"https:\/\/www.africa-press.net\/niger\/#website\"},\"primaryImageOfPage\":{\"@id\":\"https:\/\/www.africa-press.net\/niger\/toutes-les-actualites\/message-du-ministre-de-la-sante-publique-de-la-population-et-des-affaires-sociales-sensibiliser-la-population-afin-de-briser-les-tabous-sur-la-maladie#primaryimage\"},\"image\":{\"@id\":\"https:\/\/www.africa-press.net\/niger\/toutes-les-actualites\/message-du-ministre-de-la-sante-publique-de-la-population-et-des-affaires-sociales-sensibiliser-la-population-afin-de-briser-les-tabous-sur-la-maladie#primaryimage\"},\"thumbnailUrl\":\"https:\/\/static.africa-press.net\/niger\/sites\/40\/2024\/02\/sm_1707821372.601123.jpg\",\"datePublished\":\"2024-02-13T13:31:16+00:00\",\"dateModified\":\"2024-02-13T14:20:54+00:00\",\"author\":{\"@id\":\"https:\/\/www.africa-press.net\/niger\/#\/schema\/person\/2b1cf3cd81a31e3cd26889ca66d677f1\"},\"description\":\"Aujourd\u2019hui lundi 12 fe\u0301vrier 2024, le Niger se joint a\u0300 la communaute\u0301 internationale pour ce\u0301le\u0301brer la journe\u0301e in ...\",\"breadcrumb\":{\"@id\":\"https:\/\/www.africa-press.net\/niger\/toutes-les-actualites\/message-du-ministre-de-la-sante-publique-de-la-population-et-des-affaires-sociales-sensibiliser-la-population-afin-de-briser-les-tabous-sur-la-maladie#breadcrumb\"},\"inLanguage\":\"fr-FR\",\"potentialAction\":[{\"@type\":\"ReadAction\",\"target\":[\"https:\/\/www.africa-press.net\/niger\/toutes-les-actualites\/message-du-ministre-de-la-sante-publique-de-la-population-et-des-affaires-sociales-sensibiliser-la-population-afin-de-briser-les-tabous-sur-la-maladie\"]}]},{\"@type\":\"ImageObject\",\"inLanguage\":\"fr-FR\",\"@id\":\"https:\/\/www.africa-press.net\/niger\/toutes-les-actualites\/message-du-ministre-de-la-sante-publique-de-la-population-et-des-affaires-sociales-sensibiliser-la-population-afin-de-briser-les-tabous-sur-la-maladie#primaryimage\",\"url\":\"https:\/\/static.africa-press.net\/niger\/sites\/40\/2024\/02\/sm_1707821372.601123.jpg\",\"contentUrl\":\"https:\/\/static.africa-press.net\/niger\/sites\/40\/2024\/02\/sm_1707821372.601123.jpg\",\"width\":800,\"height\":533,\"caption\":\"Message du ministre de la Sant\u00e9 Publique, de la Population et des Affaires Sociales : Sensibiliser la population afin de briser les tabous sur la maladie\"},{\"@type\":\"BreadcrumbList\",\"@id\":\"https:\/\/www.africa-press.net\/niger\/toutes-les-actualites\/message-du-ministre-de-la-sante-publique-de-la-population-et-des-affaires-sociales-sensibiliser-la-population-afin-de-briser-les-tabous-sur-la-maladie#breadcrumb\",\"itemListElement\":[{\"@type\":\"ListItem\",\"position\":1,\"name\":\"Accueil\",\"item\":\"https:\/\/www.africa-press.net\/niger\/\"},{\"@type\":\"ListItem\",\"position\":2,\"name\":\"Message du ministre de la Sant\u00e9 Publique, de la Population et des Affaires Sociales : Sensibiliser la population afin de briser les tabous sur la maladie\"}]},{\"@type\":\"WebSite\",\"@id\":\"https:\/\/www.africa-press.net\/niger\/#website\",\"url\":\"https:\/\/www.africa-press.net\/niger\/\",\"name\":\"niger\",\"description\":\"Just another Africa News Agency Sites site\",\"potentialAction\":[{\"@type\":\"SearchAction\",\"target\":{\"@type\":\"EntryPoint\",\"urlTemplate\":\"https:\/\/www.africa-press.net\/niger\/?s={search_term_string}\"},\"query-input\":{\"@type\":\"PropertyValueSpecification\",\"valueRequired\":true,\"valueName\":\"search_term_string\"}}],\"inLanguage\":\"fr-FR\"},{\"@type\":\"Person\",\"@id\":\"https:\/\/www.africa-press.net\/niger\/#\/schema\/person\/2b1cf3cd81a31e3cd26889ca66d677f1\",\"name\":\"cfeditorfr\"}]}<\/script>\n<!-- \/ Yoast SEO Premium plugin. -->","yoast_head_json":{"title":"Message du ministre de la Sant\u00e9 Publique, de la Population et des Affaires Sociales : Sensibiliser la population afin de briser les tabous sur la maladie - niger","description":"Aujourd\u2019hui lundi 12 fe\u0301vrier 2024, le Niger se joint a\u0300 la communaute\u0301 internationale pour ce\u0301le\u0301brer la journe\u0301e in ...","robots":{"index":"index","follow":"follow","max-snippet":"max-snippet:-1","max-image-preview":"max-image-preview:large","max-video-preview":"max-video-preview:-1"},"canonical":"https:\/\/www.africa-press.net\/niger\/toutes-les-actualites\/message-du-ministre-de-la-sante-publique-de-la-population-et-des-affaires-sociales-sensibiliser-la-population-afin-de-briser-les-tabous-sur-la-maladie","og_locale":"fr_FR","og_type":"article","og_title":"Message du ministre de la Sant\u00e9 Publique, de la Population et des Affaires Sociales : Sensibiliser la population afin de briser les tabous sur la maladie","og_description":"Aujourd\u2019hui lundi 12 fe\u0301vrier 2024, le Niger se joint a\u0300 la communaute\u0301 internationale pour ce\u0301le\u0301brer la journe\u0301e in ...","og_url":"https:\/\/www.africa-press.net\/niger\/toutes-les-actualites\/message-du-ministre-de-la-sante-publique-de-la-population-et-des-affaires-sociales-sensibiliser-la-population-afin-de-briser-les-tabous-sur-la-maladie","og_site_name":"niger","article_published_time":"2024-02-13T13:31:16+00:00","article_modified_time":"2024-02-13T14:20:54+00:00","og_image":[{"width":800,"height":533,"url":"https:\/\/static.africa-press.net\/niger\/sites\/40\/2024\/02\/sm_1707821372.601123.jpg","type":"image\/jpeg"}],"author":"cfeditorfr","twitter_card":"summary_large_image","twitter_misc":{"\u00c9crit par":"cfeditorfr","Dur\u00e9e de lecture estim\u00e9e":"4 minutes"},"schema":{"@context":"https:\/\/schema.org","@graph":[{"@type":"Article","@id":"https:\/\/www.africa-press.net\/niger\/toutes-les-actualites\/message-du-ministre-de-la-sante-publique-de-la-population-et-des-affaires-sociales-sensibiliser-la-population-afin-de-briser-les-tabous-sur-la-maladie#article","isPartOf":{"@id":"https:\/\/www.africa-press.net\/niger\/toutes-les-actualites\/message-du-ministre-de-la-sante-publique-de-la-population-et-des-affaires-sociales-sensibiliser-la-population-afin-de-briser-les-tabous-sur-la-maladie"},"author":{"name":"cfeditorfr","@id":"https:\/\/www.africa-press.net\/niger\/#\/schema\/person\/2b1cf3cd81a31e3cd26889ca66d677f1"},"headline":"Message du ministre de la Sant\u00e9 Publique, de la Population et des Affaires Sociales : Sensibiliser la population afin de briser les tabous sur la maladie","datePublished":"2024-02-13T13:31:16+00:00","dateModified":"2024-02-13T14:20:54+00:00","mainEntityOfPage":{"@id":"https:\/\/www.africa-press.net\/niger\/toutes-les-actualites\/message-du-ministre-de-la-sante-publique-de-la-population-et-des-affaires-sociales-sensibiliser-la-population-afin-de-briser-les-tabous-sur-la-maladie"},"wordCount":737,"commentCount":0,"image":{"@id":"https:\/\/www.africa-press.net\/niger\/toutes-les-actualites\/message-du-ministre-de-la-sante-publique-de-la-population-et-des-affaires-sociales-sensibiliser-la-population-afin-de-briser-les-tabous-sur-la-maladie#primaryimage"},"thumbnailUrl":"https:\/\/static.africa-press.net\/niger\/sites\/40\/2024\/02\/sm_1707821372.601123.jpg","keywords":["Africa Press","Africa Press-Niger","Niger"],"articleSection":["Communaut\u00e9","Toutes les actualit\u00e9s"],"inLanguage":"fr-FR","potentialAction":[{"@type":"CommentAction","name":"Comment","target":["https:\/\/www.africa-press.net\/niger\/toutes-les-actualites\/message-du-ministre-de-la-sante-publique-de-la-population-et-des-affaires-sociales-sensibiliser-la-population-afin-de-briser-les-tabous-sur-la-maladie#respond"]}]},{"@type":"WebPage","@id":"https:\/\/www.africa-press.net\/niger\/toutes-les-actualites\/message-du-ministre-de-la-sante-publique-de-la-population-et-des-affaires-sociales-sensibiliser-la-population-afin-de-briser-les-tabous-sur-la-maladie","url":"https:\/\/www.africa-press.net\/niger\/toutes-les-actualites\/message-du-ministre-de-la-sante-publique-de-la-population-et-des-affaires-sociales-sensibiliser-la-population-afin-de-briser-les-tabous-sur-la-maladie","name":"Message du ministre de la Sant\u00e9 Publique, de la Population et des Affaires Sociales : Sensibiliser la population afin de briser les tabous sur la maladie - niger","isPartOf":{"@id":"https:\/\/www.africa-press.net\/niger\/#website"},"primaryImageOfPage":{"@id":"https:\/\/www.africa-press.net\/niger\/toutes-les-actualites\/message-du-ministre-de-la-sante-publique-de-la-population-et-des-affaires-sociales-sensibiliser-la-population-afin-de-briser-les-tabous-sur-la-maladie#primaryimage"},"image":{"@id":"https:\/\/www.africa-press.net\/niger\/toutes-les-actualites\/message-du-ministre-de-la-sante-publique-de-la-population-et-des-affaires-sociales-sensibiliser-la-population-afin-de-briser-les-tabous-sur-la-maladie#primaryimage"},"thumbnailUrl":"https:\/\/static.africa-press.net\/niger\/sites\/40\/2024\/02\/sm_1707821372.601123.jpg","datePublished":"2024-02-13T13:31:16+00:00","dateModified":"2024-02-13T14:20:54+00:00","author":{"@id":"https:\/\/www.africa-press.net\/niger\/#\/schema\/person\/2b1cf3cd81a31e3cd26889ca66d677f1"},"description":"Aujourd\u2019hui lundi 12 fe\u0301vrier 2024, le Niger se joint a\u0300 la communaute\u0301 internationale pour ce\u0301le\u0301brer la journe\u0301e in ...","breadcrumb":{"@id":"https:\/\/www.africa-press.net\/niger\/toutes-les-actualites\/message-du-ministre-de-la-sante-publique-de-la-population-et-des-affaires-sociales-sensibiliser-la-population-afin-de-briser-les-tabous-sur-la-maladie#breadcrumb"},"inLanguage":"fr-FR","potentialAction":[{"@type":"ReadAction","target":["https:\/\/www.africa-press.net\/niger\/toutes-les-actualites\/message-du-ministre-de-la-sante-publique-de-la-population-et-des-affaires-sociales-sensibiliser-la-population-afin-de-briser-les-tabous-sur-la-maladie"]}]},{"@type":"ImageObject","inLanguage":"fr-FR","@id":"https:\/\/www.africa-press.net\/niger\/toutes-les-actualites\/message-du-ministre-de-la-sante-publique-de-la-population-et-des-affaires-sociales-sensibiliser-la-population-afin-de-briser-les-tabous-sur-la-maladie#primaryimage","url":"https:\/\/static.africa-press.net\/niger\/sites\/40\/2024\/02\/sm_1707821372.601123.jpg","contentUrl":"https:\/\/static.africa-press.net\/niger\/sites\/40\/2024\/02\/sm_1707821372.601123.jpg","width":800,"height":533,"caption":"Message du ministre de la Sant\u00e9 Publique, de la Population et des Affaires Sociales : Sensibiliser la population afin de briser les tabous sur la maladie"},{"@type":"BreadcrumbList","@id":"https:\/\/www.africa-press.net\/niger\/toutes-les-actualites\/message-du-ministre-de-la-sante-publique-de-la-population-et-des-affaires-sociales-sensibiliser-la-population-afin-de-briser-les-tabous-sur-la-maladie#breadcrumb","itemListElement":[{"@type":"ListItem","position":1,"name":"Accueil","item":"https:\/\/www.africa-press.net\/niger\/"},{"@type":"ListItem","position":2,"name":"Message du ministre de la Sant\u00e9 Publique, de la Population et des Affaires Sociales : Sensibiliser la population afin de briser les tabous sur la maladie"}]},{"@type":"WebSite","@id":"https:\/\/www.africa-press.net\/niger\/#website","url":"https:\/\/www.africa-press.net\/niger\/","name":"niger","description":"Just another Africa News Agency Sites site","potentialAction":[{"@type":"SearchAction","target":{"@type":"EntryPoint","urlTemplate":"https:\/\/www.africa-press.net\/niger\/?s={search_term_string}"},"query-input":{"@type":"PropertyValueSpecification","valueRequired":true,"valueName":"search_term_string"}}],"inLanguage":"fr-FR"},{"@type":"Person","@id":"https:\/\/www.africa-press.net\/niger\/#\/schema\/person\/2b1cf3cd81a31e3cd26889ca66d677f1","name":"cfeditorfr"}]}},"_links":{"self":[{"href":"https:\/\/www.africa-press.net\/niger\/wp-json\/wp\/v2\/posts\/58542","targetHints":{"allow":["GET"]}}],"collection":[{"href":"https:\/\/www.africa-press.net\/niger\/wp-json\/wp\/v2\/posts"}],"about":[{"href":"https:\/\/www.africa-press.net\/niger\/wp-json\/wp\/v2\/types\/post"}],"author":[{"embeddable":true,"href":"https:\/\/www.africa-press.net\/niger\/wp-json\/wp\/v2\/users\/82"}],"replies":[{"embeddable":true,"href":"https:\/\/www.africa-press.net\/niger\/wp-json\/wp\/v2\/comments?post=58542"}],"version-history":[{"count":0,"href":"https:\/\/www.africa-press.net\/niger\/wp-json\/wp\/v2\/posts\/58542\/revisions"}],"wp:featuredmedia":[{"embeddable":true,"href":"https:\/\/www.africa-press.net\/niger\/wp-json\/wp\/v2\/media\/58541"}],"wp:attachment":[{"href":"https:\/\/www.africa-press.net\/niger\/wp-json\/wp\/v2\/media?parent=58542"}],"wp:term":[{"taxonomy":"category","embeddable":true,"href":"https:\/\/www.africa-press.net\/niger\/wp-json\/wp\/v2\/categories?post=58542"},{"taxonomy":"post_tag","embeddable":true,"href":"https:\/\/www.africa-press.net\/niger\/wp-json\/wp\/v2\/tags?post=58542"}],"curies":[{"name":"wp","href":"https:\/\/api.w.org\/{rel}","templated":true}]}}