{"id":58546,"date":"2024-02-13T13:32:00","date_gmt":"2024-02-13T13:32:00","guid":{"rendered":"https:\/\/www.africa-press.net\/niger\/politique\/incendie-au-marche-central-de-harobanda-dimportants-degats-materiels-enregistres"},"modified":"2024-02-13T14:21:29","modified_gmt":"2024-02-13T14:21:29","slug":"incendie-au-marche-central-de-harobanda-dimportants-degats-materiels-enregistres","status":"publish","type":"post","link":"https:\/\/www.africa-press.net\/niger\/toutes-les-actualites\/incendie-au-marche-central-de-harobanda-dimportants-degats-materiels-enregistres","title":{"rendered":"Incendie au march\u00e9 central de Harobanda : D\u2019importants d\u00e9g\u00e2ts mat\u00e9riels enregistr\u00e9s"},"content":{"rendered":"<p><span style=\"color: #ff6600\"><strong>Africa-Press &#8211; Niger. <\/strong><\/span><b>Les habitants de la rive droite ou Harondanda ont e\u0301te\u0301 re\u0301veille\u0301s, le samedi 10 fe\u0301vrier 2024, par un e\u0301ve\u0301nement tragique. En effet, un ge\u0301ant incendie au mache\u0301 central qui s\u2019est de\u0301clare\u0301 vers 3h du matin a ravage\u0301 le c\u0153ur de ce centre commercial. Les flammes qui se sont vite propage\u0301es ont litte\u0301ralement de\u0301truit plusieurs boutiques, notamment les alimentations et autres lieux de vente de ve\u0302tements et de produits cosme\u0301tiques. Malgre\u0301 la promptitude des services des sapeurs-pompiers, l\u2019incendie a continue\u0301 a\u0300 consumer les effets des commerc\u0327ants jusqu\u2019au petit matin. Ce spectacle de\u0301solant a cause\u0301 d\u2019e\u0301normes pertes en biens mate\u0301riels, mais l\u2019on ne de\u0301plore aucune victime humaine.<\/b><\/p>\n<p>Ce marche\u0301 est une re\u0301fe\u0301rence pour les habitants de la commune V. Il regroupe l\u2019essentiel des commerc\u0327ants dudit arrondissement. Selon les te\u0301moins trouve\u0301s sur place, ce centre commercial n\u2019a jamais connu une telle catastrophe. Alerte\u0301s du sinistre, les sapeurs-pompiers se sont rendus tre\u0300s vite sur place pour essayer de venir a\u0300 bout du feu et e\u0301viter le maximum de de\u0301ga\u0302ts. Mais, cette ope\u0301ration s\u2019est heurte\u0301e a\u0300 un obstacle majeur, celui de l\u2019acce\u0300s au marche\u0301 car, les voies de circulations e\u0301taient obstrue\u0301es par les installations anarchiques. Un proble\u0300me re\u0301current qui touche malheureusement tous les marche\u0301s de la capitale et qui me\u0301rite une attention particulie\u0300re des acteurs en charge de la gestion des marche\u0301s. Selon le te\u0301moignage d\u2019un vieux commerc\u0327ant trouve\u0301 sur place, cette catastrophe est ine\u0301dite. \u00ab Pour ceux qui connaissent ce centre, il n\u2019e\u0301tait pas inaccessible. C\u2019est pluto\u0302t le contraire qui est vrai. Les ve\u0301hicules circulaient et livraient des marchandises. Cette inaccessibilite\u0301 est cause\u0301e par certains commerc\u0327ants qui s\u2019installent cou\u0302te que cou\u0302te, parfois a\u0300 des endroits inapproprie\u0301s \u00bb, explique ce commerc\u0327ant.<\/p>\n<p>De\u0300s l\u2019annonce de cette triste nouvelle, beaucoup de sinistre\u0301s, notamment les commerc\u0327ants, ont converge\u0301 vers le lieu du sinistre pour non seulement constater l\u2019ampleur et l\u2019intensite\u0301 du feu, mais aussi essayer de sauver ce qui peut encore l\u2019e\u0302tre. Impuissants, certains seront oblige\u0301s de reculer pour observer leurs biens partir en fume\u0301e. Dans une perspective de pre\u0301venir certaines e\u0301ventualite\u0301s, l\u2019endroit a e\u0301te\u0301 momentane\u0301ment quadrille\u0301 gra\u0302ce a\u0300 un dispositif se\u0301curitaire a\u0300 travers la pre\u0301sence tre\u0300s remarque\u0301e de la Police nationale, de la Gendarmerie nationale, de la Garde Nationale du Niger, en plus des Sapeurs-pompiers. Dans la journe\u0301e, avec le retour au calme, le dispositif a e\u0301te\u0301 momentane\u0301ment leve\u0301 avant que le marche\u0301 ne soit referme\u0301 a\u0300 la tombe\u0301e du soleil.<\/p>\n<p>Aussito\u0302t informe\u0301, le matin de bonheur, les autorite\u0301s re\u0301gionales, celles de la ville de Niamey et communales, ainsi que le ministre du Commerce et de l\u2019Industrie ont effectue\u0301 le de\u0301placement sur le lieu du sinistre. Ils ont exprime\u0301 la compassion des plus hautes autorite\u0301s, encourage\u0301 les soldats du feu dans l\u2019accomplissement de leurs ta\u0302ches, mesure\u0301 l\u2019ampleur des de\u0301ga\u0302ts afin de re\u0301fle\u0301chir sur les voies et moyens pour pre\u0301venir pareils sinistres. Le gouverneur de la re\u0301gion de Niamey, le Ge\u0301ne\u0301ral de Brigade, Abdou Assoumane Harouna, et le ministre en charge du Commerce, M. Seydou Asman, ont de\u0301crie\u0301 les branchements e\u0301lectriques sauvages et l\u2019occupation anarchique des places par certains commerc\u0327ants comme causes de pareilles situations, tout en invitant les autorite\u0301s de la Ville a\u0300 faire respecter les principes e\u0301le\u0301mentaires de se\u0301curite\u0301.<\/p>\n<p>Notons que ce sinistre intervient dans un contexte de difficulte\u0301s e\u0301conomiques cause\u0301es par les sanctions injustes et humaines impose\u0301es a\u0300 notre peuple par des instances re\u0301gionales. Malgre\u0301 tout, les commerc\u0327ants sinistre\u0301s espe\u0300rent rede\u0301marrer leurs activite\u0301s, le plus vite possible.<\/p>\n<p><b>Les sinistre\u0301s te\u0301moignent<\/b><\/p>\n<p>Malgre\u0301 le choc qui brise leurs c\u0153urs, certains commerc\u0327ants acceptent volontiers d\u2019expliquer la catastrophe. C\u2019est le cas de M. Ali Abdou, un commerc\u0327ant qui a perdu deux de ses boutiques. \u00ab J\u2019ai deux boutiques dans ce marche\u0301. Je vends des parterres, des valises, des sacs pour e\u0301coliers. Tous ces effets sont partis en fume\u0301e. Je ne pouvais pas vous expliquer avec exactitude tout ce qui s\u2019est passe\u0301. Les sapeurs-pompiers ainsi que les commerc\u0327ants ont fait de leur mieux mais, la puissance du feu a eu raison de nous a\u0300 un certain moment \u00bb, a-t-il confie\u0301. \u00ab Dans un laps de temps, le feu s\u2019est propage\u0301, il a pris toutes les directions, rendant les efforts des soldats du feu vains. J\u2019ai trouve\u0301 le feu au bon milieu du marche\u0301. Au fil du temps, il ne fait qu\u2019augmenter d\u2019intensite\u0301 jusqu\u2019a\u0300 ce que les to\u0302les explosent. C\u2019est ce qui fait peur a\u0300 tout le monde. Heureusement que les pompiers sont venus a\u0300 temps, sinon les de\u0301ga\u0302ts allaient e\u0302tre encore plus importants \u00bb, a-t-il ajoute\u0301.<\/p>\n<p>Devant sa boutique, M. Yacouba Altine\u0301 re\u0301pond malgre\u0301 le chagrin. \u00ab Nous e\u0301tions dans la mosque\u0301e en train de prier Fajar, la prie\u0300re de l\u2019aube, quand nous avons appris la mauvaise nouvelle. Lorsqu\u2019un de nos amis a e\u0301te\u0301 alerte\u0301, nous nous sommes pre\u0301cipite\u0301s a\u0300 prendre les clefs de nos boutiques mais a\u0300 notre grande surprise lorsque nous arrivons, il n\u2019y a point de passage. Je suis alle\u0301 donner main forte a\u0300 certains de mes proches pour e\u0301vacuer leurs effets car, leurs boutiques n\u2019ont pas encore pris feu \u00bb, a-t-il dit. \u00ab Personnellement, je ne condamne personne. Je pense que c\u2019est Dieu qui a de\u0301cide\u0301 cela. Et ; nous espe\u0301rons qu\u2019il nous remplacera cette e\u0301preuve par un bien \u00bb, espe\u0300re M. Yacouba Altine\u0301. \u00ab Les articles que j\u2019ai perdus ne sont pas plus importants que ma vie. Le fait que ma vie soit e\u0301pargne\u0301e est meilleur que ces biens mate\u0301riels \u00bb, a-t-il ajoute\u0301.<\/p>\n<p>Les femmes n\u2019ont pas e\u0301te\u0301 e\u0301pargne\u0301es par ce sinistre. \u00ab Quand j\u2019e\u0301tais arrive\u0301e, tout l\u2019endroit e\u0301tait en flamme. Je ne peux rien faire. Tout est perdu \u00bb, a confie\u0301, Mme Salamatou, une vendeuse de condiments et de patte d\u2019arachide. Abdoulkadri te\u0301moigne aussi. \u00ab Je vends des pommades, des parfums, des sacs, des chaussures, des boucles d\u2019oreilles et des chaines. Quand je suis venu, le feu s\u2019est de\u0301ja\u0300 propage\u0301 dans le marche\u0301. Je suis venu vers 6h 40 mn, juste apre\u0300s la prie\u0300re de Fadjr. Je ne peux pas vous donner une estimation de ce que j\u2019ai perdu comme biens \u00bb, a-t-il explique\u0301.<\/p>\n<p>M. Abdoulaye Mamoudou est e\u0301galement victime de cet incendie, il donne sa version en ces termes. \u00ab Je ne sais pas avec exactitude quand est-ce que le marche\u0301 a commence\u0301 a\u0300 prendre feu. Pour moi, seuls les gardiens peuvent expliquer cela avec pre\u0301cision \u00bb, dit ce vendeur de tissus, de chaussures et d\u2019habits. \u00ab Nous saluons la promptitude des sapeurs-pompiers qui se sont rendus tre\u0300s to\u0302t sur place, mais le passage leur faisait de\u0301faut. Ils ont fait de leur mieux. Mieux, les autres forces sont venues pour se\u0301curiser l\u2019endroit \u00bb, a-t-il conclu.<\/p>\n<p>&nbsp;<\/p>\n<p><strong>Pour plus d&rsquo;informations et d&rsquo;analyses sur la <a href=\"https:\/\/www.africa-press.net\/niger\">Niger<\/a>, suivez <a href=\"https:\/\/www.africa-press.net\/\">Africa-Press<\/a><\/strong><\/p>\n","protected":false},"excerpt":{"rendered":"<p>Africa-Press &#8211; Niger. Les habitants de la rive droite ou Harondanda ont e\u0301te\u0301 re\u0301veille\u0301s, le samedi 10 fe\u0301vrier 2024, par un e\u0301ve\u0301nement tragique. En effet, un ge\u0301ant incendie au mache\u0301 central qui s\u2019est de\u0301clare\u0301 vers 3h du matin a ravage\u0301 le c\u0153ur de ce centre commercial. Les flammes qui se sont vite propage\u0301es ont litte\u0301ralement [&hellip;]<\/p>\n","protected":false},"author":82,"featured_media":58545,"comment_status":"open","ping_status":"closed","sticky":false,"template":"","format":"standard","meta":{"footnotes":""},"categories":[21,10],"tags":[55,60,29],"class_list":["post-58546","post","type-post","status-publish","format-standard","has-post-thumbnail","hentry","category-communaute","category-toutes-les-actualites","tag-africa-press","tag-africa-press-niger","tag-niger"],"yoast_head":"<!-- This site is optimized with the Yoast SEO Premium plugin v26.1 (Yoast SEO v27.0) - https:\/\/yoast.com\/product\/yoast-seo-premium-wordpress\/ -->\n<title>Incendie au march\u00e9 central de Harobanda : D\u2019importants d\u00e9g\u00e2ts mat\u00e9riels enregistr\u00e9s - niger<\/title>\n<meta name=\"description\" content=\"Les habitants de la rive droite ou Harondanda ont e\u0301te\u0301 re\u0301veille\u0301s, le samedi 10 fe\u0301vrier 2024, par un e\u0301ve\u0301nement t ...\" \/>\n<meta name=\"robots\" content=\"index, follow, max-snippet:-1, max-image-preview:large, max-video-preview:-1\" \/>\n<link rel=\"canonical\" href=\"https:\/\/www.africa-press.net\/niger\/toutes-les-actualites\/incendie-au-marche-central-de-harobanda-dimportants-degats-materiels-enregistres\" \/>\n<meta property=\"og:locale\" content=\"fr_FR\" \/>\n<meta property=\"og:type\" content=\"article\" \/>\n<meta property=\"og:title\" content=\"Incendie au march\u00e9 central de Harobanda : D\u2019importants d\u00e9g\u00e2ts mat\u00e9riels enregistr\u00e9s\" \/>\n<meta property=\"og:description\" content=\"Les habitants de la rive droite ou Harondanda ont e\u0301te\u0301 re\u0301veille\u0301s, le samedi 10 fe\u0301vrier 2024, par un e\u0301ve\u0301nement t ...\" \/>\n<meta property=\"og:url\" content=\"https:\/\/www.africa-press.net\/niger\/toutes-les-actualites\/incendie-au-marche-central-de-harobanda-dimportants-degats-materiels-enregistres\" \/>\n<meta property=\"og:site_name\" content=\"niger\" \/>\n<meta property=\"article:published_time\" content=\"2024-02-13T13:32:00+00:00\" \/>\n<meta property=\"article:modified_time\" content=\"2024-02-13T14:21:29+00:00\" \/>\n<meta property=\"og:image\" content=\"https:\/\/static.africa-press.net\/niger\/sites\/40\/2024\/02\/sm_1707821412.318839.jpg\" \/>\n\t<meta property=\"og:image:width\" content=\"1024\" \/>\n\t<meta property=\"og:image:height\" content=\"683\" \/>\n\t<meta property=\"og:image:type\" content=\"image\/jpeg\" \/>\n<meta name=\"author\" content=\"cfeditorfr\" \/>\n<meta name=\"twitter:card\" content=\"summary_large_image\" \/>\n<meta name=\"twitter:label1\" content=\"\u00c9crit par\" \/>\n\t<meta name=\"twitter:data1\" content=\"cfeditorfr\" \/>\n\t<meta name=\"twitter:label2\" content=\"Dur\u00e9e de lecture estim\u00e9e\" \/>\n\t<meta name=\"twitter:data2\" content=\"6 minutes\" \/>\n<script type=\"application\/ld+json\" class=\"yoast-schema-graph\">{\"@context\":\"https:\/\/schema.org\",\"@graph\":[{\"@type\":\"Article\",\"@id\":\"https:\/\/www.africa-press.net\/niger\/toutes-les-actualites\/incendie-au-marche-central-de-harobanda-dimportants-degats-materiels-enregistres#article\",\"isPartOf\":{\"@id\":\"https:\/\/www.africa-press.net\/niger\/toutes-les-actualites\/incendie-au-marche-central-de-harobanda-dimportants-degats-materiels-enregistres\"},\"author\":{\"name\":\"cfeditorfr\",\"@id\":\"https:\/\/www.africa-press.net\/niger\/#\/schema\/person\/2b1cf3cd81a31e3cd26889ca66d677f1\"},\"headline\":\"Incendie au march\u00e9 central de Harobanda : D\u2019importants d\u00e9g\u00e2ts mat\u00e9riels enregistr\u00e9s\",\"datePublished\":\"2024-02-13T13:32:00+00:00\",\"dateModified\":\"2024-02-13T14:21:29+00:00\",\"mainEntityOfPage\":{\"@id\":\"https:\/\/www.africa-press.net\/niger\/toutes-les-actualites\/incendie-au-marche-central-de-harobanda-dimportants-degats-materiels-enregistres\"},\"wordCount\":1283,\"commentCount\":0,\"image\":{\"@id\":\"https:\/\/www.africa-press.net\/niger\/toutes-les-actualites\/incendie-au-marche-central-de-harobanda-dimportants-degats-materiels-enregistres#primaryimage\"},\"thumbnailUrl\":\"https:\/\/static.africa-press.net\/niger\/sites\/40\/2024\/02\/sm_1707821412.318839.jpg\",\"keywords\":[\"Africa Press\",\"Africa Press-Niger\",\"Niger\"],\"articleSection\":[\"Communaut\u00e9\",\"Toutes les actualit\u00e9s\"],\"inLanguage\":\"fr-FR\",\"potentialAction\":[{\"@type\":\"CommentAction\",\"name\":\"Comment\",\"target\":[\"https:\/\/www.africa-press.net\/niger\/toutes-les-actualites\/incendie-au-marche-central-de-harobanda-dimportants-degats-materiels-enregistres#respond\"]}]},{\"@type\":\"WebPage\",\"@id\":\"https:\/\/www.africa-press.net\/niger\/toutes-les-actualites\/incendie-au-marche-central-de-harobanda-dimportants-degats-materiels-enregistres\",\"url\":\"https:\/\/www.africa-press.net\/niger\/toutes-les-actualites\/incendie-au-marche-central-de-harobanda-dimportants-degats-materiels-enregistres\",\"name\":\"Incendie au march\u00e9 central de Harobanda : D\u2019importants d\u00e9g\u00e2ts mat\u00e9riels enregistr\u00e9s - niger\",\"isPartOf\":{\"@id\":\"https:\/\/www.africa-press.net\/niger\/#website\"},\"primaryImageOfPage\":{\"@id\":\"https:\/\/www.africa-press.net\/niger\/toutes-les-actualites\/incendie-au-marche-central-de-harobanda-dimportants-degats-materiels-enregistres#primaryimage\"},\"image\":{\"@id\":\"https:\/\/www.africa-press.net\/niger\/toutes-les-actualites\/incendie-au-marche-central-de-harobanda-dimportants-degats-materiels-enregistres#primaryimage\"},\"thumbnailUrl\":\"https:\/\/static.africa-press.net\/niger\/sites\/40\/2024\/02\/sm_1707821412.318839.jpg\",\"datePublished\":\"2024-02-13T13:32:00+00:00\",\"dateModified\":\"2024-02-13T14:21:29+00:00\",\"author\":{\"@id\":\"https:\/\/www.africa-press.net\/niger\/#\/schema\/person\/2b1cf3cd81a31e3cd26889ca66d677f1\"},\"description\":\"Les habitants de la rive droite ou Harondanda ont e\u0301te\u0301 re\u0301veille\u0301s, le samedi 10 fe\u0301vrier 2024, par un e\u0301ve\u0301nement t ...\",\"breadcrumb\":{\"@id\":\"https:\/\/www.africa-press.net\/niger\/toutes-les-actualites\/incendie-au-marche-central-de-harobanda-dimportants-degats-materiels-enregistres#breadcrumb\"},\"inLanguage\":\"fr-FR\",\"potentialAction\":[{\"@type\":\"ReadAction\",\"target\":[\"https:\/\/www.africa-press.net\/niger\/toutes-les-actualites\/incendie-au-marche-central-de-harobanda-dimportants-degats-materiels-enregistres\"]}]},{\"@type\":\"ImageObject\",\"inLanguage\":\"fr-FR\",\"@id\":\"https:\/\/www.africa-press.net\/niger\/toutes-les-actualites\/incendie-au-marche-central-de-harobanda-dimportants-degats-materiels-enregistres#primaryimage\",\"url\":\"https:\/\/static.africa-press.net\/niger\/sites\/40\/2024\/02\/sm_1707821412.318839.jpg\",\"contentUrl\":\"https:\/\/static.africa-press.net\/niger\/sites\/40\/2024\/02\/sm_1707821412.318839.jpg\",\"width\":1024,\"height\":683,\"caption\":\"Incendie au march\u00e9 central de Harobanda : D\u2019importants d\u00e9g\u00e2ts mat\u00e9riels enregistr\u00e9s\"},{\"@type\":\"BreadcrumbList\",\"@id\":\"https:\/\/www.africa-press.net\/niger\/toutes-les-actualites\/incendie-au-marche-central-de-harobanda-dimportants-degats-materiels-enregistres#breadcrumb\",\"itemListElement\":[{\"@type\":\"ListItem\",\"position\":1,\"name\":\"Accueil\",\"item\":\"https:\/\/www.africa-press.net\/niger\/\"},{\"@type\":\"ListItem\",\"position\":2,\"name\":\"Incendie au march\u00e9 central de Harobanda : D\u2019importants d\u00e9g\u00e2ts mat\u00e9riels enregistr\u00e9s\"}]},{\"@type\":\"WebSite\",\"@id\":\"https:\/\/www.africa-press.net\/niger\/#website\",\"url\":\"https:\/\/www.africa-press.net\/niger\/\",\"name\":\"niger\",\"description\":\"Just another Africa News Agency Sites site\",\"potentialAction\":[{\"@type\":\"SearchAction\",\"target\":{\"@type\":\"EntryPoint\",\"urlTemplate\":\"https:\/\/www.africa-press.net\/niger\/?s={search_term_string}\"},\"query-input\":{\"@type\":\"PropertyValueSpecification\",\"valueRequired\":true,\"valueName\":\"search_term_string\"}}],\"inLanguage\":\"fr-FR\"},{\"@type\":\"Person\",\"@id\":\"https:\/\/www.africa-press.net\/niger\/#\/schema\/person\/2b1cf3cd81a31e3cd26889ca66d677f1\",\"name\":\"cfeditorfr\"}]}<\/script>\n<!-- \/ Yoast SEO Premium plugin. -->","yoast_head_json":{"title":"Incendie au march\u00e9 central de Harobanda : D\u2019importants d\u00e9g\u00e2ts mat\u00e9riels enregistr\u00e9s - niger","description":"Les habitants de la rive droite ou Harondanda ont e\u0301te\u0301 re\u0301veille\u0301s, le samedi 10 fe\u0301vrier 2024, par un e\u0301ve\u0301nement t ...","robots":{"index":"index","follow":"follow","max-snippet":"max-snippet:-1","max-image-preview":"max-image-preview:large","max-video-preview":"max-video-preview:-1"},"canonical":"https:\/\/www.africa-press.net\/niger\/toutes-les-actualites\/incendie-au-marche-central-de-harobanda-dimportants-degats-materiels-enregistres","og_locale":"fr_FR","og_type":"article","og_title":"Incendie au march\u00e9 central de Harobanda : D\u2019importants d\u00e9g\u00e2ts mat\u00e9riels enregistr\u00e9s","og_description":"Les habitants de la rive droite ou Harondanda ont e\u0301te\u0301 re\u0301veille\u0301s, le samedi 10 fe\u0301vrier 2024, par un e\u0301ve\u0301nement t ...","og_url":"https:\/\/www.africa-press.net\/niger\/toutes-les-actualites\/incendie-au-marche-central-de-harobanda-dimportants-degats-materiels-enregistres","og_site_name":"niger","article_published_time":"2024-02-13T13:32:00+00:00","article_modified_time":"2024-02-13T14:21:29+00:00","og_image":[{"width":1024,"height":683,"url":"https:\/\/static.africa-press.net\/niger\/sites\/40\/2024\/02\/sm_1707821412.318839.jpg","type":"image\/jpeg"}],"author":"cfeditorfr","twitter_card":"summary_large_image","twitter_misc":{"\u00c9crit par":"cfeditorfr","Dur\u00e9e de lecture estim\u00e9e":"6 minutes"},"schema":{"@context":"https:\/\/schema.org","@graph":[{"@type":"Article","@id":"https:\/\/www.africa-press.net\/niger\/toutes-les-actualites\/incendie-au-marche-central-de-harobanda-dimportants-degats-materiels-enregistres#article","isPartOf":{"@id":"https:\/\/www.africa-press.net\/niger\/toutes-les-actualites\/incendie-au-marche-central-de-harobanda-dimportants-degats-materiels-enregistres"},"author":{"name":"cfeditorfr","@id":"https:\/\/www.africa-press.net\/niger\/#\/schema\/person\/2b1cf3cd81a31e3cd26889ca66d677f1"},"headline":"Incendie au march\u00e9 central de Harobanda : D\u2019importants d\u00e9g\u00e2ts mat\u00e9riels enregistr\u00e9s","datePublished":"2024-02-13T13:32:00+00:00","dateModified":"2024-02-13T14:21:29+00:00","mainEntityOfPage":{"@id":"https:\/\/www.africa-press.net\/niger\/toutes-les-actualites\/incendie-au-marche-central-de-harobanda-dimportants-degats-materiels-enregistres"},"wordCount":1283,"commentCount":0,"image":{"@id":"https:\/\/www.africa-press.net\/niger\/toutes-les-actualites\/incendie-au-marche-central-de-harobanda-dimportants-degats-materiels-enregistres#primaryimage"},"thumbnailUrl":"https:\/\/static.africa-press.net\/niger\/sites\/40\/2024\/02\/sm_1707821412.318839.jpg","keywords":["Africa Press","Africa Press-Niger","Niger"],"articleSection":["Communaut\u00e9","Toutes les actualit\u00e9s"],"inLanguage":"fr-FR","potentialAction":[{"@type":"CommentAction","name":"Comment","target":["https:\/\/www.africa-press.net\/niger\/toutes-les-actualites\/incendie-au-marche-central-de-harobanda-dimportants-degats-materiels-enregistres#respond"]}]},{"@type":"WebPage","@id":"https:\/\/www.africa-press.net\/niger\/toutes-les-actualites\/incendie-au-marche-central-de-harobanda-dimportants-degats-materiels-enregistres","url":"https:\/\/www.africa-press.net\/niger\/toutes-les-actualites\/incendie-au-marche-central-de-harobanda-dimportants-degats-materiels-enregistres","name":"Incendie au march\u00e9 central de Harobanda : D\u2019importants d\u00e9g\u00e2ts mat\u00e9riels enregistr\u00e9s - niger","isPartOf":{"@id":"https:\/\/www.africa-press.net\/niger\/#website"},"primaryImageOfPage":{"@id":"https:\/\/www.africa-press.net\/niger\/toutes-les-actualites\/incendie-au-marche-central-de-harobanda-dimportants-degats-materiels-enregistres#primaryimage"},"image":{"@id":"https:\/\/www.africa-press.net\/niger\/toutes-les-actualites\/incendie-au-marche-central-de-harobanda-dimportants-degats-materiels-enregistres#primaryimage"},"thumbnailUrl":"https:\/\/static.africa-press.net\/niger\/sites\/40\/2024\/02\/sm_1707821412.318839.jpg","datePublished":"2024-02-13T13:32:00+00:00","dateModified":"2024-02-13T14:21:29+00:00","author":{"@id":"https:\/\/www.africa-press.net\/niger\/#\/schema\/person\/2b1cf3cd81a31e3cd26889ca66d677f1"},"description":"Les habitants de la rive droite ou Harondanda ont e\u0301te\u0301 re\u0301veille\u0301s, le samedi 10 fe\u0301vrier 2024, par un e\u0301ve\u0301nement t ...","breadcrumb":{"@id":"https:\/\/www.africa-press.net\/niger\/toutes-les-actualites\/incendie-au-marche-central-de-harobanda-dimportants-degats-materiels-enregistres#breadcrumb"},"inLanguage":"fr-FR","potentialAction":[{"@type":"ReadAction","target":["https:\/\/www.africa-press.net\/niger\/toutes-les-actualites\/incendie-au-marche-central-de-harobanda-dimportants-degats-materiels-enregistres"]}]},{"@type":"ImageObject","inLanguage":"fr-FR","@id":"https:\/\/www.africa-press.net\/niger\/toutes-les-actualites\/incendie-au-marche-central-de-harobanda-dimportants-degats-materiels-enregistres#primaryimage","url":"https:\/\/static.africa-press.net\/niger\/sites\/40\/2024\/02\/sm_1707821412.318839.jpg","contentUrl":"https:\/\/static.africa-press.net\/niger\/sites\/40\/2024\/02\/sm_1707821412.318839.jpg","width":1024,"height":683,"caption":"Incendie au march\u00e9 central de Harobanda : D\u2019importants d\u00e9g\u00e2ts mat\u00e9riels enregistr\u00e9s"},{"@type":"BreadcrumbList","@id":"https:\/\/www.africa-press.net\/niger\/toutes-les-actualites\/incendie-au-marche-central-de-harobanda-dimportants-degats-materiels-enregistres#breadcrumb","itemListElement":[{"@type":"ListItem","position":1,"name":"Accueil","item":"https:\/\/www.africa-press.net\/niger\/"},{"@type":"ListItem","position":2,"name":"Incendie au march\u00e9 central de Harobanda : D\u2019importants d\u00e9g\u00e2ts mat\u00e9riels enregistr\u00e9s"}]},{"@type":"WebSite","@id":"https:\/\/www.africa-press.net\/niger\/#website","url":"https:\/\/www.africa-press.net\/niger\/","name":"niger","description":"Just another Africa News Agency Sites site","potentialAction":[{"@type":"SearchAction","target":{"@type":"EntryPoint","urlTemplate":"https:\/\/www.africa-press.net\/niger\/?s={search_term_string}"},"query-input":{"@type":"PropertyValueSpecification","valueRequired":true,"valueName":"search_term_string"}}],"inLanguage":"fr-FR"},{"@type":"Person","@id":"https:\/\/www.africa-press.net\/niger\/#\/schema\/person\/2b1cf3cd81a31e3cd26889ca66d677f1","name":"cfeditorfr"}]}},"_links":{"self":[{"href":"https:\/\/www.africa-press.net\/niger\/wp-json\/wp\/v2\/posts\/58546","targetHints":{"allow":["GET"]}}],"collection":[{"href":"https:\/\/www.africa-press.net\/niger\/wp-json\/wp\/v2\/posts"}],"about":[{"href":"https:\/\/www.africa-press.net\/niger\/wp-json\/wp\/v2\/types\/post"}],"author":[{"embeddable":true,"href":"https:\/\/www.africa-press.net\/niger\/wp-json\/wp\/v2\/users\/82"}],"replies":[{"embeddable":true,"href":"https:\/\/www.africa-press.net\/niger\/wp-json\/wp\/v2\/comments?post=58546"}],"version-history":[{"count":0,"href":"https:\/\/www.africa-press.net\/niger\/wp-json\/wp\/v2\/posts\/58546\/revisions"}],"wp:featuredmedia":[{"embeddable":true,"href":"https:\/\/www.africa-press.net\/niger\/wp-json\/wp\/v2\/media\/58545"}],"wp:attachment":[{"href":"https:\/\/www.africa-press.net\/niger\/wp-json\/wp\/v2\/media?parent=58546"}],"wp:term":[{"taxonomy":"category","embeddable":true,"href":"https:\/\/www.africa-press.net\/niger\/wp-json\/wp\/v2\/categories?post=58546"},{"taxonomy":"post_tag","embeddable":true,"href":"https:\/\/www.africa-press.net\/niger\/wp-json\/wp\/v2\/tags?post=58546"}],"curies":[{"name":"wp","href":"https:\/\/api.w.org\/{rel}","templated":true}]}}