{"id":58549,"date":"2024-02-13T13:33:43","date_gmt":"2024-02-13T13:33:43","guid":{"rendered":"https:\/\/www.africa-press.net\/niger\/politique\/agadez-le-directeur-general-de-lagence-algerienne-de-cooperation-pour-le-developpement-effectue-une-visite"},"modified":"2024-02-13T14:21:49","modified_gmt":"2024-02-13T14:21:49","slug":"agadez-le-directeur-general-de-lagence-algerienne-de-cooperation-pour-le-developpement-effectue-une-visite","status":"publish","type":"post","link":"https:\/\/www.africa-press.net\/niger\/toutes-les-actualites\/agadez-le-directeur-general-de-lagence-algerienne-de-cooperation-pour-le-developpement-effectue-une-visite","title":{"rendered":"Agadez : Le Directeur g\u00e9n\u00e9ral de l\u2019Agence Alg\u00e9rienne de Coop\u00e9ration pour le D\u00e9veloppement effectue une visite"},"content":{"rendered":"<p><span style=\"color: #ff6600\"><strong>Africa-Press &#8211; Niger. <\/strong><\/span><b>Le Gouverneur de la re\u0301gion d\u2019Agadez, le Ge\u0301ne\u0301ral de Brigade Ibra Boulama Issa a accueilli, le jeudi 8 fe\u0301vrier 2024 a\u0300 l\u2019ae\u0301roport international Mano Dayak d\u2019Agadez, une importante de\u0301le\u0301gation alge\u0301rienne, conduite par M. Abed Hallouz, Directeur Ge\u0301ne\u0301ral de l\u2019Agence Alge\u0301rienne de Coope\u0301ration Internationale, qui est accompagne\u0301 par l\u2019Ambassadeur d\u2019Alge\u0301rie au Niger SE Bekhedda Mehdi et plusieurs cadres de l\u2019Agence et du Consulat d\u2019Alge\u0301rie a\u0300 Agadez. Etaient e\u0301galement pre\u0301sent a\u0300 l\u2019accueil, plusieurs personnalite\u0301s civiles et militaires de la re\u0301gion.<\/b><\/p>\n<p>Cette visite s\u2019inscrit dans le cadre du renforcement des liens d\u2019amitie\u0301, de fraternite\u0301 et de coope\u0301ration entre l\u2019Alge\u0301rie et le Niger. Elle s\u2019inscrit e\u0301galement dans le cadre de la mise en \u0153uvre de plusieurs projets a\u0300 Agadez, Tchiroze\u0301rine et a\u0300 Arlit. Il s\u2019agit spe\u0301cifiquement du projet de construction d\u2019un Institut Islamique et d\u2019un Centre d\u2019he\u0301modialyse dans la ville d\u2019Agadez, d\u2019une Policlinique a\u0300 Tchiroze\u0301rine et d\u2019une centrale Hybride Solaire de 10 MWC a\u0300 Arlit. Il faut noter que, dans le me\u0302me ordre d\u2019ide\u0301e, un centre de formation professionnelle sera construit a\u0300 Zinder. Ainsi, ce de\u0301placement a pour but de venir e\u0301changer avec les autorite\u0301s pour s\u2019enque\u0301rir de la situation et des pre\u0301paratifs du de\u0301marrage de ce grand projet de coope\u0301ration.<\/p>\n<p>C\u2019est pourquoi, de\u0300s leur arrive\u0301e, M. Abed Hallouz et sa de\u0301le\u0301gation se sont transporte\u0301s sur le site retenu pour la construction de l\u2019Institut Islamique et le Centre d\u2019he\u0301modialyse. Sur place le Directeur re\u0301gional d\u2019Urbanisme, le plan des infrastructures en main, a donne\u0301 toutes les explications techniques ne\u0301cessaires. Tre\u0300s satisfait de ce de\u0301placement, M. Abed Hallouz a exprime\u0301 sa joie devant ce qu\u2019il vient de voir avant d\u2019expliquer les tenants et les aboutissants de ce grand projet. \u00ab L\u2019objectif de ma visite ici, c\u2019est pour faire une reconnaissance des sites retenus dans le cadre des projets initie\u0301s au profit de la ville d\u2019Agadez. L\u2019Agence Alge\u0301rienne de Coope\u0301ration Internationale a e\u0301te\u0301 cre\u0301e\u0301e par le Pre\u0301sident Abdelmadjid Tebboune pour apporter une aide aux populations voisines \u00bb, a pre\u0301cise\u0301 M. Abed Hallouz.<\/p>\n<p>&nbsp;<\/p>\n<p><strong>Pour plus d&rsquo;informations et d&rsquo;analyses sur la <a href=\"https:\/\/www.africa-press.net\/niger\">Niger<\/a>, suivez <a href=\"https:\/\/www.africa-press.net\/\">Africa-Press<\/a><\/strong><\/p>\n","protected":false},"excerpt":{"rendered":"<p>Africa-Press &#8211; Niger. Le Gouverneur de la re\u0301gion d\u2019Agadez, le Ge\u0301ne\u0301ral de Brigade Ibra Boulama Issa a accueilli, le jeudi 8 fe\u0301vrier 2024 a\u0300 l\u2019ae\u0301roport international Mano Dayak d\u2019Agadez, une importante de\u0301le\u0301gation alge\u0301rienne, conduite par M. Abed Hallouz, Directeur Ge\u0301ne\u0301ral de l\u2019Agence Alge\u0301rienne de Coope\u0301ration Internationale, qui est accompagne\u0301 par l\u2019Ambassadeur d\u2019Alge\u0301rie au Niger SE [&hellip;]<\/p>\n","protected":false},"author":82,"featured_media":58547,"comment_status":"open","ping_status":"closed","sticky":false,"template":"","format":"standard","meta":{"footnotes":""},"categories":[21,10],"tags":[55,60,29],"class_list":["post-58549","post","type-post","status-publish","format-standard","has-post-thumbnail","hentry","category-communaute","category-toutes-les-actualites","tag-africa-press","tag-africa-press-niger","tag-niger"],"yoast_head":"<!-- This site is optimized with the Yoast SEO Premium plugin v26.1 (Yoast SEO v27.0) - https:\/\/yoast.com\/product\/yoast-seo-premium-wordpress\/ -->\n<title>Agadez : Le Directeur g\u00e9n\u00e9ral de l\u2019Agence Alg\u00e9rienne de Coop\u00e9ration pour le D\u00e9veloppement effectue une visite - niger<\/title>\n<meta name=\"description\" content=\"Le Gouverneur de la re\u0301gion d\u2019Agadez, le Ge\u0301ne\u0301ral de Brigade Ibra Boulama Issa a accueilli, le jeudi 8 fe\u0301vrier 2024 ...\" \/>\n<meta name=\"robots\" content=\"index, follow, max-snippet:-1, max-image-preview:large, max-video-preview:-1\" \/>\n<link rel=\"canonical\" href=\"https:\/\/www.africa-press.net\/niger\/toutes-les-actualites\/agadez-le-directeur-general-de-lagence-algerienne-de-cooperation-pour-le-developpement-effectue-une-visite\" \/>\n<meta property=\"og:locale\" content=\"fr_FR\" \/>\n<meta property=\"og:type\" content=\"article\" \/>\n<meta property=\"og:title\" content=\"Agadez : Le Directeur g\u00e9n\u00e9ral de l\u2019Agence Alg\u00e9rienne de Coop\u00e9ration pour le D\u00e9veloppement effectue une visite\" \/>\n<meta property=\"og:description\" content=\"Le Gouverneur de la re\u0301gion d\u2019Agadez, le Ge\u0301ne\u0301ral de Brigade Ibra Boulama Issa a accueilli, le jeudi 8 fe\u0301vrier 2024 ...\" \/>\n<meta property=\"og:url\" content=\"https:\/\/www.africa-press.net\/niger\/toutes-les-actualites\/agadez-le-directeur-general-de-lagence-algerienne-de-cooperation-pour-le-developpement-effectue-une-visite\" \/>\n<meta property=\"og:site_name\" content=\"niger\" \/>\n<meta property=\"article:published_time\" content=\"2024-02-13T13:33:43+00:00\" \/>\n<meta property=\"article:modified_time\" content=\"2024-02-13T14:21:49+00:00\" \/>\n<meta property=\"og:image\" content=\"https:\/\/static.africa-press.net\/niger\/sites\/40\/2024\/02\/sm_1707821426.47671.jpg\" \/>\n\t<meta property=\"og:image:width\" content=\"1024\" \/>\n\t<meta property=\"og:image:height\" content=\"683\" \/>\n\t<meta property=\"og:image:type\" content=\"image\/jpeg\" \/>\n<meta name=\"author\" content=\"cfeditorfr\" \/>\n<meta name=\"twitter:card\" content=\"summary_large_image\" \/>\n<meta name=\"twitter:label1\" content=\"\u00c9crit par\" \/>\n\t<meta name=\"twitter:data1\" content=\"cfeditorfr\" \/>\n\t<meta name=\"twitter:label2\" content=\"Dur\u00e9e de lecture estim\u00e9e\" \/>\n\t<meta name=\"twitter:data2\" content=\"2 minutes\" \/>\n<script type=\"application\/ld+json\" class=\"yoast-schema-graph\">{\"@context\":\"https:\/\/schema.org\",\"@graph\":[{\"@type\":\"Article\",\"@id\":\"https:\/\/www.africa-press.net\/niger\/toutes-les-actualites\/agadez-le-directeur-general-de-lagence-algerienne-de-cooperation-pour-le-developpement-effectue-une-visite#article\",\"isPartOf\":{\"@id\":\"https:\/\/www.africa-press.net\/niger\/toutes-les-actualites\/agadez-le-directeur-general-de-lagence-algerienne-de-cooperation-pour-le-developpement-effectue-une-visite\"},\"author\":{\"name\":\"cfeditorfr\",\"@id\":\"https:\/\/www.africa-press.net\/niger\/#\/schema\/person\/2b1cf3cd81a31e3cd26889ca66d677f1\"},\"headline\":\"Agadez : Le Directeur g\u00e9n\u00e9ral de l\u2019Agence Alg\u00e9rienne de Coop\u00e9ration pour le D\u00e9veloppement effectue une visite\",\"datePublished\":\"2024-02-13T13:33:43+00:00\",\"dateModified\":\"2024-02-13T14:21:49+00:00\",\"mainEntityOfPage\":{\"@id\":\"https:\/\/www.africa-press.net\/niger\/toutes-les-actualites\/agadez-le-directeur-general-de-lagence-algerienne-de-cooperation-pour-le-developpement-effectue-une-visite\"},\"wordCount\":441,\"commentCount\":0,\"image\":{\"@id\":\"https:\/\/www.africa-press.net\/niger\/toutes-les-actualites\/agadez-le-directeur-general-de-lagence-algerienne-de-cooperation-pour-le-developpement-effectue-une-visite#primaryimage\"},\"thumbnailUrl\":\"https:\/\/static.africa-press.net\/niger\/sites\/40\/2024\/02\/sm_1707821426.47671.jpg\",\"keywords\":[\"Africa Press\",\"Africa Press-Niger\",\"Niger\"],\"articleSection\":[\"Communaut\u00e9\",\"Toutes les actualit\u00e9s\"],\"inLanguage\":\"fr-FR\",\"potentialAction\":[{\"@type\":\"CommentAction\",\"name\":\"Comment\",\"target\":[\"https:\/\/www.africa-press.net\/niger\/toutes-les-actualites\/agadez-le-directeur-general-de-lagence-algerienne-de-cooperation-pour-le-developpement-effectue-une-visite#respond\"]}]},{\"@type\":\"WebPage\",\"@id\":\"https:\/\/www.africa-press.net\/niger\/toutes-les-actualites\/agadez-le-directeur-general-de-lagence-algerienne-de-cooperation-pour-le-developpement-effectue-une-visite\",\"url\":\"https:\/\/www.africa-press.net\/niger\/toutes-les-actualites\/agadez-le-directeur-general-de-lagence-algerienne-de-cooperation-pour-le-developpement-effectue-une-visite\",\"name\":\"Agadez : Le Directeur g\u00e9n\u00e9ral de l\u2019Agence Alg\u00e9rienne de Coop\u00e9ration pour le D\u00e9veloppement effectue une visite - niger\",\"isPartOf\":{\"@id\":\"https:\/\/www.africa-press.net\/niger\/#website\"},\"primaryImageOfPage\":{\"@id\":\"https:\/\/www.africa-press.net\/niger\/toutes-les-actualites\/agadez-le-directeur-general-de-lagence-algerienne-de-cooperation-pour-le-developpement-effectue-une-visite#primaryimage\"},\"image\":{\"@id\":\"https:\/\/www.africa-press.net\/niger\/toutes-les-actualites\/agadez-le-directeur-general-de-lagence-algerienne-de-cooperation-pour-le-developpement-effectue-une-visite#primaryimage\"},\"thumbnailUrl\":\"https:\/\/static.africa-press.net\/niger\/sites\/40\/2024\/02\/sm_1707821426.47671.jpg\",\"datePublished\":\"2024-02-13T13:33:43+00:00\",\"dateModified\":\"2024-02-13T14:21:49+00:00\",\"author\":{\"@id\":\"https:\/\/www.africa-press.net\/niger\/#\/schema\/person\/2b1cf3cd81a31e3cd26889ca66d677f1\"},\"description\":\"Le Gouverneur de la re\u0301gion d\u2019Agadez, le Ge\u0301ne\u0301ral de Brigade Ibra Boulama Issa a accueilli, le jeudi 8 fe\u0301vrier 2024 ...\",\"breadcrumb\":{\"@id\":\"https:\/\/www.africa-press.net\/niger\/toutes-les-actualites\/agadez-le-directeur-general-de-lagence-algerienne-de-cooperation-pour-le-developpement-effectue-une-visite#breadcrumb\"},\"inLanguage\":\"fr-FR\",\"potentialAction\":[{\"@type\":\"ReadAction\",\"target\":[\"https:\/\/www.africa-press.net\/niger\/toutes-les-actualites\/agadez-le-directeur-general-de-lagence-algerienne-de-cooperation-pour-le-developpement-effectue-une-visite\"]}]},{\"@type\":\"ImageObject\",\"inLanguage\":\"fr-FR\",\"@id\":\"https:\/\/www.africa-press.net\/niger\/toutes-les-actualites\/agadez-le-directeur-general-de-lagence-algerienne-de-cooperation-pour-le-developpement-effectue-une-visite#primaryimage\",\"url\":\"https:\/\/static.africa-press.net\/niger\/sites\/40\/2024\/02\/sm_1707821426.47671.jpg\",\"contentUrl\":\"https:\/\/static.africa-press.net\/niger\/sites\/40\/2024\/02\/sm_1707821426.47671.jpg\",\"width\":1024,\"height\":683,\"caption\":\"Agadez : Le Directeur g\u00e9n\u00e9ral de l\u2019Agence Alg\u00e9rienne de Coop\u00e9ration pour le D\u00e9veloppement effectue une visite\"},{\"@type\":\"BreadcrumbList\",\"@id\":\"https:\/\/www.africa-press.net\/niger\/toutes-les-actualites\/agadez-le-directeur-general-de-lagence-algerienne-de-cooperation-pour-le-developpement-effectue-une-visite#breadcrumb\",\"itemListElement\":[{\"@type\":\"ListItem\",\"position\":1,\"name\":\"Accueil\",\"item\":\"https:\/\/www.africa-press.net\/niger\/\"},{\"@type\":\"ListItem\",\"position\":2,\"name\":\"Agadez : Le Directeur g\u00e9n\u00e9ral de l\u2019Agence Alg\u00e9rienne de Coop\u00e9ration pour le D\u00e9veloppement effectue une visite\"}]},{\"@type\":\"WebSite\",\"@id\":\"https:\/\/www.africa-press.net\/niger\/#website\",\"url\":\"https:\/\/www.africa-press.net\/niger\/\",\"name\":\"niger\",\"description\":\"Just another Africa News Agency Sites site\",\"potentialAction\":[{\"@type\":\"SearchAction\",\"target\":{\"@type\":\"EntryPoint\",\"urlTemplate\":\"https:\/\/www.africa-press.net\/niger\/?s={search_term_string}\"},\"query-input\":{\"@type\":\"PropertyValueSpecification\",\"valueRequired\":true,\"valueName\":\"search_term_string\"}}],\"inLanguage\":\"fr-FR\"},{\"@type\":\"Person\",\"@id\":\"https:\/\/www.africa-press.net\/niger\/#\/schema\/person\/2b1cf3cd81a31e3cd26889ca66d677f1\",\"name\":\"cfeditorfr\"}]}<\/script>\n<!-- \/ Yoast SEO Premium plugin. -->","yoast_head_json":{"title":"Agadez : Le Directeur g\u00e9n\u00e9ral de l\u2019Agence Alg\u00e9rienne de Coop\u00e9ration pour le D\u00e9veloppement effectue une visite - niger","description":"Le Gouverneur de la re\u0301gion d\u2019Agadez, le Ge\u0301ne\u0301ral de Brigade Ibra Boulama Issa a accueilli, le jeudi 8 fe\u0301vrier 2024 ...","robots":{"index":"index","follow":"follow","max-snippet":"max-snippet:-1","max-image-preview":"max-image-preview:large","max-video-preview":"max-video-preview:-1"},"canonical":"https:\/\/www.africa-press.net\/niger\/toutes-les-actualites\/agadez-le-directeur-general-de-lagence-algerienne-de-cooperation-pour-le-developpement-effectue-une-visite","og_locale":"fr_FR","og_type":"article","og_title":"Agadez : Le Directeur g\u00e9n\u00e9ral de l\u2019Agence Alg\u00e9rienne de Coop\u00e9ration pour le D\u00e9veloppement effectue une visite","og_description":"Le Gouverneur de la re\u0301gion d\u2019Agadez, le Ge\u0301ne\u0301ral de Brigade Ibra Boulama Issa a accueilli, le jeudi 8 fe\u0301vrier 2024 ...","og_url":"https:\/\/www.africa-press.net\/niger\/toutes-les-actualites\/agadez-le-directeur-general-de-lagence-algerienne-de-cooperation-pour-le-developpement-effectue-une-visite","og_site_name":"niger","article_published_time":"2024-02-13T13:33:43+00:00","article_modified_time":"2024-02-13T14:21:49+00:00","og_image":[{"width":1024,"height":683,"url":"https:\/\/static.africa-press.net\/niger\/sites\/40\/2024\/02\/sm_1707821426.47671.jpg","type":"image\/jpeg"}],"author":"cfeditorfr","twitter_card":"summary_large_image","twitter_misc":{"\u00c9crit par":"cfeditorfr","Dur\u00e9e de lecture estim\u00e9e":"2 minutes"},"schema":{"@context":"https:\/\/schema.org","@graph":[{"@type":"Article","@id":"https:\/\/www.africa-press.net\/niger\/toutes-les-actualites\/agadez-le-directeur-general-de-lagence-algerienne-de-cooperation-pour-le-developpement-effectue-une-visite#article","isPartOf":{"@id":"https:\/\/www.africa-press.net\/niger\/toutes-les-actualites\/agadez-le-directeur-general-de-lagence-algerienne-de-cooperation-pour-le-developpement-effectue-une-visite"},"author":{"name":"cfeditorfr","@id":"https:\/\/www.africa-press.net\/niger\/#\/schema\/person\/2b1cf3cd81a31e3cd26889ca66d677f1"},"headline":"Agadez : Le Directeur g\u00e9n\u00e9ral de l\u2019Agence Alg\u00e9rienne de Coop\u00e9ration pour le D\u00e9veloppement effectue une visite","datePublished":"2024-02-13T13:33:43+00:00","dateModified":"2024-02-13T14:21:49+00:00","mainEntityOfPage":{"@id":"https:\/\/www.africa-press.net\/niger\/toutes-les-actualites\/agadez-le-directeur-general-de-lagence-algerienne-de-cooperation-pour-le-developpement-effectue-une-visite"},"wordCount":441,"commentCount":0,"image":{"@id":"https:\/\/www.africa-press.net\/niger\/toutes-les-actualites\/agadez-le-directeur-general-de-lagence-algerienne-de-cooperation-pour-le-developpement-effectue-une-visite#primaryimage"},"thumbnailUrl":"https:\/\/static.africa-press.net\/niger\/sites\/40\/2024\/02\/sm_1707821426.47671.jpg","keywords":["Africa Press","Africa Press-Niger","Niger"],"articleSection":["Communaut\u00e9","Toutes les actualit\u00e9s"],"inLanguage":"fr-FR","potentialAction":[{"@type":"CommentAction","name":"Comment","target":["https:\/\/www.africa-press.net\/niger\/toutes-les-actualites\/agadez-le-directeur-general-de-lagence-algerienne-de-cooperation-pour-le-developpement-effectue-une-visite#respond"]}]},{"@type":"WebPage","@id":"https:\/\/www.africa-press.net\/niger\/toutes-les-actualites\/agadez-le-directeur-general-de-lagence-algerienne-de-cooperation-pour-le-developpement-effectue-une-visite","url":"https:\/\/www.africa-press.net\/niger\/toutes-les-actualites\/agadez-le-directeur-general-de-lagence-algerienne-de-cooperation-pour-le-developpement-effectue-une-visite","name":"Agadez : Le Directeur g\u00e9n\u00e9ral de l\u2019Agence Alg\u00e9rienne de Coop\u00e9ration pour le D\u00e9veloppement effectue une visite - niger","isPartOf":{"@id":"https:\/\/www.africa-press.net\/niger\/#website"},"primaryImageOfPage":{"@id":"https:\/\/www.africa-press.net\/niger\/toutes-les-actualites\/agadez-le-directeur-general-de-lagence-algerienne-de-cooperation-pour-le-developpement-effectue-une-visite#primaryimage"},"image":{"@id":"https:\/\/www.africa-press.net\/niger\/toutes-les-actualites\/agadez-le-directeur-general-de-lagence-algerienne-de-cooperation-pour-le-developpement-effectue-une-visite#primaryimage"},"thumbnailUrl":"https:\/\/static.africa-press.net\/niger\/sites\/40\/2024\/02\/sm_1707821426.47671.jpg","datePublished":"2024-02-13T13:33:43+00:00","dateModified":"2024-02-13T14:21:49+00:00","author":{"@id":"https:\/\/www.africa-press.net\/niger\/#\/schema\/person\/2b1cf3cd81a31e3cd26889ca66d677f1"},"description":"Le Gouverneur de la re\u0301gion d\u2019Agadez, le Ge\u0301ne\u0301ral de Brigade Ibra Boulama Issa a accueilli, le jeudi 8 fe\u0301vrier 2024 ...","breadcrumb":{"@id":"https:\/\/www.africa-press.net\/niger\/toutes-les-actualites\/agadez-le-directeur-general-de-lagence-algerienne-de-cooperation-pour-le-developpement-effectue-une-visite#breadcrumb"},"inLanguage":"fr-FR","potentialAction":[{"@type":"ReadAction","target":["https:\/\/www.africa-press.net\/niger\/toutes-les-actualites\/agadez-le-directeur-general-de-lagence-algerienne-de-cooperation-pour-le-developpement-effectue-une-visite"]}]},{"@type":"ImageObject","inLanguage":"fr-FR","@id":"https:\/\/www.africa-press.net\/niger\/toutes-les-actualites\/agadez-le-directeur-general-de-lagence-algerienne-de-cooperation-pour-le-developpement-effectue-une-visite#primaryimage","url":"https:\/\/static.africa-press.net\/niger\/sites\/40\/2024\/02\/sm_1707821426.47671.jpg","contentUrl":"https:\/\/static.africa-press.net\/niger\/sites\/40\/2024\/02\/sm_1707821426.47671.jpg","width":1024,"height":683,"caption":"Agadez : Le Directeur g\u00e9n\u00e9ral de l\u2019Agence Alg\u00e9rienne de Coop\u00e9ration pour le D\u00e9veloppement effectue une visite"},{"@type":"BreadcrumbList","@id":"https:\/\/www.africa-press.net\/niger\/toutes-les-actualites\/agadez-le-directeur-general-de-lagence-algerienne-de-cooperation-pour-le-developpement-effectue-une-visite#breadcrumb","itemListElement":[{"@type":"ListItem","position":1,"name":"Accueil","item":"https:\/\/www.africa-press.net\/niger\/"},{"@type":"ListItem","position":2,"name":"Agadez : Le Directeur g\u00e9n\u00e9ral de l\u2019Agence Alg\u00e9rienne de Coop\u00e9ration pour le D\u00e9veloppement effectue une visite"}]},{"@type":"WebSite","@id":"https:\/\/www.africa-press.net\/niger\/#website","url":"https:\/\/www.africa-press.net\/niger\/","name":"niger","description":"Just another Africa News Agency Sites site","potentialAction":[{"@type":"SearchAction","target":{"@type":"EntryPoint","urlTemplate":"https:\/\/www.africa-press.net\/niger\/?s={search_term_string}"},"query-input":{"@type":"PropertyValueSpecification","valueRequired":true,"valueName":"search_term_string"}}],"inLanguage":"fr-FR"},{"@type":"Person","@id":"https:\/\/www.africa-press.net\/niger\/#\/schema\/person\/2b1cf3cd81a31e3cd26889ca66d677f1","name":"cfeditorfr"}]}},"_links":{"self":[{"href":"https:\/\/www.africa-press.net\/niger\/wp-json\/wp\/v2\/posts\/58549","targetHints":{"allow":["GET"]}}],"collection":[{"href":"https:\/\/www.africa-press.net\/niger\/wp-json\/wp\/v2\/posts"}],"about":[{"href":"https:\/\/www.africa-press.net\/niger\/wp-json\/wp\/v2\/types\/post"}],"author":[{"embeddable":true,"href":"https:\/\/www.africa-press.net\/niger\/wp-json\/wp\/v2\/users\/82"}],"replies":[{"embeddable":true,"href":"https:\/\/www.africa-press.net\/niger\/wp-json\/wp\/v2\/comments?post=58549"}],"version-history":[{"count":0,"href":"https:\/\/www.africa-press.net\/niger\/wp-json\/wp\/v2\/posts\/58549\/revisions"}],"wp:featuredmedia":[{"embeddable":true,"href":"https:\/\/www.africa-press.net\/niger\/wp-json\/wp\/v2\/media\/58547"}],"wp:attachment":[{"href":"https:\/\/www.africa-press.net\/niger\/wp-json\/wp\/v2\/media?parent=58549"}],"wp:term":[{"taxonomy":"category","embeddable":true,"href":"https:\/\/www.africa-press.net\/niger\/wp-json\/wp\/v2\/categories?post=58549"},{"taxonomy":"post_tag","embeddable":true,"href":"https:\/\/www.africa-press.net\/niger\/wp-json\/wp\/v2\/tags?post=58549"}],"curies":[{"name":"wp","href":"https:\/\/api.w.org\/{rel}","templated":true}]}}