{"id":58558,"date":"2024-02-13T13:34:37","date_gmt":"2024-02-13T13:34:37","guid":{"rendered":"https:\/\/www.africa-press.net\/niger\/politique\/audience-au-cabinet-du-premier-ministre-le-premier-ministre-recoit-les-membres-de-la-commission-de-lutte-contre-la-delinquance-economique-financiere-et-fiscale-coldeff-et-une-delegation-du-haut-c"},"modified":"2024-02-13T14:22:25","modified_gmt":"2024-02-13T14:22:25","slug":"audience-au-cabinet-du-premier-ministre-le-premier-ministre-recoit-les-membres-de-la-commission-de-lutte-contre-la-delinquance-economique-financiere-et-fiscale-coldeff-et-une-delegation-du-haut-c","status":"publish","type":"post","link":"https:\/\/www.africa-press.net\/niger\/politique\/audience-au-cabinet-du-premier-ministre-le-premier-ministre-recoit-les-membres-de-la-commission-de-lutte-contre-la-delinquance-economique-financiere-et-fiscale-coldeff-et-une-delegation-du-haut-c","title":{"rendered":"Audience au cabinet du Premier Ministre : Le Premier Ministre re\u00e7oit les membres de la Commission de lutte contre la d\u00e9linquance \u00e9conomique, financi\u00e8re et fiscale (CoLDEFF) et une d\u00e9l\u00e9gation du Haut Conseil des Nig\u00e9riens au B\u00e9nin."},"content":{"rendered":"<p><span style=\"color: #ff6600\"><strong>Africa-Press &#8211; Niger. <\/strong><\/span>Le Premier ministre, ministre de l\u2019E\u0301conomie et des Finances, M. Ali Mahaman Lamine Zeine a rec\u0327u en audience, le samedi 10 fe\u0301vrier, les membres de la Commission de lutte contre la de\u0301linquance e\u0301conomique, financie\u0300re et fiscale (COLDEFF). Cette rencontre s\u2019est de\u0301roule\u0301e en pre\u0301sence du ministre, directeur de cabinet du Chef de l\u2019E\u0301tat et du ministre de\u0301le\u0301gue\u0301, charge\u0301 des Finances.<\/p>\n<p>Quelques instants apre\u0300s, le Premier Ministre s\u2019est entretenu avec une de\u0301le\u0301gation du Haut Conseil des Nige\u0301riens au Be\u0301nin. L\u2019audience s\u2019est de\u0301roule\u0301e en pre\u0301sence du ministre de la Communication, des Postes et de l\u2019E\u0301conomie nume\u0301rique.<\/p>\n<p>A\u0300 leur sortie d\u2019audience, le pre\u0301sident du Haut Conseil des nige\u0301riens au Be\u0301nin, M. Issa Aboubacar Alpha a de\u0301clare\u0301 e\u0302tre venu dans le cadre de la contribution de la diaspora nige\u0301rienne vivant au Be\u0301nin pour le Fonds de Solidarite\u0301 pour la Sauvegarde de la Patrie et en me\u0302me temps fe\u0301liciter les nouvelles autorite\u0301s du Niger. \u00ab Nous avons e\u0301te\u0301 tre\u0300s bien rec\u0327us par le Premier ministre. Nous avons discute\u0301 sur beaucoup de sujets, notamment sur la vie des ressortissants nige\u0301riens vivant au Be\u0301nin. Le Premier ministre nous a prodigue\u0301 de sages conseils. Nous lui avons aussi explique\u0301 que nous n\u2019avons aucun proble\u0300me avec le peuple be\u0301ninois \u00bb, a-t-il confie\u0301.<\/p>\n<p>Par ailleurs, M. Issa Aboubacar Alpha a ajoute\u0301 que le peuple be\u0301ninois et le peuple nige\u0301rien vivent ensemble dans la convivialite\u0301. \u00ab Nous avons e\u0301galement discute\u0301 sur l\u2019e\u0301tat de la situation du Forum de la diaspora ainsi que des choses qui inte\u0301ressent les ressortissants nige\u0301riens vivant a\u0300 l\u2019e\u0301tranger \u00bb, a de\u0301clare\u0301 le pre\u0301sident du Haut Conseil des nige\u0301riens au Be\u0301nin.<\/p>\n\r\n                <style type=\"text\/css\">\r\n                    \r\n                    #td_uid_1_69f240fb7523d  .td-doubleSlider-2 .td-item1 {\r\n                        background: url(https:\/\/static.africa-press.net\/niger\/sites\/40\/2024\/02\/sm_1707821465.593396-80x60.jpg) 0 0 no-repeat;\r\n                    }\r\n                    #td_uid_1_69f240fb7523d  .td-doubleSlider-2 .td-item2 {\r\n                        background: url(https:\/\/static.africa-press.net\/niger\/sites\/40\/2024\/02\/sm_1707821475.973925-80x60.jpg) 0 0 no-repeat;\r\n                    }\r\n                <\/style>\r\n\r\n                <div id=\"td_uid_1_69f240fb7523d\" class=\"td-gallery td-slide-on-2-columns\">\r\n                    <div class=\"post_td_gallery\">\r\n                        <div class=\"td-gallery-slide-top\">\r\n                           <div class=\"td-gallery-title\"><\/div>\r\n\r\n                            <div class=\"td-gallery-controls-wrapper\">\r\n                                <div class=\"td-gallery-slide-count\"><span class=\"td-gallery-slide-item-focus\">1<\/span> de 2<\/div>\r\n                                <div class=\"td-gallery-slide-prev-next-but\">\r\n                                    <i class = \"td-icon-left doubleSliderPrevButton\"><\/i>\r\n                                    <i class = \"td-icon-right doubleSliderNextButton\"><\/i>\r\n                                <\/div>\r\n                            <\/div>\r\n                        <\/div>\r\n\r\n                        <div class = \"td-doubleSlider-1 \">\r\n                            <div class = \"td-slider\">\r\n                                \r\n                    <div class = \"td-slide-item td-item1\">\r\n                        <figure class=\"td-slide-galery-figure td-slide-popup-gallery\">\r\n                            <a class=\"slide-gallery-image-link\" href=\"https:\/\/static.africa-press.net\/niger\/sites\/40\/2024\/02\/sm_1707821465.593396.jpg\" title=\"sm_1707821465.593396\"  data-caption=\"\"  data-description=\"\">\r\n                                <img decoding=\"async\" src=\"https:\/\/static.africa-press.net\/niger\/sites\/40\/2024\/02\/sm_1707821465.593396.jpg\" srcset=\"https:\/\/static.africa-press.net\/niger\/sites\/40\/2024\/02\/sm_1707821465.593396.jpg 1024w, https:\/\/static.africa-press.net\/niger\/sites\/40\/2024\/02\/sm_1707821465.593396-300x200.jpg 300w, https:\/\/static.africa-press.net\/niger\/sites\/40\/2024\/02\/sm_1707821465.593396-768x512.jpg 768w\" sizes=\"(max-width: 1024px) 100vw, 1024px\" alt=\"\">\r\n                            <\/a>\r\n                            \r\n                        <\/figure>\r\n                    <\/div>\r\n                    <div class = \"td-slide-item td-item2\">\r\n                        <figure class=\"td-slide-galery-figure td-slide-popup-gallery\">\r\n                            <a class=\"slide-gallery-image-link\" href=\"https:\/\/static.africa-press.net\/niger\/sites\/40\/2024\/02\/sm_1707821475.973925.jpg\" title=\"sm_1707821475.973925\"  data-caption=\"\"  data-description=\"\">\r\n                                <img decoding=\"async\" src=\"https:\/\/static.africa-press.net\/niger\/sites\/40\/2024\/02\/sm_1707821475.973925.jpg\" srcset=\"https:\/\/static.africa-press.net\/niger\/sites\/40\/2024\/02\/sm_1707821475.973925.jpg 1024w, https:\/\/static.africa-press.net\/niger\/sites\/40\/2024\/02\/sm_1707821475.973925-300x200.jpg 300w, https:\/\/static.africa-press.net\/niger\/sites\/40\/2024\/02\/sm_1707821475.973925-768x512.jpg 768w\" sizes=\"(max-width: 1024px) 100vw, 1024px\" alt=\"\">\r\n                            <\/a>\r\n                            \r\n                        <\/figure>\r\n                    <\/div>\r\n                            <\/div>\r\n                        <\/div>\r\n\r\n                        <div class = \"td-doubleSlider-2\">\r\n                            <div class = \"td-slider\">\r\n                                \r\n                    <div class = \"td-button td-item1\">\r\n                        <div class = \"td-border\"><\/div>\r\n                    <\/div>\r\n                    <div class = \"td-button td-item2\">\r\n                        <div class = \"td-border\"><\/div>\r\n                    <\/div>\r\n                            <\/div>\r\n                        <\/div>\r\n\r\n                    <\/div>\r\n\r\n                <\/div>\r\n                \n<p><strong>Pour plus d&rsquo;informations et d&rsquo;analyses sur la <a href=\"https:\/\/www.africa-press.net\/niger\">Niger<\/a>, suivez <a href=\"https:\/\/www.africa-press.net\/\">Africa-Press<\/a><\/strong><\/p>\n","protected":false},"excerpt":{"rendered":"<p>Africa-Press &#8211; Niger. Le Premier ministre, ministre de l\u2019E\u0301conomie et des Finances, M. Ali Mahaman Lamine Zeine a rec\u0327u en audience, le samedi 10 fe\u0301vrier, les membres de la Commission de lutte contre la de\u0301linquance e\u0301conomique, financie\u0300re et fiscale (COLDEFF). Cette rencontre s\u2019est de\u0301roule\u0301e en pre\u0301sence du ministre, directeur de cabinet du Chef de l\u2019E\u0301tat [&hellip;]<\/p>\n","protected":false},"author":82,"featured_media":58556,"comment_status":"open","ping_status":"closed","sticky":false,"template":"","format":"standard","meta":{"footnotes":""},"categories":[8,2,10],"tags":[55,60,29],"class_list":["post-58558","post","type-post","status-publish","format-standard","has-post-thumbnail","hentry","category-photo","category-politique","category-toutes-les-actualites","tag-africa-press","tag-africa-press-niger","tag-niger"],"yoast_head":"<!-- This site is optimized with the Yoast SEO Premium plugin v26.1 (Yoast SEO v27.0) - https:\/\/yoast.com\/product\/yoast-seo-premium-wordpress\/ -->\n<title>Audience au cabinet du Premier Ministre : Le Premier Ministre re\u00e7oit les membres de la Commission de lutte contre la d\u00e9linquance \u00e9conomique, financi\u00e8re et fiscale (CoLDEFF) et une d\u00e9l\u00e9gation du Haut Conseil des Nig\u00e9riens au B\u00e9nin. - niger<\/title>\n<meta name=\"description\" content=\"Le Premier ministre, ministre de l\u2019E\u0301conomie et des Finances, M. Ali Mahaman Lamine Zeine a rec\u0327u en audience, le samedi ...\" \/>\n<meta name=\"robots\" content=\"index, follow, max-snippet:-1, max-image-preview:large, max-video-preview:-1\" \/>\n<link rel=\"canonical\" href=\"https:\/\/www.africa-press.net\/niger\/politique\/audience-au-cabinet-du-premier-ministre-le-premier-ministre-recoit-les-membres-de-la-commission-de-lutte-contre-la-delinquance-economique-financiere-et-fiscale-coldeff-et-une-delegation-du-haut-c\" \/>\n<meta property=\"og:locale\" content=\"fr_FR\" \/>\n<meta property=\"og:type\" content=\"article\" \/>\n<meta property=\"og:title\" content=\"Audience au cabinet du Premier Ministre : Le Premier Ministre re\u00e7oit les membres de la Commission de lutte contre la d\u00e9linquance \u00e9conomique, financi\u00e8re et fiscale (CoLDEFF) et une d\u00e9l\u00e9gation du Haut Conseil des Nig\u00e9riens au B\u00e9nin.\" \/>\n<meta property=\"og:description\" content=\"Le Premier ministre, ministre de l\u2019E\u0301conomie et des Finances, M. Ali Mahaman Lamine Zeine a rec\u0327u en audience, le samedi ...\" \/>\n<meta property=\"og:url\" content=\"https:\/\/www.africa-press.net\/niger\/politique\/audience-au-cabinet-du-premier-ministre-le-premier-ministre-recoit-les-membres-de-la-commission-de-lutte-contre-la-delinquance-economique-financiere-et-fiscale-coldeff-et-une-delegation-du-haut-c\" \/>\n<meta property=\"og:site_name\" content=\"niger\" \/>\n<meta property=\"article:published_time\" content=\"2024-02-13T13:34:37+00:00\" \/>\n<meta property=\"article:modified_time\" content=\"2024-02-13T14:22:25+00:00\" \/>\n<meta property=\"og:image\" content=\"https:\/\/static.africa-press.net\/niger\/sites\/40\/2024\/02\/sm_1707821483.769559.jpg\" \/>\n\t<meta property=\"og:image:width\" content=\"1024\" \/>\n\t<meta property=\"og:image:height\" content=\"682\" \/>\n\t<meta property=\"og:image:type\" content=\"image\/jpeg\" \/>\n<meta name=\"author\" content=\"cfeditorfr\" \/>\n<meta name=\"twitter:card\" content=\"summary_large_image\" \/>\n<meta name=\"twitter:label1\" content=\"\u00c9crit par\" \/>\n\t<meta name=\"twitter:data1\" content=\"cfeditorfr\" \/>\n\t<meta name=\"twitter:label2\" content=\"Dur\u00e9e de lecture estim\u00e9e\" \/>\n\t<meta name=\"twitter:data2\" content=\"2 minutes\" \/>\n<script type=\"application\/ld+json\" class=\"yoast-schema-graph\">{\"@context\":\"https:\/\/schema.org\",\"@graph\":[{\"@type\":\"Article\",\"@id\":\"https:\/\/www.africa-press.net\/niger\/politique\/audience-au-cabinet-du-premier-ministre-le-premier-ministre-recoit-les-membres-de-la-commission-de-lutte-contre-la-delinquance-economique-financiere-et-fiscale-coldeff-et-une-delegation-du-haut-c#article\",\"isPartOf\":{\"@id\":\"https:\/\/www.africa-press.net\/niger\/politique\/audience-au-cabinet-du-premier-ministre-le-premier-ministre-recoit-les-membres-de-la-commission-de-lutte-contre-la-delinquance-economique-financiere-et-fiscale-coldeff-et-une-delegation-du-haut-c\"},\"author\":{\"name\":\"cfeditorfr\",\"@id\":\"https:\/\/www.africa-press.net\/niger\/#\/schema\/person\/2b1cf3cd81a31e3cd26889ca66d677f1\"},\"headline\":\"Audience au cabinet du Premier Ministre : Le Premier Ministre re\u00e7oit les membres de la Commission de lutte contre la d\u00e9linquance \u00e9conomique, financi\u00e8re et fiscale (CoLDEFF) et une d\u00e9l\u00e9gation du Haut Conseil des Nig\u00e9riens au B\u00e9nin.\",\"datePublished\":\"2024-02-13T13:34:37+00:00\",\"dateModified\":\"2024-02-13T14:22:25+00:00\",\"mainEntityOfPage\":{\"@id\":\"https:\/\/www.africa-press.net\/niger\/politique\/audience-au-cabinet-du-premier-ministre-le-premier-ministre-recoit-les-membres-de-la-commission-de-lutte-contre-la-delinquance-economique-financiere-et-fiscale-coldeff-et-une-delegation-du-haut-c\"},\"wordCount\":385,\"commentCount\":0,\"image\":{\"@id\":\"https:\/\/www.africa-press.net\/niger\/politique\/audience-au-cabinet-du-premier-ministre-le-premier-ministre-recoit-les-membres-de-la-commission-de-lutte-contre-la-delinquance-economique-financiere-et-fiscale-coldeff-et-une-delegation-du-haut-c#primaryimage\"},\"thumbnailUrl\":\"https:\/\/static.africa-press.net\/niger\/sites\/40\/2024\/02\/sm_1707821483.769559.jpg\",\"keywords\":[\"Africa Press\",\"Africa Press-Niger\",\"Niger\"],\"articleSection\":[\"Photo\",\"Politique\",\"Toutes les actualit\u00e9s\"],\"inLanguage\":\"fr-FR\",\"potentialAction\":[{\"@type\":\"CommentAction\",\"name\":\"Comment\",\"target\":[\"https:\/\/www.africa-press.net\/niger\/politique\/audience-au-cabinet-du-premier-ministre-le-premier-ministre-recoit-les-membres-de-la-commission-de-lutte-contre-la-delinquance-economique-financiere-et-fiscale-coldeff-et-une-delegation-du-haut-c#respond\"]}]},{\"@type\":\"WebPage\",\"@id\":\"https:\/\/www.africa-press.net\/niger\/politique\/audience-au-cabinet-du-premier-ministre-le-premier-ministre-recoit-les-membres-de-la-commission-de-lutte-contre-la-delinquance-economique-financiere-et-fiscale-coldeff-et-une-delegation-du-haut-c\",\"url\":\"https:\/\/www.africa-press.net\/niger\/politique\/audience-au-cabinet-du-premier-ministre-le-premier-ministre-recoit-les-membres-de-la-commission-de-lutte-contre-la-delinquance-economique-financiere-et-fiscale-coldeff-et-une-delegation-du-haut-c\",\"name\":\"Audience au cabinet du Premier Ministre : Le Premier Ministre re\u00e7oit les membres de la Commission de lutte contre la d\u00e9linquance \u00e9conomique, financi\u00e8re et fiscale (CoLDEFF) et une d\u00e9l\u00e9gation du Haut Conseil des Nig\u00e9riens au B\u00e9nin. - niger\",\"isPartOf\":{\"@id\":\"https:\/\/www.africa-press.net\/niger\/#website\"},\"primaryImageOfPage\":{\"@id\":\"https:\/\/www.africa-press.net\/niger\/politique\/audience-au-cabinet-du-premier-ministre-le-premier-ministre-recoit-les-membres-de-la-commission-de-lutte-contre-la-delinquance-economique-financiere-et-fiscale-coldeff-et-une-delegation-du-haut-c#primaryimage\"},\"image\":{\"@id\":\"https:\/\/www.africa-press.net\/niger\/politique\/audience-au-cabinet-du-premier-ministre-le-premier-ministre-recoit-les-membres-de-la-commission-de-lutte-contre-la-delinquance-economique-financiere-et-fiscale-coldeff-et-une-delegation-du-haut-c#primaryimage\"},\"thumbnailUrl\":\"https:\/\/static.africa-press.net\/niger\/sites\/40\/2024\/02\/sm_1707821483.769559.jpg\",\"datePublished\":\"2024-02-13T13:34:37+00:00\",\"dateModified\":\"2024-02-13T14:22:25+00:00\",\"author\":{\"@id\":\"https:\/\/www.africa-press.net\/niger\/#\/schema\/person\/2b1cf3cd81a31e3cd26889ca66d677f1\"},\"description\":\"Le Premier ministre, ministre de l\u2019E\u0301conomie et des Finances, M. Ali Mahaman Lamine Zeine a rec\u0327u en audience, le samedi ...\",\"breadcrumb\":{\"@id\":\"https:\/\/www.africa-press.net\/niger\/politique\/audience-au-cabinet-du-premier-ministre-le-premier-ministre-recoit-les-membres-de-la-commission-de-lutte-contre-la-delinquance-economique-financiere-et-fiscale-coldeff-et-une-delegation-du-haut-c#breadcrumb\"},\"inLanguage\":\"fr-FR\",\"potentialAction\":[{\"@type\":\"ReadAction\",\"target\":[\"https:\/\/www.africa-press.net\/niger\/politique\/audience-au-cabinet-du-premier-ministre-le-premier-ministre-recoit-les-membres-de-la-commission-de-lutte-contre-la-delinquance-economique-financiere-et-fiscale-coldeff-et-une-delegation-du-haut-c\"]}]},{\"@type\":\"ImageObject\",\"inLanguage\":\"fr-FR\",\"@id\":\"https:\/\/www.africa-press.net\/niger\/politique\/audience-au-cabinet-du-premier-ministre-le-premier-ministre-recoit-les-membres-de-la-commission-de-lutte-contre-la-delinquance-economique-financiere-et-fiscale-coldeff-et-une-delegation-du-haut-c#primaryimage\",\"url\":\"https:\/\/static.africa-press.net\/niger\/sites\/40\/2024\/02\/sm_1707821483.769559.jpg\",\"contentUrl\":\"https:\/\/static.africa-press.net\/niger\/sites\/40\/2024\/02\/sm_1707821483.769559.jpg\",\"width\":1024,\"height\":682,\"caption\":\"Audience au cabinet du Premier Ministre : Le Premier Ministre re\u00e7oit les membres de la Commission de lutte contre la d\u00e9linquance \u00e9conomique, financi\u00e8re et fiscale (CoLDEFF) et une d\u00e9l\u00e9gation du Haut Conseil des Nig\u00e9riens au B\u00e9nin.\"},{\"@type\":\"BreadcrumbList\",\"@id\":\"https:\/\/www.africa-press.net\/niger\/politique\/audience-au-cabinet-du-premier-ministre-le-premier-ministre-recoit-les-membres-de-la-commission-de-lutte-contre-la-delinquance-economique-financiere-et-fiscale-coldeff-et-une-delegation-du-haut-c#breadcrumb\",\"itemListElement\":[{\"@type\":\"ListItem\",\"position\":1,\"name\":\"Accueil\",\"item\":\"https:\/\/www.africa-press.net\/niger\/\"},{\"@type\":\"ListItem\",\"position\":2,\"name\":\"Audience au cabinet du Premier Ministre : Le Premier Ministre re\u00e7oit les membres de la Commission de lutte contre la d\u00e9linquance \u00e9conomique, financi\u00e8re et fiscale (CoLDEFF) et une d\u00e9l\u00e9gation du Haut Conseil des Nig\u00e9riens au B\u00e9nin.\"}]},{\"@type\":\"WebSite\",\"@id\":\"https:\/\/www.africa-press.net\/niger\/#website\",\"url\":\"https:\/\/www.africa-press.net\/niger\/\",\"name\":\"niger\",\"description\":\"Just another Africa News Agency Sites site\",\"potentialAction\":[{\"@type\":\"SearchAction\",\"target\":{\"@type\":\"EntryPoint\",\"urlTemplate\":\"https:\/\/www.africa-press.net\/niger\/?s={search_term_string}\"},\"query-input\":{\"@type\":\"PropertyValueSpecification\",\"valueRequired\":true,\"valueName\":\"search_term_string\"}}],\"inLanguage\":\"fr-FR\"},{\"@type\":\"Person\",\"@id\":\"https:\/\/www.africa-press.net\/niger\/#\/schema\/person\/2b1cf3cd81a31e3cd26889ca66d677f1\",\"name\":\"cfeditorfr\"}]}<\/script>\n<!-- \/ Yoast SEO Premium plugin. -->","yoast_head_json":{"title":"Audience au cabinet du Premier Ministre : Le Premier Ministre re\u00e7oit les membres de la Commission de lutte contre la d\u00e9linquance \u00e9conomique, financi\u00e8re et fiscale (CoLDEFF) et une d\u00e9l\u00e9gation du Haut Conseil des Nig\u00e9riens au B\u00e9nin. - niger","description":"Le Premier ministre, ministre de l\u2019E\u0301conomie et des Finances, M. Ali Mahaman Lamine Zeine a rec\u0327u en audience, le samedi ...","robots":{"index":"index","follow":"follow","max-snippet":"max-snippet:-1","max-image-preview":"max-image-preview:large","max-video-preview":"max-video-preview:-1"},"canonical":"https:\/\/www.africa-press.net\/niger\/politique\/audience-au-cabinet-du-premier-ministre-le-premier-ministre-recoit-les-membres-de-la-commission-de-lutte-contre-la-delinquance-economique-financiere-et-fiscale-coldeff-et-une-delegation-du-haut-c","og_locale":"fr_FR","og_type":"article","og_title":"Audience au cabinet du Premier Ministre : Le Premier Ministre re\u00e7oit les membres de la Commission de lutte contre la d\u00e9linquance \u00e9conomique, financi\u00e8re et fiscale (CoLDEFF) et une d\u00e9l\u00e9gation du Haut Conseil des Nig\u00e9riens au B\u00e9nin.","og_description":"Le Premier ministre, ministre de l\u2019E\u0301conomie et des Finances, M. Ali Mahaman Lamine Zeine a rec\u0327u en audience, le samedi ...","og_url":"https:\/\/www.africa-press.net\/niger\/politique\/audience-au-cabinet-du-premier-ministre-le-premier-ministre-recoit-les-membres-de-la-commission-de-lutte-contre-la-delinquance-economique-financiere-et-fiscale-coldeff-et-une-delegation-du-haut-c","og_site_name":"niger","article_published_time":"2024-02-13T13:34:37+00:00","article_modified_time":"2024-02-13T14:22:25+00:00","og_image":[{"width":1024,"height":682,"url":"https:\/\/static.africa-press.net\/niger\/sites\/40\/2024\/02\/sm_1707821483.769559.jpg","type":"image\/jpeg"}],"author":"cfeditorfr","twitter_card":"summary_large_image","twitter_misc":{"\u00c9crit par":"cfeditorfr","Dur\u00e9e de lecture estim\u00e9e":"2 minutes"},"schema":{"@context":"https:\/\/schema.org","@graph":[{"@type":"Article","@id":"https:\/\/www.africa-press.net\/niger\/politique\/audience-au-cabinet-du-premier-ministre-le-premier-ministre-recoit-les-membres-de-la-commission-de-lutte-contre-la-delinquance-economique-financiere-et-fiscale-coldeff-et-une-delegation-du-haut-c#article","isPartOf":{"@id":"https:\/\/www.africa-press.net\/niger\/politique\/audience-au-cabinet-du-premier-ministre-le-premier-ministre-recoit-les-membres-de-la-commission-de-lutte-contre-la-delinquance-economique-financiere-et-fiscale-coldeff-et-une-delegation-du-haut-c"},"author":{"name":"cfeditorfr","@id":"https:\/\/www.africa-press.net\/niger\/#\/schema\/person\/2b1cf3cd81a31e3cd26889ca66d677f1"},"headline":"Audience au cabinet du Premier Ministre : Le Premier Ministre re\u00e7oit les membres de la Commission de lutte contre la d\u00e9linquance \u00e9conomique, financi\u00e8re et fiscale (CoLDEFF) et une d\u00e9l\u00e9gation du Haut Conseil des Nig\u00e9riens au B\u00e9nin.","datePublished":"2024-02-13T13:34:37+00:00","dateModified":"2024-02-13T14:22:25+00:00","mainEntityOfPage":{"@id":"https:\/\/www.africa-press.net\/niger\/politique\/audience-au-cabinet-du-premier-ministre-le-premier-ministre-recoit-les-membres-de-la-commission-de-lutte-contre-la-delinquance-economique-financiere-et-fiscale-coldeff-et-une-delegation-du-haut-c"},"wordCount":385,"commentCount":0,"image":{"@id":"https:\/\/www.africa-press.net\/niger\/politique\/audience-au-cabinet-du-premier-ministre-le-premier-ministre-recoit-les-membres-de-la-commission-de-lutte-contre-la-delinquance-economique-financiere-et-fiscale-coldeff-et-une-delegation-du-haut-c#primaryimage"},"thumbnailUrl":"https:\/\/static.africa-press.net\/niger\/sites\/40\/2024\/02\/sm_1707821483.769559.jpg","keywords":["Africa Press","Africa Press-Niger","Niger"],"articleSection":["Photo","Politique","Toutes les actualit\u00e9s"],"inLanguage":"fr-FR","potentialAction":[{"@type":"CommentAction","name":"Comment","target":["https:\/\/www.africa-press.net\/niger\/politique\/audience-au-cabinet-du-premier-ministre-le-premier-ministre-recoit-les-membres-de-la-commission-de-lutte-contre-la-delinquance-economique-financiere-et-fiscale-coldeff-et-une-delegation-du-haut-c#respond"]}]},{"@type":"WebPage","@id":"https:\/\/www.africa-press.net\/niger\/politique\/audience-au-cabinet-du-premier-ministre-le-premier-ministre-recoit-les-membres-de-la-commission-de-lutte-contre-la-delinquance-economique-financiere-et-fiscale-coldeff-et-une-delegation-du-haut-c","url":"https:\/\/www.africa-press.net\/niger\/politique\/audience-au-cabinet-du-premier-ministre-le-premier-ministre-recoit-les-membres-de-la-commission-de-lutte-contre-la-delinquance-economique-financiere-et-fiscale-coldeff-et-une-delegation-du-haut-c","name":"Audience au cabinet du Premier Ministre : Le Premier Ministre re\u00e7oit les membres de la Commission de lutte contre la d\u00e9linquance \u00e9conomique, financi\u00e8re et fiscale (CoLDEFF) et une d\u00e9l\u00e9gation du Haut Conseil des Nig\u00e9riens au B\u00e9nin. - niger","isPartOf":{"@id":"https:\/\/www.africa-press.net\/niger\/#website"},"primaryImageOfPage":{"@id":"https:\/\/www.africa-press.net\/niger\/politique\/audience-au-cabinet-du-premier-ministre-le-premier-ministre-recoit-les-membres-de-la-commission-de-lutte-contre-la-delinquance-economique-financiere-et-fiscale-coldeff-et-une-delegation-du-haut-c#primaryimage"},"image":{"@id":"https:\/\/www.africa-press.net\/niger\/politique\/audience-au-cabinet-du-premier-ministre-le-premier-ministre-recoit-les-membres-de-la-commission-de-lutte-contre-la-delinquance-economique-financiere-et-fiscale-coldeff-et-une-delegation-du-haut-c#primaryimage"},"thumbnailUrl":"https:\/\/static.africa-press.net\/niger\/sites\/40\/2024\/02\/sm_1707821483.769559.jpg","datePublished":"2024-02-13T13:34:37+00:00","dateModified":"2024-02-13T14:22:25+00:00","author":{"@id":"https:\/\/www.africa-press.net\/niger\/#\/schema\/person\/2b1cf3cd81a31e3cd26889ca66d677f1"},"description":"Le Premier ministre, ministre de l\u2019E\u0301conomie et des Finances, M. Ali Mahaman Lamine Zeine a rec\u0327u en audience, le samedi ...","breadcrumb":{"@id":"https:\/\/www.africa-press.net\/niger\/politique\/audience-au-cabinet-du-premier-ministre-le-premier-ministre-recoit-les-membres-de-la-commission-de-lutte-contre-la-delinquance-economique-financiere-et-fiscale-coldeff-et-une-delegation-du-haut-c#breadcrumb"},"inLanguage":"fr-FR","potentialAction":[{"@type":"ReadAction","target":["https:\/\/www.africa-press.net\/niger\/politique\/audience-au-cabinet-du-premier-ministre-le-premier-ministre-recoit-les-membres-de-la-commission-de-lutte-contre-la-delinquance-economique-financiere-et-fiscale-coldeff-et-une-delegation-du-haut-c"]}]},{"@type":"ImageObject","inLanguage":"fr-FR","@id":"https:\/\/www.africa-press.net\/niger\/politique\/audience-au-cabinet-du-premier-ministre-le-premier-ministre-recoit-les-membres-de-la-commission-de-lutte-contre-la-delinquance-economique-financiere-et-fiscale-coldeff-et-une-delegation-du-haut-c#primaryimage","url":"https:\/\/static.africa-press.net\/niger\/sites\/40\/2024\/02\/sm_1707821483.769559.jpg","contentUrl":"https:\/\/static.africa-press.net\/niger\/sites\/40\/2024\/02\/sm_1707821483.769559.jpg","width":1024,"height":682,"caption":"Audience au cabinet du Premier Ministre : Le Premier Ministre re\u00e7oit les membres de la Commission de lutte contre la d\u00e9linquance \u00e9conomique, financi\u00e8re et fiscale (CoLDEFF) et une d\u00e9l\u00e9gation du Haut Conseil des Nig\u00e9riens au B\u00e9nin."},{"@type":"BreadcrumbList","@id":"https:\/\/www.africa-press.net\/niger\/politique\/audience-au-cabinet-du-premier-ministre-le-premier-ministre-recoit-les-membres-de-la-commission-de-lutte-contre-la-delinquance-economique-financiere-et-fiscale-coldeff-et-une-delegation-du-haut-c#breadcrumb","itemListElement":[{"@type":"ListItem","position":1,"name":"Accueil","item":"https:\/\/www.africa-press.net\/niger\/"},{"@type":"ListItem","position":2,"name":"Audience au cabinet du Premier Ministre : Le Premier Ministre re\u00e7oit les membres de la Commission de lutte contre la d\u00e9linquance \u00e9conomique, financi\u00e8re et fiscale (CoLDEFF) et une d\u00e9l\u00e9gation du Haut Conseil des Nig\u00e9riens au B\u00e9nin."}]},{"@type":"WebSite","@id":"https:\/\/www.africa-press.net\/niger\/#website","url":"https:\/\/www.africa-press.net\/niger\/","name":"niger","description":"Just another Africa News Agency Sites site","potentialAction":[{"@type":"SearchAction","target":{"@type":"EntryPoint","urlTemplate":"https:\/\/www.africa-press.net\/niger\/?s={search_term_string}"},"query-input":{"@type":"PropertyValueSpecification","valueRequired":true,"valueName":"search_term_string"}}],"inLanguage":"fr-FR"},{"@type":"Person","@id":"https:\/\/www.africa-press.net\/niger\/#\/schema\/person\/2b1cf3cd81a31e3cd26889ca66d677f1","name":"cfeditorfr"}]}},"_links":{"self":[{"href":"https:\/\/www.africa-press.net\/niger\/wp-json\/wp\/v2\/posts\/58558","targetHints":{"allow":["GET"]}}],"collection":[{"href":"https:\/\/www.africa-press.net\/niger\/wp-json\/wp\/v2\/posts"}],"about":[{"href":"https:\/\/www.africa-press.net\/niger\/wp-json\/wp\/v2\/types\/post"}],"author":[{"embeddable":true,"href":"https:\/\/www.africa-press.net\/niger\/wp-json\/wp\/v2\/users\/82"}],"replies":[{"embeddable":true,"href":"https:\/\/www.africa-press.net\/niger\/wp-json\/wp\/v2\/comments?post=58558"}],"version-history":[{"count":0,"href":"https:\/\/www.africa-press.net\/niger\/wp-json\/wp\/v2\/posts\/58558\/revisions"}],"wp:featuredmedia":[{"embeddable":true,"href":"https:\/\/www.africa-press.net\/niger\/wp-json\/wp\/v2\/media\/58556"}],"wp:attachment":[{"href":"https:\/\/www.africa-press.net\/niger\/wp-json\/wp\/v2\/media?parent=58558"}],"wp:term":[{"taxonomy":"category","embeddable":true,"href":"https:\/\/www.africa-press.net\/niger\/wp-json\/wp\/v2\/categories?post=58558"},{"taxonomy":"post_tag","embeddable":true,"href":"https:\/\/www.africa-press.net\/niger\/wp-json\/wp\/v2\/tags?post=58558"}],"curies":[{"name":"wp","href":"https:\/\/api.w.org\/{rel}","templated":true}]}}