{"id":58564,"date":"2024-02-13T13:48:51","date_gmt":"2024-02-13T13:48:51","guid":{"rendered":"https:\/\/www.africa-press.net\/niger\/politique\/retrait-de-la-cedeao-les-trois-raisons-qui-ont-sous-tendu-la-decision-du-niger"},"modified":"2024-02-13T14:23:37","modified_gmt":"2024-02-13T14:23:37","slug":"retrait-de-la-cedeao-les-trois-raisons-qui-ont-sous-tendu-la-decision-du-niger","status":"publish","type":"post","link":"https:\/\/www.africa-press.net\/niger\/politique\/retrait-de-la-cedeao-les-trois-raisons-qui-ont-sous-tendu-la-decision-du-niger","title":{"rendered":"Retrait de la CEDEAO : Les trois raisons qui ont sous-tendu la d\u00e9cision du Niger"},"content":{"rendered":"<p><span style=\"color: #ff6600\"><strong>Africa-Press &#8211; Niger. <\/strong><\/span><b>Dans l\u2019interview qu\u2019il a accorde\u0301e le dimanche 11 fe\u0301vrier 2024 a\u0300 la RTN, le Pre\u0301sident du Conseil National pour la Sauvegarde de la Patrie (CNSP) est revenu sur les raisons fondamentales qui pousse\u0301 le Niger a\u0300 se retirer de la CEDEAO en compagnie des deux autres pays membres de l\u2019Alliance des Etats du Sahel que sont le Burkina Faso et le Mali.<\/b><\/p>\n<p>Pour le cas pre\u0301cis du Niger, ces raisons sont de trois ordres: Se\u0301curitaire ; moral\/e\u0301thique et e\u0301conomique. Pour ce qui est de la premie\u0300re raison, le Chef de l\u2019Etat nige\u0301rien a e\u0301voque\u0301 le fait que la CEDEAO ait menace\u0301 le Niger d\u2019une agression militaire arme\u0301e a\u0300 la suite des e\u0301ve\u0301nements du 26 juillet 2024 ayant conduit au renversement du pre\u0301sident Mohamed Bazoum. \u00ab Nous ne pouvons pas permettre, nous ne pouvons pas porter sur notre conscience le poids des massacres des Nige\u0301riens \u00bb, a de\u0301clare\u0301 le Ge\u0301ne\u0301ral de Brigade Abdourahamane Tiani.<\/p>\n<p>Sur le plan moral\/e\u0301thique, le pre\u0301sident du CNSP a de\u0301plore\u0301 les sanctions inhumaines prises par la Cedeao pour punir le peuple nige\u0301rien qui, a e\u0301te\u0301 de\u0301pourvu de tout et du minimum vital. En effet, les sanctions de la Cedeao ont interdit l\u2019entre\u0301e des produits pharmaceutiques et des denre\u0301es alimentaires sans compter la coupure de la fourniture en e\u0301nergie e\u0301clectique du pays. \u00ab Saurions nous continuer a\u0300 accepter que les Nige\u0301riens meurent parce que nous sommes dans une organisation qui ne correspond plus a\u0300 la re\u0301alite\u0301 depuis 1991. Devons- nous accepter que des Nige\u0301riens continuent a\u0300 mourir pour permettre a\u0300 certains individus d\u2019assouvir leur volonte\u0301, leurs calculs ou leurs desseins politiques ? Non ! \u00bb, a de\u0301clare\u0301 le Chef de l\u2019Etat.<\/p>\n<p>Enfin, au titre de la 3e\u0300me raison, le pre\u0301sident du CNSP a souligne\u0301 que la Cedeao actuelle ne re\u0301pond plus aux objectifs de sa cre\u0301ation tels que voulus par les pe\u0300res fondateurs. A ce titre, le Ge\u0301ne\u0301ral de Brigade Abdourahamane Tiani a releve\u0301 l\u2019embargo e\u0301conomique et mone\u0301taire impose\u0301 sur le Niger a\u0300 travers entre autres, le gel des avoirs de l\u2019Etats, des entreprises publiques et me\u0302me des prive\u0301s a\u0300 la BCEAO et dans les banques de l\u2019espace communautaire. \u00ab Qu\u2019aurions-nous a\u0300 gagner dans une CEDEAO ou\u0300 nous sommes sous embargo total ? \u00bb, s\u2019est-il interroge\u0301, soulignant que les Etats auraient du\u0302 sortir de cette organisation de\u0300s 1991 au lendemain du discours de La Baule. En effet, c\u2019est a\u0300 partir de cet instant la\u0300 que la France avait pris le contro\u0302le de l\u2019organisation et que cette dernie\u0300re ne re\u0301pondait plus a\u0300 l\u2019esprit initial ayant conduit a\u0300 sa cre\u0301ation le 28 mai 1975. \u00ab Nous, les pays membres de l\u2019AES, le Niger, le Burkina-Faso et le Mali, avons de\u0301cide\u0301 a\u0300 sortir de cette organisation pour tracer notre voie et notre destin ensemble avec nos peuples, avec les Africains et les partenaires since\u0300res \u00bb, a pre\u0301cise\u0301 le Chef de l\u2019Etat.<\/p>\n<p>&nbsp;<\/p>\n<p><strong>Pour plus d&rsquo;informations et d&rsquo;analyses sur la <a href=\"https:\/\/www.africa-press.net\/niger\">Niger<\/a>, suivez <a href=\"https:\/\/www.africa-press.net\/\">Africa-Press<\/a><\/strong><\/p>\n","protected":false},"excerpt":{"rendered":"<p>Africa-Press &#8211; Niger. Dans l\u2019interview qu\u2019il a accorde\u0301e le dimanche 11 fe\u0301vrier 2024 a\u0300 la RTN, le Pre\u0301sident du Conseil National pour la Sauvegarde de la Patrie (CNSP) est revenu sur les raisons fondamentales qui pousse\u0301 le Niger a\u0300 se retirer de la CEDEAO en compagnie des deux autres pays membres de l\u2019Alliance des Etats [&hellip;]<\/p>\n","protected":false},"author":82,"featured_media":58563,"comment_status":"open","ping_status":"closed","sticky":false,"template":"","format":"standard","meta":{"footnotes":""},"categories":[2,10],"tags":[55,60,29],"class_list":["post-58564","post","type-post","status-publish","format-standard","has-post-thumbnail","hentry","category-politique","category-toutes-les-actualites","tag-africa-press","tag-africa-press-niger","tag-niger"],"yoast_head":"<!-- This site is optimized with the Yoast SEO Premium plugin v26.1 (Yoast SEO v27.0) - https:\/\/yoast.com\/product\/yoast-seo-premium-wordpress\/ -->\n<title>Retrait de la CEDEAO : Les trois raisons qui ont sous-tendu la d\u00e9cision du Niger - niger<\/title>\n<meta name=\"description\" content=\"Dans l\u2019interview qu\u2019il a accorde\u0301e le dimanche 11 fe\u0301vrier 2024 a\u0300 la RTN, le Pre\u0301sident du Conseil National pour la ...\" \/>\n<meta name=\"robots\" content=\"index, follow, max-snippet:-1, max-image-preview:large, max-video-preview:-1\" \/>\n<link rel=\"canonical\" href=\"https:\/\/www.africa-press.net\/niger\/politique\/retrait-de-la-cedeao-les-trois-raisons-qui-ont-sous-tendu-la-decision-du-niger\" \/>\n<meta property=\"og:locale\" content=\"fr_FR\" \/>\n<meta property=\"og:type\" content=\"article\" \/>\n<meta property=\"og:title\" content=\"Retrait de la CEDEAO : Les trois raisons qui ont sous-tendu la d\u00e9cision du Niger\" \/>\n<meta property=\"og:description\" content=\"Dans l\u2019interview qu\u2019il a accorde\u0301e le dimanche 11 fe\u0301vrier 2024 a\u0300 la RTN, le Pre\u0301sident du Conseil National pour la ...\" \/>\n<meta property=\"og:url\" content=\"https:\/\/www.africa-press.net\/niger\/politique\/retrait-de-la-cedeao-les-trois-raisons-qui-ont-sous-tendu-la-decision-du-niger\" \/>\n<meta property=\"og:site_name\" content=\"niger\" \/>\n<meta property=\"article:published_time\" content=\"2024-02-13T13:48:51+00:00\" \/>\n<meta property=\"article:modified_time\" content=\"2024-02-13T14:23:37+00:00\" \/>\n<meta property=\"og:image\" content=\"https:\/\/static.africa-press.net\/niger\/sites\/40\/2024\/02\/sm_1707821534.461013.jpg\" \/>\n\t<meta property=\"og:image:width\" content=\"1024\" \/>\n\t<meta property=\"og:image:height\" content=\"718\" \/>\n\t<meta property=\"og:image:type\" content=\"image\/jpeg\" \/>\n<meta name=\"author\" content=\"cfeditorfr\" \/>\n<meta name=\"twitter:card\" content=\"summary_large_image\" \/>\n<meta name=\"twitter:label1\" content=\"\u00c9crit par\" \/>\n\t<meta name=\"twitter:data1\" content=\"cfeditorfr\" \/>\n\t<meta name=\"twitter:label2\" content=\"Dur\u00e9e de lecture estim\u00e9e\" \/>\n\t<meta name=\"twitter:data2\" content=\"3 minutes\" \/>\n<script type=\"application\/ld+json\" class=\"yoast-schema-graph\">{\"@context\":\"https:\/\/schema.org\",\"@graph\":[{\"@type\":\"Article\",\"@id\":\"https:\/\/www.africa-press.net\/niger\/politique\/retrait-de-la-cedeao-les-trois-raisons-qui-ont-sous-tendu-la-decision-du-niger#article\",\"isPartOf\":{\"@id\":\"https:\/\/www.africa-press.net\/niger\/politique\/retrait-de-la-cedeao-les-trois-raisons-qui-ont-sous-tendu-la-decision-du-niger\"},\"author\":{\"name\":\"cfeditorfr\",\"@id\":\"https:\/\/www.africa-press.net\/niger\/#\/schema\/person\/2b1cf3cd81a31e3cd26889ca66d677f1\"},\"headline\":\"Retrait de la CEDEAO : Les trois raisons qui ont sous-tendu la d\u00e9cision du Niger\",\"datePublished\":\"2024-02-13T13:48:51+00:00\",\"dateModified\":\"2024-02-13T14:23:37+00:00\",\"mainEntityOfPage\":{\"@id\":\"https:\/\/www.africa-press.net\/niger\/politique\/retrait-de-la-cedeao-les-trois-raisons-qui-ont-sous-tendu-la-decision-du-niger\"},\"wordCount\":552,\"commentCount\":0,\"image\":{\"@id\":\"https:\/\/www.africa-press.net\/niger\/politique\/retrait-de-la-cedeao-les-trois-raisons-qui-ont-sous-tendu-la-decision-du-niger#primaryimage\"},\"thumbnailUrl\":\"https:\/\/static.africa-press.net\/niger\/sites\/40\/2024\/02\/sm_1707821534.461013.jpg\",\"keywords\":[\"Africa Press\",\"Africa Press-Niger\",\"Niger\"],\"articleSection\":[\"Politique\",\"Toutes les actualit\u00e9s\"],\"inLanguage\":\"fr-FR\",\"potentialAction\":[{\"@type\":\"CommentAction\",\"name\":\"Comment\",\"target\":[\"https:\/\/www.africa-press.net\/niger\/politique\/retrait-de-la-cedeao-les-trois-raisons-qui-ont-sous-tendu-la-decision-du-niger#respond\"]}]},{\"@type\":\"WebPage\",\"@id\":\"https:\/\/www.africa-press.net\/niger\/politique\/retrait-de-la-cedeao-les-trois-raisons-qui-ont-sous-tendu-la-decision-du-niger\",\"url\":\"https:\/\/www.africa-press.net\/niger\/politique\/retrait-de-la-cedeao-les-trois-raisons-qui-ont-sous-tendu-la-decision-du-niger\",\"name\":\"Retrait de la CEDEAO : Les trois raisons qui ont sous-tendu la d\u00e9cision du Niger - niger\",\"isPartOf\":{\"@id\":\"https:\/\/www.africa-press.net\/niger\/#website\"},\"primaryImageOfPage\":{\"@id\":\"https:\/\/www.africa-press.net\/niger\/politique\/retrait-de-la-cedeao-les-trois-raisons-qui-ont-sous-tendu-la-decision-du-niger#primaryimage\"},\"image\":{\"@id\":\"https:\/\/www.africa-press.net\/niger\/politique\/retrait-de-la-cedeao-les-trois-raisons-qui-ont-sous-tendu-la-decision-du-niger#primaryimage\"},\"thumbnailUrl\":\"https:\/\/static.africa-press.net\/niger\/sites\/40\/2024\/02\/sm_1707821534.461013.jpg\",\"datePublished\":\"2024-02-13T13:48:51+00:00\",\"dateModified\":\"2024-02-13T14:23:37+00:00\",\"author\":{\"@id\":\"https:\/\/www.africa-press.net\/niger\/#\/schema\/person\/2b1cf3cd81a31e3cd26889ca66d677f1\"},\"description\":\"Dans l\u2019interview qu\u2019il a accorde\u0301e le dimanche 11 fe\u0301vrier 2024 a\u0300 la RTN, le Pre\u0301sident du Conseil National pour la ...\",\"breadcrumb\":{\"@id\":\"https:\/\/www.africa-press.net\/niger\/politique\/retrait-de-la-cedeao-les-trois-raisons-qui-ont-sous-tendu-la-decision-du-niger#breadcrumb\"},\"inLanguage\":\"fr-FR\",\"potentialAction\":[{\"@type\":\"ReadAction\",\"target\":[\"https:\/\/www.africa-press.net\/niger\/politique\/retrait-de-la-cedeao-les-trois-raisons-qui-ont-sous-tendu-la-decision-du-niger\"]}]},{\"@type\":\"ImageObject\",\"inLanguage\":\"fr-FR\",\"@id\":\"https:\/\/www.africa-press.net\/niger\/politique\/retrait-de-la-cedeao-les-trois-raisons-qui-ont-sous-tendu-la-decision-du-niger#primaryimage\",\"url\":\"https:\/\/static.africa-press.net\/niger\/sites\/40\/2024\/02\/sm_1707821534.461013.jpg\",\"contentUrl\":\"https:\/\/static.africa-press.net\/niger\/sites\/40\/2024\/02\/sm_1707821534.461013.jpg\",\"width\":1024,\"height\":718,\"caption\":\"Retrait de la CEDEAO : Les trois raisons qui ont sous-tendu la d\u00e9cision du Niger\"},{\"@type\":\"BreadcrumbList\",\"@id\":\"https:\/\/www.africa-press.net\/niger\/politique\/retrait-de-la-cedeao-les-trois-raisons-qui-ont-sous-tendu-la-decision-du-niger#breadcrumb\",\"itemListElement\":[{\"@type\":\"ListItem\",\"position\":1,\"name\":\"Accueil\",\"item\":\"https:\/\/www.africa-press.net\/niger\/\"},{\"@type\":\"ListItem\",\"position\":2,\"name\":\"Retrait de la CEDEAO : Les trois raisons qui ont sous-tendu la d\u00e9cision du Niger\"}]},{\"@type\":\"WebSite\",\"@id\":\"https:\/\/www.africa-press.net\/niger\/#website\",\"url\":\"https:\/\/www.africa-press.net\/niger\/\",\"name\":\"niger\",\"description\":\"Just another Africa News Agency Sites site\",\"potentialAction\":[{\"@type\":\"SearchAction\",\"target\":{\"@type\":\"EntryPoint\",\"urlTemplate\":\"https:\/\/www.africa-press.net\/niger\/?s={search_term_string}\"},\"query-input\":{\"@type\":\"PropertyValueSpecification\",\"valueRequired\":true,\"valueName\":\"search_term_string\"}}],\"inLanguage\":\"fr-FR\"},{\"@type\":\"Person\",\"@id\":\"https:\/\/www.africa-press.net\/niger\/#\/schema\/person\/2b1cf3cd81a31e3cd26889ca66d677f1\",\"name\":\"cfeditorfr\"}]}<\/script>\n<!-- \/ Yoast SEO Premium plugin. -->","yoast_head_json":{"title":"Retrait de la CEDEAO : Les trois raisons qui ont sous-tendu la d\u00e9cision du Niger - niger","description":"Dans l\u2019interview qu\u2019il a accorde\u0301e le dimanche 11 fe\u0301vrier 2024 a\u0300 la RTN, le Pre\u0301sident du Conseil National pour la ...","robots":{"index":"index","follow":"follow","max-snippet":"max-snippet:-1","max-image-preview":"max-image-preview:large","max-video-preview":"max-video-preview:-1"},"canonical":"https:\/\/www.africa-press.net\/niger\/politique\/retrait-de-la-cedeao-les-trois-raisons-qui-ont-sous-tendu-la-decision-du-niger","og_locale":"fr_FR","og_type":"article","og_title":"Retrait de la CEDEAO : Les trois raisons qui ont sous-tendu la d\u00e9cision du Niger","og_description":"Dans l\u2019interview qu\u2019il a accorde\u0301e le dimanche 11 fe\u0301vrier 2024 a\u0300 la RTN, le Pre\u0301sident du Conseil National pour la ...","og_url":"https:\/\/www.africa-press.net\/niger\/politique\/retrait-de-la-cedeao-les-trois-raisons-qui-ont-sous-tendu-la-decision-du-niger","og_site_name":"niger","article_published_time":"2024-02-13T13:48:51+00:00","article_modified_time":"2024-02-13T14:23:37+00:00","og_image":[{"width":1024,"height":718,"url":"https:\/\/static.africa-press.net\/niger\/sites\/40\/2024\/02\/sm_1707821534.461013.jpg","type":"image\/jpeg"}],"author":"cfeditorfr","twitter_card":"summary_large_image","twitter_misc":{"\u00c9crit par":"cfeditorfr","Dur\u00e9e de lecture estim\u00e9e":"3 minutes"},"schema":{"@context":"https:\/\/schema.org","@graph":[{"@type":"Article","@id":"https:\/\/www.africa-press.net\/niger\/politique\/retrait-de-la-cedeao-les-trois-raisons-qui-ont-sous-tendu-la-decision-du-niger#article","isPartOf":{"@id":"https:\/\/www.africa-press.net\/niger\/politique\/retrait-de-la-cedeao-les-trois-raisons-qui-ont-sous-tendu-la-decision-du-niger"},"author":{"name":"cfeditorfr","@id":"https:\/\/www.africa-press.net\/niger\/#\/schema\/person\/2b1cf3cd81a31e3cd26889ca66d677f1"},"headline":"Retrait de la CEDEAO : Les trois raisons qui ont sous-tendu la d\u00e9cision du Niger","datePublished":"2024-02-13T13:48:51+00:00","dateModified":"2024-02-13T14:23:37+00:00","mainEntityOfPage":{"@id":"https:\/\/www.africa-press.net\/niger\/politique\/retrait-de-la-cedeao-les-trois-raisons-qui-ont-sous-tendu-la-decision-du-niger"},"wordCount":552,"commentCount":0,"image":{"@id":"https:\/\/www.africa-press.net\/niger\/politique\/retrait-de-la-cedeao-les-trois-raisons-qui-ont-sous-tendu-la-decision-du-niger#primaryimage"},"thumbnailUrl":"https:\/\/static.africa-press.net\/niger\/sites\/40\/2024\/02\/sm_1707821534.461013.jpg","keywords":["Africa Press","Africa Press-Niger","Niger"],"articleSection":["Politique","Toutes les actualit\u00e9s"],"inLanguage":"fr-FR","potentialAction":[{"@type":"CommentAction","name":"Comment","target":["https:\/\/www.africa-press.net\/niger\/politique\/retrait-de-la-cedeao-les-trois-raisons-qui-ont-sous-tendu-la-decision-du-niger#respond"]}]},{"@type":"WebPage","@id":"https:\/\/www.africa-press.net\/niger\/politique\/retrait-de-la-cedeao-les-trois-raisons-qui-ont-sous-tendu-la-decision-du-niger","url":"https:\/\/www.africa-press.net\/niger\/politique\/retrait-de-la-cedeao-les-trois-raisons-qui-ont-sous-tendu-la-decision-du-niger","name":"Retrait de la CEDEAO : Les trois raisons qui ont sous-tendu la d\u00e9cision du Niger - niger","isPartOf":{"@id":"https:\/\/www.africa-press.net\/niger\/#website"},"primaryImageOfPage":{"@id":"https:\/\/www.africa-press.net\/niger\/politique\/retrait-de-la-cedeao-les-trois-raisons-qui-ont-sous-tendu-la-decision-du-niger#primaryimage"},"image":{"@id":"https:\/\/www.africa-press.net\/niger\/politique\/retrait-de-la-cedeao-les-trois-raisons-qui-ont-sous-tendu-la-decision-du-niger#primaryimage"},"thumbnailUrl":"https:\/\/static.africa-press.net\/niger\/sites\/40\/2024\/02\/sm_1707821534.461013.jpg","datePublished":"2024-02-13T13:48:51+00:00","dateModified":"2024-02-13T14:23:37+00:00","author":{"@id":"https:\/\/www.africa-press.net\/niger\/#\/schema\/person\/2b1cf3cd81a31e3cd26889ca66d677f1"},"description":"Dans l\u2019interview qu\u2019il a accorde\u0301e le dimanche 11 fe\u0301vrier 2024 a\u0300 la RTN, le Pre\u0301sident du Conseil National pour la ...","breadcrumb":{"@id":"https:\/\/www.africa-press.net\/niger\/politique\/retrait-de-la-cedeao-les-trois-raisons-qui-ont-sous-tendu-la-decision-du-niger#breadcrumb"},"inLanguage":"fr-FR","potentialAction":[{"@type":"ReadAction","target":["https:\/\/www.africa-press.net\/niger\/politique\/retrait-de-la-cedeao-les-trois-raisons-qui-ont-sous-tendu-la-decision-du-niger"]}]},{"@type":"ImageObject","inLanguage":"fr-FR","@id":"https:\/\/www.africa-press.net\/niger\/politique\/retrait-de-la-cedeao-les-trois-raisons-qui-ont-sous-tendu-la-decision-du-niger#primaryimage","url":"https:\/\/static.africa-press.net\/niger\/sites\/40\/2024\/02\/sm_1707821534.461013.jpg","contentUrl":"https:\/\/static.africa-press.net\/niger\/sites\/40\/2024\/02\/sm_1707821534.461013.jpg","width":1024,"height":718,"caption":"Retrait de la CEDEAO : Les trois raisons qui ont sous-tendu la d\u00e9cision du Niger"},{"@type":"BreadcrumbList","@id":"https:\/\/www.africa-press.net\/niger\/politique\/retrait-de-la-cedeao-les-trois-raisons-qui-ont-sous-tendu-la-decision-du-niger#breadcrumb","itemListElement":[{"@type":"ListItem","position":1,"name":"Accueil","item":"https:\/\/www.africa-press.net\/niger\/"},{"@type":"ListItem","position":2,"name":"Retrait de la CEDEAO : Les trois raisons qui ont sous-tendu la d\u00e9cision du Niger"}]},{"@type":"WebSite","@id":"https:\/\/www.africa-press.net\/niger\/#website","url":"https:\/\/www.africa-press.net\/niger\/","name":"niger","description":"Just another Africa News Agency Sites site","potentialAction":[{"@type":"SearchAction","target":{"@type":"EntryPoint","urlTemplate":"https:\/\/www.africa-press.net\/niger\/?s={search_term_string}"},"query-input":{"@type":"PropertyValueSpecification","valueRequired":true,"valueName":"search_term_string"}}],"inLanguage":"fr-FR"},{"@type":"Person","@id":"https:\/\/www.africa-press.net\/niger\/#\/schema\/person\/2b1cf3cd81a31e3cd26889ca66d677f1","name":"cfeditorfr"}]}},"_links":{"self":[{"href":"https:\/\/www.africa-press.net\/niger\/wp-json\/wp\/v2\/posts\/58564","targetHints":{"allow":["GET"]}}],"collection":[{"href":"https:\/\/www.africa-press.net\/niger\/wp-json\/wp\/v2\/posts"}],"about":[{"href":"https:\/\/www.africa-press.net\/niger\/wp-json\/wp\/v2\/types\/post"}],"author":[{"embeddable":true,"href":"https:\/\/www.africa-press.net\/niger\/wp-json\/wp\/v2\/users\/82"}],"replies":[{"embeddable":true,"href":"https:\/\/www.africa-press.net\/niger\/wp-json\/wp\/v2\/comments?post=58564"}],"version-history":[{"count":0,"href":"https:\/\/www.africa-press.net\/niger\/wp-json\/wp\/v2\/posts\/58564\/revisions"}],"wp:featuredmedia":[{"embeddable":true,"href":"https:\/\/www.africa-press.net\/niger\/wp-json\/wp\/v2\/media\/58563"}],"wp:attachment":[{"href":"https:\/\/www.africa-press.net\/niger\/wp-json\/wp\/v2\/media?parent=58564"}],"wp:term":[{"taxonomy":"category","embeddable":true,"href":"https:\/\/www.africa-press.net\/niger\/wp-json\/wp\/v2\/categories?post=58564"},{"taxonomy":"post_tag","embeddable":true,"href":"https:\/\/www.africa-press.net\/niger\/wp-json\/wp\/v2\/tags?post=58564"}],"curies":[{"name":"wp","href":"https:\/\/api.w.org\/{rel}","templated":true}]}}