{"id":58575,"date":"2024-02-13T13:52:21","date_gmt":"2024-02-13T13:52:21","guid":{"rendered":"https:\/\/www.africa-press.net\/niger\/politique\/visite-de-travail-du-gouverneur-de-la-region-dagadez-a-attri-tchirozerine-le-general-de-brigade-ibra-boulama-issa-receptionne-plusieurs-infrastructures-sociales-offertes-par-le-pdg-du-gro"},"modified":"2024-02-13T14:30:11","modified_gmt":"2024-02-13T14:30:11","slug":"visite-de-travail-du-gouverneur-de-la-region-dagadez-a-attri-tchirozerine-le-general-de-brigade-ibra-boulama-issa-receptionne-plusieurs-infrastructures-sociales-offertes-par-le-pdg-du-gro","status":"publish","type":"post","link":"https:\/\/www.africa-press.net\/niger\/photo\/visite-de-travail-du-gouverneur-de-la-region-dagadez-a-attri-tchirozerine-le-general-de-brigade-ibra-boulama-issa-receptionne-plusieurs-infrastructures-sociales-offertes-par-le-pdg-du-gro","title":{"rendered":"Visite de travail du Gouverneur de la R\u00e9gion d\u2019Agadez \u00e0 Attri (Tchiroz\u00e9rine) : Le G\u00e9n\u00e9ral de Brigade Ibra Boulama Issa r\u00e9ceptionne plusieurs infrastructures sociales offertes par le PDG du Groupe SOS"},"content":{"rendered":"<p><span style=\"color: #ff6600\"><strong>Africa-Press &#8211; Niger. <\/strong><\/span><b>Le Gouverneur de la Re\u0301gion d\u2019Agadez, le Ge\u0301ne\u0301ral de Brigade Ibra Boulama Issa, a effectue\u0301 une mission de travail de 24 heures, le samedi 10 fe\u0301vrier 2024, a\u0300 Attri, un village administratif de la Commune Urbaine de Tchiroze\u0301rine. A cette occasion, le Gouverneur a pre\u0301side\u0301 plusieurs activite\u0301s dont la re\u0301ception et l\u2019inauguration de plusieurs infrastructures sociales offertes gracieusement par le PDG du Groupe SOS, Elhadj Assali Ibrahim Ari. Dans son de\u0301placement le Gouverneur e\u0301tait accompagne\u0301 de plusieurs personnalite\u0301s civiles et militaires dont les directeurs re\u0301gionaux de la Sante\u0301 publique et de l\u2019Hydraulique.<\/b><\/p>\n<p>Arrive\u0301e aux environs de 8 heures 30 mn du matin, la de\u0301le\u0301gation du Gouverneur a e\u0301te\u0301 accueillie a\u0300 l\u2019entre\u0301e du village par le maire de la Commune Urbaine de Tchiroze\u0301rine, le Sultan de l\u2019Ai\u0308r, le Chef du Groupe SOS et plusieurs dignitaires dudit village. Apre\u0300s cet accueil me\u0301morable, la de\u0301le\u0301gation s\u2019est transporte\u0301e au CSI du village ou\u0300 la population s\u2019est fortement mobilise\u0301e pour accueillir le Gouverneur et sa de\u0301le\u0301gation. Sur place, ladite de\u0301le\u0301gation a e\u0301te\u0301 accueillie sous un tonnerre d\u2019applaudissements, les youyous, les voix sublimes des femmes du village au rythme de Akazam (instrument de musique), symbole de l\u2019hospitalite\u0301 le\u0301gendaire de cette population mais aussi traduisant ainsi sa riche culture et sa tradition. Hommes et femmes, toutes les cate\u0301gories d\u2019a\u0302ges sont sorties massivement pour honorer le gouverneur et sa de\u0301le\u0301gation.<\/p>\n<p>L\u2019e\u0301ve\u0301nement est de taille, la joie se traduit par le sourire qui se manifeste sur tous les visages et la mobilisation exceptionnelle de la population. En effet, conforme\u0301ment a\u0300 son agenda, le gouverneur a proce\u0301de\u0301 a\u0300 la re\u0301ception et l\u2019inauguration de plusieurs infrastructures sociales offertes gracieusement par le Pre\u0301sident Directeur Ge\u0301ne\u0301ral du Groupe SOS, Elhadji Assali Ibrahim Ari. Il s\u2019agit notamment de la re\u0301ception des travaux de re\u0301habilitation et e\u0301quipement du CSI ; la re\u0301ception des travaux de re\u0301habilitation et e\u0301quipement du bloc de la salle d\u2019accouchement ; la re\u0301ception des travaux de construction du logement de la Sage-femme ; la re\u0301ception des travaux de re\u0301habilitation du logement du Major et la re\u0301ception des travaux de construction d\u2019un centre de formation pour les femmes. L\u2019inauguration de toutes ces infrastructures a e\u0301te\u0301 sanctionne\u0301e par des visites des locaux afin de s\u2019enque\u0301rir de la qualite\u0301 des travaux, et de leur conformite\u0301 aux normes.<\/p>\n<p>L\u2019occasion pour le Gouverneur d\u2019inviter les utilisateurs (les responsables des services) a\u0300 un bon usage. Le Ge\u0301ne\u0301ral de Brigade Ibra Boulama Issa et sa de\u0301le\u0301gation ont e\u0301te\u0301 invite\u0301s a\u0300 effectuer des visites sur certaines infrastructures a\u0300 savoir, les travaux de mise en place d\u2019un de\u0301po\u0302t de vente de Gaz ; des travaux du de\u0301po\u0302t pharmaceutique, la mini adduction d\u2019eau potable photovoltai\u0308que et les travaux de la re\u0301sidence du Sultan de l\u2019Ai\u0308r de la Zone Attri. Toutes ces re\u0301alisations ont cou\u0302te\u0301 environ 55 millions de francs FCFA. Partout ou\u0300 il est passe\u0301, le gouverneur a rec\u0327u d\u2019amples explications sur toutes les infrastructures. Ces re\u0301alisations ont e\u0301te\u0301 faites dans le cadre de la responsabilite\u0301 socie\u0301tale du Groupe SOS, mais aussi conforme\u0301ment aux outils de planification du Conseil Re\u0301gional et des Collectivite\u0301s territoriales. Le Groupe SOS n\u2019est pas a\u0300 son premier geste de cette nature dans toute l\u2019e\u0301tendue du territoire de la re\u0301gion d\u2019Agadez. Il y a deux mois, il a offert gracieusement une ambulance neuve au CSI de Bilma, des tables-bancs a\u0300 l\u2019ENSP d\u2019Agadez et a\u0300 plusieurs e\u0301tablissements secondaires de la ville d\u2019Agadez. Le Gouverneur a saisi l\u2019opportunite\u0301 pour visiter trois blocs de classes construites en mate\u0301riaux de\u0301finitifs et e\u0301quipe\u0301es par l\u2019Etat a\u0300 travers l\u2019ANFICT au CEG d\u2019Attri, pour un cou\u0302t d\u2019environ 34 millions de Francs CFA.<\/p>\n<p>C\u2019est pourquoi, les autorite\u0301s re\u0301gionales pre\u0301sentes a\u0300 la ce\u0301re\u0301monie ont salue\u0301 la ge\u0301ne\u0301rosite\u0301 du PDG du Groupe SOS. Ainsi, dans le discours qu\u2019il a prononce\u0301 a\u0300 cette occasion de la re\u0301ception de ces infrastructures, le Gouverneur de la re\u0301gion d\u2019Agadez a exprime\u0301 toute sa satisfaction au nom des populations be\u0301ne\u0301ficiaires. \u00ab Ces actions sont conformes aux priorite\u0301s inscrites dans le Programme de Re\u0301silience pour la Sauvegarde de la Patrie du CNSP et du Gouvernement de Transition \u00bb, a souligne\u0301 le Ge\u0301ne\u0301ral de Brigade Ibra Boulama Issa. Il a, au nom du Pre\u0301sident du Conseil National pour la Sauvegarde de la Patrie (CNSP), Chef de l\u2019Etat, le Ge\u0301ne\u0301ral de Brigade Abdourahamane Tiani et de celui du Premier ministre, exprime\u0301 toute sa reconnaissance et celle de la population de la re\u0301gion au PDG du Groupe SOS pour ces initiatives hautement patriotiques.<\/p>\n<p>Outre le gouverneur, le 1er Vice-pre\u0301sident du Conseil re\u0301gional, le maire de la Commune Urbaine de Tchiroze\u0301rine, le Chef du Village d\u2019Attri et le directeur re\u0301gional de la Sante\u0301 publique ont tous, dans leur prise de parole, exprime\u0301 leur reconnaissance et leur satisfaction au groupe SOS pour ces multiples re\u0301alisations en faveur des populations. Cette occasion a e\u0301te\u0301 saisie par les populations pour honorer le PDG du Groupe SOS a\u0300 travers divers cadeaux et te\u0301moignages de satisfaction.<\/p>\n<p><b>Ali Maman ONEP\/Agadez<\/b><br \/>\n<b>Le samedi 10 Fe\u0301vrier 2023, l\u2019ambassade d\u2019Italie au Niger en collaboration avec l\u2019universite\u0301 SWISS UMEF a organise\u0301 une confe\u0301rence-de\u0301bat au sein de ladite universite\u0301 sous le the\u0300me: \u00ab De\u0301fis et opportunite\u0301s du journalisme contemporain dans les enjeux mondiaux et re\u0301gionaux, avec un accent sur la couverture me\u0301diatique italienne de la politique e\u0301trange\u0300re et de la situation au Sahel et au Niger \u00bb. La confe\u0301rence a e\u0301te\u0301 anime\u0301e par M. Gianni Vernetti, journaliste italien, e\u0301ditorialiste au journal La Re\u0301publica et ancien sous-secre\u0301taire d\u2019E\u0301tat charge\u0301 des affaires e\u0301trange\u0300res de la Re\u0301publique d\u2019Italie. C\u2019e\u0301tait en pre\u0301sence de plusieurs invite\u0301s, professionnels, journalistes et e\u0301tudiants.<\/b><\/p>\n<p>Dans son allocution de bienvenue, M. Mohamed Adamou, directeur acade\u0301mique de l\u2019universite\u0301 SWISS UMEF a remercie\u0301 l\u2019assistance pre\u0301sente a\u0300 cet e\u0301ve\u0301nement. \u00ab C\u2019est avec un grand plaisir et une profonde gratitude que je vous souhaite la bienvenue a\u0300 cette importante confe\u0301rence de\u0301bat. Nous sommes e\u0301galement honore\u0301s de recevoir M. Gianni Vernetti \u00bb affirme-t-il.<\/p>\n<p>Quant au charge\u0301 d\u2019Affaires a\u0300 l\u2019ambassade d\u2019Italie au Niger, M. Orlando Roberto, il a tenu a\u0300 signaler la bonne collaboration entre l\u2019ambassade et l\u2019universite\u0301. \u00ab Nous allons biento\u0302t commencer a\u0300 dispenser des cours d\u2019italien et nous allons continuer a\u0300 organiser des rencontres de ce genre et sur d\u2019autres the\u0300mes \u00bb dit-il. En outre, il s\u2019est exprime\u0301 sur la raison de cette rencontre.<\/p>\n<p>\u00ab Cette confe\u0301rence-de\u0301bat reve\u0302t une importance particulie\u0300re car, elle met l\u2019accent sur la couverture me\u0301diatique italienne de la politique e\u0301trange\u0300re et de la situation au Sahel et au Niger. Ces re\u0301gions sont confronte\u0301es a\u0300 des enjeux complexes et dynamiques qui ne\u0301cessitent une analyse approfondie et une compre\u0301hension pre\u0301cise \u00bb a-t-il ajoute\u0301.<\/p>\n<p>Prenant la parole a\u0300 son tour, le confe\u0301rencier, M. Gianni Vernetti a d\u2019emble\u0301e remercie\u0301 les organisateurs et les participants a\u0300 cette confe\u0301rence-de\u0301bat. \u00ab C\u2019est un re\u0301el plaisir pour moi d\u2019e\u0302tre au Niger afin d\u2019e\u0301changer ensemble sur ce the\u0300me \u00bb, a-t-il de\u0301clare\u0301. Subse\u0301quemment, il a rappele\u0301 l\u2019objectif de cette rencontre qui se veut un cadre d\u2019e\u0301change d\u2019expe\u0301rience entre professionnels de presse d\u2019horizons diffe\u0301rents. Les points e\u0301voque\u0301s sont entre autres, les responsabilite\u0301s, les risques et les de\u0301fis professionnels du journaliste, les principaux the\u0300mes dans les me\u0301dias italiens sur la politique e\u0301trange\u0300re et l\u2019inte\u0301re\u0302t des me\u0301dias italiens pour le Sahel et le Niger. \u00ab Dans un monde multipolaire ou\u0300 il y a plusieurs de\u0301fis, nous assistons a\u0300 une guerre asyme\u0301trique pour la diffusion de l\u2019information. De ce fait les journalistes ont le devoir d\u2019e\u0301clairer l\u2019opinion publique a\u0300 travers des informations su\u0302res et ve\u0301rifiables \u00bb ajoute-t-il.<\/p>\n<p>M. Gianni Vernetti a souligne\u0301 l\u2019importance de la pre\u0301sence des me\u0301dias italiens au Sahel et au Niger. \u00ab Au de\u0301but, ce n\u2019e\u0301tait pas une priorite\u0301 pour l\u2019Italie mais aujourd\u2019hui, c\u2019est devenu fondamental car les me\u0301dias italiens peuvent fournir une perspective pre\u0301cieuse sur plusieurs aspects \u00bb, affirme le confe\u0301rencier. Les participants a\u0300 cette confe\u0301rence ont pose\u0301 des questions relatives au ro\u0302le que jouent les me\u0301dias italiens dans la sensibilisation de l\u2019e\u0301lite pour le respect des droits de l\u2019homme ainsi que dans la sensibilisation des migrants sur les dangers de l\u2019immigration. Un participant a\u0300 la confe\u0301rence a sugge\u0301re\u0301 l\u2019organisation de rencontres d\u2019e\u0301changes et d\u2019informations entre les journalistes des deux pays afin d\u2019e\u0301voquer plusieurs the\u0301matiques. Bref, la rencontre a e\u0301te\u0301 riche et les e\u0301changes fructueux pour tous les participants.<\/p>\n<p><b>Nazir Ousmane (Stagiaire)<\/b><\/p>\n\r\n                <style type=\"text\/css\">\r\n                    \r\n                    #td_uid_1_69f22f2a3eea3  .td-doubleSlider-2 .td-item1 {\r\n                        background: url(https:\/\/static.africa-press.net\/niger\/sites\/40\/2024\/02\/sm_1707821594.335875-80x60.jpg) 0 0 no-repeat;\r\n                    }\r\n                    #td_uid_1_69f22f2a3eea3  .td-doubleSlider-2 .td-item2 {\r\n                        background: url(https:\/\/static.africa-press.net\/niger\/sites\/40\/2024\/02\/sm_1707821604.052915-80x60.jpg) 0 0 no-repeat;\r\n                    }\r\n                <\/style>\r\n\r\n                <div id=\"td_uid_1_69f22f2a3eea3\" class=\"td-gallery td-slide-on-2-columns\">\r\n                    <div class=\"post_td_gallery\">\r\n                        <div class=\"td-gallery-slide-top\">\r\n                           <div class=\"td-gallery-title\"><\/div>\r\n\r\n                            <div class=\"td-gallery-controls-wrapper\">\r\n                                <div class=\"td-gallery-slide-count\"><span class=\"td-gallery-slide-item-focus\">1<\/span> de 2<\/div>\r\n                                <div class=\"td-gallery-slide-prev-next-but\">\r\n                                    <i class = \"td-icon-left doubleSliderPrevButton\"><\/i>\r\n                                    <i class = \"td-icon-right doubleSliderNextButton\"><\/i>\r\n                                <\/div>\r\n                            <\/div>\r\n                        <\/div>\r\n\r\n                        <div class = \"td-doubleSlider-1 \">\r\n                            <div class = \"td-slider\">\r\n                                \r\n                    <div class = \"td-slide-item td-item1\">\r\n                        <figure class=\"td-slide-galery-figure td-slide-popup-gallery\">\r\n                            <a class=\"slide-gallery-image-link\" href=\"https:\/\/static.africa-press.net\/niger\/sites\/40\/2024\/02\/sm_1707821594.335875.jpg\" title=\"sm_1707821594.335875\"  data-caption=\"\"  data-description=\"\">\r\n                                <img decoding=\"async\" src=\"https:\/\/static.africa-press.net\/niger\/sites\/40\/2024\/02\/sm_1707821594.335875.jpg\" srcset=\"https:\/\/static.africa-press.net\/niger\/sites\/40\/2024\/02\/sm_1707821594.335875.jpg 800w, https:\/\/static.africa-press.net\/niger\/sites\/40\/2024\/02\/sm_1707821594.335875-300x200.jpg 300w, https:\/\/static.africa-press.net\/niger\/sites\/40\/2024\/02\/sm_1707821594.335875-768x512.jpg 768w\" sizes=\"(max-width: 800px) 100vw, 800px\" alt=\"\">\r\n                            <\/a>\r\n                            \r\n                        <\/figure>\r\n                    <\/div>\r\n                    <div class = \"td-slide-item td-item2\">\r\n                        <figure class=\"td-slide-galery-figure td-slide-popup-gallery\">\r\n                            <a class=\"slide-gallery-image-link\" href=\"https:\/\/static.africa-press.net\/niger\/sites\/40\/2024\/02\/sm_1707821604.052915.jpg\" title=\"sm_1707821604.052915\"  data-caption=\"\"  data-description=\"\">\r\n                                <img decoding=\"async\" src=\"https:\/\/static.africa-press.net\/niger\/sites\/40\/2024\/02\/sm_1707821604.052915.jpg\" srcset=\"https:\/\/static.africa-press.net\/niger\/sites\/40\/2024\/02\/sm_1707821604.052915.jpg 800w, https:\/\/static.africa-press.net\/niger\/sites\/40\/2024\/02\/sm_1707821604.052915-300x200.jpg 300w, https:\/\/static.africa-press.net\/niger\/sites\/40\/2024\/02\/sm_1707821604.052915-768x512.jpg 768w\" sizes=\"(max-width: 800px) 100vw, 800px\" alt=\"\">\r\n                            <\/a>\r\n                            \r\n                        <\/figure>\r\n                    <\/div>\r\n                            <\/div>\r\n                        <\/div>\r\n\r\n                        <div class = \"td-doubleSlider-2\">\r\n                            <div class = \"td-slider\">\r\n                                \r\n                    <div class = \"td-button td-item1\">\r\n                        <div class = \"td-border\"><\/div>\r\n                    <\/div>\r\n                    <div class = \"td-button td-item2\">\r\n                        <div class = \"td-border\"><\/div>\r\n                    <\/div>\r\n                            <\/div>\r\n                        <\/div>\r\n\r\n                    <\/div>\r\n\r\n                <\/div>\r\n                \n<p><strong>Pour plus d&rsquo;informations et d&rsquo;analyses sur la <a href=\"https:\/\/www.africa-press.net\/niger\">Niger<\/a>, suivez <a href=\"https:\/\/www.africa-press.net\/\">Africa-Press<\/a><\/strong><\/p>\n","protected":false},"excerpt":{"rendered":"<p>Africa-Press &#8211; Niger. Le Gouverneur de la Re\u0301gion d\u2019Agadez, le Ge\u0301ne\u0301ral de Brigade Ibra Boulama Issa, a effectue\u0301 une mission de travail de 24 heures, le samedi 10 fe\u0301vrier 2024, a\u0300 Attri, un village administratif de la Commune Urbaine de Tchiroze\u0301rine. A cette occasion, le Gouverneur a pre\u0301side\u0301 plusieurs activite\u0301s dont la re\u0301ception et l\u2019inauguration [&hellip;]<\/p>\n","protected":false},"author":82,"featured_media":58573,"comment_status":"open","ping_status":"closed","sticky":false,"template":"","format":"standard","meta":{"footnotes":""},"categories":[21,8,10],"tags":[55,60,29],"class_list":["post-58575","post","type-post","status-publish","format-standard","has-post-thumbnail","hentry","category-communaute","category-photo","category-toutes-les-actualites","tag-africa-press","tag-africa-press-niger","tag-niger"],"yoast_head":"<!-- This site is optimized with the Yoast SEO Premium plugin v26.1 (Yoast SEO v27.0) - https:\/\/yoast.com\/product\/yoast-seo-premium-wordpress\/ -->\n<title>Visite de travail du Gouverneur de la R\u00e9gion d\u2019Agadez \u00e0 Attri (Tchiroz\u00e9rine) : Le G\u00e9n\u00e9ral de Brigade Ibra Boulama Issa r\u00e9ceptionne plusieurs infrastructures sociales offertes par le PDG du Groupe SOS - niger<\/title>\n<meta name=\"description\" content=\"Le Gouverneur de la Re\u0301gion d\u2019Agadez, le Ge\u0301ne\u0301ral de Brigade Ibra Boulama Issa, a effectue\u0301 une mission de travail d ...\" \/>\n<meta name=\"robots\" content=\"index, follow, max-snippet:-1, max-image-preview:large, max-video-preview:-1\" \/>\n<link rel=\"canonical\" href=\"https:\/\/www.africa-press.net\/niger\/photo\/visite-de-travail-du-gouverneur-de-la-region-dagadez-a-attri-tchirozerine-le-general-de-brigade-ibra-boulama-issa-receptionne-plusieurs-infrastructures-sociales-offertes-par-le-pdg-du-gro\" \/>\n<meta property=\"og:locale\" content=\"fr_FR\" \/>\n<meta property=\"og:type\" content=\"article\" \/>\n<meta property=\"og:title\" content=\"Visite de travail du Gouverneur de la R\u00e9gion d\u2019Agadez \u00e0 Attri (Tchiroz\u00e9rine) : Le G\u00e9n\u00e9ral de Brigade Ibra Boulama Issa r\u00e9ceptionne plusieurs infrastructures sociales offertes par le PDG du Groupe SOS\" \/>\n<meta property=\"og:description\" content=\"Le Gouverneur de la Re\u0301gion d\u2019Agadez, le Ge\u0301ne\u0301ral de Brigade Ibra Boulama Issa, a effectue\u0301 une mission de travail d ...\" \/>\n<meta property=\"og:url\" content=\"https:\/\/www.africa-press.net\/niger\/photo\/visite-de-travail-du-gouverneur-de-la-region-dagadez-a-attri-tchirozerine-le-general-de-brigade-ibra-boulama-issa-receptionne-plusieurs-infrastructures-sociales-offertes-par-le-pdg-du-gro\" \/>\n<meta property=\"og:site_name\" content=\"niger\" \/>\n<meta property=\"article:published_time\" content=\"2024-02-13T13:52:21+00:00\" \/>\n<meta property=\"article:modified_time\" content=\"2024-02-13T14:30:11+00:00\" \/>\n<meta property=\"og:image\" content=\"https:\/\/static.africa-press.net\/niger\/sites\/40\/2024\/02\/sm_1707821614.76846.jpg\" \/>\n\t<meta property=\"og:image:width\" content=\"1024\" \/>\n\t<meta property=\"og:image:height\" content=\"683\" \/>\n\t<meta property=\"og:image:type\" content=\"image\/jpeg\" \/>\n<meta name=\"author\" content=\"cfeditorfr\" \/>\n<meta name=\"twitter:card\" content=\"summary_large_image\" \/>\n<meta name=\"twitter:label1\" content=\"\u00c9crit par\" \/>\n\t<meta name=\"twitter:data1\" content=\"cfeditorfr\" \/>\n\t<meta name=\"twitter:label2\" content=\"Dur\u00e9e de lecture estim\u00e9e\" \/>\n\t<meta name=\"twitter:data2\" content=\"8 minutes\" \/>\n<script type=\"application\/ld+json\" class=\"yoast-schema-graph\">{\"@context\":\"https:\/\/schema.org\",\"@graph\":[{\"@type\":\"Article\",\"@id\":\"https:\/\/www.africa-press.net\/niger\/photo\/visite-de-travail-du-gouverneur-de-la-region-dagadez-a-attri-tchirozerine-le-general-de-brigade-ibra-boulama-issa-receptionne-plusieurs-infrastructures-sociales-offertes-par-le-pdg-du-gro#article\",\"isPartOf\":{\"@id\":\"https:\/\/www.africa-press.net\/niger\/photo\/visite-de-travail-du-gouverneur-de-la-region-dagadez-a-attri-tchirozerine-le-general-de-brigade-ibra-boulama-issa-receptionne-plusieurs-infrastructures-sociales-offertes-par-le-pdg-du-gro\"},\"author\":{\"name\":\"cfeditorfr\",\"@id\":\"https:\/\/www.africa-press.net\/niger\/#\/schema\/person\/2b1cf3cd81a31e3cd26889ca66d677f1\"},\"headline\":\"Visite de travail du Gouverneur de la R\u00e9gion d\u2019Agadez \u00e0 Attri (Tchiroz\u00e9rine) : Le G\u00e9n\u00e9ral de Brigade Ibra Boulama Issa r\u00e9ceptionne plusieurs infrastructures sociales offertes par le PDG du Groupe SOS\",\"datePublished\":\"2024-02-13T13:52:21+00:00\",\"dateModified\":\"2024-02-13T14:30:11+00:00\",\"mainEntityOfPage\":{\"@id\":\"https:\/\/www.africa-press.net\/niger\/photo\/visite-de-travail-du-gouverneur-de-la-region-dagadez-a-attri-tchirozerine-le-general-de-brigade-ibra-boulama-issa-receptionne-plusieurs-infrastructures-sociales-offertes-par-le-pdg-du-gro\"},\"wordCount\":1662,\"commentCount\":0,\"image\":{\"@id\":\"https:\/\/www.africa-press.net\/niger\/photo\/visite-de-travail-du-gouverneur-de-la-region-dagadez-a-attri-tchirozerine-le-general-de-brigade-ibra-boulama-issa-receptionne-plusieurs-infrastructures-sociales-offertes-par-le-pdg-du-gro#primaryimage\"},\"thumbnailUrl\":\"https:\/\/static.africa-press.net\/niger\/sites\/40\/2024\/02\/sm_1707821614.76846.jpg\",\"keywords\":[\"Africa Press\",\"Africa Press-Niger\",\"Niger\"],\"articleSection\":[\"Communaut\u00e9\",\"Photo\",\"Toutes les actualit\u00e9s\"],\"inLanguage\":\"fr-FR\",\"potentialAction\":[{\"@type\":\"CommentAction\",\"name\":\"Comment\",\"target\":[\"https:\/\/www.africa-press.net\/niger\/photo\/visite-de-travail-du-gouverneur-de-la-region-dagadez-a-attri-tchirozerine-le-general-de-brigade-ibra-boulama-issa-receptionne-plusieurs-infrastructures-sociales-offertes-par-le-pdg-du-gro#respond\"]}]},{\"@type\":\"WebPage\",\"@id\":\"https:\/\/www.africa-press.net\/niger\/photo\/visite-de-travail-du-gouverneur-de-la-region-dagadez-a-attri-tchirozerine-le-general-de-brigade-ibra-boulama-issa-receptionne-plusieurs-infrastructures-sociales-offertes-par-le-pdg-du-gro\",\"url\":\"https:\/\/www.africa-press.net\/niger\/photo\/visite-de-travail-du-gouverneur-de-la-region-dagadez-a-attri-tchirozerine-le-general-de-brigade-ibra-boulama-issa-receptionne-plusieurs-infrastructures-sociales-offertes-par-le-pdg-du-gro\",\"name\":\"Visite de travail du Gouverneur de la R\u00e9gion d\u2019Agadez \u00e0 Attri (Tchiroz\u00e9rine) : Le G\u00e9n\u00e9ral de Brigade Ibra Boulama Issa r\u00e9ceptionne plusieurs infrastructures sociales offertes par le PDG du Groupe SOS - niger\",\"isPartOf\":{\"@id\":\"https:\/\/www.africa-press.net\/niger\/#website\"},\"primaryImageOfPage\":{\"@id\":\"https:\/\/www.africa-press.net\/niger\/photo\/visite-de-travail-du-gouverneur-de-la-region-dagadez-a-attri-tchirozerine-le-general-de-brigade-ibra-boulama-issa-receptionne-plusieurs-infrastructures-sociales-offertes-par-le-pdg-du-gro#primaryimage\"},\"image\":{\"@id\":\"https:\/\/www.africa-press.net\/niger\/photo\/visite-de-travail-du-gouverneur-de-la-region-dagadez-a-attri-tchirozerine-le-general-de-brigade-ibra-boulama-issa-receptionne-plusieurs-infrastructures-sociales-offertes-par-le-pdg-du-gro#primaryimage\"},\"thumbnailUrl\":\"https:\/\/static.africa-press.net\/niger\/sites\/40\/2024\/02\/sm_1707821614.76846.jpg\",\"datePublished\":\"2024-02-13T13:52:21+00:00\",\"dateModified\":\"2024-02-13T14:30:11+00:00\",\"author\":{\"@id\":\"https:\/\/www.africa-press.net\/niger\/#\/schema\/person\/2b1cf3cd81a31e3cd26889ca66d677f1\"},\"description\":\"Le Gouverneur de la Re\u0301gion d\u2019Agadez, le Ge\u0301ne\u0301ral de Brigade Ibra Boulama Issa, a effectue\u0301 une mission de travail d ...\",\"breadcrumb\":{\"@id\":\"https:\/\/www.africa-press.net\/niger\/photo\/visite-de-travail-du-gouverneur-de-la-region-dagadez-a-attri-tchirozerine-le-general-de-brigade-ibra-boulama-issa-receptionne-plusieurs-infrastructures-sociales-offertes-par-le-pdg-du-gro#breadcrumb\"},\"inLanguage\":\"fr-FR\",\"potentialAction\":[{\"@type\":\"ReadAction\",\"target\":[\"https:\/\/www.africa-press.net\/niger\/photo\/visite-de-travail-du-gouverneur-de-la-region-dagadez-a-attri-tchirozerine-le-general-de-brigade-ibra-boulama-issa-receptionne-plusieurs-infrastructures-sociales-offertes-par-le-pdg-du-gro\"]}]},{\"@type\":\"ImageObject\",\"inLanguage\":\"fr-FR\",\"@id\":\"https:\/\/www.africa-press.net\/niger\/photo\/visite-de-travail-du-gouverneur-de-la-region-dagadez-a-attri-tchirozerine-le-general-de-brigade-ibra-boulama-issa-receptionne-plusieurs-infrastructures-sociales-offertes-par-le-pdg-du-gro#primaryimage\",\"url\":\"https:\/\/static.africa-press.net\/niger\/sites\/40\/2024\/02\/sm_1707821614.76846.jpg\",\"contentUrl\":\"https:\/\/static.africa-press.net\/niger\/sites\/40\/2024\/02\/sm_1707821614.76846.jpg\",\"width\":1024,\"height\":683,\"caption\":\"Visite de travail du Gouverneur de la R\u00e9gion d\u2019Agadez \u00e0 Attri (Tchiroz\u00e9rine) : Le G\u00e9n\u00e9ral de Brigade Ibra Boulama Issa r\u00e9ceptionne plusieurs infrastructures sociales offertes par le PDG du Groupe SOS\"},{\"@type\":\"BreadcrumbList\",\"@id\":\"https:\/\/www.africa-press.net\/niger\/photo\/visite-de-travail-du-gouverneur-de-la-region-dagadez-a-attri-tchirozerine-le-general-de-brigade-ibra-boulama-issa-receptionne-plusieurs-infrastructures-sociales-offertes-par-le-pdg-du-gro#breadcrumb\",\"itemListElement\":[{\"@type\":\"ListItem\",\"position\":1,\"name\":\"Accueil\",\"item\":\"https:\/\/www.africa-press.net\/niger\/\"},{\"@type\":\"ListItem\",\"position\":2,\"name\":\"Visite de travail du Gouverneur de la R\u00e9gion d\u2019Agadez \u00e0 Attri (Tchiroz\u00e9rine) : Le G\u00e9n\u00e9ral de Brigade Ibra Boulama Issa r\u00e9ceptionne plusieurs infrastructures sociales offertes par le PDG du Groupe SOS\"}]},{\"@type\":\"WebSite\",\"@id\":\"https:\/\/www.africa-press.net\/niger\/#website\",\"url\":\"https:\/\/www.africa-press.net\/niger\/\",\"name\":\"niger\",\"description\":\"Just another Africa News Agency Sites site\",\"potentialAction\":[{\"@type\":\"SearchAction\",\"target\":{\"@type\":\"EntryPoint\",\"urlTemplate\":\"https:\/\/www.africa-press.net\/niger\/?s={search_term_string}\"},\"query-input\":{\"@type\":\"PropertyValueSpecification\",\"valueRequired\":true,\"valueName\":\"search_term_string\"}}],\"inLanguage\":\"fr-FR\"},{\"@type\":\"Person\",\"@id\":\"https:\/\/www.africa-press.net\/niger\/#\/schema\/person\/2b1cf3cd81a31e3cd26889ca66d677f1\",\"name\":\"cfeditorfr\"}]}<\/script>\n<!-- \/ Yoast SEO Premium plugin. -->","yoast_head_json":{"title":"Visite de travail du Gouverneur de la R\u00e9gion d\u2019Agadez \u00e0 Attri (Tchiroz\u00e9rine) : Le G\u00e9n\u00e9ral de Brigade Ibra Boulama Issa r\u00e9ceptionne plusieurs infrastructures sociales offertes par le PDG du Groupe SOS - niger","description":"Le Gouverneur de la Re\u0301gion d\u2019Agadez, le Ge\u0301ne\u0301ral de Brigade Ibra Boulama Issa, a effectue\u0301 une mission de travail d ...","robots":{"index":"index","follow":"follow","max-snippet":"max-snippet:-1","max-image-preview":"max-image-preview:large","max-video-preview":"max-video-preview:-1"},"canonical":"https:\/\/www.africa-press.net\/niger\/photo\/visite-de-travail-du-gouverneur-de-la-region-dagadez-a-attri-tchirozerine-le-general-de-brigade-ibra-boulama-issa-receptionne-plusieurs-infrastructures-sociales-offertes-par-le-pdg-du-gro","og_locale":"fr_FR","og_type":"article","og_title":"Visite de travail du Gouverneur de la R\u00e9gion d\u2019Agadez \u00e0 Attri (Tchiroz\u00e9rine) : Le G\u00e9n\u00e9ral de Brigade Ibra Boulama Issa r\u00e9ceptionne plusieurs infrastructures sociales offertes par le PDG du Groupe SOS","og_description":"Le Gouverneur de la Re\u0301gion d\u2019Agadez, le Ge\u0301ne\u0301ral de Brigade Ibra Boulama Issa, a effectue\u0301 une mission de travail d ...","og_url":"https:\/\/www.africa-press.net\/niger\/photo\/visite-de-travail-du-gouverneur-de-la-region-dagadez-a-attri-tchirozerine-le-general-de-brigade-ibra-boulama-issa-receptionne-plusieurs-infrastructures-sociales-offertes-par-le-pdg-du-gro","og_site_name":"niger","article_published_time":"2024-02-13T13:52:21+00:00","article_modified_time":"2024-02-13T14:30:11+00:00","og_image":[{"width":1024,"height":683,"url":"https:\/\/static.africa-press.net\/niger\/sites\/40\/2024\/02\/sm_1707821614.76846.jpg","type":"image\/jpeg"}],"author":"cfeditorfr","twitter_card":"summary_large_image","twitter_misc":{"\u00c9crit par":"cfeditorfr","Dur\u00e9e de lecture estim\u00e9e":"8 minutes"},"schema":{"@context":"https:\/\/schema.org","@graph":[{"@type":"Article","@id":"https:\/\/www.africa-press.net\/niger\/photo\/visite-de-travail-du-gouverneur-de-la-region-dagadez-a-attri-tchirozerine-le-general-de-brigade-ibra-boulama-issa-receptionne-plusieurs-infrastructures-sociales-offertes-par-le-pdg-du-gro#article","isPartOf":{"@id":"https:\/\/www.africa-press.net\/niger\/photo\/visite-de-travail-du-gouverneur-de-la-region-dagadez-a-attri-tchirozerine-le-general-de-brigade-ibra-boulama-issa-receptionne-plusieurs-infrastructures-sociales-offertes-par-le-pdg-du-gro"},"author":{"name":"cfeditorfr","@id":"https:\/\/www.africa-press.net\/niger\/#\/schema\/person\/2b1cf3cd81a31e3cd26889ca66d677f1"},"headline":"Visite de travail du Gouverneur de la R\u00e9gion d\u2019Agadez \u00e0 Attri (Tchiroz\u00e9rine) : Le G\u00e9n\u00e9ral de Brigade Ibra Boulama Issa r\u00e9ceptionne plusieurs infrastructures sociales offertes par le PDG du Groupe SOS","datePublished":"2024-02-13T13:52:21+00:00","dateModified":"2024-02-13T14:30:11+00:00","mainEntityOfPage":{"@id":"https:\/\/www.africa-press.net\/niger\/photo\/visite-de-travail-du-gouverneur-de-la-region-dagadez-a-attri-tchirozerine-le-general-de-brigade-ibra-boulama-issa-receptionne-plusieurs-infrastructures-sociales-offertes-par-le-pdg-du-gro"},"wordCount":1662,"commentCount":0,"image":{"@id":"https:\/\/www.africa-press.net\/niger\/photo\/visite-de-travail-du-gouverneur-de-la-region-dagadez-a-attri-tchirozerine-le-general-de-brigade-ibra-boulama-issa-receptionne-plusieurs-infrastructures-sociales-offertes-par-le-pdg-du-gro#primaryimage"},"thumbnailUrl":"https:\/\/static.africa-press.net\/niger\/sites\/40\/2024\/02\/sm_1707821614.76846.jpg","keywords":["Africa Press","Africa Press-Niger","Niger"],"articleSection":["Communaut\u00e9","Photo","Toutes les actualit\u00e9s"],"inLanguage":"fr-FR","potentialAction":[{"@type":"CommentAction","name":"Comment","target":["https:\/\/www.africa-press.net\/niger\/photo\/visite-de-travail-du-gouverneur-de-la-region-dagadez-a-attri-tchirozerine-le-general-de-brigade-ibra-boulama-issa-receptionne-plusieurs-infrastructures-sociales-offertes-par-le-pdg-du-gro#respond"]}]},{"@type":"WebPage","@id":"https:\/\/www.africa-press.net\/niger\/photo\/visite-de-travail-du-gouverneur-de-la-region-dagadez-a-attri-tchirozerine-le-general-de-brigade-ibra-boulama-issa-receptionne-plusieurs-infrastructures-sociales-offertes-par-le-pdg-du-gro","url":"https:\/\/www.africa-press.net\/niger\/photo\/visite-de-travail-du-gouverneur-de-la-region-dagadez-a-attri-tchirozerine-le-general-de-brigade-ibra-boulama-issa-receptionne-plusieurs-infrastructures-sociales-offertes-par-le-pdg-du-gro","name":"Visite de travail du Gouverneur de la R\u00e9gion d\u2019Agadez \u00e0 Attri (Tchiroz\u00e9rine) : Le G\u00e9n\u00e9ral de Brigade Ibra Boulama Issa r\u00e9ceptionne plusieurs infrastructures sociales offertes par le PDG du Groupe SOS - niger","isPartOf":{"@id":"https:\/\/www.africa-press.net\/niger\/#website"},"primaryImageOfPage":{"@id":"https:\/\/www.africa-press.net\/niger\/photo\/visite-de-travail-du-gouverneur-de-la-region-dagadez-a-attri-tchirozerine-le-general-de-brigade-ibra-boulama-issa-receptionne-plusieurs-infrastructures-sociales-offertes-par-le-pdg-du-gro#primaryimage"},"image":{"@id":"https:\/\/www.africa-press.net\/niger\/photo\/visite-de-travail-du-gouverneur-de-la-region-dagadez-a-attri-tchirozerine-le-general-de-brigade-ibra-boulama-issa-receptionne-plusieurs-infrastructures-sociales-offertes-par-le-pdg-du-gro#primaryimage"},"thumbnailUrl":"https:\/\/static.africa-press.net\/niger\/sites\/40\/2024\/02\/sm_1707821614.76846.jpg","datePublished":"2024-02-13T13:52:21+00:00","dateModified":"2024-02-13T14:30:11+00:00","author":{"@id":"https:\/\/www.africa-press.net\/niger\/#\/schema\/person\/2b1cf3cd81a31e3cd26889ca66d677f1"},"description":"Le Gouverneur de la Re\u0301gion d\u2019Agadez, le Ge\u0301ne\u0301ral de Brigade Ibra Boulama Issa, a effectue\u0301 une mission de travail d ...","breadcrumb":{"@id":"https:\/\/www.africa-press.net\/niger\/photo\/visite-de-travail-du-gouverneur-de-la-region-dagadez-a-attri-tchirozerine-le-general-de-brigade-ibra-boulama-issa-receptionne-plusieurs-infrastructures-sociales-offertes-par-le-pdg-du-gro#breadcrumb"},"inLanguage":"fr-FR","potentialAction":[{"@type":"ReadAction","target":["https:\/\/www.africa-press.net\/niger\/photo\/visite-de-travail-du-gouverneur-de-la-region-dagadez-a-attri-tchirozerine-le-general-de-brigade-ibra-boulama-issa-receptionne-plusieurs-infrastructures-sociales-offertes-par-le-pdg-du-gro"]}]},{"@type":"ImageObject","inLanguage":"fr-FR","@id":"https:\/\/www.africa-press.net\/niger\/photo\/visite-de-travail-du-gouverneur-de-la-region-dagadez-a-attri-tchirozerine-le-general-de-brigade-ibra-boulama-issa-receptionne-plusieurs-infrastructures-sociales-offertes-par-le-pdg-du-gro#primaryimage","url":"https:\/\/static.africa-press.net\/niger\/sites\/40\/2024\/02\/sm_1707821614.76846.jpg","contentUrl":"https:\/\/static.africa-press.net\/niger\/sites\/40\/2024\/02\/sm_1707821614.76846.jpg","width":1024,"height":683,"caption":"Visite de travail du Gouverneur de la R\u00e9gion d\u2019Agadez \u00e0 Attri (Tchiroz\u00e9rine) : Le G\u00e9n\u00e9ral de Brigade Ibra Boulama Issa r\u00e9ceptionne plusieurs infrastructures sociales offertes par le PDG du Groupe SOS"},{"@type":"BreadcrumbList","@id":"https:\/\/www.africa-press.net\/niger\/photo\/visite-de-travail-du-gouverneur-de-la-region-dagadez-a-attri-tchirozerine-le-general-de-brigade-ibra-boulama-issa-receptionne-plusieurs-infrastructures-sociales-offertes-par-le-pdg-du-gro#breadcrumb","itemListElement":[{"@type":"ListItem","position":1,"name":"Accueil","item":"https:\/\/www.africa-press.net\/niger\/"},{"@type":"ListItem","position":2,"name":"Visite de travail du Gouverneur de la R\u00e9gion d\u2019Agadez \u00e0 Attri (Tchiroz\u00e9rine) : Le G\u00e9n\u00e9ral de Brigade Ibra Boulama Issa r\u00e9ceptionne plusieurs infrastructures sociales offertes par le PDG du Groupe SOS"}]},{"@type":"WebSite","@id":"https:\/\/www.africa-press.net\/niger\/#website","url":"https:\/\/www.africa-press.net\/niger\/","name":"niger","description":"Just another Africa News Agency Sites site","potentialAction":[{"@type":"SearchAction","target":{"@type":"EntryPoint","urlTemplate":"https:\/\/www.africa-press.net\/niger\/?s={search_term_string}"},"query-input":{"@type":"PropertyValueSpecification","valueRequired":true,"valueName":"search_term_string"}}],"inLanguage":"fr-FR"},{"@type":"Person","@id":"https:\/\/www.africa-press.net\/niger\/#\/schema\/person\/2b1cf3cd81a31e3cd26889ca66d677f1","name":"cfeditorfr"}]}},"_links":{"self":[{"href":"https:\/\/www.africa-press.net\/niger\/wp-json\/wp\/v2\/posts\/58575","targetHints":{"allow":["GET"]}}],"collection":[{"href":"https:\/\/www.africa-press.net\/niger\/wp-json\/wp\/v2\/posts"}],"about":[{"href":"https:\/\/www.africa-press.net\/niger\/wp-json\/wp\/v2\/types\/post"}],"author":[{"embeddable":true,"href":"https:\/\/www.africa-press.net\/niger\/wp-json\/wp\/v2\/users\/82"}],"replies":[{"embeddable":true,"href":"https:\/\/www.africa-press.net\/niger\/wp-json\/wp\/v2\/comments?post=58575"}],"version-history":[{"count":0,"href":"https:\/\/www.africa-press.net\/niger\/wp-json\/wp\/v2\/posts\/58575\/revisions"}],"wp:featuredmedia":[{"embeddable":true,"href":"https:\/\/www.africa-press.net\/niger\/wp-json\/wp\/v2\/media\/58573"}],"wp:attachment":[{"href":"https:\/\/www.africa-press.net\/niger\/wp-json\/wp\/v2\/media?parent=58575"}],"wp:term":[{"taxonomy":"category","embeddable":true,"href":"https:\/\/www.africa-press.net\/niger\/wp-json\/wp\/v2\/categories?post=58575"},{"taxonomy":"post_tag","embeddable":true,"href":"https:\/\/www.africa-press.net\/niger\/wp-json\/wp\/v2\/tags?post=58575"}],"curies":[{"name":"wp","href":"https:\/\/api.w.org\/{rel}","templated":true}]}}