{"id":58685,"date":"2024-02-16T16:51:06","date_gmt":"2024-02-16T16:51:06","guid":{"rendered":"https:\/\/www.africa-press.net\/niger\/politique\/confiscation-des-avoirs-financiers-du-niger-par-luemoa-les-ministres-de-laes-exigent-la-levee-sans-delai-de-cette-mesure"},"modified":"2024-02-16T17:44:54","modified_gmt":"2024-02-16T17:44:54","slug":"confiscation-des-avoirs-financiers-du-niger-par-luemoa-les-ministres-de-laes-exigent-la-levee-sans-delai-de-cette-mesure","status":"publish","type":"post","link":"https:\/\/www.africa-press.net\/niger\/politique\/confiscation-des-avoirs-financiers-du-niger-par-luemoa-les-ministres-de-laes-exigent-la-levee-sans-delai-de-cette-mesure","title":{"rendered":"Confiscation des avoirs financiers du Niger par l\u2019UEMOA : Les ministres de l\u2019AES exigent la lev\u00e9e \u00ab sans d\u00e9lai \u00bb de cette mesure"},"content":{"rendered":"<p><span style=\"color: #ff6600\"><strong>Africa-Press &#8211; Niger. <\/strong><\/span><b>Des ministres de l\u2019Alliance des E\u0301tats du Sahel (AES) e\u0301taient en re\u0301union, le jeudi 15 fe\u0301vrier 2024 a\u0300 Ouagadougou. Au sortir de leurs travaux, les participants se sont fe\u0301licite\u0301s des re\u0301sultats auxquels ils sont parvenus qui leur rapprochent de leurs objectifs de de\u0301part ayant conduit a\u0300 la cre\u0301ation de l\u2019AES. <\/b><\/p>\n<p>La re\u0301union des ministres de l\u2019AES se dressait comme un cadre pre\u0301paratoire du sommet des trois chefs d\u2019E\u0301tat qui se tiendra tre\u0300s prochainement. Les ministres sont heureux des re\u0301sultats issus de la rencontre de Ouagadougou qui consolident la vision des trois E\u0301tats de l\u2019AES qui formeront biento\u0302t une confe\u0301de\u0301ration.<\/p>\n<p>\u00abAu regard des re\u0301sultats auxquels nous sommes parvenus, nous pouvons nous fe\u0301liciter naturellement d\u2019avoir atteint les objectifs que nous sommes fixe\u0301s au de\u0301part\u00bb, a affirme\u0301 le ge\u0301ne\u0301ral de brigade, Kassoum Coulibaly, ministre en charge de la de\u0301fense et chef de la de\u0301le\u0301gation burkinabe\u0300.<\/p>\n<p>Il a indique\u0301 que la dynamique enclenche\u0301e a\u0300 Bamako qui avait re\u0301uni des ministres des affaires e\u0301trange\u0300res en 2023 n\u2019a fait que se poursuivre a\u0300 Ouagadougou. Et selon lui, cela est une \u00abpreuve supple\u0301mentaire \u00bb qu\u2019ils sont sur la bonne voie. \u00ab<b>Celle de la souverainete\u0301 retrouve\u0301e, la paix, la se\u0301curite\u0301 pour nos populations ainsi que le de\u0301veloppement harmonieux de nos E\u0301tats<\/b>\u00bb, a-t-il argue\u0301.<\/p>\n<p>Selon le ge\u0301ne\u0301ral de brigade, Kassoum Coulibaly, la re\u0301union de Ouagadougou leur a e\u0301galement permis de valider les documents soumis a\u0300 leur appre\u0301ciation par les hauts fonctionnaires des trois pays qui s\u2019e\u0301taient eux aussi, re\u0301unis a\u0300 Ouagadougou pour baliser la route au consistoire des ministres de l\u2019AES. Ces documents selon le chef de la de\u0301le\u0301gation burkinabe\u0300 offre des possibilite\u0301s d\u2019e\u0301largissement de l\u2019AES aux questions politiques, diplomatiques et de de\u0301veloppement.<\/p>\n<p>\u00abEt trac\u0327ant les sillons de la future confe\u0301de\u0301ration de nos trois E\u0301tats ainsi que la charte graphique et la strate\u0301gie de communication de l\u2019AES\u00bb, a-t-il rapporte\u0301 tout en soulignant que l\u2019ensemble des de\u0301cisions qu\u2019ils sont prises seront soumises aux diffe\u0301rents chefs pour adoption.<\/p>\n<p>Aussi, a\u0300 la fin de leurs travaux, les ministres de l\u2019AES ont-ils e\u0301mis une motion spe\u0301ciale de soutien au Niger qui a vu ses avoirs financiers confisque\u0301s par l\u2019UEMOA. Ces derniers exigent la leve\u0301e sans de\u0301lai de cette de\u0301cision.<\/p>\n<p>\u00abLes ministe\u0300res de l\u2019Alliance des E\u0301tats du Sahel AES condamnent la confiscation sans fondement des avoirs financiers du Niger par l\u2019UEMOA (Union e\u0301conomique mone\u0301taire ouest africaine) a\u0300 travers la Banque centrale des E\u0301tats de l\u2019Afrique de l\u2019Ouest (BCEAO) qui constitue une violation flagrante des textes de l\u2019Union.<\/p>\n<p><b>Les ministres de l\u2019AES exigent la leve\u0301e sans de\u0301lai de cette mesure qui ne vise qu\u2019a\u0300 punir injustement un peuple dont le seul tort est d\u2019aspirer a\u0300 la pleine jouissance de sa souverainete\u0301 et a\u0300 la prise en main de son destin<\/b> \u00bb, tel est le contenu de cette motion spe\u0301ciale de soutien au Niger e\u0301mis par les ministres de l\u2019AES et lu par Abdoulaye Diop, ministre des affaires e\u0301trange\u0300res du Mali.<\/p>\n<p><strong>Pour plus d&rsquo;informations et d&rsquo;analyses sur la <a href=\"https:\/\/www.africa-press.net\/niger\">Niger<\/a>, suivez <a href=\"https:\/\/www.africa-press.net\/\">Africa-Press<\/a><\/strong><\/p>\n","protected":false},"excerpt":{"rendered":"<p>Africa-Press &#8211; Niger. Des ministres de l\u2019Alliance des E\u0301tats du Sahel (AES) e\u0301taient en re\u0301union, le jeudi 15 fe\u0301vrier 2024 a\u0300 Ouagadougou. Au sortir de leurs travaux, les participants se sont fe\u0301licite\u0301s des re\u0301sultats auxquels ils sont parvenus qui leur rapprochent de leurs objectifs de de\u0301part ayant conduit a\u0300 la cre\u0301ation de l\u2019AES. La re\u0301union [&hellip;]<\/p>\n","protected":false},"author":82,"featured_media":58684,"comment_status":"open","ping_status":"closed","sticky":false,"template":"","format":"standard","meta":{"footnotes":""},"categories":[2,10],"tags":[55,60,29],"class_list":["post-58685","post","type-post","status-publish","format-standard","has-post-thumbnail","hentry","category-politique","category-toutes-les-actualites","tag-africa-press","tag-africa-press-niger","tag-niger"],"yoast_head":"<!-- This site is optimized with the Yoast SEO Premium plugin v26.1 (Yoast SEO v27.0) - https:\/\/yoast.com\/product\/yoast-seo-premium-wordpress\/ -->\n<title>Confiscation des avoirs financiers du Niger par l\u2019UEMOA : Les ministres de l\u2019AES exigent la lev\u00e9e \u00ab sans d\u00e9lai \u00bb de cette mesure - niger<\/title>\n<meta name=\"description\" content=\"Des ministres de l\u2019Alliance des E\u0301tats du Sahel (AES) e\u0301taient en re\u0301union, le jeudi 15 fe\u0301vrier 2024 a\u0300 Ouagadougou. ...\" \/>\n<meta name=\"robots\" content=\"index, follow, max-snippet:-1, max-image-preview:large, max-video-preview:-1\" \/>\n<link rel=\"canonical\" href=\"https:\/\/www.africa-press.net\/niger\/politique\/confiscation-des-avoirs-financiers-du-niger-par-luemoa-les-ministres-de-laes-exigent-la-levee-sans-delai-de-cette-mesure\" \/>\n<meta property=\"og:locale\" content=\"fr_FR\" \/>\n<meta property=\"og:type\" content=\"article\" \/>\n<meta property=\"og:title\" content=\"Confiscation des avoirs financiers du Niger par l\u2019UEMOA : Les ministres de l\u2019AES exigent la lev\u00e9e \u00ab sans d\u00e9lai \u00bb de cette mesure\" \/>\n<meta property=\"og:description\" content=\"Des ministres de l\u2019Alliance des E\u0301tats du Sahel (AES) e\u0301taient en re\u0301union, le jeudi 15 fe\u0301vrier 2024 a\u0300 Ouagadougou. ...\" \/>\n<meta property=\"og:url\" content=\"https:\/\/www.africa-press.net\/niger\/politique\/confiscation-des-avoirs-financiers-du-niger-par-luemoa-les-ministres-de-laes-exigent-la-levee-sans-delai-de-cette-mesure\" \/>\n<meta property=\"og:site_name\" content=\"niger\" \/>\n<meta property=\"article:published_time\" content=\"2024-02-16T16:51:06+00:00\" \/>\n<meta property=\"article:modified_time\" content=\"2024-02-16T17:44:54+00:00\" \/>\n<meta property=\"og:image\" content=\"https:\/\/static.africa-press.net\/niger\/sites\/40\/2024\/02\/sm_1708092779.859038.jpg\" \/>\n\t<meta property=\"og:image:width\" content=\"750\" \/>\n\t<meta property=\"og:image:height\" content=\"450\" \/>\n\t<meta property=\"og:image:type\" content=\"image\/jpeg\" \/>\n<meta name=\"author\" content=\"cfeditorfr\" \/>\n<meta name=\"twitter:card\" content=\"summary_large_image\" \/>\n<meta name=\"twitter:label1\" content=\"\u00c9crit par\" \/>\n\t<meta name=\"twitter:data1\" content=\"cfeditorfr\" \/>\n\t<meta name=\"twitter:label2\" content=\"Dur\u00e9e de lecture estim\u00e9e\" \/>\n\t<meta name=\"twitter:data2\" content=\"3 minutes\" \/>\n<script type=\"application\/ld+json\" class=\"yoast-schema-graph\">{\"@context\":\"https:\/\/schema.org\",\"@graph\":[{\"@type\":\"Article\",\"@id\":\"https:\/\/www.africa-press.net\/niger\/politique\/confiscation-des-avoirs-financiers-du-niger-par-luemoa-les-ministres-de-laes-exigent-la-levee-sans-delai-de-cette-mesure#article\",\"isPartOf\":{\"@id\":\"https:\/\/www.africa-press.net\/niger\/politique\/confiscation-des-avoirs-financiers-du-niger-par-luemoa-les-ministres-de-laes-exigent-la-levee-sans-delai-de-cette-mesure\"},\"author\":{\"name\":\"cfeditorfr\",\"@id\":\"https:\/\/www.africa-press.net\/niger\/#\/schema\/person\/2b1cf3cd81a31e3cd26889ca66d677f1\"},\"headline\":\"Confiscation des avoirs financiers du Niger par l\u2019UEMOA : Les ministres de l\u2019AES exigent la lev\u00e9e \u00ab sans d\u00e9lai \u00bb de cette mesure\",\"datePublished\":\"2024-02-16T16:51:06+00:00\",\"dateModified\":\"2024-02-16T17:44:54+00:00\",\"mainEntityOfPage\":{\"@id\":\"https:\/\/www.africa-press.net\/niger\/politique\/confiscation-des-avoirs-financiers-du-niger-par-luemoa-les-ministres-de-laes-exigent-la-levee-sans-delai-de-cette-mesure\"},\"wordCount\":607,\"commentCount\":0,\"image\":{\"@id\":\"https:\/\/www.africa-press.net\/niger\/politique\/confiscation-des-avoirs-financiers-du-niger-par-luemoa-les-ministres-de-laes-exigent-la-levee-sans-delai-de-cette-mesure#primaryimage\"},\"thumbnailUrl\":\"https:\/\/static.africa-press.net\/niger\/sites\/40\/2024\/02\/sm_1708092779.859038.jpg\",\"keywords\":[\"Africa Press\",\"Africa Press-Niger\",\"Niger\"],\"articleSection\":[\"Politique\",\"Toutes les actualit\u00e9s\"],\"inLanguage\":\"fr-FR\",\"potentialAction\":[{\"@type\":\"CommentAction\",\"name\":\"Comment\",\"target\":[\"https:\/\/www.africa-press.net\/niger\/politique\/confiscation-des-avoirs-financiers-du-niger-par-luemoa-les-ministres-de-laes-exigent-la-levee-sans-delai-de-cette-mesure#respond\"]}]},{\"@type\":\"WebPage\",\"@id\":\"https:\/\/www.africa-press.net\/niger\/politique\/confiscation-des-avoirs-financiers-du-niger-par-luemoa-les-ministres-de-laes-exigent-la-levee-sans-delai-de-cette-mesure\",\"url\":\"https:\/\/www.africa-press.net\/niger\/politique\/confiscation-des-avoirs-financiers-du-niger-par-luemoa-les-ministres-de-laes-exigent-la-levee-sans-delai-de-cette-mesure\",\"name\":\"Confiscation des avoirs financiers du Niger par l\u2019UEMOA : Les ministres de l\u2019AES exigent la lev\u00e9e \u00ab sans d\u00e9lai \u00bb de cette mesure - niger\",\"isPartOf\":{\"@id\":\"https:\/\/www.africa-press.net\/niger\/#website\"},\"primaryImageOfPage\":{\"@id\":\"https:\/\/www.africa-press.net\/niger\/politique\/confiscation-des-avoirs-financiers-du-niger-par-luemoa-les-ministres-de-laes-exigent-la-levee-sans-delai-de-cette-mesure#primaryimage\"},\"image\":{\"@id\":\"https:\/\/www.africa-press.net\/niger\/politique\/confiscation-des-avoirs-financiers-du-niger-par-luemoa-les-ministres-de-laes-exigent-la-levee-sans-delai-de-cette-mesure#primaryimage\"},\"thumbnailUrl\":\"https:\/\/static.africa-press.net\/niger\/sites\/40\/2024\/02\/sm_1708092779.859038.jpg\",\"datePublished\":\"2024-02-16T16:51:06+00:00\",\"dateModified\":\"2024-02-16T17:44:54+00:00\",\"author\":{\"@id\":\"https:\/\/www.africa-press.net\/niger\/#\/schema\/person\/2b1cf3cd81a31e3cd26889ca66d677f1\"},\"description\":\"Des ministres de l\u2019Alliance des E\u0301tats du Sahel (AES) e\u0301taient en re\u0301union, le jeudi 15 fe\u0301vrier 2024 a\u0300 Ouagadougou. ...\",\"breadcrumb\":{\"@id\":\"https:\/\/www.africa-press.net\/niger\/politique\/confiscation-des-avoirs-financiers-du-niger-par-luemoa-les-ministres-de-laes-exigent-la-levee-sans-delai-de-cette-mesure#breadcrumb\"},\"inLanguage\":\"fr-FR\",\"potentialAction\":[{\"@type\":\"ReadAction\",\"target\":[\"https:\/\/www.africa-press.net\/niger\/politique\/confiscation-des-avoirs-financiers-du-niger-par-luemoa-les-ministres-de-laes-exigent-la-levee-sans-delai-de-cette-mesure\"]}]},{\"@type\":\"ImageObject\",\"inLanguage\":\"fr-FR\",\"@id\":\"https:\/\/www.africa-press.net\/niger\/politique\/confiscation-des-avoirs-financiers-du-niger-par-luemoa-les-ministres-de-laes-exigent-la-levee-sans-delai-de-cette-mesure#primaryimage\",\"url\":\"https:\/\/static.africa-press.net\/niger\/sites\/40\/2024\/02\/sm_1708092779.859038.jpg\",\"contentUrl\":\"https:\/\/static.africa-press.net\/niger\/sites\/40\/2024\/02\/sm_1708092779.859038.jpg\",\"width\":750,\"height\":450,\"caption\":\"Confiscation des avoirs financiers du Niger par l\u2019UEMOA : Les ministres de l\u2019AES exigent la lev\u00e9e \u00ab sans d\u00e9lai \u00bb de cette mesure\"},{\"@type\":\"BreadcrumbList\",\"@id\":\"https:\/\/www.africa-press.net\/niger\/politique\/confiscation-des-avoirs-financiers-du-niger-par-luemoa-les-ministres-de-laes-exigent-la-levee-sans-delai-de-cette-mesure#breadcrumb\",\"itemListElement\":[{\"@type\":\"ListItem\",\"position\":1,\"name\":\"Accueil\",\"item\":\"https:\/\/www.africa-press.net\/niger\/\"},{\"@type\":\"ListItem\",\"position\":2,\"name\":\"Confiscation des avoirs financiers du Niger par l\u2019UEMOA : Les ministres de l\u2019AES exigent la lev\u00e9e \u00ab sans d\u00e9lai \u00bb de cette mesure\"}]},{\"@type\":\"WebSite\",\"@id\":\"https:\/\/www.africa-press.net\/niger\/#website\",\"url\":\"https:\/\/www.africa-press.net\/niger\/\",\"name\":\"niger\",\"description\":\"Just another Africa News Agency Sites site\",\"potentialAction\":[{\"@type\":\"SearchAction\",\"target\":{\"@type\":\"EntryPoint\",\"urlTemplate\":\"https:\/\/www.africa-press.net\/niger\/?s={search_term_string}\"},\"query-input\":{\"@type\":\"PropertyValueSpecification\",\"valueRequired\":true,\"valueName\":\"search_term_string\"}}],\"inLanguage\":\"fr-FR\"},{\"@type\":\"Person\",\"@id\":\"https:\/\/www.africa-press.net\/niger\/#\/schema\/person\/2b1cf3cd81a31e3cd26889ca66d677f1\",\"name\":\"cfeditorfr\"}]}<\/script>\n<!-- \/ Yoast SEO Premium plugin. -->","yoast_head_json":{"title":"Confiscation des avoirs financiers du Niger par l\u2019UEMOA : Les ministres de l\u2019AES exigent la lev\u00e9e \u00ab sans d\u00e9lai \u00bb de cette mesure - niger","description":"Des ministres de l\u2019Alliance des E\u0301tats du Sahel (AES) e\u0301taient en re\u0301union, le jeudi 15 fe\u0301vrier 2024 a\u0300 Ouagadougou. ...","robots":{"index":"index","follow":"follow","max-snippet":"max-snippet:-1","max-image-preview":"max-image-preview:large","max-video-preview":"max-video-preview:-1"},"canonical":"https:\/\/www.africa-press.net\/niger\/politique\/confiscation-des-avoirs-financiers-du-niger-par-luemoa-les-ministres-de-laes-exigent-la-levee-sans-delai-de-cette-mesure","og_locale":"fr_FR","og_type":"article","og_title":"Confiscation des avoirs financiers du Niger par l\u2019UEMOA : Les ministres de l\u2019AES exigent la lev\u00e9e \u00ab sans d\u00e9lai \u00bb de cette mesure","og_description":"Des ministres de l\u2019Alliance des E\u0301tats du Sahel (AES) e\u0301taient en re\u0301union, le jeudi 15 fe\u0301vrier 2024 a\u0300 Ouagadougou. ...","og_url":"https:\/\/www.africa-press.net\/niger\/politique\/confiscation-des-avoirs-financiers-du-niger-par-luemoa-les-ministres-de-laes-exigent-la-levee-sans-delai-de-cette-mesure","og_site_name":"niger","article_published_time":"2024-02-16T16:51:06+00:00","article_modified_time":"2024-02-16T17:44:54+00:00","og_image":[{"width":750,"height":450,"url":"https:\/\/static.africa-press.net\/niger\/sites\/40\/2024\/02\/sm_1708092779.859038.jpg","type":"image\/jpeg"}],"author":"cfeditorfr","twitter_card":"summary_large_image","twitter_misc":{"\u00c9crit par":"cfeditorfr","Dur\u00e9e de lecture estim\u00e9e":"3 minutes"},"schema":{"@context":"https:\/\/schema.org","@graph":[{"@type":"Article","@id":"https:\/\/www.africa-press.net\/niger\/politique\/confiscation-des-avoirs-financiers-du-niger-par-luemoa-les-ministres-de-laes-exigent-la-levee-sans-delai-de-cette-mesure#article","isPartOf":{"@id":"https:\/\/www.africa-press.net\/niger\/politique\/confiscation-des-avoirs-financiers-du-niger-par-luemoa-les-ministres-de-laes-exigent-la-levee-sans-delai-de-cette-mesure"},"author":{"name":"cfeditorfr","@id":"https:\/\/www.africa-press.net\/niger\/#\/schema\/person\/2b1cf3cd81a31e3cd26889ca66d677f1"},"headline":"Confiscation des avoirs financiers du Niger par l\u2019UEMOA : Les ministres de l\u2019AES exigent la lev\u00e9e \u00ab sans d\u00e9lai \u00bb de cette mesure","datePublished":"2024-02-16T16:51:06+00:00","dateModified":"2024-02-16T17:44:54+00:00","mainEntityOfPage":{"@id":"https:\/\/www.africa-press.net\/niger\/politique\/confiscation-des-avoirs-financiers-du-niger-par-luemoa-les-ministres-de-laes-exigent-la-levee-sans-delai-de-cette-mesure"},"wordCount":607,"commentCount":0,"image":{"@id":"https:\/\/www.africa-press.net\/niger\/politique\/confiscation-des-avoirs-financiers-du-niger-par-luemoa-les-ministres-de-laes-exigent-la-levee-sans-delai-de-cette-mesure#primaryimage"},"thumbnailUrl":"https:\/\/static.africa-press.net\/niger\/sites\/40\/2024\/02\/sm_1708092779.859038.jpg","keywords":["Africa Press","Africa Press-Niger","Niger"],"articleSection":["Politique","Toutes les actualit\u00e9s"],"inLanguage":"fr-FR","potentialAction":[{"@type":"CommentAction","name":"Comment","target":["https:\/\/www.africa-press.net\/niger\/politique\/confiscation-des-avoirs-financiers-du-niger-par-luemoa-les-ministres-de-laes-exigent-la-levee-sans-delai-de-cette-mesure#respond"]}]},{"@type":"WebPage","@id":"https:\/\/www.africa-press.net\/niger\/politique\/confiscation-des-avoirs-financiers-du-niger-par-luemoa-les-ministres-de-laes-exigent-la-levee-sans-delai-de-cette-mesure","url":"https:\/\/www.africa-press.net\/niger\/politique\/confiscation-des-avoirs-financiers-du-niger-par-luemoa-les-ministres-de-laes-exigent-la-levee-sans-delai-de-cette-mesure","name":"Confiscation des avoirs financiers du Niger par l\u2019UEMOA : Les ministres de l\u2019AES exigent la lev\u00e9e \u00ab sans d\u00e9lai \u00bb de cette mesure - niger","isPartOf":{"@id":"https:\/\/www.africa-press.net\/niger\/#website"},"primaryImageOfPage":{"@id":"https:\/\/www.africa-press.net\/niger\/politique\/confiscation-des-avoirs-financiers-du-niger-par-luemoa-les-ministres-de-laes-exigent-la-levee-sans-delai-de-cette-mesure#primaryimage"},"image":{"@id":"https:\/\/www.africa-press.net\/niger\/politique\/confiscation-des-avoirs-financiers-du-niger-par-luemoa-les-ministres-de-laes-exigent-la-levee-sans-delai-de-cette-mesure#primaryimage"},"thumbnailUrl":"https:\/\/static.africa-press.net\/niger\/sites\/40\/2024\/02\/sm_1708092779.859038.jpg","datePublished":"2024-02-16T16:51:06+00:00","dateModified":"2024-02-16T17:44:54+00:00","author":{"@id":"https:\/\/www.africa-press.net\/niger\/#\/schema\/person\/2b1cf3cd81a31e3cd26889ca66d677f1"},"description":"Des ministres de l\u2019Alliance des E\u0301tats du Sahel (AES) e\u0301taient en re\u0301union, le jeudi 15 fe\u0301vrier 2024 a\u0300 Ouagadougou. ...","breadcrumb":{"@id":"https:\/\/www.africa-press.net\/niger\/politique\/confiscation-des-avoirs-financiers-du-niger-par-luemoa-les-ministres-de-laes-exigent-la-levee-sans-delai-de-cette-mesure#breadcrumb"},"inLanguage":"fr-FR","potentialAction":[{"@type":"ReadAction","target":["https:\/\/www.africa-press.net\/niger\/politique\/confiscation-des-avoirs-financiers-du-niger-par-luemoa-les-ministres-de-laes-exigent-la-levee-sans-delai-de-cette-mesure"]}]},{"@type":"ImageObject","inLanguage":"fr-FR","@id":"https:\/\/www.africa-press.net\/niger\/politique\/confiscation-des-avoirs-financiers-du-niger-par-luemoa-les-ministres-de-laes-exigent-la-levee-sans-delai-de-cette-mesure#primaryimage","url":"https:\/\/static.africa-press.net\/niger\/sites\/40\/2024\/02\/sm_1708092779.859038.jpg","contentUrl":"https:\/\/static.africa-press.net\/niger\/sites\/40\/2024\/02\/sm_1708092779.859038.jpg","width":750,"height":450,"caption":"Confiscation des avoirs financiers du Niger par l\u2019UEMOA : Les ministres de l\u2019AES exigent la lev\u00e9e \u00ab sans d\u00e9lai \u00bb de cette mesure"},{"@type":"BreadcrumbList","@id":"https:\/\/www.africa-press.net\/niger\/politique\/confiscation-des-avoirs-financiers-du-niger-par-luemoa-les-ministres-de-laes-exigent-la-levee-sans-delai-de-cette-mesure#breadcrumb","itemListElement":[{"@type":"ListItem","position":1,"name":"Accueil","item":"https:\/\/www.africa-press.net\/niger\/"},{"@type":"ListItem","position":2,"name":"Confiscation des avoirs financiers du Niger par l\u2019UEMOA : Les ministres de l\u2019AES exigent la lev\u00e9e \u00ab sans d\u00e9lai \u00bb de cette mesure"}]},{"@type":"WebSite","@id":"https:\/\/www.africa-press.net\/niger\/#website","url":"https:\/\/www.africa-press.net\/niger\/","name":"niger","description":"Just another Africa News Agency Sites site","potentialAction":[{"@type":"SearchAction","target":{"@type":"EntryPoint","urlTemplate":"https:\/\/www.africa-press.net\/niger\/?s={search_term_string}"},"query-input":{"@type":"PropertyValueSpecification","valueRequired":true,"valueName":"search_term_string"}}],"inLanguage":"fr-FR"},{"@type":"Person","@id":"https:\/\/www.africa-press.net\/niger\/#\/schema\/person\/2b1cf3cd81a31e3cd26889ca66d677f1","name":"cfeditorfr"}]}},"_links":{"self":[{"href":"https:\/\/www.africa-press.net\/niger\/wp-json\/wp\/v2\/posts\/58685","targetHints":{"allow":["GET"]}}],"collection":[{"href":"https:\/\/www.africa-press.net\/niger\/wp-json\/wp\/v2\/posts"}],"about":[{"href":"https:\/\/www.africa-press.net\/niger\/wp-json\/wp\/v2\/types\/post"}],"author":[{"embeddable":true,"href":"https:\/\/www.africa-press.net\/niger\/wp-json\/wp\/v2\/users\/82"}],"replies":[{"embeddable":true,"href":"https:\/\/www.africa-press.net\/niger\/wp-json\/wp\/v2\/comments?post=58685"}],"version-history":[{"count":0,"href":"https:\/\/www.africa-press.net\/niger\/wp-json\/wp\/v2\/posts\/58685\/revisions"}],"wp:featuredmedia":[{"embeddable":true,"href":"https:\/\/www.africa-press.net\/niger\/wp-json\/wp\/v2\/media\/58684"}],"wp:attachment":[{"href":"https:\/\/www.africa-press.net\/niger\/wp-json\/wp\/v2\/media?parent=58685"}],"wp:term":[{"taxonomy":"category","embeddable":true,"href":"https:\/\/www.africa-press.net\/niger\/wp-json\/wp\/v2\/categories?post=58685"},{"taxonomy":"post_tag","embeddable":true,"href":"https:\/\/www.africa-press.net\/niger\/wp-json\/wp\/v2\/tags?post=58685"}],"curies":[{"name":"wp","href":"https:\/\/api.w.org\/{rel}","templated":true}]}}