{"id":58688,"date":"2024-02-16T17:18:26","date_gmt":"2024-02-16T17:18:26","guid":{"rendered":"https:\/\/www.africa-press.net\/niger\/politique\/la-bm-determinee-a-lever-tous-les-obstacles-a-une-reprise-de-sa-cooperation-avec-le-niger"},"modified":"2024-02-16T17:18:26","modified_gmt":"2024-02-16T17:18:26","slug":"la-bm-determinee-a-lever-tous-les-obstacles-a-une-reprise-de-sa-cooperation-avec-le-niger","status":"publish","type":"post","link":"https:\/\/www.africa-press.net\/niger\/politique\/la-bm-determinee-a-lever-tous-les-obstacles-a-une-reprise-de-sa-cooperation-avec-le-niger","title":{"rendered":"La BM, d\u00e9termin\u00e9e \u00e0 lever tous les obstacles \u00e0 une reprise de sa coop\u00e9ration avec le Niger"},"content":{"rendered":"<p><span style=\"color: #ff6600\"><strong>Africa-Press &#8211; Niger. <\/strong><\/span>Cette annonce a e\u0301te\u0301 faite, dans l\u2019apre\u0300s-midi de ce jeudi 15 fe\u0301vrier 2024, par la directrice des ope\u0301rations de la Banque Mondiale pour le Niger, Mme Clara Desousa, a\u0300 la te\u0302te d&rsquo;une forte de\u0301le\u0301gation de l&rsquo;institution, au terme d&rsquo;une re\u0301union avec une de\u0301le\u0301gation du gouvernement nige\u0301rien conduite, elle aussi, par le Premier Ministre de la transition, Mahaman Lamine Zeine.<\/p>\n<p>La Banque Mondiale (BM) entend ainsi lever tous les obstacles a\u0300 une reprise de ses activite\u0301s au Niger au cours de cette re\u0301union d&rsquo;e\u0301valuation.<\/p>\n<p>Dans son mot introductif, le Premier Ministre Lamine Zeine a rappele\u0301 que \u2019\u2019la Banque Mondiale est un partenaire du Niger et depuis les e\u0301ve\u0300nements du 26 juillet dernier nous avons de\u0301plore\u0301 que la banque mondiale a pris trop de temps pour effectuer cette e\u0301valuation qui est importante pour une reprise de sa coope\u0301ration\u2019\u2019.<\/p>\n<p>Il s\u2019est dit surpris par \u00ab\u00a0la pre\u0301cipitation avec laquelle la Banque Mondiale s\u2019est aligne\u0301e sur la batterie des sanctions punitives de\u0301cide\u0301e par la CEDEAO, et je ne crois pas rencontrer dans les textes de celle-ci des mesures de ce type qui viennent soutenir une fermeture de frontie\u0300re allant jusqu\u2019a\u0300 des sanctions sur des produits de premie\u0300re ne\u0301cessite\u0301, a\u0300 savoir les medicaments, les denre\u0301es alimentaires, l\u2019e\u0301nergie, et c\u0327a a e\u0301te\u0301 un choc pour nous parce que nous savons ce que la Banque a e\u0301te\u0301 capable de faire\u2019\u2019.<\/p>\n<p>La Directrice des ope\u0301rations de la Banque Mondiale, Mme Clara De Sousa a, pour sa part, fait savoir que sa \u00ab\u00a0de\u0301le\u0301gation et elle sont a\u0300 Niamey pour conduire l\u2019e\u0301valuation de notre politique ope\u0301rationnelle et nous sommes la\u0300 avec la ferme volonte\u0301 et la de\u0301termination pour pouvoir re\u0301soudre tous les obstacles pour une reprise totale des programmes de la Banque Mondiale au Niger\u2019\u2019.<\/p>\n<p>Dans le cadre de notre mission, a annonce\u0301 la Directrice des ope\u0301rations, le Premier Ministre leur a demande\u0301 de \u00ab\u00a0mettre un accent particulier sur la restructuration du portefeuille et les nouveaux projets qui sont en cours. Et a\u0300 ce effet, nos e\u0301quipes et celle du gouvernement du Niger ont travaille\u0301 ensemble sous la conduite du Ministe\u0300re de l\u2019e\u0301conomie et des finances pour examiner le portefeuille\u2019\u2019.<\/p>\n<p>Mme Clara Desousa a, enfin, re\u0301affirme\u0301 la volonte\u0301 de la Banque Mondiale a\u0300 travailler sous le leadership du gouvernement.<\/p>\n<p>\u00ab\u00a0La Banque Mondiale est la\u0300 pour vous accompagner et j\u2019ai engage\u0301 mes e\u0301quipes dans la limite des contrats propres a\u0300 notre institution pour accompagner le Niger dans ses priorite\u0301s\u2019\u2019 a-t-elle de\u0301clare\u0301.<\/p>\n<p>Peu avant cette re\u0301union, le Premier Ministre a rec\u0327u la Directrice des Ope\u0301rations de la Banque Mondiale pour le Niger, Mme Clara de Sousa.<\/p>\n<p>Notons en fin que cette rencontre s\u2019est de\u0301roule\u0301e en pre\u0301sence des membres du gouvernement, du Repre\u0301sentant de la Banque mondiale au Niger et de plusieurs autres invite\u0301s.<\/p>\n<p><strong>Pour plus d&rsquo;informations et d&rsquo;analyses sur la <a href=\"https:\/\/www.africa-press.net\/niger\">Niger<\/a>, suivez <a href=\"https:\/\/www.africa-press.net\/\">Africa-Press<\/a><\/strong><\/p>\n","protected":false},"excerpt":{"rendered":"<p>Africa-Press &#8211; Niger. Cette annonce a e\u0301te\u0301 faite, dans l\u2019apre\u0300s-midi de ce jeudi 15 fe\u0301vrier 2024, par la directrice des ope\u0301rations de la Banque Mondiale pour le Niger, Mme Clara Desousa, a\u0300 la te\u0302te d&rsquo;une forte de\u0301le\u0301gation de l&rsquo;institution, au terme d&rsquo;une re\u0301union avec une de\u0301le\u0301gation du gouvernement nige\u0301rien conduite, elle aussi, par le Premier [&hellip;]<\/p>\n","protected":false},"author":82,"featured_media":58687,"comment_status":"open","ping_status":"closed","sticky":false,"template":"","format":"standard","meta":{"footnotes":""},"categories":[2,10],"tags":[55,60,29],"class_list":["post-58688","post","type-post","status-publish","format-standard","has-post-thumbnail","hentry","category-politique","category-toutes-les-actualites","tag-africa-press","tag-africa-press-niger","tag-niger"],"yoast_head":"<!-- This site is optimized with the Yoast SEO Premium plugin v26.1 (Yoast SEO v27.0) - https:\/\/yoast.com\/product\/yoast-seo-premium-wordpress\/ -->\n<title>La BM, d\u00e9termin\u00e9e \u00e0 lever tous les obstacles \u00e0 une reprise de sa coop\u00e9ration avec le Niger - niger<\/title>\n<meta name=\"robots\" content=\"index, follow, max-snippet:-1, max-image-preview:large, max-video-preview:-1\" \/>\n<link rel=\"canonical\" href=\"https:\/\/www.africa-press.net\/niger\/politique\/la-bm-determinee-a-lever-tous-les-obstacles-a-une-reprise-de-sa-cooperation-avec-le-niger\" \/>\n<meta property=\"og:locale\" content=\"fr_FR\" \/>\n<meta property=\"og:type\" content=\"article\" \/>\n<meta property=\"og:title\" content=\"La BM, d\u00e9termin\u00e9e \u00e0 lever tous les obstacles \u00e0 une reprise de sa coop\u00e9ration avec le Niger\" \/>\n<meta property=\"og:description\" content=\"Africa-Press &#8211; Niger. Cette annonce a e\u0301te\u0301 faite, dans l\u2019apre\u0300s-midi de ce jeudi 15 fe\u0301vrier 2024, par la directrice des ope\u0301rations de la Banque Mondiale pour le Niger, Mme Clara Desousa, a\u0300 la te\u0302te d&rsquo;une forte de\u0301le\u0301gation de l&rsquo;institution, au terme d&rsquo;une re\u0301union avec une de\u0301le\u0301gation du gouvernement nige\u0301rien conduite, elle aussi, par le Premier [&hellip;]\" \/>\n<meta property=\"og:url\" content=\"https:\/\/www.africa-press.net\/niger\/politique\/la-bm-determinee-a-lever-tous-les-obstacles-a-une-reprise-de-sa-cooperation-avec-le-niger\" \/>\n<meta property=\"og:site_name\" content=\"niger\" \/>\n<meta property=\"article:published_time\" content=\"2024-02-16T17:18:26+00:00\" \/>\n<meta name=\"author\" content=\"cfeditorfr\" \/>\n<meta name=\"twitter:card\" content=\"summary_large_image\" \/>\n<meta name=\"twitter:label1\" content=\"\u00c9crit par\" \/>\n\t<meta name=\"twitter:data1\" content=\"cfeditorfr\" \/>\n\t<meta name=\"twitter:label2\" content=\"Dur\u00e9e de lecture estim\u00e9e\" \/>\n\t<meta name=\"twitter:data2\" content=\"3 minutes\" \/>\n<script type=\"application\/ld+json\" class=\"yoast-schema-graph\">{\"@context\":\"https:\/\/schema.org\",\"@graph\":[{\"@type\":\"Article\",\"@id\":\"https:\/\/www.africa-press.net\/niger\/politique\/la-bm-determinee-a-lever-tous-les-obstacles-a-une-reprise-de-sa-cooperation-avec-le-niger#article\",\"isPartOf\":{\"@id\":\"https:\/\/www.africa-press.net\/niger\/politique\/la-bm-determinee-a-lever-tous-les-obstacles-a-une-reprise-de-sa-cooperation-avec-le-niger\"},\"author\":{\"name\":\"cfeditorfr\",\"@id\":\"https:\/\/www.africa-press.net\/niger\/#\/schema\/person\/2b1cf3cd81a31e3cd26889ca66d677f1\"},\"headline\":\"La BM, d\u00e9termin\u00e9e \u00e0 lever tous les obstacles \u00e0 une reprise de sa coop\u00e9ration avec le Niger\",\"datePublished\":\"2024-02-16T17:18:26+00:00\",\"mainEntityOfPage\":{\"@id\":\"https:\/\/www.africa-press.net\/niger\/politique\/la-bm-determinee-a-lever-tous-les-obstacles-a-une-reprise-de-sa-cooperation-avec-le-niger\"},\"wordCount\":547,\"commentCount\":0,\"image\":{\"@id\":\"https:\/\/www.africa-press.net\/niger\/politique\/la-bm-determinee-a-lever-tous-les-obstacles-a-une-reprise-de-sa-cooperation-avec-le-niger#primaryimage\"},\"thumbnailUrl\":\"https:\/\/static.africa-press.net\/niger\/sites\/40\/2024\/02\/sm_1708094285.719102.jpg\",\"keywords\":[\"Africa Press\",\"Africa Press-Niger\",\"Niger\"],\"articleSection\":[\"Politique\",\"Toutes les actualit\u00e9s\"],\"inLanguage\":\"fr-FR\",\"potentialAction\":[{\"@type\":\"CommentAction\",\"name\":\"Comment\",\"target\":[\"https:\/\/www.africa-press.net\/niger\/politique\/la-bm-determinee-a-lever-tous-les-obstacles-a-une-reprise-de-sa-cooperation-avec-le-niger#respond\"]}]},{\"@type\":\"WebPage\",\"@id\":\"https:\/\/www.africa-press.net\/niger\/politique\/la-bm-determinee-a-lever-tous-les-obstacles-a-une-reprise-de-sa-cooperation-avec-le-niger\",\"url\":\"https:\/\/www.africa-press.net\/niger\/politique\/la-bm-determinee-a-lever-tous-les-obstacles-a-une-reprise-de-sa-cooperation-avec-le-niger\",\"name\":\"La BM, d\u00e9termin\u00e9e \u00e0 lever tous les obstacles \u00e0 une reprise de sa coop\u00e9ration avec le Niger - niger\",\"isPartOf\":{\"@id\":\"https:\/\/www.africa-press.net\/niger\/#website\"},\"primaryImageOfPage\":{\"@id\":\"https:\/\/www.africa-press.net\/niger\/politique\/la-bm-determinee-a-lever-tous-les-obstacles-a-une-reprise-de-sa-cooperation-avec-le-niger#primaryimage\"},\"image\":{\"@id\":\"https:\/\/www.africa-press.net\/niger\/politique\/la-bm-determinee-a-lever-tous-les-obstacles-a-une-reprise-de-sa-cooperation-avec-le-niger#primaryimage\"},\"thumbnailUrl\":\"https:\/\/static.africa-press.net\/niger\/sites\/40\/2024\/02\/sm_1708094285.719102.jpg\",\"datePublished\":\"2024-02-16T17:18:26+00:00\",\"author\":{\"@id\":\"https:\/\/www.africa-press.net\/niger\/#\/schema\/person\/2b1cf3cd81a31e3cd26889ca66d677f1\"},\"breadcrumb\":{\"@id\":\"https:\/\/www.africa-press.net\/niger\/politique\/la-bm-determinee-a-lever-tous-les-obstacles-a-une-reprise-de-sa-cooperation-avec-le-niger#breadcrumb\"},\"inLanguage\":\"fr-FR\",\"potentialAction\":[{\"@type\":\"ReadAction\",\"target\":[\"https:\/\/www.africa-press.net\/niger\/politique\/la-bm-determinee-a-lever-tous-les-obstacles-a-une-reprise-de-sa-cooperation-avec-le-niger\"]}]},{\"@type\":\"ImageObject\",\"inLanguage\":\"fr-FR\",\"@id\":\"https:\/\/www.africa-press.net\/niger\/politique\/la-bm-determinee-a-lever-tous-les-obstacles-a-une-reprise-de-sa-cooperation-avec-le-niger#primaryimage\",\"url\":\"https:\/\/static.africa-press.net\/niger\/sites\/40\/2024\/02\/sm_1708094285.719102.jpg\",\"contentUrl\":\"https:\/\/static.africa-press.net\/niger\/sites\/40\/2024\/02\/sm_1708094285.719102.jpg\",\"width\":868,\"height\":580,\"caption\":\"La BM, d\u00e9termin\u00e9e \u00e0 lever tous les obstacles \u00e0 une reprise de sa coop\u00e9ration avec le Niger\"},{\"@type\":\"BreadcrumbList\",\"@id\":\"https:\/\/www.africa-press.net\/niger\/politique\/la-bm-determinee-a-lever-tous-les-obstacles-a-une-reprise-de-sa-cooperation-avec-le-niger#breadcrumb\",\"itemListElement\":[{\"@type\":\"ListItem\",\"position\":1,\"name\":\"Accueil\",\"item\":\"https:\/\/www.africa-press.net\/niger\/\"},{\"@type\":\"ListItem\",\"position\":2,\"name\":\"La BM, d\u00e9termin\u00e9e \u00e0 lever tous les obstacles \u00e0 une reprise de sa coop\u00e9ration avec le Niger\"}]},{\"@type\":\"WebSite\",\"@id\":\"https:\/\/www.africa-press.net\/niger\/#website\",\"url\":\"https:\/\/www.africa-press.net\/niger\/\",\"name\":\"niger\",\"description\":\"Just another Africa News Agency Sites site\",\"potentialAction\":[{\"@type\":\"SearchAction\",\"target\":{\"@type\":\"EntryPoint\",\"urlTemplate\":\"https:\/\/www.africa-press.net\/niger\/?s={search_term_string}\"},\"query-input\":{\"@type\":\"PropertyValueSpecification\",\"valueRequired\":true,\"valueName\":\"search_term_string\"}}],\"inLanguage\":\"fr-FR\"},{\"@type\":\"Person\",\"@id\":\"https:\/\/www.africa-press.net\/niger\/#\/schema\/person\/2b1cf3cd81a31e3cd26889ca66d677f1\",\"name\":\"cfeditorfr\"}]}<\/script>\n<!-- \/ Yoast SEO Premium plugin. -->","yoast_head_json":{"title":"La BM, d\u00e9termin\u00e9e \u00e0 lever tous les obstacles \u00e0 une reprise de sa coop\u00e9ration avec le Niger - niger","robots":{"index":"index","follow":"follow","max-snippet":"max-snippet:-1","max-image-preview":"max-image-preview:large","max-video-preview":"max-video-preview:-1"},"canonical":"https:\/\/www.africa-press.net\/niger\/politique\/la-bm-determinee-a-lever-tous-les-obstacles-a-une-reprise-de-sa-cooperation-avec-le-niger","og_locale":"fr_FR","og_type":"article","og_title":"La BM, d\u00e9termin\u00e9e \u00e0 lever tous les obstacles \u00e0 une reprise de sa coop\u00e9ration avec le Niger","og_description":"Africa-Press &#8211; Niger. Cette annonce a e\u0301te\u0301 faite, dans l\u2019apre\u0300s-midi de ce jeudi 15 fe\u0301vrier 2024, par la directrice des ope\u0301rations de la Banque Mondiale pour le Niger, Mme Clara Desousa, a\u0300 la te\u0302te d&rsquo;une forte de\u0301le\u0301gation de l&rsquo;institution, au terme d&rsquo;une re\u0301union avec une de\u0301le\u0301gation du gouvernement nige\u0301rien conduite, elle aussi, par le Premier [&hellip;]","og_url":"https:\/\/www.africa-press.net\/niger\/politique\/la-bm-determinee-a-lever-tous-les-obstacles-a-une-reprise-de-sa-cooperation-avec-le-niger","og_site_name":"niger","article_published_time":"2024-02-16T17:18:26+00:00","author":"cfeditorfr","twitter_card":"summary_large_image","twitter_misc":{"\u00c9crit par":"cfeditorfr","Dur\u00e9e de lecture estim\u00e9e":"3 minutes"},"schema":{"@context":"https:\/\/schema.org","@graph":[{"@type":"Article","@id":"https:\/\/www.africa-press.net\/niger\/politique\/la-bm-determinee-a-lever-tous-les-obstacles-a-une-reprise-de-sa-cooperation-avec-le-niger#article","isPartOf":{"@id":"https:\/\/www.africa-press.net\/niger\/politique\/la-bm-determinee-a-lever-tous-les-obstacles-a-une-reprise-de-sa-cooperation-avec-le-niger"},"author":{"name":"cfeditorfr","@id":"https:\/\/www.africa-press.net\/niger\/#\/schema\/person\/2b1cf3cd81a31e3cd26889ca66d677f1"},"headline":"La BM, d\u00e9termin\u00e9e \u00e0 lever tous les obstacles \u00e0 une reprise de sa coop\u00e9ration avec le Niger","datePublished":"2024-02-16T17:18:26+00:00","mainEntityOfPage":{"@id":"https:\/\/www.africa-press.net\/niger\/politique\/la-bm-determinee-a-lever-tous-les-obstacles-a-une-reprise-de-sa-cooperation-avec-le-niger"},"wordCount":547,"commentCount":0,"image":{"@id":"https:\/\/www.africa-press.net\/niger\/politique\/la-bm-determinee-a-lever-tous-les-obstacles-a-une-reprise-de-sa-cooperation-avec-le-niger#primaryimage"},"thumbnailUrl":"https:\/\/static.africa-press.net\/niger\/sites\/40\/2024\/02\/sm_1708094285.719102.jpg","keywords":["Africa Press","Africa Press-Niger","Niger"],"articleSection":["Politique","Toutes les actualit\u00e9s"],"inLanguage":"fr-FR","potentialAction":[{"@type":"CommentAction","name":"Comment","target":["https:\/\/www.africa-press.net\/niger\/politique\/la-bm-determinee-a-lever-tous-les-obstacles-a-une-reprise-de-sa-cooperation-avec-le-niger#respond"]}]},{"@type":"WebPage","@id":"https:\/\/www.africa-press.net\/niger\/politique\/la-bm-determinee-a-lever-tous-les-obstacles-a-une-reprise-de-sa-cooperation-avec-le-niger","url":"https:\/\/www.africa-press.net\/niger\/politique\/la-bm-determinee-a-lever-tous-les-obstacles-a-une-reprise-de-sa-cooperation-avec-le-niger","name":"La BM, d\u00e9termin\u00e9e \u00e0 lever tous les obstacles \u00e0 une reprise de sa coop\u00e9ration avec le Niger - niger","isPartOf":{"@id":"https:\/\/www.africa-press.net\/niger\/#website"},"primaryImageOfPage":{"@id":"https:\/\/www.africa-press.net\/niger\/politique\/la-bm-determinee-a-lever-tous-les-obstacles-a-une-reprise-de-sa-cooperation-avec-le-niger#primaryimage"},"image":{"@id":"https:\/\/www.africa-press.net\/niger\/politique\/la-bm-determinee-a-lever-tous-les-obstacles-a-une-reprise-de-sa-cooperation-avec-le-niger#primaryimage"},"thumbnailUrl":"https:\/\/static.africa-press.net\/niger\/sites\/40\/2024\/02\/sm_1708094285.719102.jpg","datePublished":"2024-02-16T17:18:26+00:00","author":{"@id":"https:\/\/www.africa-press.net\/niger\/#\/schema\/person\/2b1cf3cd81a31e3cd26889ca66d677f1"},"breadcrumb":{"@id":"https:\/\/www.africa-press.net\/niger\/politique\/la-bm-determinee-a-lever-tous-les-obstacles-a-une-reprise-de-sa-cooperation-avec-le-niger#breadcrumb"},"inLanguage":"fr-FR","potentialAction":[{"@type":"ReadAction","target":["https:\/\/www.africa-press.net\/niger\/politique\/la-bm-determinee-a-lever-tous-les-obstacles-a-une-reprise-de-sa-cooperation-avec-le-niger"]}]},{"@type":"ImageObject","inLanguage":"fr-FR","@id":"https:\/\/www.africa-press.net\/niger\/politique\/la-bm-determinee-a-lever-tous-les-obstacles-a-une-reprise-de-sa-cooperation-avec-le-niger#primaryimage","url":"https:\/\/static.africa-press.net\/niger\/sites\/40\/2024\/02\/sm_1708094285.719102.jpg","contentUrl":"https:\/\/static.africa-press.net\/niger\/sites\/40\/2024\/02\/sm_1708094285.719102.jpg","width":868,"height":580,"caption":"La BM, d\u00e9termin\u00e9e \u00e0 lever tous les obstacles \u00e0 une reprise de sa coop\u00e9ration avec le Niger"},{"@type":"BreadcrumbList","@id":"https:\/\/www.africa-press.net\/niger\/politique\/la-bm-determinee-a-lever-tous-les-obstacles-a-une-reprise-de-sa-cooperation-avec-le-niger#breadcrumb","itemListElement":[{"@type":"ListItem","position":1,"name":"Accueil","item":"https:\/\/www.africa-press.net\/niger\/"},{"@type":"ListItem","position":2,"name":"La BM, d\u00e9termin\u00e9e \u00e0 lever tous les obstacles \u00e0 une reprise de sa coop\u00e9ration avec le Niger"}]},{"@type":"WebSite","@id":"https:\/\/www.africa-press.net\/niger\/#website","url":"https:\/\/www.africa-press.net\/niger\/","name":"niger","description":"Just another Africa News Agency Sites site","potentialAction":[{"@type":"SearchAction","target":{"@type":"EntryPoint","urlTemplate":"https:\/\/www.africa-press.net\/niger\/?s={search_term_string}"},"query-input":{"@type":"PropertyValueSpecification","valueRequired":true,"valueName":"search_term_string"}}],"inLanguage":"fr-FR"},{"@type":"Person","@id":"https:\/\/www.africa-press.net\/niger\/#\/schema\/person\/2b1cf3cd81a31e3cd26889ca66d677f1","name":"cfeditorfr"}]}},"_links":{"self":[{"href":"https:\/\/www.africa-press.net\/niger\/wp-json\/wp\/v2\/posts\/58688","targetHints":{"allow":["GET"]}}],"collection":[{"href":"https:\/\/www.africa-press.net\/niger\/wp-json\/wp\/v2\/posts"}],"about":[{"href":"https:\/\/www.africa-press.net\/niger\/wp-json\/wp\/v2\/types\/post"}],"author":[{"embeddable":true,"href":"https:\/\/www.africa-press.net\/niger\/wp-json\/wp\/v2\/users\/82"}],"replies":[{"embeddable":true,"href":"https:\/\/www.africa-press.net\/niger\/wp-json\/wp\/v2\/comments?post=58688"}],"version-history":[{"count":0,"href":"https:\/\/www.africa-press.net\/niger\/wp-json\/wp\/v2\/posts\/58688\/revisions"}],"wp:featuredmedia":[{"embeddable":true,"href":"https:\/\/www.africa-press.net\/niger\/wp-json\/wp\/v2\/media\/58687"}],"wp:attachment":[{"href":"https:\/\/www.africa-press.net\/niger\/wp-json\/wp\/v2\/media?parent=58688"}],"wp:term":[{"taxonomy":"category","embeddable":true,"href":"https:\/\/www.africa-press.net\/niger\/wp-json\/wp\/v2\/categories?post=58688"},{"taxonomy":"post_tag","embeddable":true,"href":"https:\/\/www.africa-press.net\/niger\/wp-json\/wp\/v2\/tags?post=58688"}],"curies":[{"name":"wp","href":"https:\/\/api.w.org\/{rel}","templated":true}]}}