{"id":58694,"date":"2024-02-16T17:18:07","date_gmt":"2024-02-16T17:18:07","guid":{"rendered":"https:\/\/www.africa-press.net\/niger\/politique\/diffa-ouverture-de-la-saison-sportive-des-forces-armees-nigeriennes"},"modified":"2024-02-16T19:13:26","modified_gmt":"2024-02-16T19:13:26","slug":"diffa-ouverture-de-la-saison-sportive-des-forces-armees-nigeriennes","status":"publish","type":"post","link":"https:\/\/www.africa-press.net\/niger\/sports\/diffa-ouverture-de-la-saison-sportive-des-forces-armees-nigeriennes","title":{"rendered":"Diffa : Ouverture de la saison sportive des Forces Arm\u00e9es Nig\u00e9riennes"},"content":{"rendered":"<p><span style=\"color: #ff6600\"><strong>Africa-Press &#8211; Niger. <\/strong><\/span>la Zone de de\u0301fense N\u00b0 5 de Diffa s\u2019est aligne\u0301e a\u0300 l\u2019ensemble des garnisons du pays pour l\u2019Ouverture ce vendredi 16 fe\u0301vrier 2024, de la saison sportive des Forces Arme\u0301es Nige\u0301riennes FAN).<\/p>\n<p>La ce\u0301re\u0301monie qui s\u2019est de\u0301roule\u0301e a\u0300 la place d\u2019armes du camp de la zone de de\u0301fense N\u00b05. Elle a e\u0301te\u0301 rehausse\u0301e de la pre\u0301sence du Ge\u0301ne\u0301ral Mahamadou Ibrahim Bagadoma, gouverneur de la re\u0301gion entoure\u0301 de ses plus proches collaborateurs.<\/p>\n<p>Cette activite\u0301 a pour but de promouvoir la pratique du sport dans l\u2019arme\u0301e et par la me\u0302me occasion, renforcer les capacite\u0301s ope\u0301rationnelles des diffe\u0301rents corps, et la cohe\u0301sion des Forces de De\u0301fense et de Se\u0301curite\u0301 (FDS).<\/p>\n<p>Dans son allocution prononce\u0301e a\u0300 cette circonstance, le Gouverneur Bagadoma a te\u0301moigne\u0301 que La pratique du sport est \u2018\u2019inhe\u0301rente a\u0300 la fonction militaire\u2019\u2019, car, explique-t-il, \u2018\u2019le militaire a besoin d\u2019e\u0302tre fort, d\u2019un corps saint et d\u2019un esprit saint pour accomplir ses missions, et le Sport justement, est l\u2019exercice qui permet au militaire d\u2019atteindre ces objectifs dans le de\u0301lai tre\u0300s responsable\u2019\u2019.<\/p>\n<p>\u2018\u2019Je remercie la haute hie\u0301rarchie militaire pour l\u2019attention soutenue qu\u2019elle porte a\u0300 nos Forces de De\u0301fense et de Se\u0301curite\u0301 dans les de\u0301fis qui sont les leurs au quotidien, mais e\u0301galement les rassurer quant a\u0300 l\u2019engagement de nos hommes et femmes sur le terrain, et leur volonte\u0301 d\u2019assurer la se\u0301curite\u0301 des populations de la re\u0301gion de Diffa\u2019\u2019, a lance\u0301 le Gouverneur de la re\u0301gion de Diffa, tout en affirmant que \u2018\u2019Nous sommes tre\u0300s satisfaits de la fac\u0327on dont vous conduisez vos ope\u0301rations sur le terrain\u2019\u2019.<\/p>\n<p>Auparavant, le colonel Ali Hamidou Issa commandant de la Zone de de\u0301fense N\u00b0 5 des Forces Arme\u0301es Nige\u0301riennes a\u0300 prit la parole pour souhaiter la bienvenue a\u0300 tous, tout en indiquant que l\u2019ouverture de cette saison sportive des Forces Arme\u0301es Nige\u0301riennes se tient aujourd\u2019hui dans toutes les garnisons du pays.<\/p>\n<p>A cet effets, dit-il, la zone de de\u0301fense N\u00b0 5, en \u2018\u2019parfait alignement avec sa hie\u0301rarchie, se doit d\u2019honorer cette journe\u0301e\u2019\u2019.<\/p>\n<p>\u2018\u2019C\u2019est le lieu de rappeler a\u0300 tous les FDS de restaurer la valeur inde\u0301niable du sport en tant que pilier des Forces de de\u0301fense et de se\u0301curite\u0301 et que la pratique du sport dans nos rangs demeure le quotidien a\u0300 travers le contro\u0302le obligatoire pe\u0301riodique de la valeur physique et individuelle\u2019\u2019, a enfin exhorte\u0301 l\u2019ensemble des FDS, le colonel Ali Hamidou Issa, patron en Chef des FAN de Diffa.<\/p>\n<p>Plusieurs disciplines sportives militaires ont eu lieu a\u0300 l\u2019occasion de cette ce\u0301re\u0301monie qui a eu un e\u0301clat particulier au vu de l\u2019engouement suscite\u0301 au sein des FDS.<\/p>\n<p><strong>Pour plus d&rsquo;informations et d&rsquo;analyses sur la <a href=\"https:\/\/www.africa-press.net\/niger\">Niger<\/a>, suivez <a href=\"https:\/\/www.africa-press.net\/\">Africa-Press<\/a><\/strong><\/p>\n","protected":false},"excerpt":{"rendered":"<p>Africa-Press &#8211; Niger. la Zone de de\u0301fense N\u00b0 5 de Diffa s\u2019est aligne\u0301e a\u0300 l\u2019ensemble des garnisons du pays pour l\u2019Ouverture ce vendredi 16 fe\u0301vrier 2024, de la saison sportive des Forces Arme\u0301es Nige\u0301riennes FAN). La ce\u0301re\u0301monie qui s\u2019est de\u0301roule\u0301e a\u0300 la place d\u2019armes du camp de la zone de de\u0301fense N\u00b05. Elle a e\u0301te\u0301 [&hellip;]<\/p>\n","protected":false},"author":82,"featured_media":58693,"comment_status":"open","ping_status":"closed","sticky":false,"template":"","format":"standard","meta":{"footnotes":""},"categories":[6,10],"tags":[55,60,29],"class_list":["post-58694","post","type-post","status-publish","format-standard","has-post-thumbnail","hentry","category-sports","category-toutes-les-actualites","tag-africa-press","tag-africa-press-niger","tag-niger"],"yoast_head":"<!-- This site is optimized with the Yoast SEO Premium plugin v26.1 (Yoast SEO v27.0) - https:\/\/yoast.com\/product\/yoast-seo-premium-wordpress\/ -->\n<title>Diffa : Ouverture de la saison sportive des Forces Arm\u00e9es Nig\u00e9riennes - niger<\/title>\n<meta name=\"description\" content=\"la Zone de de\u0301fense N\u00b0 5 de Diffa s\u2019est aligne\u0301e a\u0300 l\u2019ensemble des garnisons du pays pour l\u2019Ouverture ce vendredi 16 fe\u0301 ...\" \/>\n<meta name=\"robots\" content=\"index, follow, max-snippet:-1, max-image-preview:large, max-video-preview:-1\" \/>\n<link rel=\"canonical\" href=\"https:\/\/www.africa-press.net\/niger\/sports\/diffa-ouverture-de-la-saison-sportive-des-forces-armees-nigeriennes\" \/>\n<meta property=\"og:locale\" content=\"fr_FR\" \/>\n<meta property=\"og:type\" content=\"article\" \/>\n<meta property=\"og:title\" content=\"Diffa : Ouverture de la saison sportive des Forces Arm\u00e9es Nig\u00e9riennes\" \/>\n<meta property=\"og:description\" content=\"la Zone de de\u0301fense N\u00b0 5 de Diffa s\u2019est aligne\u0301e a\u0300 l\u2019ensemble des garnisons du pays pour l\u2019Ouverture ce vendredi 16 fe\u0301 ...\" \/>\n<meta property=\"og:url\" content=\"https:\/\/www.africa-press.net\/niger\/sports\/diffa-ouverture-de-la-saison-sportive-des-forces-armees-nigeriennes\" \/>\n<meta property=\"og:site_name\" content=\"niger\" \/>\n<meta property=\"article:published_time\" content=\"2024-02-16T17:18:07+00:00\" \/>\n<meta property=\"article:modified_time\" content=\"2024-02-16T19:13:26+00:00\" \/>\n<meta property=\"og:image\" content=\"https:\/\/static.africa-press.net\/niger\/sites\/40\/2024\/02\/sm_1708098074.440037.jpg\" \/>\n\t<meta property=\"og:image:width\" content=\"905\" \/>\n\t<meta property=\"og:image:height\" content=\"640\" \/>\n\t<meta property=\"og:image:type\" content=\"image\/jpeg\" \/>\n<meta name=\"author\" content=\"cfeditorfr\" \/>\n<meta name=\"twitter:card\" content=\"summary_large_image\" \/>\n<meta name=\"twitter:label1\" content=\"\u00c9crit par\" \/>\n\t<meta name=\"twitter:data1\" content=\"cfeditorfr\" \/>\n\t<meta name=\"twitter:label2\" content=\"Dur\u00e9e de lecture estim\u00e9e\" \/>\n\t<meta name=\"twitter:data2\" content=\"3 minutes\" \/>\n<script type=\"application\/ld+json\" class=\"yoast-schema-graph\">{\"@context\":\"https:\/\/schema.org\",\"@graph\":[{\"@type\":\"Article\",\"@id\":\"https:\/\/www.africa-press.net\/niger\/sports\/diffa-ouverture-de-la-saison-sportive-des-forces-armees-nigeriennes#article\",\"isPartOf\":{\"@id\":\"https:\/\/www.africa-press.net\/niger\/sports\/diffa-ouverture-de-la-saison-sportive-des-forces-armees-nigeriennes\"},\"author\":{\"name\":\"cfeditorfr\",\"@id\":\"https:\/\/www.africa-press.net\/niger\/#\/schema\/person\/2b1cf3cd81a31e3cd26889ca66d677f1\"},\"headline\":\"Diffa : Ouverture de la saison sportive des Forces Arm\u00e9es Nig\u00e9riennes\",\"datePublished\":\"2024-02-16T17:18:07+00:00\",\"dateModified\":\"2024-02-16T19:13:26+00:00\",\"mainEntityOfPage\":{\"@id\":\"https:\/\/www.africa-press.net\/niger\/sports\/diffa-ouverture-de-la-saison-sportive-des-forces-armees-nigeriennes\"},\"wordCount\":519,\"commentCount\":0,\"image\":{\"@id\":\"https:\/\/www.africa-press.net\/niger\/sports\/diffa-ouverture-de-la-saison-sportive-des-forces-armees-nigeriennes#primaryimage\"},\"thumbnailUrl\":\"https:\/\/static.africa-press.net\/niger\/sites\/40\/2024\/02\/sm_1708098074.440037.jpg\",\"keywords\":[\"Africa Press\",\"Africa Press-Niger\",\"Niger\"],\"articleSection\":[\"Sports\",\"Toutes les actualit\u00e9s\"],\"inLanguage\":\"fr-FR\",\"potentialAction\":[{\"@type\":\"CommentAction\",\"name\":\"Comment\",\"target\":[\"https:\/\/www.africa-press.net\/niger\/sports\/diffa-ouverture-de-la-saison-sportive-des-forces-armees-nigeriennes#respond\"]}]},{\"@type\":\"WebPage\",\"@id\":\"https:\/\/www.africa-press.net\/niger\/sports\/diffa-ouverture-de-la-saison-sportive-des-forces-armees-nigeriennes\",\"url\":\"https:\/\/www.africa-press.net\/niger\/sports\/diffa-ouverture-de-la-saison-sportive-des-forces-armees-nigeriennes\",\"name\":\"Diffa : Ouverture de la saison sportive des Forces Arm\u00e9es Nig\u00e9riennes - niger\",\"isPartOf\":{\"@id\":\"https:\/\/www.africa-press.net\/niger\/#website\"},\"primaryImageOfPage\":{\"@id\":\"https:\/\/www.africa-press.net\/niger\/sports\/diffa-ouverture-de-la-saison-sportive-des-forces-armees-nigeriennes#primaryimage\"},\"image\":{\"@id\":\"https:\/\/www.africa-press.net\/niger\/sports\/diffa-ouverture-de-la-saison-sportive-des-forces-armees-nigeriennes#primaryimage\"},\"thumbnailUrl\":\"https:\/\/static.africa-press.net\/niger\/sites\/40\/2024\/02\/sm_1708098074.440037.jpg\",\"datePublished\":\"2024-02-16T17:18:07+00:00\",\"dateModified\":\"2024-02-16T19:13:26+00:00\",\"author\":{\"@id\":\"https:\/\/www.africa-press.net\/niger\/#\/schema\/person\/2b1cf3cd81a31e3cd26889ca66d677f1\"},\"description\":\"la Zone de de\u0301fense N\u00b0 5 de Diffa s\u2019est aligne\u0301e a\u0300 l\u2019ensemble des garnisons du pays pour l\u2019Ouverture ce vendredi 16 fe\u0301 ...\",\"breadcrumb\":{\"@id\":\"https:\/\/www.africa-press.net\/niger\/sports\/diffa-ouverture-de-la-saison-sportive-des-forces-armees-nigeriennes#breadcrumb\"},\"inLanguage\":\"fr-FR\",\"potentialAction\":[{\"@type\":\"ReadAction\",\"target\":[\"https:\/\/www.africa-press.net\/niger\/sports\/diffa-ouverture-de-la-saison-sportive-des-forces-armees-nigeriennes\"]}]},{\"@type\":\"ImageObject\",\"inLanguage\":\"fr-FR\",\"@id\":\"https:\/\/www.africa-press.net\/niger\/sports\/diffa-ouverture-de-la-saison-sportive-des-forces-armees-nigeriennes#primaryimage\",\"url\":\"https:\/\/static.africa-press.net\/niger\/sites\/40\/2024\/02\/sm_1708098074.440037.jpg\",\"contentUrl\":\"https:\/\/static.africa-press.net\/niger\/sites\/40\/2024\/02\/sm_1708098074.440037.jpg\",\"width\":905,\"height\":640,\"caption\":\"Diffa : Ouverture de la saison sportive des Forces Arm\u00e9es Nig\u00e9riennes\"},{\"@type\":\"BreadcrumbList\",\"@id\":\"https:\/\/www.africa-press.net\/niger\/sports\/diffa-ouverture-de-la-saison-sportive-des-forces-armees-nigeriennes#breadcrumb\",\"itemListElement\":[{\"@type\":\"ListItem\",\"position\":1,\"name\":\"Accueil\",\"item\":\"https:\/\/www.africa-press.net\/niger\/\"},{\"@type\":\"ListItem\",\"position\":2,\"name\":\"Diffa : Ouverture de la saison sportive des Forces Arm\u00e9es Nig\u00e9riennes\"}]},{\"@type\":\"WebSite\",\"@id\":\"https:\/\/www.africa-press.net\/niger\/#website\",\"url\":\"https:\/\/www.africa-press.net\/niger\/\",\"name\":\"niger\",\"description\":\"Just another Africa News Agency Sites site\",\"potentialAction\":[{\"@type\":\"SearchAction\",\"target\":{\"@type\":\"EntryPoint\",\"urlTemplate\":\"https:\/\/www.africa-press.net\/niger\/?s={search_term_string}\"},\"query-input\":{\"@type\":\"PropertyValueSpecification\",\"valueRequired\":true,\"valueName\":\"search_term_string\"}}],\"inLanguage\":\"fr-FR\"},{\"@type\":\"Person\",\"@id\":\"https:\/\/www.africa-press.net\/niger\/#\/schema\/person\/2b1cf3cd81a31e3cd26889ca66d677f1\",\"name\":\"cfeditorfr\"}]}<\/script>\n<!-- \/ Yoast SEO Premium plugin. -->","yoast_head_json":{"title":"Diffa : Ouverture de la saison sportive des Forces Arm\u00e9es Nig\u00e9riennes - niger","description":"la Zone de de\u0301fense N\u00b0 5 de Diffa s\u2019est aligne\u0301e a\u0300 l\u2019ensemble des garnisons du pays pour l\u2019Ouverture ce vendredi 16 fe\u0301 ...","robots":{"index":"index","follow":"follow","max-snippet":"max-snippet:-1","max-image-preview":"max-image-preview:large","max-video-preview":"max-video-preview:-1"},"canonical":"https:\/\/www.africa-press.net\/niger\/sports\/diffa-ouverture-de-la-saison-sportive-des-forces-armees-nigeriennes","og_locale":"fr_FR","og_type":"article","og_title":"Diffa : Ouverture de la saison sportive des Forces Arm\u00e9es Nig\u00e9riennes","og_description":"la Zone de de\u0301fense N\u00b0 5 de Diffa s\u2019est aligne\u0301e a\u0300 l\u2019ensemble des garnisons du pays pour l\u2019Ouverture ce vendredi 16 fe\u0301 ...","og_url":"https:\/\/www.africa-press.net\/niger\/sports\/diffa-ouverture-de-la-saison-sportive-des-forces-armees-nigeriennes","og_site_name":"niger","article_published_time":"2024-02-16T17:18:07+00:00","article_modified_time":"2024-02-16T19:13:26+00:00","og_image":[{"width":905,"height":640,"url":"https:\/\/static.africa-press.net\/niger\/sites\/40\/2024\/02\/sm_1708098074.440037.jpg","type":"image\/jpeg"}],"author":"cfeditorfr","twitter_card":"summary_large_image","twitter_misc":{"\u00c9crit par":"cfeditorfr","Dur\u00e9e de lecture estim\u00e9e":"3 minutes"},"schema":{"@context":"https:\/\/schema.org","@graph":[{"@type":"Article","@id":"https:\/\/www.africa-press.net\/niger\/sports\/diffa-ouverture-de-la-saison-sportive-des-forces-armees-nigeriennes#article","isPartOf":{"@id":"https:\/\/www.africa-press.net\/niger\/sports\/diffa-ouverture-de-la-saison-sportive-des-forces-armees-nigeriennes"},"author":{"name":"cfeditorfr","@id":"https:\/\/www.africa-press.net\/niger\/#\/schema\/person\/2b1cf3cd81a31e3cd26889ca66d677f1"},"headline":"Diffa : Ouverture de la saison sportive des Forces Arm\u00e9es Nig\u00e9riennes","datePublished":"2024-02-16T17:18:07+00:00","dateModified":"2024-02-16T19:13:26+00:00","mainEntityOfPage":{"@id":"https:\/\/www.africa-press.net\/niger\/sports\/diffa-ouverture-de-la-saison-sportive-des-forces-armees-nigeriennes"},"wordCount":519,"commentCount":0,"image":{"@id":"https:\/\/www.africa-press.net\/niger\/sports\/diffa-ouverture-de-la-saison-sportive-des-forces-armees-nigeriennes#primaryimage"},"thumbnailUrl":"https:\/\/static.africa-press.net\/niger\/sites\/40\/2024\/02\/sm_1708098074.440037.jpg","keywords":["Africa Press","Africa Press-Niger","Niger"],"articleSection":["Sports","Toutes les actualit\u00e9s"],"inLanguage":"fr-FR","potentialAction":[{"@type":"CommentAction","name":"Comment","target":["https:\/\/www.africa-press.net\/niger\/sports\/diffa-ouverture-de-la-saison-sportive-des-forces-armees-nigeriennes#respond"]}]},{"@type":"WebPage","@id":"https:\/\/www.africa-press.net\/niger\/sports\/diffa-ouverture-de-la-saison-sportive-des-forces-armees-nigeriennes","url":"https:\/\/www.africa-press.net\/niger\/sports\/diffa-ouverture-de-la-saison-sportive-des-forces-armees-nigeriennes","name":"Diffa : Ouverture de la saison sportive des Forces Arm\u00e9es Nig\u00e9riennes - niger","isPartOf":{"@id":"https:\/\/www.africa-press.net\/niger\/#website"},"primaryImageOfPage":{"@id":"https:\/\/www.africa-press.net\/niger\/sports\/diffa-ouverture-de-la-saison-sportive-des-forces-armees-nigeriennes#primaryimage"},"image":{"@id":"https:\/\/www.africa-press.net\/niger\/sports\/diffa-ouverture-de-la-saison-sportive-des-forces-armees-nigeriennes#primaryimage"},"thumbnailUrl":"https:\/\/static.africa-press.net\/niger\/sites\/40\/2024\/02\/sm_1708098074.440037.jpg","datePublished":"2024-02-16T17:18:07+00:00","dateModified":"2024-02-16T19:13:26+00:00","author":{"@id":"https:\/\/www.africa-press.net\/niger\/#\/schema\/person\/2b1cf3cd81a31e3cd26889ca66d677f1"},"description":"la Zone de de\u0301fense N\u00b0 5 de Diffa s\u2019est aligne\u0301e a\u0300 l\u2019ensemble des garnisons du pays pour l\u2019Ouverture ce vendredi 16 fe\u0301 ...","breadcrumb":{"@id":"https:\/\/www.africa-press.net\/niger\/sports\/diffa-ouverture-de-la-saison-sportive-des-forces-armees-nigeriennes#breadcrumb"},"inLanguage":"fr-FR","potentialAction":[{"@type":"ReadAction","target":["https:\/\/www.africa-press.net\/niger\/sports\/diffa-ouverture-de-la-saison-sportive-des-forces-armees-nigeriennes"]}]},{"@type":"ImageObject","inLanguage":"fr-FR","@id":"https:\/\/www.africa-press.net\/niger\/sports\/diffa-ouverture-de-la-saison-sportive-des-forces-armees-nigeriennes#primaryimage","url":"https:\/\/static.africa-press.net\/niger\/sites\/40\/2024\/02\/sm_1708098074.440037.jpg","contentUrl":"https:\/\/static.africa-press.net\/niger\/sites\/40\/2024\/02\/sm_1708098074.440037.jpg","width":905,"height":640,"caption":"Diffa : Ouverture de la saison sportive des Forces Arm\u00e9es Nig\u00e9riennes"},{"@type":"BreadcrumbList","@id":"https:\/\/www.africa-press.net\/niger\/sports\/diffa-ouverture-de-la-saison-sportive-des-forces-armees-nigeriennes#breadcrumb","itemListElement":[{"@type":"ListItem","position":1,"name":"Accueil","item":"https:\/\/www.africa-press.net\/niger\/"},{"@type":"ListItem","position":2,"name":"Diffa : Ouverture de la saison sportive des Forces Arm\u00e9es Nig\u00e9riennes"}]},{"@type":"WebSite","@id":"https:\/\/www.africa-press.net\/niger\/#website","url":"https:\/\/www.africa-press.net\/niger\/","name":"niger","description":"Just another Africa News Agency Sites site","potentialAction":[{"@type":"SearchAction","target":{"@type":"EntryPoint","urlTemplate":"https:\/\/www.africa-press.net\/niger\/?s={search_term_string}"},"query-input":{"@type":"PropertyValueSpecification","valueRequired":true,"valueName":"search_term_string"}}],"inLanguage":"fr-FR"},{"@type":"Person","@id":"https:\/\/www.africa-press.net\/niger\/#\/schema\/person\/2b1cf3cd81a31e3cd26889ca66d677f1","name":"cfeditorfr"}]}},"_links":{"self":[{"href":"https:\/\/www.africa-press.net\/niger\/wp-json\/wp\/v2\/posts\/58694","targetHints":{"allow":["GET"]}}],"collection":[{"href":"https:\/\/www.africa-press.net\/niger\/wp-json\/wp\/v2\/posts"}],"about":[{"href":"https:\/\/www.africa-press.net\/niger\/wp-json\/wp\/v2\/types\/post"}],"author":[{"embeddable":true,"href":"https:\/\/www.africa-press.net\/niger\/wp-json\/wp\/v2\/users\/82"}],"replies":[{"embeddable":true,"href":"https:\/\/www.africa-press.net\/niger\/wp-json\/wp\/v2\/comments?post=58694"}],"version-history":[{"count":0,"href":"https:\/\/www.africa-press.net\/niger\/wp-json\/wp\/v2\/posts\/58694\/revisions"}],"wp:featuredmedia":[{"embeddable":true,"href":"https:\/\/www.africa-press.net\/niger\/wp-json\/wp\/v2\/media\/58693"}],"wp:attachment":[{"href":"https:\/\/www.africa-press.net\/niger\/wp-json\/wp\/v2\/media?parent=58694"}],"wp:term":[{"taxonomy":"category","embeddable":true,"href":"https:\/\/www.africa-press.net\/niger\/wp-json\/wp\/v2\/categories?post=58694"},{"taxonomy":"post_tag","embeddable":true,"href":"https:\/\/www.africa-press.net\/niger\/wp-json\/wp\/v2\/tags?post=58694"}],"curies":[{"name":"wp","href":"https:\/\/api.w.org\/{rel}","templated":true}]}}