{"id":58696,"date":"2024-02-16T17:19:09","date_gmt":"2024-02-16T17:19:09","guid":{"rendered":"https:\/\/www.africa-press.net\/niger\/politique\/la-ministre-de-lartisanat-et-du-tourisme-en-visite-de-travail-dans-la-region-de-tillaberi"},"modified":"2024-02-16T19:14:10","modified_gmt":"2024-02-16T19:14:10","slug":"la-ministre-de-lartisanat-et-du-tourisme-en-visite-de-travail-dans-la-region-de-tillaberi","status":"publish","type":"post","link":"https:\/\/www.africa-press.net\/niger\/culture-et-art\/la-ministre-de-lartisanat-et-du-tourisme-en-visite-de-travail-dans-la-region-de-tillaberi","title":{"rendered":"La Ministre de l\u2019Artisanat et du Tourisme en visite de travail dans la r\u00e9gion de Tillab\u00e9ri"},"content":{"rendered":"<p><span style=\"color: #ff6600\"><strong>Africa-Press &#8211; Niger. <\/strong><\/span>La Ministre de l\u2019Artisanat et du Tourisme, Mme Guichen Agaicha Atta a effectue\u0301 ce jeudi 15 fe\u0301vrier 2024, une visite de travail dans la re\u0301gion de Tillabe\u0301ri.<\/p>\n<p>Accompagne\u0301e du Gouverneur de la re\u0301gion de Tillabe\u0301ri, le Lieutenant-Colonel. Maina Boukar, des Secre\u0301taires ge\u0301ne\u0301raux de son ministe\u0300re et de la Re\u0301gion, les responsables des FDS entre autres, Mme Guichen Agaicha Atta s\u2019est successivement rendue a\u0300 la Direction Re\u0301gionale de l\u2019Artisanat et du Tourisme ; au sie\u0300ge de la Chambre des me\u0301tiers de l\u2019Artisanal et du Tourisme de Tillabe\u0301ri ; le site de 3000m2 alloue\u0301 a\u0300 la construction de la nouvelle Direction Re\u0301gionale de l\u2019Artisanat et du Tourisme ; les ho\u0302tels Girafe et Djoliba ; avant de pre\u0301sider une rencontre avec les professionnels de l\u2019Artisanat et du Tourisme.<\/p>\n<p>Prenant la parole lors de la re\u0301union de synthe\u0300se, la Ministre de l\u2019Artisanat et du Tourisme a indique\u0301 que, cette visite s\u2019inscrit dans le cadre de la poursuite de la se\u0301rie de visites de prise de contact entreprises depuis sa prise de fonction et est l\u2019occasion de pre\u0301senter le soutien de son de\u0301partement ministe\u0301riel et dus plus hautes autorite\u0301s du pays aux 1ers rangs desquelles, le Pre\u0301sident du Conseil National pour la Sauvegarde de la Patrie (CNSP), Chef de l\u2019Etat, le Ge\u0301ne\u0301ral de Brigade Abdourahamane Tiani et du Premier Ministre Mahamane Ali Lamine Zeine et d\u2019e\u0301changer ensembles avec les professionnels du secteur pour prospecter les voies permettant d\u2019atte\u0301nuer, les effets des crises combine\u0301s de l\u2019inse\u0301curite\u0301 et de sanctions\u2019\u2019.<\/p>\n<p>La Ministre Agaicha Atta a par la me\u0302me occasion informe\u0301 de la tenue le samedi, 24 fe\u0301vrier prochain, de la 5e\u0300me e\u0301dition du Festival des civilisations du fleuve Alzanaye\u0301 a\u0300 Boubon.<\/p>\n<p>Mme Guichen Agaicha Atta a remercie\u0301 l\u2019assistance pour \u2018\u2019l\u2019accueil qui leur a e\u0301te\u0301 re\u0301serve\u0301, elle et sa de\u0301le\u0301gation\u2019\u2019 et a de\u0301clare\u0301 que, \u2018\u2019cette forte mobilisation est l\u2019expression de tout l\u2019inte\u0301re\u0302t que les professionnels du tourisme et de l\u2019artisanat portent a\u0300 ces deux (2) secteurs\u2019\u2019.<\/p>\n<p>\u2018\u2019Le jeu en vaut la chandelle, d\u2019autant plus que la re\u0301gion de Tillabe\u0301ri a e\u0301te\u0301 pendant longtemps un po\u0302le de de\u0301veloppement touristique et artisanal\u2019\u2019, a-t-elle soutenu citant \u2018\u2019le Parc W, les hippopotames d\u2019Ayorou, la poterie de Boubon entre autres, qui ont e\u0301te\u0301 les symboles forts des rayonnements touristiques et artisanales\u2019\u2019.<\/p>\n<p>\u2018\u2019Malheureusement, a-t-elle poursuivi, depuis plus d\u2019une de\u0301cennie ces deux (2) secteurs en particulier, celui du Tourisme, traversent d\u2019e\u0301normes difficulte\u0301s lie\u0301es principalement a\u0300 l\u2019inse\u0301curite\u0301, aggrave\u0301es par les sanctions injustement impose\u0301es a\u0300 notre pays suite aux e\u0301ve\u0300nements du 26 juillet 2023\u2019\u2019.<\/p>\n<p>\u2018\u2019Certes, il s\u2019agit d\u2019une e\u0301preuve douloureuse mais, notre pays le Niger tient de\u0301bout, il est important alors pour nous de traduire ce de\u0301fi en opportunite\u0301 de prospe\u0301rite\u0301 et le peuple vaillant en est capable\u2019\u2019, a ajoute\u0301 la Ministre de l\u2019Artisanat et du Tourisme.<\/p>\n<p>Elle a enfin, encourage\u0301 et exhorte\u0301 les professionnels dudit secteur a\u0300 continuer a\u0300 faire preuve de professionnalisme \u00bb.<\/p>\n<p>Le Gouverneur de la re\u0301gion de Tillabe\u0301ri, le Lieutenant-Colonel. Maina Boukar a auparavant, pris la parole pour souhaiter la bienvenue et un bon se\u0301jour a\u0300 la Ministre et sa de\u0301le\u0301gation dans la capitale du fleuve et a demande\u0301 \u00ab aux professionnels de saisir l\u2019occasion pour exposer leurs proble\u0300mes qui concernent le secteur a\u0300 la Ministre, surtout en e\u0301voquant ces proble\u0300mes avec beaucoup de lucidite\u0301 afin que des propositions raisonnables soient faites \u00bb.<\/p>\n<p>\u00ab Etant le plus grand proble\u0300me de la re\u0301gion de Tillabe\u0301ri, et ayant impacte\u0301 le tourisme, l\u2019inse\u0301curite\u0301 a\u0300 elle seule ne justifie pas le retard de la re\u0301gion\u2019\u2019, a notifie\u0301 le Gouverneur Maina Boukar qui a par la me\u0302me occasion, formule\u0301 le v\u0153u que la re\u0301gion soit accompagne\u0301e.<\/p>\n<p>La re\u0301gion de Tillabe\u0301ri regorge d\u2019e\u0301normes potentialite\u0301s touristiques et artisanales offrant aux visiteurs, presque toutes les formes de tourisme. Les principaux sites touristiques de la re\u0301gion sont entre autres, le Parc W, les girafes prote\u0301ge\u0301es de Koure\u0301, les sites religieux de Say, les dunes emble\u0301matiques de Namaro, la mare d\u2019Oslo a\u0300 Te\u0301ra etc, note-t-on.<\/p>\n<p>&nbsp;<\/p>\n<p><strong>Pour plus d&rsquo;informations et d&rsquo;analyses sur la <a href=\"https:\/\/www.africa-press.net\/niger\">Niger<\/a>, suivez <a href=\"https:\/\/www.africa-press.net\/\">Africa-Press<\/a><\/strong><\/p>\n","protected":false},"excerpt":{"rendered":"<p>Africa-Press &#8211; Niger. La Ministre de l\u2019Artisanat et du Tourisme, Mme Guichen Agaicha Atta a effectue\u0301 ce jeudi 15 fe\u0301vrier 2024, une visite de travail dans la re\u0301gion de Tillabe\u0301ri. Accompagne\u0301e du Gouverneur de la re\u0301gion de Tillabe\u0301ri, le Lieutenant-Colonel. Maina Boukar, des Secre\u0301taires ge\u0301ne\u0301raux de son ministe\u0300re et de la Re\u0301gion, les responsables des [&hellip;]<\/p>\n","protected":false},"author":82,"featured_media":58695,"comment_status":"open","ping_status":"closed","sticky":false,"template":"","format":"standard","meta":{"footnotes":""},"categories":[5,10],"tags":[55,60,29],"class_list":["post-58696","post","type-post","status-publish","format-standard","has-post-thumbnail","hentry","category-culture-et-art","category-toutes-les-actualites","tag-africa-press","tag-africa-press-niger","tag-niger"],"yoast_head":"<!-- This site is optimized with the Yoast SEO Premium plugin v26.1 (Yoast SEO v27.0) - https:\/\/yoast.com\/product\/yoast-seo-premium-wordpress\/ -->\n<title>La Ministre de l\u2019Artisanat et du Tourisme en visite de travail dans la r\u00e9gion de Tillab\u00e9ri - niger<\/title>\n<meta name=\"description\" content=\"La Ministre de l\u2019Artisanat et du Tourisme, Mme Guichen Agaicha Atta a effectue\u0301 ce jeudi 15 fe\u0301vrier 2024, une visite de ...\" \/>\n<meta name=\"robots\" content=\"index, follow, max-snippet:-1, max-image-preview:large, max-video-preview:-1\" \/>\n<link rel=\"canonical\" href=\"https:\/\/www.africa-press.net\/niger\/culture-et-art\/la-ministre-de-lartisanat-et-du-tourisme-en-visite-de-travail-dans-la-region-de-tillaberi\" \/>\n<meta property=\"og:locale\" content=\"fr_FR\" \/>\n<meta property=\"og:type\" content=\"article\" \/>\n<meta property=\"og:title\" content=\"La Ministre de l\u2019Artisanat et du Tourisme en visite de travail dans la r\u00e9gion de Tillab\u00e9ri\" \/>\n<meta property=\"og:description\" content=\"La Ministre de l\u2019Artisanat et du Tourisme, Mme Guichen Agaicha Atta a effectue\u0301 ce jeudi 15 fe\u0301vrier 2024, une visite de ...\" \/>\n<meta property=\"og:url\" content=\"https:\/\/www.africa-press.net\/niger\/culture-et-art\/la-ministre-de-lartisanat-et-du-tourisme-en-visite-de-travail-dans-la-region-de-tillaberi\" \/>\n<meta property=\"og:site_name\" content=\"niger\" \/>\n<meta property=\"article:published_time\" content=\"2024-02-16T17:19:09+00:00\" \/>\n<meta property=\"article:modified_time\" content=\"2024-02-16T19:14:10+00:00\" \/>\n<meta property=\"og:image\" content=\"https:\/\/static.africa-press.net\/niger\/sites\/40\/2024\/02\/sm_1708098109.354749.jpg\" \/>\n\t<meta property=\"og:image:width\" content=\"1080\" \/>\n\t<meta property=\"og:image:height\" content=\"607\" \/>\n\t<meta property=\"og:image:type\" content=\"image\/jpeg\" \/>\n<meta name=\"author\" content=\"cfeditorfr\" \/>\n<meta name=\"twitter:card\" content=\"summary_large_image\" \/>\n<meta name=\"twitter:label1\" content=\"\u00c9crit par\" \/>\n\t<meta name=\"twitter:data1\" content=\"cfeditorfr\" \/>\n\t<meta name=\"twitter:label2\" content=\"Dur\u00e9e de lecture estim\u00e9e\" \/>\n\t<meta name=\"twitter:data2\" content=\"4 minutes\" \/>\n<script type=\"application\/ld+json\" class=\"yoast-schema-graph\">{\"@context\":\"https:\/\/schema.org\",\"@graph\":[{\"@type\":\"Article\",\"@id\":\"https:\/\/www.africa-press.net\/niger\/culture-et-art\/la-ministre-de-lartisanat-et-du-tourisme-en-visite-de-travail-dans-la-region-de-tillaberi#article\",\"isPartOf\":{\"@id\":\"https:\/\/www.africa-press.net\/niger\/culture-et-art\/la-ministre-de-lartisanat-et-du-tourisme-en-visite-de-travail-dans-la-region-de-tillaberi\"},\"author\":{\"name\":\"cfeditorfr\",\"@id\":\"https:\/\/www.africa-press.net\/niger\/#\/schema\/person\/2b1cf3cd81a31e3cd26889ca66d677f1\"},\"headline\":\"La Ministre de l\u2019Artisanat et du Tourisme en visite de travail dans la r\u00e9gion de Tillab\u00e9ri\",\"datePublished\":\"2024-02-16T17:19:09+00:00\",\"dateModified\":\"2024-02-16T19:14:10+00:00\",\"mainEntityOfPage\":{\"@id\":\"https:\/\/www.africa-press.net\/niger\/culture-et-art\/la-ministre-de-lartisanat-et-du-tourisme-en-visite-de-travail-dans-la-region-de-tillaberi\"},\"wordCount\":780,\"commentCount\":0,\"image\":{\"@id\":\"https:\/\/www.africa-press.net\/niger\/culture-et-art\/la-ministre-de-lartisanat-et-du-tourisme-en-visite-de-travail-dans-la-region-de-tillaberi#primaryimage\"},\"thumbnailUrl\":\"https:\/\/static.africa-press.net\/niger\/sites\/40\/2024\/02\/sm_1708098109.354749.jpg\",\"keywords\":[\"Africa Press\",\"Africa Press-Niger\",\"Niger\"],\"articleSection\":[\"Culture et Art\",\"Toutes les actualit\u00e9s\"],\"inLanguage\":\"fr-FR\",\"potentialAction\":[{\"@type\":\"CommentAction\",\"name\":\"Comment\",\"target\":[\"https:\/\/www.africa-press.net\/niger\/culture-et-art\/la-ministre-de-lartisanat-et-du-tourisme-en-visite-de-travail-dans-la-region-de-tillaberi#respond\"]}]},{\"@type\":\"WebPage\",\"@id\":\"https:\/\/www.africa-press.net\/niger\/culture-et-art\/la-ministre-de-lartisanat-et-du-tourisme-en-visite-de-travail-dans-la-region-de-tillaberi\",\"url\":\"https:\/\/www.africa-press.net\/niger\/culture-et-art\/la-ministre-de-lartisanat-et-du-tourisme-en-visite-de-travail-dans-la-region-de-tillaberi\",\"name\":\"La Ministre de l\u2019Artisanat et du Tourisme en visite de travail dans la r\u00e9gion de Tillab\u00e9ri - niger\",\"isPartOf\":{\"@id\":\"https:\/\/www.africa-press.net\/niger\/#website\"},\"primaryImageOfPage\":{\"@id\":\"https:\/\/www.africa-press.net\/niger\/culture-et-art\/la-ministre-de-lartisanat-et-du-tourisme-en-visite-de-travail-dans-la-region-de-tillaberi#primaryimage\"},\"image\":{\"@id\":\"https:\/\/www.africa-press.net\/niger\/culture-et-art\/la-ministre-de-lartisanat-et-du-tourisme-en-visite-de-travail-dans-la-region-de-tillaberi#primaryimage\"},\"thumbnailUrl\":\"https:\/\/static.africa-press.net\/niger\/sites\/40\/2024\/02\/sm_1708098109.354749.jpg\",\"datePublished\":\"2024-02-16T17:19:09+00:00\",\"dateModified\":\"2024-02-16T19:14:10+00:00\",\"author\":{\"@id\":\"https:\/\/www.africa-press.net\/niger\/#\/schema\/person\/2b1cf3cd81a31e3cd26889ca66d677f1\"},\"description\":\"La Ministre de l\u2019Artisanat et du Tourisme, Mme Guichen Agaicha Atta a effectue\u0301 ce jeudi 15 fe\u0301vrier 2024, une visite de ...\",\"breadcrumb\":{\"@id\":\"https:\/\/www.africa-press.net\/niger\/culture-et-art\/la-ministre-de-lartisanat-et-du-tourisme-en-visite-de-travail-dans-la-region-de-tillaberi#breadcrumb\"},\"inLanguage\":\"fr-FR\",\"potentialAction\":[{\"@type\":\"ReadAction\",\"target\":[\"https:\/\/www.africa-press.net\/niger\/culture-et-art\/la-ministre-de-lartisanat-et-du-tourisme-en-visite-de-travail-dans-la-region-de-tillaberi\"]}]},{\"@type\":\"ImageObject\",\"inLanguage\":\"fr-FR\",\"@id\":\"https:\/\/www.africa-press.net\/niger\/culture-et-art\/la-ministre-de-lartisanat-et-du-tourisme-en-visite-de-travail-dans-la-region-de-tillaberi#primaryimage\",\"url\":\"https:\/\/static.africa-press.net\/niger\/sites\/40\/2024\/02\/sm_1708098109.354749.jpg\",\"contentUrl\":\"https:\/\/static.africa-press.net\/niger\/sites\/40\/2024\/02\/sm_1708098109.354749.jpg\",\"width\":1080,\"height\":607,\"caption\":\"La Ministre de l\u2019Artisanat et du Tourisme en visite de travail dans la r\u00e9gion de Tillab\u00e9ri\"},{\"@type\":\"BreadcrumbList\",\"@id\":\"https:\/\/www.africa-press.net\/niger\/culture-et-art\/la-ministre-de-lartisanat-et-du-tourisme-en-visite-de-travail-dans-la-region-de-tillaberi#breadcrumb\",\"itemListElement\":[{\"@type\":\"ListItem\",\"position\":1,\"name\":\"Accueil\",\"item\":\"https:\/\/www.africa-press.net\/niger\/\"},{\"@type\":\"ListItem\",\"position\":2,\"name\":\"La Ministre de l\u2019Artisanat et du Tourisme en visite de travail dans la r\u00e9gion de Tillab\u00e9ri\"}]},{\"@type\":\"WebSite\",\"@id\":\"https:\/\/www.africa-press.net\/niger\/#website\",\"url\":\"https:\/\/www.africa-press.net\/niger\/\",\"name\":\"niger\",\"description\":\"Just another Africa News Agency Sites site\",\"potentialAction\":[{\"@type\":\"SearchAction\",\"target\":{\"@type\":\"EntryPoint\",\"urlTemplate\":\"https:\/\/www.africa-press.net\/niger\/?s={search_term_string}\"},\"query-input\":{\"@type\":\"PropertyValueSpecification\",\"valueRequired\":true,\"valueName\":\"search_term_string\"}}],\"inLanguage\":\"fr-FR\"},{\"@type\":\"Person\",\"@id\":\"https:\/\/www.africa-press.net\/niger\/#\/schema\/person\/2b1cf3cd81a31e3cd26889ca66d677f1\",\"name\":\"cfeditorfr\"}]}<\/script>\n<!-- \/ Yoast SEO Premium plugin. -->","yoast_head_json":{"title":"La Ministre de l\u2019Artisanat et du Tourisme en visite de travail dans la r\u00e9gion de Tillab\u00e9ri - niger","description":"La Ministre de l\u2019Artisanat et du Tourisme, Mme Guichen Agaicha Atta a effectue\u0301 ce jeudi 15 fe\u0301vrier 2024, une visite de ...","robots":{"index":"index","follow":"follow","max-snippet":"max-snippet:-1","max-image-preview":"max-image-preview:large","max-video-preview":"max-video-preview:-1"},"canonical":"https:\/\/www.africa-press.net\/niger\/culture-et-art\/la-ministre-de-lartisanat-et-du-tourisme-en-visite-de-travail-dans-la-region-de-tillaberi","og_locale":"fr_FR","og_type":"article","og_title":"La Ministre de l\u2019Artisanat et du Tourisme en visite de travail dans la r\u00e9gion de Tillab\u00e9ri","og_description":"La Ministre de l\u2019Artisanat et du Tourisme, Mme Guichen Agaicha Atta a effectue\u0301 ce jeudi 15 fe\u0301vrier 2024, une visite de ...","og_url":"https:\/\/www.africa-press.net\/niger\/culture-et-art\/la-ministre-de-lartisanat-et-du-tourisme-en-visite-de-travail-dans-la-region-de-tillaberi","og_site_name":"niger","article_published_time":"2024-02-16T17:19:09+00:00","article_modified_time":"2024-02-16T19:14:10+00:00","og_image":[{"width":1080,"height":607,"url":"https:\/\/static.africa-press.net\/niger\/sites\/40\/2024\/02\/sm_1708098109.354749.jpg","type":"image\/jpeg"}],"author":"cfeditorfr","twitter_card":"summary_large_image","twitter_misc":{"\u00c9crit par":"cfeditorfr","Dur\u00e9e de lecture estim\u00e9e":"4 minutes"},"schema":{"@context":"https:\/\/schema.org","@graph":[{"@type":"Article","@id":"https:\/\/www.africa-press.net\/niger\/culture-et-art\/la-ministre-de-lartisanat-et-du-tourisme-en-visite-de-travail-dans-la-region-de-tillaberi#article","isPartOf":{"@id":"https:\/\/www.africa-press.net\/niger\/culture-et-art\/la-ministre-de-lartisanat-et-du-tourisme-en-visite-de-travail-dans-la-region-de-tillaberi"},"author":{"name":"cfeditorfr","@id":"https:\/\/www.africa-press.net\/niger\/#\/schema\/person\/2b1cf3cd81a31e3cd26889ca66d677f1"},"headline":"La Ministre de l\u2019Artisanat et du Tourisme en visite de travail dans la r\u00e9gion de Tillab\u00e9ri","datePublished":"2024-02-16T17:19:09+00:00","dateModified":"2024-02-16T19:14:10+00:00","mainEntityOfPage":{"@id":"https:\/\/www.africa-press.net\/niger\/culture-et-art\/la-ministre-de-lartisanat-et-du-tourisme-en-visite-de-travail-dans-la-region-de-tillaberi"},"wordCount":780,"commentCount":0,"image":{"@id":"https:\/\/www.africa-press.net\/niger\/culture-et-art\/la-ministre-de-lartisanat-et-du-tourisme-en-visite-de-travail-dans-la-region-de-tillaberi#primaryimage"},"thumbnailUrl":"https:\/\/static.africa-press.net\/niger\/sites\/40\/2024\/02\/sm_1708098109.354749.jpg","keywords":["Africa Press","Africa Press-Niger","Niger"],"articleSection":["Culture et Art","Toutes les actualit\u00e9s"],"inLanguage":"fr-FR","potentialAction":[{"@type":"CommentAction","name":"Comment","target":["https:\/\/www.africa-press.net\/niger\/culture-et-art\/la-ministre-de-lartisanat-et-du-tourisme-en-visite-de-travail-dans-la-region-de-tillaberi#respond"]}]},{"@type":"WebPage","@id":"https:\/\/www.africa-press.net\/niger\/culture-et-art\/la-ministre-de-lartisanat-et-du-tourisme-en-visite-de-travail-dans-la-region-de-tillaberi","url":"https:\/\/www.africa-press.net\/niger\/culture-et-art\/la-ministre-de-lartisanat-et-du-tourisme-en-visite-de-travail-dans-la-region-de-tillaberi","name":"La Ministre de l\u2019Artisanat et du Tourisme en visite de travail dans la r\u00e9gion de Tillab\u00e9ri - niger","isPartOf":{"@id":"https:\/\/www.africa-press.net\/niger\/#website"},"primaryImageOfPage":{"@id":"https:\/\/www.africa-press.net\/niger\/culture-et-art\/la-ministre-de-lartisanat-et-du-tourisme-en-visite-de-travail-dans-la-region-de-tillaberi#primaryimage"},"image":{"@id":"https:\/\/www.africa-press.net\/niger\/culture-et-art\/la-ministre-de-lartisanat-et-du-tourisme-en-visite-de-travail-dans-la-region-de-tillaberi#primaryimage"},"thumbnailUrl":"https:\/\/static.africa-press.net\/niger\/sites\/40\/2024\/02\/sm_1708098109.354749.jpg","datePublished":"2024-02-16T17:19:09+00:00","dateModified":"2024-02-16T19:14:10+00:00","author":{"@id":"https:\/\/www.africa-press.net\/niger\/#\/schema\/person\/2b1cf3cd81a31e3cd26889ca66d677f1"},"description":"La Ministre de l\u2019Artisanat et du Tourisme, Mme Guichen Agaicha Atta a effectue\u0301 ce jeudi 15 fe\u0301vrier 2024, une visite de ...","breadcrumb":{"@id":"https:\/\/www.africa-press.net\/niger\/culture-et-art\/la-ministre-de-lartisanat-et-du-tourisme-en-visite-de-travail-dans-la-region-de-tillaberi#breadcrumb"},"inLanguage":"fr-FR","potentialAction":[{"@type":"ReadAction","target":["https:\/\/www.africa-press.net\/niger\/culture-et-art\/la-ministre-de-lartisanat-et-du-tourisme-en-visite-de-travail-dans-la-region-de-tillaberi"]}]},{"@type":"ImageObject","inLanguage":"fr-FR","@id":"https:\/\/www.africa-press.net\/niger\/culture-et-art\/la-ministre-de-lartisanat-et-du-tourisme-en-visite-de-travail-dans-la-region-de-tillaberi#primaryimage","url":"https:\/\/static.africa-press.net\/niger\/sites\/40\/2024\/02\/sm_1708098109.354749.jpg","contentUrl":"https:\/\/static.africa-press.net\/niger\/sites\/40\/2024\/02\/sm_1708098109.354749.jpg","width":1080,"height":607,"caption":"La Ministre de l\u2019Artisanat et du Tourisme en visite de travail dans la r\u00e9gion de Tillab\u00e9ri"},{"@type":"BreadcrumbList","@id":"https:\/\/www.africa-press.net\/niger\/culture-et-art\/la-ministre-de-lartisanat-et-du-tourisme-en-visite-de-travail-dans-la-region-de-tillaberi#breadcrumb","itemListElement":[{"@type":"ListItem","position":1,"name":"Accueil","item":"https:\/\/www.africa-press.net\/niger\/"},{"@type":"ListItem","position":2,"name":"La Ministre de l\u2019Artisanat et du Tourisme en visite de travail dans la r\u00e9gion de Tillab\u00e9ri"}]},{"@type":"WebSite","@id":"https:\/\/www.africa-press.net\/niger\/#website","url":"https:\/\/www.africa-press.net\/niger\/","name":"niger","description":"Just another Africa News Agency Sites site","potentialAction":[{"@type":"SearchAction","target":{"@type":"EntryPoint","urlTemplate":"https:\/\/www.africa-press.net\/niger\/?s={search_term_string}"},"query-input":{"@type":"PropertyValueSpecification","valueRequired":true,"valueName":"search_term_string"}}],"inLanguage":"fr-FR"},{"@type":"Person","@id":"https:\/\/www.africa-press.net\/niger\/#\/schema\/person\/2b1cf3cd81a31e3cd26889ca66d677f1","name":"cfeditorfr"}]}},"_links":{"self":[{"href":"https:\/\/www.africa-press.net\/niger\/wp-json\/wp\/v2\/posts\/58696","targetHints":{"allow":["GET"]}}],"collection":[{"href":"https:\/\/www.africa-press.net\/niger\/wp-json\/wp\/v2\/posts"}],"about":[{"href":"https:\/\/www.africa-press.net\/niger\/wp-json\/wp\/v2\/types\/post"}],"author":[{"embeddable":true,"href":"https:\/\/www.africa-press.net\/niger\/wp-json\/wp\/v2\/users\/82"}],"replies":[{"embeddable":true,"href":"https:\/\/www.africa-press.net\/niger\/wp-json\/wp\/v2\/comments?post=58696"}],"version-history":[{"count":0,"href":"https:\/\/www.africa-press.net\/niger\/wp-json\/wp\/v2\/posts\/58696\/revisions"}],"wp:featuredmedia":[{"embeddable":true,"href":"https:\/\/www.africa-press.net\/niger\/wp-json\/wp\/v2\/media\/58695"}],"wp:attachment":[{"href":"https:\/\/www.africa-press.net\/niger\/wp-json\/wp\/v2\/media?parent=58696"}],"wp:term":[{"taxonomy":"category","embeddable":true,"href":"https:\/\/www.africa-press.net\/niger\/wp-json\/wp\/v2\/categories?post=58696"},{"taxonomy":"post_tag","embeddable":true,"href":"https:\/\/www.africa-press.net\/niger\/wp-json\/wp\/v2\/tags?post=58696"}],"curies":[{"name":"wp","href":"https:\/\/api.w.org\/{rel}","templated":true}]}}