{"id":58698,"date":"2024-02-16T17:19:24","date_gmt":"2024-02-16T17:19:24","guid":{"rendered":"https:\/\/www.africa-press.net\/niger\/politique\/le-president-du-cnsp-recoit-une-delegation-de-la-communaute-arabe-de-diffa"},"modified":"2024-02-16T19:14:42","modified_gmt":"2024-02-16T19:14:42","slug":"le-president-du-cnsp-recoit-une-delegation-de-la-communaute-arabe-de-diffa","status":"publish","type":"post","link":"https:\/\/www.africa-press.net\/niger\/politique\/le-president-du-cnsp-recoit-une-delegation-de-la-communaute-arabe-de-diffa","title":{"rendered":"Le Pr\u00e9sident du CNSP re\u00e7oit une d\u00e9l\u00e9gation de la Communaut\u00e9 Arabe de Diffa"},"content":{"rendered":"<p><span style=\"color: #ff6600\"><strong>Africa-Press &#8211; Niger. <\/strong><\/span>Le Pre\u0301sident du Conseil National pour la Sauvegarde de la Patrie (CNSP), Chef de l\u2019Etat, le Ge\u0301ne\u0301ral de Brigade Abdourahamane Tiani a rec\u0327u, ce vendredi 16 Fe\u0301vrier, une de\u0301le\u0301gation de la Communaute\u0301 Arabe de Diffa, conduite par son pre\u0301sident Issa Alkali.<\/p>\n<p>A l\u2019issue de l\u2019entretien avec le Chef de l\u2019Etat, M. Issa Alkali a de\u0301clare\u0301 a\u0300 la presse qu\u2019ils sont venus apporter leur soutien au CNSP et au Gouvernement de Transition, saluant particulie\u0300rement le de\u0301part des militaires franc\u0327ais voulu et de\u0301cide\u0301 par les Autorite\u0301s actuelles du Niger.<\/p>\n<p>A ce sujet, M. Issa Alkali a ne\u0301anmoins de\u0301plore\u0301 la pre\u0301sence de plus en plus confirme\u0301e des militaires franc\u0327ais a\u0300 la frontie\u0300re nige\u0301rienne avec le Tchad qui, selon lui, peut constituer une menace pour les communaute\u0301s locales.<\/p>\n<p>M. Issa Alkali s\u2019est aussi inquie\u0301te\u0301 des mouvements des terroristes favorise\u0301s par la situation en Libye et qui pouvaient e\u0301galement impacter ne\u0301gativement sur la se\u0301curite\u0301 dans la zone.<\/p>\n<p>En effet, note-t-on, une forte communaute\u0301 arabe et toubou, particulie\u0300rement pastorale, vit au nord-est de la Re\u0301gion de Diffa, a\u0300 la frontie\u0300re avec le Tchad. Cette Re\u0301gion de Diffa, rappelle-t-on en outre, a e\u0301te\u0301 la cible, il y a quelques anne\u0301es, des attaques terroristes de Boko Haram dans sa partie sud-Est.<\/p>\n<p><strong>Pour plus d&rsquo;informations et d&rsquo;analyses sur la <a href=\"https:\/\/www.africa-press.net\/niger\">Niger<\/a>, suivez <a href=\"https:\/\/www.africa-press.net\/\">Africa-Press<\/a><\/strong><\/p>\n","protected":false},"excerpt":{"rendered":"<p>Africa-Press &#8211; Niger. Le Pre\u0301sident du Conseil National pour la Sauvegarde de la Patrie (CNSP), Chef de l\u2019Etat, le Ge\u0301ne\u0301ral de Brigade Abdourahamane Tiani a rec\u0327u, ce vendredi 16 Fe\u0301vrier, une de\u0301le\u0301gation de la Communaute\u0301 Arabe de Diffa, conduite par son pre\u0301sident Issa Alkali. A l\u2019issue de l\u2019entretien avec le Chef de l\u2019Etat, M. Issa [&hellip;]<\/p>\n","protected":false},"author":82,"featured_media":58697,"comment_status":"open","ping_status":"closed","sticky":false,"template":"","format":"standard","meta":{"footnotes":""},"categories":[2,10],"tags":[55,60,29],"class_list":["post-58698","post","type-post","status-publish","format-standard","has-post-thumbnail","hentry","category-politique","category-toutes-les-actualites","tag-africa-press","tag-africa-press-niger","tag-niger"],"yoast_head":"<!-- This site is optimized with the Yoast SEO Premium plugin v26.1 (Yoast SEO v27.0) - https:\/\/yoast.com\/product\/yoast-seo-premium-wordpress\/ -->\n<title>Le Pr\u00e9sident du CNSP re\u00e7oit une d\u00e9l\u00e9gation de la Communaut\u00e9 Arabe de Diffa - niger<\/title>\n<meta name=\"description\" content=\"Le Pre\u0301sident du Conseil National pour la Sauvegarde de la Patrie (CNSP), Chef de l\u2019Etat, le Ge\u0301ne\u0301ral de Brigade Abdour ...\" \/>\n<meta name=\"robots\" content=\"index, follow, max-snippet:-1, max-image-preview:large, max-video-preview:-1\" \/>\n<link rel=\"canonical\" href=\"https:\/\/www.africa-press.net\/niger\/politique\/le-president-du-cnsp-recoit-une-delegation-de-la-communaute-arabe-de-diffa\" \/>\n<meta property=\"og:locale\" content=\"fr_FR\" \/>\n<meta property=\"og:type\" content=\"article\" \/>\n<meta property=\"og:title\" content=\"Le Pr\u00e9sident du CNSP re\u00e7oit une d\u00e9l\u00e9gation de la Communaut\u00e9 Arabe de Diffa\" \/>\n<meta property=\"og:description\" content=\"Le Pre\u0301sident du Conseil National pour la Sauvegarde de la Patrie (CNSP), Chef de l\u2019Etat, le Ge\u0301ne\u0301ral de Brigade Abdour ...\" \/>\n<meta property=\"og:url\" content=\"https:\/\/www.africa-press.net\/niger\/politique\/le-president-du-cnsp-recoit-une-delegation-de-la-communaute-arabe-de-diffa\" \/>\n<meta property=\"og:site_name\" content=\"niger\" \/>\n<meta property=\"article:published_time\" content=\"2024-02-16T17:19:24+00:00\" \/>\n<meta property=\"article:modified_time\" content=\"2024-02-16T19:14:42+00:00\" \/>\n<meta property=\"og:image\" content=\"https:\/\/static.africa-press.net\/niger\/sites\/40\/2024\/02\/sm_1708098141.104855.jpg\" \/>\n\t<meta property=\"og:image:width\" content=\"1728\" \/>\n\t<meta property=\"og:image:height\" content=\"1152\" \/>\n\t<meta property=\"og:image:type\" content=\"image\/jpeg\" \/>\n<meta name=\"author\" content=\"cfeditorfr\" \/>\n<meta name=\"twitter:card\" content=\"summary_large_image\" \/>\n<meta name=\"twitter:label1\" content=\"\u00c9crit par\" \/>\n\t<meta name=\"twitter:data1\" content=\"cfeditorfr\" \/>\n\t<meta name=\"twitter:label2\" content=\"Dur\u00e9e de lecture estim\u00e9e\" \/>\n\t<meta name=\"twitter:data2\" content=\"2 minutes\" \/>\n<script type=\"application\/ld+json\" class=\"yoast-schema-graph\">{\"@context\":\"https:\/\/schema.org\",\"@graph\":[{\"@type\":\"Article\",\"@id\":\"https:\/\/www.africa-press.net\/niger\/politique\/le-president-du-cnsp-recoit-une-delegation-de-la-communaute-arabe-de-diffa#article\",\"isPartOf\":{\"@id\":\"https:\/\/www.africa-press.net\/niger\/politique\/le-president-du-cnsp-recoit-une-delegation-de-la-communaute-arabe-de-diffa\"},\"author\":{\"name\":\"cfeditorfr\",\"@id\":\"https:\/\/www.africa-press.net\/niger\/#\/schema\/person\/2b1cf3cd81a31e3cd26889ca66d677f1\"},\"headline\":\"Le Pr\u00e9sident du CNSP re\u00e7oit une d\u00e9l\u00e9gation de la Communaut\u00e9 Arabe de Diffa\",\"datePublished\":\"2024-02-16T17:19:24+00:00\",\"dateModified\":\"2024-02-16T19:14:42+00:00\",\"mainEntityOfPage\":{\"@id\":\"https:\/\/www.africa-press.net\/niger\/politique\/le-president-du-cnsp-recoit-une-delegation-de-la-communaute-arabe-de-diffa\"},\"wordCount\":273,\"commentCount\":0,\"image\":{\"@id\":\"https:\/\/www.africa-press.net\/niger\/politique\/le-president-du-cnsp-recoit-une-delegation-de-la-communaute-arabe-de-diffa#primaryimage\"},\"thumbnailUrl\":\"https:\/\/static.africa-press.net\/niger\/sites\/40\/2024\/02\/sm_1708098141.104855.jpg\",\"keywords\":[\"Africa Press\",\"Africa Press-Niger\",\"Niger\"],\"articleSection\":[\"Politique\",\"Toutes les actualit\u00e9s\"],\"inLanguage\":\"fr-FR\",\"potentialAction\":[{\"@type\":\"CommentAction\",\"name\":\"Comment\",\"target\":[\"https:\/\/www.africa-press.net\/niger\/politique\/le-president-du-cnsp-recoit-une-delegation-de-la-communaute-arabe-de-diffa#respond\"]}]},{\"@type\":\"WebPage\",\"@id\":\"https:\/\/www.africa-press.net\/niger\/politique\/le-president-du-cnsp-recoit-une-delegation-de-la-communaute-arabe-de-diffa\",\"url\":\"https:\/\/www.africa-press.net\/niger\/politique\/le-president-du-cnsp-recoit-une-delegation-de-la-communaute-arabe-de-diffa\",\"name\":\"Le Pr\u00e9sident du CNSP re\u00e7oit une d\u00e9l\u00e9gation de la Communaut\u00e9 Arabe de Diffa - niger\",\"isPartOf\":{\"@id\":\"https:\/\/www.africa-press.net\/niger\/#website\"},\"primaryImageOfPage\":{\"@id\":\"https:\/\/www.africa-press.net\/niger\/politique\/le-president-du-cnsp-recoit-une-delegation-de-la-communaute-arabe-de-diffa#primaryimage\"},\"image\":{\"@id\":\"https:\/\/www.africa-press.net\/niger\/politique\/le-president-du-cnsp-recoit-une-delegation-de-la-communaute-arabe-de-diffa#primaryimage\"},\"thumbnailUrl\":\"https:\/\/static.africa-press.net\/niger\/sites\/40\/2024\/02\/sm_1708098141.104855.jpg\",\"datePublished\":\"2024-02-16T17:19:24+00:00\",\"dateModified\":\"2024-02-16T19:14:42+00:00\",\"author\":{\"@id\":\"https:\/\/www.africa-press.net\/niger\/#\/schema\/person\/2b1cf3cd81a31e3cd26889ca66d677f1\"},\"description\":\"Le Pre\u0301sident du Conseil National pour la Sauvegarde de la Patrie (CNSP), Chef de l\u2019Etat, le Ge\u0301ne\u0301ral de Brigade Abdour ...\",\"breadcrumb\":{\"@id\":\"https:\/\/www.africa-press.net\/niger\/politique\/le-president-du-cnsp-recoit-une-delegation-de-la-communaute-arabe-de-diffa#breadcrumb\"},\"inLanguage\":\"fr-FR\",\"potentialAction\":[{\"@type\":\"ReadAction\",\"target\":[\"https:\/\/www.africa-press.net\/niger\/politique\/le-president-du-cnsp-recoit-une-delegation-de-la-communaute-arabe-de-diffa\"]}]},{\"@type\":\"ImageObject\",\"inLanguage\":\"fr-FR\",\"@id\":\"https:\/\/www.africa-press.net\/niger\/politique\/le-president-du-cnsp-recoit-une-delegation-de-la-communaute-arabe-de-diffa#primaryimage\",\"url\":\"https:\/\/static.africa-press.net\/niger\/sites\/40\/2024\/02\/sm_1708098141.104855.jpg\",\"contentUrl\":\"https:\/\/static.africa-press.net\/niger\/sites\/40\/2024\/02\/sm_1708098141.104855.jpg\",\"width\":1728,\"height\":1152,\"caption\":\"Le Pr\u00e9sident du CNSP re\u00e7oit une d\u00e9l\u00e9gation de la Communaut\u00e9 Arabe de Diffa\"},{\"@type\":\"BreadcrumbList\",\"@id\":\"https:\/\/www.africa-press.net\/niger\/politique\/le-president-du-cnsp-recoit-une-delegation-de-la-communaute-arabe-de-diffa#breadcrumb\",\"itemListElement\":[{\"@type\":\"ListItem\",\"position\":1,\"name\":\"Accueil\",\"item\":\"https:\/\/www.africa-press.net\/niger\/\"},{\"@type\":\"ListItem\",\"position\":2,\"name\":\"Le Pr\u00e9sident du CNSP re\u00e7oit une d\u00e9l\u00e9gation de la Communaut\u00e9 Arabe de Diffa\"}]},{\"@type\":\"WebSite\",\"@id\":\"https:\/\/www.africa-press.net\/niger\/#website\",\"url\":\"https:\/\/www.africa-press.net\/niger\/\",\"name\":\"niger\",\"description\":\"Just another Africa News Agency Sites site\",\"potentialAction\":[{\"@type\":\"SearchAction\",\"target\":{\"@type\":\"EntryPoint\",\"urlTemplate\":\"https:\/\/www.africa-press.net\/niger\/?s={search_term_string}\"},\"query-input\":{\"@type\":\"PropertyValueSpecification\",\"valueRequired\":true,\"valueName\":\"search_term_string\"}}],\"inLanguage\":\"fr-FR\"},{\"@type\":\"Person\",\"@id\":\"https:\/\/www.africa-press.net\/niger\/#\/schema\/person\/2b1cf3cd81a31e3cd26889ca66d677f1\",\"name\":\"cfeditorfr\"}]}<\/script>\n<!-- \/ Yoast SEO Premium plugin. -->","yoast_head_json":{"title":"Le Pr\u00e9sident du CNSP re\u00e7oit une d\u00e9l\u00e9gation de la Communaut\u00e9 Arabe de Diffa - niger","description":"Le Pre\u0301sident du Conseil National pour la Sauvegarde de la Patrie (CNSP), Chef de l\u2019Etat, le Ge\u0301ne\u0301ral de Brigade Abdour ...","robots":{"index":"index","follow":"follow","max-snippet":"max-snippet:-1","max-image-preview":"max-image-preview:large","max-video-preview":"max-video-preview:-1"},"canonical":"https:\/\/www.africa-press.net\/niger\/politique\/le-president-du-cnsp-recoit-une-delegation-de-la-communaute-arabe-de-diffa","og_locale":"fr_FR","og_type":"article","og_title":"Le Pr\u00e9sident du CNSP re\u00e7oit une d\u00e9l\u00e9gation de la Communaut\u00e9 Arabe de Diffa","og_description":"Le Pre\u0301sident du Conseil National pour la Sauvegarde de la Patrie (CNSP), Chef de l\u2019Etat, le Ge\u0301ne\u0301ral de Brigade Abdour ...","og_url":"https:\/\/www.africa-press.net\/niger\/politique\/le-president-du-cnsp-recoit-une-delegation-de-la-communaute-arabe-de-diffa","og_site_name":"niger","article_published_time":"2024-02-16T17:19:24+00:00","article_modified_time":"2024-02-16T19:14:42+00:00","og_image":[{"width":1728,"height":1152,"url":"https:\/\/static.africa-press.net\/niger\/sites\/40\/2024\/02\/sm_1708098141.104855.jpg","type":"image\/jpeg"}],"author":"cfeditorfr","twitter_card":"summary_large_image","twitter_misc":{"\u00c9crit par":"cfeditorfr","Dur\u00e9e de lecture estim\u00e9e":"2 minutes"},"schema":{"@context":"https:\/\/schema.org","@graph":[{"@type":"Article","@id":"https:\/\/www.africa-press.net\/niger\/politique\/le-president-du-cnsp-recoit-une-delegation-de-la-communaute-arabe-de-diffa#article","isPartOf":{"@id":"https:\/\/www.africa-press.net\/niger\/politique\/le-president-du-cnsp-recoit-une-delegation-de-la-communaute-arabe-de-diffa"},"author":{"name":"cfeditorfr","@id":"https:\/\/www.africa-press.net\/niger\/#\/schema\/person\/2b1cf3cd81a31e3cd26889ca66d677f1"},"headline":"Le Pr\u00e9sident du CNSP re\u00e7oit une d\u00e9l\u00e9gation de la Communaut\u00e9 Arabe de Diffa","datePublished":"2024-02-16T17:19:24+00:00","dateModified":"2024-02-16T19:14:42+00:00","mainEntityOfPage":{"@id":"https:\/\/www.africa-press.net\/niger\/politique\/le-president-du-cnsp-recoit-une-delegation-de-la-communaute-arabe-de-diffa"},"wordCount":273,"commentCount":0,"image":{"@id":"https:\/\/www.africa-press.net\/niger\/politique\/le-president-du-cnsp-recoit-une-delegation-de-la-communaute-arabe-de-diffa#primaryimage"},"thumbnailUrl":"https:\/\/static.africa-press.net\/niger\/sites\/40\/2024\/02\/sm_1708098141.104855.jpg","keywords":["Africa Press","Africa Press-Niger","Niger"],"articleSection":["Politique","Toutes les actualit\u00e9s"],"inLanguage":"fr-FR","potentialAction":[{"@type":"CommentAction","name":"Comment","target":["https:\/\/www.africa-press.net\/niger\/politique\/le-president-du-cnsp-recoit-une-delegation-de-la-communaute-arabe-de-diffa#respond"]}]},{"@type":"WebPage","@id":"https:\/\/www.africa-press.net\/niger\/politique\/le-president-du-cnsp-recoit-une-delegation-de-la-communaute-arabe-de-diffa","url":"https:\/\/www.africa-press.net\/niger\/politique\/le-president-du-cnsp-recoit-une-delegation-de-la-communaute-arabe-de-diffa","name":"Le Pr\u00e9sident du CNSP re\u00e7oit une d\u00e9l\u00e9gation de la Communaut\u00e9 Arabe de Diffa - niger","isPartOf":{"@id":"https:\/\/www.africa-press.net\/niger\/#website"},"primaryImageOfPage":{"@id":"https:\/\/www.africa-press.net\/niger\/politique\/le-president-du-cnsp-recoit-une-delegation-de-la-communaute-arabe-de-diffa#primaryimage"},"image":{"@id":"https:\/\/www.africa-press.net\/niger\/politique\/le-president-du-cnsp-recoit-une-delegation-de-la-communaute-arabe-de-diffa#primaryimage"},"thumbnailUrl":"https:\/\/static.africa-press.net\/niger\/sites\/40\/2024\/02\/sm_1708098141.104855.jpg","datePublished":"2024-02-16T17:19:24+00:00","dateModified":"2024-02-16T19:14:42+00:00","author":{"@id":"https:\/\/www.africa-press.net\/niger\/#\/schema\/person\/2b1cf3cd81a31e3cd26889ca66d677f1"},"description":"Le Pre\u0301sident du Conseil National pour la Sauvegarde de la Patrie (CNSP), Chef de l\u2019Etat, le Ge\u0301ne\u0301ral de Brigade Abdour ...","breadcrumb":{"@id":"https:\/\/www.africa-press.net\/niger\/politique\/le-president-du-cnsp-recoit-une-delegation-de-la-communaute-arabe-de-diffa#breadcrumb"},"inLanguage":"fr-FR","potentialAction":[{"@type":"ReadAction","target":["https:\/\/www.africa-press.net\/niger\/politique\/le-president-du-cnsp-recoit-une-delegation-de-la-communaute-arabe-de-diffa"]}]},{"@type":"ImageObject","inLanguage":"fr-FR","@id":"https:\/\/www.africa-press.net\/niger\/politique\/le-president-du-cnsp-recoit-une-delegation-de-la-communaute-arabe-de-diffa#primaryimage","url":"https:\/\/static.africa-press.net\/niger\/sites\/40\/2024\/02\/sm_1708098141.104855.jpg","contentUrl":"https:\/\/static.africa-press.net\/niger\/sites\/40\/2024\/02\/sm_1708098141.104855.jpg","width":1728,"height":1152,"caption":"Le Pr\u00e9sident du CNSP re\u00e7oit une d\u00e9l\u00e9gation de la Communaut\u00e9 Arabe de Diffa"},{"@type":"BreadcrumbList","@id":"https:\/\/www.africa-press.net\/niger\/politique\/le-president-du-cnsp-recoit-une-delegation-de-la-communaute-arabe-de-diffa#breadcrumb","itemListElement":[{"@type":"ListItem","position":1,"name":"Accueil","item":"https:\/\/www.africa-press.net\/niger\/"},{"@type":"ListItem","position":2,"name":"Le Pr\u00e9sident du CNSP re\u00e7oit une d\u00e9l\u00e9gation de la Communaut\u00e9 Arabe de Diffa"}]},{"@type":"WebSite","@id":"https:\/\/www.africa-press.net\/niger\/#website","url":"https:\/\/www.africa-press.net\/niger\/","name":"niger","description":"Just another Africa News Agency Sites site","potentialAction":[{"@type":"SearchAction","target":{"@type":"EntryPoint","urlTemplate":"https:\/\/www.africa-press.net\/niger\/?s={search_term_string}"},"query-input":{"@type":"PropertyValueSpecification","valueRequired":true,"valueName":"search_term_string"}}],"inLanguage":"fr-FR"},{"@type":"Person","@id":"https:\/\/www.africa-press.net\/niger\/#\/schema\/person\/2b1cf3cd81a31e3cd26889ca66d677f1","name":"cfeditorfr"}]}},"_links":{"self":[{"href":"https:\/\/www.africa-press.net\/niger\/wp-json\/wp\/v2\/posts\/58698","targetHints":{"allow":["GET"]}}],"collection":[{"href":"https:\/\/www.africa-press.net\/niger\/wp-json\/wp\/v2\/posts"}],"about":[{"href":"https:\/\/www.africa-press.net\/niger\/wp-json\/wp\/v2\/types\/post"}],"author":[{"embeddable":true,"href":"https:\/\/www.africa-press.net\/niger\/wp-json\/wp\/v2\/users\/82"}],"replies":[{"embeddable":true,"href":"https:\/\/www.africa-press.net\/niger\/wp-json\/wp\/v2\/comments?post=58698"}],"version-history":[{"count":0,"href":"https:\/\/www.africa-press.net\/niger\/wp-json\/wp\/v2\/posts\/58698\/revisions"}],"wp:featuredmedia":[{"embeddable":true,"href":"https:\/\/www.africa-press.net\/niger\/wp-json\/wp\/v2\/media\/58697"}],"wp:attachment":[{"href":"https:\/\/www.africa-press.net\/niger\/wp-json\/wp\/v2\/media?parent=58698"}],"wp:term":[{"taxonomy":"category","embeddable":true,"href":"https:\/\/www.africa-press.net\/niger\/wp-json\/wp\/v2\/categories?post=58698"},{"taxonomy":"post_tag","embeddable":true,"href":"https:\/\/www.africa-press.net\/niger\/wp-json\/wp\/v2\/tags?post=58698"}],"curies":[{"name":"wp","href":"https:\/\/api.w.org\/{rel}","templated":true}]}}