{"id":58709,"date":"2024-02-16T18:38:40","date_gmt":"2024-02-16T18:38:40","guid":{"rendered":"https:\/\/www.africa-press.net\/niger\/politique\/interview-exclusive-du-chef-de-letat-le-general-a-tiani-nous-ne-sommes-pas-la-pour-trahir-les-aspirations-dun-peuple-qui-nous-a-fait-confiance"},"modified":"2024-02-16T19:16:36","modified_gmt":"2024-02-16T19:16:36","slug":"interview-exclusive-du-chef-de-letat-le-general-a-tiani-nous-ne-sommes-pas-la-pour-trahir-les-aspirations-dun-peuple-qui-nous-a-fait-confiance","status":"publish","type":"post","link":"https:\/\/www.africa-press.net\/niger\/politique\/interview-exclusive-du-chef-de-letat-le-general-a-tiani-nous-ne-sommes-pas-la-pour-trahir-les-aspirations-dun-peuple-qui-nous-a-fait-confiance","title":{"rendered":"Interview exclusive du Chef de l\u2019Etat, le G\u00e9n\u00e9ral A. Tiani : \u00ab Nous ne sommes pas l\u00e0 pour trahir les aspirations d\u2019un peuple qui nous a fait confiance \u00bb"},"content":{"rendered":"<p><span style=\"color: #ff6600\"><strong>Africa-Press &#8211; Niger. <\/strong><\/span>Le Pre\u0301sident du Conseil National pour la Sauvegarde de la Patrie (CNSP), le ge\u0301ne\u0301ral de brigade Abdourahame Tiani a accorde\u0301 un entretien exclusif a\u0300 la Radio Te\u0301le\u0301vision du Niger (RTN) qui a e\u0301te\u0301 diffuse\u0301 le dimanche 11 fe\u0301vrier 2023. Dans cet entretien re\u0301alise\u0301 par le journaliste et conseiller spe\u0301cial en communication a\u0300 la Pre\u0301sidence, Abdoulaye Tie\u0301omogo, le Chef de l\u2019Etat est revenu sur plusieurs dossiers brulants de l\u2019actualite\u0301 nationale notamment la de\u0301cision du retrait des pays de l\u2019Alliance des Etats du Sahel (AES) de la CEDEAO, l\u2019Affaire des 1400 kilos d\u2019or intercepte\u0301 en Ethiopie en provenance du Niger ainsi que d\u2019autres sujets connexes comme la sortie de l\u2019UEMOA ou la fin du franc CFA. En inte\u0301gralite\u0301, le contenu de l\u2019interview du Pre\u0301sident du CNSP avec le script re\u0301alise\u0301 par nos confre\u0300res de l\u2019ONEP.<\/p>\n<p>Monsieur le pre\u0301sident, le Burkina Faso, le Mali et le Niger ont pris, le 28 janvier 2024, la de\u0301cision historique de quitter la CEDEAO. Comment en sommes-nous arrive\u0301s a\u0300 cette rupture avec notre de\u0301sormais ancienne communaute\u0301 ?<\/p>\n<p>Merci de l\u2019opportunite\u0301, une fois de plus, de nous adresser au peuple non seulement nige\u0301rien, mais e\u0301galement au peuple de l\u2019Alliance des Etats du Sahel et aux Africains de fac\u0327on ge\u0301ne\u0301rale. Je profiterai de cette interview pour avoir une pense\u0301e pieuse envers nos martyrs. Les martyrs du terrorisme, le terrorisme qui n\u2019est pas seulement celui que nous connaissons avec des armes sur le terrain, qui tue des militaires comme des civils, mais le terrorisme des organisations e\u0301galement et des Etats e\u0301trangers. Nous avons une pense\u0301e pieuse pour ces martyrs, qu\u2019ils soient civils ou militaires. Les martyrs du Niger, les martyrs de l\u2019Alliance des Etats du Sahel. Qu\u2019Allah SWT les accueille dans son paradis \u2018\u2019Firdaws\u2019\u2019 et qu\u2019il leur accorde sa \u2018\u2019Rahama\u2019\u2019.<\/p>\n<p>Pour re\u0301pondre a\u0300 votre question, il est important de rappeler, car comme dit le Coran, le rappel sauve l\u2019a\u0302me, c\u2019est quoi la CEDEAO ? Ou\u0300 c\u2019e\u0301tait quoi la CEDEAO ? Parce que pour nous, a\u0300 partir d\u2019une certaine date, la CEDEAO avait cesse\u0301 d\u2019exister malheureusement. C\u2019est peut-e\u0302tre la prise de conscience qui avait manque\u0301 pour faire face a\u0300 l\u2019e\u0301vidence et prendre les de\u0301cisions qui s\u2019imposaient. Nous avons quitte\u0301 la CEDEAO parce que la CEDEAO n\u2019e\u0301tait plus celle des pe\u0300res fondateurs. Je profiterai d\u2019abord pour faire un rappel historique. Cre\u0301e\u0301e le 28 mai 1975, la CEDEAO avait des objectifs purement e\u0301conomiques et pour la prospe\u0301rite\u0301 des peuples. Elle avait des principes fondamentaux dont je citerai quelques-uns, notamment l\u2019e\u0301galite\u0301 et l\u2019inde\u0301pendance des Etats membres, la solidarite\u0301 et l\u2019autosuffisance collective, la non-agression, les droits de l\u2019homme, entre autres. Cette organisation a e\u0301te\u0301 cre\u0301e\u0301e en 1975 avec comme pe\u0300res fondateurs le Niger, le Mali, le Burkina Faso, le Togo, le Benin, le Nigeria, entre autres. J\u2019ai fait expre\u0300s de finir par le Nige\u0301ria. Si vous voulez que je les cite, les Chefs d\u2019Etat a\u0300 l\u2019e\u0301poque, du Niger c\u2019e\u0301tait Seini Kountche\u0301, du Mali c\u2019e\u0301tait Moussa Traore\u0301, du Burkina Faso c\u2019e\u0301tait Aboubacar Sangoule\u0301 Lamizana, du Togo c\u2019e\u0301tait Gnassingbe\u0301 Eyade\u0301ma, du Be\u0301nin c\u2019e\u0301tait Mathieu Ke\u0301re\u0301kou et du Nige\u0301ria c\u2019e\u0301tait Yakubu Gowon. Le Nige\u0301ria sortait d\u2019une guerre civile de\u0301vastatrice qui avait fait plus de deux millions de morts, trois millions de re\u0301fugie\u0301s, cinq millions de de\u0301place\u0301s. Et c\u2019est dans ce contexte que, pour aider le Nige\u0301ria a\u0300 se relever, a\u0300 se re\u0301organiser, a\u0300 retrouver son unite\u0301 entre la re\u0301publique Biafraise et la re\u0301publique du Nigeria, ces fre\u0300res Chefs d\u2019E\u0301tat que j\u2019avais cite\u0301s tanto\u0302t ont eu l\u2019ide\u0301e de cre\u0301er la CEDEAO avec comme principes ce que je venais de citer et avec comme objectif e\u0301galement fondamental l\u2019e\u0301conomie et la prospe\u0301rite\u0301 des peuples. Les gens disent que le Nigeria e\u0301tait la locomotive. Le Nigeria n\u2019e\u0301tait pas la locomotive de la CEDEAO a\u0300 la cre\u0301ation, puisque je viens de vous faire un peu le point de ce qu\u2019e\u0301tait le Nigeria a\u0300 la sortie de la guerre civile, quatre ans apre\u0300s la fin de la guerre civile catastrophique. Et qui e\u0301tait derrie\u0300re cette guerre civile qui avait failli se\u0301parer le Nigeria en deux re\u0301publiques ? C\u2019e\u0301tait la France. Si les gens ont la me\u0301moire courte, au Niger nous n\u2019avons pas cette me\u0301moire courte. Il faut faire ce rappel, c\u2019est tre\u0300s important. La CEDEAO e\u0301tait pour les peuples a\u0300 but purement e\u0301conomique.<\/p>\n<p>Il faut faire e\u0301galement un rappel pour que les gens comprennent ce qui se passe. Le 9 novembre 1989 le mur de Berlin tombait, c\u2019e\u0301tait la fin, ou la fin suppose\u0301e, de la guerre froide entre les deux blocs que vous connaissez. Sept ou huit mois apre\u0300s la chute du mur de Berlin, rappelez-vous de la rencontre de la Baule, ce qu\u2019on a appele\u0301 le fameux discours de la Baule. C\u2019e\u0301tait du 19 au 21 juin 1990, ou\u0300 Mitterrand rappelait aux africains, 35 Chefs d\u2019Etat re\u0301unis, que ce n\u2019est plus le fameux slogan amitie\u0301-coope\u0301ration, c\u2019est de\u0301sormais la de\u0301mocratie qui est source de de\u0301veloppement pour vous les pays africains, qui est source de prospe\u0301rite\u0301. Mais, si Mitterrand avait fait cette annonce c\u2019est parce qu\u2019a\u0300 l\u2019e\u0301poque il avait cru avoir trouve\u0301 de nouveaux partenaires a\u0300 travers les pays de l\u2019Est libe\u0301re\u0301s ou suppose\u0301s e\u0302tre libe\u0301re\u0301s. Le discours de La Baule nous le connaissons, mais peut e\u0302tre beaucoup ne connaissent pas ce qui se cachait derrie\u0300re. Le discours de La Baule n\u2019avait nullement l\u2019objectif de faire le bonheur ou la prospe\u0301rite\u0301 des africains. Le discours de La Baule avait pour objectif inavoue\u0301 la balkanisation de nos maigres Etats. Il avait pour objectif de ressusciter les instincts que les suppose\u0301es dictatures ont su contenir, bon gre\u0301 malgre\u0301. Et c\u2019e\u0301tait l\u2019objectif, amener les Etats africains a\u0300 ce qu\u2019on avait appele\u0301 le multipartisme. Vous vous rappelez la succession de 1990 a\u0300 1991 des confe\u0301rences nationales qui avaient cours dans tous les Etats pratiquement francophones. Nous nous sommes retrouve\u0301s avec des pays a\u0300 moins de dix millions d\u2019habitants, mais avec plus de 200 partis politiques. C\u2019e\u0301tait l\u2019objectif inavoue\u0301, fragiliser nos Etats. Cet objectif, Dieu merci, n\u2019a pas e\u0301te\u0301 atteint. Les Etats, c\u2019est vrai, malgre\u0301 le multipartisme ont su garder un certain e\u0301quilibre mais dans la mise\u0300re et la paupe\u0301risation la plus totale. Nous e\u0301tions dans ce contexte, quand l\u2019objectif non atteint, rappelez-vous en 1994, tous les pays utilisateurs du francs CFA se sont retrouve\u0301s avec 100 % de de\u0301valuation. C\u2019est des e\u0301ve\u0301nements, des faits, qu\u2019il faut mettre en commun pour comprendre l\u2019e\u0301volution de ce que nous vivons aujourd\u2019hui.<\/p>\n<p>Pour revenir a\u0300 notre question, qu\u2019est ce qui a pu pousser nos 3 pays a\u0300 quitter la CEDEAO ?<\/p>\n<p>J\u2019ai pense\u0301 faire le rappel, pour remettre les choses dans leurs contextes. Pour revenir a\u0300 votre question, le 26 Juillet 2023 nous avons mis fin au re\u0301gime qui exe\u0301cutait a\u0300 la lettre les v\u0153ux du \u2018\u2018mai\u0302tre\u2019\u2019. Nous avons dit que nous avons suffisamment fait pour le maitre, il est tant que nous fassions pour le bien de nos peuples. La France, toujours a\u0300 son habitude, avait utilise\u0301 des pays africains, pre\u0301cise\u0301ment certains pays de la CEDEAO, pour initier une agression, une guerre pour soit disant re\u0301tablir Bazoum au pouvoir. Les conse\u0301quences de ces actions sont connues, c\u2019e\u0301tait le 30 Juillet, la rencontre d\u2019Abuja ou\u0300 il a e\u0301te\u0301 de\u0301cide\u0301, quatre jours apre\u0300s le coup d\u2019e\u0301tat, sans consultation aucune et contrairement aux re\u0300gles de la CEDEAO, il e\u0301tait question de mettre un embargo total au peuple nige\u0301rien. L\u2019embargo nous le connaissons, nous connaissons les conse\u0301quences non pas pour le peuple nige\u0301rien, mais pour l\u2019ensemble des peuples de la CEDEAO me\u0302me si les gens ne veulent pas reconnaitre cette e\u0301vidence. Nous avons passe\u0301 par toutes les phases pour que l\u2019embargo soit leve\u0301 pour renouer le dialogue qui devrait e\u0302tre la premie\u0300re e\u0301tape qui correspond a\u0300 l\u2019un des principes de la CEDEAO. Vous avez vu les va-et-vients des de\u0301le\u0301gations de la CEDEAO, des chefs traditionnels et de toutes les autres autorite\u0301s pour renouer le dialogue. Le sacrifice que nous avons consenti non seulement en terme de la dure\u0301e de la transition, en terme du chronogramme de la transition me\u0302me si certains l\u2019ignorent mais eux qui e\u0301taient venus vers nous au nom de la CEDEAO ou au nom de leurs propres pays ou a\u0300 leur propre initiative savaient le sacrifice que nous avons consenti pour que cette souffrance a\u0300 laquelle le peuple nige\u0301rien ou les peuples de l\u2019AES ont e\u0301te\u0301 soumis, soit leve\u0301e. Malheureusement, d\u2019une condition a\u0300 une autre ; au de\u0301but vous vous rappelez l\u2019exigence e\u0301tait de libe\u0301rer la famille de Bazoum comme si nous avons garde\u0301 la famille de Bazoum. Je l\u2019avais dit et je le re\u0301pe\u0300te aujourd\u2019hui, le 28 Juillet, deux jours apre\u0300s le coup d\u2019e\u0301tat, j\u2019avais ordonne\u0301 de libe\u0301rer la famille Bazoum. C\u2019est lui-me\u0302me qui a demande\u0301 que sa famille reste avec lui et je l\u2019ai dit lors de notre dernie\u0300re rencontre. Nous avons accepte\u0301 la dure\u0301e de la transition et vous vous rappelez le 8 de\u0301cembre, soit deux jours avant la rencontre du 10 de\u0301cembre a\u0300 Abuja, j\u2019e\u0301tais a\u0300 Lome\u0301 au Togo. Au cours de l\u2019entretien avec SE Faure, j\u2019avais dit que le Niger est dispose\u0301 a\u0300 toute dure\u0301e qu\u2019il juge e\u0302tre la dure\u0301e qui permettra de lever l\u2019embargo sur notre pays. Et vous vous rappelez qu\u2019avant cette rencontre, le Pre\u0301sident Macron e\u0301tait sorti, trois semaines avant, pour dire que l\u2019embargo contre le Niger ne sera pas leve\u0301 tant que Bazoum sera otage de la junte. Pour nous, de\u0300s lors que, et je l\u2019ai dit lors de notre entretien, le de\u0301 a e\u0301te\u0301 jete\u0301 parce que nous savons pertinemment que les Chefs d\u2019Etats de la CEDEAO n\u2019avaient pas la de\u0301cision. La de\u0301cision appartient toujours a\u0300 Paris. Et ceci, s\u2019est re\u0301ve\u0301le\u0301 exacte puisque a\u0300 l\u2019issue de la rencontre, c\u2019e\u0301tait la principale condition des Etats marionnettes de la CEDEAO. Libe\u0301rer Bazoum ou rien. Vous vous rappelez, le ministre des Affaires e\u0301trange\u0300res du Nigeria e\u0301tait parti a\u0300 Londres pour le dire sur les ondes de la BBC que s\u2019ils veulent qu\u2019on le\u0300ve l\u2019embargo, ils n\u2019ont qu\u2019a\u0300 libe\u0301rer Bazoum. Ils n\u2019ont pas d\u2019autres choix que de libe\u0301rer Bazoum. Mais, je rappelle que Yusuf Tugar ne de\u0301cide pas de la politique ou de la diplomatie du Niger. Il est ministre des affaires e\u0301tage\u0300res du Nige\u0301ria et non du Niger. Il n\u2019est pas e\u0301galement ministre des affaires e\u0301trange\u0300res de la CEDEAO et il ne peut, avec le sens de la modestie, de la courtoisie, de\u0301cider de ce qui doit e\u0302tre applique\u0301 au peuple nige\u0301rien.<\/p>\n<p>Pour re\u0301pondre exactement a\u0300 votre question, trois raisons nous ont amene\u0301 a\u0300 quitter la CEDEAO. La premie\u0300re raison est se\u0301curitaire. La CEDEAO a menace\u0301 le Niger d\u2019une agression militaire arme\u0301e. Nous ne pouvons pas permettre, nous ne pouvons pas porter sur notre conscience le poids des massacres des Nige\u0301riens. La deuxie\u0300me raison est morale\/e\u0301thique. Le peuple nige\u0301rien a e\u0301te\u0301 de\u0301pourvu de tout, les produits pharmaceutiques, le minimum vital, l\u2019e\u0301nergie e\u0301clectique. Saurions-nous continuer a\u0300 accepter que les Nige\u0301riens meurent parce que nous sommes dans une organisation qui ne correspond plus a\u0300 la re\u0301alite\u0301 depuis 1991 quand on avait introduit un chapitre le 6 juillet exactement, qu\u2019ils ont appele\u0301 la de\u0301claration des principes politiques, devons-nous permettre que des Nige\u0301riens continuent a\u0300 mourir pour permettre a\u0300 certains individus d\u2019assouvir leur volonte\u0301, leurs calculs ou leurs desseins politiques ? Non ! C\u2019est cette deuxie\u0300me raison e\u0301thique et morale qui nous a conduits a\u0300 ce que nous avons fait dans le cadre de l\u2019AES. La troisie\u0300me et dernie\u0300re raison est d\u2019ordre e\u0301conomique, puisque c\u2019e\u0301tait la volonte\u0301 des pe\u0300res fondateurs. Qu\u2019aurions-nous a\u0300 gagner dans une CEDEAO ou\u0300 nous sommes sous embargo total, un embargo e\u0301conomique qui est contraire a\u0300 l\u2019objectif initial de la CEDEAO, un embargo mone\u0301taire ou\u0300 nos de\u0301po\u0302ts a\u0300 la BCEAO sont confisque\u0301s en 2023 ? Pourrions-nous continuer a\u0300 rester dans cette organisation ? Nous avons de\u0301cide\u0301, et il est temps de sortir de cette organisation de laquelle les Etats auraient dus sortir de\u0300s 1991 au lendemain du discours de La Baule parce que c\u2019est a\u0300 partir de la\u0300 que la France avait pris le contro\u0302le de notre organisation et que cette dernie\u0300re ne re\u0301pondait plus a\u0300 l\u2019esprit initial ayant conduit a\u0300 sa cre\u0301ation, le 28 mai 1975. Voila\u0300 les trois raisons fondamentales qui nous ont conduits, les pays membres de l\u2019AES, le Niger, le Burkina-Faso et le Mali a\u0300 sortir de cette organisation pour tracer notre voix et tracer notre destin ensemble nos peuples et les africains et partenaires since\u0300res.<\/p>\n<p>Monsieur le Pre\u0301sident en quittant la CEDEAO nos pays ont certainement anticipe\u0301 les conse\u0301quences de cette de\u0301cision, conse\u0301quences en terme de libre circulation des biens et des personnes, en terme de se\u0301jour de nos compatriotes dans l\u2019espace CEDEAO, en terme politique et e\u0301conomique, que pouvons-nous retenir ?<\/p>\n<p>Je l\u2019ai dit, lorsque la CEDEAO a e\u0301te\u0301 cre\u0301e\u0301 le 28 mai 1975, nos Etats e\u0301taient-ils inde\u0301pendants ou non ? nos peuples existaient-ils ou avaient-ils commence\u0301 a\u0300 exister apre\u0300s 1975 ?<\/p>\n<p>En terme de circulation des personnes, rappelez-vous que la majorite\u0301 des Etats de la CEDEAO ont acquis leur inde\u0301pendance en 1960. Mais de 1960 a\u0300 1975, ces populations-la\u0300 cohabitaient 15ans de\u0301ja\u0300 avant la cre\u0301ation de la CEDEAO. Et avant la colonisation me\u0302me, les peuples africains vivaient ensemble. Pour prendre l\u2019exemple du Nigeria, de Bornou jusqu\u2019a\u0300 Kebi c\u2019e\u0301tait les me\u0302mes familles. Me\u0302me ceux qui sont du sud qui pensent e\u0302tre venus d\u203aailleurs e\u0301taient au Niger il y a plus de 2000 ans, il y a des traces. Donc ce sont des peuples qui ont toujours e\u0301volue\u0301 sans tenir compte des frontie\u0300res puisqu\u2019ils n\u2019y avaient pas de frontie\u0300res. Sachez qu\u2019avant la pe\u0301ne\u0301tration coloniale nous avons cesse\u0301 me\u0302me le mode de gestion des Etats sous forme de royaumes d\u2019abord, ensuite de regroupements pour constituer de grands empires. Nous e\u0301tions pour le cas du Niger particulie\u0300rement dans la gestion des Etats en tant que Sultanat. Rappelez-vous qu\u2019on parlait du sultanat de Bornou, du Sultanat de Katsina, du sultanat du Gobir et de l\u2019empire peuhl de Sokoto qui e\u0301tait un sultanat e\u0301galement puisque Ousmane Dan Fodio e\u0301tait une figure de la religion islamique. C\u2019est cela que les gens ignorent, nos peuples e\u0301taient brasse\u0301s. Prenez le nord Be\u0301nin c\u2019e\u0301tait l\u2019ancien empire Songhay. Nous ne sommes pas ignorants ou analphabe\u0300tes de l\u2019histoire, ces peuples-la\u0300 ont cohabite\u0301.<\/p>\n<p>La CEDEAO compte 15 Etats a\u0300 l\u2019heure actuelle, l\u2019Afrique en compte 54 Etats. N\u2019y a-t-il pas de Nige\u0301riens dans les autres pays d\u2019Afrique ? Comment est-ce qu\u2019ils vivent ? Ne se de\u0301placent-ils pas ? Ne trouvent-ils pas leur subsistance dans ces autres pays qui ne sont pas des pays de la CEDEAO ? Bien su\u0302r que oui. Et me\u0302me parmi les pays de la CEDEAO, quels sont ces pays les plus \u2018\u2019illustres\u2019\u2019 pour faire la guerre au Niger ? Qui sont-ils ? C\u2019est Tinubu du Nige\u0301ria, Talon du Be\u0301nin, Ouattara de la Co\u0302te d\u2019ivoire et Macky Sall du Se\u0301ne\u0301gal jusqu\u2019a\u0300 un certain moment.<\/p>\n<p>Pour ce qui est de la libre circulation des personnes et des biens n\u2019ayez aucun souci. Les africains ont circule\u0301, cela fait partie de la partie humaine. Aucune frontie\u0300re coloniale ne saurait arre\u0302ter les e\u0302tres humains dans leur instinct migratoire, dans leur mobilite\u0301. Les peuples vont continuer parce qu\u2019ils sont au-dessus des chefs d\u2019E\u0301tat e\u0301goi\u0308stes et individualistes. Les peuples sont des peuples matures qui comprennent le sens de l\u2019histoire parce qu\u2019ils ont l\u2019histoire en eux. Ils connaissent les relations qui avaient existe\u0301 et qui existent entre eux et leurs fre\u0300res de l\u2019Alliance des Etats du Sahel.<\/p>\n<p>Sur le plan e\u0301conomique, quel e\u0301tait le taux d\u2019e\u0301change entre les Etats de la CEDEAO ? Vous me direz qu\u2019il est marginal, infe\u0301rieur a\u0300 4 %, les plus optimistes ont dit 5 a\u0300 6%. Dites-moi un seul pays de la CEDEAO qui n\u2019importe pas le minimum qui est l\u2019alimentation. Il suffit que l\u2019Inde de\u0301cide de ne plus permettre l\u2019exportation du riz pour que tous ces Etats de la CEDEAO se retrouvent a\u0300 terre en train de chercher comment, par quelle voie passer pour nourrir leur peuple. Ce n\u2019est pas une caracte\u0301ristique propre aux Etats de l\u2019AES. Prenez un a\u0300 un tous ces Etats ze\u0301le\u0301s qui veulent nous faire la guerre et e\u0301tudiez leurs e\u0301conomies pour voir la de\u0301pendance. Nous importons tous de l\u2019Inde, de la Chine, des E\u0301tats Unis, du Pakistan, de la Turquie. Tous les biens importants nous les importons au sein de ces pays et non pas de la CEDEAO puisque le monde est un village plane\u0301taire. Ceci est une e\u0301vidence, que les pays de la CEDEAO le reconnaissent ou non.<\/p>\n<p>Pour ce qui est du domaine politique, rassurez-vous qu\u2019a\u0300 travers l\u2019AES, que les gens semblent me\u0301priser et ridiculiser jusqu\u2019a\u0300 conside\u0301rer que c\u2019est une alliance fanto\u0302me, personne n\u2019utilisera le Niger ou l\u2019AES pour assouvir ses dessins personnels. Tinubu veut avoir une assise populaire a\u0300 travers la martyrisation du peuple nige\u0301rien, mais martyriser le peuple nige\u0301rien c\u2019est martyriser le peuple fre\u0300re du Nige\u0301ria et je reste convaincu que le peuple fre\u0300re du Nige\u0301ria ne laissera pas passer. Talon veut avoir un deuxie\u0300me ou troisie\u0300me mandat a\u0300 travers sa rigueur ou son ze\u0300le vis a\u0300 vis de l\u2019AES ou du Niger, particulie\u0300rement en fermant la frontie\u0300re sous l\u2019injonction du mai\u0302tre. Qu\u2019il se de\u0301trompe s\u2019il doit servir le peuple du Be\u0301nin, qu\u2019il le serve et c\u2019est a\u0300 travers cela que le peuple be\u0301ninois de\u0301cidera de lui accorder un troisie\u0300me mandat s\u2019il juge que ce qu\u2019il a fait jusqu\u2019ici me\u0301rite un troisie\u0300me mandat. Ouattara veut aussi faire un quatrie\u0300me mandat. Pour cela, il faut qu\u2019il prouve au mai\u0302tre qu\u2019il est digne de confiance. Mais, le Niger est un pays inde\u0301pendant. Le Niger est un pays de royaumes, d\u2019empires et de sultanats il y a des milliers d\u2019anne\u0301es. Ce n\u2019est pas aujourd\u2019hui, a\u0300 travers le Niger, que les gens vont assouvir leur destin politique.<\/p>\n<p>Macky Sall voulait un troisie\u0300me mandat, le peuple se\u0301ne\u0301galais avait montre\u0301 une fois de plus sa maturite\u0301 politique pour dire qu\u2019il n\u2019y aura pas de troisie\u0300me mandat. Nous n\u2019avons pas la me\u0301moire courte. Me\u0302me si nous ne sommes pas au Se\u0301ne\u0301gal, nous suivons l\u2019e\u0301volution. Face a\u0300 l\u2019e\u0301vidence, Macky Sall a abandonne\u0301 cette velle\u0301ite\u0301 de s\u2019octroyer un troisie\u0300me mandat, et a\u0300 contre c\u0153ur, a permis que les listes soient ouvertes, que des candidats soient retenus et que les e\u0301lections soient fixe\u0301es pour le 25 fe\u0301vrier. Mais entre-temps, il avait adouci ses positions quand les perspectives pouvant conduire au troisie\u0300me mandat se sont e\u0301vanouies a\u0300 travers la mobilisation du peuple se\u0301ne\u0301galais.<\/p>\n<p>Rassurez-vous, les pays de l\u2019AES savent quelles sont leurs priorite\u0301s et ce sont des priorite\u0301s pour le bien de leur peuple, sans calcul, sans velle\u0301ite\u0301 quelconque d\u2019abuser ou de profiter de l\u2019adhe\u0301sion des peuples.<\/p>\n<p>Maintenant que nous avons quitte\u0301 cette organisation, quelles perspectives s\u2019offrent vraiment a\u0300 nous ?<\/p>\n<p>Les perspectives ne peuvent e\u0302tre que meilleures. Qu\u2019aurions-nous gagne\u0301 en restant dans la CEDEAO ? J\u2019ai fait le rappel. Les causes profondes inavoue\u0301es qui ont conduit nos Etats dans la situation ou\u0300 nous nous sommes retrouve\u0301s avec un terrorisme d\u2019abord importe\u0301, active\u0301, manipulant et manipule\u0301. Nous connaissons qui et qui sont derrie\u0300re ces mouvements terroristes. Que ce soit les terroristes qui sont sur le terrain avec des armes, que ce soit les Etats terroristes qui veulent atteindre des objectifs a\u0300 travers ce qu\u2019ils ont fait aux pays de l\u2019Alliance des Etats du Sahel. Nous sommes une alliance qui a une vision claire. Nous avons quitte\u0301 la CEDEAO et ce n\u2019est pas sous un coup de te\u0302te, pour renforcer cette alliance parce que nous avons une vision claire de ce qui peut conduire nos peuples vers la prospe\u0301rite\u0301 a\u0300 laquelle ils ont toujours espe\u0301re\u0301 que les leaders les conduisent. L\u2019AES avait pour objectif initial, et elle l\u2019a toujours, et elle est en train d\u2019engranger des succe\u0300s ; de ramener la paix dans notre espace trouble\u0301 pour que nos richesses soient spolie\u0301es. In Chaa Allah, nous allons re\u0301ussir cette premie\u0300re phase. Et nous sommes sur le point de la re\u0301ussir. Chacun peut appre\u0301cier les re\u0301sultats obtenus.<\/p>\n<p>Le deuxie\u0300me point, nous sommes la\u0300-dessus, c\u2019est la bonne gouvernance. A travers tous nos Etats vous avez constate\u0301 que le cheval de bataille que nous avons enfourche\u0301, c\u2019est celui de la bonne gouvernance. Les ressources des pays de l\u2019AES profiteront aux peuples de l\u2019AES. C\u2019est un serment qui se traduit dans les faits. Et si vous avez constate\u0301, au Niger, c\u2019est physique, c\u2019est re\u0301el. Au Burkina comme au Mali ; c\u2019est e\u0301galement physique et re\u0301el. Apre\u0300s cette prospe\u0301rite\u0301 e\u0301conomique, nous devons chercher ensemble quels sont les me\u0301canismes qui nous permettent de renforcer les e\u0301changes au sein de notre alliance, que ce soit des e\u0301changes mone\u0301taires ou tout autre type d\u2019e\u0301changes pour que cette zone de l\u2019AES soit effectivement, comme nous l\u2019avons souhaite\u0301, une zone de prospe\u0301rite\u0301 et non une zone d\u2019inse\u0301curite\u0301. Ce sont des e\u0301tapes qui conduiront a\u0300 une ve\u0301ritable inte\u0301gration politique, de\u0301barrasse\u0301e de toute menace d\u2019un Etat envers un autre. Voila\u0300 en quelques mots ce que nous pensons mettre en place pour palier notre sortie de la CEDEAO et les conse\u0301quences que certains peuvent penser dramatiques ou chaotiques. Il n\u2019y aura pas de chaos. Les pays de l\u2019AES seront prospe\u0300res in Chaa Allah. Et, ceci est ine\u0301vitable.<\/p>\n<p>Monsieur le Pre\u0301sident, apre\u0300s la CEDEAO, les Nige\u0301riens s\u2019interrogent de plus en plus sur l\u2019inte\u0301re\u0302t de notre maintien au sein de l\u2019Union Economique et Mone\u0301taire Ouest Africaine (UEMOA), organisation qui a durement sanctionne\u0301 notre pays. Allons-nous biento\u0302t sortir de cette organisation e\u0301galement, allons-nous enfin avoir notre propre monnaie, ce qui est tant attendu par nos peuples ?<\/p>\n<p>Chaque chose a son temps. Je l\u2019ai dit, nos Etats auraient du\u0302 sortir de ce qu\u2019e\u0301tait la CEDEAO depuis 1990. Pourtant jusqu\u2019aujourd\u2019hui, la majorite\u0301 nume\u0301rique des Etats continuent a\u0300 e\u0302tre membres de la communaute\u0301. Nous sommes sortis. Avant nous, la Mauritanie e\u0301tait sortie, me\u0302me si ce n\u2019est pas dans les me\u0302mes conditions. La monnaie, c\u2019est un signe de souverainete\u0301. Nous sommes engage\u0301s dans un processus de recouvrement de notre souverainete\u0301 totale. Nous l\u2019avons dit, il faut ouvrir l\u2019armoire de l\u2019histoire re\u0301cente des Etats africains, sortir tous les dossiers, les de\u0301poussie\u0301rer, les analyser, les e\u0301valuer et de\u0301cider pour l\u2019inte\u0301re\u0302t, et l\u2019inte\u0301re\u0302t de nos peuples. Il n\u2019est plus question que nos Etats soient la vache a\u0300 lait de la France. La France nous a spolie\u0301 plus de 107 ans. La France doit payer cash les dettes de 65 ans de pillage syste\u0301matique de nos ressources. Et, pour les 42 ans, nous trouverons un e\u0301che\u0301ancier pour qu\u2019on soit quitte avec la France. La monnaie est une e\u0301tape de sortie de cette colonisation. Les Etats de l\u2019AES ont des experts. Et au moment opportun, comme je l\u2019ai dit, In Chaa Allah nous de\u0301ciderons. Nous allons de\u0301cider In Chaa Allah.<\/p>\n<p>Monsieur le Pre\u0301sident, deux sujets inte\u0301ressent particulie\u0300rement les Nige\u0301riens. A la mi-janvier, le Premier ministre a effectue\u0301 une se\u0301rie de missions qui l\u2019ont conduit en Russie, en Iran et tout dernie\u0300rement en Tu\u0308rkiye, quels sont le sens et les retombe\u0301es de ces missions ?<\/p>\n<p>Vous m\u2019aviez pose\u0301 une question a\u0300 savoir quel devenir pour l\u2019AES ? quel devenir particulie\u0300rement pour le Niger ? Eh bien, c\u0327a fait partie des solutions pour le devenir de l\u2019AES. Nous avons compris ou\u0300 se trouve le proble\u0300me et comment re\u0301soudre le proble\u0300me. On nous avait toujours fait croire que certains Etats sont barbares, arrie\u0301re\u0301s et attarde\u0301s et que de ces Etats nous ne devons rien attendre. Mais nous, nous ne sommes pas des analphabe\u0300tes de l\u2019histoire. Nous connaissons notre histoire, nous connaissons l\u2019histoire des autres. La France avait cesse\u0301 d\u2019e\u0302tre royaume en 1789. En ce temps, le dernier sultanat e\u0301tait en de\u0301clin. Nous avons passe\u0301 par d\u2019autres e\u0301tapes et nous e\u0301tions dans la phase des sultanats au moment ou\u0300 les franc\u0327ais faisaient leur re\u0301volution. L\u2019empire du Songhai\u0308 connu a\u0300 travers la dynastie des Dia, des Sonni, des Askia avait cesse\u0301 d\u2019exister en tant qu\u2019empire prospe\u0300re en 1591. Le sultanat du Bornou avait cesse\u0301 d\u2019exister en tant que sultanat influant qui couvrait la presque totalite\u0301 du territoire qu\u2019on appelle aujourd\u2019hui le Niger vers 1774. Ce n\u2019est pas encore la re\u0301volution franc\u0327aise. Donc, nous connaissons l\u2019histoire, nous ne sommes pas analphabe\u0300tes de l\u2019histoire. Le Niger de\u0301cidera, en toute souverainete\u0301, de lier des alliances en fonction de ses inte\u0301re\u0302ts et des inte\u0301re\u0302ts du peuple nige\u0301rien, des peuples de l\u2019AES de fac\u0327on globale. Et pour cela, personne ne nous dira vers qui nous devons ou non aller. Nos orientations ne respecteront que l\u2019inte\u0301re\u0302t national, l\u2019inte\u0301re\u0302t des peuples et non la volonte\u0301 d\u2019un maitre ou d\u2019un suppose\u0301 maitre. Le Niger re\u0301tablira ses relations qui sont anciennes avec la Russie, avec l\u2019Iran, avec la Tu\u0308rkiye, avec tous les Etats qui respectent notre dignite\u0301 et notre souverainete\u0301. Nous ne sommes et nous ne serons les \u2018\u2018tapettes\u2019\u2019 de personne. Personne ne nous dictera vers qui nous devons aller ou pas. Nos inte\u0301re\u0302ts font partie de la solution a\u0300 notre sortie de la CEDEAO. Parce que, nos inte\u0301re\u0302ts ont cesse\u0301 d\u2019e\u0302tre pris en compte au sein de la CEDEAO, nous avons quitte\u0301 la CEDEAO. Nous serons pre\u0302ts a\u0300 nouer des relations avec tout pays qui respecte notre souverainete\u0301, notre inde\u0301pendance qui n\u2019est plus the\u0301orique, qui n\u2019est plus que sur papier, une relation d\u2019inte\u0301re\u0302t entre les Etats, mais dans le respect mutuel ; contrairement a\u0300 ce que les franc\u0327ais veulent nous imposer.<\/p>\n<p>En aou\u0302t 2023, pour vous donner une ide\u0301e du me\u0301pris que les autorite\u0301s franc\u0327aises ont pour le Niger, lorsque nous e\u0301tions dans les moments les plus tendus, un pays de l\u2019Union Europe\u0301enne avait propose\u0301, par visioconfe\u0301rence des pays membres de cette union, une sortie de crise, un apaisement avec le Niger et propose\u0301 d\u2019aller vers les autorite\u0301s du Niger pour essayer de ne\u0301gocier. Vous savez ce que le pre\u0301sident Macron avait re\u0301pondu a\u0300 ce pays ? Le Niger ne vous appartient pas, le Niger appartient a\u0300 la France et ce n\u2019est pas a\u0300 vous de proposer quelque solution que ce soit. C\u0327a s\u2019est passe\u0301 en aou\u0302t 2023 en visioconfe\u0301rence. \u2018\u2019Le Niger n\u2019appartient pas a\u0300 ce pays, le Niger appartient a\u0300 la France\u2019\u2019 et c\u0327a, c\u2019est Macron qui le dit. Macron, l\u2019ignorant de l\u2019histoire, parce qu\u2019il ne savait pas qu\u2019au moment ou\u0300 ils faisaient leur re\u0301volution, nous, nous avons fini le tour du monde. Le territoire qu\u2019on appelle le Niger avait fini d\u2019expe\u0301rimenter toutes les organisations sociales, en termes de politique. Et c\u2019est ce pays-la\u0300 que Macron re\u0301clame comme la proprie\u0301te\u0301 exclusive de la France. C\u2019est dans ce cadre que s\u2019inscrit le de\u0301placement du Premier ministre: montrer que le Niger n\u2019est la proprie\u0301te\u0301 de personne. Celui qui pense qu\u2019il a des inte\u0301re\u0302ts a\u0300 de\u0301fendre au Niger, qu\u2019il vienne ne\u0301gocier avec nous d\u2019e\u0301gal a\u0300 e\u0301gal, dans la dignite\u0301. Nous nous rendrons la\u0300 ou\u0300 les inte\u0301re\u0302ts de notre pays nous conduiront. Ce que les gens ont pense\u0301 ou pensent du Niger est re\u0301volu a\u0300 jamais. C\u2019est un Niger nouveau et une Alliance des Etats du Sahel qui a compris les enjeux et qui a compris la voie a\u0300 suivre, avec le soutien du Peuple. Et In Chaa Allah, avec ce soutien, nous ne faillirons pas, nous ne trahirons pas.<\/p>\n<p>Ces derniers temps, on a parle\u0301 de quantite\u0301s d\u2019or qui sortent ille\u0301galement du Niger. Certains me\u0301dias ont rapporte\u0301 que 1400 kg auraient e\u0301te\u0301 saisis en Ethiopie. Quand est-il exactement de cette affaire ?<\/p>\n<p>Vous me faites sourire. Le Niger a commence\u0301 a\u0300 exploiter l\u2019or depuis 1984. Vous vous rappelez de la rue\u0301e vers l\u2019or de Komabangou et plus re\u0301cemment vers le Djado a\u0300 Tchibarkaten, Abazaguer, puis dans l\u2019Anzourou, dans le Yaga et le Diamare\u0301 (partie sud de la Sirba). Presque chaque semaine, c\u2019est une mine qui est de\u0301couverte dans ces zones- la\u0300. Mais, un dicton aussi bien en Hausa qu\u2019en Zarma dit, litte\u0301ralement traduit, que \u00able bon sens est comme les intestins. Quelle qu\u2019en soit sa taille, il reste dans l\u2019abdomen\u00bb. Les Nige\u0301riens doivent me\u0301diter sur la sagesse de ce dicton populaire. Il y \u2018a des gens qui ont e\u0301te\u0301 modestes en annonc\u0327ant un peu plus de 1500 kg saisis en Ethiopie, d\u2019autres ont avance\u0301 23 tonnes, vous imaginez 23 tonnes d\u2019or et que c\u2019est le CNSP qui aurait remis toutes ces quantite\u0301s d\u2019or aux Russes. Nous devons re\u0301fle\u0301chir avant de donner e\u0301cho a\u0300 certains propos.<\/p>\n<p>Jusqu\u2019au 26 juillet 2023, le Niger exportait l\u2019or de fac\u0327on anarchique. Allez-y au Ministe\u0300re des Mines voir les mise\u0300res que l\u2019Etat avait re\u0301colte\u0301es comme retombe\u0301es. Mais, c\u2019e\u0301tait fait sciemment puisque ces de\u0301tenteurs de mines d\u2019or n\u2019e\u0301taient autres que les te\u0301nors du re\u0301gime que nous avons renverse\u0301. Allez-y au Ministe\u0300re des Mines, demandez les permis de recherche que le pre\u0301sident du CNSP ou tout autre membre du CNSP ou du gouvernement a de\u0301pose\u0301. Vous ne trouverez rien. Mais, ce n\u2019est pas le cas avec les te\u0301nors du re\u0301gime renverse\u0301, nous le savons. Dans le diamare\u0301, nous savons qui a les Mines d\u2019or, dans la zone de Tchibarkaten, de Amazaguer et au Djado, nous savons qui a des mines d\u2019or. Il faut que, face a\u0300 tout e\u0301crit, face a\u0300 toute tentative de diversion, les gens prennent le temps de re\u0301fle\u0301chir. Nous nous sommes inscrits dans un sens de la marche de l\u2019histoire de notre pays qui ne plai\u0302t pas a\u0300 tout le monde et les gens sont pre\u0302ts a\u0300 tout pour nous divertir. Dieu merci, ils ne sont pas parvenus mais, c\u0327a ne veut pas dire qu\u2019ils vont arre\u0302ter. Tous les moyens seront utilise\u0301s pour essayer de casser notre marche vers l\u2019affirmation de notre souverainete\u0301 et de notre inde\u0301pendance. C\u2019est dans ce sens que s\u2019inscrit cette affaire de saisie d\u2019or en Ethiopie et dont les autorite\u0301s e\u0301thiopiennes elles-me\u0302mes n\u2019ont pas vu la couleur. Le Niger a certes exporte\u0301 de l\u2019or a\u0300 un moment bien pre\u0301cis de son histoire, depuis 1984 et jusqu\u2019au 26 juillet 2023. A notre arrive\u0301e, nous avons dit que trop de permis ont e\u0301te\u0301 octroye\u0301s. Certains permis appartenaient me\u0302me a\u0300 des te\u0301nors du re\u0301gime de\u0301chu qui se les ont octroye\u0301s souvent en expropriant d\u2019autres personnes. De ce fait, ils ont abusivement utilise\u0301 le pouvoir pour s\u2019enrichir personnellement. Nous le savons a\u0300 travers des compagnies comme ECOMINE, AFRI OR, COMINI, RADIX et tant d\u2019autres. Nous avons mis fin a\u0300 c\u0327a et cela ne plai\u0302t pas a\u0300 tout le monde, c\u0327a ne plai\u0302t surtout pas a\u0300 ceux qui se sont enrichis de fac\u0327on honteuse sur la mise\u0300re des Nige\u0301riens. Ces gens sont pre\u0302ts a\u0300 tout et feront tout pour nous de\u0301stabiliser, mais incha Allah, ils ne parviendront pas parce que nous avons les faits avec nous.<\/p>\n<p>Les gens ont parle\u0301, toujours dans le cadre de ce trafic d\u2019or, du changement de personnel de se\u0301curite\u0301 a\u0300 l\u2019ae\u0301roport. Mais, ils ne se sont jamais pose\u0301 la question de savoir que parmi ces personnes que nous avons change\u0301 a\u0300 l\u2019ae\u0301roport, certaines ont plus de 20 ans, d\u2019autres plus de 10 ans, d\u2019autres encore plus de cinq. Certes il y en a qui ont un an, deux. Mais, le de\u0301ploiement des forces de se\u0301curite\u0301 n\u2019est pas du domaine des rumeurs. C\u2019est du domaine de l\u2019efficacite\u0301 et de l\u2019objectif du contexte du moment. Remplacer quelqu\u2019un qui a 20 ans a\u0300 l\u2019ae\u0301roport n\u2019a aucun lien avec \u2018\u2019la saisie d\u2019une tonne et demi d\u2019or ou 23 tonnes d\u2019or en Ethiopie\u2019\u2019 comme ils le disent. Cela s\u2019inscrit dans le cadre normal de remplacement des personnels qui ont servi un certain temps dans ces infrastructures ae\u0301roportuaires et qui sont des forces de de\u0301fense et de se\u0301curite\u0301 notamment la Gendarmerie Nationale, la Police Nationale, les Douanes et d\u2019autres services que je ne citerai pas qui devaient e\u0302tre remplace\u0301s. Vous avez constate\u0301 qu\u2019a\u0300 l\u2019Ae\u0301roport international Diori Hamani, me\u0302me si c\u2019est deux grammes d\u2019or, ils sont de\u0301tecte\u0301s et saisis si la proce\u0301dure d\u2019exportation n\u2019est pas, respecte\u0301e. La proce\u0301dure d\u2019exportation de l\u2019or qui avait cours jusqu\u2019au 26 juillet 2023 e\u0301tait encadre\u0301e, mais encadre\u0301e de fac\u0327on partisane. Nous avons l\u2019Association nige\u0301rienne des agre\u0301e\u0301s de l\u2019exploitation et de la commercialisation de l\u2019or qui re\u0301git ce domaine, qui e\u0301tait me\u0302me partie en proce\u0300s avec l\u2019Agence nationale de l\u2019aviation civile (ANAC) parce que justement cette dernie\u0300re avait dit qu\u2019il n\u2019est pas normal qu\u2019on transporte l\u2019or en cabine ou en soute. L\u2019or doit e\u0302tre transporte\u0301 par cargo. Au moment ou\u0300 l\u2019or sortait par l\u2019Ae\u0301roport Diori Hamani de Niamey, il l\u2019e\u0301tait sous encadrement. Donc, il y avait des re\u0300gles, me\u0302me s\u2019il y avait certains qui ont le monopole total de cette activite\u0301. Ce qui fait que tout celui qui va exporter l\u2019or passe par ces personnes-la\u0300 qui sont nomme\u0301es par le re\u0301gime de\u0301chu et que tous ceux qui sont dans le domaine de l\u2019or connaissaient et connaissent encore. Mais, que les gens se rassurent. L\u2019or e\u0301tait encadre\u0301 certes, me\u0302me si c\u2019e\u0301tait de fac\u0327on partisane. Il y avait l\u2019ANAC qui avait toutes les activite\u0301s ae\u0301roportuaires, il y avait SUMMA qui ge\u0300re les activite\u0301s au niveau de l\u2019ae\u0301roport, il y avait la Douane qui faisait son travail, il y avait la cellule ae\u0301rienne anti-trafic de la Police nationale qui faisait son travail, il y a la Gendarmerie nationale qui encadrait le transport de cet or-la\u0300 du magasin a\u0300 l\u2019avion et c\u2019e\u0301tait sous forme de cargo. Deux compagnies ont e\u0301te\u0301 retenues, il s\u2019agit de Turkish Airlines et Air France qui, depuis le 26 juillet a suspendu ses vols. Certes, Ethiopian Airlines a repris ses vols cargo mais, elle ne fait pas partie des compagnies retenues pour le transport de l\u2019or.<\/p>\n<p>Donc, la quantite\u0301 d\u2019or en question, n\u2019est pas sortie avec une quelconque be\u0301ne\u0301diction du Pre\u0301sident du CNSP ou de tout autre membre du CNSP. Que les Nige\u0301riens se rassurent: la voie<\/p>\n<p><strong>Pour plus d&rsquo;informations et d&rsquo;analyses sur la <a href=\"https:\/\/www.africa-press.net\/niger\">Niger<\/a>, suivez <a href=\"https:\/\/www.africa-press.net\/\">Africa-Press<\/a><\/strong><\/p>\n","protected":false},"excerpt":{"rendered":"<p>Africa-Press &#8211; Niger. Le Pre\u0301sident du Conseil National pour la Sauvegarde de la Patrie (CNSP), le ge\u0301ne\u0301ral de brigade Abdourahame Tiani a accorde\u0301 un entretien exclusif a\u0300 la Radio Te\u0301le\u0301vision du Niger (RTN) qui a e\u0301te\u0301 diffuse\u0301 le dimanche 11 fe\u0301vrier 2023. Dans cet entretien re\u0301alise\u0301 par le journaliste et conseiller spe\u0301cial en communication a\u0300 [&hellip;]<\/p>\n","protected":false},"author":82,"featured_media":58707,"comment_status":"open","ping_status":"closed","sticky":false,"template":"","format":"standard","meta":{"footnotes":""},"categories":[2,10],"tags":[55,60,29],"class_list":["post-58709","post","type-post","status-publish","format-standard","has-post-thumbnail","hentry","category-politique","category-toutes-les-actualites","tag-africa-press","tag-africa-press-niger","tag-niger"],"yoast_head":"<!-- This site is optimized with the Yoast SEO Premium plugin v26.1 (Yoast SEO v27.0) - https:\/\/yoast.com\/product\/yoast-seo-premium-wordpress\/ -->\n<title>Interview exclusive du Chef de l\u2019Etat, le G\u00e9n\u00e9ral A. Tiani : \u00ab Nous ne sommes pas l\u00e0 pour trahir les aspirations d\u2019un peuple qui nous a fait confiance \u00bb - niger<\/title>\n<meta name=\"description\" content=\"Le Pre\u0301sident du Conseil National pour la Sauvegarde de la Patrie (CNSP), le ge\u0301ne\u0301ral de brigade Abdourahame Tiani a ac ...\" \/>\n<meta name=\"robots\" content=\"index, follow, max-snippet:-1, max-image-preview:large, max-video-preview:-1\" \/>\n<link rel=\"canonical\" href=\"https:\/\/www.africa-press.net\/niger\/politique\/interview-exclusive-du-chef-de-letat-le-general-a-tiani-nous-ne-sommes-pas-la-pour-trahir-les-aspirations-dun-peuple-qui-nous-a-fait-confiance\" \/>\n<meta property=\"og:locale\" content=\"fr_FR\" \/>\n<meta property=\"og:type\" content=\"article\" \/>\n<meta property=\"og:title\" content=\"Interview exclusive du Chef de l\u2019Etat, le G\u00e9n\u00e9ral A. Tiani : \u00ab Nous ne sommes pas l\u00e0 pour trahir les aspirations d\u2019un peuple qui nous a fait confiance \u00bb\" \/>\n<meta property=\"og:description\" content=\"Le Pre\u0301sident du Conseil National pour la Sauvegarde de la Patrie (CNSP), le ge\u0301ne\u0301ral de brigade Abdourahame Tiani a ac ...\" \/>\n<meta property=\"og:url\" content=\"https:\/\/www.africa-press.net\/niger\/politique\/interview-exclusive-du-chef-de-letat-le-general-a-tiani-nous-ne-sommes-pas-la-pour-trahir-les-aspirations-dun-peuple-qui-nous-a-fait-confiance\" \/>\n<meta property=\"og:site_name\" content=\"niger\" \/>\n<meta property=\"article:published_time\" content=\"2024-02-16T18:38:40+00:00\" \/>\n<meta property=\"article:modified_time\" content=\"2024-02-16T19:16:36+00:00\" \/>\n<meta property=\"og:image\" content=\"https:\/\/static.africa-press.net\/niger\/sites\/40\/2024\/02\/sm_1708098283.547938.jpg\" \/>\n\t<meta property=\"og:image:width\" content=\"720\" \/>\n\t<meta property=\"og:image:height\" content=\"402\" \/>\n\t<meta property=\"og:image:type\" content=\"image\/jpeg\" \/>\n<meta name=\"author\" content=\"cfeditorfr\" \/>\n<meta name=\"twitter:card\" content=\"summary_large_image\" \/>\n<meta name=\"twitter:label1\" content=\"\u00c9crit par\" \/>\n\t<meta name=\"twitter:data1\" content=\"cfeditorfr\" \/>\n\t<meta name=\"twitter:label2\" content=\"Dur\u00e9e de lecture estim\u00e9e\" \/>\n\t<meta name=\"twitter:data2\" content=\"32 minutes\" \/>\n<script type=\"application\/ld+json\" class=\"yoast-schema-graph\">{\"@context\":\"https:\/\/schema.org\",\"@graph\":[{\"@type\":\"Article\",\"@id\":\"https:\/\/www.africa-press.net\/niger\/politique\/interview-exclusive-du-chef-de-letat-le-general-a-tiani-nous-ne-sommes-pas-la-pour-trahir-les-aspirations-dun-peuple-qui-nous-a-fait-confiance#article\",\"isPartOf\":{\"@id\":\"https:\/\/www.africa-press.net\/niger\/politique\/interview-exclusive-du-chef-de-letat-le-general-a-tiani-nous-ne-sommes-pas-la-pour-trahir-les-aspirations-dun-peuple-qui-nous-a-fait-confiance\"},\"author\":{\"name\":\"cfeditorfr\",\"@id\":\"https:\/\/www.africa-press.net\/niger\/#\/schema\/person\/2b1cf3cd81a31e3cd26889ca66d677f1\"},\"headline\":\"Interview exclusive du Chef de l\u2019Etat, le G\u00e9n\u00e9ral A. Tiani : \u00ab Nous ne sommes pas l\u00e0 pour trahir les aspirations d\u2019un peuple qui nous a fait confiance \u00bb\",\"datePublished\":\"2024-02-16T18:38:40+00:00\",\"dateModified\":\"2024-02-16T19:16:36+00:00\",\"mainEntityOfPage\":{\"@id\":\"https:\/\/www.africa-press.net\/niger\/politique\/interview-exclusive-du-chef-de-letat-le-general-a-tiani-nous-ne-sommes-pas-la-pour-trahir-les-aspirations-dun-peuple-qui-nous-a-fait-confiance\"},\"wordCount\":6450,\"commentCount\":0,\"image\":{\"@id\":\"https:\/\/www.africa-press.net\/niger\/politique\/interview-exclusive-du-chef-de-letat-le-general-a-tiani-nous-ne-sommes-pas-la-pour-trahir-les-aspirations-dun-peuple-qui-nous-a-fait-confiance#primaryimage\"},\"thumbnailUrl\":\"https:\/\/static.africa-press.net\/niger\/sites\/40\/2024\/02\/sm_1708098283.547938.jpg\",\"keywords\":[\"Africa Press\",\"Africa Press-Niger\",\"Niger\"],\"articleSection\":[\"Politique\",\"Toutes les actualit\u00e9s\"],\"inLanguage\":\"fr-FR\",\"potentialAction\":[{\"@type\":\"CommentAction\",\"name\":\"Comment\",\"target\":[\"https:\/\/www.africa-press.net\/niger\/politique\/interview-exclusive-du-chef-de-letat-le-general-a-tiani-nous-ne-sommes-pas-la-pour-trahir-les-aspirations-dun-peuple-qui-nous-a-fait-confiance#respond\"]}]},{\"@type\":\"WebPage\",\"@id\":\"https:\/\/www.africa-press.net\/niger\/politique\/interview-exclusive-du-chef-de-letat-le-general-a-tiani-nous-ne-sommes-pas-la-pour-trahir-les-aspirations-dun-peuple-qui-nous-a-fait-confiance\",\"url\":\"https:\/\/www.africa-press.net\/niger\/politique\/interview-exclusive-du-chef-de-letat-le-general-a-tiani-nous-ne-sommes-pas-la-pour-trahir-les-aspirations-dun-peuple-qui-nous-a-fait-confiance\",\"name\":\"Interview exclusive du Chef de l\u2019Etat, le G\u00e9n\u00e9ral A. Tiani : \u00ab Nous ne sommes pas l\u00e0 pour trahir les aspirations d\u2019un peuple qui nous a fait confiance \u00bb - niger\",\"isPartOf\":{\"@id\":\"https:\/\/www.africa-press.net\/niger\/#website\"},\"primaryImageOfPage\":{\"@id\":\"https:\/\/www.africa-press.net\/niger\/politique\/interview-exclusive-du-chef-de-letat-le-general-a-tiani-nous-ne-sommes-pas-la-pour-trahir-les-aspirations-dun-peuple-qui-nous-a-fait-confiance#primaryimage\"},\"image\":{\"@id\":\"https:\/\/www.africa-press.net\/niger\/politique\/interview-exclusive-du-chef-de-letat-le-general-a-tiani-nous-ne-sommes-pas-la-pour-trahir-les-aspirations-dun-peuple-qui-nous-a-fait-confiance#primaryimage\"},\"thumbnailUrl\":\"https:\/\/static.africa-press.net\/niger\/sites\/40\/2024\/02\/sm_1708098283.547938.jpg\",\"datePublished\":\"2024-02-16T18:38:40+00:00\",\"dateModified\":\"2024-02-16T19:16:36+00:00\",\"author\":{\"@id\":\"https:\/\/www.africa-press.net\/niger\/#\/schema\/person\/2b1cf3cd81a31e3cd26889ca66d677f1\"},\"description\":\"Le Pre\u0301sident du Conseil National pour la Sauvegarde de la Patrie (CNSP), le ge\u0301ne\u0301ral de brigade Abdourahame Tiani a ac ...\",\"breadcrumb\":{\"@id\":\"https:\/\/www.africa-press.net\/niger\/politique\/interview-exclusive-du-chef-de-letat-le-general-a-tiani-nous-ne-sommes-pas-la-pour-trahir-les-aspirations-dun-peuple-qui-nous-a-fait-confiance#breadcrumb\"},\"inLanguage\":\"fr-FR\",\"potentialAction\":[{\"@type\":\"ReadAction\",\"target\":[\"https:\/\/www.africa-press.net\/niger\/politique\/interview-exclusive-du-chef-de-letat-le-general-a-tiani-nous-ne-sommes-pas-la-pour-trahir-les-aspirations-dun-peuple-qui-nous-a-fait-confiance\"]}]},{\"@type\":\"ImageObject\",\"inLanguage\":\"fr-FR\",\"@id\":\"https:\/\/www.africa-press.net\/niger\/politique\/interview-exclusive-du-chef-de-letat-le-general-a-tiani-nous-ne-sommes-pas-la-pour-trahir-les-aspirations-dun-peuple-qui-nous-a-fait-confiance#primaryimage\",\"url\":\"https:\/\/static.africa-press.net\/niger\/sites\/40\/2024\/02\/sm_1708098283.547938.jpg\",\"contentUrl\":\"https:\/\/static.africa-press.net\/niger\/sites\/40\/2024\/02\/sm_1708098283.547938.jpg\",\"width\":720,\"height\":402,\"caption\":\"Interview exclusive du Chef de l\u2019Etat, le G\u00e9n\u00e9ral A. Tiani : \u00ab Nous ne sommes pas l\u00e0 pour trahir les aspirations d\u2019un peuple qui nous a fait confiance \u00bb\"},{\"@type\":\"BreadcrumbList\",\"@id\":\"https:\/\/www.africa-press.net\/niger\/politique\/interview-exclusive-du-chef-de-letat-le-general-a-tiani-nous-ne-sommes-pas-la-pour-trahir-les-aspirations-dun-peuple-qui-nous-a-fait-confiance#breadcrumb\",\"itemListElement\":[{\"@type\":\"ListItem\",\"position\":1,\"name\":\"Accueil\",\"item\":\"https:\/\/www.africa-press.net\/niger\/\"},{\"@type\":\"ListItem\",\"position\":2,\"name\":\"Interview exclusive du Chef de l\u2019Etat, le G\u00e9n\u00e9ral A. Tiani : \u00ab Nous ne sommes pas l\u00e0 pour trahir les aspirations d\u2019un peuple qui nous a fait confiance \u00bb\"}]},{\"@type\":\"WebSite\",\"@id\":\"https:\/\/www.africa-press.net\/niger\/#website\",\"url\":\"https:\/\/www.africa-press.net\/niger\/\",\"name\":\"niger\",\"description\":\"Just another Africa News Agency Sites site\",\"potentialAction\":[{\"@type\":\"SearchAction\",\"target\":{\"@type\":\"EntryPoint\",\"urlTemplate\":\"https:\/\/www.africa-press.net\/niger\/?s={search_term_string}\"},\"query-input\":{\"@type\":\"PropertyValueSpecification\",\"valueRequired\":true,\"valueName\":\"search_term_string\"}}],\"inLanguage\":\"fr-FR\"},{\"@type\":\"Person\",\"@id\":\"https:\/\/www.africa-press.net\/niger\/#\/schema\/person\/2b1cf3cd81a31e3cd26889ca66d677f1\",\"name\":\"cfeditorfr\"}]}<\/script>\n<!-- \/ Yoast SEO Premium plugin. -->","yoast_head_json":{"title":"Interview exclusive du Chef de l\u2019Etat, le G\u00e9n\u00e9ral A. Tiani : \u00ab Nous ne sommes pas l\u00e0 pour trahir les aspirations d\u2019un peuple qui nous a fait confiance \u00bb - niger","description":"Le Pre\u0301sident du Conseil National pour la Sauvegarde de la Patrie (CNSP), le ge\u0301ne\u0301ral de brigade Abdourahame Tiani a ac ...","robots":{"index":"index","follow":"follow","max-snippet":"max-snippet:-1","max-image-preview":"max-image-preview:large","max-video-preview":"max-video-preview:-1"},"canonical":"https:\/\/www.africa-press.net\/niger\/politique\/interview-exclusive-du-chef-de-letat-le-general-a-tiani-nous-ne-sommes-pas-la-pour-trahir-les-aspirations-dun-peuple-qui-nous-a-fait-confiance","og_locale":"fr_FR","og_type":"article","og_title":"Interview exclusive du Chef de l\u2019Etat, le G\u00e9n\u00e9ral A. Tiani : \u00ab Nous ne sommes pas l\u00e0 pour trahir les aspirations d\u2019un peuple qui nous a fait confiance \u00bb","og_description":"Le Pre\u0301sident du Conseil National pour la Sauvegarde de la Patrie (CNSP), le ge\u0301ne\u0301ral de brigade Abdourahame Tiani a ac ...","og_url":"https:\/\/www.africa-press.net\/niger\/politique\/interview-exclusive-du-chef-de-letat-le-general-a-tiani-nous-ne-sommes-pas-la-pour-trahir-les-aspirations-dun-peuple-qui-nous-a-fait-confiance","og_site_name":"niger","article_published_time":"2024-02-16T18:38:40+00:00","article_modified_time":"2024-02-16T19:16:36+00:00","og_image":[{"width":720,"height":402,"url":"https:\/\/static.africa-press.net\/niger\/sites\/40\/2024\/02\/sm_1708098283.547938.jpg","type":"image\/jpeg"}],"author":"cfeditorfr","twitter_card":"summary_large_image","twitter_misc":{"\u00c9crit par":"cfeditorfr","Dur\u00e9e de lecture estim\u00e9e":"32 minutes"},"schema":{"@context":"https:\/\/schema.org","@graph":[{"@type":"Article","@id":"https:\/\/www.africa-press.net\/niger\/politique\/interview-exclusive-du-chef-de-letat-le-general-a-tiani-nous-ne-sommes-pas-la-pour-trahir-les-aspirations-dun-peuple-qui-nous-a-fait-confiance#article","isPartOf":{"@id":"https:\/\/www.africa-press.net\/niger\/politique\/interview-exclusive-du-chef-de-letat-le-general-a-tiani-nous-ne-sommes-pas-la-pour-trahir-les-aspirations-dun-peuple-qui-nous-a-fait-confiance"},"author":{"name":"cfeditorfr","@id":"https:\/\/www.africa-press.net\/niger\/#\/schema\/person\/2b1cf3cd81a31e3cd26889ca66d677f1"},"headline":"Interview exclusive du Chef de l\u2019Etat, le G\u00e9n\u00e9ral A. Tiani : \u00ab Nous ne sommes pas l\u00e0 pour trahir les aspirations d\u2019un peuple qui nous a fait confiance \u00bb","datePublished":"2024-02-16T18:38:40+00:00","dateModified":"2024-02-16T19:16:36+00:00","mainEntityOfPage":{"@id":"https:\/\/www.africa-press.net\/niger\/politique\/interview-exclusive-du-chef-de-letat-le-general-a-tiani-nous-ne-sommes-pas-la-pour-trahir-les-aspirations-dun-peuple-qui-nous-a-fait-confiance"},"wordCount":6450,"commentCount":0,"image":{"@id":"https:\/\/www.africa-press.net\/niger\/politique\/interview-exclusive-du-chef-de-letat-le-general-a-tiani-nous-ne-sommes-pas-la-pour-trahir-les-aspirations-dun-peuple-qui-nous-a-fait-confiance#primaryimage"},"thumbnailUrl":"https:\/\/static.africa-press.net\/niger\/sites\/40\/2024\/02\/sm_1708098283.547938.jpg","keywords":["Africa Press","Africa Press-Niger","Niger"],"articleSection":["Politique","Toutes les actualit\u00e9s"],"inLanguage":"fr-FR","potentialAction":[{"@type":"CommentAction","name":"Comment","target":["https:\/\/www.africa-press.net\/niger\/politique\/interview-exclusive-du-chef-de-letat-le-general-a-tiani-nous-ne-sommes-pas-la-pour-trahir-les-aspirations-dun-peuple-qui-nous-a-fait-confiance#respond"]}]},{"@type":"WebPage","@id":"https:\/\/www.africa-press.net\/niger\/politique\/interview-exclusive-du-chef-de-letat-le-general-a-tiani-nous-ne-sommes-pas-la-pour-trahir-les-aspirations-dun-peuple-qui-nous-a-fait-confiance","url":"https:\/\/www.africa-press.net\/niger\/politique\/interview-exclusive-du-chef-de-letat-le-general-a-tiani-nous-ne-sommes-pas-la-pour-trahir-les-aspirations-dun-peuple-qui-nous-a-fait-confiance","name":"Interview exclusive du Chef de l\u2019Etat, le G\u00e9n\u00e9ral A. Tiani : \u00ab Nous ne sommes pas l\u00e0 pour trahir les aspirations d\u2019un peuple qui nous a fait confiance \u00bb - niger","isPartOf":{"@id":"https:\/\/www.africa-press.net\/niger\/#website"},"primaryImageOfPage":{"@id":"https:\/\/www.africa-press.net\/niger\/politique\/interview-exclusive-du-chef-de-letat-le-general-a-tiani-nous-ne-sommes-pas-la-pour-trahir-les-aspirations-dun-peuple-qui-nous-a-fait-confiance#primaryimage"},"image":{"@id":"https:\/\/www.africa-press.net\/niger\/politique\/interview-exclusive-du-chef-de-letat-le-general-a-tiani-nous-ne-sommes-pas-la-pour-trahir-les-aspirations-dun-peuple-qui-nous-a-fait-confiance#primaryimage"},"thumbnailUrl":"https:\/\/static.africa-press.net\/niger\/sites\/40\/2024\/02\/sm_1708098283.547938.jpg","datePublished":"2024-02-16T18:38:40+00:00","dateModified":"2024-02-16T19:16:36+00:00","author":{"@id":"https:\/\/www.africa-press.net\/niger\/#\/schema\/person\/2b1cf3cd81a31e3cd26889ca66d677f1"},"description":"Le Pre\u0301sident du Conseil National pour la Sauvegarde de la Patrie (CNSP), le ge\u0301ne\u0301ral de brigade Abdourahame Tiani a ac ...","breadcrumb":{"@id":"https:\/\/www.africa-press.net\/niger\/politique\/interview-exclusive-du-chef-de-letat-le-general-a-tiani-nous-ne-sommes-pas-la-pour-trahir-les-aspirations-dun-peuple-qui-nous-a-fait-confiance#breadcrumb"},"inLanguage":"fr-FR","potentialAction":[{"@type":"ReadAction","target":["https:\/\/www.africa-press.net\/niger\/politique\/interview-exclusive-du-chef-de-letat-le-general-a-tiani-nous-ne-sommes-pas-la-pour-trahir-les-aspirations-dun-peuple-qui-nous-a-fait-confiance"]}]},{"@type":"ImageObject","inLanguage":"fr-FR","@id":"https:\/\/www.africa-press.net\/niger\/politique\/interview-exclusive-du-chef-de-letat-le-general-a-tiani-nous-ne-sommes-pas-la-pour-trahir-les-aspirations-dun-peuple-qui-nous-a-fait-confiance#primaryimage","url":"https:\/\/static.africa-press.net\/niger\/sites\/40\/2024\/02\/sm_1708098283.547938.jpg","contentUrl":"https:\/\/static.africa-press.net\/niger\/sites\/40\/2024\/02\/sm_1708098283.547938.jpg","width":720,"height":402,"caption":"Interview exclusive du Chef de l\u2019Etat, le G\u00e9n\u00e9ral A. Tiani : \u00ab Nous ne sommes pas l\u00e0 pour trahir les aspirations d\u2019un peuple qui nous a fait confiance \u00bb"},{"@type":"BreadcrumbList","@id":"https:\/\/www.africa-press.net\/niger\/politique\/interview-exclusive-du-chef-de-letat-le-general-a-tiani-nous-ne-sommes-pas-la-pour-trahir-les-aspirations-dun-peuple-qui-nous-a-fait-confiance#breadcrumb","itemListElement":[{"@type":"ListItem","position":1,"name":"Accueil","item":"https:\/\/www.africa-press.net\/niger\/"},{"@type":"ListItem","position":2,"name":"Interview exclusive du Chef de l\u2019Etat, le G\u00e9n\u00e9ral A. Tiani : \u00ab Nous ne sommes pas l\u00e0 pour trahir les aspirations d\u2019un peuple qui nous a fait confiance \u00bb"}]},{"@type":"WebSite","@id":"https:\/\/www.africa-press.net\/niger\/#website","url":"https:\/\/www.africa-press.net\/niger\/","name":"niger","description":"Just another Africa News Agency Sites site","potentialAction":[{"@type":"SearchAction","target":{"@type":"EntryPoint","urlTemplate":"https:\/\/www.africa-press.net\/niger\/?s={search_term_string}"},"query-input":{"@type":"PropertyValueSpecification","valueRequired":true,"valueName":"search_term_string"}}],"inLanguage":"fr-FR"},{"@type":"Person","@id":"https:\/\/www.africa-press.net\/niger\/#\/schema\/person\/2b1cf3cd81a31e3cd26889ca66d677f1","name":"cfeditorfr"}]}},"_links":{"self":[{"href":"https:\/\/www.africa-press.net\/niger\/wp-json\/wp\/v2\/posts\/58709","targetHints":{"allow":["GET"]}}],"collection":[{"href":"https:\/\/www.africa-press.net\/niger\/wp-json\/wp\/v2\/posts"}],"about":[{"href":"https:\/\/www.africa-press.net\/niger\/wp-json\/wp\/v2\/types\/post"}],"author":[{"embeddable":true,"href":"https:\/\/www.africa-press.net\/niger\/wp-json\/wp\/v2\/users\/82"}],"replies":[{"embeddable":true,"href":"https:\/\/www.africa-press.net\/niger\/wp-json\/wp\/v2\/comments?post=58709"}],"version-history":[{"count":0,"href":"https:\/\/www.africa-press.net\/niger\/wp-json\/wp\/v2\/posts\/58709\/revisions"}],"wp:featuredmedia":[{"embeddable":true,"href":"https:\/\/www.africa-press.net\/niger\/wp-json\/wp\/v2\/media\/58707"}],"wp:attachment":[{"href":"https:\/\/www.africa-press.net\/niger\/wp-json\/wp\/v2\/media?parent=58709"}],"wp:term":[{"taxonomy":"category","embeddable":true,"href":"https:\/\/www.africa-press.net\/niger\/wp-json\/wp\/v2\/categories?post=58709"},{"taxonomy":"post_tag","embeddable":true,"href":"https:\/\/www.africa-press.net\/niger\/wp-json\/wp\/v2\/tags?post=58709"}],"curies":[{"name":"wp","href":"https:\/\/api.w.org\/{rel}","templated":true}]}}