{"id":58727,"date":"2024-02-17T06:36:44","date_gmt":"2024-02-17T06:36:44","guid":{"rendered":"https:\/\/www.africa-press.net\/niger\/politique\/mali-burkina-niger-de-la-scission-a-la-federation"},"modified":"2024-02-17T06:57:08","modified_gmt":"2024-02-17T06:57:08","slug":"mali-burkina-niger-de-la-scission-a-la-federation","status":"publish","type":"post","link":"https:\/\/www.africa-press.net\/niger\/dossiers\/mali-burkina-niger-de-la-scission-a-la-federation","title":{"rendered":"Mali-Burkina-Niger : de la scission \u00e0 la f\u00e9d\u00e9ration ?"},"content":{"rendered":"<p><b>Damien Glez<\/b><\/p>\n<p><span style=\"color: #ff6600\"><strong>Africa-Press &#8211; Niger. <\/strong><\/span><b>Alors que la Cedeao tente toujours de raisonner les re\u0301gimes putschistes, les ministres de l\u2019Alliance des E\u0301tats du Sahel (AES) se re\u0301unissaient le 15 fe\u0301vrier a\u0300 Ouagadougou pour jeter les bases d\u2019une fe\u0301de\u0301ration entre les trois pays.<\/b><\/p>\n<p>Dessinateur et e\u0301ditorialiste franco-burkinabe\u0300.<\/p>\n<p>De\u0301but fe\u0301vrier, le Mali, le Niger et le Burkina Faso avaient pris de vitesse la Communaute\u0301 e\u0301conomique des E\u0301tats de l\u2019Afrique de l\u2019Ouest en annonc\u0327ant leur retrait \u00ab sans de\u0301lai \u00bb de ladite Cedeao. Ils n\u2019entendent manifestement pas de\u0301ce\u0301le\u0301rer. Et comment mieux claquemurer leurs pays hors de l\u2019organisation sous-re\u0301gionale, sinon en portant sur les fonts baptismaux une communaute\u0301 alternative ?<\/p>\n<p><b>Logique de commando<\/b><\/p>\n<p>Si Rome, selon la sentence, ne s\u2019est pas faite en un jour, l\u2019Alliance des E\u0301tats du Sahel (AES) semble vouloir bru\u0302ler les e\u0301tapes, avant la fin de transitions politiques dont il lui sera de plus en plus aise\u0301 de modifier les calendriers. C\u2019est a\u0300 Ouagadougou que des ministres de l\u2019AES se sont re\u0301unis, le jeudi 15 fe\u0301vrier, pour ancrer l\u2019ide\u0301ologie ne\u0301osouverainiste dans le cambouis.<\/p>\n<p>Pas question d\u2019en rester au concept d\u2019alliance. Les membres des gouvernements malien, burkinabe\u0300 et nige\u0301rien entendent e\u0301difier une confe\u0301de\u0301ration, puis une fe\u0301de\u0301ration, sur les \u00ab re\u0301fe\u0301rences historiques et propres aux peuples du Sahel \u00bb et avec une architecture institutionnelle le\u0301ge\u0300re. Toujours une logique de commando&#8230;<\/p>\n<p>La re\u0301union de Ouagadougou se situait entre une rencontre de hauts fonctionnaires, tenue du 12 au 14 fe\u0301vrier, et un prochain sommet des trois chefs d\u2019E\u0301tat. De ces travaux ouagalais, il ressort que la re\u0301vision de la Charte de l\u2019AES \u2013 pour acter le retrait de la Cedeao \u2013 ne serait pas ne\u0301cessaire, le traite\u0301 portant cre\u0301ation d\u2019une confe\u0301de\u0301ration devant valider, le moment venu, le triple claquement de porte.<\/p>\n<p><b>Feuille de route confe\u0301de\u0301rative<\/b><\/p>\n<p>Les de\u0301le\u0301gations recommandent l\u2019e\u0301laboration d\u2019une feuille de route de la Confe\u0301de\u0301ration des E\u0301tats du Sahel, l\u2019acce\u0301le\u0301ration de l\u2019e\u0301laboration de la charte graphique de l\u2019AES, l\u2019e\u0301laboration dans de meilleurs de\u0301lais des projets et protocole additionnel relatifs a\u0300 la re\u0301partition et aux compe\u0301tences entre la Confe\u0301de\u0301ration et les E\u0301tats, l\u2019identification des partenaires strate\u0301giques et l\u2019adoption d\u2019un protocole additionnel relatif a\u0300 la libre circulation des personnes et des biens, a\u0300 la de\u0301fense et a\u0300 la se\u0301curite\u0301.<\/p>\n<p>Si les e\u0301tapes devaient ainsi e\u0302tre \u00ab bru\u0302le\u0301es \u00bb pour prendre de court les cercles concentriques institutionnels exte\u0301rieurs a\u0300 l\u2019AES, les trois pays fre\u0300res seraient naturellement confronte\u0301s a\u0300 la question mone\u0301taire. Structurellement, les ne\u0301opanafricanistes exe\u0300crent le symbole colonial que repre\u0301sente le franc CFA. Conjoncturellement, les ministres ont condamne\u0301 \u00ab \u00bbla confiscation ille\u0301gale et ille\u0301gitime des avoirs du Niger par l\u2019Uemoa a\u0300 travers la BCEAO \u00bb.<\/p>\n<p>Il y a quelques jours, le chef du re\u0301gime nige\u0301rien avait \u00ab devance\u0301 l\u2019iguane dans l\u2019eau \u00bb. En interview te\u0301le\u0301vise\u0301e, le ge\u0301ne\u0301ral Abdourahamane Tiani e\u0301voquait la possible cre\u0301ation d\u2019une monnaie commune au Niger, au Burkina Faso et au Mali, comme une \u00ab e\u0301tape de sortie \u00bb d\u2019une \u00ab colonisation \u00bb qui serait, selon lui, toujours de mise.<\/p>\n<p><b>Source: JeuneAfrique<\/b><\/p>\n<p><strong>Pour plus d&rsquo;informations et d&rsquo;analyses sur la <a href=\"https:\/\/www.africa-press.net\/niger\">Niger<\/a>, suivez <a href=\"https:\/\/www.africa-press.net\/\">Africa-Press<\/a><\/strong><\/p>\n","protected":false},"excerpt":{"rendered":"<p>Damien Glez Africa-Press &#8211; Niger. Alors que la Cedeao tente toujours de raisonner les re\u0301gimes putschistes, les ministres de l\u2019Alliance des E\u0301tats du Sahel (AES) se re\u0301unissaient le 15 fe\u0301vrier a\u0300 Ouagadougou pour jeter les bases d\u2019une fe\u0301de\u0301ration entre les trois pays. Dessinateur et e\u0301ditorialiste franco-burkinabe\u0300. De\u0301but fe\u0301vrier, le Mali, le Niger et le Burkina [&hellip;]<\/p>\n","protected":false},"author":82,"featured_media":58726,"comment_status":"open","ping_status":"closed","sticky":false,"template":"","format":"standard","meta":{"footnotes":""},"categories":[7,10],"tags":[55,60,29],"class_list":["post-58727","post","type-post","status-publish","format-standard","has-post-thumbnail","hentry","category-dossiers","category-toutes-les-actualites","tag-africa-press","tag-africa-press-niger","tag-niger"],"yoast_head":"<!-- This site is optimized with the Yoast SEO Premium plugin v26.1 (Yoast SEO v27.0) - https:\/\/yoast.com\/product\/yoast-seo-premium-wordpress\/ -->\n<title>Mali-Burkina-Niger : de la scission \u00e0 la f\u00e9d\u00e9ration ? - niger<\/title>\n<meta name=\"description\" content=\"Alors que la Cedeao tente toujours de raisonner les re\u0301gimes putschistes, les ministres de l\u2019Alliance des E\u0301tats du S ...\" \/>\n<meta name=\"robots\" content=\"index, follow, max-snippet:-1, max-image-preview:large, max-video-preview:-1\" \/>\n<link rel=\"canonical\" href=\"https:\/\/www.africa-press.net\/niger\/dossiers\/mali-burkina-niger-de-la-scission-a-la-federation\" \/>\n<meta property=\"og:locale\" content=\"fr_FR\" \/>\n<meta property=\"og:type\" content=\"article\" \/>\n<meta property=\"og:title\" content=\"Mali-Burkina-Niger : de la scission \u00e0 la f\u00e9d\u00e9ration ?\" \/>\n<meta property=\"og:description\" content=\"Alors que la Cedeao tente toujours de raisonner les re\u0301gimes putschistes, les ministres de l\u2019Alliance des E\u0301tats du S ...\" \/>\n<meta property=\"og:url\" content=\"https:\/\/www.africa-press.net\/niger\/dossiers\/mali-burkina-niger-de-la-scission-a-la-federation\" \/>\n<meta property=\"og:site_name\" content=\"niger\" \/>\n<meta property=\"article:published_time\" content=\"2024-02-17T06:36:44+00:00\" \/>\n<meta property=\"article:modified_time\" content=\"2024-02-17T06:57:08+00:00\" \/>\n<meta property=\"og:image\" content=\"https:\/\/static.africa-press.net\/niger\/sites\/40\/2024\/02\/sm_1708140209.668271.jpg\" \/>\n\t<meta property=\"og:image:width\" content=\"1280\" \/>\n\t<meta property=\"og:image:height\" content=\"720\" \/>\n\t<meta property=\"og:image:type\" content=\"image\/jpeg\" \/>\n<meta name=\"author\" content=\"cfeditorfr\" \/>\n<meta name=\"twitter:card\" content=\"summary_large_image\" \/>\n<meta name=\"twitter:label1\" content=\"\u00c9crit par\" \/>\n\t<meta name=\"twitter:data1\" content=\"cfeditorfr\" \/>\n\t<meta name=\"twitter:label2\" content=\"Dur\u00e9e de lecture estim\u00e9e\" \/>\n\t<meta name=\"twitter:data2\" content=\"3 minutes\" \/>\n<script type=\"application\/ld+json\" class=\"yoast-schema-graph\">{\"@context\":\"https:\/\/schema.org\",\"@graph\":[{\"@type\":\"Article\",\"@id\":\"https:\/\/www.africa-press.net\/niger\/dossiers\/mali-burkina-niger-de-la-scission-a-la-federation#article\",\"isPartOf\":{\"@id\":\"https:\/\/www.africa-press.net\/niger\/dossiers\/mali-burkina-niger-de-la-scission-a-la-federation\"},\"author\":{\"name\":\"cfeditorfr\",\"@id\":\"https:\/\/www.africa-press.net\/niger\/#\/schema\/person\/2b1cf3cd81a31e3cd26889ca66d677f1\"},\"headline\":\"Mali-Burkina-Niger : de la scission \u00e0 la f\u00e9d\u00e9ration ?\",\"datePublished\":\"2024-02-17T06:36:44+00:00\",\"dateModified\":\"2024-02-17T06:57:08+00:00\",\"mainEntityOfPage\":{\"@id\":\"https:\/\/www.africa-press.net\/niger\/dossiers\/mali-burkina-niger-de-la-scission-a-la-federation\"},\"wordCount\":604,\"commentCount\":0,\"image\":{\"@id\":\"https:\/\/www.africa-press.net\/niger\/dossiers\/mali-burkina-niger-de-la-scission-a-la-federation#primaryimage\"},\"thumbnailUrl\":\"https:\/\/static.africa-press.net\/niger\/sites\/40\/2024\/02\/sm_1708140209.668271.jpg\",\"keywords\":[\"Africa Press\",\"Africa Press-Niger\",\"Niger\"],\"articleSection\":[\"Dossiers\",\"Toutes les actualit\u00e9s\"],\"inLanguage\":\"fr-FR\",\"potentialAction\":[{\"@type\":\"CommentAction\",\"name\":\"Comment\",\"target\":[\"https:\/\/www.africa-press.net\/niger\/dossiers\/mali-burkina-niger-de-la-scission-a-la-federation#respond\"]}]},{\"@type\":\"WebPage\",\"@id\":\"https:\/\/www.africa-press.net\/niger\/dossiers\/mali-burkina-niger-de-la-scission-a-la-federation\",\"url\":\"https:\/\/www.africa-press.net\/niger\/dossiers\/mali-burkina-niger-de-la-scission-a-la-federation\",\"name\":\"Mali-Burkina-Niger : de la scission \u00e0 la f\u00e9d\u00e9ration ? - niger\",\"isPartOf\":{\"@id\":\"https:\/\/www.africa-press.net\/niger\/#website\"},\"primaryImageOfPage\":{\"@id\":\"https:\/\/www.africa-press.net\/niger\/dossiers\/mali-burkina-niger-de-la-scission-a-la-federation#primaryimage\"},\"image\":{\"@id\":\"https:\/\/www.africa-press.net\/niger\/dossiers\/mali-burkina-niger-de-la-scission-a-la-federation#primaryimage\"},\"thumbnailUrl\":\"https:\/\/static.africa-press.net\/niger\/sites\/40\/2024\/02\/sm_1708140209.668271.jpg\",\"datePublished\":\"2024-02-17T06:36:44+00:00\",\"dateModified\":\"2024-02-17T06:57:08+00:00\",\"author\":{\"@id\":\"https:\/\/www.africa-press.net\/niger\/#\/schema\/person\/2b1cf3cd81a31e3cd26889ca66d677f1\"},\"description\":\"Alors que la Cedeao tente toujours de raisonner les re\u0301gimes putschistes, les ministres de l\u2019Alliance des E\u0301tats du S ...\",\"breadcrumb\":{\"@id\":\"https:\/\/www.africa-press.net\/niger\/dossiers\/mali-burkina-niger-de-la-scission-a-la-federation#breadcrumb\"},\"inLanguage\":\"fr-FR\",\"potentialAction\":[{\"@type\":\"ReadAction\",\"target\":[\"https:\/\/www.africa-press.net\/niger\/dossiers\/mali-burkina-niger-de-la-scission-a-la-federation\"]}]},{\"@type\":\"ImageObject\",\"inLanguage\":\"fr-FR\",\"@id\":\"https:\/\/www.africa-press.net\/niger\/dossiers\/mali-burkina-niger-de-la-scission-a-la-federation#primaryimage\",\"url\":\"https:\/\/static.africa-press.net\/niger\/sites\/40\/2024\/02\/sm_1708140209.668271.jpg\",\"contentUrl\":\"https:\/\/static.africa-press.net\/niger\/sites\/40\/2024\/02\/sm_1708140209.668271.jpg\",\"width\":1280,\"height\":720,\"caption\":\"Mali-Burkina-Niger : de la scission \u00e0 la f\u00e9d\u00e9ration ?\"},{\"@type\":\"BreadcrumbList\",\"@id\":\"https:\/\/www.africa-press.net\/niger\/dossiers\/mali-burkina-niger-de-la-scission-a-la-federation#breadcrumb\",\"itemListElement\":[{\"@type\":\"ListItem\",\"position\":1,\"name\":\"Accueil\",\"item\":\"https:\/\/www.africa-press.net\/niger\/\"},{\"@type\":\"ListItem\",\"position\":2,\"name\":\"Mali-Burkina-Niger : de la scission \u00e0 la f\u00e9d\u00e9ration ?\"}]},{\"@type\":\"WebSite\",\"@id\":\"https:\/\/www.africa-press.net\/niger\/#website\",\"url\":\"https:\/\/www.africa-press.net\/niger\/\",\"name\":\"niger\",\"description\":\"Just another Africa News Agency Sites site\",\"potentialAction\":[{\"@type\":\"SearchAction\",\"target\":{\"@type\":\"EntryPoint\",\"urlTemplate\":\"https:\/\/www.africa-press.net\/niger\/?s={search_term_string}\"},\"query-input\":{\"@type\":\"PropertyValueSpecification\",\"valueRequired\":true,\"valueName\":\"search_term_string\"}}],\"inLanguage\":\"fr-FR\"},{\"@type\":\"Person\",\"@id\":\"https:\/\/www.africa-press.net\/niger\/#\/schema\/person\/2b1cf3cd81a31e3cd26889ca66d677f1\",\"name\":\"cfeditorfr\"}]}<\/script>\n<!-- \/ Yoast SEO Premium plugin. -->","yoast_head_json":{"title":"Mali-Burkina-Niger : de la scission \u00e0 la f\u00e9d\u00e9ration ? - niger","description":"Alors que la Cedeao tente toujours de raisonner les re\u0301gimes putschistes, les ministres de l\u2019Alliance des E\u0301tats du S ...","robots":{"index":"index","follow":"follow","max-snippet":"max-snippet:-1","max-image-preview":"max-image-preview:large","max-video-preview":"max-video-preview:-1"},"canonical":"https:\/\/www.africa-press.net\/niger\/dossiers\/mali-burkina-niger-de-la-scission-a-la-federation","og_locale":"fr_FR","og_type":"article","og_title":"Mali-Burkina-Niger : de la scission \u00e0 la f\u00e9d\u00e9ration ?","og_description":"Alors que la Cedeao tente toujours de raisonner les re\u0301gimes putschistes, les ministres de l\u2019Alliance des E\u0301tats du S ...","og_url":"https:\/\/www.africa-press.net\/niger\/dossiers\/mali-burkina-niger-de-la-scission-a-la-federation","og_site_name":"niger","article_published_time":"2024-02-17T06:36:44+00:00","article_modified_time":"2024-02-17T06:57:08+00:00","og_image":[{"width":1280,"height":720,"url":"https:\/\/static.africa-press.net\/niger\/sites\/40\/2024\/02\/sm_1708140209.668271.jpg","type":"image\/jpeg"}],"author":"cfeditorfr","twitter_card":"summary_large_image","twitter_misc":{"\u00c9crit par":"cfeditorfr","Dur\u00e9e de lecture estim\u00e9e":"3 minutes"},"schema":{"@context":"https:\/\/schema.org","@graph":[{"@type":"Article","@id":"https:\/\/www.africa-press.net\/niger\/dossiers\/mali-burkina-niger-de-la-scission-a-la-federation#article","isPartOf":{"@id":"https:\/\/www.africa-press.net\/niger\/dossiers\/mali-burkina-niger-de-la-scission-a-la-federation"},"author":{"name":"cfeditorfr","@id":"https:\/\/www.africa-press.net\/niger\/#\/schema\/person\/2b1cf3cd81a31e3cd26889ca66d677f1"},"headline":"Mali-Burkina-Niger : de la scission \u00e0 la f\u00e9d\u00e9ration ?","datePublished":"2024-02-17T06:36:44+00:00","dateModified":"2024-02-17T06:57:08+00:00","mainEntityOfPage":{"@id":"https:\/\/www.africa-press.net\/niger\/dossiers\/mali-burkina-niger-de-la-scission-a-la-federation"},"wordCount":604,"commentCount":0,"image":{"@id":"https:\/\/www.africa-press.net\/niger\/dossiers\/mali-burkina-niger-de-la-scission-a-la-federation#primaryimage"},"thumbnailUrl":"https:\/\/static.africa-press.net\/niger\/sites\/40\/2024\/02\/sm_1708140209.668271.jpg","keywords":["Africa Press","Africa Press-Niger","Niger"],"articleSection":["Dossiers","Toutes les actualit\u00e9s"],"inLanguage":"fr-FR","potentialAction":[{"@type":"CommentAction","name":"Comment","target":["https:\/\/www.africa-press.net\/niger\/dossiers\/mali-burkina-niger-de-la-scission-a-la-federation#respond"]}]},{"@type":"WebPage","@id":"https:\/\/www.africa-press.net\/niger\/dossiers\/mali-burkina-niger-de-la-scission-a-la-federation","url":"https:\/\/www.africa-press.net\/niger\/dossiers\/mali-burkina-niger-de-la-scission-a-la-federation","name":"Mali-Burkina-Niger : de la scission \u00e0 la f\u00e9d\u00e9ration ? - niger","isPartOf":{"@id":"https:\/\/www.africa-press.net\/niger\/#website"},"primaryImageOfPage":{"@id":"https:\/\/www.africa-press.net\/niger\/dossiers\/mali-burkina-niger-de-la-scission-a-la-federation#primaryimage"},"image":{"@id":"https:\/\/www.africa-press.net\/niger\/dossiers\/mali-burkina-niger-de-la-scission-a-la-federation#primaryimage"},"thumbnailUrl":"https:\/\/static.africa-press.net\/niger\/sites\/40\/2024\/02\/sm_1708140209.668271.jpg","datePublished":"2024-02-17T06:36:44+00:00","dateModified":"2024-02-17T06:57:08+00:00","author":{"@id":"https:\/\/www.africa-press.net\/niger\/#\/schema\/person\/2b1cf3cd81a31e3cd26889ca66d677f1"},"description":"Alors que la Cedeao tente toujours de raisonner les re\u0301gimes putschistes, les ministres de l\u2019Alliance des E\u0301tats du S ...","breadcrumb":{"@id":"https:\/\/www.africa-press.net\/niger\/dossiers\/mali-burkina-niger-de-la-scission-a-la-federation#breadcrumb"},"inLanguage":"fr-FR","potentialAction":[{"@type":"ReadAction","target":["https:\/\/www.africa-press.net\/niger\/dossiers\/mali-burkina-niger-de-la-scission-a-la-federation"]}]},{"@type":"ImageObject","inLanguage":"fr-FR","@id":"https:\/\/www.africa-press.net\/niger\/dossiers\/mali-burkina-niger-de-la-scission-a-la-federation#primaryimage","url":"https:\/\/static.africa-press.net\/niger\/sites\/40\/2024\/02\/sm_1708140209.668271.jpg","contentUrl":"https:\/\/static.africa-press.net\/niger\/sites\/40\/2024\/02\/sm_1708140209.668271.jpg","width":1280,"height":720,"caption":"Mali-Burkina-Niger : de la scission \u00e0 la f\u00e9d\u00e9ration ?"},{"@type":"BreadcrumbList","@id":"https:\/\/www.africa-press.net\/niger\/dossiers\/mali-burkina-niger-de-la-scission-a-la-federation#breadcrumb","itemListElement":[{"@type":"ListItem","position":1,"name":"Accueil","item":"https:\/\/www.africa-press.net\/niger\/"},{"@type":"ListItem","position":2,"name":"Mali-Burkina-Niger : de la scission \u00e0 la f\u00e9d\u00e9ration ?"}]},{"@type":"WebSite","@id":"https:\/\/www.africa-press.net\/niger\/#website","url":"https:\/\/www.africa-press.net\/niger\/","name":"niger","description":"Just another Africa News Agency Sites site","potentialAction":[{"@type":"SearchAction","target":{"@type":"EntryPoint","urlTemplate":"https:\/\/www.africa-press.net\/niger\/?s={search_term_string}"},"query-input":{"@type":"PropertyValueSpecification","valueRequired":true,"valueName":"search_term_string"}}],"inLanguage":"fr-FR"},{"@type":"Person","@id":"https:\/\/www.africa-press.net\/niger\/#\/schema\/person\/2b1cf3cd81a31e3cd26889ca66d677f1","name":"cfeditorfr"}]}},"_links":{"self":[{"href":"https:\/\/www.africa-press.net\/niger\/wp-json\/wp\/v2\/posts\/58727","targetHints":{"allow":["GET"]}}],"collection":[{"href":"https:\/\/www.africa-press.net\/niger\/wp-json\/wp\/v2\/posts"}],"about":[{"href":"https:\/\/www.africa-press.net\/niger\/wp-json\/wp\/v2\/types\/post"}],"author":[{"embeddable":true,"href":"https:\/\/www.africa-press.net\/niger\/wp-json\/wp\/v2\/users\/82"}],"replies":[{"embeddable":true,"href":"https:\/\/www.africa-press.net\/niger\/wp-json\/wp\/v2\/comments?post=58727"}],"version-history":[{"count":0,"href":"https:\/\/www.africa-press.net\/niger\/wp-json\/wp\/v2\/posts\/58727\/revisions"}],"wp:featuredmedia":[{"embeddable":true,"href":"https:\/\/www.africa-press.net\/niger\/wp-json\/wp\/v2\/media\/58726"}],"wp:attachment":[{"href":"https:\/\/www.africa-press.net\/niger\/wp-json\/wp\/v2\/media?parent=58727"}],"wp:term":[{"taxonomy":"category","embeddable":true,"href":"https:\/\/www.africa-press.net\/niger\/wp-json\/wp\/v2\/categories?post=58727"},{"taxonomy":"post_tag","embeddable":true,"href":"https:\/\/www.africa-press.net\/niger\/wp-json\/wp\/v2\/tags?post=58727"}],"curies":[{"name":"wp","href":"https:\/\/api.w.org\/{rel}","templated":true}]}}