{"id":58739,"date":"2024-02-17T16:40:37","date_gmt":"2024-02-17T16:40:37","guid":{"rendered":"https:\/\/www.africa-press.net\/niger\/politique\/declaration-de-naissance-de-lunion-patronale-des-agriculteurs-et-transformateurs-du-niger-upat-niger-pour-la-defense-des-interets-des-adherents-et-la-realisation-de-la-souverainete-alimenta"},"modified":"2024-02-17T17:56:16","modified_gmt":"2024-02-17T17:56:16","slug":"declaration-de-naissance-de-lunion-patronale-des-agriculteurs-et-transformateurs-du-niger-upat-niger-pour-la-defense-des-interets-des-adherents-et-la-realisation-de-la-souverainete-alimenta","status":"publish","type":"post","link":"https:\/\/www.africa-press.net\/niger\/toutes-les-actualites\/declaration-de-naissance-de-lunion-patronale-des-agriculteurs-et-transformateurs-du-niger-upat-niger-pour-la-defense-des-interets-des-adherents-et-la-realisation-de-la-souverainete-alimenta","title":{"rendered":"D\u00e9claration de naissance de l\u2019Union Patronale des Agriculteurs et Transformateurs du Niger UPAT-NIGER : Pour la d\u00e9fense des int\u00e9r\u00eats des adh\u00e9rents et la r\u00e9alisation de la souverainet\u00e9 alimentaire"},"content":{"rendered":"<p><span style=\"color: #ff6600\"><strong>Africa-Press &#8211; Niger. <\/strong><\/span>Une nouvelle organisation de\u0301nomme\u0301e Union Patronale des Agriculteurs et Transformateurs du Niger (UPAT-NIGER) vient de voir officiellement le jour. La de\u0301claration constitutive de ladite structure a e\u0301te\u0301 rendue publique, hier jeudi 15 fe\u0301vrier 2024 au sie\u0300ge de la Confe\u0301de\u0301ration Ge\u0301ne\u0301rale du Patronat du Niger (CGPN). La naissance de cette organisation fait suite a\u0300 une analyse de la situation socioprofessionnelle et politique du Niger.<\/p>\n<p>Le Pre\u0301sident de la Confe\u0301de\u0301ration Ge\u0301ne\u0301rale du Patronat du Niger, M. Hassoumi Tahirou, a manifeste\u0301 sa joie pour la mise en place de cette nouvelle organisation patronale, qui selon lui, est la rele\u0300ve assure\u0301e. Il a mis a\u0300 profit l\u2019occasion pour prodiguer aux membres de ladite structure quelques conseils en tant qu\u2019ancien et Pre\u0301sident du CGPN.<\/p>\n<p>Dans la de\u0301claration qu\u2019il a lue, le Pre\u0301sident de l\u2019UPAT-NIGER, M. Hassan Zakou, a indique\u0301 e\u0302tre profonde\u0301ment attache\u0301 aux valeurs de\u0301mocratiques et aux principes d\u2019e\u0301thique qui fondent l\u2019action syndicale. Aussi, a-t-il ajoute\u0301, l\u2019union est de\u0301termine\u0301e a\u0300 de\u0301fendre les inte\u0301re\u0302ts mate\u0301riels et moraux des Agriculteurs et Transformateurs dont le pouvoir d\u2019achat est en baisse.<\/p>\n<p>La mise en place de cette union de\u0301nomme\u0301e: Union Patronale des Agriculteurs et Transformateurs du Niger, a pour but de renforcer l\u2019efficacite\u0301 des actions en faveur des adhe\u0301rents en particulier et des populations nige\u0301riennes en ge\u0301ne\u0301ral. \u00ab L\u2019union demande au gouvernement de tout mettre en \u0153uvre pour faire be\u0301ne\u0301ficier les agriculteurs et Transformateurs du Niger des avantages lie\u0301s au code des investissements. L\u2019UPAT-NIGER, lance un appel aux adhe\u0301rents pour rester vigilants et engage\u0301s afin de restaurer l\u2019image de marque des agriculteurs et transformateurs du Niger \u00bb, a de\u0301clare\u0301 M. Hassan Zakou.<\/p>\n<p>M. Adolphe Sagbo, parrain de la ce\u0301re\u0301monie a, pour sa part, indique\u0301 que cette organisation est mise en place pour de\u0301velopper l\u2019agriculture et trouver aux Nige\u0301riens un moyen de re\u0301aliser l\u2019autosuffisance alimentaire et lutter contre le cho\u0302mage. \u00ab Ces jeunes ont pris la de\u0301cision de tout faire pour que dans quelques anne\u0301es nous ne soyons plus oblige\u0301s d\u2019importer ce que nous consommons. C\u2019e\u0301tait l\u2019engagement qu\u2019on avait eu a\u0300 prendre lorsqu\u2019on avait e\u0301te\u0301 rec\u0327u en audience par le Premier ministre, ministre de l\u2019Economie et des Finances M. Ali Mahaman Lamine Zeine. Nous sommes en train de mettre en \u0153uvre le programme que nous avons dessine\u0301 pour atteindre l\u2019autosuffisance alimentaire du Niger \u00bb, a-t-il conclu.<\/p>\n<p>&nbsp;<\/p>\n<p><strong>Pour plus d&rsquo;informations et d&rsquo;analyses sur la <a href=\"https:\/\/www.africa-press.net\/niger\">Niger<\/a>, suivez <a href=\"https:\/\/www.africa-press.net\/\">Africa-Press<\/a><\/strong><\/p>\n","protected":false},"excerpt":{"rendered":"<p>Africa-Press &#8211; Niger. Une nouvelle organisation de\u0301nomme\u0301e Union Patronale des Agriculteurs et Transformateurs du Niger (UPAT-NIGER) vient de voir officiellement le jour. La de\u0301claration constitutive de ladite structure a e\u0301te\u0301 rendue publique, hier jeudi 15 fe\u0301vrier 2024 au sie\u0300ge de la Confe\u0301de\u0301ration Ge\u0301ne\u0301rale du Patronat du Niger (CGPN). La naissance de cette organisation fait suite [&hellip;]<\/p>\n","protected":false},"author":82,"featured_media":58738,"comment_status":"open","ping_status":"closed","sticky":false,"template":"","format":"standard","meta":{"footnotes":""},"categories":[21,10],"tags":[55,60,29],"class_list":["post-58739","post","type-post","status-publish","format-standard","has-post-thumbnail","hentry","category-communaute","category-toutes-les-actualites","tag-africa-press","tag-africa-press-niger","tag-niger"],"yoast_head":"<!-- This site is optimized with the Yoast SEO Premium plugin v26.1 (Yoast SEO v27.0) - https:\/\/yoast.com\/product\/yoast-seo-premium-wordpress\/ -->\n<title>D\u00e9claration de naissance de l\u2019Union Patronale des Agriculteurs et Transformateurs du Niger UPAT-NIGER : Pour la d\u00e9fense des int\u00e9r\u00eats des adh\u00e9rents et la r\u00e9alisation de la souverainet\u00e9 alimentaire - niger<\/title>\n<meta name=\"description\" content=\"Une nouvelle organisation de\u0301nomme\u0301e Union Patronale des Agriculteurs et Transformateurs du Niger (UPAT-NIGER) vient de ...\" \/>\n<meta name=\"robots\" content=\"index, follow, max-snippet:-1, max-image-preview:large, max-video-preview:-1\" \/>\n<link rel=\"canonical\" href=\"https:\/\/www.africa-press.net\/niger\/toutes-les-actualites\/declaration-de-naissance-de-lunion-patronale-des-agriculteurs-et-transformateurs-du-niger-upat-niger-pour-la-defense-des-interets-des-adherents-et-la-realisation-de-la-souverainete-alimenta\" \/>\n<meta property=\"og:locale\" content=\"fr_FR\" \/>\n<meta property=\"og:type\" content=\"article\" \/>\n<meta property=\"og:title\" content=\"D\u00e9claration de naissance de l\u2019Union Patronale des Agriculteurs et Transformateurs du Niger UPAT-NIGER : Pour la d\u00e9fense des int\u00e9r\u00eats des adh\u00e9rents et la r\u00e9alisation de la souverainet\u00e9 alimentaire\" \/>\n<meta property=\"og:description\" content=\"Une nouvelle organisation de\u0301nomme\u0301e Union Patronale des Agriculteurs et Transformateurs du Niger (UPAT-NIGER) vient de ...\" \/>\n<meta property=\"og:url\" content=\"https:\/\/www.africa-press.net\/niger\/toutes-les-actualites\/declaration-de-naissance-de-lunion-patronale-des-agriculteurs-et-transformateurs-du-niger-upat-niger-pour-la-defense-des-interets-des-adherents-et-la-realisation-de-la-souverainete-alimenta\" \/>\n<meta property=\"og:site_name\" content=\"niger\" \/>\n<meta property=\"article:published_time\" content=\"2024-02-17T16:40:37+00:00\" \/>\n<meta property=\"article:modified_time\" content=\"2024-02-17T17:56:16+00:00\" \/>\n<meta property=\"og:image\" content=\"https:\/\/static.africa-press.net\/niger\/sites\/40\/2024\/02\/sm_1708179086.491913.jpg\" \/>\n\t<meta property=\"og:image:width\" content=\"800\" \/>\n\t<meta property=\"og:image:height\" content=\"534\" \/>\n\t<meta property=\"og:image:type\" content=\"image\/jpeg\" \/>\n<meta name=\"author\" content=\"cfeditorfr\" \/>\n<meta name=\"twitter:card\" content=\"summary_large_image\" \/>\n<meta name=\"twitter:label1\" content=\"\u00c9crit par\" \/>\n\t<meta name=\"twitter:data1\" content=\"cfeditorfr\" \/>\n\t<meta name=\"twitter:label2\" content=\"Dur\u00e9e de lecture estim\u00e9e\" \/>\n\t<meta name=\"twitter:data2\" content=\"2 minutes\" \/>\n<script type=\"application\/ld+json\" class=\"yoast-schema-graph\">{\"@context\":\"https:\/\/schema.org\",\"@graph\":[{\"@type\":\"Article\",\"@id\":\"https:\/\/www.africa-press.net\/niger\/toutes-les-actualites\/declaration-de-naissance-de-lunion-patronale-des-agriculteurs-et-transformateurs-du-niger-upat-niger-pour-la-defense-des-interets-des-adherents-et-la-realisation-de-la-souverainete-alimenta#article\",\"isPartOf\":{\"@id\":\"https:\/\/www.africa-press.net\/niger\/toutes-les-actualites\/declaration-de-naissance-de-lunion-patronale-des-agriculteurs-et-transformateurs-du-niger-upat-niger-pour-la-defense-des-interets-des-adherents-et-la-realisation-de-la-souverainete-alimenta\"},\"author\":{\"name\":\"cfeditorfr\",\"@id\":\"https:\/\/www.africa-press.net\/niger\/#\/schema\/person\/2b1cf3cd81a31e3cd26889ca66d677f1\"},\"headline\":\"D\u00e9claration de naissance de l\u2019Union Patronale des Agriculteurs et Transformateurs du Niger UPAT-NIGER : Pour la d\u00e9fense des int\u00e9r\u00eats des adh\u00e9rents et la r\u00e9alisation de la souverainet\u00e9 alimentaire\",\"datePublished\":\"2024-02-17T16:40:37+00:00\",\"dateModified\":\"2024-02-17T17:56:16+00:00\",\"mainEntityOfPage\":{\"@id\":\"https:\/\/www.africa-press.net\/niger\/toutes-les-actualites\/declaration-de-naissance-de-lunion-patronale-des-agriculteurs-et-transformateurs-du-niger-upat-niger-pour-la-defense-des-interets-des-adherents-et-la-realisation-de-la-souverainete-alimenta\"},\"wordCount\":495,\"commentCount\":0,\"image\":{\"@id\":\"https:\/\/www.africa-press.net\/niger\/toutes-les-actualites\/declaration-de-naissance-de-lunion-patronale-des-agriculteurs-et-transformateurs-du-niger-upat-niger-pour-la-defense-des-interets-des-adherents-et-la-realisation-de-la-souverainete-alimenta#primaryimage\"},\"thumbnailUrl\":\"https:\/\/static.africa-press.net\/niger\/sites\/40\/2024\/02\/sm_1708179086.491913.jpg\",\"keywords\":[\"Africa Press\",\"Africa Press-Niger\",\"Niger\"],\"articleSection\":[\"Communaut\u00e9\",\"Toutes les actualit\u00e9s\"],\"inLanguage\":\"fr-FR\",\"potentialAction\":[{\"@type\":\"CommentAction\",\"name\":\"Comment\",\"target\":[\"https:\/\/www.africa-press.net\/niger\/toutes-les-actualites\/declaration-de-naissance-de-lunion-patronale-des-agriculteurs-et-transformateurs-du-niger-upat-niger-pour-la-defense-des-interets-des-adherents-et-la-realisation-de-la-souverainete-alimenta#respond\"]}]},{\"@type\":\"WebPage\",\"@id\":\"https:\/\/www.africa-press.net\/niger\/toutes-les-actualites\/declaration-de-naissance-de-lunion-patronale-des-agriculteurs-et-transformateurs-du-niger-upat-niger-pour-la-defense-des-interets-des-adherents-et-la-realisation-de-la-souverainete-alimenta\",\"url\":\"https:\/\/www.africa-press.net\/niger\/toutes-les-actualites\/declaration-de-naissance-de-lunion-patronale-des-agriculteurs-et-transformateurs-du-niger-upat-niger-pour-la-defense-des-interets-des-adherents-et-la-realisation-de-la-souverainete-alimenta\",\"name\":\"D\u00e9claration de naissance de l\u2019Union Patronale des Agriculteurs et Transformateurs du Niger UPAT-NIGER : Pour la d\u00e9fense des int\u00e9r\u00eats des adh\u00e9rents et la r\u00e9alisation de la souverainet\u00e9 alimentaire - niger\",\"isPartOf\":{\"@id\":\"https:\/\/www.africa-press.net\/niger\/#website\"},\"primaryImageOfPage\":{\"@id\":\"https:\/\/www.africa-press.net\/niger\/toutes-les-actualites\/declaration-de-naissance-de-lunion-patronale-des-agriculteurs-et-transformateurs-du-niger-upat-niger-pour-la-defense-des-interets-des-adherents-et-la-realisation-de-la-souverainete-alimenta#primaryimage\"},\"image\":{\"@id\":\"https:\/\/www.africa-press.net\/niger\/toutes-les-actualites\/declaration-de-naissance-de-lunion-patronale-des-agriculteurs-et-transformateurs-du-niger-upat-niger-pour-la-defense-des-interets-des-adherents-et-la-realisation-de-la-souverainete-alimenta#primaryimage\"},\"thumbnailUrl\":\"https:\/\/static.africa-press.net\/niger\/sites\/40\/2024\/02\/sm_1708179086.491913.jpg\",\"datePublished\":\"2024-02-17T16:40:37+00:00\",\"dateModified\":\"2024-02-17T17:56:16+00:00\",\"author\":{\"@id\":\"https:\/\/www.africa-press.net\/niger\/#\/schema\/person\/2b1cf3cd81a31e3cd26889ca66d677f1\"},\"description\":\"Une nouvelle organisation de\u0301nomme\u0301e Union Patronale des Agriculteurs et Transformateurs du Niger (UPAT-NIGER) vient de ...\",\"breadcrumb\":{\"@id\":\"https:\/\/www.africa-press.net\/niger\/toutes-les-actualites\/declaration-de-naissance-de-lunion-patronale-des-agriculteurs-et-transformateurs-du-niger-upat-niger-pour-la-defense-des-interets-des-adherents-et-la-realisation-de-la-souverainete-alimenta#breadcrumb\"},\"inLanguage\":\"fr-FR\",\"potentialAction\":[{\"@type\":\"ReadAction\",\"target\":[\"https:\/\/www.africa-press.net\/niger\/toutes-les-actualites\/declaration-de-naissance-de-lunion-patronale-des-agriculteurs-et-transformateurs-du-niger-upat-niger-pour-la-defense-des-interets-des-adherents-et-la-realisation-de-la-souverainete-alimenta\"]}]},{\"@type\":\"ImageObject\",\"inLanguage\":\"fr-FR\",\"@id\":\"https:\/\/www.africa-press.net\/niger\/toutes-les-actualites\/declaration-de-naissance-de-lunion-patronale-des-agriculteurs-et-transformateurs-du-niger-upat-niger-pour-la-defense-des-interets-des-adherents-et-la-realisation-de-la-souverainete-alimenta#primaryimage\",\"url\":\"https:\/\/static.africa-press.net\/niger\/sites\/40\/2024\/02\/sm_1708179086.491913.jpg\",\"contentUrl\":\"https:\/\/static.africa-press.net\/niger\/sites\/40\/2024\/02\/sm_1708179086.491913.jpg\",\"width\":800,\"height\":534,\"caption\":\"D\u00e9claration de naissance de l\u2019Union Patronale des Agriculteurs et Transformateurs du Niger UPAT-NIGER : Pour la d\u00e9fense des int\u00e9r\u00eats des adh\u00e9rents et la r\u00e9alisation de la souverainet\u00e9 alimentaire\"},{\"@type\":\"BreadcrumbList\",\"@id\":\"https:\/\/www.africa-press.net\/niger\/toutes-les-actualites\/declaration-de-naissance-de-lunion-patronale-des-agriculteurs-et-transformateurs-du-niger-upat-niger-pour-la-defense-des-interets-des-adherents-et-la-realisation-de-la-souverainete-alimenta#breadcrumb\",\"itemListElement\":[{\"@type\":\"ListItem\",\"position\":1,\"name\":\"Accueil\",\"item\":\"https:\/\/www.africa-press.net\/niger\/\"},{\"@type\":\"ListItem\",\"position\":2,\"name\":\"D\u00e9claration de naissance de l\u2019Union Patronale des Agriculteurs et Transformateurs du Niger UPAT-NIGER : Pour la d\u00e9fense des int\u00e9r\u00eats des adh\u00e9rents et la r\u00e9alisation de la souverainet\u00e9 alimentaire\"}]},{\"@type\":\"WebSite\",\"@id\":\"https:\/\/www.africa-press.net\/niger\/#website\",\"url\":\"https:\/\/www.africa-press.net\/niger\/\",\"name\":\"niger\",\"description\":\"Just another Africa News Agency Sites site\",\"potentialAction\":[{\"@type\":\"SearchAction\",\"target\":{\"@type\":\"EntryPoint\",\"urlTemplate\":\"https:\/\/www.africa-press.net\/niger\/?s={search_term_string}\"},\"query-input\":{\"@type\":\"PropertyValueSpecification\",\"valueRequired\":true,\"valueName\":\"search_term_string\"}}],\"inLanguage\":\"fr-FR\"},{\"@type\":\"Person\",\"@id\":\"https:\/\/www.africa-press.net\/niger\/#\/schema\/person\/2b1cf3cd81a31e3cd26889ca66d677f1\",\"name\":\"cfeditorfr\"}]}<\/script>\n<!-- \/ Yoast SEO Premium plugin. -->","yoast_head_json":{"title":"D\u00e9claration de naissance de l\u2019Union Patronale des Agriculteurs et Transformateurs du Niger UPAT-NIGER : Pour la d\u00e9fense des int\u00e9r\u00eats des adh\u00e9rents et la r\u00e9alisation de la souverainet\u00e9 alimentaire - niger","description":"Une nouvelle organisation de\u0301nomme\u0301e Union Patronale des Agriculteurs et Transformateurs du Niger (UPAT-NIGER) vient de ...","robots":{"index":"index","follow":"follow","max-snippet":"max-snippet:-1","max-image-preview":"max-image-preview:large","max-video-preview":"max-video-preview:-1"},"canonical":"https:\/\/www.africa-press.net\/niger\/toutes-les-actualites\/declaration-de-naissance-de-lunion-patronale-des-agriculteurs-et-transformateurs-du-niger-upat-niger-pour-la-defense-des-interets-des-adherents-et-la-realisation-de-la-souverainete-alimenta","og_locale":"fr_FR","og_type":"article","og_title":"D\u00e9claration de naissance de l\u2019Union Patronale des Agriculteurs et Transformateurs du Niger UPAT-NIGER : Pour la d\u00e9fense des int\u00e9r\u00eats des adh\u00e9rents et la r\u00e9alisation de la souverainet\u00e9 alimentaire","og_description":"Une nouvelle organisation de\u0301nomme\u0301e Union Patronale des Agriculteurs et Transformateurs du Niger (UPAT-NIGER) vient de ...","og_url":"https:\/\/www.africa-press.net\/niger\/toutes-les-actualites\/declaration-de-naissance-de-lunion-patronale-des-agriculteurs-et-transformateurs-du-niger-upat-niger-pour-la-defense-des-interets-des-adherents-et-la-realisation-de-la-souverainete-alimenta","og_site_name":"niger","article_published_time":"2024-02-17T16:40:37+00:00","article_modified_time":"2024-02-17T17:56:16+00:00","og_image":[{"width":800,"height":534,"url":"https:\/\/static.africa-press.net\/niger\/sites\/40\/2024\/02\/sm_1708179086.491913.jpg","type":"image\/jpeg"}],"author":"cfeditorfr","twitter_card":"summary_large_image","twitter_misc":{"\u00c9crit par":"cfeditorfr","Dur\u00e9e de lecture estim\u00e9e":"2 minutes"},"schema":{"@context":"https:\/\/schema.org","@graph":[{"@type":"Article","@id":"https:\/\/www.africa-press.net\/niger\/toutes-les-actualites\/declaration-de-naissance-de-lunion-patronale-des-agriculteurs-et-transformateurs-du-niger-upat-niger-pour-la-defense-des-interets-des-adherents-et-la-realisation-de-la-souverainete-alimenta#article","isPartOf":{"@id":"https:\/\/www.africa-press.net\/niger\/toutes-les-actualites\/declaration-de-naissance-de-lunion-patronale-des-agriculteurs-et-transformateurs-du-niger-upat-niger-pour-la-defense-des-interets-des-adherents-et-la-realisation-de-la-souverainete-alimenta"},"author":{"name":"cfeditorfr","@id":"https:\/\/www.africa-press.net\/niger\/#\/schema\/person\/2b1cf3cd81a31e3cd26889ca66d677f1"},"headline":"D\u00e9claration de naissance de l\u2019Union Patronale des Agriculteurs et Transformateurs du Niger UPAT-NIGER : Pour la d\u00e9fense des int\u00e9r\u00eats des adh\u00e9rents et la r\u00e9alisation de la souverainet\u00e9 alimentaire","datePublished":"2024-02-17T16:40:37+00:00","dateModified":"2024-02-17T17:56:16+00:00","mainEntityOfPage":{"@id":"https:\/\/www.africa-press.net\/niger\/toutes-les-actualites\/declaration-de-naissance-de-lunion-patronale-des-agriculteurs-et-transformateurs-du-niger-upat-niger-pour-la-defense-des-interets-des-adherents-et-la-realisation-de-la-souverainete-alimenta"},"wordCount":495,"commentCount":0,"image":{"@id":"https:\/\/www.africa-press.net\/niger\/toutes-les-actualites\/declaration-de-naissance-de-lunion-patronale-des-agriculteurs-et-transformateurs-du-niger-upat-niger-pour-la-defense-des-interets-des-adherents-et-la-realisation-de-la-souverainete-alimenta#primaryimage"},"thumbnailUrl":"https:\/\/static.africa-press.net\/niger\/sites\/40\/2024\/02\/sm_1708179086.491913.jpg","keywords":["Africa Press","Africa Press-Niger","Niger"],"articleSection":["Communaut\u00e9","Toutes les actualit\u00e9s"],"inLanguage":"fr-FR","potentialAction":[{"@type":"CommentAction","name":"Comment","target":["https:\/\/www.africa-press.net\/niger\/toutes-les-actualites\/declaration-de-naissance-de-lunion-patronale-des-agriculteurs-et-transformateurs-du-niger-upat-niger-pour-la-defense-des-interets-des-adherents-et-la-realisation-de-la-souverainete-alimenta#respond"]}]},{"@type":"WebPage","@id":"https:\/\/www.africa-press.net\/niger\/toutes-les-actualites\/declaration-de-naissance-de-lunion-patronale-des-agriculteurs-et-transformateurs-du-niger-upat-niger-pour-la-defense-des-interets-des-adherents-et-la-realisation-de-la-souverainete-alimenta","url":"https:\/\/www.africa-press.net\/niger\/toutes-les-actualites\/declaration-de-naissance-de-lunion-patronale-des-agriculteurs-et-transformateurs-du-niger-upat-niger-pour-la-defense-des-interets-des-adherents-et-la-realisation-de-la-souverainete-alimenta","name":"D\u00e9claration de naissance de l\u2019Union Patronale des Agriculteurs et Transformateurs du Niger UPAT-NIGER : Pour la d\u00e9fense des int\u00e9r\u00eats des adh\u00e9rents et la r\u00e9alisation de la souverainet\u00e9 alimentaire - niger","isPartOf":{"@id":"https:\/\/www.africa-press.net\/niger\/#website"},"primaryImageOfPage":{"@id":"https:\/\/www.africa-press.net\/niger\/toutes-les-actualites\/declaration-de-naissance-de-lunion-patronale-des-agriculteurs-et-transformateurs-du-niger-upat-niger-pour-la-defense-des-interets-des-adherents-et-la-realisation-de-la-souverainete-alimenta#primaryimage"},"image":{"@id":"https:\/\/www.africa-press.net\/niger\/toutes-les-actualites\/declaration-de-naissance-de-lunion-patronale-des-agriculteurs-et-transformateurs-du-niger-upat-niger-pour-la-defense-des-interets-des-adherents-et-la-realisation-de-la-souverainete-alimenta#primaryimage"},"thumbnailUrl":"https:\/\/static.africa-press.net\/niger\/sites\/40\/2024\/02\/sm_1708179086.491913.jpg","datePublished":"2024-02-17T16:40:37+00:00","dateModified":"2024-02-17T17:56:16+00:00","author":{"@id":"https:\/\/www.africa-press.net\/niger\/#\/schema\/person\/2b1cf3cd81a31e3cd26889ca66d677f1"},"description":"Une nouvelle organisation de\u0301nomme\u0301e Union Patronale des Agriculteurs et Transformateurs du Niger (UPAT-NIGER) vient de ...","breadcrumb":{"@id":"https:\/\/www.africa-press.net\/niger\/toutes-les-actualites\/declaration-de-naissance-de-lunion-patronale-des-agriculteurs-et-transformateurs-du-niger-upat-niger-pour-la-defense-des-interets-des-adherents-et-la-realisation-de-la-souverainete-alimenta#breadcrumb"},"inLanguage":"fr-FR","potentialAction":[{"@type":"ReadAction","target":["https:\/\/www.africa-press.net\/niger\/toutes-les-actualites\/declaration-de-naissance-de-lunion-patronale-des-agriculteurs-et-transformateurs-du-niger-upat-niger-pour-la-defense-des-interets-des-adherents-et-la-realisation-de-la-souverainete-alimenta"]}]},{"@type":"ImageObject","inLanguage":"fr-FR","@id":"https:\/\/www.africa-press.net\/niger\/toutes-les-actualites\/declaration-de-naissance-de-lunion-patronale-des-agriculteurs-et-transformateurs-du-niger-upat-niger-pour-la-defense-des-interets-des-adherents-et-la-realisation-de-la-souverainete-alimenta#primaryimage","url":"https:\/\/static.africa-press.net\/niger\/sites\/40\/2024\/02\/sm_1708179086.491913.jpg","contentUrl":"https:\/\/static.africa-press.net\/niger\/sites\/40\/2024\/02\/sm_1708179086.491913.jpg","width":800,"height":534,"caption":"D\u00e9claration de naissance de l\u2019Union Patronale des Agriculteurs et Transformateurs du Niger UPAT-NIGER : Pour la d\u00e9fense des int\u00e9r\u00eats des adh\u00e9rents et la r\u00e9alisation de la souverainet\u00e9 alimentaire"},{"@type":"BreadcrumbList","@id":"https:\/\/www.africa-press.net\/niger\/toutes-les-actualites\/declaration-de-naissance-de-lunion-patronale-des-agriculteurs-et-transformateurs-du-niger-upat-niger-pour-la-defense-des-interets-des-adherents-et-la-realisation-de-la-souverainete-alimenta#breadcrumb","itemListElement":[{"@type":"ListItem","position":1,"name":"Accueil","item":"https:\/\/www.africa-press.net\/niger\/"},{"@type":"ListItem","position":2,"name":"D\u00e9claration de naissance de l\u2019Union Patronale des Agriculteurs et Transformateurs du Niger UPAT-NIGER : Pour la d\u00e9fense des int\u00e9r\u00eats des adh\u00e9rents et la r\u00e9alisation de la souverainet\u00e9 alimentaire"}]},{"@type":"WebSite","@id":"https:\/\/www.africa-press.net\/niger\/#website","url":"https:\/\/www.africa-press.net\/niger\/","name":"niger","description":"Just another Africa News Agency Sites site","potentialAction":[{"@type":"SearchAction","target":{"@type":"EntryPoint","urlTemplate":"https:\/\/www.africa-press.net\/niger\/?s={search_term_string}"},"query-input":{"@type":"PropertyValueSpecification","valueRequired":true,"valueName":"search_term_string"}}],"inLanguage":"fr-FR"},{"@type":"Person","@id":"https:\/\/www.africa-press.net\/niger\/#\/schema\/person\/2b1cf3cd81a31e3cd26889ca66d677f1","name":"cfeditorfr"}]}},"_links":{"self":[{"href":"https:\/\/www.africa-press.net\/niger\/wp-json\/wp\/v2\/posts\/58739","targetHints":{"allow":["GET"]}}],"collection":[{"href":"https:\/\/www.africa-press.net\/niger\/wp-json\/wp\/v2\/posts"}],"about":[{"href":"https:\/\/www.africa-press.net\/niger\/wp-json\/wp\/v2\/types\/post"}],"author":[{"embeddable":true,"href":"https:\/\/www.africa-press.net\/niger\/wp-json\/wp\/v2\/users\/82"}],"replies":[{"embeddable":true,"href":"https:\/\/www.africa-press.net\/niger\/wp-json\/wp\/v2\/comments?post=58739"}],"version-history":[{"count":0,"href":"https:\/\/www.africa-press.net\/niger\/wp-json\/wp\/v2\/posts\/58739\/revisions"}],"wp:featuredmedia":[{"embeddable":true,"href":"https:\/\/www.africa-press.net\/niger\/wp-json\/wp\/v2\/media\/58738"}],"wp:attachment":[{"href":"https:\/\/www.africa-press.net\/niger\/wp-json\/wp\/v2\/media?parent=58739"}],"wp:term":[{"taxonomy":"category","embeddable":true,"href":"https:\/\/www.africa-press.net\/niger\/wp-json\/wp\/v2\/categories?post=58739"},{"taxonomy":"post_tag","embeddable":true,"href":"https:\/\/www.africa-press.net\/niger\/wp-json\/wp\/v2\/tags?post=58739"}],"curies":[{"name":"wp","href":"https:\/\/api.w.org\/{rel}","templated":true}]}}