{"id":58741,"date":"2024-02-17T16:41:13","date_gmt":"2024-02-17T16:41:13","guid":{"rendered":"https:\/\/www.africa-press.net\/niger\/politique\/visite-de-travail-du-premier-ministre-au-maroc-les-deux-parties-se-rejouissent-de-la-solidite-de-leurs-relations-de-cooperation"},"modified":"2024-02-17T17:56:58","modified_gmt":"2024-02-17T17:56:58","slug":"visite-de-travail-du-premier-ministre-au-maroc-les-deux-parties-se-rejouissent-de-la-solidite-de-leurs-relations-de-cooperation","status":"publish","type":"post","link":"https:\/\/www.africa-press.net\/niger\/politique\/visite-de-travail-du-premier-ministre-au-maroc-les-deux-parties-se-rejouissent-de-la-solidite-de-leurs-relations-de-cooperation","title":{"rendered":"Visite de travail du Premier ministre au Maroc : Les deux parties se r\u00e9jouissent de la solidit\u00e9 de leurs relations de coop\u00e9ration"},"content":{"rendered":"<p><span style=\"color: #ff6600\"><strong>Africa-Press &#8211; Niger. <\/strong><\/span>C\u2019est un accueil empreint d\u2019amitie\u0301 de convivialite\u0301 qui a e\u0301te\u0301 re\u0301serve\u0301 a\u0300 son Excellence Ali Mahamane Lamine Zei\u0308ne Premier Ministre et Ministre de l\u2019Economie et des Finances a\u0300 son arrive\u0301e au salon officiel de l\u2019ae\u0301roport international Mohamed VI de Rabat en compagnie de sa de\u0301le\u0301gation compose\u0301e du Ministre d\u2019Etat, Ministre de la De\u0301fense Nationale le General de Corps d\u2019Arme\u0301e Salifou Mody et le Ministre des Affaires e\u0301trange\u0300res, de la Coope\u0301ration et des Nige\u0301riens a\u0300 l\u2019Exte\u0301rieur Yaou Bakary Sangare\u0301. Accueil qui illustre l\u2019hospitalite\u0301 le\u0301gendaire du peuple marocain envers le peuple fre\u0300re et ami du Niger.<\/p>\n<p>La visite du Premier Ministre vise a\u0300 raffermir les liens d\u2019amitie\u0301 et de coope\u0301ration entre le Niger et le Royaume Che\u0301rifien.<\/p>\n<p>Outre les autorite\u0301s marocaines, on note la pre\u0301sence d\u2019une forte de\u0301le\u0301gation des ressortissants nige\u0301riens vivant au Maroc venue exprimer leur soutien au Conseil National pour la Sauvegarde de la Patrie dirige\u0301 par le Ge\u0301ne\u0301ral de Brigade Abdourahamane Tiani.<\/p>\n<p>Le Premier Ministre s\u2019est e\u0301galement entretenu avec la diaspora nige\u0301rienne sur la vie de la nation, le contexte de l\u2019ave\u0300nement du CNSP au pouvoir, la cre\u0301ation de l\u2019Alliance des Etats du Sahel, le retrait du Niger de la CEDEAO, la cre\u0301ation du Fonds pour la solidarite\u0301 nationale, la ne\u0301cessite\u0301 pour la diaspora d\u2019investir au Niger avec les facilite\u0301s que le gouvernement met a\u0300 leur disposition et de mettre leur expertise au service de la nation pour l\u2019affirmation de notre souverainete\u0301 retrouve\u0301e.<\/p>\n<p>Les e\u0301tudiants nige\u0301riens qui ont exprime\u0301 des dole\u0301ances dans le cadre du paiement re\u0301gulier de leurs bourses d\u2019e\u0301tudes ont e\u0301galement invite\u0301 le gouvernement a\u0300 renouveler la convention a\u0300 travers laquelle le Maroc envisage d\u2019octroyer quelques 200 bourses d\u2019e\u0301tudes au Niger.<\/p>\n<p>En vue de soutenir les porteurs de projets au sein de la diaspora, le Premier Ministre a rencontre\u0301 un e\u0301tudiant nige\u0301rien au Maroc qui lui a pre\u0301sente\u0301 un prototype de production, de stockage et de distribution d\u2019e\u0301nergie e\u0301lectrique. Le jeune Abdoul Madjid Moussa Maazou, 23 ans laure\u0301at de plusieurs prix dans le domaine e\u0301lectrique au Maroc et au Niger, a be\u0301ne\u0301ficie\u0301 d\u2019un appui financier de la part du Premier Ministre pour finaliser son prototype et de le soumettre aux autorite\u0301s nige\u0301riennes en vue de sa vulgarisation. Pour Ali Mahamane Lamine Zei\u0308ne, cette initiative concoure aux ide\u0301aux du CNSP pour la conque\u0302te de notre souverainete\u0301 dans le domaine e\u0301nerge\u0301tique.<\/p>\n<p>Cette visite du Premier Ministre, il faut le pre\u0301ciser, participe a\u0300 consolider l\u2019initiative Royale de sa Majeste\u0301 Mohamed VI consistant a\u0300 offrir un corridor sur l\u2019Oce\u0301an atlantique pour les quatre Etats du Sahel enclave\u0301s a\u0300 savoir le Mali, le Burkina Faso, le Niger et le Tchad. Une initiative qui a e\u0301te\u0301 approuve\u0301e par les Etats de l\u2019AES en de\u0301cembre 2023 a\u0300 Marrakech au Maroc.<\/p>\n<p>Le Premier Ministre a eu, a\u0300 cet effet, une longue se\u0301ance de travail a\u0300 huis -clos avec le Chef du Gouvernement Che\u0301rifien Son Excellence Aziz Akhannouch en pre\u0301sence du Ministre d\u2019Etat, Ministre de la De\u0301fense Nationale et celui des Affaires e\u0301trange\u0300res, de la coope\u0301ration et des nige\u0301riens a\u0300 l\u2019Exte\u0301rieur. La visite de son excellence Ali Mahamane Lamine Zei\u0308ne s\u2019inscrit dans la dynamique de la consolidation des relations de coope\u0301ration entre nos deux pays dans les domaines strate\u0301giques de la se\u0301curite\u0301, de l\u2019e\u0301conomie et des finances, des mines et de l\u2019e\u0301nergie entre autres. Au terme de son se\u0301jour au Maroc le Premier Ministre et les autorite\u0301s marocaines se sont re\u0301jouis de la solidite\u0301 des relations de coope\u0301ration entre nos deux Etats et ceux de l\u2019Alliance des Etats du Sahel.<\/p>\n<p>&nbsp;<\/p>\n<p><strong>Pour plus d&rsquo;informations et d&rsquo;analyses sur la <a href=\"https:\/\/www.africa-press.net\/niger\">Niger<\/a>, suivez <a href=\"https:\/\/www.africa-press.net\/\">Africa-Press<\/a><\/strong><\/p>\n","protected":false},"excerpt":{"rendered":"<p>Africa-Press &#8211; Niger. C\u2019est un accueil empreint d\u2019amitie\u0301 de convivialite\u0301 qui a e\u0301te\u0301 re\u0301serve\u0301 a\u0300 son Excellence Ali Mahamane Lamine Zei\u0308ne Premier Ministre et Ministre de l\u2019Economie et des Finances a\u0300 son arrive\u0301e au salon officiel de l\u2019ae\u0301roport international Mohamed VI de Rabat en compagnie de sa de\u0301le\u0301gation compose\u0301e du Ministre d\u2019Etat, Ministre de la [&hellip;]<\/p>\n","protected":false},"author":82,"featured_media":58740,"comment_status":"open","ping_status":"closed","sticky":false,"template":"","format":"standard","meta":{"footnotes":""},"categories":[2,10],"tags":[55,60,29],"class_list":["post-58741","post","type-post","status-publish","format-standard","has-post-thumbnail","hentry","category-politique","category-toutes-les-actualites","tag-africa-press","tag-africa-press-niger","tag-niger"],"yoast_head":"<!-- This site is optimized with the Yoast SEO Premium plugin v26.1 (Yoast SEO v27.0) - https:\/\/yoast.com\/product\/yoast-seo-premium-wordpress\/ -->\n<title>Visite de travail du Premier ministre au Maroc : Les deux parties se r\u00e9jouissent de la solidit\u00e9 de leurs relations de coop\u00e9ration - niger<\/title>\n<meta name=\"description\" content=\"C\u2019est un accueil empreint d\u2019amitie\u0301 de convivialite\u0301 qui a e\u0301te\u0301 re\u0301serve\u0301 a\u0300 son Excellence Ali Mahamane Lamine Zei\u0308ne ...\" \/>\n<meta name=\"robots\" content=\"index, follow, max-snippet:-1, max-image-preview:large, max-video-preview:-1\" \/>\n<link rel=\"canonical\" href=\"https:\/\/www.africa-press.net\/niger\/politique\/visite-de-travail-du-premier-ministre-au-maroc-les-deux-parties-se-rejouissent-de-la-solidite-de-leurs-relations-de-cooperation\" \/>\n<meta property=\"og:locale\" content=\"fr_FR\" \/>\n<meta property=\"og:type\" content=\"article\" \/>\n<meta property=\"og:title\" content=\"Visite de travail du Premier ministre au Maroc : Les deux parties se r\u00e9jouissent de la solidit\u00e9 de leurs relations de coop\u00e9ration\" \/>\n<meta property=\"og:description\" content=\"C\u2019est un accueil empreint d\u2019amitie\u0301 de convivialite\u0301 qui a e\u0301te\u0301 re\u0301serve\u0301 a\u0300 son Excellence Ali Mahamane Lamine Zei\u0308ne ...\" \/>\n<meta property=\"og:url\" content=\"https:\/\/www.africa-press.net\/niger\/politique\/visite-de-travail-du-premier-ministre-au-maroc-les-deux-parties-se-rejouissent-de-la-solidite-de-leurs-relations-de-cooperation\" \/>\n<meta property=\"og:site_name\" content=\"niger\" \/>\n<meta property=\"article:published_time\" content=\"2024-02-17T16:41:13+00:00\" \/>\n<meta property=\"article:modified_time\" content=\"2024-02-17T17:56:58+00:00\" \/>\n<meta property=\"og:image\" content=\"https:\/\/static.africa-press.net\/niger\/sites\/40\/2024\/02\/sm_1708179111.367676.jpg\" \/>\n\t<meta property=\"og:image:width\" content=\"1024\" \/>\n\t<meta property=\"og:image:height\" content=\"486\" \/>\n\t<meta property=\"og:image:type\" content=\"image\/jpeg\" \/>\n<meta name=\"author\" content=\"cfeditorfr\" \/>\n<meta name=\"twitter:card\" content=\"summary_large_image\" \/>\n<meta name=\"twitter:label1\" content=\"\u00c9crit par\" \/>\n\t<meta name=\"twitter:data1\" content=\"cfeditorfr\" \/>\n\t<meta name=\"twitter:label2\" content=\"Dur\u00e9e de lecture estim\u00e9e\" \/>\n\t<meta name=\"twitter:data2\" content=\"4 minutes\" \/>\n<script type=\"application\/ld+json\" class=\"yoast-schema-graph\">{\"@context\":\"https:\/\/schema.org\",\"@graph\":[{\"@type\":\"Article\",\"@id\":\"https:\/\/www.africa-press.net\/niger\/politique\/visite-de-travail-du-premier-ministre-au-maroc-les-deux-parties-se-rejouissent-de-la-solidite-de-leurs-relations-de-cooperation#article\",\"isPartOf\":{\"@id\":\"https:\/\/www.africa-press.net\/niger\/politique\/visite-de-travail-du-premier-ministre-au-maroc-les-deux-parties-se-rejouissent-de-la-solidite-de-leurs-relations-de-cooperation\"},\"author\":{\"name\":\"cfeditorfr\",\"@id\":\"https:\/\/www.africa-press.net\/niger\/#\/schema\/person\/2b1cf3cd81a31e3cd26889ca66d677f1\"},\"headline\":\"Visite de travail du Premier ministre au Maroc : Les deux parties se r\u00e9jouissent de la solidit\u00e9 de leurs relations de coop\u00e9ration\",\"datePublished\":\"2024-02-17T16:41:13+00:00\",\"dateModified\":\"2024-02-17T17:56:58+00:00\",\"mainEntityOfPage\":{\"@id\":\"https:\/\/www.africa-press.net\/niger\/politique\/visite-de-travail-du-premier-ministre-au-maroc-les-deux-parties-se-rejouissent-de-la-solidite-de-leurs-relations-de-cooperation\"},\"wordCount\":721,\"commentCount\":0,\"image\":{\"@id\":\"https:\/\/www.africa-press.net\/niger\/politique\/visite-de-travail-du-premier-ministre-au-maroc-les-deux-parties-se-rejouissent-de-la-solidite-de-leurs-relations-de-cooperation#primaryimage\"},\"thumbnailUrl\":\"https:\/\/static.africa-press.net\/niger\/sites\/40\/2024\/02\/sm_1708179111.367676.jpg\",\"keywords\":[\"Africa Press\",\"Africa Press-Niger\",\"Niger\"],\"articleSection\":[\"Politique\",\"Toutes les actualit\u00e9s\"],\"inLanguage\":\"fr-FR\",\"potentialAction\":[{\"@type\":\"CommentAction\",\"name\":\"Comment\",\"target\":[\"https:\/\/www.africa-press.net\/niger\/politique\/visite-de-travail-du-premier-ministre-au-maroc-les-deux-parties-se-rejouissent-de-la-solidite-de-leurs-relations-de-cooperation#respond\"]}]},{\"@type\":\"WebPage\",\"@id\":\"https:\/\/www.africa-press.net\/niger\/politique\/visite-de-travail-du-premier-ministre-au-maroc-les-deux-parties-se-rejouissent-de-la-solidite-de-leurs-relations-de-cooperation\",\"url\":\"https:\/\/www.africa-press.net\/niger\/politique\/visite-de-travail-du-premier-ministre-au-maroc-les-deux-parties-se-rejouissent-de-la-solidite-de-leurs-relations-de-cooperation\",\"name\":\"Visite de travail du Premier ministre au Maroc : Les deux parties se r\u00e9jouissent de la solidit\u00e9 de leurs relations de coop\u00e9ration - niger\",\"isPartOf\":{\"@id\":\"https:\/\/www.africa-press.net\/niger\/#website\"},\"primaryImageOfPage\":{\"@id\":\"https:\/\/www.africa-press.net\/niger\/politique\/visite-de-travail-du-premier-ministre-au-maroc-les-deux-parties-se-rejouissent-de-la-solidite-de-leurs-relations-de-cooperation#primaryimage\"},\"image\":{\"@id\":\"https:\/\/www.africa-press.net\/niger\/politique\/visite-de-travail-du-premier-ministre-au-maroc-les-deux-parties-se-rejouissent-de-la-solidite-de-leurs-relations-de-cooperation#primaryimage\"},\"thumbnailUrl\":\"https:\/\/static.africa-press.net\/niger\/sites\/40\/2024\/02\/sm_1708179111.367676.jpg\",\"datePublished\":\"2024-02-17T16:41:13+00:00\",\"dateModified\":\"2024-02-17T17:56:58+00:00\",\"author\":{\"@id\":\"https:\/\/www.africa-press.net\/niger\/#\/schema\/person\/2b1cf3cd81a31e3cd26889ca66d677f1\"},\"description\":\"C\u2019est un accueil empreint d\u2019amitie\u0301 de convivialite\u0301 qui a e\u0301te\u0301 re\u0301serve\u0301 a\u0300 son Excellence Ali Mahamane Lamine Zei\u0308ne ...\",\"breadcrumb\":{\"@id\":\"https:\/\/www.africa-press.net\/niger\/politique\/visite-de-travail-du-premier-ministre-au-maroc-les-deux-parties-se-rejouissent-de-la-solidite-de-leurs-relations-de-cooperation#breadcrumb\"},\"inLanguage\":\"fr-FR\",\"potentialAction\":[{\"@type\":\"ReadAction\",\"target\":[\"https:\/\/www.africa-press.net\/niger\/politique\/visite-de-travail-du-premier-ministre-au-maroc-les-deux-parties-se-rejouissent-de-la-solidite-de-leurs-relations-de-cooperation\"]}]},{\"@type\":\"ImageObject\",\"inLanguage\":\"fr-FR\",\"@id\":\"https:\/\/www.africa-press.net\/niger\/politique\/visite-de-travail-du-premier-ministre-au-maroc-les-deux-parties-se-rejouissent-de-la-solidite-de-leurs-relations-de-cooperation#primaryimage\",\"url\":\"https:\/\/static.africa-press.net\/niger\/sites\/40\/2024\/02\/sm_1708179111.367676.jpg\",\"contentUrl\":\"https:\/\/static.africa-press.net\/niger\/sites\/40\/2024\/02\/sm_1708179111.367676.jpg\",\"width\":1024,\"height\":486,\"caption\":\"Visite de travail du Premier ministre au Maroc : Les deux parties se r\u00e9jouissent de la solidit\u00e9 de leurs relations de coop\u00e9ration\"},{\"@type\":\"BreadcrumbList\",\"@id\":\"https:\/\/www.africa-press.net\/niger\/politique\/visite-de-travail-du-premier-ministre-au-maroc-les-deux-parties-se-rejouissent-de-la-solidite-de-leurs-relations-de-cooperation#breadcrumb\",\"itemListElement\":[{\"@type\":\"ListItem\",\"position\":1,\"name\":\"Accueil\",\"item\":\"https:\/\/www.africa-press.net\/niger\/\"},{\"@type\":\"ListItem\",\"position\":2,\"name\":\"Visite de travail du Premier ministre au Maroc : Les deux parties se r\u00e9jouissent de la solidit\u00e9 de leurs relations de coop\u00e9ration\"}]},{\"@type\":\"WebSite\",\"@id\":\"https:\/\/www.africa-press.net\/niger\/#website\",\"url\":\"https:\/\/www.africa-press.net\/niger\/\",\"name\":\"niger\",\"description\":\"Just another Africa News Agency Sites site\",\"potentialAction\":[{\"@type\":\"SearchAction\",\"target\":{\"@type\":\"EntryPoint\",\"urlTemplate\":\"https:\/\/www.africa-press.net\/niger\/?s={search_term_string}\"},\"query-input\":{\"@type\":\"PropertyValueSpecification\",\"valueRequired\":true,\"valueName\":\"search_term_string\"}}],\"inLanguage\":\"fr-FR\"},{\"@type\":\"Person\",\"@id\":\"https:\/\/www.africa-press.net\/niger\/#\/schema\/person\/2b1cf3cd81a31e3cd26889ca66d677f1\",\"name\":\"cfeditorfr\"}]}<\/script>\n<!-- \/ Yoast SEO Premium plugin. -->","yoast_head_json":{"title":"Visite de travail du Premier ministre au Maroc : Les deux parties se r\u00e9jouissent de la solidit\u00e9 de leurs relations de coop\u00e9ration - niger","description":"C\u2019est un accueil empreint d\u2019amitie\u0301 de convivialite\u0301 qui a e\u0301te\u0301 re\u0301serve\u0301 a\u0300 son Excellence Ali Mahamane Lamine Zei\u0308ne ...","robots":{"index":"index","follow":"follow","max-snippet":"max-snippet:-1","max-image-preview":"max-image-preview:large","max-video-preview":"max-video-preview:-1"},"canonical":"https:\/\/www.africa-press.net\/niger\/politique\/visite-de-travail-du-premier-ministre-au-maroc-les-deux-parties-se-rejouissent-de-la-solidite-de-leurs-relations-de-cooperation","og_locale":"fr_FR","og_type":"article","og_title":"Visite de travail du Premier ministre au Maroc : Les deux parties se r\u00e9jouissent de la solidit\u00e9 de leurs relations de coop\u00e9ration","og_description":"C\u2019est un accueil empreint d\u2019amitie\u0301 de convivialite\u0301 qui a e\u0301te\u0301 re\u0301serve\u0301 a\u0300 son Excellence Ali Mahamane Lamine Zei\u0308ne ...","og_url":"https:\/\/www.africa-press.net\/niger\/politique\/visite-de-travail-du-premier-ministre-au-maroc-les-deux-parties-se-rejouissent-de-la-solidite-de-leurs-relations-de-cooperation","og_site_name":"niger","article_published_time":"2024-02-17T16:41:13+00:00","article_modified_time":"2024-02-17T17:56:58+00:00","og_image":[{"width":1024,"height":486,"url":"https:\/\/static.africa-press.net\/niger\/sites\/40\/2024\/02\/sm_1708179111.367676.jpg","type":"image\/jpeg"}],"author":"cfeditorfr","twitter_card":"summary_large_image","twitter_misc":{"\u00c9crit par":"cfeditorfr","Dur\u00e9e de lecture estim\u00e9e":"4 minutes"},"schema":{"@context":"https:\/\/schema.org","@graph":[{"@type":"Article","@id":"https:\/\/www.africa-press.net\/niger\/politique\/visite-de-travail-du-premier-ministre-au-maroc-les-deux-parties-se-rejouissent-de-la-solidite-de-leurs-relations-de-cooperation#article","isPartOf":{"@id":"https:\/\/www.africa-press.net\/niger\/politique\/visite-de-travail-du-premier-ministre-au-maroc-les-deux-parties-se-rejouissent-de-la-solidite-de-leurs-relations-de-cooperation"},"author":{"name":"cfeditorfr","@id":"https:\/\/www.africa-press.net\/niger\/#\/schema\/person\/2b1cf3cd81a31e3cd26889ca66d677f1"},"headline":"Visite de travail du Premier ministre au Maroc : Les deux parties se r\u00e9jouissent de la solidit\u00e9 de leurs relations de coop\u00e9ration","datePublished":"2024-02-17T16:41:13+00:00","dateModified":"2024-02-17T17:56:58+00:00","mainEntityOfPage":{"@id":"https:\/\/www.africa-press.net\/niger\/politique\/visite-de-travail-du-premier-ministre-au-maroc-les-deux-parties-se-rejouissent-de-la-solidite-de-leurs-relations-de-cooperation"},"wordCount":721,"commentCount":0,"image":{"@id":"https:\/\/www.africa-press.net\/niger\/politique\/visite-de-travail-du-premier-ministre-au-maroc-les-deux-parties-se-rejouissent-de-la-solidite-de-leurs-relations-de-cooperation#primaryimage"},"thumbnailUrl":"https:\/\/static.africa-press.net\/niger\/sites\/40\/2024\/02\/sm_1708179111.367676.jpg","keywords":["Africa Press","Africa Press-Niger","Niger"],"articleSection":["Politique","Toutes les actualit\u00e9s"],"inLanguage":"fr-FR","potentialAction":[{"@type":"CommentAction","name":"Comment","target":["https:\/\/www.africa-press.net\/niger\/politique\/visite-de-travail-du-premier-ministre-au-maroc-les-deux-parties-se-rejouissent-de-la-solidite-de-leurs-relations-de-cooperation#respond"]}]},{"@type":"WebPage","@id":"https:\/\/www.africa-press.net\/niger\/politique\/visite-de-travail-du-premier-ministre-au-maroc-les-deux-parties-se-rejouissent-de-la-solidite-de-leurs-relations-de-cooperation","url":"https:\/\/www.africa-press.net\/niger\/politique\/visite-de-travail-du-premier-ministre-au-maroc-les-deux-parties-se-rejouissent-de-la-solidite-de-leurs-relations-de-cooperation","name":"Visite de travail du Premier ministre au Maroc : Les deux parties se r\u00e9jouissent de la solidit\u00e9 de leurs relations de coop\u00e9ration - niger","isPartOf":{"@id":"https:\/\/www.africa-press.net\/niger\/#website"},"primaryImageOfPage":{"@id":"https:\/\/www.africa-press.net\/niger\/politique\/visite-de-travail-du-premier-ministre-au-maroc-les-deux-parties-se-rejouissent-de-la-solidite-de-leurs-relations-de-cooperation#primaryimage"},"image":{"@id":"https:\/\/www.africa-press.net\/niger\/politique\/visite-de-travail-du-premier-ministre-au-maroc-les-deux-parties-se-rejouissent-de-la-solidite-de-leurs-relations-de-cooperation#primaryimage"},"thumbnailUrl":"https:\/\/static.africa-press.net\/niger\/sites\/40\/2024\/02\/sm_1708179111.367676.jpg","datePublished":"2024-02-17T16:41:13+00:00","dateModified":"2024-02-17T17:56:58+00:00","author":{"@id":"https:\/\/www.africa-press.net\/niger\/#\/schema\/person\/2b1cf3cd81a31e3cd26889ca66d677f1"},"description":"C\u2019est un accueil empreint d\u2019amitie\u0301 de convivialite\u0301 qui a e\u0301te\u0301 re\u0301serve\u0301 a\u0300 son Excellence Ali Mahamane Lamine Zei\u0308ne ...","breadcrumb":{"@id":"https:\/\/www.africa-press.net\/niger\/politique\/visite-de-travail-du-premier-ministre-au-maroc-les-deux-parties-se-rejouissent-de-la-solidite-de-leurs-relations-de-cooperation#breadcrumb"},"inLanguage":"fr-FR","potentialAction":[{"@type":"ReadAction","target":["https:\/\/www.africa-press.net\/niger\/politique\/visite-de-travail-du-premier-ministre-au-maroc-les-deux-parties-se-rejouissent-de-la-solidite-de-leurs-relations-de-cooperation"]}]},{"@type":"ImageObject","inLanguage":"fr-FR","@id":"https:\/\/www.africa-press.net\/niger\/politique\/visite-de-travail-du-premier-ministre-au-maroc-les-deux-parties-se-rejouissent-de-la-solidite-de-leurs-relations-de-cooperation#primaryimage","url":"https:\/\/static.africa-press.net\/niger\/sites\/40\/2024\/02\/sm_1708179111.367676.jpg","contentUrl":"https:\/\/static.africa-press.net\/niger\/sites\/40\/2024\/02\/sm_1708179111.367676.jpg","width":1024,"height":486,"caption":"Visite de travail du Premier ministre au Maroc : Les deux parties se r\u00e9jouissent de la solidit\u00e9 de leurs relations de coop\u00e9ration"},{"@type":"BreadcrumbList","@id":"https:\/\/www.africa-press.net\/niger\/politique\/visite-de-travail-du-premier-ministre-au-maroc-les-deux-parties-se-rejouissent-de-la-solidite-de-leurs-relations-de-cooperation#breadcrumb","itemListElement":[{"@type":"ListItem","position":1,"name":"Accueil","item":"https:\/\/www.africa-press.net\/niger\/"},{"@type":"ListItem","position":2,"name":"Visite de travail du Premier ministre au Maroc : Les deux parties se r\u00e9jouissent de la solidit\u00e9 de leurs relations de coop\u00e9ration"}]},{"@type":"WebSite","@id":"https:\/\/www.africa-press.net\/niger\/#website","url":"https:\/\/www.africa-press.net\/niger\/","name":"niger","description":"Just another Africa News Agency Sites site","potentialAction":[{"@type":"SearchAction","target":{"@type":"EntryPoint","urlTemplate":"https:\/\/www.africa-press.net\/niger\/?s={search_term_string}"},"query-input":{"@type":"PropertyValueSpecification","valueRequired":true,"valueName":"search_term_string"}}],"inLanguage":"fr-FR"},{"@type":"Person","@id":"https:\/\/www.africa-press.net\/niger\/#\/schema\/person\/2b1cf3cd81a31e3cd26889ca66d677f1","name":"cfeditorfr"}]}},"_links":{"self":[{"href":"https:\/\/www.africa-press.net\/niger\/wp-json\/wp\/v2\/posts\/58741","targetHints":{"allow":["GET"]}}],"collection":[{"href":"https:\/\/www.africa-press.net\/niger\/wp-json\/wp\/v2\/posts"}],"about":[{"href":"https:\/\/www.africa-press.net\/niger\/wp-json\/wp\/v2\/types\/post"}],"author":[{"embeddable":true,"href":"https:\/\/www.africa-press.net\/niger\/wp-json\/wp\/v2\/users\/82"}],"replies":[{"embeddable":true,"href":"https:\/\/www.africa-press.net\/niger\/wp-json\/wp\/v2\/comments?post=58741"}],"version-history":[{"count":0,"href":"https:\/\/www.africa-press.net\/niger\/wp-json\/wp\/v2\/posts\/58741\/revisions"}],"wp:featuredmedia":[{"embeddable":true,"href":"https:\/\/www.africa-press.net\/niger\/wp-json\/wp\/v2\/media\/58740"}],"wp:attachment":[{"href":"https:\/\/www.africa-press.net\/niger\/wp-json\/wp\/v2\/media?parent=58741"}],"wp:term":[{"taxonomy":"category","embeddable":true,"href":"https:\/\/www.africa-press.net\/niger\/wp-json\/wp\/v2\/categories?post=58741"},{"taxonomy":"post_tag","embeddable":true,"href":"https:\/\/www.africa-press.net\/niger\/wp-json\/wp\/v2\/tags?post=58741"}],"curies":[{"name":"wp","href":"https:\/\/api.w.org\/{rel}","templated":true}]}}