{"id":58743,"date":"2024-02-17T16:42:00","date_gmt":"2024-02-17T16:42:00","guid":{"rendered":"https:\/\/www.africa-press.net\/niger\/politique\/lancement-de-la-2eme-edition-de-la-journee-de-sensibilisation-sur-la-plateforme-e-secef-dematerialisation-du-systeme-fiscal-pour-une-mobilisation-transparente-des-ressources"},"modified":"2024-02-17T17:57:36","modified_gmt":"2024-02-17T17:57:36","slug":"lancement-de-la-2eme-edition-de-la-journee-de-sensibilisation-sur-la-plateforme-e-secef-dematerialisation-du-systeme-fiscal-pour-une-mobilisation-transparente-des-ressources","status":"publish","type":"post","link":"https:\/\/www.africa-press.net\/niger\/economie\/lancement-de-la-2eme-edition-de-la-journee-de-sensibilisation-sur-la-plateforme-e-secef-dematerialisation-du-systeme-fiscal-pour-une-mobilisation-transparente-des-ressources","title":{"rendered":"Lancement de la 2\u00e8me \u00e9dition de la journ\u00e9e de sensibilisation sur la plateforme e-SECeF : D\u00e9mat\u00e9rialisation du syst\u00e8me fiscal pour une mobilisation transparente des ressources"},"content":{"rendered":"<p><span style=\"color: #ff6600\"><strong>Africa-Press &#8211; Niger. <\/strong><\/span>Le Directeur Ge\u0301ne\u0301ral adjoint des Impo\u0302ts, M. Yacouba Niandou a proce\u0301de\u0301, hier 15 fe\u0301vrier 2024, au lancement de la deuxie\u0300me e\u0301dition de la journe\u0301e de sensibilisation sur la plateforme gratuite de facturation e\u0301lectronique certifie\u0301e en ligne (e-SECeF) au Centre International de Confe\u0301rence Mahatma Gandhi. Il s\u2019agit a\u0300 travers cette e\u0301dition de sensibiliser davantage les ope\u0301rateurs e\u0301conomiques sur le fonctionnement de la plateforme e-SECeF lance\u0301e en fe\u0301vrier 2023.<\/p>\n<p>Dans son mot d\u2019ouverture, le Directeur Ge\u0301ne\u0301ral adjoint des Impo\u0302ts, M. Yacouba Niandou a rappele\u0301 que dans le cadre de l\u2019ame\u0301lioration de l\u2019efficacite\u0301 et de la transparence dans la mobilisation des ressources internes, le gouvernement du Niger a entrepris ces dernie\u0300res anne\u0301es un processus de modernisation du syste\u0300me fiscal afin de le rendre plus performant.<\/p>\n<p>\u00ab Dans cette optique, un syste\u0300me e\u0301lectronique certifie\u0301 de facturation (SECeF) a e\u0301te\u0301 mis en place, avec sa version de\u0301mate\u0301rialise\u0301e, l\u2019e-SECeF. Cette re\u0301forme entre dans le cadre de la modernisation des services de la DGI dans le but de favoriser une interaction accrue avec les usagers, de garantir une mobilisation efficace et efficiente des recettes et d\u2019enclencher la de\u0301mate\u0301rialisation des proce\u0301dures de l\u2019administration fiscale \u00bb, a-t-il explique\u0301.<\/p>\n<p>En effet, dit-il, cette plateforme a pour mission de faciliter la conformite\u0301 des contribuables a\u0300 la facturation e\u0301lectronique certifie\u0301e, de moderniser les processus de facturation au sein des entreprises, de fournir des statistiques et des rapports de ventes en temps re\u0301el, d\u2019instaurer une meilleure transparence entre l\u2019administration fiscale et les contribuables et de re\u0301duire la concurrence de\u0301loyale entre acteurs e\u0301conomiques. \u00ab Elle contribuera e\u0301galement a\u0300 ame\u0301liorer le civisme fiscal et la standardisation des proce\u0301dures de la DGI. A\u0300 travers la plateforme e-SECeF, l\u2019E\u0301tat du Niger offre des services innovants aux usagers pour faciliter l\u2019accomplissement de leurs obligations fiscales \u00bb, a-t-il ajoute\u0301.<\/p>\n<p>A\u0300 ce jour, selon M. Yacouba Niandou, la plateforme totalise plus de 13 000 utilisateurs pour 145 000 factures certifie\u0301es e\u0301mises par ces derniers sans avoir eu besoin d\u2019acheter de machine et de logiciel de facturation. \u00ab La sensibilisation des contribuables sur les avantages de cette plateforme de\u0301montre l\u2019engagement constant des plus hautes autorite\u0301s du pays a\u0300 concre\u0301tiser la de\u0301mate\u0301rialisation et la modernisation de l\u2019administration nige\u0301rienne \u00bb, a-t-il conclu.<\/p>\n<p>&nbsp;<\/p>\n<p><strong>Pour plus d&rsquo;informations et d&rsquo;analyses sur la <a href=\"https:\/\/www.africa-press.net\/niger\">Niger<\/a>, suivez <a href=\"https:\/\/www.africa-press.net\/\">Africa-Press<\/a><\/strong><\/p>\n","protected":false},"excerpt":{"rendered":"<p>Africa-Press &#8211; Niger. Le Directeur Ge\u0301ne\u0301ral adjoint des Impo\u0302ts, M. Yacouba Niandou a proce\u0301de\u0301, hier 15 fe\u0301vrier 2024, au lancement de la deuxie\u0300me e\u0301dition de la journe\u0301e de sensibilisation sur la plateforme gratuite de facturation e\u0301lectronique certifie\u0301e en ligne (e-SECeF) au Centre International de Confe\u0301rence Mahatma Gandhi. Il s\u2019agit a\u0300 travers cette e\u0301dition de sensibiliser [&hellip;]<\/p>\n","protected":false},"author":82,"featured_media":58742,"comment_status":"open","ping_status":"closed","sticky":false,"template":"","format":"standard","meta":{"footnotes":""},"categories":[3,10],"tags":[55,60,29],"class_list":["post-58743","post","type-post","status-publish","format-standard","has-post-thumbnail","hentry","category-economie","category-toutes-les-actualites","tag-africa-press","tag-africa-press-niger","tag-niger"],"yoast_head":"<!-- This site is optimized with the Yoast SEO Premium plugin v26.1 (Yoast SEO v27.0) - https:\/\/yoast.com\/product\/yoast-seo-premium-wordpress\/ -->\n<title>Lancement de la 2\u00e8me \u00e9dition de la journ\u00e9e de sensibilisation sur la plateforme e-SECeF : D\u00e9mat\u00e9rialisation du syst\u00e8me fiscal pour une mobilisation transparente des ressources - niger<\/title>\n<meta name=\"description\" content=\"Le Directeur Ge\u0301ne\u0301ral adjoint des Impo\u0302ts, M. Yacouba Niandou a proce\u0301de\u0301, hier 15 fe\u0301vrier 2024, au lancement de la de ...\" \/>\n<meta name=\"robots\" content=\"index, follow, max-snippet:-1, max-image-preview:large, max-video-preview:-1\" \/>\n<link rel=\"canonical\" href=\"https:\/\/www.africa-press.net\/niger\/economie\/lancement-de-la-2eme-edition-de-la-journee-de-sensibilisation-sur-la-plateforme-e-secef-dematerialisation-du-systeme-fiscal-pour-une-mobilisation-transparente-des-ressources\" \/>\n<meta property=\"og:locale\" content=\"fr_FR\" \/>\n<meta property=\"og:type\" content=\"article\" \/>\n<meta property=\"og:title\" content=\"Lancement de la 2\u00e8me \u00e9dition de la journ\u00e9e de sensibilisation sur la plateforme e-SECeF : D\u00e9mat\u00e9rialisation du syst\u00e8me fiscal pour une mobilisation transparente des ressources\" \/>\n<meta property=\"og:description\" content=\"Le Directeur Ge\u0301ne\u0301ral adjoint des Impo\u0302ts, M. Yacouba Niandou a proce\u0301de\u0301, hier 15 fe\u0301vrier 2024, au lancement de la de ...\" \/>\n<meta property=\"og:url\" content=\"https:\/\/www.africa-press.net\/niger\/economie\/lancement-de-la-2eme-edition-de-la-journee-de-sensibilisation-sur-la-plateforme-e-secef-dematerialisation-du-systeme-fiscal-pour-une-mobilisation-transparente-des-ressources\" \/>\n<meta property=\"og:site_name\" content=\"niger\" \/>\n<meta property=\"article:published_time\" content=\"2024-02-17T16:42:00+00:00\" \/>\n<meta property=\"article:modified_time\" content=\"2024-02-17T17:57:36+00:00\" \/>\n<meta property=\"og:image\" content=\"https:\/\/static.africa-press.net\/niger\/sites\/40\/2024\/02\/sm_1708179129.369603.jpg\" \/>\n\t<meta property=\"og:image:width\" content=\"1024\" \/>\n\t<meta property=\"og:image:height\" content=\"683\" \/>\n\t<meta property=\"og:image:type\" content=\"image\/jpeg\" \/>\n<meta name=\"author\" content=\"cfeditorfr\" \/>\n<meta name=\"twitter:card\" content=\"summary_large_image\" \/>\n<meta name=\"twitter:label1\" content=\"\u00c9crit par\" \/>\n\t<meta name=\"twitter:data1\" content=\"cfeditorfr\" \/>\n\t<meta name=\"twitter:label2\" content=\"Dur\u00e9e de lecture estim\u00e9e\" \/>\n\t<meta name=\"twitter:data2\" content=\"2 minutes\" \/>\n<script type=\"application\/ld+json\" class=\"yoast-schema-graph\">{\"@context\":\"https:\/\/schema.org\",\"@graph\":[{\"@type\":\"Article\",\"@id\":\"https:\/\/www.africa-press.net\/niger\/economie\/lancement-de-la-2eme-edition-de-la-journee-de-sensibilisation-sur-la-plateforme-e-secef-dematerialisation-du-systeme-fiscal-pour-une-mobilisation-transparente-des-ressources#article\",\"isPartOf\":{\"@id\":\"https:\/\/www.africa-press.net\/niger\/economie\/lancement-de-la-2eme-edition-de-la-journee-de-sensibilisation-sur-la-plateforme-e-secef-dematerialisation-du-systeme-fiscal-pour-une-mobilisation-transparente-des-ressources\"},\"author\":{\"name\":\"cfeditorfr\",\"@id\":\"https:\/\/www.africa-press.net\/niger\/#\/schema\/person\/2b1cf3cd81a31e3cd26889ca66d677f1\"},\"headline\":\"Lancement de la 2\u00e8me \u00e9dition de la journ\u00e9e de sensibilisation sur la plateforme e-SECeF : D\u00e9mat\u00e9rialisation du syst\u00e8me fiscal pour une mobilisation transparente des ressources\",\"datePublished\":\"2024-02-17T16:42:00+00:00\",\"dateModified\":\"2024-02-17T17:57:36+00:00\",\"mainEntityOfPage\":{\"@id\":\"https:\/\/www.africa-press.net\/niger\/economie\/lancement-de-la-2eme-edition-de-la-journee-de-sensibilisation-sur-la-plateforme-e-secef-dematerialisation-du-systeme-fiscal-pour-une-mobilisation-transparente-des-ressources\"},\"wordCount\":455,\"commentCount\":0,\"image\":{\"@id\":\"https:\/\/www.africa-press.net\/niger\/economie\/lancement-de-la-2eme-edition-de-la-journee-de-sensibilisation-sur-la-plateforme-e-secef-dematerialisation-du-systeme-fiscal-pour-une-mobilisation-transparente-des-ressources#primaryimage\"},\"thumbnailUrl\":\"https:\/\/static.africa-press.net\/niger\/sites\/40\/2024\/02\/sm_1708179129.369603.jpg\",\"keywords\":[\"Africa Press\",\"Africa Press-Niger\",\"Niger\"],\"articleSection\":[\"\u00c9conomie\",\"Toutes les actualit\u00e9s\"],\"inLanguage\":\"fr-FR\",\"potentialAction\":[{\"@type\":\"CommentAction\",\"name\":\"Comment\",\"target\":[\"https:\/\/www.africa-press.net\/niger\/economie\/lancement-de-la-2eme-edition-de-la-journee-de-sensibilisation-sur-la-plateforme-e-secef-dematerialisation-du-systeme-fiscal-pour-une-mobilisation-transparente-des-ressources#respond\"]}]},{\"@type\":\"WebPage\",\"@id\":\"https:\/\/www.africa-press.net\/niger\/economie\/lancement-de-la-2eme-edition-de-la-journee-de-sensibilisation-sur-la-plateforme-e-secef-dematerialisation-du-systeme-fiscal-pour-une-mobilisation-transparente-des-ressources\",\"url\":\"https:\/\/www.africa-press.net\/niger\/economie\/lancement-de-la-2eme-edition-de-la-journee-de-sensibilisation-sur-la-plateforme-e-secef-dematerialisation-du-systeme-fiscal-pour-une-mobilisation-transparente-des-ressources\",\"name\":\"Lancement de la 2\u00e8me \u00e9dition de la journ\u00e9e de sensibilisation sur la plateforme e-SECeF : D\u00e9mat\u00e9rialisation du syst\u00e8me fiscal pour une mobilisation transparente des ressources - niger\",\"isPartOf\":{\"@id\":\"https:\/\/www.africa-press.net\/niger\/#website\"},\"primaryImageOfPage\":{\"@id\":\"https:\/\/www.africa-press.net\/niger\/economie\/lancement-de-la-2eme-edition-de-la-journee-de-sensibilisation-sur-la-plateforme-e-secef-dematerialisation-du-systeme-fiscal-pour-une-mobilisation-transparente-des-ressources#primaryimage\"},\"image\":{\"@id\":\"https:\/\/www.africa-press.net\/niger\/economie\/lancement-de-la-2eme-edition-de-la-journee-de-sensibilisation-sur-la-plateforme-e-secef-dematerialisation-du-systeme-fiscal-pour-une-mobilisation-transparente-des-ressources#primaryimage\"},\"thumbnailUrl\":\"https:\/\/static.africa-press.net\/niger\/sites\/40\/2024\/02\/sm_1708179129.369603.jpg\",\"datePublished\":\"2024-02-17T16:42:00+00:00\",\"dateModified\":\"2024-02-17T17:57:36+00:00\",\"author\":{\"@id\":\"https:\/\/www.africa-press.net\/niger\/#\/schema\/person\/2b1cf3cd81a31e3cd26889ca66d677f1\"},\"description\":\"Le Directeur Ge\u0301ne\u0301ral adjoint des Impo\u0302ts, M. Yacouba Niandou a proce\u0301de\u0301, hier 15 fe\u0301vrier 2024, au lancement de la de ...\",\"breadcrumb\":{\"@id\":\"https:\/\/www.africa-press.net\/niger\/economie\/lancement-de-la-2eme-edition-de-la-journee-de-sensibilisation-sur-la-plateforme-e-secef-dematerialisation-du-systeme-fiscal-pour-une-mobilisation-transparente-des-ressources#breadcrumb\"},\"inLanguage\":\"fr-FR\",\"potentialAction\":[{\"@type\":\"ReadAction\",\"target\":[\"https:\/\/www.africa-press.net\/niger\/economie\/lancement-de-la-2eme-edition-de-la-journee-de-sensibilisation-sur-la-plateforme-e-secef-dematerialisation-du-systeme-fiscal-pour-une-mobilisation-transparente-des-ressources\"]}]},{\"@type\":\"ImageObject\",\"inLanguage\":\"fr-FR\",\"@id\":\"https:\/\/www.africa-press.net\/niger\/economie\/lancement-de-la-2eme-edition-de-la-journee-de-sensibilisation-sur-la-plateforme-e-secef-dematerialisation-du-systeme-fiscal-pour-une-mobilisation-transparente-des-ressources#primaryimage\",\"url\":\"https:\/\/static.africa-press.net\/niger\/sites\/40\/2024\/02\/sm_1708179129.369603.jpg\",\"contentUrl\":\"https:\/\/static.africa-press.net\/niger\/sites\/40\/2024\/02\/sm_1708179129.369603.jpg\",\"width\":1024,\"height\":683,\"caption\":\"Lancement de la 2\u00e8me \u00e9dition de la journ\u00e9e de sensibilisation sur la plateforme e-SECeF : D\u00e9mat\u00e9rialisation du syst\u00e8me fiscal pour une mobilisation transparente des ressources\"},{\"@type\":\"BreadcrumbList\",\"@id\":\"https:\/\/www.africa-press.net\/niger\/economie\/lancement-de-la-2eme-edition-de-la-journee-de-sensibilisation-sur-la-plateforme-e-secef-dematerialisation-du-systeme-fiscal-pour-une-mobilisation-transparente-des-ressources#breadcrumb\",\"itemListElement\":[{\"@type\":\"ListItem\",\"position\":1,\"name\":\"Accueil\",\"item\":\"https:\/\/www.africa-press.net\/niger\/\"},{\"@type\":\"ListItem\",\"position\":2,\"name\":\"Lancement de la 2\u00e8me \u00e9dition de la journ\u00e9e de sensibilisation sur la plateforme e-SECeF : D\u00e9mat\u00e9rialisation du syst\u00e8me fiscal pour une mobilisation transparente des ressources\"}]},{\"@type\":\"WebSite\",\"@id\":\"https:\/\/www.africa-press.net\/niger\/#website\",\"url\":\"https:\/\/www.africa-press.net\/niger\/\",\"name\":\"niger\",\"description\":\"Just another Africa News Agency Sites site\",\"potentialAction\":[{\"@type\":\"SearchAction\",\"target\":{\"@type\":\"EntryPoint\",\"urlTemplate\":\"https:\/\/www.africa-press.net\/niger\/?s={search_term_string}\"},\"query-input\":{\"@type\":\"PropertyValueSpecification\",\"valueRequired\":true,\"valueName\":\"search_term_string\"}}],\"inLanguage\":\"fr-FR\"},{\"@type\":\"Person\",\"@id\":\"https:\/\/www.africa-press.net\/niger\/#\/schema\/person\/2b1cf3cd81a31e3cd26889ca66d677f1\",\"name\":\"cfeditorfr\"}]}<\/script>\n<!-- \/ Yoast SEO Premium plugin. -->","yoast_head_json":{"title":"Lancement de la 2\u00e8me \u00e9dition de la journ\u00e9e de sensibilisation sur la plateforme e-SECeF : D\u00e9mat\u00e9rialisation du syst\u00e8me fiscal pour une mobilisation transparente des ressources - niger","description":"Le Directeur Ge\u0301ne\u0301ral adjoint des Impo\u0302ts, M. Yacouba Niandou a proce\u0301de\u0301, hier 15 fe\u0301vrier 2024, au lancement de la de ...","robots":{"index":"index","follow":"follow","max-snippet":"max-snippet:-1","max-image-preview":"max-image-preview:large","max-video-preview":"max-video-preview:-1"},"canonical":"https:\/\/www.africa-press.net\/niger\/economie\/lancement-de-la-2eme-edition-de-la-journee-de-sensibilisation-sur-la-plateforme-e-secef-dematerialisation-du-systeme-fiscal-pour-une-mobilisation-transparente-des-ressources","og_locale":"fr_FR","og_type":"article","og_title":"Lancement de la 2\u00e8me \u00e9dition de la journ\u00e9e de sensibilisation sur la plateforme e-SECeF : D\u00e9mat\u00e9rialisation du syst\u00e8me fiscal pour une mobilisation transparente des ressources","og_description":"Le Directeur Ge\u0301ne\u0301ral adjoint des Impo\u0302ts, M. Yacouba Niandou a proce\u0301de\u0301, hier 15 fe\u0301vrier 2024, au lancement de la de ...","og_url":"https:\/\/www.africa-press.net\/niger\/economie\/lancement-de-la-2eme-edition-de-la-journee-de-sensibilisation-sur-la-plateforme-e-secef-dematerialisation-du-systeme-fiscal-pour-une-mobilisation-transparente-des-ressources","og_site_name":"niger","article_published_time":"2024-02-17T16:42:00+00:00","article_modified_time":"2024-02-17T17:57:36+00:00","og_image":[{"width":1024,"height":683,"url":"https:\/\/static.africa-press.net\/niger\/sites\/40\/2024\/02\/sm_1708179129.369603.jpg","type":"image\/jpeg"}],"author":"cfeditorfr","twitter_card":"summary_large_image","twitter_misc":{"\u00c9crit par":"cfeditorfr","Dur\u00e9e de lecture estim\u00e9e":"2 minutes"},"schema":{"@context":"https:\/\/schema.org","@graph":[{"@type":"Article","@id":"https:\/\/www.africa-press.net\/niger\/economie\/lancement-de-la-2eme-edition-de-la-journee-de-sensibilisation-sur-la-plateforme-e-secef-dematerialisation-du-systeme-fiscal-pour-une-mobilisation-transparente-des-ressources#article","isPartOf":{"@id":"https:\/\/www.africa-press.net\/niger\/economie\/lancement-de-la-2eme-edition-de-la-journee-de-sensibilisation-sur-la-plateforme-e-secef-dematerialisation-du-systeme-fiscal-pour-une-mobilisation-transparente-des-ressources"},"author":{"name":"cfeditorfr","@id":"https:\/\/www.africa-press.net\/niger\/#\/schema\/person\/2b1cf3cd81a31e3cd26889ca66d677f1"},"headline":"Lancement de la 2\u00e8me \u00e9dition de la journ\u00e9e de sensibilisation sur la plateforme e-SECeF : D\u00e9mat\u00e9rialisation du syst\u00e8me fiscal pour une mobilisation transparente des ressources","datePublished":"2024-02-17T16:42:00+00:00","dateModified":"2024-02-17T17:57:36+00:00","mainEntityOfPage":{"@id":"https:\/\/www.africa-press.net\/niger\/economie\/lancement-de-la-2eme-edition-de-la-journee-de-sensibilisation-sur-la-plateforme-e-secef-dematerialisation-du-systeme-fiscal-pour-une-mobilisation-transparente-des-ressources"},"wordCount":455,"commentCount":0,"image":{"@id":"https:\/\/www.africa-press.net\/niger\/economie\/lancement-de-la-2eme-edition-de-la-journee-de-sensibilisation-sur-la-plateforme-e-secef-dematerialisation-du-systeme-fiscal-pour-une-mobilisation-transparente-des-ressources#primaryimage"},"thumbnailUrl":"https:\/\/static.africa-press.net\/niger\/sites\/40\/2024\/02\/sm_1708179129.369603.jpg","keywords":["Africa Press","Africa Press-Niger","Niger"],"articleSection":["\u00c9conomie","Toutes les actualit\u00e9s"],"inLanguage":"fr-FR","potentialAction":[{"@type":"CommentAction","name":"Comment","target":["https:\/\/www.africa-press.net\/niger\/economie\/lancement-de-la-2eme-edition-de-la-journee-de-sensibilisation-sur-la-plateforme-e-secef-dematerialisation-du-systeme-fiscal-pour-une-mobilisation-transparente-des-ressources#respond"]}]},{"@type":"WebPage","@id":"https:\/\/www.africa-press.net\/niger\/economie\/lancement-de-la-2eme-edition-de-la-journee-de-sensibilisation-sur-la-plateforme-e-secef-dematerialisation-du-systeme-fiscal-pour-une-mobilisation-transparente-des-ressources","url":"https:\/\/www.africa-press.net\/niger\/economie\/lancement-de-la-2eme-edition-de-la-journee-de-sensibilisation-sur-la-plateforme-e-secef-dematerialisation-du-systeme-fiscal-pour-une-mobilisation-transparente-des-ressources","name":"Lancement de la 2\u00e8me \u00e9dition de la journ\u00e9e de sensibilisation sur la plateforme e-SECeF : D\u00e9mat\u00e9rialisation du syst\u00e8me fiscal pour une mobilisation transparente des ressources - niger","isPartOf":{"@id":"https:\/\/www.africa-press.net\/niger\/#website"},"primaryImageOfPage":{"@id":"https:\/\/www.africa-press.net\/niger\/economie\/lancement-de-la-2eme-edition-de-la-journee-de-sensibilisation-sur-la-plateforme-e-secef-dematerialisation-du-systeme-fiscal-pour-une-mobilisation-transparente-des-ressources#primaryimage"},"image":{"@id":"https:\/\/www.africa-press.net\/niger\/economie\/lancement-de-la-2eme-edition-de-la-journee-de-sensibilisation-sur-la-plateforme-e-secef-dematerialisation-du-systeme-fiscal-pour-une-mobilisation-transparente-des-ressources#primaryimage"},"thumbnailUrl":"https:\/\/static.africa-press.net\/niger\/sites\/40\/2024\/02\/sm_1708179129.369603.jpg","datePublished":"2024-02-17T16:42:00+00:00","dateModified":"2024-02-17T17:57:36+00:00","author":{"@id":"https:\/\/www.africa-press.net\/niger\/#\/schema\/person\/2b1cf3cd81a31e3cd26889ca66d677f1"},"description":"Le Directeur Ge\u0301ne\u0301ral adjoint des Impo\u0302ts, M. Yacouba Niandou a proce\u0301de\u0301, hier 15 fe\u0301vrier 2024, au lancement de la de ...","breadcrumb":{"@id":"https:\/\/www.africa-press.net\/niger\/economie\/lancement-de-la-2eme-edition-de-la-journee-de-sensibilisation-sur-la-plateforme-e-secef-dematerialisation-du-systeme-fiscal-pour-une-mobilisation-transparente-des-ressources#breadcrumb"},"inLanguage":"fr-FR","potentialAction":[{"@type":"ReadAction","target":["https:\/\/www.africa-press.net\/niger\/economie\/lancement-de-la-2eme-edition-de-la-journee-de-sensibilisation-sur-la-plateforme-e-secef-dematerialisation-du-systeme-fiscal-pour-une-mobilisation-transparente-des-ressources"]}]},{"@type":"ImageObject","inLanguage":"fr-FR","@id":"https:\/\/www.africa-press.net\/niger\/economie\/lancement-de-la-2eme-edition-de-la-journee-de-sensibilisation-sur-la-plateforme-e-secef-dematerialisation-du-systeme-fiscal-pour-une-mobilisation-transparente-des-ressources#primaryimage","url":"https:\/\/static.africa-press.net\/niger\/sites\/40\/2024\/02\/sm_1708179129.369603.jpg","contentUrl":"https:\/\/static.africa-press.net\/niger\/sites\/40\/2024\/02\/sm_1708179129.369603.jpg","width":1024,"height":683,"caption":"Lancement de la 2\u00e8me \u00e9dition de la journ\u00e9e de sensibilisation sur la plateforme e-SECeF : D\u00e9mat\u00e9rialisation du syst\u00e8me fiscal pour une mobilisation transparente des ressources"},{"@type":"BreadcrumbList","@id":"https:\/\/www.africa-press.net\/niger\/economie\/lancement-de-la-2eme-edition-de-la-journee-de-sensibilisation-sur-la-plateforme-e-secef-dematerialisation-du-systeme-fiscal-pour-une-mobilisation-transparente-des-ressources#breadcrumb","itemListElement":[{"@type":"ListItem","position":1,"name":"Accueil","item":"https:\/\/www.africa-press.net\/niger\/"},{"@type":"ListItem","position":2,"name":"Lancement de la 2\u00e8me \u00e9dition de la journ\u00e9e de sensibilisation sur la plateforme e-SECeF : D\u00e9mat\u00e9rialisation du syst\u00e8me fiscal pour une mobilisation transparente des ressources"}]},{"@type":"WebSite","@id":"https:\/\/www.africa-press.net\/niger\/#website","url":"https:\/\/www.africa-press.net\/niger\/","name":"niger","description":"Just another Africa News Agency Sites site","potentialAction":[{"@type":"SearchAction","target":{"@type":"EntryPoint","urlTemplate":"https:\/\/www.africa-press.net\/niger\/?s={search_term_string}"},"query-input":{"@type":"PropertyValueSpecification","valueRequired":true,"valueName":"search_term_string"}}],"inLanguage":"fr-FR"},{"@type":"Person","@id":"https:\/\/www.africa-press.net\/niger\/#\/schema\/person\/2b1cf3cd81a31e3cd26889ca66d677f1","name":"cfeditorfr"}]}},"_links":{"self":[{"href":"https:\/\/www.africa-press.net\/niger\/wp-json\/wp\/v2\/posts\/58743","targetHints":{"allow":["GET"]}}],"collection":[{"href":"https:\/\/www.africa-press.net\/niger\/wp-json\/wp\/v2\/posts"}],"about":[{"href":"https:\/\/www.africa-press.net\/niger\/wp-json\/wp\/v2\/types\/post"}],"author":[{"embeddable":true,"href":"https:\/\/www.africa-press.net\/niger\/wp-json\/wp\/v2\/users\/82"}],"replies":[{"embeddable":true,"href":"https:\/\/www.africa-press.net\/niger\/wp-json\/wp\/v2\/comments?post=58743"}],"version-history":[{"count":0,"href":"https:\/\/www.africa-press.net\/niger\/wp-json\/wp\/v2\/posts\/58743\/revisions"}],"wp:featuredmedia":[{"embeddable":true,"href":"https:\/\/www.africa-press.net\/niger\/wp-json\/wp\/v2\/media\/58742"}],"wp:attachment":[{"href":"https:\/\/www.africa-press.net\/niger\/wp-json\/wp\/v2\/media?parent=58743"}],"wp:term":[{"taxonomy":"category","embeddable":true,"href":"https:\/\/www.africa-press.net\/niger\/wp-json\/wp\/v2\/categories?post=58743"},{"taxonomy":"post_tag","embeddable":true,"href":"https:\/\/www.africa-press.net\/niger\/wp-json\/wp\/v2\/tags?post=58743"}],"curies":[{"name":"wp","href":"https:\/\/api.w.org\/{rel}","templated":true}]}}