{"id":58745,"date":"2024-02-17T16:42:22","date_gmt":"2024-02-17T16:42:22","guid":{"rendered":"https:\/\/www.africa-press.net\/niger\/politique\/audience-a-la-presidence-de-la-republique-le-chef-de-letat-a-recu-le-president-de-la-communaute-arabe-de-diffa"},"modified":"2024-02-17T17:58:31","modified_gmt":"2024-02-17T17:58:31","slug":"audience-a-la-presidence-de-la-republique-le-chef-de-letat-a-recu-le-president-de-la-communaute-arabe-de-diffa","status":"publish","type":"post","link":"https:\/\/www.africa-press.net\/niger\/politique\/audience-a-la-presidence-de-la-republique-le-chef-de-letat-a-recu-le-president-de-la-communaute-arabe-de-diffa","title":{"rendered":"Audience \u00e0 la pr\u00e9sidence de la R\u00e9publique : Le Chef de l\u2019Etat a re\u00e7u le pr\u00e9sident de la Communaut\u00e9 Arabe de Diffa"},"content":{"rendered":"<p><span style=\"color: #ff6600\"><strong>Africa-Press &#8211; Niger. <\/strong><\/span>Le Pre\u0301sident du Conseil National pour la Sauvegarde de la Patrie, Chef de l\u2019Etat, le Ge\u0301ne\u0301ral de Brigade Abdourahamane Tiani, a rec\u0327u en audience le vendredi 16 fe\u0301vrier 2024 a\u0300 la pre\u0301sidence de la Re\u0301publique, le Pre\u0301sident de la Communaute\u0301 Arabe de Diffa venu apporter son soutien au Conseil National pour la Sauvegarde de la Patrie (CNSP), et par la me\u0302me occasion faire part, au Chef de l\u2019Etat, des inquie\u0301tudes de cette population.<\/p>\n<p>Le pre\u0301sident de la communaute\u0301 arabe de Diffa M. Issa Alkali a, lors de son entretien avec le chef de l\u2019Etat, manifeste\u0301 sa joie et reconnaissance suite au de\u0301part des forces franc\u0327aises du territoire nige\u0301rien.<\/p>\n<p>\u00ab Nous sommes venus remercier le Chef de l\u2019Etat, le Ge\u0301ne\u0301ral de Brigade Abdourahamane Tiani, pour son initiative mise en \u0153uvre afin de faire partir les forces franc\u0327aises. Cependant, bien que cette force franc\u0327aise soit partie, nous observons la pre\u0301sence de quelques-uns a\u0300 l\u2019est de diffa et cette pre\u0301sence peut constituer une menace pour la stabilite\u0301 de la re\u0301gion \u00bb, a exprime\u0301 M. Issa Alkali.<\/p>\n<p>&nbsp;<\/p>\n<p><strong>Pour plus d&rsquo;informations et d&rsquo;analyses sur la <a href=\"https:\/\/www.africa-press.net\/niger\">Niger<\/a>, suivez <a href=\"https:\/\/www.africa-press.net\/\">Africa-Press<\/a><\/strong><\/p>\n","protected":false},"excerpt":{"rendered":"<p>Africa-Press &#8211; Niger. Le Pre\u0301sident du Conseil National pour la Sauvegarde de la Patrie, Chef de l\u2019Etat, le Ge\u0301ne\u0301ral de Brigade Abdourahamane Tiani, a rec\u0327u en audience le vendredi 16 fe\u0301vrier 2024 a\u0300 la pre\u0301sidence de la Re\u0301publique, le Pre\u0301sident de la Communaute\u0301 Arabe de Diffa venu apporter son soutien au Conseil National pour la [&hellip;]<\/p>\n","protected":false},"author":82,"featured_media":58744,"comment_status":"open","ping_status":"closed","sticky":false,"template":"","format":"standard","meta":{"footnotes":""},"categories":[2,10],"tags":[55,60,29],"class_list":["post-58745","post","type-post","status-publish","format-standard","has-post-thumbnail","hentry","category-politique","category-toutes-les-actualites","tag-africa-press","tag-africa-press-niger","tag-niger"],"yoast_head":"<!-- This site is optimized with the Yoast SEO Premium plugin v26.1 (Yoast SEO v27.0) - https:\/\/yoast.com\/product\/yoast-seo-premium-wordpress\/ -->\n<title>Audience \u00e0 la pr\u00e9sidence de la R\u00e9publique : Le Chef de l\u2019Etat a re\u00e7u le pr\u00e9sident de la Communaut\u00e9 Arabe de Diffa - niger<\/title>\n<meta name=\"description\" content=\"Le Pre\u0301sident du Conseil National pour la Sauvegarde de la Patrie, Chef de l\u2019Etat, le Ge\u0301ne\u0301ral de Brigade Abdourahamane ...\" \/>\n<meta name=\"robots\" content=\"index, follow, max-snippet:-1, max-image-preview:large, max-video-preview:-1\" \/>\n<link rel=\"canonical\" href=\"https:\/\/www.africa-press.net\/niger\/politique\/audience-a-la-presidence-de-la-republique-le-chef-de-letat-a-recu-le-president-de-la-communaute-arabe-de-diffa\" \/>\n<meta property=\"og:locale\" content=\"fr_FR\" \/>\n<meta property=\"og:type\" content=\"article\" \/>\n<meta property=\"og:title\" content=\"Audience \u00e0 la pr\u00e9sidence de la R\u00e9publique : Le Chef de l\u2019Etat a re\u00e7u le pr\u00e9sident de la Communaut\u00e9 Arabe de Diffa\" \/>\n<meta property=\"og:description\" content=\"Le Pre\u0301sident du Conseil National pour la Sauvegarde de la Patrie, Chef de l\u2019Etat, le Ge\u0301ne\u0301ral de Brigade Abdourahamane ...\" \/>\n<meta property=\"og:url\" content=\"https:\/\/www.africa-press.net\/niger\/politique\/audience-a-la-presidence-de-la-republique-le-chef-de-letat-a-recu-le-president-de-la-communaute-arabe-de-diffa\" \/>\n<meta property=\"og:site_name\" content=\"niger\" \/>\n<meta property=\"article:published_time\" content=\"2024-02-17T16:42:22+00:00\" \/>\n<meta property=\"article:modified_time\" content=\"2024-02-17T17:58:31+00:00\" \/>\n<meta property=\"og:image\" content=\"https:\/\/static.africa-press.net\/niger\/sites\/40\/2024\/02\/sm_1708179142.958922.jpg\" \/>\n\t<meta property=\"og:image:width\" content=\"800\" \/>\n\t<meta property=\"og:image:height\" content=\"533\" \/>\n\t<meta property=\"og:image:type\" content=\"image\/jpeg\" \/>\n<meta name=\"author\" content=\"cfeditorfr\" \/>\n<meta name=\"twitter:card\" content=\"summary_large_image\" \/>\n<meta name=\"twitter:label1\" content=\"\u00c9crit par\" \/>\n\t<meta name=\"twitter:data1\" content=\"cfeditorfr\" \/>\n\t<meta name=\"twitter:label2\" content=\"Dur\u00e9e de lecture estim\u00e9e\" \/>\n\t<meta name=\"twitter:data2\" content=\"2 minutes\" \/>\n<script type=\"application\/ld+json\" class=\"yoast-schema-graph\">{\"@context\":\"https:\/\/schema.org\",\"@graph\":[{\"@type\":\"Article\",\"@id\":\"https:\/\/www.africa-press.net\/niger\/politique\/audience-a-la-presidence-de-la-republique-le-chef-de-letat-a-recu-le-president-de-la-communaute-arabe-de-diffa#article\",\"isPartOf\":{\"@id\":\"https:\/\/www.africa-press.net\/niger\/politique\/audience-a-la-presidence-de-la-republique-le-chef-de-letat-a-recu-le-president-de-la-communaute-arabe-de-diffa\"},\"author\":{\"name\":\"cfeditorfr\",\"@id\":\"https:\/\/www.africa-press.net\/niger\/#\/schema\/person\/2b1cf3cd81a31e3cd26889ca66d677f1\"},\"headline\":\"Audience \u00e0 la pr\u00e9sidence de la R\u00e9publique : Le Chef de l\u2019Etat a re\u00e7u le pr\u00e9sident de la Communaut\u00e9 Arabe de Diffa\",\"datePublished\":\"2024-02-17T16:42:22+00:00\",\"dateModified\":\"2024-02-17T17:58:31+00:00\",\"mainEntityOfPage\":{\"@id\":\"https:\/\/www.africa-press.net\/niger\/politique\/audience-a-la-presidence-de-la-republique-le-chef-de-letat-a-recu-le-president-de-la-communaute-arabe-de-diffa\"},\"wordCount\":236,\"commentCount\":0,\"image\":{\"@id\":\"https:\/\/www.africa-press.net\/niger\/politique\/audience-a-la-presidence-de-la-republique-le-chef-de-letat-a-recu-le-president-de-la-communaute-arabe-de-diffa#primaryimage\"},\"thumbnailUrl\":\"https:\/\/static.africa-press.net\/niger\/sites\/40\/2024\/02\/sm_1708179142.958922.jpg\",\"keywords\":[\"Africa Press\",\"Africa Press-Niger\",\"Niger\"],\"articleSection\":[\"Politique\",\"Toutes les actualit\u00e9s\"],\"inLanguage\":\"fr-FR\",\"potentialAction\":[{\"@type\":\"CommentAction\",\"name\":\"Comment\",\"target\":[\"https:\/\/www.africa-press.net\/niger\/politique\/audience-a-la-presidence-de-la-republique-le-chef-de-letat-a-recu-le-president-de-la-communaute-arabe-de-diffa#respond\"]}]},{\"@type\":\"WebPage\",\"@id\":\"https:\/\/www.africa-press.net\/niger\/politique\/audience-a-la-presidence-de-la-republique-le-chef-de-letat-a-recu-le-president-de-la-communaute-arabe-de-diffa\",\"url\":\"https:\/\/www.africa-press.net\/niger\/politique\/audience-a-la-presidence-de-la-republique-le-chef-de-letat-a-recu-le-president-de-la-communaute-arabe-de-diffa\",\"name\":\"Audience \u00e0 la pr\u00e9sidence de la R\u00e9publique : Le Chef de l\u2019Etat a re\u00e7u le pr\u00e9sident de la Communaut\u00e9 Arabe de Diffa - niger\",\"isPartOf\":{\"@id\":\"https:\/\/www.africa-press.net\/niger\/#website\"},\"primaryImageOfPage\":{\"@id\":\"https:\/\/www.africa-press.net\/niger\/politique\/audience-a-la-presidence-de-la-republique-le-chef-de-letat-a-recu-le-president-de-la-communaute-arabe-de-diffa#primaryimage\"},\"image\":{\"@id\":\"https:\/\/www.africa-press.net\/niger\/politique\/audience-a-la-presidence-de-la-republique-le-chef-de-letat-a-recu-le-president-de-la-communaute-arabe-de-diffa#primaryimage\"},\"thumbnailUrl\":\"https:\/\/static.africa-press.net\/niger\/sites\/40\/2024\/02\/sm_1708179142.958922.jpg\",\"datePublished\":\"2024-02-17T16:42:22+00:00\",\"dateModified\":\"2024-02-17T17:58:31+00:00\",\"author\":{\"@id\":\"https:\/\/www.africa-press.net\/niger\/#\/schema\/person\/2b1cf3cd81a31e3cd26889ca66d677f1\"},\"description\":\"Le Pre\u0301sident du Conseil National pour la Sauvegarde de la Patrie, Chef de l\u2019Etat, le Ge\u0301ne\u0301ral de Brigade Abdourahamane ...\",\"breadcrumb\":{\"@id\":\"https:\/\/www.africa-press.net\/niger\/politique\/audience-a-la-presidence-de-la-republique-le-chef-de-letat-a-recu-le-president-de-la-communaute-arabe-de-diffa#breadcrumb\"},\"inLanguage\":\"fr-FR\",\"potentialAction\":[{\"@type\":\"ReadAction\",\"target\":[\"https:\/\/www.africa-press.net\/niger\/politique\/audience-a-la-presidence-de-la-republique-le-chef-de-letat-a-recu-le-president-de-la-communaute-arabe-de-diffa\"]}]},{\"@type\":\"ImageObject\",\"inLanguage\":\"fr-FR\",\"@id\":\"https:\/\/www.africa-press.net\/niger\/politique\/audience-a-la-presidence-de-la-republique-le-chef-de-letat-a-recu-le-president-de-la-communaute-arabe-de-diffa#primaryimage\",\"url\":\"https:\/\/static.africa-press.net\/niger\/sites\/40\/2024\/02\/sm_1708179142.958922.jpg\",\"contentUrl\":\"https:\/\/static.africa-press.net\/niger\/sites\/40\/2024\/02\/sm_1708179142.958922.jpg\",\"width\":800,\"height\":533,\"caption\":\"Audience \u00e0 la pr\u00e9sidence de la R\u00e9publique : Le Chef de l\u2019Etat a re\u00e7u le pr\u00e9sident de la Communaut\u00e9 Arabe de Diffa\"},{\"@type\":\"BreadcrumbList\",\"@id\":\"https:\/\/www.africa-press.net\/niger\/politique\/audience-a-la-presidence-de-la-republique-le-chef-de-letat-a-recu-le-president-de-la-communaute-arabe-de-diffa#breadcrumb\",\"itemListElement\":[{\"@type\":\"ListItem\",\"position\":1,\"name\":\"Accueil\",\"item\":\"https:\/\/www.africa-press.net\/niger\/\"},{\"@type\":\"ListItem\",\"position\":2,\"name\":\"Audience \u00e0 la pr\u00e9sidence de la R\u00e9publique : Le Chef de l\u2019Etat a re\u00e7u le pr\u00e9sident de la Communaut\u00e9 Arabe de Diffa\"}]},{\"@type\":\"WebSite\",\"@id\":\"https:\/\/www.africa-press.net\/niger\/#website\",\"url\":\"https:\/\/www.africa-press.net\/niger\/\",\"name\":\"niger\",\"description\":\"Just another Africa News Agency Sites site\",\"potentialAction\":[{\"@type\":\"SearchAction\",\"target\":{\"@type\":\"EntryPoint\",\"urlTemplate\":\"https:\/\/www.africa-press.net\/niger\/?s={search_term_string}\"},\"query-input\":{\"@type\":\"PropertyValueSpecification\",\"valueRequired\":true,\"valueName\":\"search_term_string\"}}],\"inLanguage\":\"fr-FR\"},{\"@type\":\"Person\",\"@id\":\"https:\/\/www.africa-press.net\/niger\/#\/schema\/person\/2b1cf3cd81a31e3cd26889ca66d677f1\",\"name\":\"cfeditorfr\"}]}<\/script>\n<!-- \/ Yoast SEO Premium plugin. -->","yoast_head_json":{"title":"Audience \u00e0 la pr\u00e9sidence de la R\u00e9publique : Le Chef de l\u2019Etat a re\u00e7u le pr\u00e9sident de la Communaut\u00e9 Arabe de Diffa - niger","description":"Le Pre\u0301sident du Conseil National pour la Sauvegarde de la Patrie, Chef de l\u2019Etat, le Ge\u0301ne\u0301ral de Brigade Abdourahamane ...","robots":{"index":"index","follow":"follow","max-snippet":"max-snippet:-1","max-image-preview":"max-image-preview:large","max-video-preview":"max-video-preview:-1"},"canonical":"https:\/\/www.africa-press.net\/niger\/politique\/audience-a-la-presidence-de-la-republique-le-chef-de-letat-a-recu-le-president-de-la-communaute-arabe-de-diffa","og_locale":"fr_FR","og_type":"article","og_title":"Audience \u00e0 la pr\u00e9sidence de la R\u00e9publique : Le Chef de l\u2019Etat a re\u00e7u le pr\u00e9sident de la Communaut\u00e9 Arabe de Diffa","og_description":"Le Pre\u0301sident du Conseil National pour la Sauvegarde de la Patrie, Chef de l\u2019Etat, le Ge\u0301ne\u0301ral de Brigade Abdourahamane ...","og_url":"https:\/\/www.africa-press.net\/niger\/politique\/audience-a-la-presidence-de-la-republique-le-chef-de-letat-a-recu-le-president-de-la-communaute-arabe-de-diffa","og_site_name":"niger","article_published_time":"2024-02-17T16:42:22+00:00","article_modified_time":"2024-02-17T17:58:31+00:00","og_image":[{"width":800,"height":533,"url":"https:\/\/static.africa-press.net\/niger\/sites\/40\/2024\/02\/sm_1708179142.958922.jpg","type":"image\/jpeg"}],"author":"cfeditorfr","twitter_card":"summary_large_image","twitter_misc":{"\u00c9crit par":"cfeditorfr","Dur\u00e9e de lecture estim\u00e9e":"2 minutes"},"schema":{"@context":"https:\/\/schema.org","@graph":[{"@type":"Article","@id":"https:\/\/www.africa-press.net\/niger\/politique\/audience-a-la-presidence-de-la-republique-le-chef-de-letat-a-recu-le-president-de-la-communaute-arabe-de-diffa#article","isPartOf":{"@id":"https:\/\/www.africa-press.net\/niger\/politique\/audience-a-la-presidence-de-la-republique-le-chef-de-letat-a-recu-le-president-de-la-communaute-arabe-de-diffa"},"author":{"name":"cfeditorfr","@id":"https:\/\/www.africa-press.net\/niger\/#\/schema\/person\/2b1cf3cd81a31e3cd26889ca66d677f1"},"headline":"Audience \u00e0 la pr\u00e9sidence de la R\u00e9publique : Le Chef de l\u2019Etat a re\u00e7u le pr\u00e9sident de la Communaut\u00e9 Arabe de Diffa","datePublished":"2024-02-17T16:42:22+00:00","dateModified":"2024-02-17T17:58:31+00:00","mainEntityOfPage":{"@id":"https:\/\/www.africa-press.net\/niger\/politique\/audience-a-la-presidence-de-la-republique-le-chef-de-letat-a-recu-le-president-de-la-communaute-arabe-de-diffa"},"wordCount":236,"commentCount":0,"image":{"@id":"https:\/\/www.africa-press.net\/niger\/politique\/audience-a-la-presidence-de-la-republique-le-chef-de-letat-a-recu-le-president-de-la-communaute-arabe-de-diffa#primaryimage"},"thumbnailUrl":"https:\/\/static.africa-press.net\/niger\/sites\/40\/2024\/02\/sm_1708179142.958922.jpg","keywords":["Africa Press","Africa Press-Niger","Niger"],"articleSection":["Politique","Toutes les actualit\u00e9s"],"inLanguage":"fr-FR","potentialAction":[{"@type":"CommentAction","name":"Comment","target":["https:\/\/www.africa-press.net\/niger\/politique\/audience-a-la-presidence-de-la-republique-le-chef-de-letat-a-recu-le-president-de-la-communaute-arabe-de-diffa#respond"]}]},{"@type":"WebPage","@id":"https:\/\/www.africa-press.net\/niger\/politique\/audience-a-la-presidence-de-la-republique-le-chef-de-letat-a-recu-le-president-de-la-communaute-arabe-de-diffa","url":"https:\/\/www.africa-press.net\/niger\/politique\/audience-a-la-presidence-de-la-republique-le-chef-de-letat-a-recu-le-president-de-la-communaute-arabe-de-diffa","name":"Audience \u00e0 la pr\u00e9sidence de la R\u00e9publique : Le Chef de l\u2019Etat a re\u00e7u le pr\u00e9sident de la Communaut\u00e9 Arabe de Diffa - niger","isPartOf":{"@id":"https:\/\/www.africa-press.net\/niger\/#website"},"primaryImageOfPage":{"@id":"https:\/\/www.africa-press.net\/niger\/politique\/audience-a-la-presidence-de-la-republique-le-chef-de-letat-a-recu-le-president-de-la-communaute-arabe-de-diffa#primaryimage"},"image":{"@id":"https:\/\/www.africa-press.net\/niger\/politique\/audience-a-la-presidence-de-la-republique-le-chef-de-letat-a-recu-le-president-de-la-communaute-arabe-de-diffa#primaryimage"},"thumbnailUrl":"https:\/\/static.africa-press.net\/niger\/sites\/40\/2024\/02\/sm_1708179142.958922.jpg","datePublished":"2024-02-17T16:42:22+00:00","dateModified":"2024-02-17T17:58:31+00:00","author":{"@id":"https:\/\/www.africa-press.net\/niger\/#\/schema\/person\/2b1cf3cd81a31e3cd26889ca66d677f1"},"description":"Le Pre\u0301sident du Conseil National pour la Sauvegarde de la Patrie, Chef de l\u2019Etat, le Ge\u0301ne\u0301ral de Brigade Abdourahamane ...","breadcrumb":{"@id":"https:\/\/www.africa-press.net\/niger\/politique\/audience-a-la-presidence-de-la-republique-le-chef-de-letat-a-recu-le-president-de-la-communaute-arabe-de-diffa#breadcrumb"},"inLanguage":"fr-FR","potentialAction":[{"@type":"ReadAction","target":["https:\/\/www.africa-press.net\/niger\/politique\/audience-a-la-presidence-de-la-republique-le-chef-de-letat-a-recu-le-president-de-la-communaute-arabe-de-diffa"]}]},{"@type":"ImageObject","inLanguage":"fr-FR","@id":"https:\/\/www.africa-press.net\/niger\/politique\/audience-a-la-presidence-de-la-republique-le-chef-de-letat-a-recu-le-president-de-la-communaute-arabe-de-diffa#primaryimage","url":"https:\/\/static.africa-press.net\/niger\/sites\/40\/2024\/02\/sm_1708179142.958922.jpg","contentUrl":"https:\/\/static.africa-press.net\/niger\/sites\/40\/2024\/02\/sm_1708179142.958922.jpg","width":800,"height":533,"caption":"Audience \u00e0 la pr\u00e9sidence de la R\u00e9publique : Le Chef de l\u2019Etat a re\u00e7u le pr\u00e9sident de la Communaut\u00e9 Arabe de Diffa"},{"@type":"BreadcrumbList","@id":"https:\/\/www.africa-press.net\/niger\/politique\/audience-a-la-presidence-de-la-republique-le-chef-de-letat-a-recu-le-president-de-la-communaute-arabe-de-diffa#breadcrumb","itemListElement":[{"@type":"ListItem","position":1,"name":"Accueil","item":"https:\/\/www.africa-press.net\/niger\/"},{"@type":"ListItem","position":2,"name":"Audience \u00e0 la pr\u00e9sidence de la R\u00e9publique : Le Chef de l\u2019Etat a re\u00e7u le pr\u00e9sident de la Communaut\u00e9 Arabe de Diffa"}]},{"@type":"WebSite","@id":"https:\/\/www.africa-press.net\/niger\/#website","url":"https:\/\/www.africa-press.net\/niger\/","name":"niger","description":"Just another Africa News Agency Sites site","potentialAction":[{"@type":"SearchAction","target":{"@type":"EntryPoint","urlTemplate":"https:\/\/www.africa-press.net\/niger\/?s={search_term_string}"},"query-input":{"@type":"PropertyValueSpecification","valueRequired":true,"valueName":"search_term_string"}}],"inLanguage":"fr-FR"},{"@type":"Person","@id":"https:\/\/www.africa-press.net\/niger\/#\/schema\/person\/2b1cf3cd81a31e3cd26889ca66d677f1","name":"cfeditorfr"}]}},"_links":{"self":[{"href":"https:\/\/www.africa-press.net\/niger\/wp-json\/wp\/v2\/posts\/58745","targetHints":{"allow":["GET"]}}],"collection":[{"href":"https:\/\/www.africa-press.net\/niger\/wp-json\/wp\/v2\/posts"}],"about":[{"href":"https:\/\/www.africa-press.net\/niger\/wp-json\/wp\/v2\/types\/post"}],"author":[{"embeddable":true,"href":"https:\/\/www.africa-press.net\/niger\/wp-json\/wp\/v2\/users\/82"}],"replies":[{"embeddable":true,"href":"https:\/\/www.africa-press.net\/niger\/wp-json\/wp\/v2\/comments?post=58745"}],"version-history":[{"count":0,"href":"https:\/\/www.africa-press.net\/niger\/wp-json\/wp\/v2\/posts\/58745\/revisions"}],"wp:featuredmedia":[{"embeddable":true,"href":"https:\/\/www.africa-press.net\/niger\/wp-json\/wp\/v2\/media\/58744"}],"wp:attachment":[{"href":"https:\/\/www.africa-press.net\/niger\/wp-json\/wp\/v2\/media?parent=58745"}],"wp:term":[{"taxonomy":"category","embeddable":true,"href":"https:\/\/www.africa-press.net\/niger\/wp-json\/wp\/v2\/categories?post=58745"},{"taxonomy":"post_tag","embeddable":true,"href":"https:\/\/www.africa-press.net\/niger\/wp-json\/wp\/v2\/tags?post=58745"}],"curies":[{"name":"wp","href":"https:\/\/api.w.org\/{rel}","templated":true}]}}